{"id":2796,"date":"2009-12-07T13:44:48","date_gmt":"2009-12-07T10:44:48","guid":{"rendered":"http:\/\/localhost\/wordpress\/2009\/12\/07\/aglamak-2\/"},"modified":"2009-12-07T13:44:48","modified_gmt":"2009-12-07T10:44:48","slug":"aglamak-2","status":"publish","type":"post","link":"https:\/\/narteks.net\/index.php\/2009\/12\/07\/aglamak-2\/","title":{"rendered":"A\u011eLAMAK"},"content":{"rendered":"<p>\u00a0<\/p>\n<p>bir elimde \u00f6l\u00fcm ferman\u0131m<br \/>bir elimde sevdam<br \/>birbirine kenetleyip ellerimi <br \/> y\u00fcr\u00fcd\u00fcm<br \/>gecenin bir vaktidir<br \/>kirli sar\u0131 \u0131\u015f\u0131\u011f\u0131 sokak lambalar\u0131n\u0131n<br \/>ve karanl\u0131\u011f\u0131n bilindik s\u00f6zleri<br \/> ard\u0131mdad\u0131r<\/p>\n<p>iz tutmu\u015f duvar diplerinde<br \/>tela\u015fl\u0131 ad\u0131mlar\u0131yla i\u015f\u00e7ilerin<br \/>tedirgin korkulu ak\u0131\u015f\u0131<br \/>ve donup kalm\u0131\u015f ak\u015famlar\u0131<br \/>kap\u0131 \u00f6nlerinden kad\u0131nlar\u0131n<br \/>\u00e7ocuklar\u0131n\u0131 kollar\u0131ndan kap\u0131\u015f\u0131<\/p>\n<p>kentin damar\u0131 sokaklardan <br \/>el ayak \u00e7ekilmi\u015ftir<br \/>kan \u00e7ekilmi\u015ftir<br \/>can \u00e7ekilmi\u015ftir<br \/>atmaz atardamarlar\u0131 kentin<br \/>bu kent istanbul kentidir<br \/>yedi tepesinde yedi han\u00e7er vard\u0131r<br \/>\u00f6yle savrulmaz her r\u00fczgarda<br \/>kolay\u0131na g\u00fclmez<br \/>yas tutuyor etekleri<br \/> ve yaland\u0131r c\u00fcmb\u00fc\u015fl\u00fc \u015fark\u0131larda <br \/>istanbul kenti<\/p>\n<p>kentin sokaklar\u0131nda beni<br \/>ad\u0131m ad\u0131m dola\u015ft\u0131ran nedir<br \/>yaln\u0131zm\u0131 kalmak istiyorum<br \/>kar\u0131\u015fmak m\u0131 yoksa kalabal\u0131\u011fa<\/p>\n<p>belki<br \/>belki de de\u011fil<br \/>ama yads\u0131mak neye yarar<br \/>mutlak seni ar\u0131yorum<br \/>seni direncimin gen\u00e7 anas\u0131<br \/>seni g\u00f6zlerimin karas\u0131<br \/>haz\u0131r k\u0131rm\u0131\u015fken yasaklar\u0131<br \/>ve \u00f6r\u00fclmeden g\u00f6zlerime a\u011flaman\u0131n ay\u0131b\u0131<br \/>ac\u0131n\u0131n \u00e7ocuklar\u0131 gibi<br \/>koyup ba\u015f\u0131m\u0131 g\u00f6\u011fs\u00fcme<br \/>y\u00fcre\u011fimi d\u00f6ke d\u00f6ke<br \/>a\u011flamak istiyorum<br \/>a\u011flamak istiyorum<br \/>a\u011flamak<\/p>\n<p> ( mart 1982)<\/p>\n<p>Nevzat \u00c7EL\u0130K<\/p>\n","protected":false},"excerpt":{"rendered":"<p>\u00a0 bir elimde \u00f6l\u00fcm ferman\u0131mbir elimde sevdambirbirine kenetleyip ellerimi y\u00fcr\u00fcd\u00fcmgecenin bir vaktidirkirli sar\u0131 \u0131\u015f\u0131\u011f\u0131 sokak lambalar\u0131n\u0131nve karanl\u0131\u011f\u0131n bilindik s\u00f6zleri ard\u0131mdad\u0131r iz tutmu\u015f duvar diplerindetela\u015fl\u0131 ad\u0131mlar\u0131yla i\u015f\u00e7ilerintedirgin korkulu ak\u0131\u015f\u0131ve donup kalm\u0131\u015f ak\u015famlar\u0131kap\u0131 \u00f6nlerinden kad\u0131nlar\u0131n\u00e7ocuklar\u0131n\u0131 kollar\u0131ndan kap\u0131\u015f\u0131 kentin damar\u0131 sokaklardan el ayak \u00e7ekilmi\u015ftirkan \u00e7ekilmi\u015ftircan \u00e7ekilmi\u015ftiratmaz atardamarlar\u0131 kentinbu kent istanbul kentidiryedi tepesinde yedi han\u00e7er vard\u0131r\u00f6yle savrulmaz her r\u00fczgardakolay\u0131na [&hellip;]<\/p>\n","protected":false},"author":1,"featured_media":0,"comment_status":"open","ping_status":"open","sticky":false,"template":"","format":"standard","meta":{"footnotes":""},"categories":[25],"tags":[],"class_list":{"0":"post-2796","1":"post","2":"type-post","3":"status-publish","4":"format-standard","6":"category-nevzat-celik"},"yoast_head":"<!-- This site is optimized with the Yoast SEO Premium plugin v24.9 (Yoast SEO v24.9) - https:\/\/yoast.com\/wordpress\/plugins\/seo\/ -->\n<title>A\u011eLAMAK - narteks.net<\/title>\n<meta name=\"robots\" content=\"index, follow, max-snippet:-1, max-image-preview:large, max-video-preview:-1\" \/>\n<link rel=\"canonical\" href=\"https:\/\/narteks.net\/index.php\/2009\/12\/07\/aglamak-2\/\" \/>\n<meta property=\"og:locale\" content=\"tr_TR\" \/>\n<meta property=\"og:type\" content=\"article\" \/>\n<meta property=\"og:title\" content=\"A\u011eLAMAK\" \/>\n<meta property=\"og:description\" content=\"\u00a0 bir elimde \u00f6l\u00fcm ferman\u0131mbir elimde sevdambirbirine kenetleyip ellerimi y\u00fcr\u00fcd\u00fcmgecenin bir vaktidirkirli sar\u0131 \u0131\u015f\u0131\u011f\u0131 sokak lambalar\u0131n\u0131nve karanl\u0131\u011f\u0131n bilindik s\u00f6zleri ard\u0131mdad\u0131r iz tutmu\u015f duvar diplerindetela\u015fl\u0131 ad\u0131mlar\u0131yla i\u015f\u00e7ilerintedirgin korkulu ak\u0131\u015f\u0131ve donup kalm\u0131\u015f ak\u015famlar\u0131kap\u0131 \u00f6nlerinden kad\u0131nlar\u0131n\u00e7ocuklar\u0131n\u0131 kollar\u0131ndan kap\u0131\u015f\u0131 kentin damar\u0131 sokaklardan el ayak \u00e7ekilmi\u015ftirkan \u00e7ekilmi\u015ftircan \u00e7ekilmi\u015ftiratmaz atardamarlar\u0131 kentinbu kent istanbul kentidiryedi tepesinde yedi han\u00e7er vard\u0131r\u00f6yle savrulmaz her r\u00fczgardakolay\u0131na [&hellip;]\" \/>\n<meta property=\"og:url\" content=\"https:\/\/narteks.net\/index.php\/2009\/12\/07\/aglamak-2\/\" \/>\n<meta property=\"og:site_name\" content=\"narteks.net\" \/>\n<meta property=\"article:published_time\" content=\"2009-12-07T10:44:48+00:00\" \/>\n<meta property=\"og:image\" content=\"https:\/\/narteks.net\/wp-content\/uploads\/narteks.png\" \/>\n\t<meta property=\"og:image:width\" content=\"300\" \/>\n\t<meta property=\"og:image:height\" content=\"90\" \/>\n\t<meta property=\"og:image:type\" content=\"image\/png\" \/>\n<meta name=\"author\" content=\"Tar\u0131k\" \/>\n<meta name=\"twitter:card\" content=\"summary_large_image\" \/>\n<meta name=\"twitter:creator\" content=\"@narteks\" \/>\n<meta name=\"twitter:site\" content=\"@narteks\" \/>\n<meta name=\"twitter:label1\" content=\"Yazan:\" \/>\n\t<meta name=\"twitter:data1\" content=\"Tar\u0131k\" \/>\n\t<meta name=\"twitter:label2\" content=\"Tahmini okuma s\u00fcresi\" \/>\n\t<meta name=\"twitter:data2\" content=\"1 dakika\" \/>\n<script type=\"application\/ld+json\" class=\"yoast-schema-graph\">{\"@context\":\"https:\/\/schema.org\",\"@graph\":[{\"@type\":\"Article\",\"@id\":\"https:\/\/narteks.net\/index.php\/2009\/12\/07\/aglamak-2\/#article\",\"isPartOf\":{\"@id\":\"https:\/\/narteks.net\/index.php\/2009\/12\/07\/aglamak-2\/\"},\"author\":{\"name\":\"Tar\u0131k\",\"@id\":\"https:\/\/narteks.net\/#\/schema\/person\/61f37d9834294b72d31d274e7ed79bca\"},\"headline\":\"A\u011eLAMAK\",\"datePublished\":\"2009-12-07T10:44:48+00:00\",\"mainEntityOfPage\":{\"@id\":\"https:\/\/narteks.net\/index.php\/2009\/12\/07\/aglamak-2\/\"},\"wordCount\":178,\"commentCount\":0,\"publisher\":{\"@id\":\"https:\/\/narteks.net\/#organization\"},\"articleSection\":[\"Nevzat \u00c7ELIK\"],\"inLanguage\":\"tr\",\"potentialAction\":[{\"@type\":\"CommentAction\",\"name\":\"Comment\",\"target\":[\"https:\/\/narteks.net\/index.php\/2009\/12\/07\/aglamak-2\/#respond\"]}]},{\"@type\":\"WebPage\",\"@id\":\"https:\/\/narteks.net\/index.php\/2009\/12\/07\/aglamak-2\/\",\"url\":\"https:\/\/narteks.net\/index.php\/2009\/12\/07\/aglamak-2\/\",\"name\":\"A\u011eLAMAK - narteks.net\",\"isPartOf\":{\"@id\":\"https:\/\/narteks.net\/#website\"},\"datePublished\":\"2009-12-07T10:44:48+00:00\",\"breadcrumb\":{\"@id\":\"https:\/\/narteks.net\/index.php\/2009\/12\/07\/aglamak-2\/#breadcrumb\"},\"inLanguage\":\"tr\",\"potentialAction\":[{\"@type\":\"ReadAction\",\"target\":[\"https:\/\/narteks.net\/index.php\/2009\/12\/07\/aglamak-2\/\"]}]},{\"@type\":\"BreadcrumbList\",\"@id\":\"https:\/\/narteks.net\/index.php\/2009\/12\/07\/aglamak-2\/#breadcrumb\",\"itemListElement\":[{\"@type\":\"ListItem\",\"position\":1,\"name\":\"Anasayfa\",\"item\":\"https:\/\/narteks.net\/\"},{\"@type\":\"ListItem\",\"position\":2,\"name\":\"A\u011eLAMAK\"}]},{\"@type\":\"WebSite\",\"@id\":\"https:\/\/narteks.net\/#website\",\"url\":\"https:\/\/narteks.net\/\",\"name\":\"narteks.net\",\"description\":\"K\u00fclt\u00fcr Sanat Edebiyat Felsefe\",\"publisher\":{\"@id\":\"https:\/\/narteks.net\/#organization\"},\"alternateName\":\"K\u00fclt\u00fcr Sanat Edebiyat Felsefe\",\"potentialAction\":[{\"@type\":\"SearchAction\",\"target\":{\"@type\":\"EntryPoint\",\"urlTemplate\":\"https:\/\/narteks.net\/?s={search_term_string}\"},\"query-input\":{\"@type\":\"PropertyValueSpecification\",\"valueRequired\":true,\"valueName\":\"search_term_string\"}}],\"inLanguage\":\"tr\"},{\"@type\":\"Organization\",\"@id\":\"https:\/\/narteks.net\/#organization\",\"name\":\"narteks.net\",\"url\":\"https:\/\/narteks.net\/\",\"logo\":{\"@type\":\"ImageObject\",\"inLanguage\":\"tr\",\"@id\":\"https:\/\/narteks.net\/#\/schema\/logo\/image\/\",\"url\":\"https:\/\/narteks.net\/wp-content\/uploads\/narteks.png\",\"contentUrl\":\"https:\/\/narteks.net\/wp-content\/uploads\/narteks.png\",\"width\":300,\"height\":90,\"caption\":\"narteks.net\"},\"image\":{\"@id\":\"https:\/\/narteks.net\/#\/schema\/logo\/image\/\"},\"sameAs\":[\"https:\/\/x.com\/narteks\",\"https:\/\/instagram.com\/narteksnet\"]},{\"@type\":\"Person\",\"@id\":\"https:\/\/narteks.net\/#\/schema\/person\/61f37d9834294b72d31d274e7ed79bca\",\"name\":\"Tar\u0131k\",\"image\":{\"@type\":\"ImageObject\",\"inLanguage\":\"tr\",\"@id\":\"https:\/\/narteks.net\/#\/schema\/person\/image\/\",\"url\":\"https:\/\/secure.gravatar.com\/avatar\/50865afb55632c4ae467e0af0930f6510aa2297d8014be502a55b14f3b7550cf?s=96&d=mm&r=g\",\"contentUrl\":\"https:\/\/secure.gravatar.com\/avatar\/50865afb55632c4ae467e0af0930f6510aa2297d8014be502a55b14f3b7550cf?s=96&d=mm&r=g\",\"caption\":\"Tar\u0131k\"},\"sameAs\":[\"http:\/\/narteks.net\"],\"url\":\"https:\/\/narteks.net\/index.php\/author\/narbak\/\"}]}<\/script>\n<!-- \/ Yoast SEO Premium plugin. -->","yoast_head_json":{"title":"A\u011eLAMAK - narteks.net","robots":{"index":"index","follow":"follow","max-snippet":"max-snippet:-1","max-image-preview":"max-image-preview:large","max-video-preview":"max-video-preview:-1"},"canonical":"https:\/\/narteks.net\/index.php\/2009\/12\/07\/aglamak-2\/","og_locale":"tr_TR","og_type":"article","og_title":"A\u011eLAMAK","og_description":"\u00a0 bir elimde \u00f6l\u00fcm ferman\u0131mbir elimde sevdambirbirine kenetleyip ellerimi y\u00fcr\u00fcd\u00fcmgecenin bir vaktidirkirli sar\u0131 \u0131\u015f\u0131\u011f\u0131 sokak lambalar\u0131n\u0131nve karanl\u0131\u011f\u0131n bilindik s\u00f6zleri ard\u0131mdad\u0131r iz tutmu\u015f duvar diplerindetela\u015fl\u0131 ad\u0131mlar\u0131yla i\u015f\u00e7ilerintedirgin korkulu ak\u0131\u015f\u0131ve donup kalm\u0131\u015f ak\u015famlar\u0131kap\u0131 \u00f6nlerinden kad\u0131nlar\u0131n\u00e7ocuklar\u0131n\u0131 kollar\u0131ndan kap\u0131\u015f\u0131 kentin damar\u0131 sokaklardan el ayak \u00e7ekilmi\u015ftirkan \u00e7ekilmi\u015ftircan \u00e7ekilmi\u015ftiratmaz atardamarlar\u0131 kentinbu kent istanbul kentidiryedi tepesinde yedi han\u00e7er vard\u0131r\u00f6yle savrulmaz her r\u00fczgardakolay\u0131na [&hellip;]","og_url":"https:\/\/narteks.net\/index.php\/2009\/12\/07\/aglamak-2\/","og_site_name":"narteks.net","article_published_time":"2009-12-07T10:44:48+00:00","og_image":[{"width":300,"height":90,"url":"https:\/\/narteks.net\/wp-content\/uploads\/narteks.png","type":"image\/png"}],"author":"Tar\u0131k","twitter_card":"summary_large_image","twitter_creator":"@narteks","twitter_site":"@narteks","twitter_misc":{"Yazan:":"Tar\u0131k","Tahmini okuma s\u00fcresi":"1 dakika"},"schema":{"@context":"https:\/\/schema.org","@graph":[{"@type":"Article","@id":"https:\/\/narteks.net\/index.php\/2009\/12\/07\/aglamak-2\/#article","isPartOf":{"@id":"https:\/\/narteks.net\/index.php\/2009\/12\/07\/aglamak-2\/"},"author":{"name":"Tar\u0131k","@id":"https:\/\/narteks.net\/#\/schema\/person\/61f37d9834294b72d31d274e7ed79bca"},"headline":"A\u011eLAMAK","datePublished":"2009-12-07T10:44:48+00:00","mainEntityOfPage":{"@id":"https:\/\/narteks.net\/index.php\/2009\/12\/07\/aglamak-2\/"},"wordCount":178,"commentCount":0,"publisher":{"@id":"https:\/\/narteks.net\/#organization"},"articleSection":["Nevzat \u00c7ELIK"],"inLanguage":"tr","potentialAction":[{"@type":"CommentAction","name":"Comment","target":["https:\/\/narteks.net\/index.php\/2009\/12\/07\/aglamak-2\/#respond"]}]},{"@type":"WebPage","@id":"https:\/\/narteks.net\/index.php\/2009\/12\/07\/aglamak-2\/","url":"https:\/\/narteks.net\/index.php\/2009\/12\/07\/aglamak-2\/","name":"A\u011eLAMAK - narteks.net","isPartOf":{"@id":"https:\/\/narteks.net\/#website"},"datePublished":"2009-12-07T10:44:48+00:00","breadcrumb":{"@id":"https:\/\/narteks.net\/index.php\/2009\/12\/07\/aglamak-2\/#breadcrumb"},"inLanguage":"tr","potentialAction":[{"@type":"ReadAction","target":["https:\/\/narteks.net\/index.php\/2009\/12\/07\/aglamak-2\/"]}]},{"@type":"BreadcrumbList","@id":"https:\/\/narteks.net\/index.php\/2009\/12\/07\/aglamak-2\/#breadcrumb","itemListElement":[{"@type":"ListItem","position":1,"name":"Anasayfa","item":"https:\/\/narteks.net\/"},{"@type":"ListItem","position":2,"name":"A\u011eLAMAK"}]},{"@type":"WebSite","@id":"https:\/\/narteks.net\/#website","url":"https:\/\/narteks.net\/","name":"narteks.net","description":"K\u00fclt\u00fcr Sanat Edebiyat Felsefe","publisher":{"@id":"https:\/\/narteks.net\/#organization"},"alternateName":"K\u00fclt\u00fcr Sanat Edebiyat Felsefe","potentialAction":[{"@type":"SearchAction","target":{"@type":"EntryPoint","urlTemplate":"https:\/\/narteks.net\/?s={search_term_string}"},"query-input":{"@type":"PropertyValueSpecification","valueRequired":true,"valueName":"search_term_string"}}],"inLanguage":"tr"},{"@type":"Organization","@id":"https:\/\/narteks.net\/#organization","name":"narteks.net","url":"https:\/\/narteks.net\/","logo":{"@type":"ImageObject","inLanguage":"tr","@id":"https:\/\/narteks.net\/#\/schema\/logo\/image\/","url":"https:\/\/narteks.net\/wp-content\/uploads\/narteks.png","contentUrl":"https:\/\/narteks.net\/wp-content\/uploads\/narteks.png","width":300,"height":90,"caption":"narteks.net"},"image":{"@id":"https:\/\/narteks.net\/#\/schema\/logo\/image\/"},"sameAs":["https:\/\/x.com\/narteks","https:\/\/instagram.com\/narteksnet"]},{"@type":"Person","@id":"https:\/\/narteks.net\/#\/schema\/person\/61f37d9834294b72d31d274e7ed79bca","name":"Tar\u0131k","image":{"@type":"ImageObject","inLanguage":"tr","@id":"https:\/\/narteks.net\/#\/schema\/person\/image\/","url":"https:\/\/secure.gravatar.com\/avatar\/50865afb55632c4ae467e0af0930f6510aa2297d8014be502a55b14f3b7550cf?s=96&d=mm&r=g","contentUrl":"https:\/\/secure.gravatar.com\/avatar\/50865afb55632c4ae467e0af0930f6510aa2297d8014be502a55b14f3b7550cf?s=96&d=mm&r=g","caption":"Tar\u0131k"},"sameAs":["http:\/\/narteks.net"],"url":"https:\/\/narteks.net\/index.php\/author\/narbak\/"}]}},"_links":{"self":[{"href":"https:\/\/narteks.net\/index.php\/wp-json\/wp\/v2\/posts\/2796","targetHints":{"allow":["GET"]}}],"collection":[{"href":"https:\/\/narteks.net\/index.php\/wp-json\/wp\/v2\/posts"}],"about":[{"href":"https:\/\/narteks.net\/index.php\/wp-json\/wp\/v2\/types\/post"}],"author":[{"embeddable":true,"href":"https:\/\/narteks.net\/index.php\/wp-json\/wp\/v2\/users\/1"}],"replies":[{"embeddable":true,"href":"https:\/\/narteks.net\/index.php\/wp-json\/wp\/v2\/comments?post=2796"}],"version-history":[{"count":0,"href":"https:\/\/narteks.net\/index.php\/wp-json\/wp\/v2\/posts\/2796\/revisions"}],"wp:attachment":[{"href":"https:\/\/narteks.net\/index.php\/wp-json\/wp\/v2\/media?parent=2796"}],"wp:term":[{"taxonomy":"category","embeddable":true,"href":"https:\/\/narteks.net\/index.php\/wp-json\/wp\/v2\/categories?post=2796"},{"taxonomy":"post_tag","embeddable":true,"href":"https:\/\/narteks.net\/index.php\/wp-json\/wp\/v2\/tags?post=2796"}],"curies":[{"name":"wp","href":"https:\/\/api.w.org\/{rel}","templated":true}]}}