{"id":2799,"date":"2009-12-07T13:46:48","date_gmt":"2009-12-07T10:46:48","guid":{"rendered":"http:\/\/localhost\/wordpress\/2009\/12\/07\/merakli-bir-kizla-soylesi\/"},"modified":"2009-12-07T13:46:48","modified_gmt":"2009-12-07T10:46:48","slug":"merakli-bir-kizla-soylesi","status":"publish","type":"post","link":"https:\/\/narteks.net\/index.php\/2009\/12\/07\/merakli-bir-kizla-soylesi\/","title":{"rendered":"MERAKLI B\u0130R KIZLA S\u00d6YLE\u015e\u0130"},"content":{"rendered":"<p>\u00a0<\/p>\n<p>ilk \u015fiirini ne zaman yazd\u0131n<br \/>ilk a\u015f\u0131k oldu\u011fumda<br \/>ilk ne zaman a\u015f\u0131k oldun<br \/>ilkokula giderken<br \/>nedenli sevebilir ki \u00e7ocuk<br \/>bir insan nas\u0131l severse<br \/>ama erin bile de\u011fil<br \/>ac\u0131lar erken b\u00fcy\u00fct\u00fcyor<br \/>bizim \u00fclkede \u00e7ocuklar\u0131<br \/>anlayamad\u0131m<br \/>yirmi besi ge\u00e7miyorsa ba\u015f\u0131m\u0131z<br \/>yedisinde baslar\u0131z sevmeye<br \/>\u00f6l\u00fcm\u00fcne severiz on birinde<br \/>peki ya a\u015fk nedir<br \/>en g\u00fczel b\u00f6l\u00fc\u015f\u00fcmd\u00fcr<br \/>ne zaman do\u011fdun<br \/>hangisini soruyorsun<br \/>o da ne demek<\/p>\n<p>1960`ta<br \/>b\u00fcy\u00fccek bir bakir le\u011fen i\u00e7inde<br \/>iki damla \u00e7i\u011flik kat\u0131\u015f\u0131k<br \/>bu\u011fday kokulu anam<br \/>diz k\u0131r\u0131p<br \/>titrek bacaklar\u0131ndan do\u011furdu beni<\/p>\n<p>a\u015f\u0131k oldu\u011fumda do\u011fdum ikinci kez<br \/>ela g\u00f6zl\u00fc bir k\u0131zd\u0131 narince<br \/>\u00e7abuk kirildi<br \/>ama ben donemdim geriye<\/p>\n<p>sonra dostlar\u0131m do\u011furdu beni<br \/>g\u00fcr\u00fcl g\u00fcr\u00fcl d\u00fc\u015f\u00fcnerek<br \/>tezgahtar yoktu aram\u0131zda<\/p>\n<p>ve zindanda<br \/>\u015fiir ad\u0131nda bir k\u0131z tan\u0131d\u0131m<br \/>bar\u0131\u015ft\u0131 kavgayd\u0131 insand\u0131<br \/>sevdim onu<br \/>o da beni sevdi<br \/>sevi\u015fir do\u011far\u0131z o g\u00fcnden beri<\/p>\n<p>duvarlar \u00e7ok y\u00fcksek<br \/>yak\u0131\u015f\u0131kl\u0131 m\u0131s\u0131n<br \/>g\u00f6remiyorum<\/p>\n<p>gecen g\u00fcn \u015fiir yaz\u0131yordum<br \/>a\u00e7\u0131lm\u0131\u015f d\u00fcnyaya kollar\u0131m<br \/>at \u00f6tede unutulmu\u015f bir ayna<br \/>e\u011filip bakt\u0131m y\u00fcz\u00fcme<br \/>boyuma po\u015fuma<br \/>g\u00f6\u011f\u00fcslerimi \u015fi\u015firdim<br \/>i\u00e7eri \u00e7ektim karnimi<br \/>yok canim<br \/>benzetemedim<br \/>bir \u015feye<\/p>\n<p>g\u00f6zlerim \u00f6zlem ate\u015fi<br \/>aln\u0131m kursun yeri<br \/>ellerim \u00e7ocuk eli<br \/>boyum insan boyu<br \/>tenim alaca \u015fafak<br \/>insanim iste<br \/>olancas\u0131 bu<\/p>\n<p>\u00f6lmek nedir<br \/>yasad\u0131m diyebilmektir<br \/>ya yasamak<br \/>\u00f6lebilmektir \u00e7\u0131r\u0131l\u00e7\u0131plak orta yerinde yasam\u0131n<br \/>ama sen \u00e7ok gen\u00e7sin<\/p>\n<p>kendine bak<br \/>y\u00fczy\u0131l yasad\u0131m ben<br \/>anlayamad\u0131m<br \/>\u00f6nemi yok<br \/>ben seni anlad\u0131m<\/p>\n<p>Nevzat \u00c7EL\u0130K<\/p>\n","protected":false},"excerpt":{"rendered":"<p>\u00a0 ilk \u015fiirini ne zaman yazd\u0131nilk a\u015f\u0131k oldu\u011fumdailk ne zaman a\u015f\u0131k oldunilkokula giderkennedenli sevebilir ki \u00e7ocukbir insan nas\u0131l severseama erin bile de\u011filac\u0131lar erken b\u00fcy\u00fct\u00fcyorbizim \u00fclkede \u00e7ocuklar\u0131anlayamad\u0131myirmi besi ge\u00e7miyorsa ba\u015f\u0131m\u0131zyedisinde baslar\u0131z sevmeye\u00f6l\u00fcm\u00fcne severiz on birindepeki ya a\u015fk nediren g\u00fczel b\u00f6l\u00fc\u015f\u00fcmd\u00fcrne zaman do\u011fdunhangisini soruyorsuno da ne demek 1960`tab\u00fcy\u00fccek bir bakir le\u011fen i\u00e7indeiki damla \u00e7i\u011flik kat\u0131\u015f\u0131kbu\u011fday kokulu anamdiz [&hellip;]<\/p>\n","protected":false},"author":1,"featured_media":0,"comment_status":"open","ping_status":"open","sticky":false,"template":"","format":"standard","meta":{"footnotes":""},"categories":[25],"tags":[],"class_list":{"0":"post-2799","1":"post","2":"type-post","3":"status-publish","4":"format-standard","6":"category-nevzat-celik"},"yoast_head":"<!-- This site is optimized with the Yoast SEO Premium plugin v24.9 (Yoast SEO v24.9) - https:\/\/yoast.com\/wordpress\/plugins\/seo\/ -->\n<title>MERAKLI B\u0130R KIZLA S\u00d6YLE\u015e\u0130 - narteks.net<\/title>\n<meta name=\"robots\" content=\"index, follow, max-snippet:-1, max-image-preview:large, max-video-preview:-1\" \/>\n<link rel=\"canonical\" href=\"https:\/\/narteks.net\/index.php\/2009\/12\/07\/merakli-bir-kizla-soylesi\/\" \/>\n<meta property=\"og:locale\" content=\"tr_TR\" \/>\n<meta property=\"og:type\" content=\"article\" \/>\n<meta property=\"og:title\" content=\"MERAKLI B\u0130R KIZLA S\u00d6YLE\u015e\u0130\" \/>\n<meta property=\"og:description\" content=\"\u00a0 ilk \u015fiirini ne zaman yazd\u0131nilk a\u015f\u0131k oldu\u011fumdailk ne zaman a\u015f\u0131k oldunilkokula giderkennedenli sevebilir ki \u00e7ocukbir insan nas\u0131l severseama erin bile de\u011filac\u0131lar erken b\u00fcy\u00fct\u00fcyorbizim \u00fclkede \u00e7ocuklar\u0131anlayamad\u0131myirmi besi ge\u00e7miyorsa ba\u015f\u0131m\u0131zyedisinde baslar\u0131z sevmeye\u00f6l\u00fcm\u00fcne severiz on birindepeki ya a\u015fk nediren g\u00fczel b\u00f6l\u00fc\u015f\u00fcmd\u00fcrne zaman do\u011fdunhangisini soruyorsuno da ne demek 1960`tab\u00fcy\u00fccek bir bakir le\u011fen i\u00e7indeiki damla \u00e7i\u011flik kat\u0131\u015f\u0131kbu\u011fday kokulu anamdiz [&hellip;]\" \/>\n<meta property=\"og:url\" content=\"https:\/\/narteks.net\/index.php\/2009\/12\/07\/merakli-bir-kizla-soylesi\/\" \/>\n<meta property=\"og:site_name\" content=\"narteks.net\" \/>\n<meta property=\"article:published_time\" content=\"2009-12-07T10:46:48+00:00\" \/>\n<meta property=\"og:image\" content=\"https:\/\/narteks.net\/wp-content\/uploads\/narteks.png\" \/>\n\t<meta property=\"og:image:width\" content=\"300\" \/>\n\t<meta property=\"og:image:height\" content=\"90\" \/>\n\t<meta property=\"og:image:type\" content=\"image\/png\" \/>\n<meta name=\"author\" content=\"Tar\u0131k\" \/>\n<meta name=\"twitter:card\" content=\"summary_large_image\" \/>\n<meta name=\"twitter:creator\" content=\"@narteks\" \/>\n<meta name=\"twitter:site\" content=\"@narteks\" \/>\n<meta name=\"twitter:label1\" content=\"Yazan:\" \/>\n\t<meta name=\"twitter:data1\" content=\"Tar\u0131k\" \/>\n\t<meta name=\"twitter:label2\" content=\"Tahmini okuma s\u00fcresi\" \/>\n\t<meta name=\"twitter:data2\" content=\"1 dakika\" \/>\n<script type=\"application\/ld+json\" class=\"yoast-schema-graph\">{\"@context\":\"https:\/\/schema.org\",\"@graph\":[{\"@type\":\"Article\",\"@id\":\"https:\/\/narteks.net\/index.php\/2009\/12\/07\/merakli-bir-kizla-soylesi\/#article\",\"isPartOf\":{\"@id\":\"https:\/\/narteks.net\/index.php\/2009\/12\/07\/merakli-bir-kizla-soylesi\/\"},\"author\":{\"name\":\"Tar\u0131k\",\"@id\":\"https:\/\/narteks.net\/#\/schema\/person\/61f37d9834294b72d31d274e7ed79bca\"},\"headline\":\"MERAKLI B\u0130R KIZLA S\u00d6YLE\u015e\u0130\",\"datePublished\":\"2009-12-07T10:46:48+00:00\",\"mainEntityOfPage\":{\"@id\":\"https:\/\/narteks.net\/index.php\/2009\/12\/07\/merakli-bir-kizla-soylesi\/\"},\"wordCount\":251,\"commentCount\":0,\"publisher\":{\"@id\":\"https:\/\/narteks.net\/#organization\"},\"articleSection\":[\"Nevzat \u00c7ELIK\"],\"inLanguage\":\"tr\",\"potentialAction\":[{\"@type\":\"CommentAction\",\"name\":\"Comment\",\"target\":[\"https:\/\/narteks.net\/index.php\/2009\/12\/07\/merakli-bir-kizla-soylesi\/#respond\"]}]},{\"@type\":\"WebPage\",\"@id\":\"https:\/\/narteks.net\/index.php\/2009\/12\/07\/merakli-bir-kizla-soylesi\/\",\"url\":\"https:\/\/narteks.net\/index.php\/2009\/12\/07\/merakli-bir-kizla-soylesi\/\",\"name\":\"MERAKLI B\u0130R KIZLA S\u00d6YLE\u015e\u0130 - narteks.net\",\"isPartOf\":{\"@id\":\"https:\/\/narteks.net\/#website\"},\"datePublished\":\"2009-12-07T10:46:48+00:00\",\"breadcrumb\":{\"@id\":\"https:\/\/narteks.net\/index.php\/2009\/12\/07\/merakli-bir-kizla-soylesi\/#breadcrumb\"},\"inLanguage\":\"tr\",\"potentialAction\":[{\"@type\":\"ReadAction\",\"target\":[\"https:\/\/narteks.net\/index.php\/2009\/12\/07\/merakli-bir-kizla-soylesi\/\"]}]},{\"@type\":\"BreadcrumbList\",\"@id\":\"https:\/\/narteks.net\/index.php\/2009\/12\/07\/merakli-bir-kizla-soylesi\/#breadcrumb\",\"itemListElement\":[{\"@type\":\"ListItem\",\"position\":1,\"name\":\"Anasayfa\",\"item\":\"https:\/\/narteks.net\/\"},{\"@type\":\"ListItem\",\"position\":2,\"name\":\"MERAKLI B\u0130R KIZLA S\u00d6YLE\u015e\u0130\"}]},{\"@type\":\"WebSite\",\"@id\":\"https:\/\/narteks.net\/#website\",\"url\":\"https:\/\/narteks.net\/\",\"name\":\"narteks.net\",\"description\":\"K\u00fclt\u00fcr Sanat Edebiyat Felsefe\",\"publisher\":{\"@id\":\"https:\/\/narteks.net\/#organization\"},\"alternateName\":\"K\u00fclt\u00fcr Sanat Edebiyat Felsefe\",\"potentialAction\":[{\"@type\":\"SearchAction\",\"target\":{\"@type\":\"EntryPoint\",\"urlTemplate\":\"https:\/\/narteks.net\/?s={search_term_string}\"},\"query-input\":{\"@type\":\"PropertyValueSpecification\",\"valueRequired\":true,\"valueName\":\"search_term_string\"}}],\"inLanguage\":\"tr\"},{\"@type\":\"Organization\",\"@id\":\"https:\/\/narteks.net\/#organization\",\"name\":\"narteks.net\",\"url\":\"https:\/\/narteks.net\/\",\"logo\":{\"@type\":\"ImageObject\",\"inLanguage\":\"tr\",\"@id\":\"https:\/\/narteks.net\/#\/schema\/logo\/image\/\",\"url\":\"https:\/\/narteks.net\/wp-content\/uploads\/narteks.png\",\"contentUrl\":\"https:\/\/narteks.net\/wp-content\/uploads\/narteks.png\",\"width\":300,\"height\":90,\"caption\":\"narteks.net\"},\"image\":{\"@id\":\"https:\/\/narteks.net\/#\/schema\/logo\/image\/\"},\"sameAs\":[\"https:\/\/x.com\/narteks\",\"https:\/\/instagram.com\/narteksnet\"]},{\"@type\":\"Person\",\"@id\":\"https:\/\/narteks.net\/#\/schema\/person\/61f37d9834294b72d31d274e7ed79bca\",\"name\":\"Tar\u0131k\",\"image\":{\"@type\":\"ImageObject\",\"inLanguage\":\"tr\",\"@id\":\"https:\/\/narteks.net\/#\/schema\/person\/image\/\",\"url\":\"https:\/\/secure.gravatar.com\/avatar\/50865afb55632c4ae467e0af0930f6510aa2297d8014be502a55b14f3b7550cf?s=96&d=mm&r=g\",\"contentUrl\":\"https:\/\/secure.gravatar.com\/avatar\/50865afb55632c4ae467e0af0930f6510aa2297d8014be502a55b14f3b7550cf?s=96&d=mm&r=g\",\"caption\":\"Tar\u0131k\"},\"sameAs\":[\"http:\/\/narteks.net\"],\"url\":\"https:\/\/narteks.net\/index.php\/author\/narbak\/\"}]}<\/script>\n<!-- \/ Yoast SEO Premium plugin. -->","yoast_head_json":{"title":"MERAKLI B\u0130R KIZLA S\u00d6YLE\u015e\u0130 - narteks.net","robots":{"index":"index","follow":"follow","max-snippet":"max-snippet:-1","max-image-preview":"max-image-preview:large","max-video-preview":"max-video-preview:-1"},"canonical":"https:\/\/narteks.net\/index.php\/2009\/12\/07\/merakli-bir-kizla-soylesi\/","og_locale":"tr_TR","og_type":"article","og_title":"MERAKLI B\u0130R KIZLA S\u00d6YLE\u015e\u0130","og_description":"\u00a0 ilk \u015fiirini ne zaman yazd\u0131nilk a\u015f\u0131k oldu\u011fumdailk ne zaman a\u015f\u0131k oldunilkokula giderkennedenli sevebilir ki \u00e7ocukbir insan nas\u0131l severseama erin bile de\u011filac\u0131lar erken b\u00fcy\u00fct\u00fcyorbizim \u00fclkede \u00e7ocuklar\u0131anlayamad\u0131myirmi besi ge\u00e7miyorsa ba\u015f\u0131m\u0131zyedisinde baslar\u0131z sevmeye\u00f6l\u00fcm\u00fcne severiz on birindepeki ya a\u015fk nediren g\u00fczel b\u00f6l\u00fc\u015f\u00fcmd\u00fcrne zaman do\u011fdunhangisini soruyorsuno da ne demek 1960`tab\u00fcy\u00fccek bir bakir le\u011fen i\u00e7indeiki damla \u00e7i\u011flik kat\u0131\u015f\u0131kbu\u011fday kokulu anamdiz [&hellip;]","og_url":"https:\/\/narteks.net\/index.php\/2009\/12\/07\/merakli-bir-kizla-soylesi\/","og_site_name":"narteks.net","article_published_time":"2009-12-07T10:46:48+00:00","og_image":[{"width":300,"height":90,"url":"https:\/\/narteks.net\/wp-content\/uploads\/narteks.png","type":"image\/png"}],"author":"Tar\u0131k","twitter_card":"summary_large_image","twitter_creator":"@narteks","twitter_site":"@narteks","twitter_misc":{"Yazan:":"Tar\u0131k","Tahmini okuma s\u00fcresi":"1 dakika"},"schema":{"@context":"https:\/\/schema.org","@graph":[{"@type":"Article","@id":"https:\/\/narteks.net\/index.php\/2009\/12\/07\/merakli-bir-kizla-soylesi\/#article","isPartOf":{"@id":"https:\/\/narteks.net\/index.php\/2009\/12\/07\/merakli-bir-kizla-soylesi\/"},"author":{"name":"Tar\u0131k","@id":"https:\/\/narteks.net\/#\/schema\/person\/61f37d9834294b72d31d274e7ed79bca"},"headline":"MERAKLI B\u0130R KIZLA S\u00d6YLE\u015e\u0130","datePublished":"2009-12-07T10:46:48+00:00","mainEntityOfPage":{"@id":"https:\/\/narteks.net\/index.php\/2009\/12\/07\/merakli-bir-kizla-soylesi\/"},"wordCount":251,"commentCount":0,"publisher":{"@id":"https:\/\/narteks.net\/#organization"},"articleSection":["Nevzat \u00c7ELIK"],"inLanguage":"tr","potentialAction":[{"@type":"CommentAction","name":"Comment","target":["https:\/\/narteks.net\/index.php\/2009\/12\/07\/merakli-bir-kizla-soylesi\/#respond"]}]},{"@type":"WebPage","@id":"https:\/\/narteks.net\/index.php\/2009\/12\/07\/merakli-bir-kizla-soylesi\/","url":"https:\/\/narteks.net\/index.php\/2009\/12\/07\/merakli-bir-kizla-soylesi\/","name":"MERAKLI B\u0130R KIZLA S\u00d6YLE\u015e\u0130 - narteks.net","isPartOf":{"@id":"https:\/\/narteks.net\/#website"},"datePublished":"2009-12-07T10:46:48+00:00","breadcrumb":{"@id":"https:\/\/narteks.net\/index.php\/2009\/12\/07\/merakli-bir-kizla-soylesi\/#breadcrumb"},"inLanguage":"tr","potentialAction":[{"@type":"ReadAction","target":["https:\/\/narteks.net\/index.php\/2009\/12\/07\/merakli-bir-kizla-soylesi\/"]}]},{"@type":"BreadcrumbList","@id":"https:\/\/narteks.net\/index.php\/2009\/12\/07\/merakli-bir-kizla-soylesi\/#breadcrumb","itemListElement":[{"@type":"ListItem","position":1,"name":"Anasayfa","item":"https:\/\/narteks.net\/"},{"@type":"ListItem","position":2,"name":"MERAKLI B\u0130R KIZLA S\u00d6YLE\u015e\u0130"}]},{"@type":"WebSite","@id":"https:\/\/narteks.net\/#website","url":"https:\/\/narteks.net\/","name":"narteks.net","description":"K\u00fclt\u00fcr Sanat Edebiyat Felsefe","publisher":{"@id":"https:\/\/narteks.net\/#organization"},"alternateName":"K\u00fclt\u00fcr Sanat Edebiyat Felsefe","potentialAction":[{"@type":"SearchAction","target":{"@type":"EntryPoint","urlTemplate":"https:\/\/narteks.net\/?s={search_term_string}"},"query-input":{"@type":"PropertyValueSpecification","valueRequired":true,"valueName":"search_term_string"}}],"inLanguage":"tr"},{"@type":"Organization","@id":"https:\/\/narteks.net\/#organization","name":"narteks.net","url":"https:\/\/narteks.net\/","logo":{"@type":"ImageObject","inLanguage":"tr","@id":"https:\/\/narteks.net\/#\/schema\/logo\/image\/","url":"https:\/\/narteks.net\/wp-content\/uploads\/narteks.png","contentUrl":"https:\/\/narteks.net\/wp-content\/uploads\/narteks.png","width":300,"height":90,"caption":"narteks.net"},"image":{"@id":"https:\/\/narteks.net\/#\/schema\/logo\/image\/"},"sameAs":["https:\/\/x.com\/narteks","https:\/\/instagram.com\/narteksnet"]},{"@type":"Person","@id":"https:\/\/narteks.net\/#\/schema\/person\/61f37d9834294b72d31d274e7ed79bca","name":"Tar\u0131k","image":{"@type":"ImageObject","inLanguage":"tr","@id":"https:\/\/narteks.net\/#\/schema\/person\/image\/","url":"https:\/\/secure.gravatar.com\/avatar\/50865afb55632c4ae467e0af0930f6510aa2297d8014be502a55b14f3b7550cf?s=96&d=mm&r=g","contentUrl":"https:\/\/secure.gravatar.com\/avatar\/50865afb55632c4ae467e0af0930f6510aa2297d8014be502a55b14f3b7550cf?s=96&d=mm&r=g","caption":"Tar\u0131k"},"sameAs":["http:\/\/narteks.net"],"url":"https:\/\/narteks.net\/index.php\/author\/narbak\/"}]}},"_links":{"self":[{"href":"https:\/\/narteks.net\/index.php\/wp-json\/wp\/v2\/posts\/2799","targetHints":{"allow":["GET"]}}],"collection":[{"href":"https:\/\/narteks.net\/index.php\/wp-json\/wp\/v2\/posts"}],"about":[{"href":"https:\/\/narteks.net\/index.php\/wp-json\/wp\/v2\/types\/post"}],"author":[{"embeddable":true,"href":"https:\/\/narteks.net\/index.php\/wp-json\/wp\/v2\/users\/1"}],"replies":[{"embeddable":true,"href":"https:\/\/narteks.net\/index.php\/wp-json\/wp\/v2\/comments?post=2799"}],"version-history":[{"count":0,"href":"https:\/\/narteks.net\/index.php\/wp-json\/wp\/v2\/posts\/2799\/revisions"}],"wp:attachment":[{"href":"https:\/\/narteks.net\/index.php\/wp-json\/wp\/v2\/media?parent=2799"}],"wp:term":[{"taxonomy":"category","embeddable":true,"href":"https:\/\/narteks.net\/index.php\/wp-json\/wp\/v2\/categories?post=2799"},{"taxonomy":"post_tag","embeddable":true,"href":"https:\/\/narteks.net\/index.php\/wp-json\/wp\/v2\/tags?post=2799"}],"curies":[{"name":"wp","href":"https:\/\/api.w.org\/{rel}","templated":true}]}}