{"id":28,"date":"2009-02-27T13:25:23","date_gmt":"2009-02-27T10:25:23","guid":{"rendered":"http:\/\/localhost\/wordpress\/2009\/02\/27\/sen-ki-anlarsin\/"},"modified":"2009-02-27T13:25:23","modified_gmt":"2009-02-27T10:25:23","slug":"sen-ki-anlarsin","status":"publish","type":"post","link":"https:\/\/narteks.net\/index.php\/2009\/02\/27\/sen-ki-anlarsin\/","title":{"rendered":"SEN KI ANLARSIN"},"content":{"rendered":"<p>\u00a0<\/p>\n<p><span>Kendini bir suyun ak\u0131\u015f\u0131nda <br \/> Ve sular\u0131 kendi bak\u0131\u015flar\u0131nda <br \/> Bulabilenler bilir bu t\u00fcrk\u00fcy\u00fc. <br \/> Sen ki anlars\u0131n <br \/> Bir t\u00fcrk\u00fc u\u011fruna <br \/> \u00c7ileler \u00e7ekerdin y\u0131llar boyu. <br \/> Solu\u011funda <br \/> Yaban menek\u015felerinin kokusu. <br \/> G\u00f6zlerinde <br \/> Serin p\u0131narlar\u0131n u\u011fultusu. <br \/> Da\u011flar seni ya\u015fard\u0131 her g\u00fcn <br \/> Ormanlar s\u0131cak dostlu\u011funu. <\/p>\n<p> Ne zaman \u00e7atlasa bir kaya <br \/> Bir \u00e7\u0131\u011fl\u0131k d\u00fc\u015fse sulara <br \/> Irmaklar <br \/> Ad\u0131n\u0131 \u00e7izer topra\u011fa. <br \/> De\u011fil mi ki <br \/> Hep o yang\u0131nlar\u0131n ad\u0131na <br \/> Ad\u0131na belas\u0131na <br \/> \u00d6zlemi duyulunca \u00f6zg\u00fcrl\u00fc\u011f\u00fcn <br \/> \u00d6fkesini g\u00f6klere \u00e7alan <br \/> Bir \u015fim\u015fek gibi dalard\u0131n ya\u015fama. <\/p>\n<p> Sen ki anlars\u0131n bu ya\u015fam\u0131 <br \/> A\u015fklar \u015fimdi h\u00fccrelerde tutsak <br \/> D\u00fc\u011f\u00fcnler kelep\u00e7eli <br \/> Do\u011fumlar <br \/> Ve \u00e7ocuklar zindanlarda. <br \/> Bunlar\u0131 nas\u0131l anlatay\u0131m sana <br \/> Bu t\u00fcrk\u00fcleri nas\u0131l \u00e7a\u011f\u0131ray\u0131m <br \/> Bu ninnileri nas\u0131l. <br \/> \u00d6l\u00fcme <br \/> Kapkara bir kayg\u0131 de\u011fil art\u0131k <br \/> Bembeyaz <br \/> Bir kitap diyoruz koltu\u011fumuzda. <br \/> Kitaplar\u0131n g\u00f6\u011f\u00fcslerinde kan <br \/> Bu kan\u0131 nas\u0131l okuyay\u0131m sana. <br \/> \u015eimdi devle\u015fen bir \u00f6fkenin <br \/> Ve s\u0131n\u0131rlar \u00f6tesi bir \u00f6zlemin <br \/> Bildirisi okunurken her g\u00fcn <br \/> Her saat, her dakika, <br \/> Can \u00e7eki\u015fen <br \/> Bir \u00e7a\u011f\u0131 ya\u015f\u0131yoruz d\u00fcnyada. <\/p>\n<p> Sen ki anlars\u0131n bu ya\u015fam\u0131 <br \/> Okul yolunda tela\u015fl\u0131 bir \u00f6\u011frenci <br \/> Bir grev g\u00f6zc\u00fcs\u00fc i\u015fyerinde <br \/> Okunan kitap <br \/> Yaz\u0131lan defter <br \/> Y\u00fckselen bilin\u00e7 <br \/> Ve eriyen cevher <br \/> \u015eimdi sabah\u0131n ala \u015fafa\u011f\u0131nda <br \/> Doludizgin <br \/> Bir at gibi giriyor sulara. <\/span><\/p>\n<p>ADNAN Y\u00dcCEL<\/p>\n","protected":false},"excerpt":{"rendered":"<p>\u00a0 Kendini bir suyun ak\u0131\u015f\u0131nda Ve sular\u0131 kendi bak\u0131\u015flar\u0131nda Bulabilenler bilir bu t\u00fcrk\u00fcy\u00fc. Sen ki anlars\u0131n Bir t\u00fcrk\u00fc u\u011fruna \u00c7ileler \u00e7ekerdin y\u0131llar boyu. Solu\u011funda Yaban menek\u015felerinin kokusu. G\u00f6zlerinde Serin p\u0131narlar\u0131n u\u011fultusu. Da\u011flar seni ya\u015fard\u0131 her g\u00fcn Ormanlar s\u0131cak dostlu\u011funu. Ne zaman \u00e7atlasa bir kaya Bir \u00e7\u0131\u011fl\u0131k d\u00fc\u015fse sulara Irmaklar Ad\u0131n\u0131 \u00e7izer topra\u011fa. De\u011fil mi ki [&hellip;]<\/p>\n","protected":false},"author":1,"featured_media":0,"comment_status":"open","ping_status":"open","sticky":false,"template":"","format":"standard","meta":{"footnotes":""},"categories":[3],"tags":[],"class_list":{"0":"post-28","1":"post","2":"type-post","3":"status-publish","4":"format-standard","6":"category-adnan-yucel"},"yoast_head":"<!-- This site is optimized with the Yoast SEO Premium plugin v24.9 (Yoast SEO v24.9) - https:\/\/yoast.com\/wordpress\/plugins\/seo\/ -->\n<title>SEN KI ANLARSIN - narteks.net<\/title>\n<meta name=\"robots\" content=\"index, follow, max-snippet:-1, max-image-preview:large, max-video-preview:-1\" \/>\n<link rel=\"canonical\" href=\"https:\/\/narteks.net\/index.php\/2009\/02\/27\/sen-ki-anlarsin\/\" \/>\n<meta property=\"og:locale\" content=\"tr_TR\" \/>\n<meta property=\"og:type\" content=\"article\" \/>\n<meta property=\"og:title\" content=\"SEN KI ANLARSIN\" \/>\n<meta property=\"og:description\" content=\"\u00a0 Kendini bir suyun ak\u0131\u015f\u0131nda Ve sular\u0131 kendi bak\u0131\u015flar\u0131nda Bulabilenler bilir bu t\u00fcrk\u00fcy\u00fc. Sen ki anlars\u0131n Bir t\u00fcrk\u00fc u\u011fruna \u00c7ileler \u00e7ekerdin y\u0131llar boyu. Solu\u011funda Yaban menek\u015felerinin kokusu. G\u00f6zlerinde Serin p\u0131narlar\u0131n u\u011fultusu. Da\u011flar seni ya\u015fard\u0131 her g\u00fcn Ormanlar s\u0131cak dostlu\u011funu. Ne zaman \u00e7atlasa bir kaya Bir \u00e7\u0131\u011fl\u0131k d\u00fc\u015fse sulara Irmaklar Ad\u0131n\u0131 \u00e7izer topra\u011fa. De\u011fil mi ki [&hellip;]\" \/>\n<meta property=\"og:url\" content=\"https:\/\/narteks.net\/index.php\/2009\/02\/27\/sen-ki-anlarsin\/\" \/>\n<meta property=\"og:site_name\" content=\"narteks.net\" \/>\n<meta property=\"article:published_time\" content=\"2009-02-27T10:25:23+00:00\" \/>\n<meta property=\"og:image\" content=\"https:\/\/narteks.net\/wp-content\/uploads\/narteks.png\" \/>\n\t<meta property=\"og:image:width\" content=\"300\" \/>\n\t<meta property=\"og:image:height\" content=\"90\" \/>\n\t<meta property=\"og:image:type\" content=\"image\/png\" \/>\n<meta name=\"author\" content=\"Tar\u0131k\" \/>\n<meta name=\"twitter:card\" content=\"summary_large_image\" \/>\n<meta name=\"twitter:creator\" content=\"@narteks\" \/>\n<meta name=\"twitter:site\" content=\"@narteks\" \/>\n<meta name=\"twitter:label1\" content=\"Yazan:\" \/>\n\t<meta name=\"twitter:data1\" content=\"Tar\u0131k\" \/>\n\t<meta name=\"twitter:label2\" content=\"Tahmini okuma s\u00fcresi\" \/>\n\t<meta name=\"twitter:data2\" content=\"1 dakika\" \/>\n<script type=\"application\/ld+json\" class=\"yoast-schema-graph\">{\"@context\":\"https:\/\/schema.org\",\"@graph\":[{\"@type\":\"Article\",\"@id\":\"https:\/\/narteks.net\/index.php\/2009\/02\/27\/sen-ki-anlarsin\/#article\",\"isPartOf\":{\"@id\":\"https:\/\/narteks.net\/index.php\/2009\/02\/27\/sen-ki-anlarsin\/\"},\"author\":{\"name\":\"Tar\u0131k\",\"@id\":\"https:\/\/narteks.net\/#\/schema\/person\/61f37d9834294b72d31d274e7ed79bca\"},\"headline\":\"SEN KI ANLARSIN\",\"datePublished\":\"2009-02-27T10:25:23+00:00\",\"mainEntityOfPage\":{\"@id\":\"https:\/\/narteks.net\/index.php\/2009\/02\/27\/sen-ki-anlarsin\/\"},\"wordCount\":254,\"commentCount\":0,\"publisher\":{\"@id\":\"https:\/\/narteks.net\/#organization\"},\"articleSection\":[\"Adnan Y\u00dcCEL\"],\"inLanguage\":\"tr\",\"potentialAction\":[{\"@type\":\"CommentAction\",\"name\":\"Comment\",\"target\":[\"https:\/\/narteks.net\/index.php\/2009\/02\/27\/sen-ki-anlarsin\/#respond\"]}]},{\"@type\":\"WebPage\",\"@id\":\"https:\/\/narteks.net\/index.php\/2009\/02\/27\/sen-ki-anlarsin\/\",\"url\":\"https:\/\/narteks.net\/index.php\/2009\/02\/27\/sen-ki-anlarsin\/\",\"name\":\"SEN KI ANLARSIN - narteks.net\",\"isPartOf\":{\"@id\":\"https:\/\/narteks.net\/#website\"},\"datePublished\":\"2009-02-27T10:25:23+00:00\",\"breadcrumb\":{\"@id\":\"https:\/\/narteks.net\/index.php\/2009\/02\/27\/sen-ki-anlarsin\/#breadcrumb\"},\"inLanguage\":\"tr\",\"potentialAction\":[{\"@type\":\"ReadAction\",\"target\":[\"https:\/\/narteks.net\/index.php\/2009\/02\/27\/sen-ki-anlarsin\/\"]}]},{\"@type\":\"BreadcrumbList\",\"@id\":\"https:\/\/narteks.net\/index.php\/2009\/02\/27\/sen-ki-anlarsin\/#breadcrumb\",\"itemListElement\":[{\"@type\":\"ListItem\",\"position\":1,\"name\":\"Anasayfa\",\"item\":\"https:\/\/narteks.net\/\"},{\"@type\":\"ListItem\",\"position\":2,\"name\":\"SEN KI ANLARSIN\"}]},{\"@type\":\"WebSite\",\"@id\":\"https:\/\/narteks.net\/#website\",\"url\":\"https:\/\/narteks.net\/\",\"name\":\"narteks.net\",\"description\":\"K\u00fclt\u00fcr Sanat Edebiyat Felsefe\",\"publisher\":{\"@id\":\"https:\/\/narteks.net\/#organization\"},\"alternateName\":\"K\u00fclt\u00fcr Sanat Edebiyat Felsefe\",\"potentialAction\":[{\"@type\":\"SearchAction\",\"target\":{\"@type\":\"EntryPoint\",\"urlTemplate\":\"https:\/\/narteks.net\/?s={search_term_string}\"},\"query-input\":{\"@type\":\"PropertyValueSpecification\",\"valueRequired\":true,\"valueName\":\"search_term_string\"}}],\"inLanguage\":\"tr\"},{\"@type\":\"Organization\",\"@id\":\"https:\/\/narteks.net\/#organization\",\"name\":\"narteks.net\",\"url\":\"https:\/\/narteks.net\/\",\"logo\":{\"@type\":\"ImageObject\",\"inLanguage\":\"tr\",\"@id\":\"https:\/\/narteks.net\/#\/schema\/logo\/image\/\",\"url\":\"https:\/\/narteks.net\/wp-content\/uploads\/narteks.png\",\"contentUrl\":\"https:\/\/narteks.net\/wp-content\/uploads\/narteks.png\",\"width\":300,\"height\":90,\"caption\":\"narteks.net\"},\"image\":{\"@id\":\"https:\/\/narteks.net\/#\/schema\/logo\/image\/\"},\"sameAs\":[\"https:\/\/x.com\/narteks\",\"https:\/\/instagram.com\/narteksnet\"]},{\"@type\":\"Person\",\"@id\":\"https:\/\/narteks.net\/#\/schema\/person\/61f37d9834294b72d31d274e7ed79bca\",\"name\":\"Tar\u0131k\",\"image\":{\"@type\":\"ImageObject\",\"inLanguage\":\"tr\",\"@id\":\"https:\/\/narteks.net\/#\/schema\/person\/image\/\",\"url\":\"https:\/\/secure.gravatar.com\/avatar\/50865afb55632c4ae467e0af0930f6510aa2297d8014be502a55b14f3b7550cf?s=96&d=mm&r=g\",\"contentUrl\":\"https:\/\/secure.gravatar.com\/avatar\/50865afb55632c4ae467e0af0930f6510aa2297d8014be502a55b14f3b7550cf?s=96&d=mm&r=g\",\"caption\":\"Tar\u0131k\"},\"sameAs\":[\"http:\/\/narteks.net\"],\"url\":\"https:\/\/narteks.net\/index.php\/author\/narbak\/\"}]}<\/script>\n<!-- \/ Yoast SEO Premium plugin. -->","yoast_head_json":{"title":"SEN KI ANLARSIN - narteks.net","robots":{"index":"index","follow":"follow","max-snippet":"max-snippet:-1","max-image-preview":"max-image-preview:large","max-video-preview":"max-video-preview:-1"},"canonical":"https:\/\/narteks.net\/index.php\/2009\/02\/27\/sen-ki-anlarsin\/","og_locale":"tr_TR","og_type":"article","og_title":"SEN KI ANLARSIN","og_description":"\u00a0 Kendini bir suyun ak\u0131\u015f\u0131nda Ve sular\u0131 kendi bak\u0131\u015flar\u0131nda Bulabilenler bilir bu t\u00fcrk\u00fcy\u00fc. Sen ki anlars\u0131n Bir t\u00fcrk\u00fc u\u011fruna \u00c7ileler \u00e7ekerdin y\u0131llar boyu. Solu\u011funda Yaban menek\u015felerinin kokusu. G\u00f6zlerinde Serin p\u0131narlar\u0131n u\u011fultusu. Da\u011flar seni ya\u015fard\u0131 her g\u00fcn Ormanlar s\u0131cak dostlu\u011funu. Ne zaman \u00e7atlasa bir kaya Bir \u00e7\u0131\u011fl\u0131k d\u00fc\u015fse sulara Irmaklar Ad\u0131n\u0131 \u00e7izer topra\u011fa. De\u011fil mi ki [&hellip;]","og_url":"https:\/\/narteks.net\/index.php\/2009\/02\/27\/sen-ki-anlarsin\/","og_site_name":"narteks.net","article_published_time":"2009-02-27T10:25:23+00:00","og_image":[{"width":300,"height":90,"url":"https:\/\/narteks.net\/wp-content\/uploads\/narteks.png","type":"image\/png"}],"author":"Tar\u0131k","twitter_card":"summary_large_image","twitter_creator":"@narteks","twitter_site":"@narteks","twitter_misc":{"Yazan:":"Tar\u0131k","Tahmini okuma s\u00fcresi":"1 dakika"},"schema":{"@context":"https:\/\/schema.org","@graph":[{"@type":"Article","@id":"https:\/\/narteks.net\/index.php\/2009\/02\/27\/sen-ki-anlarsin\/#article","isPartOf":{"@id":"https:\/\/narteks.net\/index.php\/2009\/02\/27\/sen-ki-anlarsin\/"},"author":{"name":"Tar\u0131k","@id":"https:\/\/narteks.net\/#\/schema\/person\/61f37d9834294b72d31d274e7ed79bca"},"headline":"SEN KI ANLARSIN","datePublished":"2009-02-27T10:25:23+00:00","mainEntityOfPage":{"@id":"https:\/\/narteks.net\/index.php\/2009\/02\/27\/sen-ki-anlarsin\/"},"wordCount":254,"commentCount":0,"publisher":{"@id":"https:\/\/narteks.net\/#organization"},"articleSection":["Adnan Y\u00dcCEL"],"inLanguage":"tr","potentialAction":[{"@type":"CommentAction","name":"Comment","target":["https:\/\/narteks.net\/index.php\/2009\/02\/27\/sen-ki-anlarsin\/#respond"]}]},{"@type":"WebPage","@id":"https:\/\/narteks.net\/index.php\/2009\/02\/27\/sen-ki-anlarsin\/","url":"https:\/\/narteks.net\/index.php\/2009\/02\/27\/sen-ki-anlarsin\/","name":"SEN KI ANLARSIN - narteks.net","isPartOf":{"@id":"https:\/\/narteks.net\/#website"},"datePublished":"2009-02-27T10:25:23+00:00","breadcrumb":{"@id":"https:\/\/narteks.net\/index.php\/2009\/02\/27\/sen-ki-anlarsin\/#breadcrumb"},"inLanguage":"tr","potentialAction":[{"@type":"ReadAction","target":["https:\/\/narteks.net\/index.php\/2009\/02\/27\/sen-ki-anlarsin\/"]}]},{"@type":"BreadcrumbList","@id":"https:\/\/narteks.net\/index.php\/2009\/02\/27\/sen-ki-anlarsin\/#breadcrumb","itemListElement":[{"@type":"ListItem","position":1,"name":"Anasayfa","item":"https:\/\/narteks.net\/"},{"@type":"ListItem","position":2,"name":"SEN KI ANLARSIN"}]},{"@type":"WebSite","@id":"https:\/\/narteks.net\/#website","url":"https:\/\/narteks.net\/","name":"narteks.net","description":"K\u00fclt\u00fcr Sanat Edebiyat Felsefe","publisher":{"@id":"https:\/\/narteks.net\/#organization"},"alternateName":"K\u00fclt\u00fcr Sanat Edebiyat Felsefe","potentialAction":[{"@type":"SearchAction","target":{"@type":"EntryPoint","urlTemplate":"https:\/\/narteks.net\/?s={search_term_string}"},"query-input":{"@type":"PropertyValueSpecification","valueRequired":true,"valueName":"search_term_string"}}],"inLanguage":"tr"},{"@type":"Organization","@id":"https:\/\/narteks.net\/#organization","name":"narteks.net","url":"https:\/\/narteks.net\/","logo":{"@type":"ImageObject","inLanguage":"tr","@id":"https:\/\/narteks.net\/#\/schema\/logo\/image\/","url":"https:\/\/narteks.net\/wp-content\/uploads\/narteks.png","contentUrl":"https:\/\/narteks.net\/wp-content\/uploads\/narteks.png","width":300,"height":90,"caption":"narteks.net"},"image":{"@id":"https:\/\/narteks.net\/#\/schema\/logo\/image\/"},"sameAs":["https:\/\/x.com\/narteks","https:\/\/instagram.com\/narteksnet"]},{"@type":"Person","@id":"https:\/\/narteks.net\/#\/schema\/person\/61f37d9834294b72d31d274e7ed79bca","name":"Tar\u0131k","image":{"@type":"ImageObject","inLanguage":"tr","@id":"https:\/\/narteks.net\/#\/schema\/person\/image\/","url":"https:\/\/secure.gravatar.com\/avatar\/50865afb55632c4ae467e0af0930f6510aa2297d8014be502a55b14f3b7550cf?s=96&d=mm&r=g","contentUrl":"https:\/\/secure.gravatar.com\/avatar\/50865afb55632c4ae467e0af0930f6510aa2297d8014be502a55b14f3b7550cf?s=96&d=mm&r=g","caption":"Tar\u0131k"},"sameAs":["http:\/\/narteks.net"],"url":"https:\/\/narteks.net\/index.php\/author\/narbak\/"}]}},"_links":{"self":[{"href":"https:\/\/narteks.net\/index.php\/wp-json\/wp\/v2\/posts\/28","targetHints":{"allow":["GET"]}}],"collection":[{"href":"https:\/\/narteks.net\/index.php\/wp-json\/wp\/v2\/posts"}],"about":[{"href":"https:\/\/narteks.net\/index.php\/wp-json\/wp\/v2\/types\/post"}],"author":[{"embeddable":true,"href":"https:\/\/narteks.net\/index.php\/wp-json\/wp\/v2\/users\/1"}],"replies":[{"embeddable":true,"href":"https:\/\/narteks.net\/index.php\/wp-json\/wp\/v2\/comments?post=28"}],"version-history":[{"count":0,"href":"https:\/\/narteks.net\/index.php\/wp-json\/wp\/v2\/posts\/28\/revisions"}],"wp:attachment":[{"href":"https:\/\/narteks.net\/index.php\/wp-json\/wp\/v2\/media?parent=28"}],"wp:term":[{"taxonomy":"category","embeddable":true,"href":"https:\/\/narteks.net\/index.php\/wp-json\/wp\/v2\/categories?post=28"},{"taxonomy":"post_tag","embeddable":true,"href":"https:\/\/narteks.net\/index.php\/wp-json\/wp\/v2\/tags?post=28"}],"curies":[{"name":"wp","href":"https:\/\/api.w.org\/{rel}","templated":true}]}}