{"id":280,"date":"2009-03-01T14:36:34","date_gmt":"2009-03-01T11:36:34","guid":{"rendered":"http:\/\/localhost\/wordpress\/2009\/03\/01\/k-marks-lahey-kongresi\/"},"modified":"2009-03-01T14:36:34","modified_gmt":"2009-03-01T11:36:34","slug":"k-marks-lahey-kongresi","status":"publish","type":"post","link":"https:\/\/narteks.net\/index.php\/2009\/03\/01\/k-marks-lahey-kongresi\/","title":{"rendered":"K. Marks: Lahey Kongresi"},"content":{"rendered":"<p style=\"text-align: justify;\"><img loading=\"lazy\" decoding=\"async\" src=\"images\/stories\/karl_marx.jpg\" border=\"0\" width=\"155\" height=\"205\" style=\"float: left;\" \/>LAHEY KONGRES\u0130<br \/>8 EYL\u00dcL 1872 G\u00dcN\u00dc AMSTERDAM&#8217;DA YAPILAN TOPLANTIDAK\u0130 KONU\u015eMANIN TUTANA\u011eI[245]<\/p>\n<p> 18. Y\u00dcZYILDA krallar ve h\u00fck\u00fcmdarlar hanedanl\u0131klar\u0131n\u0131n \u00e7\u0131karlar\u0131n\u0131 g\u00f6r\u00fc\u015fmek \u00fczere Lahey&#8217;de biraraya gelirlerdi.<br \/> Kimilerinin i\u00e7imize salmaya \u00e7al\u0131\u015ft\u0131\u011f\u0131 korkulara kar\u015f\u0131n, i\u015f\u00e7i toplant\u0131lar\u0131 i\u015fte burada yapmak istedik. B\u00fcy\u00fck Birli\u011fimizin varl\u0131\u011f\u0131n\u0131, yay\u0131l\u0131\u015f\u0131n\u0131 ve gelece\u011fe d\u00f6n\u00fck umutlar\u0131n\u0131 en gerici insanlar\u0131n ortas\u0131nda ortaya koymak istedik.<br \/> Karar\u0131m\u0131z\u0131n duyulmas\u0131 \u00fczerine, ortam\u0131 haz\u0131rlamak \u00fczere g\u00f6revliler g\u00f6nderdi\u011fimiz s\u00f6ylendi. Her yerde g\u00f6revlilerimiz oldu\u011funu yads\u0131m\u0131yoruz; ama biz bunlar\u0131n \u00e7o\u011funu tan\u0131may\u0131z. Lahey&#8217;deki g\u00f6revlilerimiz, i\u015fleri Amsterdam&#8217;dakiler kadar a\u011f\u0131r olan, g\u00fcnde onalt\u0131 saat \u00e7al\u0131\u015fan i\u015f\u00e7ilerdir. G\u00f6revlilerimiz i\u015fte bunlard\u0131r, ba\u015fka g\u00f6revlilerimiz de yoktur. Ve boy g\u00f6sterdi\u011fimiz b\u00fct\u00fcn \u00fclkelerde bunlar\u0131n bize i\u00e7tenlikle kucak a\u00e7t\u0131\u011f\u0131n\u0131 g\u00f6r\u00fcyoruz, \u00e7\u00fcnk\u00fc bizim istedi\u011fimiz \u015feyin onlar\u0131n yazg\u0131lar\u0131n\u0131 iyile\u015ftirmek oldu\u011funu \u00e7ok ge\u00e7meden anl\u0131yorlar. (sayfa 349)<br \/> Lahey Kongresi belliba\u015fl\u0131 \u00fc\u00e7 \u015fey yapm\u0131\u015ft\u0131r:<br \/> \u0130\u015f\u00e7i s\u0131n\u0131f\u0131n\u0131n, toplumsal alanda oldu\u011fu kadar siyasal alanda da, eski topluma, \u00e7\u00f6kmekte olan bir topluma kar\u015f\u0131 sava\u015fmas\u0131n\u0131n zorunlulu\u011funu ilan etmi\u015ftir; ve Londra Konferans\u0131[203] karar\u0131n\u0131n \u015fu andan itibaren T\u00fcz\u00fc\u011f\u00fcm\u00fcze al\u0131nm\u0131\u015f oldu\u011funu g\u00f6rmekten mutluyuz.<br \/> \u0130\u00e7imizde i\u015f\u00e7ilerin siyasetten uzak durmas\u0131n\u0131 savunan bir grup olu\u015fmu\u015ftu.<br \/> Bu ilkeleri davam\u0131z i\u00e7in ne kadar tehlikeli ve zararl\u0131 buldu\u011fumuzu belirtmenin g\u00f6revimiz oldu\u011funu d\u00fc\u015f\u00fcnd\u00fck.<br \/> \u0130\u015f\u00e7i, eme\u011fi yeni bir bi\u00e7imde \u00f6rg\u00fctlemek i\u00e7in g\u00fcn\u00fcn birinde siyasal iktidar\u0131 elege\u00e7irmek zorunda kalacakt\u0131r; e\u011fer, onu ihmal eder ve alaya alan eski h\u0131ristiyanlar\u0131n durumunda oldu\u011fu gibi, yery\u00fcz\u00fc cennetinin yokolup gitti\u011fini g\u00f6rmek istemiyorsa, eski kurumlar\u0131 destekleyen eski politikay\u0131 altetmek zorunda kalacakt\u0131r.<br \/> Ama bu hedefe varma yollar\u0131n\u0131n her yerde ayn\u0131 oldu\u011funu hi\u00e7 bir zaman iddia etmedik.<br \/> \u00c7e\u015fitli \u00fclkelerin kurumlar\u0131n\u0131n, al\u0131\u015fkanl\u0131klar\u0131n\u0131n ve geleneklerinin dikkate al\u0131nmas\u0131 gerekti\u011fini biliyoruz; ve i\u015f\u00e7i s\u0131n\u0131f\u0131n\u0131n hedefine bar\u0131\u015f\u00e7\u0131l yollarla varabilece\u011fi Amerika, \u0130ngiltere -ve e\u011fer kurumlar\u0131n\u0131z\u0131 daha iyi bilseydim Hollanda&#8217;y\u0131 da bunlara eklerdim- gibi \u00fclkeler oldu\u011funu yads\u0131m\u0131yoruz. E\u011fer bu do\u011fruysa, K\u0131ta \u00fclkelerinin \u00e7o\u011funda devrimlerimizin manivelas\u0131n\u0131n zor olmas\u0131 gerekti\u011fini de kabul etmeliyiz; eme\u011fin egemenli\u011fini kurmak i\u00e7in g\u00fcn\u00fcn birinde ba\u015fvurmak zorunda kalaca\u011f\u0131m\u0131z \u015fey, zordur.<br \/> Lahey Kongresi, Genel Konseye, yeni ve daha geni\u015f yetkiler vermi\u015ftir. Ger\u00e7ekten de, krallar\u0131n Berlin&#8217;de biraraya geldikleri,[246] feodal sistemin ve ge\u00e7mi\u015f zamanlar\u0131n g\u00fc\u00e7l\u00fc temsilcilerinin bu toplant\u0131s\u0131n\u0131n sonucu olarak bize kar\u015f\u0131 yeni ve daha sert bask\u0131 \u00f6nlemlerinin al\u0131naca\u011f\u0131, ve kovu\u015fturmalar\u0131n haz\u0131rland\u0131\u011f\u0131 bir s\u0131ra, Lahey Kongresi, Genel Konseyinin yetkilerini art\u0131rmay\u0131 ve ba\u015flamak \u00fczere olan ve m\u00fccadeleye y\u00f6nelik ve yal\u0131t\u0131lman\u0131n g\u00fc\u00e7s\u00fcz b\u0131rakaca\u011f\u0131 b\u00fct\u00fcn eylemleri merkezile\u015ftirmeyi uygun ve zorunlu bulmu\u015ftur. Ayr\u0131ca, Genel Konseyin yetkisi, d\u00fc\u015fmanlar\u0131m\u0131zdan ba\u015fka kimi ku\u015fkuland\u0131rabilir ki? Kendi iradesini dayatmak i\u00e7in bir (sayfa 350) b\u00fcrokrasiye ve silahl\u0131 polis g\u00fcc\u00fcne sahip midir ki? Yetkisi tamam\u0131yla manevi de\u011fil midir, ve b\u00fct\u00fcn kararlar\u0131n\u0131 bunlar\u0131 uygulamakla yetkili federasyonlara sunmuyor mu? Bu ko\u015fullar alt\u0131nda, ordusu, polisi ve adliyesi olmayan krallar, iktidarlar\u0131n\u0131 manevi etki ve yetkiyle s\u00fcrd\u00fcrmek durumunda b\u0131rak\u0131lsayd\u0131lar, devrimin ilerlemesinin kar\u015f\u0131s\u0131nda \u00e7ok dayan\u0131ks\u0131z engeller olurlard\u0131.<br \/> Son olarak, Lahey Kongresi, Genel Konseyin yerini New York&#8217;a aktarm\u0131\u015ft\u0131r. Dostlar\u0131m\u0131z dahil bir\u00e7oklar\u0131, bu karar kar\u015f\u0131s\u0131nda \u015fa\u015f\u0131rm\u0131\u015f g\u00f6r\u00fcn\u00fcyorlar. Bunlar Amerika&#8217;n\u0131n m\u00fckemmel bir i\u015f\u00e7i diyar\u0131 haline gelmekte oldu\u011funu, her y\u0131l yar\u0131m milyon insan\u0131n -\u00e7al\u0131\u015fan insan\u0131n- bu k\u0131taya g\u00f6\u00e7mekte oldu\u011funu ve Enternasyonalin i\u015f\u00e7ilerin egemen olduklar\u0131 topraklarda g\u00fc\u00e7l\u00fc bir bi\u00e7imde k\u00f6k salmak zorunda oldu\u011funu unutuyorlar m\u0131? Kongre karar\u0131, bunun yan\u0131nda, Genel Konseye, ortak davan\u0131n \u00e7\u0131karlar\u0131 a\u00e7\u0131s\u0131ndan yararl\u0131 ve zorunlu g\u00f6rd\u00fc\u011f\u00fc kimseleri \u00fcye alma yetkisini veriyor. G\u00f6revlerine uyan ve Birli\u011fimizin bayra\u011f\u0131n\u0131 Avrupa&#8217;da g\u00fc\u00e7l\u00fc bir bi\u00e7imde dalgaland\u0131racak kimseleri se\u00e7ecek kadar ustal\u0131kl\u0131 olaca\u011f\u0131n\u0131 umal\u0131m.<br \/> Yurtta\u015flar, Enternasyonalin temel ilkesini d\u00fc\u015f\u00fcnelim: dayan\u0131\u015fma! Ya\u015fam dolu bu ilkeyi b\u00fct\u00fcn \u00fclkelerin t\u00fcm i\u015f\u00e7ileri aras\u0131nda sa\u011flam bir temel \u00fczerine oturtmaklad\u0131r ki, ama\u00e7lad\u0131\u011f\u0131m\u0131z b\u00fcy\u00fck hedefe ula\u015fmay\u0131 ba\u015faraca\u011f\u0131z. Devrim dayan\u0131\u015fma gerektirir; Paris proletaryas\u0131n\u0131n y\u00fcce ayaklanmas\u0131na tekab\u00fcl eden b\u00fcy\u00fck devrimci hareket, b\u00fct\u00fcn merkezlerde, Berlin&#8217;de, Madrid&#8217;de ve \u00f6teki yerlerde de g\u00f6r\u00fclmedi\u011fi i\u00e7in d\u00fc\u015fen Paris Kom\u00fcn\u00fc, bunu bize \u00f6\u011freten b\u00fcy\u00fck bir \u00f6rnektir. Bana gelince, \u00e7abalar\u0131m\u0131 s\u00fcrd\u00fcrece\u011fim; ve gelecekte bunca verimli olan bu dayan\u0131\u015fmay\u0131 b\u00fct\u00fcn i\u015f\u00e7iler aras\u0131nda yerle\u015ftirmek i\u00e7in durmadan \u00e7al\u0131\u015faca\u011f\u0131m. Hay\u0131r, Enternasyonalden \u00e7ekilmiyorum, ve ya\u015fam\u0131m\u0131n geri kalan b\u00f6l\u00fcm\u00fc, ge\u00e7mi\u015f \u00e7abalar\u0131m gibi, bir g\u00fcn -bundan emin olabilirsiniz- proletaryay\u0131 d\u00fcnya \u00e7ap\u0131nda muzaffer k\u0131lacak toplumsal d\u00fc\u015f\u00fcncelerin zaferine adanacakt\u0131r. (sayfa 351)<\/p>\n<p> <em>15 Eyl\u00fcl 1872 tarihli La Liberte n\u00b0 37&#8217;de ve 2 Ekim 1872 tarihli Volksstaat n\u00b0 19&#8217;da yay\u0131mlanm\u0131\u015ft\u0131r<\/em><\/p>\n<p><strong>Dipnotlar<\/strong><br \/>[203] Birinci Enternasyonalin Londra Konferans\u0131 17-23 Eyl\u00fcl 1871 tarihleri aras\u0131nda topland\u0131. Konferans, Paris Kom\u00fcn\u00fcn\u00fcn yenilgiye u\u011framas\u0131ndan sonra, Enternasyonal \u00fcyeleri \u00fczerinde amans\u0131z bir bask\u0131 oldu\u011fu s\u0131rada yap\u0131ld\u0131\u011f\u0131 i\u00e7in, \u00fcye say\u0131s\u0131 epey azd\u0131: konferansa 22 delege kat\u0131lm\u0131\u015ft\u0131, bunlardan 10&#8217;unun oy ve s\u00f6z hakk\u0131, 10&#8217;unun da yaln\u0131zca s\u00f6z hakk\u0131 vard\u0131. Delege g\u00f6nderememi\u015f olan \u00fclkeler, bu \u00fclkelerin Genel Konseydeki sekreterleri taraf\u0131ndan temsil olunuyordu. Marks Almanya&#8217;y\u0131, Engels de \u0130talya&#8217;y\u0131 temsil ediyorlard\u0131.<br \/> Londra Konferans\u0131, Marks ve Engels&#8217;in bir proleter partinin kurulmas\u0131 yolunda giri\u015fmi\u015f olduklar\u0131 m\u00fccadelede \u00f6nemli bir a\u015fama olmu\u015ftur. Konferans &#8220;\u0130\u015f\u00e7i S\u0131n\u0131f\u0131n\u0131n Siyasal Eylemi&#8221;ne ili\u015fkin bir karar kabul etti. Bu karar\u0131n temel b\u00f6l\u00fcm\u00fc, Enternasyonalin Lahey Kongresinin karar\u0131 uyar\u0131nca, Uluslararas\u0131 \u0130\u015f\u00e7i Birli\u011finin Genel T\u00fcz\u00fc\u011f\u00fcne al\u0131nd\u0131. Konferans kararlar\u0131nda proleter partinin bir\u00e7ok \u00f6nemli taktik ve \u00f6rg\u00fctsel ilkeleri form\u00fcle edilmekteydi. Bu ilkeler, sekterli\u011fe ve reformizme a\u011f\u0131r darbeler indirmi\u015ftir. Londra Konferans\u0131, anar\u015fizm ve oport\u00fcnizm kar\u015f\u0131s\u0131nda proleter partizanl\u0131\u011f\u0131n ilkelerinin y\u00fcceltilmesinde \u00e7ok \u00f6nemli bir rol oynam\u0131\u015ft\u0131r. -294, 309, 347, 350. <br \/>[245] Lahey Kongresi&#8217;nden sonra Marks ve \u00f6teki delegeler Enternasyonalin yerel kesimini ziyaret etmek \u00fczere Amsterdam&#8217;a gittiler. 8 Eyl\u00fcl g\u00fcn\u00fc Marks, toplant\u0131da Lahey Kongresi&#8217;nin sonu\u00e7lar\u0131 konusunda bir konu\u015fma yapt\u0131. Marks, proleter devrimini ve proletarya diktat\u00f6rl\u00fc\u011f\u00fcn\u00fc y\u0131lmadan savunarak, bu konu\u015fmas\u0131nda, kapitalizmden sosyalizme ge\u00e7i\u015f bi\u00e7imlerinin de\u011fi\u015fik \u00fclkelerde somut tarihsel ko\u015fullara, s\u0131n\u0131flararas\u0131 g\u00fc\u00e7ler dengesine ve ili\u015fkilere ba\u011fl\u0131 olaca\u011f\u0131n\u0131 g\u00f6stererek bu soruna yarat\u0131c\u0131 bir yakla\u015f\u0131mda bulundu. Bir \u00e7ok \u00fclkede zorun, proletarya diktat\u00f6rl\u00fc\u011f\u00fcn\u00fcn kurulmas\u0131 ve korunmas\u0131 i\u00e7in ka\u00e7\u0131n\u0131lmaz olmas\u0131 yan\u0131nda, baz\u0131 \u00fclkelerde de (\u0130ngiltere, ABD ve belki Hollanda), mevcut tarihsel ko\u015fullar y\u00fcz\u00fcnden (iyi \u00f6rg\u00fctlenmi\u015f b\u00fcrokratik ve militarist bir ayg\u0131t\u0131n bulunmay\u0131\u015f\u0131) proletaryan\u0131n siyasal egemenli\u011fi devrimci zora ba\u015fvurmadan da elde edebilece\u011fi tezini ortaya atm\u0131\u015ft\u0131r. -349. <br \/>[246] S\u00f6zkonusu olan toplant\u0131, \u00fc\u00e7 imparatorun -Wilhelm I, Franz-Josef ve Aleksandr II&#8217;nin- Eyl\u00fcl 1972&#8217;de Berlin&#8217;de yapt\u0131klar\u0131 toplant\u0131d\u0131r. -350<\/p>\n","protected":false},"excerpt":{"rendered":"<p>LAHEY KONGRES\u01308 EYL\u00dcL 1872 G\u00dcN\u00dc AMSTERDAM&#8217;DA YAPILAN TOPLANTIDAK\u0130 KONU\u015eMANIN TUTANA\u011eI[245] 18. Y\u00dcZYILDA krallar ve h\u00fck\u00fcmdarlar hanedanl\u0131klar\u0131n\u0131n \u00e7\u0131karlar\u0131n\u0131 g\u00f6r\u00fc\u015fmek \u00fczere Lahey&#8217;de biraraya gelirlerdi. Kimilerinin i\u00e7imize salmaya \u00e7al\u0131\u015ft\u0131\u011f\u0131 korkulara kar\u015f\u0131n, i\u015f\u00e7i toplant\u0131lar\u0131 i\u015fte burada yapmak istedik. B\u00fcy\u00fck Birli\u011fimizin varl\u0131\u011f\u0131n\u0131, yay\u0131l\u0131\u015f\u0131n\u0131 ve gelece\u011fe d\u00f6n\u00fck umutlar\u0131n\u0131 en gerici insanlar\u0131n ortas\u0131nda ortaya koymak istedik. Karar\u0131m\u0131z\u0131n duyulmas\u0131 \u00fczerine, ortam\u0131 haz\u0131rlamak \u00fczere [&hellip;]<\/p>\n","protected":false},"author":1,"featured_media":0,"comment_status":"open","ping_status":"open","sticky":false,"template":"","format":"standard","meta":{"footnotes":""},"categories":[33],"tags":[],"class_list":{"0":"post-280","1":"post","2":"type-post","3":"status-publish","4":"format-standard","6":"category-karl-marx-friedrich-engels-arsivi"},"yoast_head":"<!-- This site is optimized with the Yoast SEO Premium plugin v24.9 (Yoast SEO v24.9) - https:\/\/yoast.com\/wordpress\/plugins\/seo\/ -->\n<title>K. Marks: Lahey Kongresi - narteks.net<\/title>\n<meta name=\"robots\" content=\"index, follow, max-snippet:-1, max-image-preview:large, max-video-preview:-1\" \/>\n<link rel=\"canonical\" href=\"https:\/\/narteks.net\/index.php\/2009\/03\/01\/k-marks-lahey-kongresi\/\" \/>\n<meta property=\"og:locale\" content=\"tr_TR\" \/>\n<meta property=\"og:type\" content=\"article\" \/>\n<meta property=\"og:title\" content=\"K. Marks: Lahey Kongresi\" \/>\n<meta property=\"og:description\" content=\"LAHEY KONGRES\u01308 EYL\u00dcL 1872 G\u00dcN\u00dc AMSTERDAM&#8217;DA YAPILAN TOPLANTIDAK\u0130 KONU\u015eMANIN TUTANA\u011eI[245] 18. Y\u00dcZYILDA krallar ve h\u00fck\u00fcmdarlar hanedanl\u0131klar\u0131n\u0131n \u00e7\u0131karlar\u0131n\u0131 g\u00f6r\u00fc\u015fmek \u00fczere Lahey&#8217;de biraraya gelirlerdi. Kimilerinin i\u00e7imize salmaya \u00e7al\u0131\u015ft\u0131\u011f\u0131 korkulara kar\u015f\u0131n, i\u015f\u00e7i toplant\u0131lar\u0131 i\u015fte burada yapmak istedik. B\u00fcy\u00fck Birli\u011fimizin varl\u0131\u011f\u0131n\u0131, yay\u0131l\u0131\u015f\u0131n\u0131 ve gelece\u011fe d\u00f6n\u00fck umutlar\u0131n\u0131 en gerici insanlar\u0131n ortas\u0131nda ortaya koymak istedik. Karar\u0131m\u0131z\u0131n duyulmas\u0131 \u00fczerine, ortam\u0131 haz\u0131rlamak \u00fczere [&hellip;]\" \/>\n<meta property=\"og:url\" content=\"https:\/\/narteks.net\/index.php\/2009\/03\/01\/k-marks-lahey-kongresi\/\" \/>\n<meta property=\"og:site_name\" content=\"narteks.net\" \/>\n<meta property=\"article:published_time\" content=\"2009-03-01T11:36:34+00:00\" \/>\n<meta property=\"og:image\" content=\"https:\/\/narteks.net\/wp-content\/uploads\/narteks.png\" \/>\n\t<meta property=\"og:image:width\" content=\"300\" \/>\n\t<meta property=\"og:image:height\" content=\"90\" \/>\n\t<meta property=\"og:image:type\" content=\"image\/png\" \/>\n<meta name=\"author\" content=\"Tar\u0131k\" \/>\n<meta name=\"twitter:card\" content=\"summary_large_image\" \/>\n<meta name=\"twitter:creator\" content=\"@narteks\" \/>\n<meta name=\"twitter:site\" content=\"@narteks\" \/>\n<meta name=\"twitter:label1\" content=\"Yazan:\" \/>\n\t<meta name=\"twitter:data1\" content=\"Tar\u0131k\" \/>\n\t<meta name=\"twitter:label2\" content=\"Tahmini okuma s\u00fcresi\" \/>\n\t<meta name=\"twitter:data2\" content=\"7 dakika\" \/>\n<script type=\"application\/ld+json\" class=\"yoast-schema-graph\">{\"@context\":\"https:\/\/schema.org\",\"@graph\":[{\"@type\":\"Article\",\"@id\":\"https:\/\/narteks.net\/index.php\/2009\/03\/01\/k-marks-lahey-kongresi\/#article\",\"isPartOf\":{\"@id\":\"https:\/\/narteks.net\/index.php\/2009\/03\/01\/k-marks-lahey-kongresi\/\"},\"author\":{\"name\":\"Tar\u0131k\",\"@id\":\"https:\/\/narteks.net\/#\/schema\/person\/61f37d9834294b72d31d274e7ed79bca\"},\"headline\":\"K. Marks: Lahey Kongresi\",\"datePublished\":\"2009-03-01T11:36:34+00:00\",\"mainEntityOfPage\":{\"@id\":\"https:\/\/narteks.net\/index.php\/2009\/03\/01\/k-marks-lahey-kongresi\/\"},\"wordCount\":1309,\"commentCount\":0,\"publisher\":{\"@id\":\"https:\/\/narteks.net\/#organization\"},\"articleSection\":[\"Karl Marx - Friedrich Engels Ar\u015fivi\"],\"inLanguage\":\"tr\",\"potentialAction\":[{\"@type\":\"CommentAction\",\"name\":\"Comment\",\"target\":[\"https:\/\/narteks.net\/index.php\/2009\/03\/01\/k-marks-lahey-kongresi\/#respond\"]}]},{\"@type\":\"WebPage\",\"@id\":\"https:\/\/narteks.net\/index.php\/2009\/03\/01\/k-marks-lahey-kongresi\/\",\"url\":\"https:\/\/narteks.net\/index.php\/2009\/03\/01\/k-marks-lahey-kongresi\/\",\"name\":\"K. Marks: Lahey Kongresi - narteks.net\",\"isPartOf\":{\"@id\":\"https:\/\/narteks.net\/#website\"},\"datePublished\":\"2009-03-01T11:36:34+00:00\",\"breadcrumb\":{\"@id\":\"https:\/\/narteks.net\/index.php\/2009\/03\/01\/k-marks-lahey-kongresi\/#breadcrumb\"},\"inLanguage\":\"tr\",\"potentialAction\":[{\"@type\":\"ReadAction\",\"target\":[\"https:\/\/narteks.net\/index.php\/2009\/03\/01\/k-marks-lahey-kongresi\/\"]}]},{\"@type\":\"BreadcrumbList\",\"@id\":\"https:\/\/narteks.net\/index.php\/2009\/03\/01\/k-marks-lahey-kongresi\/#breadcrumb\",\"itemListElement\":[{\"@type\":\"ListItem\",\"position\":1,\"name\":\"Anasayfa\",\"item\":\"https:\/\/narteks.net\/\"},{\"@type\":\"ListItem\",\"position\":2,\"name\":\"K. Marks: Lahey Kongresi\"}]},{\"@type\":\"WebSite\",\"@id\":\"https:\/\/narteks.net\/#website\",\"url\":\"https:\/\/narteks.net\/\",\"name\":\"narteks.net\",\"description\":\"K\u00fclt\u00fcr Sanat Edebiyat Felsefe\",\"publisher\":{\"@id\":\"https:\/\/narteks.net\/#organization\"},\"alternateName\":\"K\u00fclt\u00fcr Sanat Edebiyat Felsefe\",\"potentialAction\":[{\"@type\":\"SearchAction\",\"target\":{\"@type\":\"EntryPoint\",\"urlTemplate\":\"https:\/\/narteks.net\/?s={search_term_string}\"},\"query-input\":{\"@type\":\"PropertyValueSpecification\",\"valueRequired\":true,\"valueName\":\"search_term_string\"}}],\"inLanguage\":\"tr\"},{\"@type\":\"Organization\",\"@id\":\"https:\/\/narteks.net\/#organization\",\"name\":\"narteks.net\",\"url\":\"https:\/\/narteks.net\/\",\"logo\":{\"@type\":\"ImageObject\",\"inLanguage\":\"tr\",\"@id\":\"https:\/\/narteks.net\/#\/schema\/logo\/image\/\",\"url\":\"https:\/\/narteks.net\/wp-content\/uploads\/narteks.png\",\"contentUrl\":\"https:\/\/narteks.net\/wp-content\/uploads\/narteks.png\",\"width\":300,\"height\":90,\"caption\":\"narteks.net\"},\"image\":{\"@id\":\"https:\/\/narteks.net\/#\/schema\/logo\/image\/\"},\"sameAs\":[\"https:\/\/x.com\/narteks\",\"https:\/\/instagram.com\/narteksnet\"]},{\"@type\":\"Person\",\"@id\":\"https:\/\/narteks.net\/#\/schema\/person\/61f37d9834294b72d31d274e7ed79bca\",\"name\":\"Tar\u0131k\",\"image\":{\"@type\":\"ImageObject\",\"inLanguage\":\"tr\",\"@id\":\"https:\/\/narteks.net\/#\/schema\/person\/image\/\",\"url\":\"https:\/\/secure.gravatar.com\/avatar\/50865afb55632c4ae467e0af0930f6510aa2297d8014be502a55b14f3b7550cf?s=96&d=mm&r=g\",\"contentUrl\":\"https:\/\/secure.gravatar.com\/avatar\/50865afb55632c4ae467e0af0930f6510aa2297d8014be502a55b14f3b7550cf?s=96&d=mm&r=g\",\"caption\":\"Tar\u0131k\"},\"sameAs\":[\"http:\/\/narteks.net\"],\"url\":\"https:\/\/narteks.net\/index.php\/author\/narbak\/\"}]}<\/script>\n<!-- \/ Yoast SEO Premium plugin. -->","yoast_head_json":{"title":"K. Marks: Lahey Kongresi - narteks.net","robots":{"index":"index","follow":"follow","max-snippet":"max-snippet:-1","max-image-preview":"max-image-preview:large","max-video-preview":"max-video-preview:-1"},"canonical":"https:\/\/narteks.net\/index.php\/2009\/03\/01\/k-marks-lahey-kongresi\/","og_locale":"tr_TR","og_type":"article","og_title":"K. Marks: Lahey Kongresi","og_description":"LAHEY KONGRES\u01308 EYL\u00dcL 1872 G\u00dcN\u00dc AMSTERDAM&#8217;DA YAPILAN TOPLANTIDAK\u0130 KONU\u015eMANIN TUTANA\u011eI[245] 18. Y\u00dcZYILDA krallar ve h\u00fck\u00fcmdarlar hanedanl\u0131klar\u0131n\u0131n \u00e7\u0131karlar\u0131n\u0131 g\u00f6r\u00fc\u015fmek \u00fczere Lahey&#8217;de biraraya gelirlerdi. Kimilerinin i\u00e7imize salmaya \u00e7al\u0131\u015ft\u0131\u011f\u0131 korkulara kar\u015f\u0131n, i\u015f\u00e7i toplant\u0131lar\u0131 i\u015fte burada yapmak istedik. B\u00fcy\u00fck Birli\u011fimizin varl\u0131\u011f\u0131n\u0131, yay\u0131l\u0131\u015f\u0131n\u0131 ve gelece\u011fe d\u00f6n\u00fck umutlar\u0131n\u0131 en gerici insanlar\u0131n ortas\u0131nda ortaya koymak istedik. Karar\u0131m\u0131z\u0131n duyulmas\u0131 \u00fczerine, ortam\u0131 haz\u0131rlamak \u00fczere [&hellip;]","og_url":"https:\/\/narteks.net\/index.php\/2009\/03\/01\/k-marks-lahey-kongresi\/","og_site_name":"narteks.net","article_published_time":"2009-03-01T11:36:34+00:00","og_image":[{"width":300,"height":90,"url":"https:\/\/narteks.net\/wp-content\/uploads\/narteks.png","type":"image\/png"}],"author":"Tar\u0131k","twitter_card":"summary_large_image","twitter_creator":"@narteks","twitter_site":"@narteks","twitter_misc":{"Yazan:":"Tar\u0131k","Tahmini okuma s\u00fcresi":"7 dakika"},"schema":{"@context":"https:\/\/schema.org","@graph":[{"@type":"Article","@id":"https:\/\/narteks.net\/index.php\/2009\/03\/01\/k-marks-lahey-kongresi\/#article","isPartOf":{"@id":"https:\/\/narteks.net\/index.php\/2009\/03\/01\/k-marks-lahey-kongresi\/"},"author":{"name":"Tar\u0131k","@id":"https:\/\/narteks.net\/#\/schema\/person\/61f37d9834294b72d31d274e7ed79bca"},"headline":"K. Marks: Lahey Kongresi","datePublished":"2009-03-01T11:36:34+00:00","mainEntityOfPage":{"@id":"https:\/\/narteks.net\/index.php\/2009\/03\/01\/k-marks-lahey-kongresi\/"},"wordCount":1309,"commentCount":0,"publisher":{"@id":"https:\/\/narteks.net\/#organization"},"articleSection":["Karl Marx - Friedrich Engels Ar\u015fivi"],"inLanguage":"tr","potentialAction":[{"@type":"CommentAction","name":"Comment","target":["https:\/\/narteks.net\/index.php\/2009\/03\/01\/k-marks-lahey-kongresi\/#respond"]}]},{"@type":"WebPage","@id":"https:\/\/narteks.net\/index.php\/2009\/03\/01\/k-marks-lahey-kongresi\/","url":"https:\/\/narteks.net\/index.php\/2009\/03\/01\/k-marks-lahey-kongresi\/","name":"K. Marks: Lahey Kongresi - narteks.net","isPartOf":{"@id":"https:\/\/narteks.net\/#website"},"datePublished":"2009-03-01T11:36:34+00:00","breadcrumb":{"@id":"https:\/\/narteks.net\/index.php\/2009\/03\/01\/k-marks-lahey-kongresi\/#breadcrumb"},"inLanguage":"tr","potentialAction":[{"@type":"ReadAction","target":["https:\/\/narteks.net\/index.php\/2009\/03\/01\/k-marks-lahey-kongresi\/"]}]},{"@type":"BreadcrumbList","@id":"https:\/\/narteks.net\/index.php\/2009\/03\/01\/k-marks-lahey-kongresi\/#breadcrumb","itemListElement":[{"@type":"ListItem","position":1,"name":"Anasayfa","item":"https:\/\/narteks.net\/"},{"@type":"ListItem","position":2,"name":"K. Marks: Lahey Kongresi"}]},{"@type":"WebSite","@id":"https:\/\/narteks.net\/#website","url":"https:\/\/narteks.net\/","name":"narteks.net","description":"K\u00fclt\u00fcr Sanat Edebiyat Felsefe","publisher":{"@id":"https:\/\/narteks.net\/#organization"},"alternateName":"K\u00fclt\u00fcr Sanat Edebiyat Felsefe","potentialAction":[{"@type":"SearchAction","target":{"@type":"EntryPoint","urlTemplate":"https:\/\/narteks.net\/?s={search_term_string}"},"query-input":{"@type":"PropertyValueSpecification","valueRequired":true,"valueName":"search_term_string"}}],"inLanguage":"tr"},{"@type":"Organization","@id":"https:\/\/narteks.net\/#organization","name":"narteks.net","url":"https:\/\/narteks.net\/","logo":{"@type":"ImageObject","inLanguage":"tr","@id":"https:\/\/narteks.net\/#\/schema\/logo\/image\/","url":"https:\/\/narteks.net\/wp-content\/uploads\/narteks.png","contentUrl":"https:\/\/narteks.net\/wp-content\/uploads\/narteks.png","width":300,"height":90,"caption":"narteks.net"},"image":{"@id":"https:\/\/narteks.net\/#\/schema\/logo\/image\/"},"sameAs":["https:\/\/x.com\/narteks","https:\/\/instagram.com\/narteksnet"]},{"@type":"Person","@id":"https:\/\/narteks.net\/#\/schema\/person\/61f37d9834294b72d31d274e7ed79bca","name":"Tar\u0131k","image":{"@type":"ImageObject","inLanguage":"tr","@id":"https:\/\/narteks.net\/#\/schema\/person\/image\/","url":"https:\/\/secure.gravatar.com\/avatar\/50865afb55632c4ae467e0af0930f6510aa2297d8014be502a55b14f3b7550cf?s=96&d=mm&r=g","contentUrl":"https:\/\/secure.gravatar.com\/avatar\/50865afb55632c4ae467e0af0930f6510aa2297d8014be502a55b14f3b7550cf?s=96&d=mm&r=g","caption":"Tar\u0131k"},"sameAs":["http:\/\/narteks.net"],"url":"https:\/\/narteks.net\/index.php\/author\/narbak\/"}]}},"_links":{"self":[{"href":"https:\/\/narteks.net\/index.php\/wp-json\/wp\/v2\/posts\/280","targetHints":{"allow":["GET"]}}],"collection":[{"href":"https:\/\/narteks.net\/index.php\/wp-json\/wp\/v2\/posts"}],"about":[{"href":"https:\/\/narteks.net\/index.php\/wp-json\/wp\/v2\/types\/post"}],"author":[{"embeddable":true,"href":"https:\/\/narteks.net\/index.php\/wp-json\/wp\/v2\/users\/1"}],"replies":[{"embeddable":true,"href":"https:\/\/narteks.net\/index.php\/wp-json\/wp\/v2\/comments?post=280"}],"version-history":[{"count":0,"href":"https:\/\/narteks.net\/index.php\/wp-json\/wp\/v2\/posts\/280\/revisions"}],"wp:attachment":[{"href":"https:\/\/narteks.net\/index.php\/wp-json\/wp\/v2\/media?parent=280"}],"wp:term":[{"taxonomy":"category","embeddable":true,"href":"https:\/\/narteks.net\/index.php\/wp-json\/wp\/v2\/categories?post=280"},{"taxonomy":"post_tag","embeddable":true,"href":"https:\/\/narteks.net\/index.php\/wp-json\/wp\/v2\/tags?post=280"}],"curies":[{"name":"wp","href":"https:\/\/api.w.org\/{rel}","templated":true}]}}