{"id":2807,"date":"2009-12-07T13:54:34","date_gmt":"2009-12-07T10:54:34","guid":{"rendered":"http:\/\/localhost\/wordpress\/2009\/12\/07\/itirazin-iki-sarti\/"},"modified":"2009-12-07T13:54:34","modified_gmt":"2009-12-07T10:54:34","slug":"itirazin-iki-sarti","status":"publish","type":"post","link":"https:\/\/narteks.net\/index.php\/2009\/12\/07\/itirazin-iki-sarti\/","title":{"rendered":"\u0130T\u0130RAZIN \u0130K\u0130 \u015eARTI"},"content":{"rendered":"<p>\u00a0<\/p>\n<p>\u00e7ok olmad\u0131\u011f\u0131m\u0131z kesin<br \/>\u00e7ok olan tarafta de\u011filiz<br \/>\u00e7ok olan tarafta olmayaca\u011f\u0131z<br \/>t\u00fcrkiye&#8217;de k\u00fcrt olaca\u011f\u0131z<br \/>k\u00fcrtlerde ermeni<br \/>ermenilerde s\u00fcryani<br \/>gidip almanya&#8217;da t\u00fcrk olaca\u011f\u0131z<br \/>hollanda&#8217;da surinaml\u0131<br \/>fransa&#8217;da cezayirli<br \/>iran&#8217;da azeri<br \/>amerika&#8217;da zifiri zenci olaca\u011f\u0131z<br \/>\u00e7o\u011falan zencide mutlaka k\u0131z\u0131lderili<br \/>israil&#8217;de filistinli<br \/>k\u00f6pe\u011fin kar\u015f\u0131s\u0131nda kedi<br \/>kedinin kar\u015f\u0131s\u0131nda ku\u015f olaca\u011f\u0131z<br \/>ku\u015fun kar\u015f\u0131s\u0131nda b\u00f6rt\u00fc b\u00f6cek<br \/>hakemler hep kar\u015f\u0131 tak\u0131m\u0131 tutacak<br \/>ve biz hep yedi ki\u015fiyle tamamlayaca\u011f\u0131z ma\u00e7\u0131<br \/>\u00e7i\u00e7eklerden kamelya olaca\u011f\u0131z<br \/>az kolumuzun taraf\u0131nda<br \/>solda olaca\u011f\u0131z<br \/>bu itiraz\u0131n ilk \u015fart\u0131<br \/>solda da az olaca\u011f\u0131z<br \/>devrimi \u00e7o\u011falt\u0131rken \u00e7\u00fcnk\u00fc<br \/>bir ba\u015fka devrime h\u0131zla azalaca\u011f\u0131z<\/p>\n<p>bu da itiraz\u0131n ikinci \u015fart\u0131<\/p>\n<p>Nevzat \u00c7EL\u0130K<\/p>\n","protected":false},"excerpt":{"rendered":"<p>\u00a0 \u00e7ok olmad\u0131\u011f\u0131m\u0131z kesin\u00e7ok olan tarafta de\u011filiz\u00e7ok olan tarafta olmayaca\u011f\u0131zt\u00fcrkiye&#8217;de k\u00fcrt olaca\u011f\u0131zk\u00fcrtlerde ermeniermenilerde s\u00fcryanigidip almanya&#8217;da t\u00fcrk olaca\u011f\u0131zhollanda&#8217;da surinaml\u0131fransa&#8217;da cezayirliiran&#8217;da azeriamerika&#8217;da zifiri zenci olaca\u011f\u0131z\u00e7o\u011falan zencide mutlaka k\u0131z\u0131lderiliisrail&#8217;de filistinlik\u00f6pe\u011fin kar\u015f\u0131s\u0131nda kedikedinin kar\u015f\u0131s\u0131nda ku\u015f olaca\u011f\u0131zku\u015fun kar\u015f\u0131s\u0131nda b\u00f6rt\u00fc b\u00f6cekhakemler hep kar\u015f\u0131 tak\u0131m\u0131 tutacakve biz hep yedi ki\u015fiyle tamamlayaca\u011f\u0131z ma\u00e7\u0131\u00e7i\u00e7eklerden kamelya olaca\u011f\u0131zaz kolumuzun taraf\u0131ndasolda olaca\u011f\u0131zbu itiraz\u0131n ilk \u015fart\u0131solda da az [&hellip;]<\/p>\n","protected":false},"author":1,"featured_media":0,"comment_status":"open","ping_status":"open","sticky":false,"template":"","format":"standard","meta":{"footnotes":""},"categories":[25],"tags":[],"class_list":{"0":"post-2807","1":"post","2":"type-post","3":"status-publish","4":"format-standard","6":"category-nevzat-celik"},"yoast_head":"<!-- This site is optimized with the Yoast SEO Premium plugin v24.9 (Yoast SEO v24.9) - https:\/\/yoast.com\/wordpress\/plugins\/seo\/ -->\n<title>\u0130T\u0130RAZIN \u0130K\u0130 \u015eARTI - narteks.net<\/title>\n<meta name=\"robots\" content=\"index, follow, max-snippet:-1, max-image-preview:large, max-video-preview:-1\" \/>\n<link rel=\"canonical\" href=\"https:\/\/narteks.net\/index.php\/2009\/12\/07\/itirazin-iki-sarti\/\" \/>\n<meta property=\"og:locale\" content=\"tr_TR\" \/>\n<meta property=\"og:type\" content=\"article\" \/>\n<meta property=\"og:title\" content=\"\u0130T\u0130RAZIN \u0130K\u0130 \u015eARTI\" \/>\n<meta property=\"og:description\" content=\"\u00a0 \u00e7ok olmad\u0131\u011f\u0131m\u0131z kesin\u00e7ok olan tarafta de\u011filiz\u00e7ok olan tarafta olmayaca\u011f\u0131zt\u00fcrkiye&#8217;de k\u00fcrt olaca\u011f\u0131zk\u00fcrtlerde ermeniermenilerde s\u00fcryanigidip almanya&#8217;da t\u00fcrk olaca\u011f\u0131zhollanda&#8217;da surinaml\u0131fransa&#8217;da cezayirliiran&#8217;da azeriamerika&#8217;da zifiri zenci olaca\u011f\u0131z\u00e7o\u011falan zencide mutlaka k\u0131z\u0131lderiliisrail&#8217;de filistinlik\u00f6pe\u011fin kar\u015f\u0131s\u0131nda kedikedinin kar\u015f\u0131s\u0131nda ku\u015f olaca\u011f\u0131zku\u015fun kar\u015f\u0131s\u0131nda b\u00f6rt\u00fc b\u00f6cekhakemler hep kar\u015f\u0131 tak\u0131m\u0131 tutacakve biz hep yedi ki\u015fiyle tamamlayaca\u011f\u0131z ma\u00e7\u0131\u00e7i\u00e7eklerden kamelya olaca\u011f\u0131zaz kolumuzun taraf\u0131ndasolda olaca\u011f\u0131zbu itiraz\u0131n ilk \u015fart\u0131solda da az [&hellip;]\" \/>\n<meta property=\"og:url\" content=\"https:\/\/narteks.net\/index.php\/2009\/12\/07\/itirazin-iki-sarti\/\" \/>\n<meta property=\"og:site_name\" content=\"narteks.net\" \/>\n<meta property=\"article:published_time\" content=\"2009-12-07T10:54:34+00:00\" \/>\n<meta property=\"og:image\" content=\"https:\/\/narteks.net\/wp-content\/uploads\/narteks.png\" \/>\n\t<meta property=\"og:image:width\" content=\"300\" \/>\n\t<meta property=\"og:image:height\" content=\"90\" \/>\n\t<meta property=\"og:image:type\" content=\"image\/png\" \/>\n<meta name=\"author\" content=\"Tar\u0131k\" \/>\n<meta name=\"twitter:card\" content=\"summary_large_image\" \/>\n<meta name=\"twitter:creator\" content=\"@narteks\" \/>\n<meta name=\"twitter:site\" content=\"@narteks\" \/>\n<meta name=\"twitter:label1\" content=\"Yazan:\" \/>\n\t<meta name=\"twitter:data1\" content=\"Tar\u0131k\" \/>\n\t<meta name=\"twitter:label2\" content=\"Tahmini okuma s\u00fcresi\" \/>\n\t<meta name=\"twitter:data2\" content=\"1 dakika\" \/>\n<script type=\"application\/ld+json\" class=\"yoast-schema-graph\">{\"@context\":\"https:\/\/schema.org\",\"@graph\":[{\"@type\":\"Article\",\"@id\":\"https:\/\/narteks.net\/index.php\/2009\/12\/07\/itirazin-iki-sarti\/#article\",\"isPartOf\":{\"@id\":\"https:\/\/narteks.net\/index.php\/2009\/12\/07\/itirazin-iki-sarti\/\"},\"author\":{\"name\":\"Tar\u0131k\",\"@id\":\"https:\/\/narteks.net\/#\/schema\/person\/61f37d9834294b72d31d274e7ed79bca\"},\"headline\":\"\u0130T\u0130RAZIN \u0130K\u0130 \u015eARTI\",\"datePublished\":\"2009-12-07T10:54:34+00:00\",\"mainEntityOfPage\":{\"@id\":\"https:\/\/narteks.net\/index.php\/2009\/12\/07\/itirazin-iki-sarti\/\"},\"wordCount\":122,\"commentCount\":0,\"publisher\":{\"@id\":\"https:\/\/narteks.net\/#organization\"},\"articleSection\":[\"Nevzat \u00c7ELIK\"],\"inLanguage\":\"tr\",\"potentialAction\":[{\"@type\":\"CommentAction\",\"name\":\"Comment\",\"target\":[\"https:\/\/narteks.net\/index.php\/2009\/12\/07\/itirazin-iki-sarti\/#respond\"]}]},{\"@type\":\"WebPage\",\"@id\":\"https:\/\/narteks.net\/index.php\/2009\/12\/07\/itirazin-iki-sarti\/\",\"url\":\"https:\/\/narteks.net\/index.php\/2009\/12\/07\/itirazin-iki-sarti\/\",\"name\":\"\u0130T\u0130RAZIN \u0130K\u0130 \u015eARTI - narteks.net\",\"isPartOf\":{\"@id\":\"https:\/\/narteks.net\/#website\"},\"datePublished\":\"2009-12-07T10:54:34+00:00\",\"breadcrumb\":{\"@id\":\"https:\/\/narteks.net\/index.php\/2009\/12\/07\/itirazin-iki-sarti\/#breadcrumb\"},\"inLanguage\":\"tr\",\"potentialAction\":[{\"@type\":\"ReadAction\",\"target\":[\"https:\/\/narteks.net\/index.php\/2009\/12\/07\/itirazin-iki-sarti\/\"]}]},{\"@type\":\"BreadcrumbList\",\"@id\":\"https:\/\/narteks.net\/index.php\/2009\/12\/07\/itirazin-iki-sarti\/#breadcrumb\",\"itemListElement\":[{\"@type\":\"ListItem\",\"position\":1,\"name\":\"Anasayfa\",\"item\":\"https:\/\/narteks.net\/\"},{\"@type\":\"ListItem\",\"position\":2,\"name\":\"\u0130T\u0130RAZIN \u0130K\u0130 \u015eARTI\"}]},{\"@type\":\"WebSite\",\"@id\":\"https:\/\/narteks.net\/#website\",\"url\":\"https:\/\/narteks.net\/\",\"name\":\"narteks.net\",\"description\":\"K\u00fclt\u00fcr Sanat Edebiyat Felsefe\",\"publisher\":{\"@id\":\"https:\/\/narteks.net\/#organization\"},\"alternateName\":\"K\u00fclt\u00fcr Sanat Edebiyat Felsefe\",\"potentialAction\":[{\"@type\":\"SearchAction\",\"target\":{\"@type\":\"EntryPoint\",\"urlTemplate\":\"https:\/\/narteks.net\/?s={search_term_string}\"},\"query-input\":{\"@type\":\"PropertyValueSpecification\",\"valueRequired\":true,\"valueName\":\"search_term_string\"}}],\"inLanguage\":\"tr\"},{\"@type\":\"Organization\",\"@id\":\"https:\/\/narteks.net\/#organization\",\"name\":\"narteks.net\",\"url\":\"https:\/\/narteks.net\/\",\"logo\":{\"@type\":\"ImageObject\",\"inLanguage\":\"tr\",\"@id\":\"https:\/\/narteks.net\/#\/schema\/logo\/image\/\",\"url\":\"https:\/\/narteks.net\/wp-content\/uploads\/narteks.png\",\"contentUrl\":\"https:\/\/narteks.net\/wp-content\/uploads\/narteks.png\",\"width\":300,\"height\":90,\"caption\":\"narteks.net\"},\"image\":{\"@id\":\"https:\/\/narteks.net\/#\/schema\/logo\/image\/\"},\"sameAs\":[\"https:\/\/x.com\/narteks\",\"https:\/\/instagram.com\/narteksnet\"]},{\"@type\":\"Person\",\"@id\":\"https:\/\/narteks.net\/#\/schema\/person\/61f37d9834294b72d31d274e7ed79bca\",\"name\":\"Tar\u0131k\",\"image\":{\"@type\":\"ImageObject\",\"inLanguage\":\"tr\",\"@id\":\"https:\/\/narteks.net\/#\/schema\/person\/image\/\",\"url\":\"https:\/\/secure.gravatar.com\/avatar\/50865afb55632c4ae467e0af0930f6510aa2297d8014be502a55b14f3b7550cf?s=96&d=mm&r=g\",\"contentUrl\":\"https:\/\/secure.gravatar.com\/avatar\/50865afb55632c4ae467e0af0930f6510aa2297d8014be502a55b14f3b7550cf?s=96&d=mm&r=g\",\"caption\":\"Tar\u0131k\"},\"sameAs\":[\"http:\/\/narteks.net\"],\"url\":\"https:\/\/narteks.net\/index.php\/author\/narbak\/\"}]}<\/script>\n<!-- \/ Yoast SEO Premium plugin. -->","yoast_head_json":{"title":"\u0130T\u0130RAZIN \u0130K\u0130 \u015eARTI - narteks.net","robots":{"index":"index","follow":"follow","max-snippet":"max-snippet:-1","max-image-preview":"max-image-preview:large","max-video-preview":"max-video-preview:-1"},"canonical":"https:\/\/narteks.net\/index.php\/2009\/12\/07\/itirazin-iki-sarti\/","og_locale":"tr_TR","og_type":"article","og_title":"\u0130T\u0130RAZIN \u0130K\u0130 \u015eARTI","og_description":"\u00a0 \u00e7ok olmad\u0131\u011f\u0131m\u0131z kesin\u00e7ok olan tarafta de\u011filiz\u00e7ok olan tarafta olmayaca\u011f\u0131zt\u00fcrkiye&#8217;de k\u00fcrt olaca\u011f\u0131zk\u00fcrtlerde ermeniermenilerde s\u00fcryanigidip almanya&#8217;da t\u00fcrk olaca\u011f\u0131zhollanda&#8217;da surinaml\u0131fransa&#8217;da cezayirliiran&#8217;da azeriamerika&#8217;da zifiri zenci olaca\u011f\u0131z\u00e7o\u011falan zencide mutlaka k\u0131z\u0131lderiliisrail&#8217;de filistinlik\u00f6pe\u011fin kar\u015f\u0131s\u0131nda kedikedinin kar\u015f\u0131s\u0131nda ku\u015f olaca\u011f\u0131zku\u015fun kar\u015f\u0131s\u0131nda b\u00f6rt\u00fc b\u00f6cekhakemler hep kar\u015f\u0131 tak\u0131m\u0131 tutacakve biz hep yedi ki\u015fiyle tamamlayaca\u011f\u0131z ma\u00e7\u0131\u00e7i\u00e7eklerden kamelya olaca\u011f\u0131zaz kolumuzun taraf\u0131ndasolda olaca\u011f\u0131zbu itiraz\u0131n ilk \u015fart\u0131solda da az [&hellip;]","og_url":"https:\/\/narteks.net\/index.php\/2009\/12\/07\/itirazin-iki-sarti\/","og_site_name":"narteks.net","article_published_time":"2009-12-07T10:54:34+00:00","og_image":[{"width":300,"height":90,"url":"https:\/\/narteks.net\/wp-content\/uploads\/narteks.png","type":"image\/png"}],"author":"Tar\u0131k","twitter_card":"summary_large_image","twitter_creator":"@narteks","twitter_site":"@narteks","twitter_misc":{"Yazan:":"Tar\u0131k","Tahmini okuma s\u00fcresi":"1 dakika"},"schema":{"@context":"https:\/\/schema.org","@graph":[{"@type":"Article","@id":"https:\/\/narteks.net\/index.php\/2009\/12\/07\/itirazin-iki-sarti\/#article","isPartOf":{"@id":"https:\/\/narteks.net\/index.php\/2009\/12\/07\/itirazin-iki-sarti\/"},"author":{"name":"Tar\u0131k","@id":"https:\/\/narteks.net\/#\/schema\/person\/61f37d9834294b72d31d274e7ed79bca"},"headline":"\u0130T\u0130RAZIN \u0130K\u0130 \u015eARTI","datePublished":"2009-12-07T10:54:34+00:00","mainEntityOfPage":{"@id":"https:\/\/narteks.net\/index.php\/2009\/12\/07\/itirazin-iki-sarti\/"},"wordCount":122,"commentCount":0,"publisher":{"@id":"https:\/\/narteks.net\/#organization"},"articleSection":["Nevzat \u00c7ELIK"],"inLanguage":"tr","potentialAction":[{"@type":"CommentAction","name":"Comment","target":["https:\/\/narteks.net\/index.php\/2009\/12\/07\/itirazin-iki-sarti\/#respond"]}]},{"@type":"WebPage","@id":"https:\/\/narteks.net\/index.php\/2009\/12\/07\/itirazin-iki-sarti\/","url":"https:\/\/narteks.net\/index.php\/2009\/12\/07\/itirazin-iki-sarti\/","name":"\u0130T\u0130RAZIN \u0130K\u0130 \u015eARTI - narteks.net","isPartOf":{"@id":"https:\/\/narteks.net\/#website"},"datePublished":"2009-12-07T10:54:34+00:00","breadcrumb":{"@id":"https:\/\/narteks.net\/index.php\/2009\/12\/07\/itirazin-iki-sarti\/#breadcrumb"},"inLanguage":"tr","potentialAction":[{"@type":"ReadAction","target":["https:\/\/narteks.net\/index.php\/2009\/12\/07\/itirazin-iki-sarti\/"]}]},{"@type":"BreadcrumbList","@id":"https:\/\/narteks.net\/index.php\/2009\/12\/07\/itirazin-iki-sarti\/#breadcrumb","itemListElement":[{"@type":"ListItem","position":1,"name":"Anasayfa","item":"https:\/\/narteks.net\/"},{"@type":"ListItem","position":2,"name":"\u0130T\u0130RAZIN \u0130K\u0130 \u015eARTI"}]},{"@type":"WebSite","@id":"https:\/\/narteks.net\/#website","url":"https:\/\/narteks.net\/","name":"narteks.net","description":"K\u00fclt\u00fcr Sanat Edebiyat Felsefe","publisher":{"@id":"https:\/\/narteks.net\/#organization"},"alternateName":"K\u00fclt\u00fcr Sanat Edebiyat Felsefe","potentialAction":[{"@type":"SearchAction","target":{"@type":"EntryPoint","urlTemplate":"https:\/\/narteks.net\/?s={search_term_string}"},"query-input":{"@type":"PropertyValueSpecification","valueRequired":true,"valueName":"search_term_string"}}],"inLanguage":"tr"},{"@type":"Organization","@id":"https:\/\/narteks.net\/#organization","name":"narteks.net","url":"https:\/\/narteks.net\/","logo":{"@type":"ImageObject","inLanguage":"tr","@id":"https:\/\/narteks.net\/#\/schema\/logo\/image\/","url":"https:\/\/narteks.net\/wp-content\/uploads\/narteks.png","contentUrl":"https:\/\/narteks.net\/wp-content\/uploads\/narteks.png","width":300,"height":90,"caption":"narteks.net"},"image":{"@id":"https:\/\/narteks.net\/#\/schema\/logo\/image\/"},"sameAs":["https:\/\/x.com\/narteks","https:\/\/instagram.com\/narteksnet"]},{"@type":"Person","@id":"https:\/\/narteks.net\/#\/schema\/person\/61f37d9834294b72d31d274e7ed79bca","name":"Tar\u0131k","image":{"@type":"ImageObject","inLanguage":"tr","@id":"https:\/\/narteks.net\/#\/schema\/person\/image\/","url":"https:\/\/secure.gravatar.com\/avatar\/50865afb55632c4ae467e0af0930f6510aa2297d8014be502a55b14f3b7550cf?s=96&d=mm&r=g","contentUrl":"https:\/\/secure.gravatar.com\/avatar\/50865afb55632c4ae467e0af0930f6510aa2297d8014be502a55b14f3b7550cf?s=96&d=mm&r=g","caption":"Tar\u0131k"},"sameAs":["http:\/\/narteks.net"],"url":"https:\/\/narteks.net\/index.php\/author\/narbak\/"}]}},"_links":{"self":[{"href":"https:\/\/narteks.net\/index.php\/wp-json\/wp\/v2\/posts\/2807","targetHints":{"allow":["GET"]}}],"collection":[{"href":"https:\/\/narteks.net\/index.php\/wp-json\/wp\/v2\/posts"}],"about":[{"href":"https:\/\/narteks.net\/index.php\/wp-json\/wp\/v2\/types\/post"}],"author":[{"embeddable":true,"href":"https:\/\/narteks.net\/index.php\/wp-json\/wp\/v2\/users\/1"}],"replies":[{"embeddable":true,"href":"https:\/\/narteks.net\/index.php\/wp-json\/wp\/v2\/comments?post=2807"}],"version-history":[{"count":0,"href":"https:\/\/narteks.net\/index.php\/wp-json\/wp\/v2\/posts\/2807\/revisions"}],"wp:attachment":[{"href":"https:\/\/narteks.net\/index.php\/wp-json\/wp\/v2\/media?parent=2807"}],"wp:term":[{"taxonomy":"category","embeddable":true,"href":"https:\/\/narteks.net\/index.php\/wp-json\/wp\/v2\/categories?post=2807"},{"taxonomy":"post_tag","embeddable":true,"href":"https:\/\/narteks.net\/index.php\/wp-json\/wp\/v2\/tags?post=2807"}],"curies":[{"name":"wp","href":"https:\/\/api.w.org\/{rel}","templated":true}]}}