{"id":2812,"date":"2009-12-07T13:58:39","date_gmt":"2009-12-07T10:58:39","guid":{"rendered":"http:\/\/localhost\/wordpress\/2009\/12\/07\/sevgili-yoldas-kurbagalar-iii\/"},"modified":"2009-12-07T13:58:39","modified_gmt":"2009-12-07T10:58:39","slug":"sevgili-yoldas-kurbagalar-iii","status":"publish","type":"post","link":"https:\/\/narteks.net\/index.php\/2009\/12\/07\/sevgili-yoldas-kurbagalar-iii\/","title":{"rendered":"SEVG\u0130L\u0130 YOLDA\u015e KURBA\u011eALAR III"},"content":{"rendered":"<p>\u00a0<\/p>\n<p>bir \u015fey ad\u0131na yalan s\u00f6yleyen imgeyi getirdim -\u00e7\u00fcnk\u00fc<br \/>o da bazen kavram gibi cinayet i\u015fliyor taamm\u00fcden<br \/>bir tencereye kapa\u011f\u0131 kay\u0131psa kapaks\u0131z tencere denir<br \/>yeni bir kavrama bi\u00e7imi getirdim tersine i\u015fleyen desen<br \/>biraz esinti desem bir k\u0131z y\u00fcz\u00fcndeki utanga\u00e7l\u0131\u011f\u0131 \u00fcf\u00fcr\u00fcr<br \/>b\u0131ld\u0131rc\u0131n desem papa\u011fan desem tarz itibariyle uymaz<br \/>makyaj yaparken g\u00f6zlerinin rengini da\u011f\u0131n\u0131k b\u0131rakan kad\u0131n<br \/>bacaklar\u0131na kap\u0131c\u0131 \u00e7ocu\u011fu dola\u015facakken frene bas\u0131yor<br \/>otobanda asfalta kar\u0131\u015fm\u0131\u015f k\u00f6pek \u00f6l\u00fcs\u00fc geliyor akl\u0131ma<br \/>otobans\u0131z k\u00f6yl\u00fcler nerden bilsin k\u00f6pe\u011fin bu \u00f6lme bi\u00e7imini<br \/>kap\u0131lar\u0131n \u00f6n\u00fcnde oturan kap\u0131c\u0131lar bozmuyor istiflerini<br \/>ya kangal\u0131m\u0131 tasmas\u0131z ge\u00e7irece\u011fim aran\u0131zdan diyorum<br \/>ya da bug\u00fcnlerde ac\u0131madan \u015fiirler salaca\u011f\u0131m \u00fcst\u00fcn\u00fcze<br \/>hi\u00e7 kimse \u00f6nemsemiyor kangal\u0131 de\u011fil de san\u0131r\u0131m \u015fiirle beni<\/p>\n<p>kapa\u011f\u0131n\u0131 kaybetmi\u015f tencerenin isyan\u0131n getirdim<br \/>a\u015fkolal\u0131m devrimolal\u0131m sevgili yolda\u015f kurba\u011falar<\/p>\n<p>Nevzat \u00c7EL\u0130K<\/p>\n","protected":false},"excerpt":{"rendered":"<p>\u00a0 bir \u015fey ad\u0131na yalan s\u00f6yleyen imgeyi getirdim -\u00e7\u00fcnk\u00fco da bazen kavram gibi cinayet i\u015fliyor taamm\u00fcdenbir tencereye kapa\u011f\u0131 kay\u0131psa kapaks\u0131z tencere deniryeni bir kavrama bi\u00e7imi getirdim tersine i\u015fleyen desenbiraz esinti desem bir k\u0131z y\u00fcz\u00fcndeki utanga\u00e7l\u0131\u011f\u0131 \u00fcf\u00fcr\u00fcrb\u0131ld\u0131rc\u0131n desem papa\u011fan desem tarz itibariyle uymazmakyaj yaparken g\u00f6zlerinin rengini da\u011f\u0131n\u0131k b\u0131rakan kad\u0131nbacaklar\u0131na kap\u0131c\u0131 \u00e7ocu\u011fu dola\u015facakken frene bas\u0131yorotobanda asfalta kar\u0131\u015fm\u0131\u015f [&hellip;]<\/p>\n","protected":false},"author":1,"featured_media":0,"comment_status":"open","ping_status":"open","sticky":false,"template":"","format":"standard","meta":{"footnotes":""},"categories":[25],"tags":[],"class_list":{"0":"post-2812","1":"post","2":"type-post","3":"status-publish","4":"format-standard","6":"category-nevzat-celik"},"yoast_head":"<!-- This site is optimized with the Yoast SEO Premium plugin v24.9 (Yoast SEO v24.9) - https:\/\/yoast.com\/wordpress\/plugins\/seo\/ -->\n<title>SEVG\u0130L\u0130 YOLDA\u015e KURBA\u011eALAR III - narteks.net<\/title>\n<meta name=\"robots\" content=\"index, follow, max-snippet:-1, max-image-preview:large, max-video-preview:-1\" \/>\n<link rel=\"canonical\" href=\"https:\/\/narteks.net\/index.php\/2009\/12\/07\/sevgili-yoldas-kurbagalar-iii\/\" \/>\n<meta property=\"og:locale\" content=\"tr_TR\" \/>\n<meta property=\"og:type\" content=\"article\" \/>\n<meta property=\"og:title\" content=\"SEVG\u0130L\u0130 YOLDA\u015e KURBA\u011eALAR III\" \/>\n<meta property=\"og:description\" content=\"\u00a0 bir \u015fey ad\u0131na yalan s\u00f6yleyen imgeyi getirdim -\u00e7\u00fcnk\u00fco da bazen kavram gibi cinayet i\u015fliyor taamm\u00fcdenbir tencereye kapa\u011f\u0131 kay\u0131psa kapaks\u0131z tencere deniryeni bir kavrama bi\u00e7imi getirdim tersine i\u015fleyen desenbiraz esinti desem bir k\u0131z y\u00fcz\u00fcndeki utanga\u00e7l\u0131\u011f\u0131 \u00fcf\u00fcr\u00fcrb\u0131ld\u0131rc\u0131n desem papa\u011fan desem tarz itibariyle uymazmakyaj yaparken g\u00f6zlerinin rengini da\u011f\u0131n\u0131k b\u0131rakan kad\u0131nbacaklar\u0131na kap\u0131c\u0131 \u00e7ocu\u011fu dola\u015facakken frene bas\u0131yorotobanda asfalta kar\u0131\u015fm\u0131\u015f [&hellip;]\" \/>\n<meta property=\"og:url\" content=\"https:\/\/narteks.net\/index.php\/2009\/12\/07\/sevgili-yoldas-kurbagalar-iii\/\" \/>\n<meta property=\"og:site_name\" content=\"narteks.net\" \/>\n<meta property=\"article:published_time\" content=\"2009-12-07T10:58:39+00:00\" \/>\n<meta property=\"og:image\" content=\"https:\/\/narteks.net\/wp-content\/uploads\/narteks.png\" \/>\n\t<meta property=\"og:image:width\" content=\"300\" \/>\n\t<meta property=\"og:image:height\" content=\"90\" \/>\n\t<meta property=\"og:image:type\" content=\"image\/png\" \/>\n<meta name=\"author\" content=\"Tar\u0131k\" \/>\n<meta name=\"twitter:card\" content=\"summary_large_image\" \/>\n<meta name=\"twitter:creator\" content=\"@narteks\" \/>\n<meta name=\"twitter:site\" content=\"@narteks\" \/>\n<meta name=\"twitter:label1\" content=\"Yazan:\" \/>\n\t<meta name=\"twitter:data1\" content=\"Tar\u0131k\" \/>\n\t<meta name=\"twitter:label2\" content=\"Tahmini okuma s\u00fcresi\" \/>\n\t<meta name=\"twitter:data2\" content=\"1 dakika\" \/>\n<script type=\"application\/ld+json\" class=\"yoast-schema-graph\">{\"@context\":\"https:\/\/schema.org\",\"@graph\":[{\"@type\":\"Article\",\"@id\":\"https:\/\/narteks.net\/index.php\/2009\/12\/07\/sevgili-yoldas-kurbagalar-iii\/#article\",\"isPartOf\":{\"@id\":\"https:\/\/narteks.net\/index.php\/2009\/12\/07\/sevgili-yoldas-kurbagalar-iii\/\"},\"author\":{\"name\":\"Tar\u0131k\",\"@id\":\"https:\/\/narteks.net\/#\/schema\/person\/61f37d9834294b72d31d274e7ed79bca\"},\"headline\":\"SEVG\u0130L\u0130 YOLDA\u015e KURBA\u011eALAR III\",\"datePublished\":\"2009-12-07T10:58:39+00:00\",\"mainEntityOfPage\":{\"@id\":\"https:\/\/narteks.net\/index.php\/2009\/12\/07\/sevgili-yoldas-kurbagalar-iii\/\"},\"wordCount\":171,\"commentCount\":0,\"publisher\":{\"@id\":\"https:\/\/narteks.net\/#organization\"},\"articleSection\":[\"Nevzat \u00c7ELIK\"],\"inLanguage\":\"tr\",\"potentialAction\":[{\"@type\":\"CommentAction\",\"name\":\"Comment\",\"target\":[\"https:\/\/narteks.net\/index.php\/2009\/12\/07\/sevgili-yoldas-kurbagalar-iii\/#respond\"]}]},{\"@type\":\"WebPage\",\"@id\":\"https:\/\/narteks.net\/index.php\/2009\/12\/07\/sevgili-yoldas-kurbagalar-iii\/\",\"url\":\"https:\/\/narteks.net\/index.php\/2009\/12\/07\/sevgili-yoldas-kurbagalar-iii\/\",\"name\":\"SEVG\u0130L\u0130 YOLDA\u015e KURBA\u011eALAR III - narteks.net\",\"isPartOf\":{\"@id\":\"https:\/\/narteks.net\/#website\"},\"datePublished\":\"2009-12-07T10:58:39+00:00\",\"breadcrumb\":{\"@id\":\"https:\/\/narteks.net\/index.php\/2009\/12\/07\/sevgili-yoldas-kurbagalar-iii\/#breadcrumb\"},\"inLanguage\":\"tr\",\"potentialAction\":[{\"@type\":\"ReadAction\",\"target\":[\"https:\/\/narteks.net\/index.php\/2009\/12\/07\/sevgili-yoldas-kurbagalar-iii\/\"]}]},{\"@type\":\"BreadcrumbList\",\"@id\":\"https:\/\/narteks.net\/index.php\/2009\/12\/07\/sevgili-yoldas-kurbagalar-iii\/#breadcrumb\",\"itemListElement\":[{\"@type\":\"ListItem\",\"position\":1,\"name\":\"Anasayfa\",\"item\":\"https:\/\/narteks.net\/\"},{\"@type\":\"ListItem\",\"position\":2,\"name\":\"SEVG\u0130L\u0130 YOLDA\u015e KURBA\u011eALAR III\"}]},{\"@type\":\"WebSite\",\"@id\":\"https:\/\/narteks.net\/#website\",\"url\":\"https:\/\/narteks.net\/\",\"name\":\"narteks.net\",\"description\":\"K\u00fclt\u00fcr Sanat Edebiyat Felsefe\",\"publisher\":{\"@id\":\"https:\/\/narteks.net\/#organization\"},\"alternateName\":\"K\u00fclt\u00fcr Sanat Edebiyat Felsefe\",\"potentialAction\":[{\"@type\":\"SearchAction\",\"target\":{\"@type\":\"EntryPoint\",\"urlTemplate\":\"https:\/\/narteks.net\/?s={search_term_string}\"},\"query-input\":{\"@type\":\"PropertyValueSpecification\",\"valueRequired\":true,\"valueName\":\"search_term_string\"}}],\"inLanguage\":\"tr\"},{\"@type\":\"Organization\",\"@id\":\"https:\/\/narteks.net\/#organization\",\"name\":\"narteks.net\",\"url\":\"https:\/\/narteks.net\/\",\"logo\":{\"@type\":\"ImageObject\",\"inLanguage\":\"tr\",\"@id\":\"https:\/\/narteks.net\/#\/schema\/logo\/image\/\",\"url\":\"https:\/\/narteks.net\/wp-content\/uploads\/narteks.png\",\"contentUrl\":\"https:\/\/narteks.net\/wp-content\/uploads\/narteks.png\",\"width\":300,\"height\":90,\"caption\":\"narteks.net\"},\"image\":{\"@id\":\"https:\/\/narteks.net\/#\/schema\/logo\/image\/\"},\"sameAs\":[\"https:\/\/x.com\/narteks\",\"https:\/\/instagram.com\/narteksnet\"]},{\"@type\":\"Person\",\"@id\":\"https:\/\/narteks.net\/#\/schema\/person\/61f37d9834294b72d31d274e7ed79bca\",\"name\":\"Tar\u0131k\",\"image\":{\"@type\":\"ImageObject\",\"inLanguage\":\"tr\",\"@id\":\"https:\/\/narteks.net\/#\/schema\/person\/image\/\",\"url\":\"https:\/\/secure.gravatar.com\/avatar\/50865afb55632c4ae467e0af0930f6510aa2297d8014be502a55b14f3b7550cf?s=96&d=mm&r=g\",\"contentUrl\":\"https:\/\/secure.gravatar.com\/avatar\/50865afb55632c4ae467e0af0930f6510aa2297d8014be502a55b14f3b7550cf?s=96&d=mm&r=g\",\"caption\":\"Tar\u0131k\"},\"sameAs\":[\"http:\/\/narteks.net\"],\"url\":\"https:\/\/narteks.net\/index.php\/author\/narbak\/\"}]}<\/script>\n<!-- \/ Yoast SEO Premium plugin. -->","yoast_head_json":{"title":"SEVG\u0130L\u0130 YOLDA\u015e KURBA\u011eALAR III - narteks.net","robots":{"index":"index","follow":"follow","max-snippet":"max-snippet:-1","max-image-preview":"max-image-preview:large","max-video-preview":"max-video-preview:-1"},"canonical":"https:\/\/narteks.net\/index.php\/2009\/12\/07\/sevgili-yoldas-kurbagalar-iii\/","og_locale":"tr_TR","og_type":"article","og_title":"SEVG\u0130L\u0130 YOLDA\u015e KURBA\u011eALAR III","og_description":"\u00a0 bir \u015fey ad\u0131na yalan s\u00f6yleyen imgeyi getirdim -\u00e7\u00fcnk\u00fco da bazen kavram gibi cinayet i\u015fliyor taamm\u00fcdenbir tencereye kapa\u011f\u0131 kay\u0131psa kapaks\u0131z tencere deniryeni bir kavrama bi\u00e7imi getirdim tersine i\u015fleyen desenbiraz esinti desem bir k\u0131z y\u00fcz\u00fcndeki utanga\u00e7l\u0131\u011f\u0131 \u00fcf\u00fcr\u00fcrb\u0131ld\u0131rc\u0131n desem papa\u011fan desem tarz itibariyle uymazmakyaj yaparken g\u00f6zlerinin rengini da\u011f\u0131n\u0131k b\u0131rakan kad\u0131nbacaklar\u0131na kap\u0131c\u0131 \u00e7ocu\u011fu dola\u015facakken frene bas\u0131yorotobanda asfalta kar\u0131\u015fm\u0131\u015f [&hellip;]","og_url":"https:\/\/narteks.net\/index.php\/2009\/12\/07\/sevgili-yoldas-kurbagalar-iii\/","og_site_name":"narteks.net","article_published_time":"2009-12-07T10:58:39+00:00","og_image":[{"width":300,"height":90,"url":"https:\/\/narteks.net\/wp-content\/uploads\/narteks.png","type":"image\/png"}],"author":"Tar\u0131k","twitter_card":"summary_large_image","twitter_creator":"@narteks","twitter_site":"@narteks","twitter_misc":{"Yazan:":"Tar\u0131k","Tahmini okuma s\u00fcresi":"1 dakika"},"schema":{"@context":"https:\/\/schema.org","@graph":[{"@type":"Article","@id":"https:\/\/narteks.net\/index.php\/2009\/12\/07\/sevgili-yoldas-kurbagalar-iii\/#article","isPartOf":{"@id":"https:\/\/narteks.net\/index.php\/2009\/12\/07\/sevgili-yoldas-kurbagalar-iii\/"},"author":{"name":"Tar\u0131k","@id":"https:\/\/narteks.net\/#\/schema\/person\/61f37d9834294b72d31d274e7ed79bca"},"headline":"SEVG\u0130L\u0130 YOLDA\u015e KURBA\u011eALAR III","datePublished":"2009-12-07T10:58:39+00:00","mainEntityOfPage":{"@id":"https:\/\/narteks.net\/index.php\/2009\/12\/07\/sevgili-yoldas-kurbagalar-iii\/"},"wordCount":171,"commentCount":0,"publisher":{"@id":"https:\/\/narteks.net\/#organization"},"articleSection":["Nevzat \u00c7ELIK"],"inLanguage":"tr","potentialAction":[{"@type":"CommentAction","name":"Comment","target":["https:\/\/narteks.net\/index.php\/2009\/12\/07\/sevgili-yoldas-kurbagalar-iii\/#respond"]}]},{"@type":"WebPage","@id":"https:\/\/narteks.net\/index.php\/2009\/12\/07\/sevgili-yoldas-kurbagalar-iii\/","url":"https:\/\/narteks.net\/index.php\/2009\/12\/07\/sevgili-yoldas-kurbagalar-iii\/","name":"SEVG\u0130L\u0130 YOLDA\u015e KURBA\u011eALAR III - narteks.net","isPartOf":{"@id":"https:\/\/narteks.net\/#website"},"datePublished":"2009-12-07T10:58:39+00:00","breadcrumb":{"@id":"https:\/\/narteks.net\/index.php\/2009\/12\/07\/sevgili-yoldas-kurbagalar-iii\/#breadcrumb"},"inLanguage":"tr","potentialAction":[{"@type":"ReadAction","target":["https:\/\/narteks.net\/index.php\/2009\/12\/07\/sevgili-yoldas-kurbagalar-iii\/"]}]},{"@type":"BreadcrumbList","@id":"https:\/\/narteks.net\/index.php\/2009\/12\/07\/sevgili-yoldas-kurbagalar-iii\/#breadcrumb","itemListElement":[{"@type":"ListItem","position":1,"name":"Anasayfa","item":"https:\/\/narteks.net\/"},{"@type":"ListItem","position":2,"name":"SEVG\u0130L\u0130 YOLDA\u015e KURBA\u011eALAR III"}]},{"@type":"WebSite","@id":"https:\/\/narteks.net\/#website","url":"https:\/\/narteks.net\/","name":"narteks.net","description":"K\u00fclt\u00fcr Sanat Edebiyat Felsefe","publisher":{"@id":"https:\/\/narteks.net\/#organization"},"alternateName":"K\u00fclt\u00fcr Sanat Edebiyat Felsefe","potentialAction":[{"@type":"SearchAction","target":{"@type":"EntryPoint","urlTemplate":"https:\/\/narteks.net\/?s={search_term_string}"},"query-input":{"@type":"PropertyValueSpecification","valueRequired":true,"valueName":"search_term_string"}}],"inLanguage":"tr"},{"@type":"Organization","@id":"https:\/\/narteks.net\/#organization","name":"narteks.net","url":"https:\/\/narteks.net\/","logo":{"@type":"ImageObject","inLanguage":"tr","@id":"https:\/\/narteks.net\/#\/schema\/logo\/image\/","url":"https:\/\/narteks.net\/wp-content\/uploads\/narteks.png","contentUrl":"https:\/\/narteks.net\/wp-content\/uploads\/narteks.png","width":300,"height":90,"caption":"narteks.net"},"image":{"@id":"https:\/\/narteks.net\/#\/schema\/logo\/image\/"},"sameAs":["https:\/\/x.com\/narteks","https:\/\/instagram.com\/narteksnet"]},{"@type":"Person","@id":"https:\/\/narteks.net\/#\/schema\/person\/61f37d9834294b72d31d274e7ed79bca","name":"Tar\u0131k","image":{"@type":"ImageObject","inLanguage":"tr","@id":"https:\/\/narteks.net\/#\/schema\/person\/image\/","url":"https:\/\/secure.gravatar.com\/avatar\/50865afb55632c4ae467e0af0930f6510aa2297d8014be502a55b14f3b7550cf?s=96&d=mm&r=g","contentUrl":"https:\/\/secure.gravatar.com\/avatar\/50865afb55632c4ae467e0af0930f6510aa2297d8014be502a55b14f3b7550cf?s=96&d=mm&r=g","caption":"Tar\u0131k"},"sameAs":["http:\/\/narteks.net"],"url":"https:\/\/narteks.net\/index.php\/author\/narbak\/"}]}},"_links":{"self":[{"href":"https:\/\/narteks.net\/index.php\/wp-json\/wp\/v2\/posts\/2812","targetHints":{"allow":["GET"]}}],"collection":[{"href":"https:\/\/narteks.net\/index.php\/wp-json\/wp\/v2\/posts"}],"about":[{"href":"https:\/\/narteks.net\/index.php\/wp-json\/wp\/v2\/types\/post"}],"author":[{"embeddable":true,"href":"https:\/\/narteks.net\/index.php\/wp-json\/wp\/v2\/users\/1"}],"replies":[{"embeddable":true,"href":"https:\/\/narteks.net\/index.php\/wp-json\/wp\/v2\/comments?post=2812"}],"version-history":[{"count":0,"href":"https:\/\/narteks.net\/index.php\/wp-json\/wp\/v2\/posts\/2812\/revisions"}],"wp:attachment":[{"href":"https:\/\/narteks.net\/index.php\/wp-json\/wp\/v2\/media?parent=2812"}],"wp:term":[{"taxonomy":"category","embeddable":true,"href":"https:\/\/narteks.net\/index.php\/wp-json\/wp\/v2\/categories?post=2812"},{"taxonomy":"post_tag","embeddable":true,"href":"https:\/\/narteks.net\/index.php\/wp-json\/wp\/v2\/tags?post=2812"}],"curies":[{"name":"wp","href":"https:\/\/api.w.org\/{rel}","templated":true}]}}