{"id":2813,"date":"2009-12-07T13:59:40","date_gmt":"2009-12-07T10:59:40","guid":{"rendered":"http:\/\/localhost\/wordpress\/2009\/12\/07\/sevgili-yoldas-kurbagalar-iv\/"},"modified":"2009-12-07T13:59:40","modified_gmt":"2009-12-07T10:59:40","slug":"sevgili-yoldas-kurbagalar-iv","status":"publish","type":"post","link":"https:\/\/narteks.net\/index.php\/2009\/12\/07\/sevgili-yoldas-kurbagalar-iv\/","title":{"rendered":"SEVG\u0130L\u0130 YOLDA\u015e KURBA\u011eALAR IV"},"content":{"rendered":"<p>\u00a0<\/p>\n<p>erken devrimler de\u011fil pe\u015fin yenilgiler getirdim -\u00e7\u00fcnk\u00fc<br \/>tro\u00e7ki buharin ve b\u00fct\u00fcn \u00f6zcinayetler aya\u011f\u0131m\u0131 burkuyor<br \/>kazma cinayet aleti de\u011fildir topra\u011f\u0131n sertli\u011fini al\u0131r<br \/>ipe \u00e7ama\u015f\u0131r \u00e7itilenerek as\u0131l\u0131r beyaz\u0131 r\u00fczg\u00e2ra d\u00f6n\u00fck<br \/>yeni bir \u00f6fke bi\u00e7imi getirdim bir ba\u015fka yak\u0131\u015f\u0131kl\u0131l\u0131k hali<br \/>erken ayr\u0131l\u0131klar\u0131 erken \u00f6l\u00fcmleri kur\u015funa de\u011fenleri<br \/>da\u011fdan yuvarlanan g\u00fcne\u015fi deniz yutar hat\u0131rlan\u0131rsa<br \/>kur\u015fun so\u011fumaya ba\u015flad\u0131\u011f\u0131nda kasteder hayata<br \/>bedenin terleyen \u00fc\u015f\u00fcmesi ki ah on dokuz yirmi ya\u015f\u0131m<br \/>k\u0131zarm\u0131\u015f ekme\u011fin tereya\u011f\u0131na uygun bir s\u0131cakl\u0131\u011f\u0131 olur<br \/>bast\u0131\u011f\u0131 \u015fiiri par\u00e7a par\u00e7a okurken matbaac\u0131 \u00e7\u0131ra\u011f\u0131<br \/>uyuyup kal\u0131r da d\u00fc\u015fleri \u00f6n kapa\u011fa yedinci renk olur<br \/>yanl\u0131\u015f bir telefon uzun \u00e7alar sesi yaln\u0131zl\u0131\u011f\u0131m\u0131z olur<br \/>en son durumumuz bu en son ajans haberleri gibi<\/p>\n<p>getire getire i\u015fte bu basit bilinebilirlikleri getirdim<br \/>a\u015fkolal\u0131m devrimolal\u0131m sevgili yolda\u015f kurba\u011falar<\/p>\n<p>Nevzat \u00c7EL\u0130K<\/p>\n","protected":false},"excerpt":{"rendered":"<p>\u00a0 erken devrimler de\u011fil pe\u015fin yenilgiler getirdim -\u00e7\u00fcnk\u00fctro\u00e7ki buharin ve b\u00fct\u00fcn \u00f6zcinayetler aya\u011f\u0131m\u0131 burkuyorkazma cinayet aleti de\u011fildir topra\u011f\u0131n sertli\u011fini al\u0131ripe \u00e7ama\u015f\u0131r \u00e7itilenerek as\u0131l\u0131r beyaz\u0131 r\u00fczg\u00e2ra d\u00f6n\u00fckyeni bir \u00f6fke bi\u00e7imi getirdim bir ba\u015fka yak\u0131\u015f\u0131kl\u0131l\u0131k halierken ayr\u0131l\u0131klar\u0131 erken \u00f6l\u00fcmleri kur\u015funa de\u011fenlerida\u011fdan yuvarlanan g\u00fcne\u015fi deniz yutar hat\u0131rlan\u0131rsakur\u015fun so\u011fumaya ba\u015flad\u0131\u011f\u0131nda kasteder hayatabedenin terleyen \u00fc\u015f\u00fcmesi ki ah on dokuz yirmi [&hellip;]<\/p>\n","protected":false},"author":1,"featured_media":0,"comment_status":"open","ping_status":"open","sticky":false,"template":"","format":"standard","meta":{"footnotes":""},"categories":[25],"tags":[],"class_list":{"0":"post-2813","1":"post","2":"type-post","3":"status-publish","4":"format-standard","6":"category-nevzat-celik"},"yoast_head":"<!-- This site is optimized with the Yoast SEO Premium plugin v24.9 (Yoast SEO v24.9) - https:\/\/yoast.com\/wordpress\/plugins\/seo\/ -->\n<title>SEVG\u0130L\u0130 YOLDA\u015e KURBA\u011eALAR IV - narteks.net<\/title>\n<meta name=\"robots\" content=\"index, follow, max-snippet:-1, max-image-preview:large, max-video-preview:-1\" \/>\n<link rel=\"canonical\" href=\"https:\/\/narteks.net\/index.php\/2009\/12\/07\/sevgili-yoldas-kurbagalar-iv\/\" \/>\n<meta property=\"og:locale\" content=\"tr_TR\" \/>\n<meta property=\"og:type\" content=\"article\" \/>\n<meta property=\"og:title\" content=\"SEVG\u0130L\u0130 YOLDA\u015e KURBA\u011eALAR IV\" \/>\n<meta property=\"og:description\" content=\"\u00a0 erken devrimler de\u011fil pe\u015fin yenilgiler getirdim -\u00e7\u00fcnk\u00fctro\u00e7ki buharin ve b\u00fct\u00fcn \u00f6zcinayetler aya\u011f\u0131m\u0131 burkuyorkazma cinayet aleti de\u011fildir topra\u011f\u0131n sertli\u011fini al\u0131ripe \u00e7ama\u015f\u0131r \u00e7itilenerek as\u0131l\u0131r beyaz\u0131 r\u00fczg\u00e2ra d\u00f6n\u00fckyeni bir \u00f6fke bi\u00e7imi getirdim bir ba\u015fka yak\u0131\u015f\u0131kl\u0131l\u0131k halierken ayr\u0131l\u0131klar\u0131 erken \u00f6l\u00fcmleri kur\u015funa de\u011fenlerida\u011fdan yuvarlanan g\u00fcne\u015fi deniz yutar hat\u0131rlan\u0131rsakur\u015fun so\u011fumaya ba\u015flad\u0131\u011f\u0131nda kasteder hayatabedenin terleyen \u00fc\u015f\u00fcmesi ki ah on dokuz yirmi [&hellip;]\" \/>\n<meta property=\"og:url\" content=\"https:\/\/narteks.net\/index.php\/2009\/12\/07\/sevgili-yoldas-kurbagalar-iv\/\" \/>\n<meta property=\"og:site_name\" content=\"narteks.net\" \/>\n<meta property=\"article:published_time\" content=\"2009-12-07T10:59:40+00:00\" \/>\n<meta property=\"og:image\" content=\"https:\/\/narteks.net\/wp-content\/uploads\/narteks.png\" \/>\n\t<meta property=\"og:image:width\" content=\"300\" \/>\n\t<meta property=\"og:image:height\" content=\"90\" \/>\n\t<meta property=\"og:image:type\" content=\"image\/png\" \/>\n<meta name=\"author\" content=\"Tar\u0131k\" \/>\n<meta name=\"twitter:card\" content=\"summary_large_image\" \/>\n<meta name=\"twitter:creator\" content=\"@narteks\" \/>\n<meta name=\"twitter:site\" content=\"@narteks\" \/>\n<meta name=\"twitter:label1\" content=\"Yazan:\" \/>\n\t<meta name=\"twitter:data1\" content=\"Tar\u0131k\" \/>\n\t<meta name=\"twitter:label2\" content=\"Tahmini okuma s\u00fcresi\" \/>\n\t<meta name=\"twitter:data2\" content=\"1 dakika\" \/>\n<script type=\"application\/ld+json\" class=\"yoast-schema-graph\">{\"@context\":\"https:\/\/schema.org\",\"@graph\":[{\"@type\":\"Article\",\"@id\":\"https:\/\/narteks.net\/index.php\/2009\/12\/07\/sevgili-yoldas-kurbagalar-iv\/#article\",\"isPartOf\":{\"@id\":\"https:\/\/narteks.net\/index.php\/2009\/12\/07\/sevgili-yoldas-kurbagalar-iv\/\"},\"author\":{\"name\":\"Tar\u0131k\",\"@id\":\"https:\/\/narteks.net\/#\/schema\/person\/61f37d9834294b72d31d274e7ed79bca\"},\"headline\":\"SEVG\u0130L\u0130 YOLDA\u015e KURBA\u011eALAR IV\",\"datePublished\":\"2009-12-07T10:59:40+00:00\",\"mainEntityOfPage\":{\"@id\":\"https:\/\/narteks.net\/index.php\/2009\/12\/07\/sevgili-yoldas-kurbagalar-iv\/\"},\"wordCount\":167,\"commentCount\":0,\"publisher\":{\"@id\":\"https:\/\/narteks.net\/#organization\"},\"articleSection\":[\"Nevzat \u00c7ELIK\"],\"inLanguage\":\"tr\",\"potentialAction\":[{\"@type\":\"CommentAction\",\"name\":\"Comment\",\"target\":[\"https:\/\/narteks.net\/index.php\/2009\/12\/07\/sevgili-yoldas-kurbagalar-iv\/#respond\"]}]},{\"@type\":\"WebPage\",\"@id\":\"https:\/\/narteks.net\/index.php\/2009\/12\/07\/sevgili-yoldas-kurbagalar-iv\/\",\"url\":\"https:\/\/narteks.net\/index.php\/2009\/12\/07\/sevgili-yoldas-kurbagalar-iv\/\",\"name\":\"SEVG\u0130L\u0130 YOLDA\u015e KURBA\u011eALAR IV - narteks.net\",\"isPartOf\":{\"@id\":\"https:\/\/narteks.net\/#website\"},\"datePublished\":\"2009-12-07T10:59:40+00:00\",\"breadcrumb\":{\"@id\":\"https:\/\/narteks.net\/index.php\/2009\/12\/07\/sevgili-yoldas-kurbagalar-iv\/#breadcrumb\"},\"inLanguage\":\"tr\",\"potentialAction\":[{\"@type\":\"ReadAction\",\"target\":[\"https:\/\/narteks.net\/index.php\/2009\/12\/07\/sevgili-yoldas-kurbagalar-iv\/\"]}]},{\"@type\":\"BreadcrumbList\",\"@id\":\"https:\/\/narteks.net\/index.php\/2009\/12\/07\/sevgili-yoldas-kurbagalar-iv\/#breadcrumb\",\"itemListElement\":[{\"@type\":\"ListItem\",\"position\":1,\"name\":\"Anasayfa\",\"item\":\"https:\/\/narteks.net\/\"},{\"@type\":\"ListItem\",\"position\":2,\"name\":\"SEVG\u0130L\u0130 YOLDA\u015e KURBA\u011eALAR IV\"}]},{\"@type\":\"WebSite\",\"@id\":\"https:\/\/narteks.net\/#website\",\"url\":\"https:\/\/narteks.net\/\",\"name\":\"narteks.net\",\"description\":\"K\u00fclt\u00fcr Sanat Edebiyat Felsefe\",\"publisher\":{\"@id\":\"https:\/\/narteks.net\/#organization\"},\"alternateName\":\"K\u00fclt\u00fcr Sanat Edebiyat Felsefe\",\"potentialAction\":[{\"@type\":\"SearchAction\",\"target\":{\"@type\":\"EntryPoint\",\"urlTemplate\":\"https:\/\/narteks.net\/?s={search_term_string}\"},\"query-input\":{\"@type\":\"PropertyValueSpecification\",\"valueRequired\":true,\"valueName\":\"search_term_string\"}}],\"inLanguage\":\"tr\"},{\"@type\":\"Organization\",\"@id\":\"https:\/\/narteks.net\/#organization\",\"name\":\"narteks.net\",\"url\":\"https:\/\/narteks.net\/\",\"logo\":{\"@type\":\"ImageObject\",\"inLanguage\":\"tr\",\"@id\":\"https:\/\/narteks.net\/#\/schema\/logo\/image\/\",\"url\":\"https:\/\/narteks.net\/wp-content\/uploads\/narteks.png\",\"contentUrl\":\"https:\/\/narteks.net\/wp-content\/uploads\/narteks.png\",\"width\":300,\"height\":90,\"caption\":\"narteks.net\"},\"image\":{\"@id\":\"https:\/\/narteks.net\/#\/schema\/logo\/image\/\"},\"sameAs\":[\"https:\/\/x.com\/narteks\",\"https:\/\/instagram.com\/narteksnet\"]},{\"@type\":\"Person\",\"@id\":\"https:\/\/narteks.net\/#\/schema\/person\/61f37d9834294b72d31d274e7ed79bca\",\"name\":\"Tar\u0131k\",\"image\":{\"@type\":\"ImageObject\",\"inLanguage\":\"tr\",\"@id\":\"https:\/\/narteks.net\/#\/schema\/person\/image\/\",\"url\":\"https:\/\/secure.gravatar.com\/avatar\/50865afb55632c4ae467e0af0930f6510aa2297d8014be502a55b14f3b7550cf?s=96&d=mm&r=g\",\"contentUrl\":\"https:\/\/secure.gravatar.com\/avatar\/50865afb55632c4ae467e0af0930f6510aa2297d8014be502a55b14f3b7550cf?s=96&d=mm&r=g\",\"caption\":\"Tar\u0131k\"},\"sameAs\":[\"http:\/\/narteks.net\"],\"url\":\"https:\/\/narteks.net\/index.php\/author\/narbak\/\"}]}<\/script>\n<!-- \/ Yoast SEO Premium plugin. -->","yoast_head_json":{"title":"SEVG\u0130L\u0130 YOLDA\u015e KURBA\u011eALAR IV - narteks.net","robots":{"index":"index","follow":"follow","max-snippet":"max-snippet:-1","max-image-preview":"max-image-preview:large","max-video-preview":"max-video-preview:-1"},"canonical":"https:\/\/narteks.net\/index.php\/2009\/12\/07\/sevgili-yoldas-kurbagalar-iv\/","og_locale":"tr_TR","og_type":"article","og_title":"SEVG\u0130L\u0130 YOLDA\u015e KURBA\u011eALAR IV","og_description":"\u00a0 erken devrimler de\u011fil pe\u015fin yenilgiler getirdim -\u00e7\u00fcnk\u00fctro\u00e7ki buharin ve b\u00fct\u00fcn \u00f6zcinayetler aya\u011f\u0131m\u0131 burkuyorkazma cinayet aleti de\u011fildir topra\u011f\u0131n sertli\u011fini al\u0131ripe \u00e7ama\u015f\u0131r \u00e7itilenerek as\u0131l\u0131r beyaz\u0131 r\u00fczg\u00e2ra d\u00f6n\u00fckyeni bir \u00f6fke bi\u00e7imi getirdim bir ba\u015fka yak\u0131\u015f\u0131kl\u0131l\u0131k halierken ayr\u0131l\u0131klar\u0131 erken \u00f6l\u00fcmleri kur\u015funa de\u011fenlerida\u011fdan yuvarlanan g\u00fcne\u015fi deniz yutar hat\u0131rlan\u0131rsakur\u015fun so\u011fumaya ba\u015flad\u0131\u011f\u0131nda kasteder hayatabedenin terleyen \u00fc\u015f\u00fcmesi ki ah on dokuz yirmi [&hellip;]","og_url":"https:\/\/narteks.net\/index.php\/2009\/12\/07\/sevgili-yoldas-kurbagalar-iv\/","og_site_name":"narteks.net","article_published_time":"2009-12-07T10:59:40+00:00","og_image":[{"width":300,"height":90,"url":"https:\/\/narteks.net\/wp-content\/uploads\/narteks.png","type":"image\/png"}],"author":"Tar\u0131k","twitter_card":"summary_large_image","twitter_creator":"@narteks","twitter_site":"@narteks","twitter_misc":{"Yazan:":"Tar\u0131k","Tahmini okuma s\u00fcresi":"1 dakika"},"schema":{"@context":"https:\/\/schema.org","@graph":[{"@type":"Article","@id":"https:\/\/narteks.net\/index.php\/2009\/12\/07\/sevgili-yoldas-kurbagalar-iv\/#article","isPartOf":{"@id":"https:\/\/narteks.net\/index.php\/2009\/12\/07\/sevgili-yoldas-kurbagalar-iv\/"},"author":{"name":"Tar\u0131k","@id":"https:\/\/narteks.net\/#\/schema\/person\/61f37d9834294b72d31d274e7ed79bca"},"headline":"SEVG\u0130L\u0130 YOLDA\u015e KURBA\u011eALAR IV","datePublished":"2009-12-07T10:59:40+00:00","mainEntityOfPage":{"@id":"https:\/\/narteks.net\/index.php\/2009\/12\/07\/sevgili-yoldas-kurbagalar-iv\/"},"wordCount":167,"commentCount":0,"publisher":{"@id":"https:\/\/narteks.net\/#organization"},"articleSection":["Nevzat \u00c7ELIK"],"inLanguage":"tr","potentialAction":[{"@type":"CommentAction","name":"Comment","target":["https:\/\/narteks.net\/index.php\/2009\/12\/07\/sevgili-yoldas-kurbagalar-iv\/#respond"]}]},{"@type":"WebPage","@id":"https:\/\/narteks.net\/index.php\/2009\/12\/07\/sevgili-yoldas-kurbagalar-iv\/","url":"https:\/\/narteks.net\/index.php\/2009\/12\/07\/sevgili-yoldas-kurbagalar-iv\/","name":"SEVG\u0130L\u0130 YOLDA\u015e KURBA\u011eALAR IV - narteks.net","isPartOf":{"@id":"https:\/\/narteks.net\/#website"},"datePublished":"2009-12-07T10:59:40+00:00","breadcrumb":{"@id":"https:\/\/narteks.net\/index.php\/2009\/12\/07\/sevgili-yoldas-kurbagalar-iv\/#breadcrumb"},"inLanguage":"tr","potentialAction":[{"@type":"ReadAction","target":["https:\/\/narteks.net\/index.php\/2009\/12\/07\/sevgili-yoldas-kurbagalar-iv\/"]}]},{"@type":"BreadcrumbList","@id":"https:\/\/narteks.net\/index.php\/2009\/12\/07\/sevgili-yoldas-kurbagalar-iv\/#breadcrumb","itemListElement":[{"@type":"ListItem","position":1,"name":"Anasayfa","item":"https:\/\/narteks.net\/"},{"@type":"ListItem","position":2,"name":"SEVG\u0130L\u0130 YOLDA\u015e KURBA\u011eALAR IV"}]},{"@type":"WebSite","@id":"https:\/\/narteks.net\/#website","url":"https:\/\/narteks.net\/","name":"narteks.net","description":"K\u00fclt\u00fcr Sanat Edebiyat Felsefe","publisher":{"@id":"https:\/\/narteks.net\/#organization"},"alternateName":"K\u00fclt\u00fcr Sanat Edebiyat Felsefe","potentialAction":[{"@type":"SearchAction","target":{"@type":"EntryPoint","urlTemplate":"https:\/\/narteks.net\/?s={search_term_string}"},"query-input":{"@type":"PropertyValueSpecification","valueRequired":true,"valueName":"search_term_string"}}],"inLanguage":"tr"},{"@type":"Organization","@id":"https:\/\/narteks.net\/#organization","name":"narteks.net","url":"https:\/\/narteks.net\/","logo":{"@type":"ImageObject","inLanguage":"tr","@id":"https:\/\/narteks.net\/#\/schema\/logo\/image\/","url":"https:\/\/narteks.net\/wp-content\/uploads\/narteks.png","contentUrl":"https:\/\/narteks.net\/wp-content\/uploads\/narteks.png","width":300,"height":90,"caption":"narteks.net"},"image":{"@id":"https:\/\/narteks.net\/#\/schema\/logo\/image\/"},"sameAs":["https:\/\/x.com\/narteks","https:\/\/instagram.com\/narteksnet"]},{"@type":"Person","@id":"https:\/\/narteks.net\/#\/schema\/person\/61f37d9834294b72d31d274e7ed79bca","name":"Tar\u0131k","image":{"@type":"ImageObject","inLanguage":"tr","@id":"https:\/\/narteks.net\/#\/schema\/person\/image\/","url":"https:\/\/secure.gravatar.com\/avatar\/50865afb55632c4ae467e0af0930f6510aa2297d8014be502a55b14f3b7550cf?s=96&d=mm&r=g","contentUrl":"https:\/\/secure.gravatar.com\/avatar\/50865afb55632c4ae467e0af0930f6510aa2297d8014be502a55b14f3b7550cf?s=96&d=mm&r=g","caption":"Tar\u0131k"},"sameAs":["http:\/\/narteks.net"],"url":"https:\/\/narteks.net\/index.php\/author\/narbak\/"}]}},"_links":{"self":[{"href":"https:\/\/narteks.net\/index.php\/wp-json\/wp\/v2\/posts\/2813","targetHints":{"allow":["GET"]}}],"collection":[{"href":"https:\/\/narteks.net\/index.php\/wp-json\/wp\/v2\/posts"}],"about":[{"href":"https:\/\/narteks.net\/index.php\/wp-json\/wp\/v2\/types\/post"}],"author":[{"embeddable":true,"href":"https:\/\/narteks.net\/index.php\/wp-json\/wp\/v2\/users\/1"}],"replies":[{"embeddable":true,"href":"https:\/\/narteks.net\/index.php\/wp-json\/wp\/v2\/comments?post=2813"}],"version-history":[{"count":0,"href":"https:\/\/narteks.net\/index.php\/wp-json\/wp\/v2\/posts\/2813\/revisions"}],"wp:attachment":[{"href":"https:\/\/narteks.net\/index.php\/wp-json\/wp\/v2\/media?parent=2813"}],"wp:term":[{"taxonomy":"category","embeddable":true,"href":"https:\/\/narteks.net\/index.php\/wp-json\/wp\/v2\/categories?post=2813"},{"taxonomy":"post_tag","embeddable":true,"href":"https:\/\/narteks.net\/index.php\/wp-json\/wp\/v2\/tags?post=2813"}],"curies":[{"name":"wp","href":"https:\/\/api.w.org\/{rel}","templated":true}]}}