{"id":2814,"date":"2009-12-07T14:00:03","date_gmt":"2009-12-07T11:00:03","guid":{"rendered":"http:\/\/localhost\/wordpress\/2009\/12\/07\/sevgili-yoldas-kurbagalar-v\/"},"modified":"2009-12-07T14:00:03","modified_gmt":"2009-12-07T11:00:03","slug":"sevgili-yoldas-kurbagalar-v","status":"publish","type":"post","link":"https:\/\/narteks.net\/index.php\/2009\/12\/07\/sevgili-yoldas-kurbagalar-v\/","title":{"rendered":"SEVG\u0130L\u0130 YOLDA\u015e KURBA\u011eALAR V"},"content":{"rendered":"<p>\u00a0<\/p>\n<p>ne g\u00fczel geldin \u00e7i\u00e7eklerinle demeyi getirdim -\u00e7\u00fcnk\u00fc<br \/>ne g\u00fczel gidiyorsun ku\u015flar\u0131mla demek istiyorum<br \/>sevgili sevin\u00e7 olmal\u0131 su s\u0131zd\u0131rmazken \u00f6l\u00fcm bu kadar<br \/>yeni bir sevme bi\u00e7imi getirdim belki yalan ama yeni<br \/>ne kadar temizlenirse hal\u0131 kiri o kadar g\u00f6steriyor<br \/>ay\u00e7ekirde\u011finin tuzu ve da\u011f\u0131n\u0131kl\u0131\u011f\u0131 mazeret olabilir<br \/>t\u0131rnaklar\u0131m\u0131n ve di\u015flerimin aras\u0131na bula\u015fmas\u0131 dahil<br \/>kald\u0131r\u0131lan sandalye bir daha ayn\u0131 yere oturmuyor<br \/>aynada k\u0131r\u0131lan ilk yalan amipten h\u0131zl\u0131 \u00e7o\u011fal\u0131yor<br \/>tam bu anda suya bakan salk\u0131ms\u00f6\u011f\u00fct \u00f6nerilebilir<br \/>konuyla alakas\u0131 yokmu\u015f gibi duran bir benin<br \/>bilmedi\u011fimiz bir k\u0131z\u0131n ensesinde ben olu\u015fu gibi<br \/>bilmedi\u011fimiz bir o\u011flanda y\u00fcr\u00fcyen incelik gibi<br \/>a\u015fk olur o zaman belki de kim bilir a\u015fk tamam olur<\/p>\n<p>\u0131\u015f\u0131\u011f\u0131n g\u00f6lgesini inatla ayd\u0131nlatma \u00e7abas\u0131n\u0131 getirdim<br \/>a\u015fkolal\u0131m devrimolal\u0131m sevgili yolda\u015f kurba\u011falar<\/p>\n<p>Nevzat \u00c7EL\u0130K<\/p>\n","protected":false},"excerpt":{"rendered":"<p>\u00a0 ne g\u00fczel geldin \u00e7i\u00e7eklerinle demeyi getirdim -\u00e7\u00fcnk\u00fcne g\u00fczel gidiyorsun ku\u015flar\u0131mla demek istiyorumsevgili sevin\u00e7 olmal\u0131 su s\u0131zd\u0131rmazken \u00f6l\u00fcm bu kadaryeni bir sevme bi\u00e7imi getirdim belki yalan ama yenine kadar temizlenirse hal\u0131 kiri o kadar g\u00f6steriyoray\u00e7ekirde\u011finin tuzu ve da\u011f\u0131n\u0131kl\u0131\u011f\u0131 mazeret olabilirt\u0131rnaklar\u0131m\u0131n ve di\u015flerimin aras\u0131na bula\u015fmas\u0131 dahilkald\u0131r\u0131lan sandalye bir daha ayn\u0131 yere oturmuyoraynada k\u0131r\u0131lan ilk yalan amipten [&hellip;]<\/p>\n","protected":false},"author":1,"featured_media":0,"comment_status":"open","ping_status":"open","sticky":false,"template":"","format":"standard","meta":{"footnotes":""},"categories":[25],"tags":[],"class_list":{"0":"post-2814","1":"post","2":"type-post","3":"status-publish","4":"format-standard","6":"category-nevzat-celik"},"yoast_head":"<!-- This site is optimized with the Yoast SEO Premium plugin v24.9 (Yoast SEO v24.9) - https:\/\/yoast.com\/wordpress\/plugins\/seo\/ -->\n<title>SEVG\u0130L\u0130 YOLDA\u015e KURBA\u011eALAR V - narteks.net<\/title>\n<meta name=\"robots\" content=\"index, follow, max-snippet:-1, max-image-preview:large, max-video-preview:-1\" \/>\n<link rel=\"canonical\" href=\"https:\/\/narteks.net\/index.php\/2009\/12\/07\/sevgili-yoldas-kurbagalar-v\/\" \/>\n<meta property=\"og:locale\" content=\"tr_TR\" \/>\n<meta property=\"og:type\" content=\"article\" \/>\n<meta property=\"og:title\" content=\"SEVG\u0130L\u0130 YOLDA\u015e KURBA\u011eALAR V\" \/>\n<meta property=\"og:description\" content=\"\u00a0 ne g\u00fczel geldin \u00e7i\u00e7eklerinle demeyi getirdim -\u00e7\u00fcnk\u00fcne g\u00fczel gidiyorsun ku\u015flar\u0131mla demek istiyorumsevgili sevin\u00e7 olmal\u0131 su s\u0131zd\u0131rmazken \u00f6l\u00fcm bu kadaryeni bir sevme bi\u00e7imi getirdim belki yalan ama yenine kadar temizlenirse hal\u0131 kiri o kadar g\u00f6steriyoray\u00e7ekirde\u011finin tuzu ve da\u011f\u0131n\u0131kl\u0131\u011f\u0131 mazeret olabilirt\u0131rnaklar\u0131m\u0131n ve di\u015flerimin aras\u0131na bula\u015fmas\u0131 dahilkald\u0131r\u0131lan sandalye bir daha ayn\u0131 yere oturmuyoraynada k\u0131r\u0131lan ilk yalan amipten [&hellip;]\" \/>\n<meta property=\"og:url\" content=\"https:\/\/narteks.net\/index.php\/2009\/12\/07\/sevgili-yoldas-kurbagalar-v\/\" \/>\n<meta property=\"og:site_name\" content=\"narteks.net\" \/>\n<meta property=\"article:published_time\" content=\"2009-12-07T11:00:03+00:00\" \/>\n<meta property=\"og:image\" content=\"https:\/\/narteks.net\/wp-content\/uploads\/narteks.png\" \/>\n\t<meta property=\"og:image:width\" content=\"300\" \/>\n\t<meta property=\"og:image:height\" content=\"90\" \/>\n\t<meta property=\"og:image:type\" content=\"image\/png\" \/>\n<meta name=\"author\" content=\"Tar\u0131k\" \/>\n<meta name=\"twitter:card\" content=\"summary_large_image\" \/>\n<meta name=\"twitter:creator\" content=\"@narteks\" \/>\n<meta name=\"twitter:site\" content=\"@narteks\" \/>\n<meta name=\"twitter:label1\" content=\"Yazan:\" \/>\n\t<meta name=\"twitter:data1\" content=\"Tar\u0131k\" \/>\n\t<meta name=\"twitter:label2\" content=\"Tahmini okuma s\u00fcresi\" \/>\n\t<meta name=\"twitter:data2\" content=\"1 dakika\" \/>\n<script type=\"application\/ld+json\" class=\"yoast-schema-graph\">{\"@context\":\"https:\/\/schema.org\",\"@graph\":[{\"@type\":\"Article\",\"@id\":\"https:\/\/narteks.net\/index.php\/2009\/12\/07\/sevgili-yoldas-kurbagalar-v\/#article\",\"isPartOf\":{\"@id\":\"https:\/\/narteks.net\/index.php\/2009\/12\/07\/sevgili-yoldas-kurbagalar-v\/\"},\"author\":{\"name\":\"Tar\u0131k\",\"@id\":\"https:\/\/narteks.net\/#\/schema\/person\/61f37d9834294b72d31d274e7ed79bca\"},\"headline\":\"SEVG\u0130L\u0130 YOLDA\u015e KURBA\u011eALAR V\",\"datePublished\":\"2009-12-07T11:00:03+00:00\",\"mainEntityOfPage\":{\"@id\":\"https:\/\/narteks.net\/index.php\/2009\/12\/07\/sevgili-yoldas-kurbagalar-v\/\"},\"wordCount\":156,\"commentCount\":0,\"publisher\":{\"@id\":\"https:\/\/narteks.net\/#organization\"},\"articleSection\":[\"Nevzat \u00c7ELIK\"],\"inLanguage\":\"tr\",\"potentialAction\":[{\"@type\":\"CommentAction\",\"name\":\"Comment\",\"target\":[\"https:\/\/narteks.net\/index.php\/2009\/12\/07\/sevgili-yoldas-kurbagalar-v\/#respond\"]}]},{\"@type\":\"WebPage\",\"@id\":\"https:\/\/narteks.net\/index.php\/2009\/12\/07\/sevgili-yoldas-kurbagalar-v\/\",\"url\":\"https:\/\/narteks.net\/index.php\/2009\/12\/07\/sevgili-yoldas-kurbagalar-v\/\",\"name\":\"SEVG\u0130L\u0130 YOLDA\u015e KURBA\u011eALAR V - narteks.net\",\"isPartOf\":{\"@id\":\"https:\/\/narteks.net\/#website\"},\"datePublished\":\"2009-12-07T11:00:03+00:00\",\"breadcrumb\":{\"@id\":\"https:\/\/narteks.net\/index.php\/2009\/12\/07\/sevgili-yoldas-kurbagalar-v\/#breadcrumb\"},\"inLanguage\":\"tr\",\"potentialAction\":[{\"@type\":\"ReadAction\",\"target\":[\"https:\/\/narteks.net\/index.php\/2009\/12\/07\/sevgili-yoldas-kurbagalar-v\/\"]}]},{\"@type\":\"BreadcrumbList\",\"@id\":\"https:\/\/narteks.net\/index.php\/2009\/12\/07\/sevgili-yoldas-kurbagalar-v\/#breadcrumb\",\"itemListElement\":[{\"@type\":\"ListItem\",\"position\":1,\"name\":\"Anasayfa\",\"item\":\"https:\/\/narteks.net\/\"},{\"@type\":\"ListItem\",\"position\":2,\"name\":\"SEVG\u0130L\u0130 YOLDA\u015e KURBA\u011eALAR V\"}]},{\"@type\":\"WebSite\",\"@id\":\"https:\/\/narteks.net\/#website\",\"url\":\"https:\/\/narteks.net\/\",\"name\":\"narteks.net\",\"description\":\"K\u00fclt\u00fcr Sanat Edebiyat Felsefe\",\"publisher\":{\"@id\":\"https:\/\/narteks.net\/#organization\"},\"alternateName\":\"K\u00fclt\u00fcr Sanat Edebiyat Felsefe\",\"potentialAction\":[{\"@type\":\"SearchAction\",\"target\":{\"@type\":\"EntryPoint\",\"urlTemplate\":\"https:\/\/narteks.net\/?s={search_term_string}\"},\"query-input\":{\"@type\":\"PropertyValueSpecification\",\"valueRequired\":true,\"valueName\":\"search_term_string\"}}],\"inLanguage\":\"tr\"},{\"@type\":\"Organization\",\"@id\":\"https:\/\/narteks.net\/#organization\",\"name\":\"narteks.net\",\"url\":\"https:\/\/narteks.net\/\",\"logo\":{\"@type\":\"ImageObject\",\"inLanguage\":\"tr\",\"@id\":\"https:\/\/narteks.net\/#\/schema\/logo\/image\/\",\"url\":\"https:\/\/narteks.net\/wp-content\/uploads\/narteks.png\",\"contentUrl\":\"https:\/\/narteks.net\/wp-content\/uploads\/narteks.png\",\"width\":300,\"height\":90,\"caption\":\"narteks.net\"},\"image\":{\"@id\":\"https:\/\/narteks.net\/#\/schema\/logo\/image\/\"},\"sameAs\":[\"https:\/\/x.com\/narteks\",\"https:\/\/instagram.com\/narteksnet\"]},{\"@type\":\"Person\",\"@id\":\"https:\/\/narteks.net\/#\/schema\/person\/61f37d9834294b72d31d274e7ed79bca\",\"name\":\"Tar\u0131k\",\"image\":{\"@type\":\"ImageObject\",\"inLanguage\":\"tr\",\"@id\":\"https:\/\/narteks.net\/#\/schema\/person\/image\/\",\"url\":\"https:\/\/secure.gravatar.com\/avatar\/50865afb55632c4ae467e0af0930f6510aa2297d8014be502a55b14f3b7550cf?s=96&d=mm&r=g\",\"contentUrl\":\"https:\/\/secure.gravatar.com\/avatar\/50865afb55632c4ae467e0af0930f6510aa2297d8014be502a55b14f3b7550cf?s=96&d=mm&r=g\",\"caption\":\"Tar\u0131k\"},\"sameAs\":[\"http:\/\/narteks.net\"],\"url\":\"https:\/\/narteks.net\/index.php\/author\/narbak\/\"}]}<\/script>\n<!-- \/ Yoast SEO Premium plugin. -->","yoast_head_json":{"title":"SEVG\u0130L\u0130 YOLDA\u015e KURBA\u011eALAR V - narteks.net","robots":{"index":"index","follow":"follow","max-snippet":"max-snippet:-1","max-image-preview":"max-image-preview:large","max-video-preview":"max-video-preview:-1"},"canonical":"https:\/\/narteks.net\/index.php\/2009\/12\/07\/sevgili-yoldas-kurbagalar-v\/","og_locale":"tr_TR","og_type":"article","og_title":"SEVG\u0130L\u0130 YOLDA\u015e KURBA\u011eALAR V","og_description":"\u00a0 ne g\u00fczel geldin \u00e7i\u00e7eklerinle demeyi getirdim -\u00e7\u00fcnk\u00fcne g\u00fczel gidiyorsun ku\u015flar\u0131mla demek istiyorumsevgili sevin\u00e7 olmal\u0131 su s\u0131zd\u0131rmazken \u00f6l\u00fcm bu kadaryeni bir sevme bi\u00e7imi getirdim belki yalan ama yenine kadar temizlenirse hal\u0131 kiri o kadar g\u00f6steriyoray\u00e7ekirde\u011finin tuzu ve da\u011f\u0131n\u0131kl\u0131\u011f\u0131 mazeret olabilirt\u0131rnaklar\u0131m\u0131n ve di\u015flerimin aras\u0131na bula\u015fmas\u0131 dahilkald\u0131r\u0131lan sandalye bir daha ayn\u0131 yere oturmuyoraynada k\u0131r\u0131lan ilk yalan amipten [&hellip;]","og_url":"https:\/\/narteks.net\/index.php\/2009\/12\/07\/sevgili-yoldas-kurbagalar-v\/","og_site_name":"narteks.net","article_published_time":"2009-12-07T11:00:03+00:00","og_image":[{"width":300,"height":90,"url":"https:\/\/narteks.net\/wp-content\/uploads\/narteks.png","type":"image\/png"}],"author":"Tar\u0131k","twitter_card":"summary_large_image","twitter_creator":"@narteks","twitter_site":"@narteks","twitter_misc":{"Yazan:":"Tar\u0131k","Tahmini okuma s\u00fcresi":"1 dakika"},"schema":{"@context":"https:\/\/schema.org","@graph":[{"@type":"Article","@id":"https:\/\/narteks.net\/index.php\/2009\/12\/07\/sevgili-yoldas-kurbagalar-v\/#article","isPartOf":{"@id":"https:\/\/narteks.net\/index.php\/2009\/12\/07\/sevgili-yoldas-kurbagalar-v\/"},"author":{"name":"Tar\u0131k","@id":"https:\/\/narteks.net\/#\/schema\/person\/61f37d9834294b72d31d274e7ed79bca"},"headline":"SEVG\u0130L\u0130 YOLDA\u015e KURBA\u011eALAR V","datePublished":"2009-12-07T11:00:03+00:00","mainEntityOfPage":{"@id":"https:\/\/narteks.net\/index.php\/2009\/12\/07\/sevgili-yoldas-kurbagalar-v\/"},"wordCount":156,"commentCount":0,"publisher":{"@id":"https:\/\/narteks.net\/#organization"},"articleSection":["Nevzat \u00c7ELIK"],"inLanguage":"tr","potentialAction":[{"@type":"CommentAction","name":"Comment","target":["https:\/\/narteks.net\/index.php\/2009\/12\/07\/sevgili-yoldas-kurbagalar-v\/#respond"]}]},{"@type":"WebPage","@id":"https:\/\/narteks.net\/index.php\/2009\/12\/07\/sevgili-yoldas-kurbagalar-v\/","url":"https:\/\/narteks.net\/index.php\/2009\/12\/07\/sevgili-yoldas-kurbagalar-v\/","name":"SEVG\u0130L\u0130 YOLDA\u015e KURBA\u011eALAR V - narteks.net","isPartOf":{"@id":"https:\/\/narteks.net\/#website"},"datePublished":"2009-12-07T11:00:03+00:00","breadcrumb":{"@id":"https:\/\/narteks.net\/index.php\/2009\/12\/07\/sevgili-yoldas-kurbagalar-v\/#breadcrumb"},"inLanguage":"tr","potentialAction":[{"@type":"ReadAction","target":["https:\/\/narteks.net\/index.php\/2009\/12\/07\/sevgili-yoldas-kurbagalar-v\/"]}]},{"@type":"BreadcrumbList","@id":"https:\/\/narteks.net\/index.php\/2009\/12\/07\/sevgili-yoldas-kurbagalar-v\/#breadcrumb","itemListElement":[{"@type":"ListItem","position":1,"name":"Anasayfa","item":"https:\/\/narteks.net\/"},{"@type":"ListItem","position":2,"name":"SEVG\u0130L\u0130 YOLDA\u015e KURBA\u011eALAR V"}]},{"@type":"WebSite","@id":"https:\/\/narteks.net\/#website","url":"https:\/\/narteks.net\/","name":"narteks.net","description":"K\u00fclt\u00fcr Sanat Edebiyat Felsefe","publisher":{"@id":"https:\/\/narteks.net\/#organization"},"alternateName":"K\u00fclt\u00fcr Sanat Edebiyat Felsefe","potentialAction":[{"@type":"SearchAction","target":{"@type":"EntryPoint","urlTemplate":"https:\/\/narteks.net\/?s={search_term_string}"},"query-input":{"@type":"PropertyValueSpecification","valueRequired":true,"valueName":"search_term_string"}}],"inLanguage":"tr"},{"@type":"Organization","@id":"https:\/\/narteks.net\/#organization","name":"narteks.net","url":"https:\/\/narteks.net\/","logo":{"@type":"ImageObject","inLanguage":"tr","@id":"https:\/\/narteks.net\/#\/schema\/logo\/image\/","url":"https:\/\/narteks.net\/wp-content\/uploads\/narteks.png","contentUrl":"https:\/\/narteks.net\/wp-content\/uploads\/narteks.png","width":300,"height":90,"caption":"narteks.net"},"image":{"@id":"https:\/\/narteks.net\/#\/schema\/logo\/image\/"},"sameAs":["https:\/\/x.com\/narteks","https:\/\/instagram.com\/narteksnet"]},{"@type":"Person","@id":"https:\/\/narteks.net\/#\/schema\/person\/61f37d9834294b72d31d274e7ed79bca","name":"Tar\u0131k","image":{"@type":"ImageObject","inLanguage":"tr","@id":"https:\/\/narteks.net\/#\/schema\/person\/image\/","url":"https:\/\/secure.gravatar.com\/avatar\/50865afb55632c4ae467e0af0930f6510aa2297d8014be502a55b14f3b7550cf?s=96&d=mm&r=g","contentUrl":"https:\/\/secure.gravatar.com\/avatar\/50865afb55632c4ae467e0af0930f6510aa2297d8014be502a55b14f3b7550cf?s=96&d=mm&r=g","caption":"Tar\u0131k"},"sameAs":["http:\/\/narteks.net"],"url":"https:\/\/narteks.net\/index.php\/author\/narbak\/"}]}},"_links":{"self":[{"href":"https:\/\/narteks.net\/index.php\/wp-json\/wp\/v2\/posts\/2814","targetHints":{"allow":["GET"]}}],"collection":[{"href":"https:\/\/narteks.net\/index.php\/wp-json\/wp\/v2\/posts"}],"about":[{"href":"https:\/\/narteks.net\/index.php\/wp-json\/wp\/v2\/types\/post"}],"author":[{"embeddable":true,"href":"https:\/\/narteks.net\/index.php\/wp-json\/wp\/v2\/users\/1"}],"replies":[{"embeddable":true,"href":"https:\/\/narteks.net\/index.php\/wp-json\/wp\/v2\/comments?post=2814"}],"version-history":[{"count":0,"href":"https:\/\/narteks.net\/index.php\/wp-json\/wp\/v2\/posts\/2814\/revisions"}],"wp:attachment":[{"href":"https:\/\/narteks.net\/index.php\/wp-json\/wp\/v2\/media?parent=2814"}],"wp:term":[{"taxonomy":"category","embeddable":true,"href":"https:\/\/narteks.net\/index.php\/wp-json\/wp\/v2\/categories?post=2814"},{"taxonomy":"post_tag","embeddable":true,"href":"https:\/\/narteks.net\/index.php\/wp-json\/wp\/v2\/tags?post=2814"}],"curies":[{"name":"wp","href":"https:\/\/api.w.org\/{rel}","templated":true}]}}