{"id":2815,"date":"2009-12-07T14:00:39","date_gmt":"2009-12-07T11:00:39","guid":{"rendered":"http:\/\/localhost\/wordpress\/2009\/12\/07\/sevgili-yoldas-kurbagalar-vi\/"},"modified":"2009-12-07T14:00:39","modified_gmt":"2009-12-07T11:00:39","slug":"sevgili-yoldas-kurbagalar-vi","status":"publish","type":"post","link":"https:\/\/narteks.net\/index.php\/2009\/12\/07\/sevgili-yoldas-kurbagalar-vi\/","title":{"rendered":"SEVG\u0130L\u0130 YOLDA\u015e KURBA\u011eALAR VI"},"content":{"rendered":"<p>\u00a0<\/p>\n<p>dem \u00e7eken kumrular\u0131n ans\u0131z susmas\u0131n\u0131 getirdim -\u00e7\u00fcnk\u00fc<br \/>karanl\u0131kta \u00e7ak\u0131lan kibritin buz gibi yaln\u0131zl\u0131\u011f\u0131n\u0131 g\u00f6rd\u00fcm<br \/>i\u00e7imizde patlayacak bir suskunlu\u011fu ate\u015fliyordur belki<br \/>yeni bir susma bi\u00e7imi getirdim bir ba\u015fka konu\u015fma hali<br \/>dikenlerini \u00e7ekmi\u015f bir g\u00fcl\u00fcn \u00fczerine y\u00fcr\u00fcsek diyorum<br \/>ge\u00e7ti\u011fimiz sokaklar\u0131n \u00e7ehresini de\u011fi\u015ftirsek diyorum<br \/>sa\u00e7 dibinden ba\u015fl\u0131yor d\u00f6k\u00fclme iste\u011fi bunu biliyorum<br \/>kel olmadan kellik hesaba kat\u0131l\u0131rsa s\u00f6z\u00fcn \u00f6n\u00fc a\u00e7\u0131l\u0131r<br \/>y\u00fcz metrede deniz olmadan bayrak de\u011fi\u015fimi belki<br \/>ya\u015fl\u0131l\u0131k biraz da oyunsuz kalm\u0131\u015f \u00e7ocukluk de\u011fil mi<br \/>bug\u00fcnlerde iyi bakmal\u0131 can y\u00fccel&#8217;e vedat g\u00fcnyol&#8217;a<br \/>tok bir sesle usul usul biri biri usul usul bir sesle tok<br \/>kendinden \u00f6nce ipi g\u00f6\u011f\u00fcsleyene nas\u0131l bakar bir atlet<br \/>da\u011f da\u011fa d\u00f6ns\u00fcn y\u00fcz\u00fcn\u00fc arada bulut ya\u011fmur olsun<\/p>\n<p>bir \u015fey olsun hayat\u0131m\u0131zda tutup o bir \u015feyi getirdim<br \/>a\u015fkolal\u0131m devrimolal\u0131m sevgili yolda\u015f kurba\u011falar<\/p>\n<p>Nevzat \u00c7EL\u0130K<\/p>\n","protected":false},"excerpt":{"rendered":"<p>\u00a0 dem \u00e7eken kumrular\u0131n ans\u0131z susmas\u0131n\u0131 getirdim -\u00e7\u00fcnk\u00fckaranl\u0131kta \u00e7ak\u0131lan kibritin buz gibi yaln\u0131zl\u0131\u011f\u0131n\u0131 g\u00f6rd\u00fcmi\u00e7imizde patlayacak bir suskunlu\u011fu ate\u015fliyordur belkiyeni bir susma bi\u00e7imi getirdim bir ba\u015fka konu\u015fma halidikenlerini \u00e7ekmi\u015f bir g\u00fcl\u00fcn \u00fczerine y\u00fcr\u00fcsek diyorumge\u00e7ti\u011fimiz sokaklar\u0131n \u00e7ehresini de\u011fi\u015ftirsek diyorumsa\u00e7 dibinden ba\u015fl\u0131yor d\u00f6k\u00fclme iste\u011fi bunu biliyorumkel olmadan kellik hesaba kat\u0131l\u0131rsa s\u00f6z\u00fcn \u00f6n\u00fc a\u00e7\u0131l\u0131ry\u00fcz metrede deniz olmadan bayrak de\u011fi\u015fimi [&hellip;]<\/p>\n","protected":false},"author":1,"featured_media":0,"comment_status":"open","ping_status":"open","sticky":false,"template":"","format":"standard","meta":{"footnotes":""},"categories":[25],"tags":[],"class_list":{"0":"post-2815","1":"post","2":"type-post","3":"status-publish","4":"format-standard","6":"category-nevzat-celik"},"yoast_head":"<!-- This site is optimized with the Yoast SEO Premium plugin v24.9 (Yoast SEO v24.9) - https:\/\/yoast.com\/wordpress\/plugins\/seo\/ -->\n<title>SEVG\u0130L\u0130 YOLDA\u015e KURBA\u011eALAR VI - narteks.net<\/title>\n<meta name=\"robots\" content=\"index, follow, max-snippet:-1, max-image-preview:large, max-video-preview:-1\" \/>\n<link rel=\"canonical\" href=\"https:\/\/narteks.net\/index.php\/2009\/12\/07\/sevgili-yoldas-kurbagalar-vi\/\" \/>\n<meta property=\"og:locale\" content=\"tr_TR\" \/>\n<meta property=\"og:type\" content=\"article\" \/>\n<meta property=\"og:title\" content=\"SEVG\u0130L\u0130 YOLDA\u015e KURBA\u011eALAR VI\" \/>\n<meta property=\"og:description\" content=\"\u00a0 dem \u00e7eken kumrular\u0131n ans\u0131z susmas\u0131n\u0131 getirdim -\u00e7\u00fcnk\u00fckaranl\u0131kta \u00e7ak\u0131lan kibritin buz gibi yaln\u0131zl\u0131\u011f\u0131n\u0131 g\u00f6rd\u00fcmi\u00e7imizde patlayacak bir suskunlu\u011fu ate\u015fliyordur belkiyeni bir susma bi\u00e7imi getirdim bir ba\u015fka konu\u015fma halidikenlerini \u00e7ekmi\u015f bir g\u00fcl\u00fcn \u00fczerine y\u00fcr\u00fcsek diyorumge\u00e7ti\u011fimiz sokaklar\u0131n \u00e7ehresini de\u011fi\u015ftirsek diyorumsa\u00e7 dibinden ba\u015fl\u0131yor d\u00f6k\u00fclme iste\u011fi bunu biliyorumkel olmadan kellik hesaba kat\u0131l\u0131rsa s\u00f6z\u00fcn \u00f6n\u00fc a\u00e7\u0131l\u0131ry\u00fcz metrede deniz olmadan bayrak de\u011fi\u015fimi [&hellip;]\" \/>\n<meta property=\"og:url\" content=\"https:\/\/narteks.net\/index.php\/2009\/12\/07\/sevgili-yoldas-kurbagalar-vi\/\" \/>\n<meta property=\"og:site_name\" content=\"narteks.net\" \/>\n<meta property=\"article:published_time\" content=\"2009-12-07T11:00:39+00:00\" \/>\n<meta property=\"og:image\" content=\"https:\/\/narteks.net\/wp-content\/uploads\/narteks.png\" \/>\n\t<meta property=\"og:image:width\" content=\"300\" \/>\n\t<meta property=\"og:image:height\" content=\"90\" \/>\n\t<meta property=\"og:image:type\" content=\"image\/png\" \/>\n<meta name=\"author\" content=\"Tar\u0131k\" \/>\n<meta name=\"twitter:card\" content=\"summary_large_image\" \/>\n<meta name=\"twitter:creator\" content=\"@narteks\" \/>\n<meta name=\"twitter:site\" content=\"@narteks\" \/>\n<meta name=\"twitter:label1\" content=\"Yazan:\" \/>\n\t<meta name=\"twitter:data1\" content=\"Tar\u0131k\" \/>\n\t<meta name=\"twitter:label2\" content=\"Tahmini okuma s\u00fcresi\" \/>\n\t<meta name=\"twitter:data2\" content=\"1 dakika\" \/>\n<script type=\"application\/ld+json\" class=\"yoast-schema-graph\">{\"@context\":\"https:\/\/schema.org\",\"@graph\":[{\"@type\":\"Article\",\"@id\":\"https:\/\/narteks.net\/index.php\/2009\/12\/07\/sevgili-yoldas-kurbagalar-vi\/#article\",\"isPartOf\":{\"@id\":\"https:\/\/narteks.net\/index.php\/2009\/12\/07\/sevgili-yoldas-kurbagalar-vi\/\"},\"author\":{\"name\":\"Tar\u0131k\",\"@id\":\"https:\/\/narteks.net\/#\/schema\/person\/61f37d9834294b72d31d274e7ed79bca\"},\"headline\":\"SEVG\u0130L\u0130 YOLDA\u015e KURBA\u011eALAR VI\",\"datePublished\":\"2009-12-07T11:00:39+00:00\",\"mainEntityOfPage\":{\"@id\":\"https:\/\/narteks.net\/index.php\/2009\/12\/07\/sevgili-yoldas-kurbagalar-vi\/\"},\"wordCount\":176,\"commentCount\":0,\"publisher\":{\"@id\":\"https:\/\/narteks.net\/#organization\"},\"articleSection\":[\"Nevzat \u00c7ELIK\"],\"inLanguage\":\"tr\",\"potentialAction\":[{\"@type\":\"CommentAction\",\"name\":\"Comment\",\"target\":[\"https:\/\/narteks.net\/index.php\/2009\/12\/07\/sevgili-yoldas-kurbagalar-vi\/#respond\"]}]},{\"@type\":\"WebPage\",\"@id\":\"https:\/\/narteks.net\/index.php\/2009\/12\/07\/sevgili-yoldas-kurbagalar-vi\/\",\"url\":\"https:\/\/narteks.net\/index.php\/2009\/12\/07\/sevgili-yoldas-kurbagalar-vi\/\",\"name\":\"SEVG\u0130L\u0130 YOLDA\u015e KURBA\u011eALAR VI - narteks.net\",\"isPartOf\":{\"@id\":\"https:\/\/narteks.net\/#website\"},\"datePublished\":\"2009-12-07T11:00:39+00:00\",\"breadcrumb\":{\"@id\":\"https:\/\/narteks.net\/index.php\/2009\/12\/07\/sevgili-yoldas-kurbagalar-vi\/#breadcrumb\"},\"inLanguage\":\"tr\",\"potentialAction\":[{\"@type\":\"ReadAction\",\"target\":[\"https:\/\/narteks.net\/index.php\/2009\/12\/07\/sevgili-yoldas-kurbagalar-vi\/\"]}]},{\"@type\":\"BreadcrumbList\",\"@id\":\"https:\/\/narteks.net\/index.php\/2009\/12\/07\/sevgili-yoldas-kurbagalar-vi\/#breadcrumb\",\"itemListElement\":[{\"@type\":\"ListItem\",\"position\":1,\"name\":\"Anasayfa\",\"item\":\"https:\/\/narteks.net\/\"},{\"@type\":\"ListItem\",\"position\":2,\"name\":\"SEVG\u0130L\u0130 YOLDA\u015e KURBA\u011eALAR VI\"}]},{\"@type\":\"WebSite\",\"@id\":\"https:\/\/narteks.net\/#website\",\"url\":\"https:\/\/narteks.net\/\",\"name\":\"narteks.net\",\"description\":\"K\u00fclt\u00fcr Sanat Edebiyat Felsefe\",\"publisher\":{\"@id\":\"https:\/\/narteks.net\/#organization\"},\"alternateName\":\"K\u00fclt\u00fcr Sanat Edebiyat Felsefe\",\"potentialAction\":[{\"@type\":\"SearchAction\",\"target\":{\"@type\":\"EntryPoint\",\"urlTemplate\":\"https:\/\/narteks.net\/?s={search_term_string}\"},\"query-input\":{\"@type\":\"PropertyValueSpecification\",\"valueRequired\":true,\"valueName\":\"search_term_string\"}}],\"inLanguage\":\"tr\"},{\"@type\":\"Organization\",\"@id\":\"https:\/\/narteks.net\/#organization\",\"name\":\"narteks.net\",\"url\":\"https:\/\/narteks.net\/\",\"logo\":{\"@type\":\"ImageObject\",\"inLanguage\":\"tr\",\"@id\":\"https:\/\/narteks.net\/#\/schema\/logo\/image\/\",\"url\":\"https:\/\/narteks.net\/wp-content\/uploads\/narteks.png\",\"contentUrl\":\"https:\/\/narteks.net\/wp-content\/uploads\/narteks.png\",\"width\":300,\"height\":90,\"caption\":\"narteks.net\"},\"image\":{\"@id\":\"https:\/\/narteks.net\/#\/schema\/logo\/image\/\"},\"sameAs\":[\"https:\/\/x.com\/narteks\",\"https:\/\/instagram.com\/narteksnet\"]},{\"@type\":\"Person\",\"@id\":\"https:\/\/narteks.net\/#\/schema\/person\/61f37d9834294b72d31d274e7ed79bca\",\"name\":\"Tar\u0131k\",\"image\":{\"@type\":\"ImageObject\",\"inLanguage\":\"tr\",\"@id\":\"https:\/\/narteks.net\/#\/schema\/person\/image\/\",\"url\":\"https:\/\/secure.gravatar.com\/avatar\/50865afb55632c4ae467e0af0930f6510aa2297d8014be502a55b14f3b7550cf?s=96&d=mm&r=g\",\"contentUrl\":\"https:\/\/secure.gravatar.com\/avatar\/50865afb55632c4ae467e0af0930f6510aa2297d8014be502a55b14f3b7550cf?s=96&d=mm&r=g\",\"caption\":\"Tar\u0131k\"},\"sameAs\":[\"http:\/\/narteks.net\"],\"url\":\"https:\/\/narteks.net\/index.php\/author\/narbak\/\"}]}<\/script>\n<!-- \/ Yoast SEO Premium plugin. -->","yoast_head_json":{"title":"SEVG\u0130L\u0130 YOLDA\u015e KURBA\u011eALAR VI - narteks.net","robots":{"index":"index","follow":"follow","max-snippet":"max-snippet:-1","max-image-preview":"max-image-preview:large","max-video-preview":"max-video-preview:-1"},"canonical":"https:\/\/narteks.net\/index.php\/2009\/12\/07\/sevgili-yoldas-kurbagalar-vi\/","og_locale":"tr_TR","og_type":"article","og_title":"SEVG\u0130L\u0130 YOLDA\u015e KURBA\u011eALAR VI","og_description":"\u00a0 dem \u00e7eken kumrular\u0131n ans\u0131z susmas\u0131n\u0131 getirdim -\u00e7\u00fcnk\u00fckaranl\u0131kta \u00e7ak\u0131lan kibritin buz gibi yaln\u0131zl\u0131\u011f\u0131n\u0131 g\u00f6rd\u00fcmi\u00e7imizde patlayacak bir suskunlu\u011fu ate\u015fliyordur belkiyeni bir susma bi\u00e7imi getirdim bir ba\u015fka konu\u015fma halidikenlerini \u00e7ekmi\u015f bir g\u00fcl\u00fcn \u00fczerine y\u00fcr\u00fcsek diyorumge\u00e7ti\u011fimiz sokaklar\u0131n \u00e7ehresini de\u011fi\u015ftirsek diyorumsa\u00e7 dibinden ba\u015fl\u0131yor d\u00f6k\u00fclme iste\u011fi bunu biliyorumkel olmadan kellik hesaba kat\u0131l\u0131rsa s\u00f6z\u00fcn \u00f6n\u00fc a\u00e7\u0131l\u0131ry\u00fcz metrede deniz olmadan bayrak de\u011fi\u015fimi [&hellip;]","og_url":"https:\/\/narteks.net\/index.php\/2009\/12\/07\/sevgili-yoldas-kurbagalar-vi\/","og_site_name":"narteks.net","article_published_time":"2009-12-07T11:00:39+00:00","og_image":[{"width":300,"height":90,"url":"https:\/\/narteks.net\/wp-content\/uploads\/narteks.png","type":"image\/png"}],"author":"Tar\u0131k","twitter_card":"summary_large_image","twitter_creator":"@narteks","twitter_site":"@narteks","twitter_misc":{"Yazan:":"Tar\u0131k","Tahmini okuma s\u00fcresi":"1 dakika"},"schema":{"@context":"https:\/\/schema.org","@graph":[{"@type":"Article","@id":"https:\/\/narteks.net\/index.php\/2009\/12\/07\/sevgili-yoldas-kurbagalar-vi\/#article","isPartOf":{"@id":"https:\/\/narteks.net\/index.php\/2009\/12\/07\/sevgili-yoldas-kurbagalar-vi\/"},"author":{"name":"Tar\u0131k","@id":"https:\/\/narteks.net\/#\/schema\/person\/61f37d9834294b72d31d274e7ed79bca"},"headline":"SEVG\u0130L\u0130 YOLDA\u015e KURBA\u011eALAR VI","datePublished":"2009-12-07T11:00:39+00:00","mainEntityOfPage":{"@id":"https:\/\/narteks.net\/index.php\/2009\/12\/07\/sevgili-yoldas-kurbagalar-vi\/"},"wordCount":176,"commentCount":0,"publisher":{"@id":"https:\/\/narteks.net\/#organization"},"articleSection":["Nevzat \u00c7ELIK"],"inLanguage":"tr","potentialAction":[{"@type":"CommentAction","name":"Comment","target":["https:\/\/narteks.net\/index.php\/2009\/12\/07\/sevgili-yoldas-kurbagalar-vi\/#respond"]}]},{"@type":"WebPage","@id":"https:\/\/narteks.net\/index.php\/2009\/12\/07\/sevgili-yoldas-kurbagalar-vi\/","url":"https:\/\/narteks.net\/index.php\/2009\/12\/07\/sevgili-yoldas-kurbagalar-vi\/","name":"SEVG\u0130L\u0130 YOLDA\u015e KURBA\u011eALAR VI - narteks.net","isPartOf":{"@id":"https:\/\/narteks.net\/#website"},"datePublished":"2009-12-07T11:00:39+00:00","breadcrumb":{"@id":"https:\/\/narteks.net\/index.php\/2009\/12\/07\/sevgili-yoldas-kurbagalar-vi\/#breadcrumb"},"inLanguage":"tr","potentialAction":[{"@type":"ReadAction","target":["https:\/\/narteks.net\/index.php\/2009\/12\/07\/sevgili-yoldas-kurbagalar-vi\/"]}]},{"@type":"BreadcrumbList","@id":"https:\/\/narteks.net\/index.php\/2009\/12\/07\/sevgili-yoldas-kurbagalar-vi\/#breadcrumb","itemListElement":[{"@type":"ListItem","position":1,"name":"Anasayfa","item":"https:\/\/narteks.net\/"},{"@type":"ListItem","position":2,"name":"SEVG\u0130L\u0130 YOLDA\u015e KURBA\u011eALAR VI"}]},{"@type":"WebSite","@id":"https:\/\/narteks.net\/#website","url":"https:\/\/narteks.net\/","name":"narteks.net","description":"K\u00fclt\u00fcr Sanat Edebiyat Felsefe","publisher":{"@id":"https:\/\/narteks.net\/#organization"},"alternateName":"K\u00fclt\u00fcr Sanat Edebiyat Felsefe","potentialAction":[{"@type":"SearchAction","target":{"@type":"EntryPoint","urlTemplate":"https:\/\/narteks.net\/?s={search_term_string}"},"query-input":{"@type":"PropertyValueSpecification","valueRequired":true,"valueName":"search_term_string"}}],"inLanguage":"tr"},{"@type":"Organization","@id":"https:\/\/narteks.net\/#organization","name":"narteks.net","url":"https:\/\/narteks.net\/","logo":{"@type":"ImageObject","inLanguage":"tr","@id":"https:\/\/narteks.net\/#\/schema\/logo\/image\/","url":"https:\/\/narteks.net\/wp-content\/uploads\/narteks.png","contentUrl":"https:\/\/narteks.net\/wp-content\/uploads\/narteks.png","width":300,"height":90,"caption":"narteks.net"},"image":{"@id":"https:\/\/narteks.net\/#\/schema\/logo\/image\/"},"sameAs":["https:\/\/x.com\/narteks","https:\/\/instagram.com\/narteksnet"]},{"@type":"Person","@id":"https:\/\/narteks.net\/#\/schema\/person\/61f37d9834294b72d31d274e7ed79bca","name":"Tar\u0131k","image":{"@type":"ImageObject","inLanguage":"tr","@id":"https:\/\/narteks.net\/#\/schema\/person\/image\/","url":"https:\/\/secure.gravatar.com\/avatar\/50865afb55632c4ae467e0af0930f6510aa2297d8014be502a55b14f3b7550cf?s=96&d=mm&r=g","contentUrl":"https:\/\/secure.gravatar.com\/avatar\/50865afb55632c4ae467e0af0930f6510aa2297d8014be502a55b14f3b7550cf?s=96&d=mm&r=g","caption":"Tar\u0131k"},"sameAs":["http:\/\/narteks.net"],"url":"https:\/\/narteks.net\/index.php\/author\/narbak\/"}]}},"_links":{"self":[{"href":"https:\/\/narteks.net\/index.php\/wp-json\/wp\/v2\/posts\/2815","targetHints":{"allow":["GET"]}}],"collection":[{"href":"https:\/\/narteks.net\/index.php\/wp-json\/wp\/v2\/posts"}],"about":[{"href":"https:\/\/narteks.net\/index.php\/wp-json\/wp\/v2\/types\/post"}],"author":[{"embeddable":true,"href":"https:\/\/narteks.net\/index.php\/wp-json\/wp\/v2\/users\/1"}],"replies":[{"embeddable":true,"href":"https:\/\/narteks.net\/index.php\/wp-json\/wp\/v2\/comments?post=2815"}],"version-history":[{"count":0,"href":"https:\/\/narteks.net\/index.php\/wp-json\/wp\/v2\/posts\/2815\/revisions"}],"wp:attachment":[{"href":"https:\/\/narteks.net\/index.php\/wp-json\/wp\/v2\/media?parent=2815"}],"wp:term":[{"taxonomy":"category","embeddable":true,"href":"https:\/\/narteks.net\/index.php\/wp-json\/wp\/v2\/categories?post=2815"},{"taxonomy":"post_tag","embeddable":true,"href":"https:\/\/narteks.net\/index.php\/wp-json\/wp\/v2\/tags?post=2815"}],"curies":[{"name":"wp","href":"https:\/\/api.w.org\/{rel}","templated":true}]}}