{"id":2816,"date":"2009-12-07T14:01:11","date_gmt":"2009-12-07T11:01:11","guid":{"rendered":"http:\/\/localhost\/wordpress\/2009\/12\/07\/sevgili-yoldas-kurbagalar-vii\/"},"modified":"2009-12-07T14:01:11","modified_gmt":"2009-12-07T11:01:11","slug":"sevgili-yoldas-kurbagalar-vii","status":"publish","type":"post","link":"https:\/\/narteks.net\/index.php\/2009\/12\/07\/sevgili-yoldas-kurbagalar-vii\/","title":{"rendered":"SEVG\u0130L\u0130 YOLDA\u015e KURBA\u011eALAR VII"},"content":{"rendered":"<p>\u00a0<\/p>\n<p>bir ku\u015fun kanatlar\u0131ndaki r\u00fczg\u00e2r\u0131 getirdim -\u00e7\u00fcnk\u00fc<br \/>d\u00f6rt bir taraf g\u00f6ky\u00fcz\u00fc ve geni\u015f a\u00e7\u0131 y\u00fcz\u00fcm\u00fc ok\u015fuyor<br \/>kalabal\u0131\u011f\u0131n uyumu muydu y\u00fcr\u00fcy\u00fc\u015f\u00fcm\u00fcze fiyaka katan<br \/>yeni bir g\u00f6rme bi\u00e7imi getirdim okuyorum \u015fair bey<br \/>kan giderek \u00e7o\u011fald\u0131 bir g\u00fcl\u00fcn k\u0131rm\u0131z\u0131s\u0131na m\u0131 d\u00f6nd\u00fck<br \/>sessizce elini ete\u011fini \u00e7ekiyor annelerimiz bizden<br \/>namaza durmalar\u0131ndan belli allah&#8217;a yak\u0131n dualar\u0131ndan<br \/>gitgide buru\u015fan y\u00fczleri ki cesaret edip ok\u015fayamad\u0131\u011f\u0131m\u0131z<br \/>yitirme korkumuzu yaln\u0131z kalma korkumuzu getirdim<br \/>y\u00fckseklik korkumuzu a\u015fa\u011f\u0131l\u0131k korkumuzu getirdim<br \/>\u00f6dedi\u011fimiz faturalar\u0131 \u00f6deyemediklerimizi ne varsa<br \/>bir ta\u015f\u0131n d\u00f6ne d\u00f6ne d\u00fc\u015fme h\u0131z\u0131n\u0131 s\u0131ras\u0131 gelen \u00f6yk\u00fcy\u00fc<br \/>bir vapurun nazlanarak kalk\u0131\u015f\u0131n\u0131 \u00e7ocuklar\u0131n boy at\u0131\u015f\u0131n\u0131<br \/>sahi \u00e7ocuklar boy atarken ayaklar\u0131n\u0131n alt\u0131 ka\u015f\u0131n\u0131r m\u0131<\/p>\n<p>sa\u00e7lar\u0131n\u0131n esintisine bulutlar kar\u0131\u015f\u0131r m\u0131 onu getirdim<br \/>a\u015fkolal\u0131m devrimolal\u0131m sevgili yolda\u015f kurba\u011falar<\/p>\n<p>Nevzat \u00c7EL\u0130K<\/p>\n","protected":false},"excerpt":{"rendered":"<p>\u00a0 bir ku\u015fun kanatlar\u0131ndaki r\u00fczg\u00e2r\u0131 getirdim -\u00e7\u00fcnk\u00fcd\u00f6rt bir taraf g\u00f6ky\u00fcz\u00fc ve geni\u015f a\u00e7\u0131 y\u00fcz\u00fcm\u00fc ok\u015fuyorkalabal\u0131\u011f\u0131n uyumu muydu y\u00fcr\u00fcy\u00fc\u015f\u00fcm\u00fcze fiyaka katanyeni bir g\u00f6rme bi\u00e7imi getirdim okuyorum \u015fair beykan giderek \u00e7o\u011fald\u0131 bir g\u00fcl\u00fcn k\u0131rm\u0131z\u0131s\u0131na m\u0131 d\u00f6nd\u00fcksessizce elini ete\u011fini \u00e7ekiyor annelerimiz bizdennamaza durmalar\u0131ndan belli allah&#8217;a yak\u0131n dualar\u0131ndangitgide buru\u015fan y\u00fczleri ki cesaret edip ok\u015fayamad\u0131\u011f\u0131m\u0131zyitirme korkumuzu yaln\u0131z kalma korkumuzu getirdimy\u00fckseklik [&hellip;]<\/p>\n","protected":false},"author":1,"featured_media":0,"comment_status":"open","ping_status":"open","sticky":false,"template":"","format":"standard","meta":{"footnotes":""},"categories":[25],"tags":[],"class_list":{"0":"post-2816","1":"post","2":"type-post","3":"status-publish","4":"format-standard","6":"category-nevzat-celik"},"yoast_head":"<!-- This site is optimized with the Yoast SEO Premium plugin v24.9 (Yoast SEO v24.9) - https:\/\/yoast.com\/wordpress\/plugins\/seo\/ -->\n<title>SEVG\u0130L\u0130 YOLDA\u015e KURBA\u011eALAR VII - narteks.net<\/title>\n<meta name=\"robots\" content=\"index, follow, max-snippet:-1, max-image-preview:large, max-video-preview:-1\" \/>\n<link rel=\"canonical\" href=\"https:\/\/narteks.net\/index.php\/2009\/12\/07\/sevgili-yoldas-kurbagalar-vii\/\" \/>\n<meta property=\"og:locale\" content=\"tr_TR\" \/>\n<meta property=\"og:type\" content=\"article\" \/>\n<meta property=\"og:title\" content=\"SEVG\u0130L\u0130 YOLDA\u015e KURBA\u011eALAR VII\" \/>\n<meta property=\"og:description\" content=\"\u00a0 bir ku\u015fun kanatlar\u0131ndaki r\u00fczg\u00e2r\u0131 getirdim -\u00e7\u00fcnk\u00fcd\u00f6rt bir taraf g\u00f6ky\u00fcz\u00fc ve geni\u015f a\u00e7\u0131 y\u00fcz\u00fcm\u00fc ok\u015fuyorkalabal\u0131\u011f\u0131n uyumu muydu y\u00fcr\u00fcy\u00fc\u015f\u00fcm\u00fcze fiyaka katanyeni bir g\u00f6rme bi\u00e7imi getirdim okuyorum \u015fair beykan giderek \u00e7o\u011fald\u0131 bir g\u00fcl\u00fcn k\u0131rm\u0131z\u0131s\u0131na m\u0131 d\u00f6nd\u00fcksessizce elini ete\u011fini \u00e7ekiyor annelerimiz bizdennamaza durmalar\u0131ndan belli allah&#8217;a yak\u0131n dualar\u0131ndangitgide buru\u015fan y\u00fczleri ki cesaret edip ok\u015fayamad\u0131\u011f\u0131m\u0131zyitirme korkumuzu yaln\u0131z kalma korkumuzu getirdimy\u00fckseklik [&hellip;]\" \/>\n<meta property=\"og:url\" content=\"https:\/\/narteks.net\/index.php\/2009\/12\/07\/sevgili-yoldas-kurbagalar-vii\/\" \/>\n<meta property=\"og:site_name\" content=\"narteks.net\" \/>\n<meta property=\"article:published_time\" content=\"2009-12-07T11:01:11+00:00\" \/>\n<meta property=\"og:image\" content=\"https:\/\/narteks.net\/wp-content\/uploads\/narteks.png\" \/>\n\t<meta property=\"og:image:width\" content=\"300\" \/>\n\t<meta property=\"og:image:height\" content=\"90\" \/>\n\t<meta property=\"og:image:type\" content=\"image\/png\" \/>\n<meta name=\"author\" content=\"Tar\u0131k\" \/>\n<meta name=\"twitter:card\" content=\"summary_large_image\" \/>\n<meta name=\"twitter:creator\" content=\"@narteks\" \/>\n<meta name=\"twitter:site\" content=\"@narteks\" \/>\n<meta name=\"twitter:label1\" content=\"Yazan:\" \/>\n\t<meta name=\"twitter:data1\" content=\"Tar\u0131k\" \/>\n\t<meta name=\"twitter:label2\" content=\"Tahmini okuma s\u00fcresi\" \/>\n\t<meta name=\"twitter:data2\" content=\"1 dakika\" \/>\n<script type=\"application\/ld+json\" class=\"yoast-schema-graph\">{\"@context\":\"https:\/\/schema.org\",\"@graph\":[{\"@type\":\"Article\",\"@id\":\"https:\/\/narteks.net\/index.php\/2009\/12\/07\/sevgili-yoldas-kurbagalar-vii\/#article\",\"isPartOf\":{\"@id\":\"https:\/\/narteks.net\/index.php\/2009\/12\/07\/sevgili-yoldas-kurbagalar-vii\/\"},\"author\":{\"name\":\"Tar\u0131k\",\"@id\":\"https:\/\/narteks.net\/#\/schema\/person\/61f37d9834294b72d31d274e7ed79bca\"},\"headline\":\"SEVG\u0130L\u0130 YOLDA\u015e KURBA\u011eALAR VII\",\"datePublished\":\"2009-12-07T11:01:11+00:00\",\"mainEntityOfPage\":{\"@id\":\"https:\/\/narteks.net\/index.php\/2009\/12\/07\/sevgili-yoldas-kurbagalar-vii\/\"},\"wordCount\":172,\"commentCount\":0,\"publisher\":{\"@id\":\"https:\/\/narteks.net\/#organization\"},\"articleSection\":[\"Nevzat \u00c7ELIK\"],\"inLanguage\":\"tr\",\"potentialAction\":[{\"@type\":\"CommentAction\",\"name\":\"Comment\",\"target\":[\"https:\/\/narteks.net\/index.php\/2009\/12\/07\/sevgili-yoldas-kurbagalar-vii\/#respond\"]}]},{\"@type\":\"WebPage\",\"@id\":\"https:\/\/narteks.net\/index.php\/2009\/12\/07\/sevgili-yoldas-kurbagalar-vii\/\",\"url\":\"https:\/\/narteks.net\/index.php\/2009\/12\/07\/sevgili-yoldas-kurbagalar-vii\/\",\"name\":\"SEVG\u0130L\u0130 YOLDA\u015e KURBA\u011eALAR VII - narteks.net\",\"isPartOf\":{\"@id\":\"https:\/\/narteks.net\/#website\"},\"datePublished\":\"2009-12-07T11:01:11+00:00\",\"breadcrumb\":{\"@id\":\"https:\/\/narteks.net\/index.php\/2009\/12\/07\/sevgili-yoldas-kurbagalar-vii\/#breadcrumb\"},\"inLanguage\":\"tr\",\"potentialAction\":[{\"@type\":\"ReadAction\",\"target\":[\"https:\/\/narteks.net\/index.php\/2009\/12\/07\/sevgili-yoldas-kurbagalar-vii\/\"]}]},{\"@type\":\"BreadcrumbList\",\"@id\":\"https:\/\/narteks.net\/index.php\/2009\/12\/07\/sevgili-yoldas-kurbagalar-vii\/#breadcrumb\",\"itemListElement\":[{\"@type\":\"ListItem\",\"position\":1,\"name\":\"Anasayfa\",\"item\":\"https:\/\/narteks.net\/\"},{\"@type\":\"ListItem\",\"position\":2,\"name\":\"SEVG\u0130L\u0130 YOLDA\u015e KURBA\u011eALAR VII\"}]},{\"@type\":\"WebSite\",\"@id\":\"https:\/\/narteks.net\/#website\",\"url\":\"https:\/\/narteks.net\/\",\"name\":\"narteks.net\",\"description\":\"K\u00fclt\u00fcr Sanat Edebiyat Felsefe\",\"publisher\":{\"@id\":\"https:\/\/narteks.net\/#organization\"},\"alternateName\":\"K\u00fclt\u00fcr Sanat Edebiyat Felsefe\",\"potentialAction\":[{\"@type\":\"SearchAction\",\"target\":{\"@type\":\"EntryPoint\",\"urlTemplate\":\"https:\/\/narteks.net\/?s={search_term_string}\"},\"query-input\":{\"@type\":\"PropertyValueSpecification\",\"valueRequired\":true,\"valueName\":\"search_term_string\"}}],\"inLanguage\":\"tr\"},{\"@type\":\"Organization\",\"@id\":\"https:\/\/narteks.net\/#organization\",\"name\":\"narteks.net\",\"url\":\"https:\/\/narteks.net\/\",\"logo\":{\"@type\":\"ImageObject\",\"inLanguage\":\"tr\",\"@id\":\"https:\/\/narteks.net\/#\/schema\/logo\/image\/\",\"url\":\"https:\/\/narteks.net\/wp-content\/uploads\/narteks.png\",\"contentUrl\":\"https:\/\/narteks.net\/wp-content\/uploads\/narteks.png\",\"width\":300,\"height\":90,\"caption\":\"narteks.net\"},\"image\":{\"@id\":\"https:\/\/narteks.net\/#\/schema\/logo\/image\/\"},\"sameAs\":[\"https:\/\/x.com\/narteks\",\"https:\/\/instagram.com\/narteksnet\"]},{\"@type\":\"Person\",\"@id\":\"https:\/\/narteks.net\/#\/schema\/person\/61f37d9834294b72d31d274e7ed79bca\",\"name\":\"Tar\u0131k\",\"image\":{\"@type\":\"ImageObject\",\"inLanguage\":\"tr\",\"@id\":\"https:\/\/narteks.net\/#\/schema\/person\/image\/\",\"url\":\"https:\/\/secure.gravatar.com\/avatar\/50865afb55632c4ae467e0af0930f6510aa2297d8014be502a55b14f3b7550cf?s=96&d=mm&r=g\",\"contentUrl\":\"https:\/\/secure.gravatar.com\/avatar\/50865afb55632c4ae467e0af0930f6510aa2297d8014be502a55b14f3b7550cf?s=96&d=mm&r=g\",\"caption\":\"Tar\u0131k\"},\"sameAs\":[\"http:\/\/narteks.net\"],\"url\":\"https:\/\/narteks.net\/index.php\/author\/narbak\/\"}]}<\/script>\n<!-- \/ Yoast SEO Premium plugin. -->","yoast_head_json":{"title":"SEVG\u0130L\u0130 YOLDA\u015e KURBA\u011eALAR VII - narteks.net","robots":{"index":"index","follow":"follow","max-snippet":"max-snippet:-1","max-image-preview":"max-image-preview:large","max-video-preview":"max-video-preview:-1"},"canonical":"https:\/\/narteks.net\/index.php\/2009\/12\/07\/sevgili-yoldas-kurbagalar-vii\/","og_locale":"tr_TR","og_type":"article","og_title":"SEVG\u0130L\u0130 YOLDA\u015e KURBA\u011eALAR VII","og_description":"\u00a0 bir ku\u015fun kanatlar\u0131ndaki r\u00fczg\u00e2r\u0131 getirdim -\u00e7\u00fcnk\u00fcd\u00f6rt bir taraf g\u00f6ky\u00fcz\u00fc ve geni\u015f a\u00e7\u0131 y\u00fcz\u00fcm\u00fc ok\u015fuyorkalabal\u0131\u011f\u0131n uyumu muydu y\u00fcr\u00fcy\u00fc\u015f\u00fcm\u00fcze fiyaka katanyeni bir g\u00f6rme bi\u00e7imi getirdim okuyorum \u015fair beykan giderek \u00e7o\u011fald\u0131 bir g\u00fcl\u00fcn k\u0131rm\u0131z\u0131s\u0131na m\u0131 d\u00f6nd\u00fcksessizce elini ete\u011fini \u00e7ekiyor annelerimiz bizdennamaza durmalar\u0131ndan belli allah&#8217;a yak\u0131n dualar\u0131ndangitgide buru\u015fan y\u00fczleri ki cesaret edip ok\u015fayamad\u0131\u011f\u0131m\u0131zyitirme korkumuzu yaln\u0131z kalma korkumuzu getirdimy\u00fckseklik [&hellip;]","og_url":"https:\/\/narteks.net\/index.php\/2009\/12\/07\/sevgili-yoldas-kurbagalar-vii\/","og_site_name":"narteks.net","article_published_time":"2009-12-07T11:01:11+00:00","og_image":[{"width":300,"height":90,"url":"https:\/\/narteks.net\/wp-content\/uploads\/narteks.png","type":"image\/png"}],"author":"Tar\u0131k","twitter_card":"summary_large_image","twitter_creator":"@narteks","twitter_site":"@narteks","twitter_misc":{"Yazan:":"Tar\u0131k","Tahmini okuma s\u00fcresi":"1 dakika"},"schema":{"@context":"https:\/\/schema.org","@graph":[{"@type":"Article","@id":"https:\/\/narteks.net\/index.php\/2009\/12\/07\/sevgili-yoldas-kurbagalar-vii\/#article","isPartOf":{"@id":"https:\/\/narteks.net\/index.php\/2009\/12\/07\/sevgili-yoldas-kurbagalar-vii\/"},"author":{"name":"Tar\u0131k","@id":"https:\/\/narteks.net\/#\/schema\/person\/61f37d9834294b72d31d274e7ed79bca"},"headline":"SEVG\u0130L\u0130 YOLDA\u015e KURBA\u011eALAR VII","datePublished":"2009-12-07T11:01:11+00:00","mainEntityOfPage":{"@id":"https:\/\/narteks.net\/index.php\/2009\/12\/07\/sevgili-yoldas-kurbagalar-vii\/"},"wordCount":172,"commentCount":0,"publisher":{"@id":"https:\/\/narteks.net\/#organization"},"articleSection":["Nevzat \u00c7ELIK"],"inLanguage":"tr","potentialAction":[{"@type":"CommentAction","name":"Comment","target":["https:\/\/narteks.net\/index.php\/2009\/12\/07\/sevgili-yoldas-kurbagalar-vii\/#respond"]}]},{"@type":"WebPage","@id":"https:\/\/narteks.net\/index.php\/2009\/12\/07\/sevgili-yoldas-kurbagalar-vii\/","url":"https:\/\/narteks.net\/index.php\/2009\/12\/07\/sevgili-yoldas-kurbagalar-vii\/","name":"SEVG\u0130L\u0130 YOLDA\u015e KURBA\u011eALAR VII - narteks.net","isPartOf":{"@id":"https:\/\/narteks.net\/#website"},"datePublished":"2009-12-07T11:01:11+00:00","breadcrumb":{"@id":"https:\/\/narteks.net\/index.php\/2009\/12\/07\/sevgili-yoldas-kurbagalar-vii\/#breadcrumb"},"inLanguage":"tr","potentialAction":[{"@type":"ReadAction","target":["https:\/\/narteks.net\/index.php\/2009\/12\/07\/sevgili-yoldas-kurbagalar-vii\/"]}]},{"@type":"BreadcrumbList","@id":"https:\/\/narteks.net\/index.php\/2009\/12\/07\/sevgili-yoldas-kurbagalar-vii\/#breadcrumb","itemListElement":[{"@type":"ListItem","position":1,"name":"Anasayfa","item":"https:\/\/narteks.net\/"},{"@type":"ListItem","position":2,"name":"SEVG\u0130L\u0130 YOLDA\u015e KURBA\u011eALAR VII"}]},{"@type":"WebSite","@id":"https:\/\/narteks.net\/#website","url":"https:\/\/narteks.net\/","name":"narteks.net","description":"K\u00fclt\u00fcr Sanat Edebiyat Felsefe","publisher":{"@id":"https:\/\/narteks.net\/#organization"},"alternateName":"K\u00fclt\u00fcr Sanat Edebiyat Felsefe","potentialAction":[{"@type":"SearchAction","target":{"@type":"EntryPoint","urlTemplate":"https:\/\/narteks.net\/?s={search_term_string}"},"query-input":{"@type":"PropertyValueSpecification","valueRequired":true,"valueName":"search_term_string"}}],"inLanguage":"tr"},{"@type":"Organization","@id":"https:\/\/narteks.net\/#organization","name":"narteks.net","url":"https:\/\/narteks.net\/","logo":{"@type":"ImageObject","inLanguage":"tr","@id":"https:\/\/narteks.net\/#\/schema\/logo\/image\/","url":"https:\/\/narteks.net\/wp-content\/uploads\/narteks.png","contentUrl":"https:\/\/narteks.net\/wp-content\/uploads\/narteks.png","width":300,"height":90,"caption":"narteks.net"},"image":{"@id":"https:\/\/narteks.net\/#\/schema\/logo\/image\/"},"sameAs":["https:\/\/x.com\/narteks","https:\/\/instagram.com\/narteksnet"]},{"@type":"Person","@id":"https:\/\/narteks.net\/#\/schema\/person\/61f37d9834294b72d31d274e7ed79bca","name":"Tar\u0131k","image":{"@type":"ImageObject","inLanguage":"tr","@id":"https:\/\/narteks.net\/#\/schema\/person\/image\/","url":"https:\/\/secure.gravatar.com\/avatar\/50865afb55632c4ae467e0af0930f6510aa2297d8014be502a55b14f3b7550cf?s=96&d=mm&r=g","contentUrl":"https:\/\/secure.gravatar.com\/avatar\/50865afb55632c4ae467e0af0930f6510aa2297d8014be502a55b14f3b7550cf?s=96&d=mm&r=g","caption":"Tar\u0131k"},"sameAs":["http:\/\/narteks.net"],"url":"https:\/\/narteks.net\/index.php\/author\/narbak\/"}]}},"_links":{"self":[{"href":"https:\/\/narteks.net\/index.php\/wp-json\/wp\/v2\/posts\/2816","targetHints":{"allow":["GET"]}}],"collection":[{"href":"https:\/\/narteks.net\/index.php\/wp-json\/wp\/v2\/posts"}],"about":[{"href":"https:\/\/narteks.net\/index.php\/wp-json\/wp\/v2\/types\/post"}],"author":[{"embeddable":true,"href":"https:\/\/narteks.net\/index.php\/wp-json\/wp\/v2\/users\/1"}],"replies":[{"embeddable":true,"href":"https:\/\/narteks.net\/index.php\/wp-json\/wp\/v2\/comments?post=2816"}],"version-history":[{"count":0,"href":"https:\/\/narteks.net\/index.php\/wp-json\/wp\/v2\/posts\/2816\/revisions"}],"wp:attachment":[{"href":"https:\/\/narteks.net\/index.php\/wp-json\/wp\/v2\/media?parent=2816"}],"wp:term":[{"taxonomy":"category","embeddable":true,"href":"https:\/\/narteks.net\/index.php\/wp-json\/wp\/v2\/categories?post=2816"},{"taxonomy":"post_tag","embeddable":true,"href":"https:\/\/narteks.net\/index.php\/wp-json\/wp\/v2\/tags?post=2816"}],"curies":[{"name":"wp","href":"https:\/\/api.w.org\/{rel}","templated":true}]}}