{"id":2836,"date":"2010-02-20T01:00:00","date_gmt":"2010-02-19T22:00:00","guid":{"rendered":"http:\/\/localhost\/wordpress\/2010\/02\/20\/hayati-ve-muzigi-ulkesinin-aynasi-olmus-olumsuz-notalar-victor-jara-ve-sarkilari\/"},"modified":"2010-02-20T01:00:00","modified_gmt":"2010-02-19T22:00:00","slug":"hayati-ve-muzigi-ulkesinin-aynasi-olmus-olumsuz-notalar-victor-jara-ve-sarkilari","status":"publish","type":"post","link":"https:\/\/narteks.net\/index.php\/2010\/02\/20\/hayati-ve-muzigi-ulkesinin-aynasi-olmus-olumsuz-notalar-victor-jara-ve-sarkilari\/","title":{"rendered":"Hayat\u0131 ve m\u00fczi\u011fi \u00fclkesinin aynas\u0131 olmu\u015f \u00f6l\u00fcms\u00fcz notalar | Victor JARA ve \u015fark\u0131lar\u0131"},"content":{"rendered":"<p style=\"text-align: left;\"><img loading=\"lazy\" decoding=\"async\" src=\"images\/stories\/victor_jara.jpg\" border=\"0\" alt=\"victor_jara\" width=\"155\" height=\"205\" style=\"border: 0;\" \/><\/p>\n<p>Gitar\u0131m ne zenginlerin gitar\u0131d\u0131r,<br \/>ne de ba\u015fka bir \u015feyin.<br \/>\u015eark\u0131m bir yap\u0131 iskelesidir<br \/>eri\u015ftirir bizi y\u0131ld\u0131zlara.<br \/>Kat\u0131ks\u0131z ger\u00e7ekleri \u015fark\u0131s\u0131nda<br \/>s\u00f6ylerken bir insan \u00f6lmek pahas\u0131na,anlam\u0131n\u0131 bulur o \u015fark\u0131<br \/>damarlar\u0131nda atarken.<br \/>\u015eark\u0131m ne gelip ge\u00e7ici \u00f6vg\u00fcler d\u00fczer<br \/>ne de ba\u015fkalar\u0131na \u00fcn katar,<br \/>yoksul \u00fclkemin<br \/>k\u00f6k salm\u0131\u015ft\u0131r topra\u011f\u0131na.<br \/>Orada, her \u015feyin bitti\u011fi<br \/>ve her \u015feyin ba\u015flad\u0131\u011f\u0131 yerde,<br \/>s\u00f6ylerim o her zaman yi\u011fit ve derin<br \/>sonsuza dek yeni olacak \u015fark\u0131y\u0131.<\/p>\n<p>3 Eyl\u00fcl 1973 Victor JARA<\/p>\n<p><!--more--><\/p>\n<p>Katledilmesinin \u00fczerinden 36 y\u0131l ge\u00e7tikten sonra, yeniden otopsi yap\u0131lmak \u00fczere mahkeme karar\u0131yla \u00e7\u0131kar\u0131lan Victor Jara\u2019n\u0131n naa\u015f\u0131, d\u00fczenlenen bir t\u00f6renle tekrar topra\u011fa verildi. Ba\u015fkent Santiago\u2019da 3 g\u00fcn s\u00fcrecek olan t\u00f6renlerin ilk g\u00fcn\u00fcnde Victor Jara ve m\u00fccadelesine dair konu\u015fmalar yap\u0131ld\u0131, an\u0131lar anlat\u0131ld\u0131, \u015fark\u0131lar s\u00f6ylendi. Tiyatrocu, \u015fair ve m\u00fczisyen olan Jara, \u015eili\u2019de 11 Eyl\u00fcl 1973 darbesinin ilk g\u00fcnlerinde katledilmi\u015f, fa\u015fist cuntaya kar\u015f\u0131 direni\u015fin ve uluslararas\u0131 alanda sosyalizm m\u00fccadelesinin sembol\u00fc haline gelmi\u015fti.<\/p>\n<p style=\"text-align: justify;\"><img loading=\"lazy\" decoding=\"async\" class=\"alignleft size-medium wp-image-3278\" src=\"http:\/\/yasanacakdunya.net\/wp-content\/uploads\/2009\/12\/viktor-jara-aniliyor-300x205.jpg\" border=\"0\" title=\"viktor-jara-aniliyor\" width=\"300\" height=\"205\" style=\"float: left;\" \/>\u015eili Kom\u00fcnist Partisi \u00fcyesi ve Salvador Allende H\u00fck\u00fcmeti destek\u00e7isi Victor Jara\u2019n\u0131n vah\u015fice katledilmesine ili\u015fkin kapanm\u0131\u015f olan dosya,<span style=\"font-family: Arial;\"><span style=\"font-size: x-small;\"> <\/span><\/span>Victor Jara Vakf\u0131, -bug\u00fcn 82 ya\u015f\u0131nda olan- e\u015fi Joan Jara ve iki k\u0131z\u0131n\u0131n verdikleri m\u00fccadele sonucu 2009 Haziran\u2019\u0131nda tekrar a\u00e7\u0131lm\u0131\u015ft\u0131. Ailenin ve Vakf\u0131n Savc\u0131l\u0131\u011fa ula\u015ft\u0131rd\u0131\u011f\u0131 40\u2032tan fazla yeni kan\u0131t dikkate al\u0131narak dava yeniden g\u00f6r\u00fclmeye ba\u015flanm\u0131\u015ft\u0131.<\/p>\n<p style=\"text-align: justify;\">\u015eili\u2019de Augusto Pinochet komutas\u0131nda yap\u0131lan askeri fa\u015fist darbeyle 5 bin ki\u015fiyle birlikte Santiago Stadyumu\u2019na doldurulan ve direni\u015fi efsaneye d\u00f6n\u00fc\u015fen Jara\u2019n\u0131n \u00f6l\u00fcm\u00fcyle igili ger\u00e7eklerin ortaya \u00e7\u0131kmas\u0131 i\u00e7in verilen m\u00fccadele bir etki sa\u011flad\u0131.<\/p>\n<p style=\"text-align: justify;\">Parmaklar\u0131 kesilip elleri par\u00e7alanan, v\u00fccudunda 44 kur\u015fun bulunan Jara\u2019n\u0131n \u00f6l\u00fcm\u00fc, \u015eili\u2019de askeri y\u00f6netimin hakim oldu\u011fu y\u0131llar boyunca fa\u015fist rejime kar\u015f\u0131 \u00e7\u0131kanlar i\u00e7in bir tehdit mesaj\u0131 niteli\u011findeydi. Ama Jara katledili\u015fiyle yarat\u0131lmak istenen korku, y\u0131lg\u0131nl\u0131k ve sinmenin tersine, \u00f6fke, direni\u015f ve m\u00fccadelenin simgesi oldu.<\/p>\n<p style=\"text-align: justify;\">Katliam\u0131n davas\u0131, Joan Jara\u2019n\u0131n -\u015fimdi e\u015fi an\u0131s\u0131na Estadio Victor Jara ad\u0131 verilen- e\u015finin hunharca katledildi\u011fi o stadyumdan kurtulanlar\u0131 ifade vermeye, dolay\u0131s\u0131yla mahkemeye kan\u0131t sunmaya ikna etmesiyle ivme kazanm\u0131\u015ft\u0131.<\/p>\n<p style=\"text-align: justify;\">Soru\u015fturmay\u0131 y\u00fcr\u00fctenler, Pinochet ordusunda g\u00f6rev yapm\u0131\u015f y\u00fczlerce eski askeri sorguya \u00e7ekmi\u015f, Haziran\u2019da da tam bir otopsi i\u00e7in Jara\u2019n\u0131n cesedi mezar\u0131ndan \u00e7\u0131kar\u0131lm\u0131\u015ft\u0131. Joan Jara\u2019n\u0131n avukat\u0131 Nelson Caucoto, Associated Press ajans\u0131na yapt\u0131\u011f\u0131 a\u00e7\u0131klamada, \u201cKur\u015funun oldu\u011fu yerde silah da vard\u0131r\u201d diyerek m\u00fccadelelerini \u00f6zetliyordu. Caucoto, askerin bir subay\u0131n emrinde bulundu\u011funu hat\u0131rlatarak, o subay\u0131 arad\u0131klar\u0131n\u0131 belirtiyordu.<\/p>\n<p style=\"text-align: justify;\">Jara\u2019n\u0131n \u00f6l\u00fcm\u00fcyle ilgili olarak \u00e7o\u011fu eski asker konu\u015fmay\u0131 kabul etmezken, Jose Paredes adl\u0131 bir asker cinayeti anlatarak sorumlular\u0131n ad\u0131n\u0131 vermi\u015fti.<\/p>\n<p style=\"text-align: justify;\">Soru\u015fturmay\u0131 y\u00fcr\u00fctenlere verdi\u011fi ifadede Paredes, \u201cEl Loco\u201d lakapl\u0131 bir te\u011fmenin Jara\u2019y\u0131 soyunma odas\u0131 duvar\u0131na s\u00fcr\u00fckleyip, bir kur\u015fun \u015fark\u0131c\u0131n\u0131n kafatas\u0131n\u0131 par\u00e7alay\u0131ncaya kadar Rus ruleti oynad\u0131\u011f\u0131n\u0131 s\u00f6ylemi\u015fti.<\/p>\n<p style=\"text-align: justify;\">Paredes, \u00fcst r\u00fctbeli bir subay\u0131n, Jara\u2019n\u0131n i\u015fini bitirmeleri ve ard\u0131ndan g\u00f6zalt\u0131nda bulunan ve g\u00f6rg\u00fc tan\u0131\u011f\u0131 durumundaki 14 ki\u015finin makineli t\u00fcfekle \u00f6ld\u00fcr\u00fclmesi emrini verdi\u011fini anlatm\u0131\u015ft\u0131. Bu yeminli ifadesini iki kez imzalayan Paredes, bir grup eski askerin kendisine avukat bulmas\u0131 ve askeri bir cezaevine transfer edilmesinin ard\u0131ndan s\u00f6ylediklerinden vazge\u00e7ti.<\/p>\n<p><img loading=\"lazy\" decoding=\"async\" class=\"alignleft size-medium wp-image-3279\" src=\"http:\/\/yasanacakdunya.net\/wp-content\/uploads\/2009\/12\/745px-victor_jara76-300x241.jpg\" border=\"0\" title=\"745px-victor_jara76\" width=\"300\" height=\"241\" style=\"float: left;\" \/><\/p>\n<p style=\"text-align: justify;\">Paredes, soru\u015fturmay\u0131 y\u00fcr\u00fctenlerin daha fazla ara\u015ft\u0131rma yapmas\u0131 ve subaylara bakmas\u0131 gerekti\u011fini belirterek, \u201csava\u015f s\u0131ras\u0131nda\u201d verilen emirlere uymak zorunda oldu\u011funu s\u00f6yledi.<\/p>\n<p style=\"text-align: justify;\">Jara\u2019n\u0131n avukat\u0131 Caucoto ise, di\u011fer kan\u0131tlar\u0131n Paredes\u2019in ilk ifadesinde do\u011fruyu anlatt\u0131\u011f\u0131n\u0131 g\u00f6sterdi\u011fini savunmaya devam ediyor.<\/p>\n<p style=\"text-align: justify;\"><strong>Su\u00e7lu, Pinochet ve \u00e7etesidir!<\/strong><\/p>\n<p style=\"text-align: justify;\">Joan Jara da, o d\u00f6nem verilen emri reddetse \u00f6lecek olan Paredes\u2019in, cinayetten sorumlu tutulan tek ki\u015fi olmamas\u0131 gerekti\u011fini belirterek,\u201dOnun su\u00e7lu oldu\u011funu d\u00fc\u015f\u00fcnm\u00fcyorum. Tek su\u00e7lu, \u00f6l\u00fcm ve i\u015fkence emrini veren Pinochet ile bundan keyif alan,bunun par\u00e7as\u0131 olan herkes\u201d diyor.<\/p>\n<p style=\"text-align: justify;\">Caucoto, yarg\u0131\u00e7 Juan Eduardo Fuentes\u2019in direktifi alt\u0131nda \u00e7al\u0131\u015fan soru\u015fturmac\u0131lar\u0131n ana hedefinin, \u201cEl Loco\u201d ile kendisine \u201cPrens\u201d dedirten ve stadyumda elinde k\u0131rba\u00e7la gezen di\u011fer yetkili oldu\u011funu a\u00e7\u0131klam\u0131\u015ft\u0131.<\/p>\n<p style=\"text-align: justify;\">O d\u00f6nem iki k\u0131z\u0131yla s\u00fcrg\u00fcne giden ve y\u0131llarca e\u015finin yaralar\u0131n\u0131 omuzlayan Joan Jara, bug\u00fcn sembolik \u00f6neme sahip Victor Jara cinayeti \u00e7\u00f6z\u00fclse bile, resmi verilere g\u00f6re Pinochet d\u00f6neminde katledilen 3 bin 197 ki\u015finin yeri saptanmadan \u015eili\u2019nin adalete ula\u015famayaca\u011f\u0131n\u0131 ifade ediyor.<\/p>\n<p style=\"text-align: justify;\">\u00a0<\/p>\n<blockquote>\n<p style=\"text-align: justify;\"><img loading=\"lazy\" decoding=\"async\" class=\"alignleft size-medium wp-image-3280\" src=\"http:\/\/yasanacakdunya.net\/wp-content\/uploads\/2009\/12\/jara.jpeg\" border=\"0\" title=\"jara\" width=\"292\" height=\"195\" style=\"float: left;\" \/><strong>Victor Jara\u2019n\u0131n Vikipedi\u2019ye yans\u0131yan hayat\u0131<\/strong><\/p>\n<p style=\"margin-bottom: 0cm; text-align: justify;\">V\u00edctor Lidio Jara Mart\u00ednez (23 Eyl\u00fcl 1932 Santiago, \u015eili; &#8211; tahminen 16 Eyl\u00fcl 1973), \u015eilili \u015fark\u0131c\u0131 ve m\u00fczisyen. \u015eili k\u00fclt\u00fcr ve m\u00fczi\u011finde son derece \u00f6nemli etkileri olmu\u015f bir sanat\u00e7\u0131d\u0131r. Hayat\u0131 ve m\u00fczi\u011fi \u00fclkesinin aynas\u0131 olmu\u015f, i\u00e7inde ya\u015fad\u0131\u011f\u0131 zaman\u0131 ve felsefesini yans\u0131tm\u0131\u015ft\u0131r.<\/p>\n<p style=\"text-align: justify;\">Victor Jara Santiago\u2019da Lonqu\u00e9n diye k\u00fc\u00e7\u00fck bir yerde do\u011fmu\u015ftur. Ebeveynleri \u00e7ift\u00e7idir. Babas\u0131 Manuel basit bir kahya iken, annesi Amanda ailesinin ge\u00e7imi i\u00e7in \u00e7ok say\u0131da i\u015fte \u00e7al\u0131\u015fm\u0131\u015ft\u0131r. Bir\u00e7ok ailede oldu\u011fu gibi babas\u0131 alkol problemleri \u00e7ekmekte ve annesine k\u00f6t\u00fc muamele yapmaktayd\u0131. Babas\u0131 aileyi terk ettikten sonra annesi Amanda ailenin bak\u0131m\u0131yla tek ba\u015f\u0131na ilgilenir. Annesi Victor Jara\u2019n\u0131n hayat\u0131nda \u00e7ok \u00f6nemli bir par\u00e7ad\u0131r. O da \u015fark\u0131 s\u00f6yleyip, gitar \u00e7alm\u0131\u015f, bunlar\u0131 ve \u015fili folk m\u00fczi\u011fini o\u011fluna \u00f6\u011ftermi\u015ftir. Annesiyle beraber ge\u00e7irdi\u011fi zaman\u0131n, m\u00fczik hayat\u0131na ad\u0131m atmas\u0131nda \u00e7ok \u00f6nemli etkileri olmu\u015ftur. Annesinin \u00f6l\u00fcm\u00fcnden sonra muhasebe e\u011fitimini yar\u0131m b\u0131rakm\u0131\u015f ve ilahiyat okumak istemi\u015f, ancak bu sadece 2 y\u0131l s\u00fcrm\u00fc\u015ft\u00fcr.<\/p>\n<p style=\"text-align: justify;\">Dine olan inanc\u0131n\u0131 kaybettikten sonra i\u015fsiz olarak Lonqu\u00e9n \u2018e d\u00f6ner ve yak\u0131n arkada\u015flar\u0131 ile kendini folklor tahsiline adar. Bu zaman zarf\u0131nda tiyatroya ilgisi geli\u015fir ve Universidad de Chile \u2018de tiyatro okuluna ba\u015flar. Bu ve takip eden y\u0131llarda Victor Jara \u00e7ok say\u0131da tiyatro yap\u0131m\u0131nda (mesela Carmina Burana) yer al\u0131r. Violeta Parra\u2019a ilk defa rastlad\u0131\u011f\u0131nda, tekrar folklor s\u00f6ylemeye ve okumaya ba\u015flar. Parra, \u015fark\u0131c\u0131, Santiago\u2019da k\u00fc\u00e7\u00fck bir cafe sahibi ve geleneksel \u015eili folk m\u00fczi\u011fi hayran\u0131 bir sanat\u00e7\u0131d\u0131r. Victor Jara ona bu cafede yard\u0131m eder ve \u015fark\u0131 s\u00f6yler.<\/p>\n<p style=\"text-align: justify;\">Jara, bu zaman zarf\u0131nda \u015eili politik d\u00fcnyas\u0131na angaje olur ve ilgilenmeye ba\u015flar. 1966 y\u0131l\u0131nda ilk alb\u00fcm\u00fc \u00e7\u0131kar. Takip eden y\u0131llarda tiyatroda y\u00f6netmen olarak \u00e7al\u0131\u015f\u0131r, ancak \u015fark\u0131lar\u0131na ve politik i\u015flerine gitgide daha fazla zaman adar. 1970 y\u0131l\u0131nda tiyatroyu terk eder ve tamamen m\u00fczi\u011fe yo\u011funla\u015f\u0131r. Jara\u2019n\u0131n \u015fark\u0131lar\u0131 fakir-zengin bir arada ya\u015fayan bir toplumda, s\u0131radan insanlara ya\u015famlar\u0131n\u0131 ve problemlerini g\u00f6sterir. Vatan\u0131na olan b\u00fcy\u00fck sevgisi sebebiyle, bir\u00e7ok \u015fark\u0131s\u0131 haks\u0131zl\u0131klara ve politik skandallara sald\u0131r\u0131r. Victor Jara G\u00fcney Amerika\u2019da \u201cNueva canci\u00f3n\u201d (yeni \u015fark\u0131) ak\u0131m\u0131n\u0131n en \u00f6nemli temsilcilerinden biri olarak kabul edilir. Bu G\u00fcney Amerika\u2019da bir\u00e7ok sanat\u00e7\u0131 ve ayd\u0131n\u0131n kat\u0131ld\u0131\u011f\u0131, devrimci bir harekettir. Victor Jara\u2019n\u0131n politik fikirleri, par\u00e7alar\u0131nda \u00f6nemli bir yer tutar. Bir\u00e7ok protest \u015fark\u0131c\u0131 gibi kom\u00fcnist ve partisinde sanat\u00e7\u0131 b\u00f6l\u00fcm\u00fcn\u00fcn y\u00f6neticisidir.<\/p>\n<p style=\"text-align: justify;\">Victor Jara, di\u011fer \u015fark\u0131c\u0131larla birlikte Salvador Allende ve sol partilerini birle\u015fti\u011fi bir hareket oalan Unidad Popular yarar\u0131na bir\u00e7ok konser verir. 11 Eyl\u00fcl 1973\u2032de Augusto Pinochet\u2019nin ger\u00e7ekle\u015ftirdi\u011fi darbe s\u0131ras\u0131nda, Victor Jara Teknik \u00dcniversite \u2018deki i\u015fi ba\u015f\u0131nda tutuklan\u0131r ve bir\u00e7ok yolda\u015f\u0131 gibi Estadio Chile\u2019de (\u015eili stadyumu) i\u015fkence g\u00f6r\u00fcr. Bir daha gitar \u00e7alamamas\u0131 i\u00e7in elleri k\u0131r\u0131l\u0131r. Hatta bu korkun\u00e7 i\u015fkenceler s\u0131ras\u0131nda bile Jara, Unidad Popular \u2018\u0131n \u015fark\u0131s\u0131n\u0131 s\u00f6ylemeye \u00e7al\u0131\u015fmaktad\u0131r (Venceremos= Zafer kazanaca\u011f\u0131z). Nihayetinde vah\u015fice d\u00f6v\u00fclen Jara, bir makinal\u0131 t\u00fcfekle \u00f6ld\u00fcr\u00fcl\u00fcr ve cesedi Santiago Mezarl\u0131\u011f\u0131 yak\u0131n\u0131nda bulunur. Fakat Kar\u0131s\u0131 yine de onu onurlu bir \u015fekilde defnetme imk\u00e2n\u0131n\u0131 bulur. Akabinde \u015eili\u2019yi terk eden kar\u0131s\u0131 1994\u2032te onuruna \u201cFundaci\u00f3n V\u00edctor Jara\u201d\u2018y\u0131 kurar.<\/p>\n<p style=\"text-align: justify;\">\u015eili\u2019deki Pravda muhabiri Vladimir \u00c7ernisev, Jara\u2019n\u0131n son anlar\u0131n\u0131 \u015f\u00f6yle anlat\u0131yor: \u201cVictor Jara dudaklar\u0131nda \u015fark\u0131yla \u00f6ld\u00fc. Onu yan\u0131ndan hi\u00e7 ay\u0131rmad\u0131\u011f\u0131 refakat\u00e7isiyle, gitar\u0131yla birlikte stadyuma getirdiler. Ve \u015fark\u0131 s\u00f6ylemeye ba\u015flad\u0131. \u00d6b\u00fcr tutuklular, gardiyanlar\u0131n ate\u015f a\u00e7ma tehdidine ra\u011fmen melodiye e\u015flik etmeye ba\u015flad\u0131lar. Sonra bir subay\u0131n emri ile askerler Victor\u2019un ellerini k\u0131rd\u0131lar. Art\u0131k gitar \u00e7alm\u0131yordu, ama zay\u0131f bir sesle \u015fark\u0131 s\u00f6ylemeyi s\u00fcrd\u00fcrd\u00fc. Bir dip\u00e7ikle kafas\u0131n\u0131 par\u00e7alad\u0131lar ve di\u011fer tutuklulara ibret olsun diye ellerini kesip trib\u00fcnlerin \u00f6n\u00fcne ast\u0131lar\u201d.<\/p>\n<p style=\"text-align: justify;\">Victor Jara\u2019n\u0131n ya\u015fam\u0131, par\u00e7alar\u0131 ile g\u00fc\u00e7l\u00fc bir \u015fekilde insanlara seslenen entelekt\u00fcel bir \u015fark\u0131c\u0131y\u0131 i\u015faret etmi\u015ftir. Bu y\u00fczden \u015fark\u0131lar\u0131 g\u00fcc\u00fcn\u00fcn sertifikas\u0131 haline gelmi\u015ftir.<\/p>\n<p style=\"text-align: justify;\">Eyl\u00fcl 2003 tarihinde \u00f6ld\u00fcr\u00fclmesinin 30. y\u0131ld\u00f6n\u00fcm\u00fcnde \u00f6ld\u00fcr\u00fcld\u00fc\u011f\u00fc Estadio Chile stadyumunun ismi Estadio V\u00edctor Jara olarak de\u011fi\u015ftirilmi\u015ftir.<\/p>\n<p style=\"text-align: justify;\">9 Aral\u0131k 2004\u2032de \u00f6l\u00fcm\u00fcnden 31 y\u0131l sonra yarg\u0131\u00e7 Juan Carlos Urrutia emekli subay Mario Manr\u00edquez Bravo hakk\u0131nda dava a\u00e7ar. Bravo, Jara \u00f6ld\u00fcr\u00fcld\u00fc\u011f\u00fc s\u0131rada Estadio Chile\u2019de en \u00fcst r\u00fctbedeki subay olup staduyumun kumandas\u0131 onun sorumlulu\u011funda oldu\u011fundan \u00f6l\u00fcmlerden de o sorumlu tutulmaktad\u0131r.<\/p>\n<p style=\"text-align: justify;\">kaynak:Ya\u015fanacak D\u00fcnya<\/p>\n<p style=\"text-align: justify;\">\u00a0<\/p>\n<\/blockquote>\n<p><embed type=\"application\/x-shockwave-flash\" width=\"400\" height=\"300\" src=\"http:\/\/www.humyo.com\/E\/10422871-281475396329275\/10422871-281475396329765\/10422871-281475396330701\/10422871-281475396331339\/10422871-281475396331921\/10422871-281475396332403\/10422871-281475396333225\/10422871-281475396333787\/10422871-281475396334553\/10422871-281475396335205\/10422871-281475396335633\/10422871-281475396335891\/10422871-281475396336601\/10422871-281475396337075?a=UGgYgxHEg2M%2C7wroUebbht0%2Cx8-KrUKrVis%2C3mN1EnC1ZdY%2C7PLfDetLzl0%2CWXc0bD9YuD8%2CaHlT5bE7-JU%2Cy6tygqoD1XE%2CO0uv6Bl3bVg%2CzCOaAZlyyPc%2C6nsvE7CK7Hw%2CX6KiSoLBumo%2ClodpPzHDM-k%2CROa7YDk_0iM\" flashvars=\"autostart=true&amp;usefullscreen=true&amp;\" allowfullscreen=\"true\"><\/embed><\/p>\n","protected":false},"excerpt":{"rendered":"<p>Gitar\u0131m ne zenginlerin gitar\u0131d\u0131r,ne de ba\u015fka bir \u015feyin.\u015eark\u0131m bir yap\u0131 iskelesidireri\u015ftirir bizi y\u0131ld\u0131zlara.Kat\u0131ks\u0131z ger\u00e7ekleri \u015fark\u0131s\u0131ndas\u00f6ylerken bir insan \u00f6lmek pahas\u0131na,anlam\u0131n\u0131 bulur o \u015fark\u0131damarlar\u0131nda atarken.\u015eark\u0131m ne gelip ge\u00e7ici \u00f6vg\u00fcler d\u00fczerne de ba\u015fkalar\u0131na \u00fcn katar,yoksul \u00fclkemink\u00f6k salm\u0131\u015ft\u0131r topra\u011f\u0131na.Orada, her \u015feyin bitti\u011five her \u015feyin ba\u015flad\u0131\u011f\u0131 yerde,s\u00f6ylerim o her zaman yi\u011fit ve derinsonsuza dek yeni olacak \u015fark\u0131y\u0131. 3 Eyl\u00fcl 1973 [&hellip;]<\/p>\n","protected":false},"author":1,"featured_media":0,"comment_status":"open","ping_status":"open","sticky":false,"template":"","format":"standard","meta":{"footnotes":""},"categories":[125],"tags":[],"class_list":{"0":"post-2836","1":"post","2":"type-post","3":"status-publish","4":"format-standard","6":"category-dunya-dan-muzik"},"yoast_head":"<!-- This site is optimized with the Yoast SEO Premium plugin v24.9 (Yoast SEO v24.9) - https:\/\/yoast.com\/wordpress\/plugins\/seo\/ -->\n<title>Hayat\u0131 ve m\u00fczi\u011fi \u00fclkesinin aynas\u0131 olmu\u015f \u00f6l\u00fcms\u00fcz notalar | Victor JARA ve \u015fark\u0131lar\u0131 - narteks.net<\/title>\n<meta name=\"robots\" content=\"index, follow, max-snippet:-1, max-image-preview:large, max-video-preview:-1\" \/>\n<link rel=\"canonical\" href=\"https:\/\/narteks.net\/index.php\/2010\/02\/20\/hayati-ve-muzigi-ulkesinin-aynasi-olmus-olumsuz-notalar-victor-jara-ve-sarkilari\/\" \/>\n<meta property=\"og:locale\" content=\"tr_TR\" \/>\n<meta property=\"og:type\" content=\"article\" \/>\n<meta property=\"og:title\" content=\"Hayat\u0131 ve m\u00fczi\u011fi \u00fclkesinin aynas\u0131 olmu\u015f \u00f6l\u00fcms\u00fcz notalar | Victor JARA ve \u015fark\u0131lar\u0131\" \/>\n<meta property=\"og:description\" content=\"Gitar\u0131m ne zenginlerin gitar\u0131d\u0131r,ne de ba\u015fka bir \u015feyin.\u015eark\u0131m bir yap\u0131 iskelesidireri\u015ftirir bizi y\u0131ld\u0131zlara.Kat\u0131ks\u0131z ger\u00e7ekleri \u015fark\u0131s\u0131ndas\u00f6ylerken bir insan \u00f6lmek pahas\u0131na,anlam\u0131n\u0131 bulur o \u015fark\u0131damarlar\u0131nda atarken.\u015eark\u0131m ne gelip ge\u00e7ici \u00f6vg\u00fcler d\u00fczerne de ba\u015fkalar\u0131na \u00fcn katar,yoksul \u00fclkemink\u00f6k salm\u0131\u015ft\u0131r topra\u011f\u0131na.Orada, her \u015feyin bitti\u011five her \u015feyin ba\u015flad\u0131\u011f\u0131 yerde,s\u00f6ylerim o her zaman yi\u011fit ve derinsonsuza dek yeni olacak \u015fark\u0131y\u0131. 3 Eyl\u00fcl 1973 [&hellip;]\" \/>\n<meta property=\"og:url\" content=\"https:\/\/narteks.net\/index.php\/2010\/02\/20\/hayati-ve-muzigi-ulkesinin-aynasi-olmus-olumsuz-notalar-victor-jara-ve-sarkilari\/\" \/>\n<meta property=\"og:site_name\" content=\"narteks.net\" \/>\n<meta property=\"article:published_time\" content=\"2010-02-19T22:00:00+00:00\" \/>\n<meta property=\"og:image\" content=\"http:\/\/yasanacakdunya.net\/wp-content\/uploads\/2009\/12\/viktor-jara-aniliyor-300x205.jpg\" \/>\n<meta name=\"author\" content=\"Tar\u0131k\" \/>\n<meta name=\"twitter:card\" content=\"summary_large_image\" \/>\n<meta name=\"twitter:creator\" content=\"@narteks\" \/>\n<meta name=\"twitter:site\" content=\"@narteks\" \/>\n<meta name=\"twitter:label1\" content=\"Yazan:\" \/>\n\t<meta name=\"twitter:data1\" content=\"Tar\u0131k\" \/>\n\t<meta name=\"twitter:label2\" content=\"Tahmini okuma s\u00fcresi\" \/>\n\t<meta name=\"twitter:data2\" content=\"9 dakika\" \/>\n<script type=\"application\/ld+json\" class=\"yoast-schema-graph\">{\"@context\":\"https:\/\/schema.org\",\"@graph\":[{\"@type\":\"Article\",\"@id\":\"https:\/\/narteks.net\/index.php\/2010\/02\/20\/hayati-ve-muzigi-ulkesinin-aynasi-olmus-olumsuz-notalar-victor-jara-ve-sarkilari\/#article\",\"isPartOf\":{\"@id\":\"https:\/\/narteks.net\/index.php\/2010\/02\/20\/hayati-ve-muzigi-ulkesinin-aynasi-olmus-olumsuz-notalar-victor-jara-ve-sarkilari\/\"},\"author\":{\"name\":\"Tar\u0131k\",\"@id\":\"https:\/\/narteks.net\/#\/schema\/person\/61f37d9834294b72d31d274e7ed79bca\"},\"headline\":\"Hayat\u0131 ve m\u00fczi\u011fi \u00fclkesinin aynas\u0131 olmu\u015f \u00f6l\u00fcms\u00fcz notalar | Victor JARA ve \u015fark\u0131lar\u0131\",\"datePublished\":\"2010-02-19T22:00:00+00:00\",\"mainEntityOfPage\":{\"@id\":\"https:\/\/narteks.net\/index.php\/2010\/02\/20\/hayati-ve-muzigi-ulkesinin-aynasi-olmus-olumsuz-notalar-victor-jara-ve-sarkilari\/\"},\"wordCount\":1739,\"commentCount\":0,\"publisher\":{\"@id\":\"https:\/\/narteks.net\/#organization\"},\"image\":{\"@id\":\"https:\/\/narteks.net\/index.php\/2010\/02\/20\/hayati-ve-muzigi-ulkesinin-aynasi-olmus-olumsuz-notalar-victor-jara-ve-sarkilari\/#primaryimage\"},\"thumbnailUrl\":\"http:\/\/yasanacakdunya.net\/wp-content\/uploads\/2009\/12\/viktor-jara-aniliyor-300x205.jpg\",\"articleSection\":[\"D\u00fcnya'dan M\u00fczik\"],\"inLanguage\":\"tr\",\"potentialAction\":[{\"@type\":\"CommentAction\",\"name\":\"Comment\",\"target\":[\"https:\/\/narteks.net\/index.php\/2010\/02\/20\/hayati-ve-muzigi-ulkesinin-aynasi-olmus-olumsuz-notalar-victor-jara-ve-sarkilari\/#respond\"]}]},{\"@type\":\"WebPage\",\"@id\":\"https:\/\/narteks.net\/index.php\/2010\/02\/20\/hayati-ve-muzigi-ulkesinin-aynasi-olmus-olumsuz-notalar-victor-jara-ve-sarkilari\/\",\"url\":\"https:\/\/narteks.net\/index.php\/2010\/02\/20\/hayati-ve-muzigi-ulkesinin-aynasi-olmus-olumsuz-notalar-victor-jara-ve-sarkilari\/\",\"name\":\"Hayat\u0131 ve m\u00fczi\u011fi \u00fclkesinin aynas\u0131 olmu\u015f \u00f6l\u00fcms\u00fcz notalar | Victor JARA ve \u015fark\u0131lar\u0131 - narteks.net\",\"isPartOf\":{\"@id\":\"https:\/\/narteks.net\/#website\"},\"primaryImageOfPage\":{\"@id\":\"https:\/\/narteks.net\/index.php\/2010\/02\/20\/hayati-ve-muzigi-ulkesinin-aynasi-olmus-olumsuz-notalar-victor-jara-ve-sarkilari\/#primaryimage\"},\"image\":{\"@id\":\"https:\/\/narteks.net\/index.php\/2010\/02\/20\/hayati-ve-muzigi-ulkesinin-aynasi-olmus-olumsuz-notalar-victor-jara-ve-sarkilari\/#primaryimage\"},\"thumbnailUrl\":\"http:\/\/yasanacakdunya.net\/wp-content\/uploads\/2009\/12\/viktor-jara-aniliyor-300x205.jpg\",\"datePublished\":\"2010-02-19T22:00:00+00:00\",\"breadcrumb\":{\"@id\":\"https:\/\/narteks.net\/index.php\/2010\/02\/20\/hayati-ve-muzigi-ulkesinin-aynasi-olmus-olumsuz-notalar-victor-jara-ve-sarkilari\/#breadcrumb\"},\"inLanguage\":\"tr\",\"potentialAction\":[{\"@type\":\"ReadAction\",\"target\":[\"https:\/\/narteks.net\/index.php\/2010\/02\/20\/hayati-ve-muzigi-ulkesinin-aynasi-olmus-olumsuz-notalar-victor-jara-ve-sarkilari\/\"]}]},{\"@type\":\"ImageObject\",\"inLanguage\":\"tr\",\"@id\":\"https:\/\/narteks.net\/index.php\/2010\/02\/20\/hayati-ve-muzigi-ulkesinin-aynasi-olmus-olumsuz-notalar-victor-jara-ve-sarkilari\/#primaryimage\",\"url\":\"http:\/\/yasanacakdunya.net\/wp-content\/uploads\/2009\/12\/viktor-jara-aniliyor-300x205.jpg\",\"contentUrl\":\"http:\/\/yasanacakdunya.net\/wp-content\/uploads\/2009\/12\/viktor-jara-aniliyor-300x205.jpg\"},{\"@type\":\"BreadcrumbList\",\"@id\":\"https:\/\/narteks.net\/index.php\/2010\/02\/20\/hayati-ve-muzigi-ulkesinin-aynasi-olmus-olumsuz-notalar-victor-jara-ve-sarkilari\/#breadcrumb\",\"itemListElement\":[{\"@type\":\"ListItem\",\"position\":1,\"name\":\"Anasayfa\",\"item\":\"https:\/\/narteks.net\/\"},{\"@type\":\"ListItem\",\"position\":2,\"name\":\"Hayat\u0131 ve m\u00fczi\u011fi \u00fclkesinin aynas\u0131 olmu\u015f \u00f6l\u00fcms\u00fcz notalar | Victor JARA ve \u015fark\u0131lar\u0131\"}]},{\"@type\":\"WebSite\",\"@id\":\"https:\/\/narteks.net\/#website\",\"url\":\"https:\/\/narteks.net\/\",\"name\":\"narteks.net\",\"description\":\"K\u00fclt\u00fcr Sanat Edebiyat Felsefe\",\"publisher\":{\"@id\":\"https:\/\/narteks.net\/#organization\"},\"alternateName\":\"K\u00fclt\u00fcr Sanat Edebiyat Felsefe\",\"potentialAction\":[{\"@type\":\"SearchAction\",\"target\":{\"@type\":\"EntryPoint\",\"urlTemplate\":\"https:\/\/narteks.net\/?s={search_term_string}\"},\"query-input\":{\"@type\":\"PropertyValueSpecification\",\"valueRequired\":true,\"valueName\":\"search_term_string\"}}],\"inLanguage\":\"tr\"},{\"@type\":\"Organization\",\"@id\":\"https:\/\/narteks.net\/#organization\",\"name\":\"narteks.net\",\"url\":\"https:\/\/narteks.net\/\",\"logo\":{\"@type\":\"ImageObject\",\"inLanguage\":\"tr\",\"@id\":\"https:\/\/narteks.net\/#\/schema\/logo\/image\/\",\"url\":\"https:\/\/narteks.net\/wp-content\/uploads\/narteks.png\",\"contentUrl\":\"https:\/\/narteks.net\/wp-content\/uploads\/narteks.png\",\"width\":300,\"height\":90,\"caption\":\"narteks.net\"},\"image\":{\"@id\":\"https:\/\/narteks.net\/#\/schema\/logo\/image\/\"},\"sameAs\":[\"https:\/\/x.com\/narteks\",\"https:\/\/instagram.com\/narteksnet\"]},{\"@type\":\"Person\",\"@id\":\"https:\/\/narteks.net\/#\/schema\/person\/61f37d9834294b72d31d274e7ed79bca\",\"name\":\"Tar\u0131k\",\"image\":{\"@type\":\"ImageObject\",\"inLanguage\":\"tr\",\"@id\":\"https:\/\/narteks.net\/#\/schema\/person\/image\/\",\"url\":\"https:\/\/secure.gravatar.com\/avatar\/50865afb55632c4ae467e0af0930f6510aa2297d8014be502a55b14f3b7550cf?s=96&d=mm&r=g\",\"contentUrl\":\"https:\/\/secure.gravatar.com\/avatar\/50865afb55632c4ae467e0af0930f6510aa2297d8014be502a55b14f3b7550cf?s=96&d=mm&r=g\",\"caption\":\"Tar\u0131k\"},\"sameAs\":[\"http:\/\/narteks.net\"],\"url\":\"https:\/\/narteks.net\/index.php\/author\/narbak\/\"}]}<\/script>\n<!-- \/ Yoast SEO Premium plugin. -->","yoast_head_json":{"title":"Hayat\u0131 ve m\u00fczi\u011fi \u00fclkesinin aynas\u0131 olmu\u015f \u00f6l\u00fcms\u00fcz notalar | Victor JARA ve \u015fark\u0131lar\u0131 - narteks.net","robots":{"index":"index","follow":"follow","max-snippet":"max-snippet:-1","max-image-preview":"max-image-preview:large","max-video-preview":"max-video-preview:-1"},"canonical":"https:\/\/narteks.net\/index.php\/2010\/02\/20\/hayati-ve-muzigi-ulkesinin-aynasi-olmus-olumsuz-notalar-victor-jara-ve-sarkilari\/","og_locale":"tr_TR","og_type":"article","og_title":"Hayat\u0131 ve m\u00fczi\u011fi \u00fclkesinin aynas\u0131 olmu\u015f \u00f6l\u00fcms\u00fcz notalar | Victor JARA ve \u015fark\u0131lar\u0131","og_description":"Gitar\u0131m ne zenginlerin gitar\u0131d\u0131r,ne de ba\u015fka bir \u015feyin.\u015eark\u0131m bir yap\u0131 iskelesidireri\u015ftirir bizi y\u0131ld\u0131zlara.Kat\u0131ks\u0131z ger\u00e7ekleri \u015fark\u0131s\u0131ndas\u00f6ylerken bir insan \u00f6lmek pahas\u0131na,anlam\u0131n\u0131 bulur o \u015fark\u0131damarlar\u0131nda atarken.\u015eark\u0131m ne gelip ge\u00e7ici \u00f6vg\u00fcler d\u00fczerne de ba\u015fkalar\u0131na \u00fcn katar,yoksul \u00fclkemink\u00f6k salm\u0131\u015ft\u0131r topra\u011f\u0131na.Orada, her \u015feyin bitti\u011five her \u015feyin ba\u015flad\u0131\u011f\u0131 yerde,s\u00f6ylerim o her zaman yi\u011fit ve derinsonsuza dek yeni olacak \u015fark\u0131y\u0131. 3 Eyl\u00fcl 1973 [&hellip;]","og_url":"https:\/\/narteks.net\/index.php\/2010\/02\/20\/hayati-ve-muzigi-ulkesinin-aynasi-olmus-olumsuz-notalar-victor-jara-ve-sarkilari\/","og_site_name":"narteks.net","article_published_time":"2010-02-19T22:00:00+00:00","og_image":[{"url":"http:\/\/yasanacakdunya.net\/wp-content\/uploads\/2009\/12\/viktor-jara-aniliyor-300x205.jpg","type":"","width":"","height":""}],"author":"Tar\u0131k","twitter_card":"summary_large_image","twitter_creator":"@narteks","twitter_site":"@narteks","twitter_misc":{"Yazan:":"Tar\u0131k","Tahmini okuma s\u00fcresi":"9 dakika"},"schema":{"@context":"https:\/\/schema.org","@graph":[{"@type":"Article","@id":"https:\/\/narteks.net\/index.php\/2010\/02\/20\/hayati-ve-muzigi-ulkesinin-aynasi-olmus-olumsuz-notalar-victor-jara-ve-sarkilari\/#article","isPartOf":{"@id":"https:\/\/narteks.net\/index.php\/2010\/02\/20\/hayati-ve-muzigi-ulkesinin-aynasi-olmus-olumsuz-notalar-victor-jara-ve-sarkilari\/"},"author":{"name":"Tar\u0131k","@id":"https:\/\/narteks.net\/#\/schema\/person\/61f37d9834294b72d31d274e7ed79bca"},"headline":"Hayat\u0131 ve m\u00fczi\u011fi \u00fclkesinin aynas\u0131 olmu\u015f \u00f6l\u00fcms\u00fcz notalar | Victor JARA ve \u015fark\u0131lar\u0131","datePublished":"2010-02-19T22:00:00+00:00","mainEntityOfPage":{"@id":"https:\/\/narteks.net\/index.php\/2010\/02\/20\/hayati-ve-muzigi-ulkesinin-aynasi-olmus-olumsuz-notalar-victor-jara-ve-sarkilari\/"},"wordCount":1739,"commentCount":0,"publisher":{"@id":"https:\/\/narteks.net\/#organization"},"image":{"@id":"https:\/\/narteks.net\/index.php\/2010\/02\/20\/hayati-ve-muzigi-ulkesinin-aynasi-olmus-olumsuz-notalar-victor-jara-ve-sarkilari\/#primaryimage"},"thumbnailUrl":"http:\/\/yasanacakdunya.net\/wp-content\/uploads\/2009\/12\/viktor-jara-aniliyor-300x205.jpg","articleSection":["D\u00fcnya'dan M\u00fczik"],"inLanguage":"tr","potentialAction":[{"@type":"CommentAction","name":"Comment","target":["https:\/\/narteks.net\/index.php\/2010\/02\/20\/hayati-ve-muzigi-ulkesinin-aynasi-olmus-olumsuz-notalar-victor-jara-ve-sarkilari\/#respond"]}]},{"@type":"WebPage","@id":"https:\/\/narteks.net\/index.php\/2010\/02\/20\/hayati-ve-muzigi-ulkesinin-aynasi-olmus-olumsuz-notalar-victor-jara-ve-sarkilari\/","url":"https:\/\/narteks.net\/index.php\/2010\/02\/20\/hayati-ve-muzigi-ulkesinin-aynasi-olmus-olumsuz-notalar-victor-jara-ve-sarkilari\/","name":"Hayat\u0131 ve m\u00fczi\u011fi \u00fclkesinin aynas\u0131 olmu\u015f \u00f6l\u00fcms\u00fcz notalar | Victor JARA ve \u015fark\u0131lar\u0131 - narteks.net","isPartOf":{"@id":"https:\/\/narteks.net\/#website"},"primaryImageOfPage":{"@id":"https:\/\/narteks.net\/index.php\/2010\/02\/20\/hayati-ve-muzigi-ulkesinin-aynasi-olmus-olumsuz-notalar-victor-jara-ve-sarkilari\/#primaryimage"},"image":{"@id":"https:\/\/narteks.net\/index.php\/2010\/02\/20\/hayati-ve-muzigi-ulkesinin-aynasi-olmus-olumsuz-notalar-victor-jara-ve-sarkilari\/#primaryimage"},"thumbnailUrl":"http:\/\/yasanacakdunya.net\/wp-content\/uploads\/2009\/12\/viktor-jara-aniliyor-300x205.jpg","datePublished":"2010-02-19T22:00:00+00:00","breadcrumb":{"@id":"https:\/\/narteks.net\/index.php\/2010\/02\/20\/hayati-ve-muzigi-ulkesinin-aynasi-olmus-olumsuz-notalar-victor-jara-ve-sarkilari\/#breadcrumb"},"inLanguage":"tr","potentialAction":[{"@type":"ReadAction","target":["https:\/\/narteks.net\/index.php\/2010\/02\/20\/hayati-ve-muzigi-ulkesinin-aynasi-olmus-olumsuz-notalar-victor-jara-ve-sarkilari\/"]}]},{"@type":"ImageObject","inLanguage":"tr","@id":"https:\/\/narteks.net\/index.php\/2010\/02\/20\/hayati-ve-muzigi-ulkesinin-aynasi-olmus-olumsuz-notalar-victor-jara-ve-sarkilari\/#primaryimage","url":"http:\/\/yasanacakdunya.net\/wp-content\/uploads\/2009\/12\/viktor-jara-aniliyor-300x205.jpg","contentUrl":"http:\/\/yasanacakdunya.net\/wp-content\/uploads\/2009\/12\/viktor-jara-aniliyor-300x205.jpg"},{"@type":"BreadcrumbList","@id":"https:\/\/narteks.net\/index.php\/2010\/02\/20\/hayati-ve-muzigi-ulkesinin-aynasi-olmus-olumsuz-notalar-victor-jara-ve-sarkilari\/#breadcrumb","itemListElement":[{"@type":"ListItem","position":1,"name":"Anasayfa","item":"https:\/\/narteks.net\/"},{"@type":"ListItem","position":2,"name":"Hayat\u0131 ve m\u00fczi\u011fi \u00fclkesinin aynas\u0131 olmu\u015f \u00f6l\u00fcms\u00fcz notalar | Victor JARA ve \u015fark\u0131lar\u0131"}]},{"@type":"WebSite","@id":"https:\/\/narteks.net\/#website","url":"https:\/\/narteks.net\/","name":"narteks.net","description":"K\u00fclt\u00fcr Sanat Edebiyat Felsefe","publisher":{"@id":"https:\/\/narteks.net\/#organization"},"alternateName":"K\u00fclt\u00fcr Sanat Edebiyat Felsefe","potentialAction":[{"@type":"SearchAction","target":{"@type":"EntryPoint","urlTemplate":"https:\/\/narteks.net\/?s={search_term_string}"},"query-input":{"@type":"PropertyValueSpecification","valueRequired":true,"valueName":"search_term_string"}}],"inLanguage":"tr"},{"@type":"Organization","@id":"https:\/\/narteks.net\/#organization","name":"narteks.net","url":"https:\/\/narteks.net\/","logo":{"@type":"ImageObject","inLanguage":"tr","@id":"https:\/\/narteks.net\/#\/schema\/logo\/image\/","url":"https:\/\/narteks.net\/wp-content\/uploads\/narteks.png","contentUrl":"https:\/\/narteks.net\/wp-content\/uploads\/narteks.png","width":300,"height":90,"caption":"narteks.net"},"image":{"@id":"https:\/\/narteks.net\/#\/schema\/logo\/image\/"},"sameAs":["https:\/\/x.com\/narteks","https:\/\/instagram.com\/narteksnet"]},{"@type":"Person","@id":"https:\/\/narteks.net\/#\/schema\/person\/61f37d9834294b72d31d274e7ed79bca","name":"Tar\u0131k","image":{"@type":"ImageObject","inLanguage":"tr","@id":"https:\/\/narteks.net\/#\/schema\/person\/image\/","url":"https:\/\/secure.gravatar.com\/avatar\/50865afb55632c4ae467e0af0930f6510aa2297d8014be502a55b14f3b7550cf?s=96&d=mm&r=g","contentUrl":"https:\/\/secure.gravatar.com\/avatar\/50865afb55632c4ae467e0af0930f6510aa2297d8014be502a55b14f3b7550cf?s=96&d=mm&r=g","caption":"Tar\u0131k"},"sameAs":["http:\/\/narteks.net"],"url":"https:\/\/narteks.net\/index.php\/author\/narbak\/"}]}},"_links":{"self":[{"href":"https:\/\/narteks.net\/index.php\/wp-json\/wp\/v2\/posts\/2836","targetHints":{"allow":["GET"]}}],"collection":[{"href":"https:\/\/narteks.net\/index.php\/wp-json\/wp\/v2\/posts"}],"about":[{"href":"https:\/\/narteks.net\/index.php\/wp-json\/wp\/v2\/types\/post"}],"author":[{"embeddable":true,"href":"https:\/\/narteks.net\/index.php\/wp-json\/wp\/v2\/users\/1"}],"replies":[{"embeddable":true,"href":"https:\/\/narteks.net\/index.php\/wp-json\/wp\/v2\/comments?post=2836"}],"version-history":[{"count":0,"href":"https:\/\/narteks.net\/index.php\/wp-json\/wp\/v2\/posts\/2836\/revisions"}],"wp:attachment":[{"href":"https:\/\/narteks.net\/index.php\/wp-json\/wp\/v2\/media?parent=2836"}],"wp:term":[{"taxonomy":"category","embeddable":true,"href":"https:\/\/narteks.net\/index.php\/wp-json\/wp\/v2\/categories?post=2836"},{"taxonomy":"post_tag","embeddable":true,"href":"https:\/\/narteks.net\/index.php\/wp-json\/wp\/v2\/tags?post=2836"}],"curies":[{"name":"wp","href":"https:\/\/api.w.org\/{rel}","templated":true}]}}