{"id":2839,"date":"2009-12-07T18:26:47","date_gmt":"2009-12-07T15:26:47","guid":{"rendered":"http:\/\/localhost\/wordpress\/2009\/12\/07\/sergey-yesenin-e\/"},"modified":"2009-12-07T18:26:47","modified_gmt":"2009-12-07T15:26:47","slug":"sergey-yesenin-e","status":"publish","type":"post","link":"https:\/\/narteks.net\/index.php\/2009\/12\/07\/sergey-yesenin-e\/","title":{"rendered":"SERGEY YESEN\u0130N\u2019E"},"content":{"rendered":"<p>\u00a0<\/p>\n<p align=\"justify\">Sen gittin,<br \/> diyorlar,<br \/> yukar\u0131larda bir d\u00fcnyaya.<br \/> Sonsuzla\u015fma &#8211;<br \/> U\u00e7uyorsun,<br \/> par\u0131ldayan y\u0131ld\u0131zlara \u00e7arparak.<br \/> Ne bor\u00e7 var art\u0131k bize,<br \/> i\u00e7ki ne de<br \/> Ay\u0131lma.<br \/> Hay\u0131r, Yesenin,<br \/> oh<br \/> \u00e7ekmek de\u011fil benim istedi\u011fim.<br \/> G\u00f6r\u00fcyorum ben<br \/> kesik bileklerinle sendeleyi\u015fini<br \/> Ve alayla de\u011fil<br \/> ac\u0131yla<br \/> d\u00fc\u011f\u00fcmleniyor y\u00fcre\u011fim<br \/> G\u00f6r\u00fcyorum<br \/> bir kemik \u00e7uval\u0131 gibi<br \/> yere at\u0131\u015f\u0131n\u0131 g\u00f6vdeni.<br \/> &#8211; Dur! diyorum.<br \/> B\u0131rak!<br \/> Delirdin mi sen?<br \/> S\u00fcrer mi \u00f6l\u00fcm\u00fc<br \/> hi\u00e7 insan<br \/> tebe\u015fir tozu gibi<br \/> yanaklar\u0131na?<br \/> Sen ki \u00e7ok daha<br \/> iyi verirdin \u00f6l\u00fcme<br \/> a\u011fz\u0131n\u0131n pay\u0131n\u0131 herkesten.<br \/> Yery\u00fcz\u00fcnde ba\u015fka<br \/> kimsede olmayan<br \/> o efece konu\u015fmamla.<br \/> Ni\u00e7in?<br \/> Nedeni ne?<br \/> Donup kal\u0131yorum \u015fa\u015fk\u0131nl\u0131ktan.<br \/> Homurdan\u0131yor ele\u015ftirmenler :<br \/> &#8211; Bizce, bunun as\u0131l nedeni<br \/> \u015eu\u2026<br \/> ya da bu\u2026<br \/> ama daha \u00e7ok,<br \/> kopmak toplumdan,<br \/> \u00c7ok fazla bira<br \/> ya da \u015farapla kafay\u0131 \u00e7ekmesi.<br \/> Ba\u015fka deyi\u015fle<br \/> Satsayd\u0131n<br \/> Bohemleri<br \/> i\u015f\u00e7i s\u0131n\u0131f\u0131na, diyorlar<br \/> S\u0131n\u0131f bilincin olsayd\u0131,<br \/> bak, bu gelmezdi ba\u015f\u0131na.<br \/> Oysa i\u015f\u00e7iler de<br \/> kvastan sert i\u00e7kilerle<br \/> kafay\u0131 \u00e7ekiyorlar.<br \/> O s\u0131n\u0131f da i\u00e7erek<br \/> g\u00fczelce s\u0131\u00e7\u0131yor kendi a\u011fz\u0131na.<br \/> Ba\u015fka deyi\u015fle<br \/> Parti\u2019den biri<br \/> denetleseydi seni<br \/> Sa\u011flansayd\u0131 b\u00f6ylece<br \/> as\u0131l \u00f6nemi<br \/> i\u00e7eri\u011fe vermem<br \/> Yazard\u0131n o zaman<br \/> her g\u00fcn<br \/> o dizelerin<br \/> y\u00fczlercesini<br \/> Uzun uzun<br \/> Ve s\u0131k\u0131c\u0131<br \/> Doronin\u2019de g\u00f6rd\u00fc\u011f\u00fcm\u00fcz t\u00fcrden.<br \/> Ama bence<br \/> b\u00f6ylesi bir delili\u011fin i\u00e7ine d\u00fc\u015fseydin<br \/> Sen \u00e7ok daha \u00f6nce<br \/> son verirdin<br \/> ya\u015fam\u0131na.<br \/> Votkadan gitmek daha iyidir<br \/> inan bana<br \/> B\u00f6ylesi s\u0131k\u0131nt\u0131dan bo\u011fulmaktansa.<br \/> Hi\u00e7bir zaman s\u00f6yleyemeyecekler<br \/> nedenini bize<br \/> seni yitiri\u015fimizin.<br \/> \u015eurac\u0131kta duran<br \/> \u00e7ak\u0131 m\u0131, yoksa ip mi?<br \/> Ama bulunsayd\u0131<br \/> m\u00fcrekkebi, elbette,<br \/> Angleterre otelinin.<br \/> Damarlar\u0131n\u0131 kesmen<br \/> ve \u00f6l\u00fcp gitmen<br \/> gerekmezdi.<br \/> Sana \u00f6yk\u00fcnenler \u00e7\u0131ld\u0131rd\u0131lar sevin\u00e7ten :<br \/> bir daha, bir daha!<br \/> Neredeyse bir y\u0131\u011f\u0131n insan<br \/> z\u0131vanadan \u00e7\u0131k\u0131p<br \/> \u00f6ld\u00fcrd\u00fc kendini.<br \/> Neden \u00e7o\u011faltmal\u0131<br \/> intiharlar\u0131<br \/> b\u00f6yle say\u0131ca?<br \/> Daha kolay de\u011fil mi<br \/> m\u00fcrekkeple doldurmak<br \/> otellerde \u015fi\u015feleri!<br \/> Sonsuza dek<br \/> kilitlendi art\u0131k dilin<br \/> arkas\u0131nda di\u015flerinin.<br \/> Benim bu bilmecemsi s\u00f6zlerim<br \/> yersiz<br \/> bir bilgi\u00e7lik say\u0131lmamal\u0131<br \/> Halk\u0131m\u0131z,<br \/> yarat\u0131c\u0131s\u0131 ve ya\u015fat\u0131c\u0131s\u0131 o g\u00fczel dilimizin,<br \/> Yitirdi \u00f6l\u00fcmle<br \/> yans\u0131l\u0131 sesler \u00fcreten<br \/> en co\u015fkulu \u00e7\u0131ra\u011f\u0131n\u0131.<br \/> Ve o herifler ta\u015f\u0131y\u0131p duruyorlar<br \/> \u00f6l\u00fc \u015fiir d\u00f6k\u00fcnt\u00fclerini<br \/> Ge\u00e7mi\u015f,<br \/> g\u00f6m\u00fclm\u00fc\u015f \u00f6l\u00fclerden<br \/> hemen hi\u00e7bir yenili\u011fi olmayan.<br \/> \u00dcst\u00fcste y\u0131\u011f\u0131yorlar<br \/> tats\u0131z uyaklar\u0131n\u0131<br \/> mezara toprak atar gibi: daha beterlerini<br \/> Onurland\u0131rmak i\u00e7in o\u011flunu<br \/> Esin Perisi\u2019nin bile<br \/> i\u015fine yaramayacak olan.<br \/> Sana yara\u015facak<br \/> bir an\u0131t<br \/> hen\u00fcz d\u00f6k\u00fclmedi.<br \/> Hani nerde o an\u0131t,<br \/> d\u00f6v\u00fclm\u00fc\u015f tun\u00e7tan<br \/> ya da yontulmu\u015f mermerden?<br \/> Oysa \u00e7oktan doldurdular<br \/> y\u0131\u011f\u0131n y\u0131\u011f\u0131n<br \/> parmakl\u0131klar\u0131n\u0131n dibini<br \/> \u00c7\u00f6plerle,<br \/> adama s\u00f6zc\u00fcklerinden, an\u0131lardan,<br \/> o bok p\u00fcs\u00fcr \u015feylerden.<br \/> Ad\u0131n<br \/> h\u0131\u00e7k\u0131r\u0131klarla birlikte doldurdu mendilleri.<br \/> S\u00f6zc\u00fcklerini<br \/> geveleyip duruyor Sobinov a\u011fz\u0131nda<br \/> K\u0131vr\u0131l\u0131p oturmu\u015f da<br \/> alt\u0131na suyu \u00e7ekilmi\u015f bir kay\u0131n a\u011fac\u0131n\u0131n &#8211;<br \/> \u2018Hi\u00e7bir \u015fey s\u00f6yleme,<br \/> ah dostum,<br \/> i\u00e7ini de \u00e7ekme, ne olursun.\u2019<br \/> Ah,<br \/> sen onu kim bilir nas\u0131l alaya al\u0131rd\u0131n,<br \/> \u015eu Leonid Lohengrinsi\u2019yi,<br \/> ba\u015f belas\u0131, Tanr\u0131\u2019n\u0131n!<br \/> Ortal\u0131\u011f\u0131 kim bilir<br \/> nas\u0131l da aya\u011fa kald\u0131r\u0131rd\u0131n:<\/p>\n<p align=\"justify\">\u2018\u0130zin veremem<br \/> \u015fiirsel gargaralar\u0131na<br \/> an\u0131ran e\u015feklerin!\u2019-<br \/> Sa\u011f\u0131r ederdin kulaklar\u0131n\u0131<br \/> \u00fc\u00e7 ayakl\u0131 \u0131sl\u0131klar\u0131nla, sonra,<br \/> Yazd\u0131klar\u0131n\u0131n hepsini<br \/> k\u0131\u00e7lar\u0131na sokmalar\u0131n\u0131 s\u00f6ylerdin.<br \/> Harcard\u0131n bozuk para gibi<br \/> o yeteneksiz heriflerin hepsini,<br \/> Doldururdun<br \/> smokin ceketlerinin<br \/> kara yelkenlerini,<br \/> \u00d6yle ki savrulurdu<br \/> sa\u011fa sola<br \/> Kogan gibileri,<br \/> S\u00fcng\u00fcleyerek<br \/> sivri b\u0131y\u0131klar\u0131yla<br \/> gelip ge\u00e7enleri.<br \/> Oysa bu arada<br \/> say\u0131s\u0131 hi\u00e7 de azalmad\u0131<br \/> bu serserilerin.<br \/> \u00c7ok zorlu bir i\u015f<br \/> onlar\u0131 say\u0131ca geride b\u0131rakmak.<br \/> Ya\u015fam<br \/> yepyeni bir bi\u00e7imde<br \/> yeniden kurulacak.<br \/> \u0130\u015fte o zaman<br \/> yepyeni \u015fark\u0131lar s\u00f6ylenmeye ba\u015flayacak.<br \/> B\u00f6yle bir \u00e7a\u011fda<br \/> a\u011f\u0131rla\u015f\u0131yor sorunlar\u0131<br \/> kalemin,<br \/> \u0130yi ama, g\u00f6sterin bana<br \/> siz ey zavall\u0131<br \/> hortlaklar s\u00fcr\u00fcs\u00fc, hadi<br \/> Nerede g\u00f6r\u00fclm\u00fc\u015ft\u00fcr<br \/> ve ne zaman<br \/> y\u00fcce bir ki\u015finin.<br \/> Dikenli yollar\u0131 b\u0131rak\u0131p da<br \/> g\u00fcl bah\u00e7elerini se\u00e7ti\u011fi?<br \/> S\u00f6zc\u00fckler<br \/> y\u00f6nlendir<br \/> insano\u011flunun g\u00fc\u00e7lerini.<br \/> Y\u00fcr\u00fcy\u00fcn!<br \/> Arkam\u0131zda<br \/> zaman patlas\u0131n<br \/> bir may\u0131n gibi.<br \/> Bizim ge\u00e7mi\u015fe sunaca\u011f\u0131m\u0131z<br \/> yaln\u0131zca<br \/> bukleleri<\/p>\n<p align=\"justify\">R\u00fczgarda<br \/> geriye savrulan sa\u00e7lar\u0131m\u0131z\u0131n.<br \/> E\u011flenceye ayr\u0131lacak yeri yok<br \/> gezegenimizin.<br \/> Yar\u0131nlardan<br \/> kopar\u0131p<br \/> almal\u0131d\u0131r mutlulu\u011fu<br \/> insan.<br \/> \u015eu ya\u015famda<br \/> en kolay i\u015ftir \u00f6lmek.<br \/> As\u0131l g\u00fc\u00e7 olan<br \/> yepyeni bir ya\u015fama<br \/> ba\u015flamak.**<\/p>\n","protected":false},"excerpt":{"rendered":"<p>\u00a0 Sen gittin, diyorlar, yukar\u0131larda bir d\u00fcnyaya. Sonsuzla\u015fma &#8211; U\u00e7uyorsun, par\u0131ldayan y\u0131ld\u0131zlara \u00e7arparak. Ne bor\u00e7 var art\u0131k bize, i\u00e7ki ne de Ay\u0131lma. Hay\u0131r, Yesenin, oh \u00e7ekmek de\u011fil benim istedi\u011fim. G\u00f6r\u00fcyorum ben kesik bileklerinle sendeleyi\u015fini Ve alayla de\u011fil ac\u0131yla d\u00fc\u011f\u00fcmleniyor y\u00fcre\u011fim G\u00f6r\u00fcyorum bir kemik \u00e7uval\u0131 gibi yere at\u0131\u015f\u0131n\u0131 g\u00f6vdeni. &#8211; Dur! diyorum. B\u0131rak! Delirdin mi sen? [&hellip;]<\/p>\n","protected":false},"author":1,"featured_media":0,"comment_status":"open","ping_status":"open","sticky":false,"template":"","format":"standard","meta":{"footnotes":""},"categories":[90],"tags":[],"class_list":{"0":"post-2839","1":"post","2":"type-post","3":"status-publish","4":"format-standard","6":"category-vladimir-mayakovski"},"yoast_head":"<!-- This site is optimized with the Yoast SEO Premium plugin v24.9 (Yoast SEO v24.9) - https:\/\/yoast.com\/wordpress\/plugins\/seo\/ -->\n<title>SERGEY YESEN\u0130N\u2019E - narteks.net<\/title>\n<meta name=\"robots\" content=\"index, follow, max-snippet:-1, max-image-preview:large, max-video-preview:-1\" \/>\n<link rel=\"canonical\" href=\"https:\/\/narteks.net\/index.php\/2009\/12\/07\/sergey-yesenin-e\/\" \/>\n<meta property=\"og:locale\" content=\"tr_TR\" \/>\n<meta property=\"og:type\" content=\"article\" \/>\n<meta property=\"og:title\" content=\"SERGEY YESEN\u0130N\u2019E\" \/>\n<meta property=\"og:description\" content=\"\u00a0 Sen gittin, diyorlar, yukar\u0131larda bir d\u00fcnyaya. Sonsuzla\u015fma &#8211; U\u00e7uyorsun, par\u0131ldayan y\u0131ld\u0131zlara \u00e7arparak. Ne bor\u00e7 var art\u0131k bize, i\u00e7ki ne de Ay\u0131lma. Hay\u0131r, Yesenin, oh \u00e7ekmek de\u011fil benim istedi\u011fim. G\u00f6r\u00fcyorum ben kesik bileklerinle sendeleyi\u015fini Ve alayla de\u011fil ac\u0131yla d\u00fc\u011f\u00fcmleniyor y\u00fcre\u011fim G\u00f6r\u00fcyorum bir kemik \u00e7uval\u0131 gibi yere at\u0131\u015f\u0131n\u0131 g\u00f6vdeni. &#8211; Dur! diyorum. B\u0131rak! Delirdin mi sen? [&hellip;]\" \/>\n<meta property=\"og:url\" content=\"https:\/\/narteks.net\/index.php\/2009\/12\/07\/sergey-yesenin-e\/\" \/>\n<meta property=\"og:site_name\" content=\"narteks.net\" \/>\n<meta property=\"article:published_time\" content=\"2009-12-07T15:26:47+00:00\" \/>\n<meta property=\"og:image\" content=\"https:\/\/narteks.net\/wp-content\/uploads\/narteks.png\" \/>\n\t<meta property=\"og:image:width\" content=\"300\" \/>\n\t<meta property=\"og:image:height\" content=\"90\" \/>\n\t<meta property=\"og:image:type\" content=\"image\/png\" \/>\n<meta name=\"author\" content=\"Tar\u0131k\" \/>\n<meta name=\"twitter:card\" content=\"summary_large_image\" \/>\n<meta name=\"twitter:creator\" content=\"@narteks\" \/>\n<meta name=\"twitter:site\" content=\"@narteks\" \/>\n<meta name=\"twitter:label1\" content=\"Yazan:\" \/>\n\t<meta name=\"twitter:data1\" content=\"Tar\u0131k\" \/>\n\t<meta name=\"twitter:label2\" content=\"Tahmini okuma s\u00fcresi\" \/>\n\t<meta name=\"twitter:data2\" content=\"4 dakika\" \/>\n<script type=\"application\/ld+json\" class=\"yoast-schema-graph\">{\"@context\":\"https:\/\/schema.org\",\"@graph\":[{\"@type\":\"Article\",\"@id\":\"https:\/\/narteks.net\/index.php\/2009\/12\/07\/sergey-yesenin-e\/#article\",\"isPartOf\":{\"@id\":\"https:\/\/narteks.net\/index.php\/2009\/12\/07\/sergey-yesenin-e\/\"},\"author\":{\"name\":\"Tar\u0131k\",\"@id\":\"https:\/\/narteks.net\/#\/schema\/person\/61f37d9834294b72d31d274e7ed79bca\"},\"headline\":\"SERGEY YESEN\u0130N\u2019E\",\"datePublished\":\"2009-12-07T15:26:47+00:00\",\"mainEntityOfPage\":{\"@id\":\"https:\/\/narteks.net\/index.php\/2009\/12\/07\/sergey-yesenin-e\/\"},\"wordCount\":827,\"commentCount\":0,\"publisher\":{\"@id\":\"https:\/\/narteks.net\/#organization\"},\"articleSection\":[\"Vladimir MAYAKOVSK\u0130\"],\"inLanguage\":\"tr\",\"potentialAction\":[{\"@type\":\"CommentAction\",\"name\":\"Comment\",\"target\":[\"https:\/\/narteks.net\/index.php\/2009\/12\/07\/sergey-yesenin-e\/#respond\"]}]},{\"@type\":\"WebPage\",\"@id\":\"https:\/\/narteks.net\/index.php\/2009\/12\/07\/sergey-yesenin-e\/\",\"url\":\"https:\/\/narteks.net\/index.php\/2009\/12\/07\/sergey-yesenin-e\/\",\"name\":\"SERGEY YESEN\u0130N\u2019E - narteks.net\",\"isPartOf\":{\"@id\":\"https:\/\/narteks.net\/#website\"},\"datePublished\":\"2009-12-07T15:26:47+00:00\",\"breadcrumb\":{\"@id\":\"https:\/\/narteks.net\/index.php\/2009\/12\/07\/sergey-yesenin-e\/#breadcrumb\"},\"inLanguage\":\"tr\",\"potentialAction\":[{\"@type\":\"ReadAction\",\"target\":[\"https:\/\/narteks.net\/index.php\/2009\/12\/07\/sergey-yesenin-e\/\"]}]},{\"@type\":\"BreadcrumbList\",\"@id\":\"https:\/\/narteks.net\/index.php\/2009\/12\/07\/sergey-yesenin-e\/#breadcrumb\",\"itemListElement\":[{\"@type\":\"ListItem\",\"position\":1,\"name\":\"Anasayfa\",\"item\":\"https:\/\/narteks.net\/\"},{\"@type\":\"ListItem\",\"position\":2,\"name\":\"SERGEY YESEN\u0130N\u2019E\"}]},{\"@type\":\"WebSite\",\"@id\":\"https:\/\/narteks.net\/#website\",\"url\":\"https:\/\/narteks.net\/\",\"name\":\"narteks.net\",\"description\":\"K\u00fclt\u00fcr Sanat Edebiyat Felsefe\",\"publisher\":{\"@id\":\"https:\/\/narteks.net\/#organization\"},\"alternateName\":\"K\u00fclt\u00fcr Sanat Edebiyat Felsefe\",\"potentialAction\":[{\"@type\":\"SearchAction\",\"target\":{\"@type\":\"EntryPoint\",\"urlTemplate\":\"https:\/\/narteks.net\/?s={search_term_string}\"},\"query-input\":{\"@type\":\"PropertyValueSpecification\",\"valueRequired\":true,\"valueName\":\"search_term_string\"}}],\"inLanguage\":\"tr\"},{\"@type\":\"Organization\",\"@id\":\"https:\/\/narteks.net\/#organization\",\"name\":\"narteks.net\",\"url\":\"https:\/\/narteks.net\/\",\"logo\":{\"@type\":\"ImageObject\",\"inLanguage\":\"tr\",\"@id\":\"https:\/\/narteks.net\/#\/schema\/logo\/image\/\",\"url\":\"https:\/\/narteks.net\/wp-content\/uploads\/narteks.png\",\"contentUrl\":\"https:\/\/narteks.net\/wp-content\/uploads\/narteks.png\",\"width\":300,\"height\":90,\"caption\":\"narteks.net\"},\"image\":{\"@id\":\"https:\/\/narteks.net\/#\/schema\/logo\/image\/\"},\"sameAs\":[\"https:\/\/x.com\/narteks\",\"https:\/\/instagram.com\/narteksnet\"]},{\"@type\":\"Person\",\"@id\":\"https:\/\/narteks.net\/#\/schema\/person\/61f37d9834294b72d31d274e7ed79bca\",\"name\":\"Tar\u0131k\",\"image\":{\"@type\":\"ImageObject\",\"inLanguage\":\"tr\",\"@id\":\"https:\/\/narteks.net\/#\/schema\/person\/image\/\",\"url\":\"https:\/\/secure.gravatar.com\/avatar\/50865afb55632c4ae467e0af0930f6510aa2297d8014be502a55b14f3b7550cf?s=96&d=mm&r=g\",\"contentUrl\":\"https:\/\/secure.gravatar.com\/avatar\/50865afb55632c4ae467e0af0930f6510aa2297d8014be502a55b14f3b7550cf?s=96&d=mm&r=g\",\"caption\":\"Tar\u0131k\"},\"sameAs\":[\"http:\/\/narteks.net\"],\"url\":\"https:\/\/narteks.net\/index.php\/author\/narbak\/\"}]}<\/script>\n<!-- \/ Yoast SEO Premium plugin. -->","yoast_head_json":{"title":"SERGEY YESEN\u0130N\u2019E - narteks.net","robots":{"index":"index","follow":"follow","max-snippet":"max-snippet:-1","max-image-preview":"max-image-preview:large","max-video-preview":"max-video-preview:-1"},"canonical":"https:\/\/narteks.net\/index.php\/2009\/12\/07\/sergey-yesenin-e\/","og_locale":"tr_TR","og_type":"article","og_title":"SERGEY YESEN\u0130N\u2019E","og_description":"\u00a0 Sen gittin, diyorlar, yukar\u0131larda bir d\u00fcnyaya. Sonsuzla\u015fma &#8211; U\u00e7uyorsun, par\u0131ldayan y\u0131ld\u0131zlara \u00e7arparak. Ne bor\u00e7 var art\u0131k bize, i\u00e7ki ne de Ay\u0131lma. Hay\u0131r, Yesenin, oh \u00e7ekmek de\u011fil benim istedi\u011fim. G\u00f6r\u00fcyorum ben kesik bileklerinle sendeleyi\u015fini Ve alayla de\u011fil ac\u0131yla d\u00fc\u011f\u00fcmleniyor y\u00fcre\u011fim G\u00f6r\u00fcyorum bir kemik \u00e7uval\u0131 gibi yere at\u0131\u015f\u0131n\u0131 g\u00f6vdeni. &#8211; Dur! diyorum. B\u0131rak! Delirdin mi sen? [&hellip;]","og_url":"https:\/\/narteks.net\/index.php\/2009\/12\/07\/sergey-yesenin-e\/","og_site_name":"narteks.net","article_published_time":"2009-12-07T15:26:47+00:00","og_image":[{"width":300,"height":90,"url":"https:\/\/narteks.net\/wp-content\/uploads\/narteks.png","type":"image\/png"}],"author":"Tar\u0131k","twitter_card":"summary_large_image","twitter_creator":"@narteks","twitter_site":"@narteks","twitter_misc":{"Yazan:":"Tar\u0131k","Tahmini okuma s\u00fcresi":"4 dakika"},"schema":{"@context":"https:\/\/schema.org","@graph":[{"@type":"Article","@id":"https:\/\/narteks.net\/index.php\/2009\/12\/07\/sergey-yesenin-e\/#article","isPartOf":{"@id":"https:\/\/narteks.net\/index.php\/2009\/12\/07\/sergey-yesenin-e\/"},"author":{"name":"Tar\u0131k","@id":"https:\/\/narteks.net\/#\/schema\/person\/61f37d9834294b72d31d274e7ed79bca"},"headline":"SERGEY YESEN\u0130N\u2019E","datePublished":"2009-12-07T15:26:47+00:00","mainEntityOfPage":{"@id":"https:\/\/narteks.net\/index.php\/2009\/12\/07\/sergey-yesenin-e\/"},"wordCount":827,"commentCount":0,"publisher":{"@id":"https:\/\/narteks.net\/#organization"},"articleSection":["Vladimir MAYAKOVSK\u0130"],"inLanguage":"tr","potentialAction":[{"@type":"CommentAction","name":"Comment","target":["https:\/\/narteks.net\/index.php\/2009\/12\/07\/sergey-yesenin-e\/#respond"]}]},{"@type":"WebPage","@id":"https:\/\/narteks.net\/index.php\/2009\/12\/07\/sergey-yesenin-e\/","url":"https:\/\/narteks.net\/index.php\/2009\/12\/07\/sergey-yesenin-e\/","name":"SERGEY YESEN\u0130N\u2019E - narteks.net","isPartOf":{"@id":"https:\/\/narteks.net\/#website"},"datePublished":"2009-12-07T15:26:47+00:00","breadcrumb":{"@id":"https:\/\/narteks.net\/index.php\/2009\/12\/07\/sergey-yesenin-e\/#breadcrumb"},"inLanguage":"tr","potentialAction":[{"@type":"ReadAction","target":["https:\/\/narteks.net\/index.php\/2009\/12\/07\/sergey-yesenin-e\/"]}]},{"@type":"BreadcrumbList","@id":"https:\/\/narteks.net\/index.php\/2009\/12\/07\/sergey-yesenin-e\/#breadcrumb","itemListElement":[{"@type":"ListItem","position":1,"name":"Anasayfa","item":"https:\/\/narteks.net\/"},{"@type":"ListItem","position":2,"name":"SERGEY YESEN\u0130N\u2019E"}]},{"@type":"WebSite","@id":"https:\/\/narteks.net\/#website","url":"https:\/\/narteks.net\/","name":"narteks.net","description":"K\u00fclt\u00fcr Sanat Edebiyat Felsefe","publisher":{"@id":"https:\/\/narteks.net\/#organization"},"alternateName":"K\u00fclt\u00fcr Sanat Edebiyat Felsefe","potentialAction":[{"@type":"SearchAction","target":{"@type":"EntryPoint","urlTemplate":"https:\/\/narteks.net\/?s={search_term_string}"},"query-input":{"@type":"PropertyValueSpecification","valueRequired":true,"valueName":"search_term_string"}}],"inLanguage":"tr"},{"@type":"Organization","@id":"https:\/\/narteks.net\/#organization","name":"narteks.net","url":"https:\/\/narteks.net\/","logo":{"@type":"ImageObject","inLanguage":"tr","@id":"https:\/\/narteks.net\/#\/schema\/logo\/image\/","url":"https:\/\/narteks.net\/wp-content\/uploads\/narteks.png","contentUrl":"https:\/\/narteks.net\/wp-content\/uploads\/narteks.png","width":300,"height":90,"caption":"narteks.net"},"image":{"@id":"https:\/\/narteks.net\/#\/schema\/logo\/image\/"},"sameAs":["https:\/\/x.com\/narteks","https:\/\/instagram.com\/narteksnet"]},{"@type":"Person","@id":"https:\/\/narteks.net\/#\/schema\/person\/61f37d9834294b72d31d274e7ed79bca","name":"Tar\u0131k","image":{"@type":"ImageObject","inLanguage":"tr","@id":"https:\/\/narteks.net\/#\/schema\/person\/image\/","url":"https:\/\/secure.gravatar.com\/avatar\/50865afb55632c4ae467e0af0930f6510aa2297d8014be502a55b14f3b7550cf?s=96&d=mm&r=g","contentUrl":"https:\/\/secure.gravatar.com\/avatar\/50865afb55632c4ae467e0af0930f6510aa2297d8014be502a55b14f3b7550cf?s=96&d=mm&r=g","caption":"Tar\u0131k"},"sameAs":["http:\/\/narteks.net"],"url":"https:\/\/narteks.net\/index.php\/author\/narbak\/"}]}},"_links":{"self":[{"href":"https:\/\/narteks.net\/index.php\/wp-json\/wp\/v2\/posts\/2839","targetHints":{"allow":["GET"]}}],"collection":[{"href":"https:\/\/narteks.net\/index.php\/wp-json\/wp\/v2\/posts"}],"about":[{"href":"https:\/\/narteks.net\/index.php\/wp-json\/wp\/v2\/types\/post"}],"author":[{"embeddable":true,"href":"https:\/\/narteks.net\/index.php\/wp-json\/wp\/v2\/users\/1"}],"replies":[{"embeddable":true,"href":"https:\/\/narteks.net\/index.php\/wp-json\/wp\/v2\/comments?post=2839"}],"version-history":[{"count":0,"href":"https:\/\/narteks.net\/index.php\/wp-json\/wp\/v2\/posts\/2839\/revisions"}],"wp:attachment":[{"href":"https:\/\/narteks.net\/index.php\/wp-json\/wp\/v2\/media?parent=2839"}],"wp:term":[{"taxonomy":"category","embeddable":true,"href":"https:\/\/narteks.net\/index.php\/wp-json\/wp\/v2\/categories?post=2839"},{"taxonomy":"post_tag","embeddable":true,"href":"https:\/\/narteks.net\/index.php\/wp-json\/wp\/v2\/tags?post=2839"}],"curies":[{"name":"wp","href":"https:\/\/api.w.org\/{rel}","templated":true}]}}