{"id":2843,"date":"2010-01-08T01:00:00","date_gmt":"2010-01-07T22:00:00","guid":{"rendered":"http:\/\/localhost\/wordpress\/2010\/01\/08\/yasamin-en-tatsiz-tarafi-sona-eris-seklidir-tersten-yasamak-can-yucel\/"},"modified":"2010-01-08T01:00:00","modified_gmt":"2010-01-07T22:00:00","slug":"yasamin-en-tatsiz-tarafi-sona-eris-seklidir-tersten-yasamak-can-yucel","status":"publish","type":"post","link":"https:\/\/narteks.net\/index.php\/2010\/01\/08\/yasamin-en-tatsiz-tarafi-sona-eris-seklidir-tersten-yasamak-can-yucel\/","title":{"rendered":"Ya\u015fam\u0131n en tats\u0131z taraf\u0131 sona eri\u015f \u015feklidir | Tersten ya\u015famak &#8211; Can Y\u00fccel"},"content":{"rendered":"<h2><a href=\"http:\/\/www.cafrande.org\/?p=1035\" title=\"Permalink for : Ya\u015fam\u0131n en tats\u0131z taraf\u0131 sona eri\u015f \u015feklidir\u2026 \u2013 Can Y\u00fccel\"><\/a><em> <\/em><\/h2>\n<p align=\"justify\"><span style=\"color: #000080;\"><img loading=\"lazy\" decoding=\"async\" class=\"alignleft size-full wp-image-11761\" src=\"http:\/\/yazarlar.eu\/yucel\/images\/CY-3B.jpg\" border=\"0\" alt=\"can y\u00fccel\" title=\"can y\u00fccel\" width=\"155\" height=\"205\" align=\"left\" style=\"margin-left: 3px; margin-right: 3px; float: left; border: 0;\" \/><\/span><\/p>\n<p style=\"text-align: justify;\">\u015e\u00fcphesiz ki ya\u015fam\u0131 tersten ya\u015famak daha g\u00fczel, hatta m\u00fckemmel olurdu. Nas\u0131l m\u0131?<\/p>\n<p style=\"text-align: justify;\">Cami\u2019de uyan\u0131yorsunuz.<\/p>\n<p style=\"text-align: justify;\">Bir tahta sand\u0131k i\u00e7erisinde, herkes kar\u015f\u0131n\u0131zda saf durmu\u015f, iyili\u011finize dua ediyor ve t\u00fcm haklar helal edilmi\u015f vaziyette tabuttan do\u011fruluyorsunuz, ya\u015fl\u0131, olgun, ve a\u011f\u0131rba\u015fl\u0131 olarak.<\/p>\n<p style=\"text-align: justify;\">Herkes etraf\u0131n\u0131zda, b\u00fcy\u00fck bir itibar, iltifatl var, \u00e7ocuklar torunlar hepsi haz\u0131r.<\/p>\n<p style=\"text-align: justify;\">Araban\u0131za kurulup evinize gidiyorsunuz.<\/p>\n<p style=\"text-align: justify;\">Do\u011far do\u011fmaz devlet size maa\u015f ba\u011fl\u0131yor, ayl\u0131k veya \u00fc\u00e7 ayda bir maa\u015f\u0131n\u0131z\u0131 al\u0131yorsunuz.<\/p>\n<p style=\"text-align: justify;\">Ne g\u00fczel, haz\u0131r maa\u015f, haz\u0131r ev\u2026<\/p>\n<p style=\"text-align: justify;\">Altm\u0131\u015fl\u0131 yaslara kadar garanti, huzur i\u00e7inde ya\u015f\u0131yorsunuz.<\/p>\n<p style=\"text-align: justify;\">Sa\u011fl\u0131\u011f\u0131n\u0131z gittik\u00e7e d\u00fczeliyor, kaslar g\u00fc\u00e7leniyor, kuvvetleniyorsunuz.<\/p>\n<p style=\"text-align: justify;\">Bir g\u00fcn \u00e7al\u0131\u015fmak istiyorsunuz ve ise ilk ba\u015flad\u0131\u011f\u0131n\u0131z g\u00fcn size ho\u015f geldin hediyesi olarak bir plaket ve alt\u0131n kol saati veriyor patronunuz.. ve genel m\u00fcd\u00fcrl\u00fck veya bunun gibi y\u00fcksek bir makamdan tecr\u00fcbeli bir insan olarak ise ba\u015fl\u0131yorsunuz&#8230;<\/p>\n<p style=\"text-align: justify;\">Herkes kars\u0131n\u0131zda el pen\u00e7e divan\u2026<br \/> V\u00fccudunuzda da baz\u0131 ho\u015fa giden hareketler de ba\u015fl\u0131yor.<br \/> Gittik\u00e7e zay\u0131fl\u0131yor forma giriyorsunuz.<br \/> Di\u011fer hormonal aktiviteler art\u0131yor, fevkalade\u2026..aman ne g\u00fczel g\u00fcnler ba\u015fl\u0131yor\u2026 derken bir g\u00fcn patron size art\u0131k \u00fcniversiteye gitsen daha iyi olur diyor.<br \/> Bu arada baban\u0131z ortaya \u00e7\u0131km\u0131\u015f, \u2018fazla \u00e7al\u0131\u015ft\u0131n\u2019 diyor \u2018art\u0131k eve d\u00f6n, i\u015fi b\u0131rak, okumaya basla, har\u00e7l\u0131\u011f\u0131n benden olsun\u2026\u2019<br \/> Keyfe bakar m\u0131s\u0131n\u0131z?<br \/> Okudu\u011funuz dersler gittik\u00e7e kolayla\u015f\u0131yor. Ekmek elden, su g\u00f6lden bir d\u00f6nem ba\u015fl\u0131yor.<br \/> Partiler, diskotekler, k\u0131zlar\u0131n say\u0131s\u0131 art\u0131yor.<br \/> Derken anne ve baban\u0131z sizi g\u00f6t\u00fcr\u00fcp getirmeye ba\u015fl\u0131 yor, araba kullanma derdi de yok art\u0131k\u2026.<br \/> G\u00fcn\u00fcn birinde sizi okuldan da al\u0131yorlar, \u2018evde otur, keyfine bak, oyuncaklar\u0131nla oyna\u2019 diyorlar.<br \/> Maman\u0131z a\u011fz\u0131n\u0131za veriliyor, zaman zaman alt\u0131n\u0131z\u0131 bile temizliyorlar, hatta bu durum al\u0131\u015fkanl\u0131k yarat\u0131yor ve hi\u00e7 tuvalet kullanmamaya ba\u015fl\u0131yorsunuz.<br \/> Derken anneniz bir g\u00fcn size s\u00fct verme karar\u0131n\u0131 al\u0131yor ve ba\u015fka bir keyifli d\u00f6nem ba\u015fl\u0131yor.<br \/> Mama art\u0131k her yerde, her an ve en taze \u015feklinde haz\u0131r.<br \/> Bir g\u00fcn karanl\u0131k \u0131l\u0131k ve s\u0131cak bir ortama giriyorsunuz. &lt; Beslenmek i\u00e7in a\u011fz\u0131n\u0131z\u0131 a\u00e7maya dahi gerek yok, bir kordondan besleniyor, s\u0131cac\u0131k, yumu\u015fac\u0131k, g\u00fcr\u00fclt\u00fc ve pat\u0131rt\u0131s\u0131z bir ortamda ya\u015f\u0131yorsunuz.<br \/> K\u00fc\u00e7\u00fcl\u00fcyor, k\u00fc\u00e7\u00fcl\u00fcyor, ufac\u0131k bir h\u00fccre halini al\u0131yorsunuz.<br \/> Veeeeee\u2026.<br \/> En g\u00fczeli deeee\u2026\u2026<br \/> G\u00fcn\u00fcn birinde m\u00fcthi\u015f keyifli bir geceyle hayatiniz bitiyor\u2026<\/p>\n<p style=\"text-align: justify;\">Can Y\u00dcCEL<\/p>\n","protected":false},"excerpt":{"rendered":"<p>\u015e\u00fcphesiz ki ya\u015fam\u0131 tersten ya\u015famak daha g\u00fczel, hatta m\u00fckemmel olurdu. Nas\u0131l m\u0131? Cami\u2019de uyan\u0131yorsunuz. Bir tahta sand\u0131k i\u00e7erisinde, herkes kar\u015f\u0131n\u0131zda saf durmu\u015f, iyili\u011finize dua ediyor ve t\u00fcm haklar helal edilmi\u015f vaziyette tabuttan do\u011fruluyorsunuz, ya\u015fl\u0131, olgun, ve a\u011f\u0131rba\u015fl\u0131 olarak. Herkes etraf\u0131n\u0131zda, b\u00fcy\u00fck bir itibar, iltifatl var, \u00e7ocuklar torunlar hepsi haz\u0131r. Araban\u0131za kurulup evinize gidiyorsunuz. Do\u011far do\u011fmaz [&hellip;]<\/p>\n","protected":false},"author":1,"featured_media":0,"comment_status":"open","ping_status":"open","sticky":false,"template":"","format":"standard","meta":{"footnotes":""},"categories":[122],"tags":[],"class_list":{"0":"post-2843","1":"post","2":"type-post","3":"status-publish","4":"format-standard","6":"category-sair-e-dair"},"yoast_head":"<!-- This site is optimized with the Yoast SEO Premium plugin v24.9 (Yoast SEO v24.9) - https:\/\/yoast.com\/wordpress\/plugins\/seo\/ -->\n<title>Ya\u015fam\u0131n en tats\u0131z taraf\u0131 sona eri\u015f \u015feklidir | Tersten ya\u015famak - Can Y\u00fccel - narteks.net<\/title>\n<meta name=\"robots\" content=\"index, follow, max-snippet:-1, max-image-preview:large, max-video-preview:-1\" \/>\n<link rel=\"canonical\" href=\"https:\/\/narteks.net\/index.php\/2010\/01\/08\/yasamin-en-tatsiz-tarafi-sona-eris-seklidir-tersten-yasamak-can-yucel\/\" \/>\n<meta property=\"og:locale\" content=\"tr_TR\" \/>\n<meta property=\"og:type\" content=\"article\" \/>\n<meta property=\"og:title\" content=\"Ya\u015fam\u0131n en tats\u0131z taraf\u0131 sona eri\u015f \u015feklidir | Tersten ya\u015famak - Can Y\u00fccel\" \/>\n<meta property=\"og:description\" content=\"\u015e\u00fcphesiz ki ya\u015fam\u0131 tersten ya\u015famak daha g\u00fczel, hatta m\u00fckemmel olurdu. Nas\u0131l m\u0131? Cami\u2019de uyan\u0131yorsunuz. Bir tahta sand\u0131k i\u00e7erisinde, herkes kar\u015f\u0131n\u0131zda saf durmu\u015f, iyili\u011finize dua ediyor ve t\u00fcm haklar helal edilmi\u015f vaziyette tabuttan do\u011fruluyorsunuz, ya\u015fl\u0131, olgun, ve a\u011f\u0131rba\u015fl\u0131 olarak. Herkes etraf\u0131n\u0131zda, b\u00fcy\u00fck bir itibar, iltifatl var, \u00e7ocuklar torunlar hepsi haz\u0131r. Araban\u0131za kurulup evinize gidiyorsunuz. Do\u011far do\u011fmaz [&hellip;]\" \/>\n<meta property=\"og:url\" content=\"https:\/\/narteks.net\/index.php\/2010\/01\/08\/yasamin-en-tatsiz-tarafi-sona-eris-seklidir-tersten-yasamak-can-yucel\/\" \/>\n<meta property=\"og:site_name\" content=\"narteks.net\" \/>\n<meta property=\"article:published_time\" content=\"2010-01-07T22:00:00+00:00\" \/>\n<meta property=\"og:image\" content=\"http:\/\/yazarlar.eu\/yucel\/images\/CY-3B.jpg\" \/>\n<meta name=\"author\" content=\"Tar\u0131k\" \/>\n<meta name=\"twitter:card\" content=\"summary_large_image\" \/>\n<meta name=\"twitter:creator\" content=\"@narteks\" \/>\n<meta name=\"twitter:site\" content=\"@narteks\" \/>\n<meta name=\"twitter:label1\" content=\"Yazan:\" \/>\n\t<meta name=\"twitter:data1\" content=\"Tar\u0131k\" \/>\n\t<meta name=\"twitter:label2\" content=\"Tahmini okuma s\u00fcresi\" \/>\n\t<meta name=\"twitter:data2\" content=\"2 dakika\" \/>\n<script type=\"application\/ld+json\" class=\"yoast-schema-graph\">{\"@context\":\"https:\/\/schema.org\",\"@graph\":[{\"@type\":\"Article\",\"@id\":\"https:\/\/narteks.net\/index.php\/2010\/01\/08\/yasamin-en-tatsiz-tarafi-sona-eris-seklidir-tersten-yasamak-can-yucel\/#article\",\"isPartOf\":{\"@id\":\"https:\/\/narteks.net\/index.php\/2010\/01\/08\/yasamin-en-tatsiz-tarafi-sona-eris-seklidir-tersten-yasamak-can-yucel\/\"},\"author\":{\"name\":\"Tar\u0131k\",\"@id\":\"https:\/\/narteks.net\/#\/schema\/person\/61f37d9834294b72d31d274e7ed79bca\"},\"headline\":\"Ya\u015fam\u0131n en tats\u0131z taraf\u0131 sona eri\u015f \u015feklidir | Tersten ya\u015famak &#8211; Can Y\u00fccel\",\"datePublished\":\"2010-01-07T22:00:00+00:00\",\"mainEntityOfPage\":{\"@id\":\"https:\/\/narteks.net\/index.php\/2010\/01\/08\/yasamin-en-tatsiz-tarafi-sona-eris-seklidir-tersten-yasamak-can-yucel\/\"},\"wordCount\":495,\"commentCount\":0,\"publisher\":{\"@id\":\"https:\/\/narteks.net\/#organization\"},\"image\":{\"@id\":\"https:\/\/narteks.net\/index.php\/2010\/01\/08\/yasamin-en-tatsiz-tarafi-sona-eris-seklidir-tersten-yasamak-can-yucel\/#primaryimage\"},\"thumbnailUrl\":\"http:\/\/yazarlar.eu\/yucel\/images\/CY-3B.jpg\",\"articleSection\":[\"\u015eair'e Dair\"],\"inLanguage\":\"tr\",\"potentialAction\":[{\"@type\":\"CommentAction\",\"name\":\"Comment\",\"target\":[\"https:\/\/narteks.net\/index.php\/2010\/01\/08\/yasamin-en-tatsiz-tarafi-sona-eris-seklidir-tersten-yasamak-can-yucel\/#respond\"]}]},{\"@type\":\"WebPage\",\"@id\":\"https:\/\/narteks.net\/index.php\/2010\/01\/08\/yasamin-en-tatsiz-tarafi-sona-eris-seklidir-tersten-yasamak-can-yucel\/\",\"url\":\"https:\/\/narteks.net\/index.php\/2010\/01\/08\/yasamin-en-tatsiz-tarafi-sona-eris-seklidir-tersten-yasamak-can-yucel\/\",\"name\":\"Ya\u015fam\u0131n en tats\u0131z taraf\u0131 sona eri\u015f \u015feklidir | Tersten ya\u015famak - Can Y\u00fccel - narteks.net\",\"isPartOf\":{\"@id\":\"https:\/\/narteks.net\/#website\"},\"primaryImageOfPage\":{\"@id\":\"https:\/\/narteks.net\/index.php\/2010\/01\/08\/yasamin-en-tatsiz-tarafi-sona-eris-seklidir-tersten-yasamak-can-yucel\/#primaryimage\"},\"image\":{\"@id\":\"https:\/\/narteks.net\/index.php\/2010\/01\/08\/yasamin-en-tatsiz-tarafi-sona-eris-seklidir-tersten-yasamak-can-yucel\/#primaryimage\"},\"thumbnailUrl\":\"http:\/\/yazarlar.eu\/yucel\/images\/CY-3B.jpg\",\"datePublished\":\"2010-01-07T22:00:00+00:00\",\"breadcrumb\":{\"@id\":\"https:\/\/narteks.net\/index.php\/2010\/01\/08\/yasamin-en-tatsiz-tarafi-sona-eris-seklidir-tersten-yasamak-can-yucel\/#breadcrumb\"},\"inLanguage\":\"tr\",\"potentialAction\":[{\"@type\":\"ReadAction\",\"target\":[\"https:\/\/narteks.net\/index.php\/2010\/01\/08\/yasamin-en-tatsiz-tarafi-sona-eris-seklidir-tersten-yasamak-can-yucel\/\"]}]},{\"@type\":\"ImageObject\",\"inLanguage\":\"tr\",\"@id\":\"https:\/\/narteks.net\/index.php\/2010\/01\/08\/yasamin-en-tatsiz-tarafi-sona-eris-seklidir-tersten-yasamak-can-yucel\/#primaryimage\",\"url\":\"http:\/\/yazarlar.eu\/yucel\/images\/CY-3B.jpg\",\"contentUrl\":\"http:\/\/yazarlar.eu\/yucel\/images\/CY-3B.jpg\"},{\"@type\":\"BreadcrumbList\",\"@id\":\"https:\/\/narteks.net\/index.php\/2010\/01\/08\/yasamin-en-tatsiz-tarafi-sona-eris-seklidir-tersten-yasamak-can-yucel\/#breadcrumb\",\"itemListElement\":[{\"@type\":\"ListItem\",\"position\":1,\"name\":\"Anasayfa\",\"item\":\"https:\/\/narteks.net\/\"},{\"@type\":\"ListItem\",\"position\":2,\"name\":\"Ya\u015fam\u0131n en tats\u0131z taraf\u0131 sona eri\u015f \u015feklidir | Tersten ya\u015famak &#8211; Can Y\u00fccel\"}]},{\"@type\":\"WebSite\",\"@id\":\"https:\/\/narteks.net\/#website\",\"url\":\"https:\/\/narteks.net\/\",\"name\":\"narteks.net\",\"description\":\"K\u00fclt\u00fcr Sanat Edebiyat Felsefe\",\"publisher\":{\"@id\":\"https:\/\/narteks.net\/#organization\"},\"alternateName\":\"K\u00fclt\u00fcr Sanat Edebiyat Felsefe\",\"potentialAction\":[{\"@type\":\"SearchAction\",\"target\":{\"@type\":\"EntryPoint\",\"urlTemplate\":\"https:\/\/narteks.net\/?s={search_term_string}\"},\"query-input\":{\"@type\":\"PropertyValueSpecification\",\"valueRequired\":true,\"valueName\":\"search_term_string\"}}],\"inLanguage\":\"tr\"},{\"@type\":\"Organization\",\"@id\":\"https:\/\/narteks.net\/#organization\",\"name\":\"narteks.net\",\"url\":\"https:\/\/narteks.net\/\",\"logo\":{\"@type\":\"ImageObject\",\"inLanguage\":\"tr\",\"@id\":\"https:\/\/narteks.net\/#\/schema\/logo\/image\/\",\"url\":\"https:\/\/narteks.net\/wp-content\/uploads\/narteks.png\",\"contentUrl\":\"https:\/\/narteks.net\/wp-content\/uploads\/narteks.png\",\"width\":300,\"height\":90,\"caption\":\"narteks.net\"},\"image\":{\"@id\":\"https:\/\/narteks.net\/#\/schema\/logo\/image\/\"},\"sameAs\":[\"https:\/\/x.com\/narteks\",\"https:\/\/instagram.com\/narteksnet\"]},{\"@type\":\"Person\",\"@id\":\"https:\/\/narteks.net\/#\/schema\/person\/61f37d9834294b72d31d274e7ed79bca\",\"name\":\"Tar\u0131k\",\"image\":{\"@type\":\"ImageObject\",\"inLanguage\":\"tr\",\"@id\":\"https:\/\/narteks.net\/#\/schema\/person\/image\/\",\"url\":\"https:\/\/secure.gravatar.com\/avatar\/50865afb55632c4ae467e0af0930f6510aa2297d8014be502a55b14f3b7550cf?s=96&d=mm&r=g\",\"contentUrl\":\"https:\/\/secure.gravatar.com\/avatar\/50865afb55632c4ae467e0af0930f6510aa2297d8014be502a55b14f3b7550cf?s=96&d=mm&r=g\",\"caption\":\"Tar\u0131k\"},\"sameAs\":[\"http:\/\/narteks.net\"],\"url\":\"https:\/\/narteks.net\/index.php\/author\/narbak\/\"}]}<\/script>\n<!-- \/ Yoast SEO Premium plugin. -->","yoast_head_json":{"title":"Ya\u015fam\u0131n en tats\u0131z taraf\u0131 sona eri\u015f \u015feklidir | Tersten ya\u015famak - Can Y\u00fccel - narteks.net","robots":{"index":"index","follow":"follow","max-snippet":"max-snippet:-1","max-image-preview":"max-image-preview:large","max-video-preview":"max-video-preview:-1"},"canonical":"https:\/\/narteks.net\/index.php\/2010\/01\/08\/yasamin-en-tatsiz-tarafi-sona-eris-seklidir-tersten-yasamak-can-yucel\/","og_locale":"tr_TR","og_type":"article","og_title":"Ya\u015fam\u0131n en tats\u0131z taraf\u0131 sona eri\u015f \u015feklidir | Tersten ya\u015famak - Can Y\u00fccel","og_description":"\u015e\u00fcphesiz ki ya\u015fam\u0131 tersten ya\u015famak daha g\u00fczel, hatta m\u00fckemmel olurdu. Nas\u0131l m\u0131? Cami\u2019de uyan\u0131yorsunuz. Bir tahta sand\u0131k i\u00e7erisinde, herkes kar\u015f\u0131n\u0131zda saf durmu\u015f, iyili\u011finize dua ediyor ve t\u00fcm haklar helal edilmi\u015f vaziyette tabuttan do\u011fruluyorsunuz, ya\u015fl\u0131, olgun, ve a\u011f\u0131rba\u015fl\u0131 olarak. Herkes etraf\u0131n\u0131zda, b\u00fcy\u00fck bir itibar, iltifatl var, \u00e7ocuklar torunlar hepsi haz\u0131r. Araban\u0131za kurulup evinize gidiyorsunuz. Do\u011far do\u011fmaz [&hellip;]","og_url":"https:\/\/narteks.net\/index.php\/2010\/01\/08\/yasamin-en-tatsiz-tarafi-sona-eris-seklidir-tersten-yasamak-can-yucel\/","og_site_name":"narteks.net","article_published_time":"2010-01-07T22:00:00+00:00","og_image":[{"url":"http:\/\/yazarlar.eu\/yucel\/images\/CY-3B.jpg","type":"","width":"","height":""}],"author":"Tar\u0131k","twitter_card":"summary_large_image","twitter_creator":"@narteks","twitter_site":"@narteks","twitter_misc":{"Yazan:":"Tar\u0131k","Tahmini okuma s\u00fcresi":"2 dakika"},"schema":{"@context":"https:\/\/schema.org","@graph":[{"@type":"Article","@id":"https:\/\/narteks.net\/index.php\/2010\/01\/08\/yasamin-en-tatsiz-tarafi-sona-eris-seklidir-tersten-yasamak-can-yucel\/#article","isPartOf":{"@id":"https:\/\/narteks.net\/index.php\/2010\/01\/08\/yasamin-en-tatsiz-tarafi-sona-eris-seklidir-tersten-yasamak-can-yucel\/"},"author":{"name":"Tar\u0131k","@id":"https:\/\/narteks.net\/#\/schema\/person\/61f37d9834294b72d31d274e7ed79bca"},"headline":"Ya\u015fam\u0131n en tats\u0131z taraf\u0131 sona eri\u015f \u015feklidir | Tersten ya\u015famak &#8211; Can Y\u00fccel","datePublished":"2010-01-07T22:00:00+00:00","mainEntityOfPage":{"@id":"https:\/\/narteks.net\/index.php\/2010\/01\/08\/yasamin-en-tatsiz-tarafi-sona-eris-seklidir-tersten-yasamak-can-yucel\/"},"wordCount":495,"commentCount":0,"publisher":{"@id":"https:\/\/narteks.net\/#organization"},"image":{"@id":"https:\/\/narteks.net\/index.php\/2010\/01\/08\/yasamin-en-tatsiz-tarafi-sona-eris-seklidir-tersten-yasamak-can-yucel\/#primaryimage"},"thumbnailUrl":"http:\/\/yazarlar.eu\/yucel\/images\/CY-3B.jpg","articleSection":["\u015eair'e Dair"],"inLanguage":"tr","potentialAction":[{"@type":"CommentAction","name":"Comment","target":["https:\/\/narteks.net\/index.php\/2010\/01\/08\/yasamin-en-tatsiz-tarafi-sona-eris-seklidir-tersten-yasamak-can-yucel\/#respond"]}]},{"@type":"WebPage","@id":"https:\/\/narteks.net\/index.php\/2010\/01\/08\/yasamin-en-tatsiz-tarafi-sona-eris-seklidir-tersten-yasamak-can-yucel\/","url":"https:\/\/narteks.net\/index.php\/2010\/01\/08\/yasamin-en-tatsiz-tarafi-sona-eris-seklidir-tersten-yasamak-can-yucel\/","name":"Ya\u015fam\u0131n en tats\u0131z taraf\u0131 sona eri\u015f \u015feklidir | Tersten ya\u015famak - Can Y\u00fccel - narteks.net","isPartOf":{"@id":"https:\/\/narteks.net\/#website"},"primaryImageOfPage":{"@id":"https:\/\/narteks.net\/index.php\/2010\/01\/08\/yasamin-en-tatsiz-tarafi-sona-eris-seklidir-tersten-yasamak-can-yucel\/#primaryimage"},"image":{"@id":"https:\/\/narteks.net\/index.php\/2010\/01\/08\/yasamin-en-tatsiz-tarafi-sona-eris-seklidir-tersten-yasamak-can-yucel\/#primaryimage"},"thumbnailUrl":"http:\/\/yazarlar.eu\/yucel\/images\/CY-3B.jpg","datePublished":"2010-01-07T22:00:00+00:00","breadcrumb":{"@id":"https:\/\/narteks.net\/index.php\/2010\/01\/08\/yasamin-en-tatsiz-tarafi-sona-eris-seklidir-tersten-yasamak-can-yucel\/#breadcrumb"},"inLanguage":"tr","potentialAction":[{"@type":"ReadAction","target":["https:\/\/narteks.net\/index.php\/2010\/01\/08\/yasamin-en-tatsiz-tarafi-sona-eris-seklidir-tersten-yasamak-can-yucel\/"]}]},{"@type":"ImageObject","inLanguage":"tr","@id":"https:\/\/narteks.net\/index.php\/2010\/01\/08\/yasamin-en-tatsiz-tarafi-sona-eris-seklidir-tersten-yasamak-can-yucel\/#primaryimage","url":"http:\/\/yazarlar.eu\/yucel\/images\/CY-3B.jpg","contentUrl":"http:\/\/yazarlar.eu\/yucel\/images\/CY-3B.jpg"},{"@type":"BreadcrumbList","@id":"https:\/\/narteks.net\/index.php\/2010\/01\/08\/yasamin-en-tatsiz-tarafi-sona-eris-seklidir-tersten-yasamak-can-yucel\/#breadcrumb","itemListElement":[{"@type":"ListItem","position":1,"name":"Anasayfa","item":"https:\/\/narteks.net\/"},{"@type":"ListItem","position":2,"name":"Ya\u015fam\u0131n en tats\u0131z taraf\u0131 sona eri\u015f \u015feklidir | Tersten ya\u015famak &#8211; Can Y\u00fccel"}]},{"@type":"WebSite","@id":"https:\/\/narteks.net\/#website","url":"https:\/\/narteks.net\/","name":"narteks.net","description":"K\u00fclt\u00fcr Sanat Edebiyat Felsefe","publisher":{"@id":"https:\/\/narteks.net\/#organization"},"alternateName":"K\u00fclt\u00fcr Sanat Edebiyat Felsefe","potentialAction":[{"@type":"SearchAction","target":{"@type":"EntryPoint","urlTemplate":"https:\/\/narteks.net\/?s={search_term_string}"},"query-input":{"@type":"PropertyValueSpecification","valueRequired":true,"valueName":"search_term_string"}}],"inLanguage":"tr"},{"@type":"Organization","@id":"https:\/\/narteks.net\/#organization","name":"narteks.net","url":"https:\/\/narteks.net\/","logo":{"@type":"ImageObject","inLanguage":"tr","@id":"https:\/\/narteks.net\/#\/schema\/logo\/image\/","url":"https:\/\/narteks.net\/wp-content\/uploads\/narteks.png","contentUrl":"https:\/\/narteks.net\/wp-content\/uploads\/narteks.png","width":300,"height":90,"caption":"narteks.net"},"image":{"@id":"https:\/\/narteks.net\/#\/schema\/logo\/image\/"},"sameAs":["https:\/\/x.com\/narteks","https:\/\/instagram.com\/narteksnet"]},{"@type":"Person","@id":"https:\/\/narteks.net\/#\/schema\/person\/61f37d9834294b72d31d274e7ed79bca","name":"Tar\u0131k","image":{"@type":"ImageObject","inLanguage":"tr","@id":"https:\/\/narteks.net\/#\/schema\/person\/image\/","url":"https:\/\/secure.gravatar.com\/avatar\/50865afb55632c4ae467e0af0930f6510aa2297d8014be502a55b14f3b7550cf?s=96&d=mm&r=g","contentUrl":"https:\/\/secure.gravatar.com\/avatar\/50865afb55632c4ae467e0af0930f6510aa2297d8014be502a55b14f3b7550cf?s=96&d=mm&r=g","caption":"Tar\u0131k"},"sameAs":["http:\/\/narteks.net"],"url":"https:\/\/narteks.net\/index.php\/author\/narbak\/"}]}},"_links":{"self":[{"href":"https:\/\/narteks.net\/index.php\/wp-json\/wp\/v2\/posts\/2843","targetHints":{"allow":["GET"]}}],"collection":[{"href":"https:\/\/narteks.net\/index.php\/wp-json\/wp\/v2\/posts"}],"about":[{"href":"https:\/\/narteks.net\/index.php\/wp-json\/wp\/v2\/types\/post"}],"author":[{"embeddable":true,"href":"https:\/\/narteks.net\/index.php\/wp-json\/wp\/v2\/users\/1"}],"replies":[{"embeddable":true,"href":"https:\/\/narteks.net\/index.php\/wp-json\/wp\/v2\/comments?post=2843"}],"version-history":[{"count":0,"href":"https:\/\/narteks.net\/index.php\/wp-json\/wp\/v2\/posts\/2843\/revisions"}],"wp:attachment":[{"href":"https:\/\/narteks.net\/index.php\/wp-json\/wp\/v2\/media?parent=2843"}],"wp:term":[{"taxonomy":"category","embeddable":true,"href":"https:\/\/narteks.net\/index.php\/wp-json\/wp\/v2\/categories?post=2843"},{"taxonomy":"post_tag","embeddable":true,"href":"https:\/\/narteks.net\/index.php\/wp-json\/wp\/v2\/tags?post=2843"}],"curies":[{"name":"wp","href":"https:\/\/api.w.org\/{rel}","templated":true}]}}