{"id":2846,"date":"2009-12-10T22:03:53","date_gmt":"2009-12-10T19:03:53","guid":{"rendered":"http:\/\/localhost\/wordpress\/2009\/12\/10\/gozalti-tutuklama-yasaklama-susmayan-bir-yurek-grup-yorum\/"},"modified":"2009-12-10T22:03:53","modified_gmt":"2009-12-10T19:03:53","slug":"gozalti-tutuklama-yasaklama-susmayan-bir-yurek-grup-yorum","status":"publish","type":"post","link":"https:\/\/narteks.net\/index.php\/2009\/12\/10\/gozalti-tutuklama-yasaklama-susmayan-bir-yurek-grup-yorum\/","title":{"rendered":"G\u00f6zalt\u0131 \/ Tutuklama \/ Yasaklama | Susmayan bir y\u00fcrek &#8211; Grup Yorum"},"content":{"rendered":"<p style=\"text-align: justify;\"><span style=\"color: #000000;\"><img loading=\"lazy\" decoding=\"async\" src=\"images\/stories\/grup-yorum.jpg\" border=\"0\" width=\"155\" height=\"205\" style=\"float: left;\" \/><\/span><span style=\"color: #000000;\">1985 y\u0131l\u0131nda 4 \u00fcniversite \u00f6\u011frencisi taraf\u0131ndan \u0130stanbul\u2019da kurulan bir m\u00fczik grubudur. Ba\u015flarda, Ruhi Su, Mahzuni \u015eerif, Inti Illimani, Victor Jara, Quilapayun ve Theodorakis\u2019ten etkilenen grup, Anadolu\u2019nun ve \u00fczerinde ya\u015fayan halklar\u0131n sesini, devrimci-sosyalist bir m\u00fczik anlay\u0131\u015f\u0131yla duyurdu. T\u00fcrkiye\u2019de 1980 y\u0131l\u0131nda ger\u00e7ekle\u015fen askeri darbeye ve sonras\u0131ndaki politikalara tepki amac\u0131yla kurulan Yorum m\u00fczik grubu olman\u0131n d\u0131\u015f\u0131nda, muhalif duyarl\u0131l\u0131\u011f\u0131n, e\u015fitlik ve \u00f6zg\u00fcrl\u00fck m\u00fccadelesinin \u00f6nemli bir ismi olmu\u015ftur.<\/span><\/p>\n<p><span style=\"color: #000000;\"> <\/span><\/p>\n<p align=\"justify\"><span style=\"color: #000000;\">\u0130lk \u00e7al\u0131\u015fmas\u0131 olan \u201cS\u0131yr\u0131l\u0131p Gelen\u201d, Metin Kahraman, Kemal Kahraman, Tuncay Akdo\u011fan, G\u00fclbahar Uluer, Ay\u015feg\u00fcl Yordam ve Efkan \u015ee\u015fen gibi \u015fimdilerde ba\u011f\u0131ms\u0131z \u00e7al\u0131\u015fan elemanlarla Ekim 1987\u2019de \u00e7\u0131kt\u0131. Grup YORUM ikinci alb\u00fcmleri \u201cBerivan \u2013 Haziran\u2019da \u00d6lmek Zor\u201d u Ekim 1988\u2019de \u00e7\u0131kard\u0131. Bu alb\u00fcmde \u0130lkay Akkaya, Efkan \u015ee\u015fen, Tuncay Akdo\u011fan, Metin-Kemal Kahraman, Kemal Sahir G\u00fcrel,Serdar Keskin gibi elemanlar yerald\u0131. \u00dc\u00e7\u00fcnc\u00fc alb\u00fcmleri \u201cT\u00fcrk\u00fclerle\u201d Nisan 1989\u2019da \u00e7\u0131kt\u0131. Tahomas\u2019\u0131n, Wilheim Shakespeare\u2019in \u201cBir ulusun t\u00fcrk\u00fclerini yapanlar yasalar\u0131n\u0131 yapanlardan daha g\u00fc\u00e7l\u00fcd\u00fcr\u201d s\u00f6zlerini kan\u0131tlarcas\u0131na bu alb\u00fcmde Anadolu halk ezgilerine ve t\u00fcrk\u00fclerine yer verildi.<\/span><\/p>\n<p>\u00a0<\/p>\n<p align=\"justify\"><span style=\"color: #000000;\">Grup YORUM, Eyl\u00fcl 1989\u2019da yay\u0131nlanan \u201cCemo-G\u00fcn Gelir\u201d le bug\u00fcnk\u00fc dinleyici profilini yans\u0131tan geni\u015f kitlelere ula\u015ft\u0131. Bu \u00e7al\u0131\u015fmada Hilmi Yaray\u0131c\u0131\u2019da gruba kat\u0131ld\u0131. Grup elemanlar\u0131n\u0131n Mersin Cezaevi\u2019nde tutukluyken yapt\u0131\u011f\u0131 \u00e7al\u0131\u015fmalar yans\u0131t\u0131ld\u0131.<br \/> Eyl\u00fcl 1990\u2019da \u201cGel ki \u015eafaklar Tutu\u015fsun\u201d adl\u0131 alb\u00fcm \u00e7\u0131kar\u0131ld\u0131. Grup YORUM 1991 y\u0131l\u0131nda 2 alb\u00fcm \u00e7al\u0131\u015fmas\u0131 yapt\u0131. \u201cY\u00fcrek \u00c7a\u011fr\u0131s\u0131\u201d May\u0131s 1991\u2019de, \u201cD\u00fcnden Yar\u0131na-T\u00fcrk\u00fcler Susmaz Halaylar S\u00fcrer\u201d Aral\u0131k 1991\u2019de \u00e7\u0131kt\u0131.<\/span><\/p>\n<p align=\"justify\"><span style=\"color: #000000;\">Topluluk 2003 y\u0131l\u0131nda d\u00fcnyan\u0131n \u00f6nde gelen muhalif gruplar\u0131ndan \u201c\u0130NT\u0130 \u0130LL\u0130MAN\u0130\u201d ve Grup Mo\u011follar, Grup Munzur ile birlikte verdi\u011fi konserlerle ba\u015fta \u0130zmir ve Diyarbak\u0131r olmak \u00fczere b\u00fcy\u00fck kitlelere ula\u015ft\u0131. <\/span><\/p>\n<p align=\"justify\"><span style=\"color: #000000;\">\u0130lk kasetinden bug\u00fcne \u00e7a\u011fda\u015f ve geleneksel enstr\u00fcmanlarla \u00e7ok sesli ve akustik m\u00fczik ritmine, Gevheri, Dadalo\u011flu gibi halk ozanlar\u0131n\u0131n t\u00fcrk\u00fcleriyle halk deyi\u015flerine ve g\u00fcn\u00fcm\u00fcz\u00fcn \u015fiirlerine yer verdi: Ahmet Telli, Erol Toy, A.Kadir, Hasan H\u00fcseyin, Ahmed Arif, Arkada\u015f Z.\u00d6zger, \u00dclk\u00fc Tamer, Adnan Y\u00fccel, \u0130smail Uyaro\u011flu, Kemal \u00d6zer, \u0130brahim Karaca, Y\u0131lmaz Odaba\u015f\u0131, Ozan Telli gibi \u015fairlerin dizeleri yan\u0131s\u0131ra, Naz\u0131m Hikmet ve Nihat Behram\u2019\u0131n kendi sesinden okuduklar\u0131 \u015fiirleri yer ald\u0131.<br \/> Yorum, T\u00fcrk\u00e7e d\u0131\u015f\u0131nda, Anadolu\u2019da konu\u015fulan K\u00fcrt\u00e7e,Lazca Arap\u00e7a, \u00c7erkezce dillerinde de \u015fark\u0131lar s\u00f6yl\u00fcyor. M\u00fczi\u011finde, ney, ba\u011flama, kaval gibi yerel \u00e7alg\u0131lar\u0131n yan\u0131 s\u0131ra, ba\u015fta gitar olmak \u00fczere keman ve obua gibi pek \u00e7ok yerel olmayan \u00e7alg\u0131 da kullan\u0131yor. Solo ve koro vokallerin bask\u0131n oldu\u011fu m\u00fczi\u011finde, ritim kompozisyonlar\u0131na ve ezgilere yaslan\u0131yor. Folk-rock olarak de\u011ferlendirilebilecek bu m\u00fczik; \u00fclkenin yerel folk \u015fark\u0131lar\u0131ndan Akdeniz ezgilerine, Latin Amerikal\u0131 mar\u015flardan \u2018rock\u2019a kadar t\u0131n\u0131lar bar\u0131nd\u0131r\u0131yor.<\/span><\/p>\n<p align=\"justify\"><span style=\"color: #000000;\">1987\u2019den ba\u015flayarak hemen her y\u0131l bir alb\u00fcm \u00e7\u0131karan, T\u00fcrkiye\u2019de ve Avrupa\u2019da her y\u0131l onlarca b\u00fcy\u00fck konser veren grup, bunun d\u0131\u015f\u0131nda y\u00fczlerce kitle eylemine, sokak g\u00f6sterisine, greve, fabrika ve \u00fcniversite i\u015fgaline kat\u0131ld\u0131. Grup \u00fcyeleri bu nedenlerle ve m\u00fcziklerinin i\u00e7erik ve sunumundaki muhalif \u00e7izgi nedeniyle pek \u00e7ok g\u00f6zalt\u0131, tutuklama ve yasaklama ile kar\u015f\u0131la\u015ft\u0131. Cd ve kasetleri dahi kur\u015funlanan grubun pek \u00e7ok \u00fcyesi, onlarca kez i\u015fkence g\u00f6rd\u00fc, on y\u0131llara varan hapis cezalar\u0131 ald\u0131.<\/span><\/p>\n<p align=\"justify\"><span style=\"color: #000000;\">Grubun \u015fark\u0131 s\u00f6zlerini, anti-fa\u015fist ve anti-emperyalist m\u00fccadele, hapishane katliamlar\u0131, do\u011fal afetlerin yaratt\u0131\u011f\u0131 y\u0131k\u0131mlar, emperyalist sava\u015flar, \u00f6l\u00fcmler, a\u015fk, erdem ve \u00f6zg\u00fcr bir d\u00fcnyaya duyulan \u00f6zlem gibi konular \u015fekillendiriyor.<\/span><\/p>\n<p>\n<object width=\"400\" height=\"300\" data=\"http:\/\/www.humyo.com\/E\/10044311-281475102305391\/10422871-281475393028799\/10044311-281475102326223\/10044311-281475102331355\/10044311-281475102342679\/10044311-281475102379383\/10044311-281475102409027\/10044311-281475102347041\/10044311-281475102350715\/10044311-281475102356699\/10044311-281475102363611\/10044311-281475102359489?a=VmrqUFOfrhc%2CfyNyrsBpAok%2CyyH8EWrxPLM%2CLRFojnG5h4w%2CpizNh1jdr94%2Cw4CuPGztMrM%2CHjt1zv5QNNc%2CGpr-Ygh96vg%2Cr4s44frcM5Y%2CRboqO2QiyUM%2CuA85E_wvERs%2Cj40rmYIyFtA%2CXdpnP2awDq8%2ClaXap3Ow2eQ%2CxTPE1rqwgzk%2CRDFhe0zS19M%2Cr_W-CC3zC6Q%2C0l59T36JkOI%2CMjBfzZQbdBs%2Cjsp0KOrEIKM%2Cfjs09VzSAtU%2C5T9qafvQYTM%2Cf8bSQnx-eyQ%2C-zjDIblCaKw%2C6KpP5VX3lwQ\" type=\"application\/x-shockwave-flash\"><param name=\"flashvars\" value=\"autostart=true&amp;\" \/><param name=\"src\" value=\"http:\/\/www.humyo.com\/E\/10044311-281475102305391\/10044311-281475102309625\/10044311-281475102326223\/10044311-281475102331355\/10044311-281475102342679\/10044311-281475102379383\/10044311-281475102409027\/10044311-281475102347041\/10044311-281475102350715\/10044311-281475102356699\/10044311-281475102363611\/10044311-281475102359489\/10422871-281475393036839\/10422871-281475393061451\/10422871-281475393032213\/10422871-281475392574859\/10422871-281475393032689?a=VmrqUFOfrhc%2CfyNyrsBpAok%2CyyH8EWrxPLM%2CLRFojnG5h4w%2CpizNh1jdr94%2Cw4CuPGztMrM%2CHjt1zv5QNNc%2CGpr-Ygh96vg%2Cr4s44frcM5Y%2CRboqO2QiyUM%2CuA85E_wvERs%2Cj40rmYIyFtA%2CXdpnP2awDq8%2ClaXap3Ow2eQ%2CxTPE1rqwgzk%2CRDFhe0zS19M%2Cr_W-CC3zC6Q%2C0l59T36JkOI%2CMjBfzZQbdBs%2Cjsp0KOrEIKM%2Cfjs09VzSAtU%2C5T9qafvQYTM%2Cf8bSQnx-eyQ%2C-zjDIblCaKw%2C6KpP5VX3lwQ\" \/><\/object>\n<\/p>\n<p>Alb\u00fcmleri<\/p>\n<p>1. S\u0131yr\u0131l\u0131p Gelen (1986)<br \/> 2. Haziranda \u00d6lmek Zor \/ Berivan (1987)<br \/> 3. T\u00fcrk\u00fclerle (1988)<br \/> 4. Cemo \/ G\u00fcn Gelir (1989)<br \/> 5. Gel ki \u015eafaklar Tutu\u015fsun (1990)<br \/> 6. Y\u00fcrek \u00c7a\u011fr\u0131s\u0131 (1991)<br \/> 7. D\u00fcnden Yar\u0131na (1991)<br \/> 8. Cesaret (1992)<br \/> 9. Hi\u00e7 Durmadan (1993)<br \/> 10. \u0130leri (1995)<br \/> 11. Geliyoruz (1996)<br \/> 12. Mar\u015flar\u0131m\u0131z (1997)<br \/> 13. Boran F\u0131rt\u0131nas\u0131 (1998)<br \/> 14. Kucakla\u015fma (1999)<br \/> 15. 15. Y\u0131l Se\u00e7meler (2000)<br \/> 16. Eyl\u00fcl (2001)<br \/> 17. Feda (2001)<br \/> 18. Biz Var\u0131z (2003)<br \/> 19. Y\u00fcr\u00fcy\u00fc\u015f (2003)<\/p>\n<p>20. Y\u0131ld\u0131zlar Ku\u015fand\u0131k (2006)<\/p>\n","protected":false},"excerpt":{"rendered":"<p>1985 y\u0131l\u0131nda 4 \u00fcniversite \u00f6\u011frencisi taraf\u0131ndan \u0130stanbul\u2019da kurulan bir m\u00fczik grubudur. Ba\u015flarda, Ruhi Su, Mahzuni \u015eerif, Inti Illimani, Victor Jara, Quilapayun ve Theodorakis\u2019ten etkilenen grup, Anadolu\u2019nun ve \u00fczerinde ya\u015fayan halklar\u0131n sesini, devrimci-sosyalist bir m\u00fczik anlay\u0131\u015f\u0131yla duyurdu. T\u00fcrkiye\u2019de 1980 y\u0131l\u0131nda ger\u00e7ekle\u015fen askeri darbeye ve sonras\u0131ndaki politikalara tepki amac\u0131yla kurulan Yorum m\u00fczik grubu olman\u0131n d\u0131\u015f\u0131nda, muhalif duyarl\u0131l\u0131\u011f\u0131n, [&hellip;]<\/p>\n","protected":false},"author":1,"featured_media":0,"comment_status":"open","ping_status":"open","sticky":false,"template":"","format":"standard","meta":{"footnotes":""},"categories":[127],"tags":[],"class_list":{"0":"post-2846","1":"post","2":"type-post","3":"status-publish","4":"format-standard","6":"category-muzik-gruplari"},"yoast_head":"<!-- This site is optimized with the Yoast SEO Premium plugin v24.9 (Yoast SEO v24.9) - https:\/\/yoast.com\/wordpress\/plugins\/seo\/ -->\n<title>G\u00f6zalt\u0131 \/ Tutuklama \/ Yasaklama | Susmayan bir y\u00fcrek - Grup Yorum - narteks.net<\/title>\n<meta name=\"robots\" content=\"index, follow, max-snippet:-1, max-image-preview:large, max-video-preview:-1\" \/>\n<link rel=\"canonical\" href=\"https:\/\/narteks.net\/index.php\/2009\/12\/10\/gozalti-tutuklama-yasaklama-susmayan-bir-yurek-grup-yorum\/\" \/>\n<meta property=\"og:locale\" content=\"tr_TR\" \/>\n<meta property=\"og:type\" content=\"article\" \/>\n<meta property=\"og:title\" content=\"G\u00f6zalt\u0131 \/ Tutuklama \/ Yasaklama | Susmayan bir y\u00fcrek - Grup Yorum\" \/>\n<meta property=\"og:description\" content=\"1985 y\u0131l\u0131nda 4 \u00fcniversite \u00f6\u011frencisi taraf\u0131ndan \u0130stanbul\u2019da kurulan bir m\u00fczik grubudur. Ba\u015flarda, Ruhi Su, Mahzuni \u015eerif, Inti Illimani, Victor Jara, Quilapayun ve Theodorakis\u2019ten etkilenen grup, Anadolu\u2019nun ve \u00fczerinde ya\u015fayan halklar\u0131n sesini, devrimci-sosyalist bir m\u00fczik anlay\u0131\u015f\u0131yla duyurdu. T\u00fcrkiye\u2019de 1980 y\u0131l\u0131nda ger\u00e7ekle\u015fen askeri darbeye ve sonras\u0131ndaki politikalara tepki amac\u0131yla kurulan Yorum m\u00fczik grubu olman\u0131n d\u0131\u015f\u0131nda, muhalif duyarl\u0131l\u0131\u011f\u0131n, [&hellip;]\" \/>\n<meta property=\"og:url\" content=\"https:\/\/narteks.net\/index.php\/2009\/12\/10\/gozalti-tutuklama-yasaklama-susmayan-bir-yurek-grup-yorum\/\" \/>\n<meta property=\"og:site_name\" content=\"narteks.net\" \/>\n<meta property=\"article:published_time\" content=\"2009-12-10T19:03:53+00:00\" \/>\n<meta property=\"og:image\" content=\"https:\/\/narteks.net\/wp-content\/uploads\/narteks.png\" \/>\n\t<meta property=\"og:image:width\" content=\"300\" \/>\n\t<meta property=\"og:image:height\" content=\"90\" \/>\n\t<meta property=\"og:image:type\" content=\"image\/png\" \/>\n<meta name=\"author\" content=\"Tar\u0131k\" \/>\n<meta name=\"twitter:card\" content=\"summary_large_image\" \/>\n<meta name=\"twitter:creator\" content=\"@narteks\" \/>\n<meta name=\"twitter:site\" content=\"@narteks\" \/>\n<meta name=\"twitter:label1\" content=\"Yazan:\" \/>\n\t<meta name=\"twitter:data1\" content=\"Tar\u0131k\" \/>\n\t<meta name=\"twitter:label2\" content=\"Tahmini okuma s\u00fcresi\" \/>\n\t<meta name=\"twitter:data2\" content=\"4 dakika\" \/>\n<script type=\"application\/ld+json\" class=\"yoast-schema-graph\">{\"@context\":\"https:\/\/schema.org\",\"@graph\":[{\"@type\":\"Article\",\"@id\":\"https:\/\/narteks.net\/index.php\/2009\/12\/10\/gozalti-tutuklama-yasaklama-susmayan-bir-yurek-grup-yorum\/#article\",\"isPartOf\":{\"@id\":\"https:\/\/narteks.net\/index.php\/2009\/12\/10\/gozalti-tutuklama-yasaklama-susmayan-bir-yurek-grup-yorum\/\"},\"author\":{\"name\":\"Tar\u0131k\",\"@id\":\"https:\/\/narteks.net\/#\/schema\/person\/61f37d9834294b72d31d274e7ed79bca\"},\"headline\":\"G\u00f6zalt\u0131 \/ Tutuklama \/ Yasaklama | Susmayan bir y\u00fcrek &#8211; Grup Yorum\",\"datePublished\":\"2009-12-10T19:03:53+00:00\",\"mainEntityOfPage\":{\"@id\":\"https:\/\/narteks.net\/index.php\/2009\/12\/10\/gozalti-tutuklama-yasaklama-susmayan-bir-yurek-grup-yorum\/\"},\"wordCount\":740,\"commentCount\":0,\"publisher\":{\"@id\":\"https:\/\/narteks.net\/#organization\"},\"articleSection\":[\"M\u00fczik Gruplar\u0131\"],\"inLanguage\":\"tr\",\"potentialAction\":[{\"@type\":\"CommentAction\",\"name\":\"Comment\",\"target\":[\"https:\/\/narteks.net\/index.php\/2009\/12\/10\/gozalti-tutuklama-yasaklama-susmayan-bir-yurek-grup-yorum\/#respond\"]}]},{\"@type\":\"WebPage\",\"@id\":\"https:\/\/narteks.net\/index.php\/2009\/12\/10\/gozalti-tutuklama-yasaklama-susmayan-bir-yurek-grup-yorum\/\",\"url\":\"https:\/\/narteks.net\/index.php\/2009\/12\/10\/gozalti-tutuklama-yasaklama-susmayan-bir-yurek-grup-yorum\/\",\"name\":\"G\u00f6zalt\u0131 \/ Tutuklama \/ Yasaklama | Susmayan bir y\u00fcrek - Grup Yorum - narteks.net\",\"isPartOf\":{\"@id\":\"https:\/\/narteks.net\/#website\"},\"datePublished\":\"2009-12-10T19:03:53+00:00\",\"breadcrumb\":{\"@id\":\"https:\/\/narteks.net\/index.php\/2009\/12\/10\/gozalti-tutuklama-yasaklama-susmayan-bir-yurek-grup-yorum\/#breadcrumb\"},\"inLanguage\":\"tr\",\"potentialAction\":[{\"@type\":\"ReadAction\",\"target\":[\"https:\/\/narteks.net\/index.php\/2009\/12\/10\/gozalti-tutuklama-yasaklama-susmayan-bir-yurek-grup-yorum\/\"]}]},{\"@type\":\"BreadcrumbList\",\"@id\":\"https:\/\/narteks.net\/index.php\/2009\/12\/10\/gozalti-tutuklama-yasaklama-susmayan-bir-yurek-grup-yorum\/#breadcrumb\",\"itemListElement\":[{\"@type\":\"ListItem\",\"position\":1,\"name\":\"Anasayfa\",\"item\":\"https:\/\/narteks.net\/\"},{\"@type\":\"ListItem\",\"position\":2,\"name\":\"G\u00f6zalt\u0131 \/ Tutuklama \/ Yasaklama | Susmayan bir y\u00fcrek &#8211; Grup Yorum\"}]},{\"@type\":\"WebSite\",\"@id\":\"https:\/\/narteks.net\/#website\",\"url\":\"https:\/\/narteks.net\/\",\"name\":\"narteks.net\",\"description\":\"K\u00fclt\u00fcr Sanat Edebiyat Felsefe\",\"publisher\":{\"@id\":\"https:\/\/narteks.net\/#organization\"},\"alternateName\":\"K\u00fclt\u00fcr Sanat Edebiyat Felsefe\",\"potentialAction\":[{\"@type\":\"SearchAction\",\"target\":{\"@type\":\"EntryPoint\",\"urlTemplate\":\"https:\/\/narteks.net\/?s={search_term_string}\"},\"query-input\":{\"@type\":\"PropertyValueSpecification\",\"valueRequired\":true,\"valueName\":\"search_term_string\"}}],\"inLanguage\":\"tr\"},{\"@type\":\"Organization\",\"@id\":\"https:\/\/narteks.net\/#organization\",\"name\":\"narteks.net\",\"url\":\"https:\/\/narteks.net\/\",\"logo\":{\"@type\":\"ImageObject\",\"inLanguage\":\"tr\",\"@id\":\"https:\/\/narteks.net\/#\/schema\/logo\/image\/\",\"url\":\"https:\/\/narteks.net\/wp-content\/uploads\/narteks.png\",\"contentUrl\":\"https:\/\/narteks.net\/wp-content\/uploads\/narteks.png\",\"width\":300,\"height\":90,\"caption\":\"narteks.net\"},\"image\":{\"@id\":\"https:\/\/narteks.net\/#\/schema\/logo\/image\/\"},\"sameAs\":[\"https:\/\/x.com\/narteks\",\"https:\/\/instagram.com\/narteksnet\"]},{\"@type\":\"Person\",\"@id\":\"https:\/\/narteks.net\/#\/schema\/person\/61f37d9834294b72d31d274e7ed79bca\",\"name\":\"Tar\u0131k\",\"image\":{\"@type\":\"ImageObject\",\"inLanguage\":\"tr\",\"@id\":\"https:\/\/narteks.net\/#\/schema\/person\/image\/\",\"url\":\"https:\/\/secure.gravatar.com\/avatar\/50865afb55632c4ae467e0af0930f6510aa2297d8014be502a55b14f3b7550cf?s=96&d=mm&r=g\",\"contentUrl\":\"https:\/\/secure.gravatar.com\/avatar\/50865afb55632c4ae467e0af0930f6510aa2297d8014be502a55b14f3b7550cf?s=96&d=mm&r=g\",\"caption\":\"Tar\u0131k\"},\"sameAs\":[\"http:\/\/narteks.net\"],\"url\":\"https:\/\/narteks.net\/index.php\/author\/narbak\/\"}]}<\/script>\n<!-- \/ Yoast SEO Premium plugin. -->","yoast_head_json":{"title":"G\u00f6zalt\u0131 \/ Tutuklama \/ Yasaklama | Susmayan bir y\u00fcrek - Grup Yorum - narteks.net","robots":{"index":"index","follow":"follow","max-snippet":"max-snippet:-1","max-image-preview":"max-image-preview:large","max-video-preview":"max-video-preview:-1"},"canonical":"https:\/\/narteks.net\/index.php\/2009\/12\/10\/gozalti-tutuklama-yasaklama-susmayan-bir-yurek-grup-yorum\/","og_locale":"tr_TR","og_type":"article","og_title":"G\u00f6zalt\u0131 \/ Tutuklama \/ Yasaklama | Susmayan bir y\u00fcrek - Grup Yorum","og_description":"1985 y\u0131l\u0131nda 4 \u00fcniversite \u00f6\u011frencisi taraf\u0131ndan \u0130stanbul\u2019da kurulan bir m\u00fczik grubudur. Ba\u015flarda, Ruhi Su, Mahzuni \u015eerif, Inti Illimani, Victor Jara, Quilapayun ve Theodorakis\u2019ten etkilenen grup, Anadolu\u2019nun ve \u00fczerinde ya\u015fayan halklar\u0131n sesini, devrimci-sosyalist bir m\u00fczik anlay\u0131\u015f\u0131yla duyurdu. T\u00fcrkiye\u2019de 1980 y\u0131l\u0131nda ger\u00e7ekle\u015fen askeri darbeye ve sonras\u0131ndaki politikalara tepki amac\u0131yla kurulan Yorum m\u00fczik grubu olman\u0131n d\u0131\u015f\u0131nda, muhalif duyarl\u0131l\u0131\u011f\u0131n, [&hellip;]","og_url":"https:\/\/narteks.net\/index.php\/2009\/12\/10\/gozalti-tutuklama-yasaklama-susmayan-bir-yurek-grup-yorum\/","og_site_name":"narteks.net","article_published_time":"2009-12-10T19:03:53+00:00","og_image":[{"width":300,"height":90,"url":"https:\/\/narteks.net\/wp-content\/uploads\/narteks.png","type":"image\/png"}],"author":"Tar\u0131k","twitter_card":"summary_large_image","twitter_creator":"@narteks","twitter_site":"@narteks","twitter_misc":{"Yazan:":"Tar\u0131k","Tahmini okuma s\u00fcresi":"4 dakika"},"schema":{"@context":"https:\/\/schema.org","@graph":[{"@type":"Article","@id":"https:\/\/narteks.net\/index.php\/2009\/12\/10\/gozalti-tutuklama-yasaklama-susmayan-bir-yurek-grup-yorum\/#article","isPartOf":{"@id":"https:\/\/narteks.net\/index.php\/2009\/12\/10\/gozalti-tutuklama-yasaklama-susmayan-bir-yurek-grup-yorum\/"},"author":{"name":"Tar\u0131k","@id":"https:\/\/narteks.net\/#\/schema\/person\/61f37d9834294b72d31d274e7ed79bca"},"headline":"G\u00f6zalt\u0131 \/ Tutuklama \/ Yasaklama | Susmayan bir y\u00fcrek &#8211; Grup Yorum","datePublished":"2009-12-10T19:03:53+00:00","mainEntityOfPage":{"@id":"https:\/\/narteks.net\/index.php\/2009\/12\/10\/gozalti-tutuklama-yasaklama-susmayan-bir-yurek-grup-yorum\/"},"wordCount":740,"commentCount":0,"publisher":{"@id":"https:\/\/narteks.net\/#organization"},"articleSection":["M\u00fczik Gruplar\u0131"],"inLanguage":"tr","potentialAction":[{"@type":"CommentAction","name":"Comment","target":["https:\/\/narteks.net\/index.php\/2009\/12\/10\/gozalti-tutuklama-yasaklama-susmayan-bir-yurek-grup-yorum\/#respond"]}]},{"@type":"WebPage","@id":"https:\/\/narteks.net\/index.php\/2009\/12\/10\/gozalti-tutuklama-yasaklama-susmayan-bir-yurek-grup-yorum\/","url":"https:\/\/narteks.net\/index.php\/2009\/12\/10\/gozalti-tutuklama-yasaklama-susmayan-bir-yurek-grup-yorum\/","name":"G\u00f6zalt\u0131 \/ Tutuklama \/ Yasaklama | Susmayan bir y\u00fcrek - Grup Yorum - narteks.net","isPartOf":{"@id":"https:\/\/narteks.net\/#website"},"datePublished":"2009-12-10T19:03:53+00:00","breadcrumb":{"@id":"https:\/\/narteks.net\/index.php\/2009\/12\/10\/gozalti-tutuklama-yasaklama-susmayan-bir-yurek-grup-yorum\/#breadcrumb"},"inLanguage":"tr","potentialAction":[{"@type":"ReadAction","target":["https:\/\/narteks.net\/index.php\/2009\/12\/10\/gozalti-tutuklama-yasaklama-susmayan-bir-yurek-grup-yorum\/"]}]},{"@type":"BreadcrumbList","@id":"https:\/\/narteks.net\/index.php\/2009\/12\/10\/gozalti-tutuklama-yasaklama-susmayan-bir-yurek-grup-yorum\/#breadcrumb","itemListElement":[{"@type":"ListItem","position":1,"name":"Anasayfa","item":"https:\/\/narteks.net\/"},{"@type":"ListItem","position":2,"name":"G\u00f6zalt\u0131 \/ Tutuklama \/ Yasaklama | Susmayan bir y\u00fcrek &#8211; Grup Yorum"}]},{"@type":"WebSite","@id":"https:\/\/narteks.net\/#website","url":"https:\/\/narteks.net\/","name":"narteks.net","description":"K\u00fclt\u00fcr Sanat Edebiyat Felsefe","publisher":{"@id":"https:\/\/narteks.net\/#organization"},"alternateName":"K\u00fclt\u00fcr Sanat Edebiyat Felsefe","potentialAction":[{"@type":"SearchAction","target":{"@type":"EntryPoint","urlTemplate":"https:\/\/narteks.net\/?s={search_term_string}"},"query-input":{"@type":"PropertyValueSpecification","valueRequired":true,"valueName":"search_term_string"}}],"inLanguage":"tr"},{"@type":"Organization","@id":"https:\/\/narteks.net\/#organization","name":"narteks.net","url":"https:\/\/narteks.net\/","logo":{"@type":"ImageObject","inLanguage":"tr","@id":"https:\/\/narteks.net\/#\/schema\/logo\/image\/","url":"https:\/\/narteks.net\/wp-content\/uploads\/narteks.png","contentUrl":"https:\/\/narteks.net\/wp-content\/uploads\/narteks.png","width":300,"height":90,"caption":"narteks.net"},"image":{"@id":"https:\/\/narteks.net\/#\/schema\/logo\/image\/"},"sameAs":["https:\/\/x.com\/narteks","https:\/\/instagram.com\/narteksnet"]},{"@type":"Person","@id":"https:\/\/narteks.net\/#\/schema\/person\/61f37d9834294b72d31d274e7ed79bca","name":"Tar\u0131k","image":{"@type":"ImageObject","inLanguage":"tr","@id":"https:\/\/narteks.net\/#\/schema\/person\/image\/","url":"https:\/\/secure.gravatar.com\/avatar\/50865afb55632c4ae467e0af0930f6510aa2297d8014be502a55b14f3b7550cf?s=96&d=mm&r=g","contentUrl":"https:\/\/secure.gravatar.com\/avatar\/50865afb55632c4ae467e0af0930f6510aa2297d8014be502a55b14f3b7550cf?s=96&d=mm&r=g","caption":"Tar\u0131k"},"sameAs":["http:\/\/narteks.net"],"url":"https:\/\/narteks.net\/index.php\/author\/narbak\/"}]}},"_links":{"self":[{"href":"https:\/\/narteks.net\/index.php\/wp-json\/wp\/v2\/posts\/2846","targetHints":{"allow":["GET"]}}],"collection":[{"href":"https:\/\/narteks.net\/index.php\/wp-json\/wp\/v2\/posts"}],"about":[{"href":"https:\/\/narteks.net\/index.php\/wp-json\/wp\/v2\/types\/post"}],"author":[{"embeddable":true,"href":"https:\/\/narteks.net\/index.php\/wp-json\/wp\/v2\/users\/1"}],"replies":[{"embeddable":true,"href":"https:\/\/narteks.net\/index.php\/wp-json\/wp\/v2\/comments?post=2846"}],"version-history":[{"count":0,"href":"https:\/\/narteks.net\/index.php\/wp-json\/wp\/v2\/posts\/2846\/revisions"}],"wp:attachment":[{"href":"https:\/\/narteks.net\/index.php\/wp-json\/wp\/v2\/media?parent=2846"}],"wp:term":[{"taxonomy":"category","embeddable":true,"href":"https:\/\/narteks.net\/index.php\/wp-json\/wp\/v2\/categories?post=2846"},{"taxonomy":"post_tag","embeddable":true,"href":"https:\/\/narteks.net\/index.php\/wp-json\/wp\/v2\/tags?post=2846"}],"curies":[{"name":"wp","href":"https:\/\/api.w.org\/{rel}","templated":true}]}}