{"id":2847,"date":"2010-03-10T01:00:00","date_gmt":"2010-03-09T22:00:00","guid":{"rendered":"http:\/\/localhost\/wordpress\/2010\/03\/10\/genc-olmamizin-verdigi-dinamizm-sanatimizada-yansidi-koma-agire-jiyan-yasam-atesi-ve-sarkilari\/"},"modified":"2010-03-10T01:00:00","modified_gmt":"2010-03-09T22:00:00","slug":"genc-olmamizin-verdigi-dinamizm-sanatimizada-yansidi-koma-agire-jiyan-yasam-atesi-ve-sarkilari","status":"publish","type":"post","link":"https:\/\/narteks.net\/index.php\/2010\/03\/10\/genc-olmamizin-verdigi-dinamizm-sanatimizada-yansidi-koma-agire-jiyan-yasam-atesi-ve-sarkilari\/","title":{"rendered":"Gen\u00e7 olmam\u0131z\u0131n verdi\u011fi dinamizm sanat\u0131m\u0131za&#8217;da yans\u0131d\u0131 | Koma Ag\u0131re jiyan (Ya\u015fam Ate\u015fi) ve \u015fark\u0131lar\u0131"},"content":{"rendered":"<h2><em> <\/em><\/h2>\n<p><em class=\"info\"> <\/em><\/p>\n<p><span style=\"color: #0000ff;\"><img loading=\"lazy\" decoding=\"async\" src=\"images\/stories\/agirejiyan.jpg\" border=\"0\" width=\"155\" height=\"205\" style=\"float: left;\" \/><\/span><strong><span style=\"color: #0000ff;\"> <\/span><\/strong><\/p>\n<p style=\"text-align: justify;\">1990&#8217;da Nail Yurtsever, Ali Ge\u00e7imli ve \u015eener Y\u0131ld\u0131z olmak \u00fczere \u00fc\u00e7 Bing\u00f6l&#8217;l\u00fc gen\u00e7 taraf\u0131ndan &#8220;Koma \u00c7epex\u00e7\u00fbr&#8221; olarak kurulmu\u015ftur. 1992&#8217;de MKM&#8217;nin faaliyetine kat\u0131lm\u0131\u015f ve Nikolay Alekseyevi\u00e7 Ostrovsky&#8217;nin Selam! Ya\u015fam Ate\u015fi adl\u0131 kitab\u0131ndan esinlenerek ad\u0131n\u0131 de\u011fi\u015ftirmi\u015flerdir.\u0130stanbul&#8217;da bulunan Mezopotamya K\u00fclt\u00fcr Merkezi (MKM; K\u00fcrt\u00e7e: Navenda \u00c7anda Mezopotamya: N\u00c7M)&#8217;nin m\u00fczik gruplar\u0131ndan biridir. \u2018Adar\u00ea\u2019 , \u2018Helin\u2019 De were ad\u0131nda \u00fc\u00e7 alb\u00fcm\u00fc var. K\u00fcrt m\u00fczi\u011fini Do\u011fu-Bat\u0131 senteziyle halka sunduklar\u0131n\u0131 s\u00f6yleyen Agir\u00ea Jiyan \u00fcyelerinden Ahmet Tabar; \u201cT\u00fcrkiye\u2019de insanlar sanata ticari mant\u0131kla bakm\u0131yor, ger\u00e7ekten de\u011fer veriyorlar. Yani sanata sanat g\u00f6z\u00fcyle bak\u0131yorlar. Agir\u00ea Jiyan ise do\u011fu\u015fundan beri bu misyonunu korudu. Gen\u00e7 bir\u00a0ekip olarak daha \u00e7ok gen\u00e7li\u011fe hitap eden ve kendi b\u00fcnyesinde gen\u00e7leri bulu\u015fturan bir grup olduk.<\/p>\n<p style=\"text-align: justify;\">Dolays\u0131yla m\u00fczi\u011fimiz de dinamik oldu. Daha canl\u0131, o d\u00f6neme hitap eden m\u00fczikler oldu. Biz 1990\u2032l\u0131 y\u0131llarda m\u00fccadelenin s\u0131cak oldu\u011fu bir d\u00f6nemde yap\u0131land\u0131k. \u0130ster istemez oradan da etkilendik. Gen\u00e7 olmam\u0131z\u0131n verdi\u011fi dinamizmde sanat\u0131m\u0131za yans\u0131d\u0131\u201d<\/p>\n<p style=\"text-align: justify;\"><small><br \/> <\/small>Agir\u00ea Jiyan\u2019\u0131n, m\u00fczi\u011fine y\u00fcklendi\u011fi\u00a0 misyon konusunda ise \u201cT\u00fcrkiyeli halklarla bar\u0131\u015f\u0131k bir \u015fekilde bulu\u015fturmaya \u00e7al\u0131\u015ft\u0131k. Bunu bir noktada ba\u015fard\u0131k diye d\u00fc\u015f\u00fcn\u00fcyorum. \u00c7\u00fcnk\u00fc geldi\u011fimiz noktada Agir\u00ea Jiyan sadece K\u00fcrt halk\u0131n\u0131n ilgilendi\u011fi bir m\u00fczik grubu de\u011fil, Karadeniz\u2019den, Edirne ve Kars\u2019a kadar kendimizi kabul ettirmeyi ba\u015fard\u0131k. Farkl\u0131 ideolojilere sahip insanlar\u0131n d\u0131\u015f\u0131nda, meseleye insanc\u0131l bakan herkesin dinledi\u011fi bir m\u00fczik grubu olduk. \u0130deolojisi olsun veya olmas\u0131n yapt\u0131\u011f\u0131m\u0131z m\u00fczikle k\u00fclt\u00fcr\u00fcm\u00fcz\u00fc m\u00fczi\u011fimize sanat\u0131m\u0131zla yans\u0131tmaya \u00e7al\u0131\u015f\u0131yoruz\u201d diyor<\/p>\n<p style=\"text-align: justify;\">Ag\u0131re Jiyan Bestelerinin konusunu sevgi, sevda a\u015fk \u015fark\u0131lar\u0131, a\u011f\u0131tlar ve oyunlar\u0131n yan\u0131nda toplumsal olgulara de\u011finen \u00f6rne\u011fin 8 Mart D\u00fcnya Emek\u00e7i Kad\u0131nlar G\u00fcn\u00fcyle ilgili de\u00a0beste\u00a0 yapan bir grup.<\/p>\n<p align=\"justify\">\u00a0<\/p>\n<p>\n<object width=\"400\" height=\"315\"><param name=\"movie\" value=\"http:\/\/www.humyo.com\/E\/10044311-281475271748273\/10044311-281475271748579\/10044311-281475271750085\/10044311-281475271751675\/10044311-281475271752825\/10044311-281475271753623\/10044311-281475271754603\/10044311-281475271755391\/10044311-281475271755981\/10044311-281475271756635\/10044311-281475271756749\/10044311-281475271757353\/10044311-281475271757563\/10044311-281475271757725\/10044311-281475271758217\/10044311-281475271759027\/10044311-281475271759501\/10044311-281475271760075\/10044311-281475271760641\/10044311-281475271761185\/10044311-281475271761983\/10044311-281475271762707\/10044311-281475271763601\/10044311-281475271764403\/10044311-281475271764593\/10044311-281475271765857\/10044311-281475271766355\/10044311-281475271766619\/10044311-281475271767215\/10044311-281475271767879\/10044311-281475271768023\/10044311-281475271768343\/10044311-281475271768861\/10044311-281475271769077\/10044311-281475271769975\/10044311-281475271769359\/10044311-281475271770639\/10044311-281475271771285\/10044311-281475271772029\/10044311-281475271772515\/10044311-281475271773231\" \/><param name=\"flashvars\" value=\"autostart=true&amp;imagestart=true&amp;displayheight=236\" \/><embed type=\"application\/x-shockwave-flash\" width=\"400\" height=\"315\" src=\"http:\/\/www.humyo.com\/E\/10044311-281475271748273\/10044311-281475271748579\/10044311-281475271750085\/10044311-281475271751675\/10044311-281475271752825\/10044311-281475271753623\/10044311-281475271754603\/10044311-281475271755391\/10044311-281475271755981\/10044311-281475271756635\/10044311-281475271756749\/10044311-281475271757353\/10044311-281475271757563\/10044311-281475271757725\/10044311-281475271758217\/10044311-281475271759027\/10044311-281475271759501\/10044311-281475271760075\/10044311-281475271760641\/10044311-281475271761185\/10044311-281475271761983\/10044311-281475271762707\/10044311-281475271763601\/10044311-281475271764403\/10044311-281475271764593\/10044311-281475271765857\/10044311-281475271766355\/10044311-281475271766619\/10044311-281475271767215\/10044311-281475271767879\/10044311-281475271768023\/10044311-281475271768343\/10044311-281475271768861\/10044311-281475271769077\/10044311-281475271769975\/10044311-281475271769359\/10044311-281475271770639\/10044311-281475271771285\/10044311-281475271772029\/10044311-281475271772515\/10044311-281475271773231\" flashvars=\"autostart=true&amp;imagestart=true&amp;displayheight=236\"><\/embed><\/object><\/p>\n","protected":false},"excerpt":{"rendered":"<p>1990&#8217;da Nail Yurtsever, Ali Ge\u00e7imli ve \u015eener Y\u0131ld\u0131z olmak \u00fczere \u00fc\u00e7 Bing\u00f6l&#8217;l\u00fc gen\u00e7 taraf\u0131ndan &#8220;Koma \u00c7epex\u00e7\u00fbr&#8221; olarak kurulmu\u015ftur. 1992&#8217;de MKM&#8217;nin faaliyetine kat\u0131lm\u0131\u015f ve Nikolay Alekseyevi\u00e7 Ostrovsky&#8217;nin Selam! Ya\u015fam Ate\u015fi adl\u0131 kitab\u0131ndan esinlenerek ad\u0131n\u0131 de\u011fi\u015ftirmi\u015flerdir.\u0130stanbul&#8217;da bulunan Mezopotamya K\u00fclt\u00fcr Merkezi (MKM; K\u00fcrt\u00e7e: Navenda \u00c7anda Mezopotamya: N\u00c7M)&#8217;nin m\u00fczik gruplar\u0131ndan biridir. \u2018Adar\u00ea\u2019 , \u2018Helin\u2019 De were ad\u0131nda \u00fc\u00e7 alb\u00fcm\u00fc [&hellip;]<\/p>\n","protected":false},"author":1,"featured_media":0,"comment_status":"open","ping_status":"open","sticky":false,"template":"","format":"standard","meta":{"footnotes":""},"categories":[127],"tags":[],"class_list":{"0":"post-2847","1":"post","2":"type-post","3":"status-publish","4":"format-standard","6":"category-muzik-gruplari"},"yoast_head":"<!-- This site is optimized with the Yoast SEO Premium plugin v24.9 (Yoast SEO v24.9) - https:\/\/yoast.com\/wordpress\/plugins\/seo\/ -->\n<title>Gen\u00e7 olmam\u0131z\u0131n verdi\u011fi dinamizm sanat\u0131m\u0131za&#039;da yans\u0131d\u0131 | Koma Ag\u0131re jiyan (Ya\u015fam Ate\u015fi) ve \u015fark\u0131lar\u0131 - narteks.net<\/title>\n<meta name=\"robots\" content=\"index, follow, max-snippet:-1, max-image-preview:large, max-video-preview:-1\" \/>\n<link rel=\"canonical\" href=\"https:\/\/narteks.net\/index.php\/2010\/03\/10\/genc-olmamizin-verdigi-dinamizm-sanatimizada-yansidi-koma-agire-jiyan-yasam-atesi-ve-sarkilari\/\" \/>\n<meta property=\"og:locale\" content=\"tr_TR\" \/>\n<meta property=\"og:type\" content=\"article\" \/>\n<meta property=\"og:title\" content=\"Gen\u00e7 olmam\u0131z\u0131n verdi\u011fi dinamizm sanat\u0131m\u0131za&#039;da yans\u0131d\u0131 | Koma Ag\u0131re jiyan (Ya\u015fam Ate\u015fi) ve \u015fark\u0131lar\u0131\" \/>\n<meta property=\"og:description\" content=\"1990&#8217;da Nail Yurtsever, Ali Ge\u00e7imli ve \u015eener Y\u0131ld\u0131z olmak \u00fczere \u00fc\u00e7 Bing\u00f6l&#8217;l\u00fc gen\u00e7 taraf\u0131ndan &#8220;Koma \u00c7epex\u00e7\u00fbr&#8221; olarak kurulmu\u015ftur. 1992&#8217;de MKM&#8217;nin faaliyetine kat\u0131lm\u0131\u015f ve Nikolay Alekseyevi\u00e7 Ostrovsky&#8217;nin Selam! Ya\u015fam Ate\u015fi adl\u0131 kitab\u0131ndan esinlenerek ad\u0131n\u0131 de\u011fi\u015ftirmi\u015flerdir.\u0130stanbul&#8217;da bulunan Mezopotamya K\u00fclt\u00fcr Merkezi (MKM; K\u00fcrt\u00e7e: Navenda \u00c7anda Mezopotamya: N\u00c7M)&#8217;nin m\u00fczik gruplar\u0131ndan biridir. \u2018Adar\u00ea\u2019 , \u2018Helin\u2019 De were ad\u0131nda \u00fc\u00e7 alb\u00fcm\u00fc [&hellip;]\" \/>\n<meta property=\"og:url\" content=\"https:\/\/narteks.net\/index.php\/2010\/03\/10\/genc-olmamizin-verdigi-dinamizm-sanatimizada-yansidi-koma-agire-jiyan-yasam-atesi-ve-sarkilari\/\" \/>\n<meta property=\"og:site_name\" content=\"narteks.net\" \/>\n<meta property=\"article:published_time\" content=\"2010-03-09T22:00:00+00:00\" \/>\n<meta property=\"og:image\" content=\"https:\/\/narteks.net\/wp-content\/uploads\/narteks.png\" \/>\n\t<meta property=\"og:image:width\" content=\"300\" \/>\n\t<meta property=\"og:image:height\" content=\"90\" \/>\n\t<meta property=\"og:image:type\" content=\"image\/png\" \/>\n<meta name=\"author\" content=\"Tar\u0131k\" \/>\n<meta name=\"twitter:card\" content=\"summary_large_image\" \/>\n<meta name=\"twitter:creator\" content=\"@narteks\" \/>\n<meta name=\"twitter:site\" content=\"@narteks\" \/>\n<meta name=\"twitter:label1\" content=\"Yazan:\" \/>\n\t<meta name=\"twitter:data1\" content=\"Tar\u0131k\" \/>\n\t<meta name=\"twitter:label2\" content=\"Tahmini okuma s\u00fcresi\" \/>\n\t<meta name=\"twitter:data2\" content=\"2 dakika\" \/>\n<script type=\"application\/ld+json\" class=\"yoast-schema-graph\">{\"@context\":\"https:\/\/schema.org\",\"@graph\":[{\"@type\":\"Article\",\"@id\":\"https:\/\/narteks.net\/index.php\/2010\/03\/10\/genc-olmamizin-verdigi-dinamizm-sanatimizada-yansidi-koma-agire-jiyan-yasam-atesi-ve-sarkilari\/#article\",\"isPartOf\":{\"@id\":\"https:\/\/narteks.net\/index.php\/2010\/03\/10\/genc-olmamizin-verdigi-dinamizm-sanatimizada-yansidi-koma-agire-jiyan-yasam-atesi-ve-sarkilari\/\"},\"author\":{\"name\":\"Tar\u0131k\",\"@id\":\"https:\/\/narteks.net\/#\/schema\/person\/61f37d9834294b72d31d274e7ed79bca\"},\"headline\":\"Gen\u00e7 olmam\u0131z\u0131n verdi\u011fi dinamizm sanat\u0131m\u0131za&#8217;da yans\u0131d\u0131 | Koma Ag\u0131re jiyan (Ya\u015fam Ate\u015fi) ve \u015fark\u0131lar\u0131\",\"datePublished\":\"2010-03-09T22:00:00+00:00\",\"mainEntityOfPage\":{\"@id\":\"https:\/\/narteks.net\/index.php\/2010\/03\/10\/genc-olmamizin-verdigi-dinamizm-sanatimizada-yansidi-koma-agire-jiyan-yasam-atesi-ve-sarkilari\/\"},\"wordCount\":378,\"commentCount\":0,\"publisher\":{\"@id\":\"https:\/\/narteks.net\/#organization\"},\"articleSection\":[\"M\u00fczik Gruplar\u0131\"],\"inLanguage\":\"tr\",\"potentialAction\":[{\"@type\":\"CommentAction\",\"name\":\"Comment\",\"target\":[\"https:\/\/narteks.net\/index.php\/2010\/03\/10\/genc-olmamizin-verdigi-dinamizm-sanatimizada-yansidi-koma-agire-jiyan-yasam-atesi-ve-sarkilari\/#respond\"]}]},{\"@type\":\"WebPage\",\"@id\":\"https:\/\/narteks.net\/index.php\/2010\/03\/10\/genc-olmamizin-verdigi-dinamizm-sanatimizada-yansidi-koma-agire-jiyan-yasam-atesi-ve-sarkilari\/\",\"url\":\"https:\/\/narteks.net\/index.php\/2010\/03\/10\/genc-olmamizin-verdigi-dinamizm-sanatimizada-yansidi-koma-agire-jiyan-yasam-atesi-ve-sarkilari\/\",\"name\":\"Gen\u00e7 olmam\u0131z\u0131n verdi\u011fi dinamizm sanat\u0131m\u0131za'da yans\u0131d\u0131 | Koma Ag\u0131re jiyan (Ya\u015fam Ate\u015fi) ve \u015fark\u0131lar\u0131 - narteks.net\",\"isPartOf\":{\"@id\":\"https:\/\/narteks.net\/#website\"},\"datePublished\":\"2010-03-09T22:00:00+00:00\",\"breadcrumb\":{\"@id\":\"https:\/\/narteks.net\/index.php\/2010\/03\/10\/genc-olmamizin-verdigi-dinamizm-sanatimizada-yansidi-koma-agire-jiyan-yasam-atesi-ve-sarkilari\/#breadcrumb\"},\"inLanguage\":\"tr\",\"potentialAction\":[{\"@type\":\"ReadAction\",\"target\":[\"https:\/\/narteks.net\/index.php\/2010\/03\/10\/genc-olmamizin-verdigi-dinamizm-sanatimizada-yansidi-koma-agire-jiyan-yasam-atesi-ve-sarkilari\/\"]}]},{\"@type\":\"BreadcrumbList\",\"@id\":\"https:\/\/narteks.net\/index.php\/2010\/03\/10\/genc-olmamizin-verdigi-dinamizm-sanatimizada-yansidi-koma-agire-jiyan-yasam-atesi-ve-sarkilari\/#breadcrumb\",\"itemListElement\":[{\"@type\":\"ListItem\",\"position\":1,\"name\":\"Anasayfa\",\"item\":\"https:\/\/narteks.net\/\"},{\"@type\":\"ListItem\",\"position\":2,\"name\":\"Gen\u00e7 olmam\u0131z\u0131n verdi\u011fi dinamizm sanat\u0131m\u0131za&#8217;da yans\u0131d\u0131 | Koma Ag\u0131re jiyan (Ya\u015fam Ate\u015fi) ve \u015fark\u0131lar\u0131\"}]},{\"@type\":\"WebSite\",\"@id\":\"https:\/\/narteks.net\/#website\",\"url\":\"https:\/\/narteks.net\/\",\"name\":\"narteks.net\",\"description\":\"K\u00fclt\u00fcr Sanat Edebiyat Felsefe\",\"publisher\":{\"@id\":\"https:\/\/narteks.net\/#organization\"},\"alternateName\":\"K\u00fclt\u00fcr Sanat Edebiyat Felsefe\",\"potentialAction\":[{\"@type\":\"SearchAction\",\"target\":{\"@type\":\"EntryPoint\",\"urlTemplate\":\"https:\/\/narteks.net\/?s={search_term_string}\"},\"query-input\":{\"@type\":\"PropertyValueSpecification\",\"valueRequired\":true,\"valueName\":\"search_term_string\"}}],\"inLanguage\":\"tr\"},{\"@type\":\"Organization\",\"@id\":\"https:\/\/narteks.net\/#organization\",\"name\":\"narteks.net\",\"url\":\"https:\/\/narteks.net\/\",\"logo\":{\"@type\":\"ImageObject\",\"inLanguage\":\"tr\",\"@id\":\"https:\/\/narteks.net\/#\/schema\/logo\/image\/\",\"url\":\"https:\/\/narteks.net\/wp-content\/uploads\/narteks.png\",\"contentUrl\":\"https:\/\/narteks.net\/wp-content\/uploads\/narteks.png\",\"width\":300,\"height\":90,\"caption\":\"narteks.net\"},\"image\":{\"@id\":\"https:\/\/narteks.net\/#\/schema\/logo\/image\/\"},\"sameAs\":[\"https:\/\/x.com\/narteks\",\"https:\/\/instagram.com\/narteksnet\"]},{\"@type\":\"Person\",\"@id\":\"https:\/\/narteks.net\/#\/schema\/person\/61f37d9834294b72d31d274e7ed79bca\",\"name\":\"Tar\u0131k\",\"image\":{\"@type\":\"ImageObject\",\"inLanguage\":\"tr\",\"@id\":\"https:\/\/narteks.net\/#\/schema\/person\/image\/\",\"url\":\"https:\/\/secure.gravatar.com\/avatar\/50865afb55632c4ae467e0af0930f6510aa2297d8014be502a55b14f3b7550cf?s=96&d=mm&r=g\",\"contentUrl\":\"https:\/\/secure.gravatar.com\/avatar\/50865afb55632c4ae467e0af0930f6510aa2297d8014be502a55b14f3b7550cf?s=96&d=mm&r=g\",\"caption\":\"Tar\u0131k\"},\"sameAs\":[\"http:\/\/narteks.net\"],\"url\":\"https:\/\/narteks.net\/index.php\/author\/narbak\/\"}]}<\/script>\n<!-- \/ Yoast SEO Premium plugin. -->","yoast_head_json":{"title":"Gen\u00e7 olmam\u0131z\u0131n verdi\u011fi dinamizm sanat\u0131m\u0131za'da yans\u0131d\u0131 | Koma Ag\u0131re jiyan (Ya\u015fam Ate\u015fi) ve \u015fark\u0131lar\u0131 - narteks.net","robots":{"index":"index","follow":"follow","max-snippet":"max-snippet:-1","max-image-preview":"max-image-preview:large","max-video-preview":"max-video-preview:-1"},"canonical":"https:\/\/narteks.net\/index.php\/2010\/03\/10\/genc-olmamizin-verdigi-dinamizm-sanatimizada-yansidi-koma-agire-jiyan-yasam-atesi-ve-sarkilari\/","og_locale":"tr_TR","og_type":"article","og_title":"Gen\u00e7 olmam\u0131z\u0131n verdi\u011fi dinamizm sanat\u0131m\u0131za'da yans\u0131d\u0131 | Koma Ag\u0131re jiyan (Ya\u015fam Ate\u015fi) ve \u015fark\u0131lar\u0131","og_description":"1990&#8217;da Nail Yurtsever, Ali Ge\u00e7imli ve \u015eener Y\u0131ld\u0131z olmak \u00fczere \u00fc\u00e7 Bing\u00f6l&#8217;l\u00fc gen\u00e7 taraf\u0131ndan &#8220;Koma \u00c7epex\u00e7\u00fbr&#8221; olarak kurulmu\u015ftur. 1992&#8217;de MKM&#8217;nin faaliyetine kat\u0131lm\u0131\u015f ve Nikolay Alekseyevi\u00e7 Ostrovsky&#8217;nin Selam! Ya\u015fam Ate\u015fi adl\u0131 kitab\u0131ndan esinlenerek ad\u0131n\u0131 de\u011fi\u015ftirmi\u015flerdir.\u0130stanbul&#8217;da bulunan Mezopotamya K\u00fclt\u00fcr Merkezi (MKM; K\u00fcrt\u00e7e: Navenda \u00c7anda Mezopotamya: N\u00c7M)&#8217;nin m\u00fczik gruplar\u0131ndan biridir. \u2018Adar\u00ea\u2019 , \u2018Helin\u2019 De were ad\u0131nda \u00fc\u00e7 alb\u00fcm\u00fc [&hellip;]","og_url":"https:\/\/narteks.net\/index.php\/2010\/03\/10\/genc-olmamizin-verdigi-dinamizm-sanatimizada-yansidi-koma-agire-jiyan-yasam-atesi-ve-sarkilari\/","og_site_name":"narteks.net","article_published_time":"2010-03-09T22:00:00+00:00","og_image":[{"width":300,"height":90,"url":"https:\/\/narteks.net\/wp-content\/uploads\/narteks.png","type":"image\/png"}],"author":"Tar\u0131k","twitter_card":"summary_large_image","twitter_creator":"@narteks","twitter_site":"@narteks","twitter_misc":{"Yazan:":"Tar\u0131k","Tahmini okuma s\u00fcresi":"2 dakika"},"schema":{"@context":"https:\/\/schema.org","@graph":[{"@type":"Article","@id":"https:\/\/narteks.net\/index.php\/2010\/03\/10\/genc-olmamizin-verdigi-dinamizm-sanatimizada-yansidi-koma-agire-jiyan-yasam-atesi-ve-sarkilari\/#article","isPartOf":{"@id":"https:\/\/narteks.net\/index.php\/2010\/03\/10\/genc-olmamizin-verdigi-dinamizm-sanatimizada-yansidi-koma-agire-jiyan-yasam-atesi-ve-sarkilari\/"},"author":{"name":"Tar\u0131k","@id":"https:\/\/narteks.net\/#\/schema\/person\/61f37d9834294b72d31d274e7ed79bca"},"headline":"Gen\u00e7 olmam\u0131z\u0131n verdi\u011fi dinamizm sanat\u0131m\u0131za&#8217;da yans\u0131d\u0131 | Koma Ag\u0131re jiyan (Ya\u015fam Ate\u015fi) ve \u015fark\u0131lar\u0131","datePublished":"2010-03-09T22:00:00+00:00","mainEntityOfPage":{"@id":"https:\/\/narteks.net\/index.php\/2010\/03\/10\/genc-olmamizin-verdigi-dinamizm-sanatimizada-yansidi-koma-agire-jiyan-yasam-atesi-ve-sarkilari\/"},"wordCount":378,"commentCount":0,"publisher":{"@id":"https:\/\/narteks.net\/#organization"},"articleSection":["M\u00fczik Gruplar\u0131"],"inLanguage":"tr","potentialAction":[{"@type":"CommentAction","name":"Comment","target":["https:\/\/narteks.net\/index.php\/2010\/03\/10\/genc-olmamizin-verdigi-dinamizm-sanatimizada-yansidi-koma-agire-jiyan-yasam-atesi-ve-sarkilari\/#respond"]}]},{"@type":"WebPage","@id":"https:\/\/narteks.net\/index.php\/2010\/03\/10\/genc-olmamizin-verdigi-dinamizm-sanatimizada-yansidi-koma-agire-jiyan-yasam-atesi-ve-sarkilari\/","url":"https:\/\/narteks.net\/index.php\/2010\/03\/10\/genc-olmamizin-verdigi-dinamizm-sanatimizada-yansidi-koma-agire-jiyan-yasam-atesi-ve-sarkilari\/","name":"Gen\u00e7 olmam\u0131z\u0131n verdi\u011fi dinamizm sanat\u0131m\u0131za'da yans\u0131d\u0131 | Koma Ag\u0131re jiyan (Ya\u015fam Ate\u015fi) ve \u015fark\u0131lar\u0131 - narteks.net","isPartOf":{"@id":"https:\/\/narteks.net\/#website"},"datePublished":"2010-03-09T22:00:00+00:00","breadcrumb":{"@id":"https:\/\/narteks.net\/index.php\/2010\/03\/10\/genc-olmamizin-verdigi-dinamizm-sanatimizada-yansidi-koma-agire-jiyan-yasam-atesi-ve-sarkilari\/#breadcrumb"},"inLanguage":"tr","potentialAction":[{"@type":"ReadAction","target":["https:\/\/narteks.net\/index.php\/2010\/03\/10\/genc-olmamizin-verdigi-dinamizm-sanatimizada-yansidi-koma-agire-jiyan-yasam-atesi-ve-sarkilari\/"]}]},{"@type":"BreadcrumbList","@id":"https:\/\/narteks.net\/index.php\/2010\/03\/10\/genc-olmamizin-verdigi-dinamizm-sanatimizada-yansidi-koma-agire-jiyan-yasam-atesi-ve-sarkilari\/#breadcrumb","itemListElement":[{"@type":"ListItem","position":1,"name":"Anasayfa","item":"https:\/\/narteks.net\/"},{"@type":"ListItem","position":2,"name":"Gen\u00e7 olmam\u0131z\u0131n verdi\u011fi dinamizm sanat\u0131m\u0131za&#8217;da yans\u0131d\u0131 | Koma Ag\u0131re jiyan (Ya\u015fam Ate\u015fi) ve \u015fark\u0131lar\u0131"}]},{"@type":"WebSite","@id":"https:\/\/narteks.net\/#website","url":"https:\/\/narteks.net\/","name":"narteks.net","description":"K\u00fclt\u00fcr Sanat Edebiyat Felsefe","publisher":{"@id":"https:\/\/narteks.net\/#organization"},"alternateName":"K\u00fclt\u00fcr Sanat Edebiyat Felsefe","potentialAction":[{"@type":"SearchAction","target":{"@type":"EntryPoint","urlTemplate":"https:\/\/narteks.net\/?s={search_term_string}"},"query-input":{"@type":"PropertyValueSpecification","valueRequired":true,"valueName":"search_term_string"}}],"inLanguage":"tr"},{"@type":"Organization","@id":"https:\/\/narteks.net\/#organization","name":"narteks.net","url":"https:\/\/narteks.net\/","logo":{"@type":"ImageObject","inLanguage":"tr","@id":"https:\/\/narteks.net\/#\/schema\/logo\/image\/","url":"https:\/\/narteks.net\/wp-content\/uploads\/narteks.png","contentUrl":"https:\/\/narteks.net\/wp-content\/uploads\/narteks.png","width":300,"height":90,"caption":"narteks.net"},"image":{"@id":"https:\/\/narteks.net\/#\/schema\/logo\/image\/"},"sameAs":["https:\/\/x.com\/narteks","https:\/\/instagram.com\/narteksnet"]},{"@type":"Person","@id":"https:\/\/narteks.net\/#\/schema\/person\/61f37d9834294b72d31d274e7ed79bca","name":"Tar\u0131k","image":{"@type":"ImageObject","inLanguage":"tr","@id":"https:\/\/narteks.net\/#\/schema\/person\/image\/","url":"https:\/\/secure.gravatar.com\/avatar\/50865afb55632c4ae467e0af0930f6510aa2297d8014be502a55b14f3b7550cf?s=96&d=mm&r=g","contentUrl":"https:\/\/secure.gravatar.com\/avatar\/50865afb55632c4ae467e0af0930f6510aa2297d8014be502a55b14f3b7550cf?s=96&d=mm&r=g","caption":"Tar\u0131k"},"sameAs":["http:\/\/narteks.net"],"url":"https:\/\/narteks.net\/index.php\/author\/narbak\/"}]}},"_links":{"self":[{"href":"https:\/\/narteks.net\/index.php\/wp-json\/wp\/v2\/posts\/2847","targetHints":{"allow":["GET"]}}],"collection":[{"href":"https:\/\/narteks.net\/index.php\/wp-json\/wp\/v2\/posts"}],"about":[{"href":"https:\/\/narteks.net\/index.php\/wp-json\/wp\/v2\/types\/post"}],"author":[{"embeddable":true,"href":"https:\/\/narteks.net\/index.php\/wp-json\/wp\/v2\/users\/1"}],"replies":[{"embeddable":true,"href":"https:\/\/narteks.net\/index.php\/wp-json\/wp\/v2\/comments?post=2847"}],"version-history":[{"count":0,"href":"https:\/\/narteks.net\/index.php\/wp-json\/wp\/v2\/posts\/2847\/revisions"}],"wp:attachment":[{"href":"https:\/\/narteks.net\/index.php\/wp-json\/wp\/v2\/media?parent=2847"}],"wp:term":[{"taxonomy":"category","embeddable":true,"href":"https:\/\/narteks.net\/index.php\/wp-json\/wp\/v2\/categories?post=2847"},{"taxonomy":"post_tag","embeddable":true,"href":"https:\/\/narteks.net\/index.php\/wp-json\/wp\/v2\/tags?post=2847"}],"curies":[{"name":"wp","href":"https:\/\/api.w.org\/{rel}","templated":true}]}}