{"id":2849,"date":"2009-12-10T22:48:39","date_gmt":"2009-12-10T19:48:39","guid":{"rendered":"http:\/\/localhost\/wordpress\/2009\/12\/10\/and-olsunki-milyonlarin-korosuyla-haykiracagiz-turkulerimizi-grup-munzur\/"},"modified":"2009-12-10T22:48:39","modified_gmt":"2009-12-10T19:48:39","slug":"and-olsunki-milyonlarin-korosuyla-haykiracagiz-turkulerimizi-grup-munzur","status":"publish","type":"post","link":"https:\/\/narteks.net\/index.php\/2009\/12\/10\/and-olsunki-milyonlarin-korosuyla-haykiracagiz-turkulerimizi-grup-munzur\/","title":{"rendered":"And Olsunki! Milyonlar\u0131n Korosuyla Hayk\u0131raca\u011f\u0131z T\u00fcrk\u00fclerimizi | Grup MUNZUR"},"content":{"rendered":"<p><!-- start content --><\/p>\n<div class=\"floatright\"><span class=\"image\"><img loading=\"lazy\" decoding=\"async\" src=\"images\/stories\/grupmunzur.jpg\" border=\"0\" width=\"155\" height=\"205\" style=\"float: left;\" \/><\/span><\/div>\n<p style=\"text-align: justify;\">&#8220;And Olsunki! Milyonlar\u0131n Korosuyla Hayk\u0131raca\u011f\u0131z T\u00fcrk\u00fclerimizi!&#8221;<\/p>\n<p>Grup Munzur, sanat faaliyetine 1992 y\u0131l\u0131nda d\u00f6rt ki\u015fi ile \u0130zmir\u2019de ba\u015flad\u0131. \u00c7e\u015fitli etkinlikler ve konserlerden sonra 1993\u2019te \u0130stanbul\u2019a gelen grup, d\u00fczenli \u00e7al\u0131\u015fmalar i\u00e7in uygun bir mek\u00e2n\u0131n olmamas\u0131 nedeniyle, \u00e7al\u0131\u015fma yeri olarak dernek ve sendikalara y\u00f6neldi. \u00d6zellikle muhalif kimlikli m\u00fczik gruplar\u0131n\u0131n kar\u015f\u0131la\u015ft\u0131\u011f\u0131 en b\u00fcy\u00fck sorunlardan biri olan \u00e7al\u0131\u015fma mek\u00e2n\u0131 sorunu o d\u00f6nem zorluklarla da olsa a\u015f\u0131lm\u0131\u015f oldu. Grup Munzur \u00e7al\u0131\u015fmalar\u0131na, 1994 y\u0131l\u0131ndan bug\u00fcne de\u011fin Y\u00fcz \u00c7i\u00e7ek A\u00e7s\u0131n K\u00fclt\u00fcr Merkezi\u2019nde devam etmektedir.<\/p>\n<p style=\"text-align: justify;\">24 Temmuz 1994\u2019te, yabanc\u0131la\u015fmaya, yozla\u015fmaya, \u00e7\u00fcr\u00fcmeye ve gericile\u015fmeye kar\u015f\u0131 halk\u0131n k\u00fclt\u00fcr, sanat ve edebiyat alan\u0131nda geli\u015fip yayg\u0131nla\u015fmas\u0131 i\u00e7in; ge\u00e7mi\u015fi bug\u00fcne, bug\u00fcn\u00fc yar\u0131nlara ta\u015f\u0131ma co\u015fkusuyla \u201cy\u00fcz \u00e7i\u00e7ek a\u00e7s\u0131n\u201d \u015fiar\u0131yla yola \u00e7\u0131kan Y\u00fcz \u00c7i\u00e7ek A\u00e7s\u0131n K\u00fclt\u00fcr Merkezi 1994 y\u0131l\u0131ndan itibaren Grup Munzur\u2019un evi oldu. Y\u00fcz \u00c7i\u00e7ek A\u00e7s\u0131n K\u00fclt\u00fcr Merkezi\u2019nin bir birimi olarak \u00e7al\u0131\u015fmalar\u0131n\u0131 s\u00fcrd\u00fcren Grup Munzur, halkla birlikte ya\u015fayarak, onlar\u0131n ac\u0131lar\u0131ndan, sevin\u00e7lerinden, \u00f6zlemlerinden, umutlar\u0131ndan, isyan\u0131ndan \u00f6\u011frenerek halk\u0131n sanat\u0131n\u0131 yapmay\u0131 ama\u00e7 edindi. Grup Munzur, alternatif k\u00fclt\u00fcr merkezlerine ve muhalif kimliklerinden \u00f6d\u00fcn vermeyen m\u00fczik gruplar\u0131na y\u00f6nelik t\u00fcm bask\u0131lara, yasaklara ve sindirme politikalar\u0131na ra\u011fmen, halktan ald\u0131\u011f\u0131 g\u00fc\u00e7le m\u00fczik \u00e7al\u0131\u015fmalar\u0131n\u0131 s\u00fcrd\u00fcrmektedir.<\/p>\n<p><strong><a href=\"http:\/\/www.dailymotion.com\/video\/x6wbdg_grup-munzur-namag-klip-2008-k\u0131z\u0131l-a_music\">Grup Munzur NAMAG Klip 2008 K\u0131z\u0131l Anka<\/a><\/strong><\/p>\n<p style=\"text-align: justify;\">Grup Munzur\u2019un beslendi\u011fi kaynak halk\u0131n ya\u015fant\u0131s\u0131, ac\u0131lar\u0131, mutluluklar\u0131 elbette umutlar\u0131 ve onlar\u0131n y\u00fczy\u0131llard\u0131r yaratt\u0131\u011f\u0131 k\u00fclt\u00fcrel mirast\u0131r. M\u00fczikal \u00fcretimlerinde halklar\u0131n ezgilerini kullan\u0131rken \u00f6zellikle onlar\u0131n dillerini kullanarak bu k\u00fclt\u00fcrel mirastan bir zenginlik olarak faydalanmaktad\u0131r. Grup Munzur, toplumsal ya\u015fam i\u00e7erisinde, geni\u015f halk y\u0131\u011f\u0131nlar\u0131n\u0131n \u00fcretimlerinden-emeklerinden gelen g\u00fcc\u00fcn\u00fcn fark\u0131ndad\u0131r ve d\u00fcnyay\u0131 e\u015fit, \u00f6zg\u00fcr, s\u00f6m\u00fcr\u00fcs\u00fcz bir hale getirmek i\u00e7in y\u00fcr\u00fct\u00fclen m\u00fccadelenin t\u00fcrk\u00fcs\u00fcn\u00fc yapar. Grup Munzur sanat\u0131 daha g\u00fczel bir d\u00fcnyan\u0131n yarat\u0131lmas\u0131 sava\u015f\u0131nda bir ara\u00e7 olarak kullan\u0131r.<\/p>\n<p>Grup Munzur\u2019un ilk alb\u00fcm\u00fc, \u201cBaban\u0131n T\u00fcrk\u00fcs\u00fc\/ Onlar\u0131n Kavgas\u0131\u201d \u0130stanbul\u2019a ilk geldi\u011fi d\u00f6nemlerde \u00e7al\u0131\u015fma mek\u00e2n\u0131 sorununun oldu\u011fu bir d\u00f6nemde \u00e7\u0131km\u0131\u015f olan bir alb\u00fcmd\u00fcr. Bu ko\u015fullar\u0131n beraberinde getirdi\u011fi aksakl\u0131klarla, ilk alb\u00fcm olmas\u0131n\u0131n getirdi\u011fi kimi eksikliklere ra\u011fmen, y\u00fcz\u00fc ileriye d\u00f6n\u00fck \u00fcr\u00fcnlerin bir arada topland\u0131\u011f\u0131 bir alb\u00fcmd\u00fcr. 1995 Eyl\u00fcl\u2019\u00fcnde ikinci alb\u00fcmleri \u201cHep Birlikte\u201dyi \u00e7\u0131kar\u0131r. Sisteme kar\u015f\u0131 geli\u015fen toplumsal muhalefetin k\u00fclt\u00fcr ve sanat cephesinden bir kar\u015f\u0131 duru\u015fu temsil eden alb\u00fcm, halka dayat\u0131lan, onu yozla\u015ft\u0131ran k\u00fclt\u00fcrel \u00fcr\u00fcnlerin kar\u015f\u0131s\u0131na, alternatif k\u00fclt\u00fcrel \u00fcr\u00fcnlerin niteli\u011fi ta\u015f\u0131maktad\u0131r. Grup Munzur 1997 y\u0131l\u0131nda ilk iki alb\u00fcm deneyimlerinden yola \u00e7\u0131karak daha \u00f6z ve titiz bir \u00e7al\u0131\u015fmayla \u201cTutu\u015fturun Geceleri\u201d adl\u0131 \u00fc\u00e7\u00fcnc\u00fc alb\u00fcm\u00fcyle dinleyicileriyle bulu\u015ftu. A\u015f\u0131k Veysel\u2019den geleneksel K\u00fcrt, Ermeni ezgilerinden ve kendi besteleriyle geni\u015f bir \u00e7er\u00e7eve i\u00e7erisinde de\u011ferlendirilebilecek \u00fcr\u00fcnleri bu alb\u00fcm\u00fcnde toplad\u0131. 2000 y\u0131l\u0131na gelindi\u011finde her t\u00fcrl\u00fc umars\u0131zl\u0131\u011fa ve karamsarl\u0131\u011fa ge\u00e7it vermemenin ad\u0131 olan \u201cBeklenen Uzak De\u011fil\u201d adl\u0131 alb\u00fcm\u00fcn\u00fc ger\u00e7ekle\u015ftirdi. \u00c7ok sesli koro ve \u015fiir a\u011f\u0131rl\u0131kl\u0131 bu \u00e7al\u0131\u015fmada anonim t\u00fcrk\u00fclerin yan\u0131 s\u0131ra Pir Sultan Abdal ve Tufani gibi halk ozanlar\u0131m\u0131z\u0131n t\u00fcrk\u00fcleriyle zengin repertuar ve farkl\u0131 bir sentez olu\u015fturdu. 2003 y\u0131l\u0131nda \u201cBahara \u00c7a\u011fr\u0131\u201d ad\u0131n\u0131 ta\u015f\u0131yan yeni bir alb\u00fcmle dinleyicilerine seslenen Grup Munzur, T\u00fcrk\u00e7e, Zazaca, K\u00fcrt\u00e7e ve Lazca dillerinden olu\u015fan repertuar\u0131yla ve enstr\u00fcmantal bir \u00e7al\u0131\u015fmaya da yer verdi. Be\u015f y\u0131l aradan sonra Grup Munzur \u201cbask\u0131n\u0131n ve elbette direni\u015fin oldu\u011fu yerde bizimde s\u00f6yleyecek s\u00f6z\u00fcm\u00fc vard\u0131. \u00c7e\u015fitli dillerde anlatt\u0131k, kendi ellerimizle ya\u015fanacak bir d\u00fcnyay\u0131 yaratma \u00f6zlemimizi\u201d diyen Grup K\u0131z\u0131l Anka alb\u00fcm\u00fcyle dinleyicileriyle bulu\u015ftu&#8230;<\/p>\n<p>\u00a0<\/p>\n<p>\n<object width=\"400\" height=\"315\"><param name=\"movie\" value=\"http:\/\/www.humyo.com\/E\/10044311-281475254013167\/10044311-281475253966109\/10044311-281475253967803\/10044311-281475253969041\/10044311-281475253970763\/10044311-281475253999427\/10044311-281475253972701\/10044311-281475253974745\/10044311-281475253975939\/10044311-281475254013171\/10044311-281475254013179\/10044311-281475254013181\/10044311-281475254013183\/10044311-281475254013195\/10044311-281475254013197\/10044311-281475253977949\/10044311-281475254002863\/10044311-281475253979281\/10044311-281475253981859\/10044311-281475253983931\/10044311-281475254000111\/10044311-281475253986149\/10044311-281475253985127\/10044311-281475253992001\/10044311-281475253988773\/10044311-281475253990603\/10044311-281475253993711\/10044311-281475253994805\/10044311-281475253996051\/10044311-281475253997721\" \/><param name=\"flashvars\" value=\"autostart=true&amp;imagestart=true&amp;displayheight=236\" \/><embed type=\"application\/x-shockwave-flash\" width=\"400\" height=\"315\" src=\"http:\/\/www.humyo.com\/E\/10044311-281475254013167\/10044311-281475253966109\/10044311-281475253967803\/10044311-281475253969041\/10044311-281475253970763\/10044311-281475253999427\/10044311-281475253972701\/10044311-281475253974745\/10044311-281475253975939\/10044311-281475254013171\/10044311-281475254013179\/10044311-281475254013181\/10044311-281475254013183\/10044311-281475254013195\/10044311-281475254013197\/10044311-281475253977949\/10044311-281475254002863\/10044311-281475253979281\/10044311-281475253981859\/10044311-281475253983931\/10044311-281475254000111\/10044311-281475253986149\/10044311-281475253985127\/10044311-281475253992001\/10044311-281475253988773\/10044311-281475253990603\/10044311-281475253993711\/10044311-281475253994805\/10044311-281475253996051\/10044311-281475253997721\" flashvars=\"autostart=true&amp;imagestart=true&amp;displayheight=236\"><\/embed><\/object><\/p>\n","protected":false},"excerpt":{"rendered":"<p>&#8220;And Olsunki! Milyonlar\u0131n Korosuyla Hayk\u0131raca\u011f\u0131z T\u00fcrk\u00fclerimizi!&#8221; Grup Munzur, sanat faaliyetine 1992 y\u0131l\u0131nda d\u00f6rt ki\u015fi ile \u0130zmir\u2019de ba\u015flad\u0131. \u00c7e\u015fitli etkinlikler ve konserlerden sonra 1993\u2019te \u0130stanbul\u2019a gelen grup, d\u00fczenli \u00e7al\u0131\u015fmalar i\u00e7in uygun bir mek\u00e2n\u0131n olmamas\u0131 nedeniyle, \u00e7al\u0131\u015fma yeri olarak dernek ve sendikalara y\u00f6neldi. \u00d6zellikle muhalif kimlikli m\u00fczik gruplar\u0131n\u0131n kar\u015f\u0131la\u015ft\u0131\u011f\u0131 en b\u00fcy\u00fck sorunlardan biri olan \u00e7al\u0131\u015fma mek\u00e2n\u0131 sorunu [&hellip;]<\/p>\n","protected":false},"author":1,"featured_media":0,"comment_status":"open","ping_status":"open","sticky":false,"template":"","format":"standard","meta":{"footnotes":""},"categories":[127],"tags":[],"class_list":{"0":"post-2849","1":"post","2":"type-post","3":"status-publish","4":"format-standard","6":"category-muzik-gruplari"},"yoast_head":"<!-- This site is optimized with the Yoast SEO Premium plugin v24.9 (Yoast SEO v24.9) - https:\/\/yoast.com\/wordpress\/plugins\/seo\/ -->\n<title>And Olsunki! Milyonlar\u0131n Korosuyla Hayk\u0131raca\u011f\u0131z T\u00fcrk\u00fclerimizi | Grup MUNZUR - narteks.net<\/title>\n<meta name=\"robots\" content=\"index, follow, max-snippet:-1, max-image-preview:large, max-video-preview:-1\" \/>\n<link rel=\"canonical\" href=\"https:\/\/narteks.net\/index.php\/2009\/12\/10\/and-olsunki-milyonlarin-korosuyla-haykiracagiz-turkulerimizi-grup-munzur\/\" \/>\n<meta property=\"og:locale\" content=\"tr_TR\" \/>\n<meta property=\"og:type\" content=\"article\" \/>\n<meta property=\"og:title\" content=\"And Olsunki! Milyonlar\u0131n Korosuyla Hayk\u0131raca\u011f\u0131z T\u00fcrk\u00fclerimizi | Grup MUNZUR\" \/>\n<meta property=\"og:description\" content=\"&#8220;And Olsunki! Milyonlar\u0131n Korosuyla Hayk\u0131raca\u011f\u0131z T\u00fcrk\u00fclerimizi!&#8221; Grup Munzur, sanat faaliyetine 1992 y\u0131l\u0131nda d\u00f6rt ki\u015fi ile \u0130zmir\u2019de ba\u015flad\u0131. \u00c7e\u015fitli etkinlikler ve konserlerden sonra 1993\u2019te \u0130stanbul\u2019a gelen grup, d\u00fczenli \u00e7al\u0131\u015fmalar i\u00e7in uygun bir mek\u00e2n\u0131n olmamas\u0131 nedeniyle, \u00e7al\u0131\u015fma yeri olarak dernek ve sendikalara y\u00f6neldi. \u00d6zellikle muhalif kimlikli m\u00fczik gruplar\u0131n\u0131n kar\u015f\u0131la\u015ft\u0131\u011f\u0131 en b\u00fcy\u00fck sorunlardan biri olan \u00e7al\u0131\u015fma mek\u00e2n\u0131 sorunu [&hellip;]\" \/>\n<meta property=\"og:url\" content=\"https:\/\/narteks.net\/index.php\/2009\/12\/10\/and-olsunki-milyonlarin-korosuyla-haykiracagiz-turkulerimizi-grup-munzur\/\" \/>\n<meta property=\"og:site_name\" content=\"narteks.net\" \/>\n<meta property=\"article:published_time\" content=\"2009-12-10T19:48:39+00:00\" \/>\n<meta property=\"og:image\" content=\"https:\/\/narteks.net\/wp-content\/uploads\/narteks.png\" \/>\n\t<meta property=\"og:image:width\" content=\"300\" \/>\n\t<meta property=\"og:image:height\" content=\"90\" \/>\n\t<meta property=\"og:image:type\" content=\"image\/png\" \/>\n<meta name=\"author\" content=\"Tar\u0131k\" \/>\n<meta name=\"twitter:card\" content=\"summary_large_image\" \/>\n<meta name=\"twitter:creator\" content=\"@narteks\" \/>\n<meta name=\"twitter:site\" content=\"@narteks\" \/>\n<meta name=\"twitter:label1\" content=\"Yazan:\" \/>\n\t<meta name=\"twitter:data1\" content=\"Tar\u0131k\" \/>\n\t<meta name=\"twitter:label2\" content=\"Tahmini okuma s\u00fcresi\" \/>\n\t<meta name=\"twitter:data2\" content=\"4 dakika\" \/>\n<script type=\"application\/ld+json\" class=\"yoast-schema-graph\">{\"@context\":\"https:\/\/schema.org\",\"@graph\":[{\"@type\":\"Article\",\"@id\":\"https:\/\/narteks.net\/index.php\/2009\/12\/10\/and-olsunki-milyonlarin-korosuyla-haykiracagiz-turkulerimizi-grup-munzur\/#article\",\"isPartOf\":{\"@id\":\"https:\/\/narteks.net\/index.php\/2009\/12\/10\/and-olsunki-milyonlarin-korosuyla-haykiracagiz-turkulerimizi-grup-munzur\/\"},\"author\":{\"name\":\"Tar\u0131k\",\"@id\":\"https:\/\/narteks.net\/#\/schema\/person\/61f37d9834294b72d31d274e7ed79bca\"},\"headline\":\"And Olsunki! Milyonlar\u0131n Korosuyla Hayk\u0131raca\u011f\u0131z T\u00fcrk\u00fclerimizi | Grup MUNZUR\",\"datePublished\":\"2009-12-10T19:48:39+00:00\",\"mainEntityOfPage\":{\"@id\":\"https:\/\/narteks.net\/index.php\/2009\/12\/10\/and-olsunki-milyonlarin-korosuyla-haykiracagiz-turkulerimizi-grup-munzur\/\"},\"wordCount\":771,\"commentCount\":0,\"publisher\":{\"@id\":\"https:\/\/narteks.net\/#organization\"},\"articleSection\":[\"M\u00fczik Gruplar\u0131\"],\"inLanguage\":\"tr\",\"potentialAction\":[{\"@type\":\"CommentAction\",\"name\":\"Comment\",\"target\":[\"https:\/\/narteks.net\/index.php\/2009\/12\/10\/and-olsunki-milyonlarin-korosuyla-haykiracagiz-turkulerimizi-grup-munzur\/#respond\"]}]},{\"@type\":\"WebPage\",\"@id\":\"https:\/\/narteks.net\/index.php\/2009\/12\/10\/and-olsunki-milyonlarin-korosuyla-haykiracagiz-turkulerimizi-grup-munzur\/\",\"url\":\"https:\/\/narteks.net\/index.php\/2009\/12\/10\/and-olsunki-milyonlarin-korosuyla-haykiracagiz-turkulerimizi-grup-munzur\/\",\"name\":\"And Olsunki! Milyonlar\u0131n Korosuyla Hayk\u0131raca\u011f\u0131z T\u00fcrk\u00fclerimizi | Grup MUNZUR - narteks.net\",\"isPartOf\":{\"@id\":\"https:\/\/narteks.net\/#website\"},\"datePublished\":\"2009-12-10T19:48:39+00:00\",\"breadcrumb\":{\"@id\":\"https:\/\/narteks.net\/index.php\/2009\/12\/10\/and-olsunki-milyonlarin-korosuyla-haykiracagiz-turkulerimizi-grup-munzur\/#breadcrumb\"},\"inLanguage\":\"tr\",\"potentialAction\":[{\"@type\":\"ReadAction\",\"target\":[\"https:\/\/narteks.net\/index.php\/2009\/12\/10\/and-olsunki-milyonlarin-korosuyla-haykiracagiz-turkulerimizi-grup-munzur\/\"]}]},{\"@type\":\"BreadcrumbList\",\"@id\":\"https:\/\/narteks.net\/index.php\/2009\/12\/10\/and-olsunki-milyonlarin-korosuyla-haykiracagiz-turkulerimizi-grup-munzur\/#breadcrumb\",\"itemListElement\":[{\"@type\":\"ListItem\",\"position\":1,\"name\":\"Anasayfa\",\"item\":\"https:\/\/narteks.net\/\"},{\"@type\":\"ListItem\",\"position\":2,\"name\":\"And Olsunki! Milyonlar\u0131n Korosuyla Hayk\u0131raca\u011f\u0131z T\u00fcrk\u00fclerimizi | Grup MUNZUR\"}]},{\"@type\":\"WebSite\",\"@id\":\"https:\/\/narteks.net\/#website\",\"url\":\"https:\/\/narteks.net\/\",\"name\":\"narteks.net\",\"description\":\"K\u00fclt\u00fcr Sanat Edebiyat Felsefe\",\"publisher\":{\"@id\":\"https:\/\/narteks.net\/#organization\"},\"alternateName\":\"K\u00fclt\u00fcr Sanat Edebiyat Felsefe\",\"potentialAction\":[{\"@type\":\"SearchAction\",\"target\":{\"@type\":\"EntryPoint\",\"urlTemplate\":\"https:\/\/narteks.net\/?s={search_term_string}\"},\"query-input\":{\"@type\":\"PropertyValueSpecification\",\"valueRequired\":true,\"valueName\":\"search_term_string\"}}],\"inLanguage\":\"tr\"},{\"@type\":\"Organization\",\"@id\":\"https:\/\/narteks.net\/#organization\",\"name\":\"narteks.net\",\"url\":\"https:\/\/narteks.net\/\",\"logo\":{\"@type\":\"ImageObject\",\"inLanguage\":\"tr\",\"@id\":\"https:\/\/narteks.net\/#\/schema\/logo\/image\/\",\"url\":\"https:\/\/narteks.net\/wp-content\/uploads\/narteks.png\",\"contentUrl\":\"https:\/\/narteks.net\/wp-content\/uploads\/narteks.png\",\"width\":300,\"height\":90,\"caption\":\"narteks.net\"},\"image\":{\"@id\":\"https:\/\/narteks.net\/#\/schema\/logo\/image\/\"},\"sameAs\":[\"https:\/\/x.com\/narteks\",\"https:\/\/instagram.com\/narteksnet\"]},{\"@type\":\"Person\",\"@id\":\"https:\/\/narteks.net\/#\/schema\/person\/61f37d9834294b72d31d274e7ed79bca\",\"name\":\"Tar\u0131k\",\"image\":{\"@type\":\"ImageObject\",\"inLanguage\":\"tr\",\"@id\":\"https:\/\/narteks.net\/#\/schema\/person\/image\/\",\"url\":\"https:\/\/secure.gravatar.com\/avatar\/50865afb55632c4ae467e0af0930f6510aa2297d8014be502a55b14f3b7550cf?s=96&d=mm&r=g\",\"contentUrl\":\"https:\/\/secure.gravatar.com\/avatar\/50865afb55632c4ae467e0af0930f6510aa2297d8014be502a55b14f3b7550cf?s=96&d=mm&r=g\",\"caption\":\"Tar\u0131k\"},\"sameAs\":[\"http:\/\/narteks.net\"],\"url\":\"https:\/\/narteks.net\/index.php\/author\/narbak\/\"}]}<\/script>\n<!-- \/ Yoast SEO Premium plugin. -->","yoast_head_json":{"title":"And Olsunki! Milyonlar\u0131n Korosuyla Hayk\u0131raca\u011f\u0131z T\u00fcrk\u00fclerimizi | Grup MUNZUR - narteks.net","robots":{"index":"index","follow":"follow","max-snippet":"max-snippet:-1","max-image-preview":"max-image-preview:large","max-video-preview":"max-video-preview:-1"},"canonical":"https:\/\/narteks.net\/index.php\/2009\/12\/10\/and-olsunki-milyonlarin-korosuyla-haykiracagiz-turkulerimizi-grup-munzur\/","og_locale":"tr_TR","og_type":"article","og_title":"And Olsunki! Milyonlar\u0131n Korosuyla Hayk\u0131raca\u011f\u0131z T\u00fcrk\u00fclerimizi | Grup MUNZUR","og_description":"&#8220;And Olsunki! Milyonlar\u0131n Korosuyla Hayk\u0131raca\u011f\u0131z T\u00fcrk\u00fclerimizi!&#8221; Grup Munzur, sanat faaliyetine 1992 y\u0131l\u0131nda d\u00f6rt ki\u015fi ile \u0130zmir\u2019de ba\u015flad\u0131. \u00c7e\u015fitli etkinlikler ve konserlerden sonra 1993\u2019te \u0130stanbul\u2019a gelen grup, d\u00fczenli \u00e7al\u0131\u015fmalar i\u00e7in uygun bir mek\u00e2n\u0131n olmamas\u0131 nedeniyle, \u00e7al\u0131\u015fma yeri olarak dernek ve sendikalara y\u00f6neldi. \u00d6zellikle muhalif kimlikli m\u00fczik gruplar\u0131n\u0131n kar\u015f\u0131la\u015ft\u0131\u011f\u0131 en b\u00fcy\u00fck sorunlardan biri olan \u00e7al\u0131\u015fma mek\u00e2n\u0131 sorunu [&hellip;]","og_url":"https:\/\/narteks.net\/index.php\/2009\/12\/10\/and-olsunki-milyonlarin-korosuyla-haykiracagiz-turkulerimizi-grup-munzur\/","og_site_name":"narteks.net","article_published_time":"2009-12-10T19:48:39+00:00","og_image":[{"width":300,"height":90,"url":"https:\/\/narteks.net\/wp-content\/uploads\/narteks.png","type":"image\/png"}],"author":"Tar\u0131k","twitter_card":"summary_large_image","twitter_creator":"@narteks","twitter_site":"@narteks","twitter_misc":{"Yazan:":"Tar\u0131k","Tahmini okuma s\u00fcresi":"4 dakika"},"schema":{"@context":"https:\/\/schema.org","@graph":[{"@type":"Article","@id":"https:\/\/narteks.net\/index.php\/2009\/12\/10\/and-olsunki-milyonlarin-korosuyla-haykiracagiz-turkulerimizi-grup-munzur\/#article","isPartOf":{"@id":"https:\/\/narteks.net\/index.php\/2009\/12\/10\/and-olsunki-milyonlarin-korosuyla-haykiracagiz-turkulerimizi-grup-munzur\/"},"author":{"name":"Tar\u0131k","@id":"https:\/\/narteks.net\/#\/schema\/person\/61f37d9834294b72d31d274e7ed79bca"},"headline":"And Olsunki! Milyonlar\u0131n Korosuyla Hayk\u0131raca\u011f\u0131z T\u00fcrk\u00fclerimizi | Grup MUNZUR","datePublished":"2009-12-10T19:48:39+00:00","mainEntityOfPage":{"@id":"https:\/\/narteks.net\/index.php\/2009\/12\/10\/and-olsunki-milyonlarin-korosuyla-haykiracagiz-turkulerimizi-grup-munzur\/"},"wordCount":771,"commentCount":0,"publisher":{"@id":"https:\/\/narteks.net\/#organization"},"articleSection":["M\u00fczik Gruplar\u0131"],"inLanguage":"tr","potentialAction":[{"@type":"CommentAction","name":"Comment","target":["https:\/\/narteks.net\/index.php\/2009\/12\/10\/and-olsunki-milyonlarin-korosuyla-haykiracagiz-turkulerimizi-grup-munzur\/#respond"]}]},{"@type":"WebPage","@id":"https:\/\/narteks.net\/index.php\/2009\/12\/10\/and-olsunki-milyonlarin-korosuyla-haykiracagiz-turkulerimizi-grup-munzur\/","url":"https:\/\/narteks.net\/index.php\/2009\/12\/10\/and-olsunki-milyonlarin-korosuyla-haykiracagiz-turkulerimizi-grup-munzur\/","name":"And Olsunki! Milyonlar\u0131n Korosuyla Hayk\u0131raca\u011f\u0131z T\u00fcrk\u00fclerimizi | Grup MUNZUR - narteks.net","isPartOf":{"@id":"https:\/\/narteks.net\/#website"},"datePublished":"2009-12-10T19:48:39+00:00","breadcrumb":{"@id":"https:\/\/narteks.net\/index.php\/2009\/12\/10\/and-olsunki-milyonlarin-korosuyla-haykiracagiz-turkulerimizi-grup-munzur\/#breadcrumb"},"inLanguage":"tr","potentialAction":[{"@type":"ReadAction","target":["https:\/\/narteks.net\/index.php\/2009\/12\/10\/and-olsunki-milyonlarin-korosuyla-haykiracagiz-turkulerimizi-grup-munzur\/"]}]},{"@type":"BreadcrumbList","@id":"https:\/\/narteks.net\/index.php\/2009\/12\/10\/and-olsunki-milyonlarin-korosuyla-haykiracagiz-turkulerimizi-grup-munzur\/#breadcrumb","itemListElement":[{"@type":"ListItem","position":1,"name":"Anasayfa","item":"https:\/\/narteks.net\/"},{"@type":"ListItem","position":2,"name":"And Olsunki! Milyonlar\u0131n Korosuyla Hayk\u0131raca\u011f\u0131z T\u00fcrk\u00fclerimizi | Grup MUNZUR"}]},{"@type":"WebSite","@id":"https:\/\/narteks.net\/#website","url":"https:\/\/narteks.net\/","name":"narteks.net","description":"K\u00fclt\u00fcr Sanat Edebiyat Felsefe","publisher":{"@id":"https:\/\/narteks.net\/#organization"},"alternateName":"K\u00fclt\u00fcr Sanat Edebiyat Felsefe","potentialAction":[{"@type":"SearchAction","target":{"@type":"EntryPoint","urlTemplate":"https:\/\/narteks.net\/?s={search_term_string}"},"query-input":{"@type":"PropertyValueSpecification","valueRequired":true,"valueName":"search_term_string"}}],"inLanguage":"tr"},{"@type":"Organization","@id":"https:\/\/narteks.net\/#organization","name":"narteks.net","url":"https:\/\/narteks.net\/","logo":{"@type":"ImageObject","inLanguage":"tr","@id":"https:\/\/narteks.net\/#\/schema\/logo\/image\/","url":"https:\/\/narteks.net\/wp-content\/uploads\/narteks.png","contentUrl":"https:\/\/narteks.net\/wp-content\/uploads\/narteks.png","width":300,"height":90,"caption":"narteks.net"},"image":{"@id":"https:\/\/narteks.net\/#\/schema\/logo\/image\/"},"sameAs":["https:\/\/x.com\/narteks","https:\/\/instagram.com\/narteksnet"]},{"@type":"Person","@id":"https:\/\/narteks.net\/#\/schema\/person\/61f37d9834294b72d31d274e7ed79bca","name":"Tar\u0131k","image":{"@type":"ImageObject","inLanguage":"tr","@id":"https:\/\/narteks.net\/#\/schema\/person\/image\/","url":"https:\/\/secure.gravatar.com\/avatar\/50865afb55632c4ae467e0af0930f6510aa2297d8014be502a55b14f3b7550cf?s=96&d=mm&r=g","contentUrl":"https:\/\/secure.gravatar.com\/avatar\/50865afb55632c4ae467e0af0930f6510aa2297d8014be502a55b14f3b7550cf?s=96&d=mm&r=g","caption":"Tar\u0131k"},"sameAs":["http:\/\/narteks.net"],"url":"https:\/\/narteks.net\/index.php\/author\/narbak\/"}]}},"_links":{"self":[{"href":"https:\/\/narteks.net\/index.php\/wp-json\/wp\/v2\/posts\/2849","targetHints":{"allow":["GET"]}}],"collection":[{"href":"https:\/\/narteks.net\/index.php\/wp-json\/wp\/v2\/posts"}],"about":[{"href":"https:\/\/narteks.net\/index.php\/wp-json\/wp\/v2\/types\/post"}],"author":[{"embeddable":true,"href":"https:\/\/narteks.net\/index.php\/wp-json\/wp\/v2\/users\/1"}],"replies":[{"embeddable":true,"href":"https:\/\/narteks.net\/index.php\/wp-json\/wp\/v2\/comments?post=2849"}],"version-history":[{"count":0,"href":"https:\/\/narteks.net\/index.php\/wp-json\/wp\/v2\/posts\/2849\/revisions"}],"wp:attachment":[{"href":"https:\/\/narteks.net\/index.php\/wp-json\/wp\/v2\/media?parent=2849"}],"wp:term":[{"taxonomy":"category","embeddable":true,"href":"https:\/\/narteks.net\/index.php\/wp-json\/wp\/v2\/categories?post=2849"},{"taxonomy":"post_tag","embeddable":true,"href":"https:\/\/narteks.net\/index.php\/wp-json\/wp\/v2\/tags?post=2849"}],"curies":[{"name":"wp","href":"https:\/\/api.w.org\/{rel}","templated":true}]}}