{"id":2850,"date":"2009-12-11T01:26:16","date_gmt":"2009-12-10T22:26:16","guid":{"rendered":"http:\/\/localhost\/wordpress\/2009\/12\/11\/sizi-rahatsiz-etmekten-nefret-ediyorum-eduardo-galeano\/"},"modified":"2009-12-11T01:26:16","modified_gmt":"2009-12-10T22:26:16","slug":"sizi-rahatsiz-etmekten-nefret-ediyorum-eduardo-galeano","status":"publish","type":"post","link":"https:\/\/narteks.net\/index.php\/2009\/12\/11\/sizi-rahatsiz-etmekten-nefret-ediyorum-eduardo-galeano\/","title":{"rendered":"Sizi Rahats\u0131z Etmekten Nefret Ediyorum | Eduardo Galeano"},"content":{"rendered":"<p class=\"no_space\"><strong><img loading=\"lazy\" decoding=\"async\" style=\"float: left;\" src=\"http:\/\/obocatriste.files.wordpress.com\/2008\/09\/6l0hqgh.jpg\" width=\"155\" height=\"203\" border=\"0\" \/><\/strong><\/p>\n<p style=\"text-align: justify;\">Sizinle baz\u0131 sorular\u0131 -kafam\u0131n i\u00e7inde v\u0131z\u0131lday\u0131p duran sinekleri- payla\u015fmak isterim.Adaletin do\u011fru taraf\u0131 m\u0131 yukar\u0131da duruyor?Yoksa d\u00fcnya adaleti ba\u015f a\u015fa\u011f\u0131 bir konumda donup kalm\u0131\u015f durumda m\u0131?Irak&#8217;\u0131n &#8220;ayakkab\u0131 at\u0131c\u0131s\u0131&#8221;, ayakkab\u0131lar\u0131n\u0131 Bush&#8217;a f\u0131rlatan adam \u00fc\u00e7 y\u0131l hapse mahkum edildi. Bunun yerine bir madalyay\u0131 hak etmiyor mu?Ter\u00f6rist kim? Ayakkab\u0131y\u0131 f\u0131rlatan m\u0131, ayakkab\u0131n\u0131n f\u0131rlat\u0131ld\u0131\u011f\u0131 m\u0131? Ger\u00e7ek ter\u00f6rist, yalan s\u00f6yleyerek Irak sava\u015f\u0131n\u0131 imal eden, bir s\u00fcr\u00fc insan\u0131 katleden, i\u015fkenceyi emreden ve yasalla\u015ft\u0131ran seri katil de\u011fil mi?Su\u00e7lu olan kim? Meksika&#8217;daki Atenco halk\u0131, \u015eili&#8217;nin yerlileri Mapuche&#8217;ler, Guatemala&#8217;n\u0131n Kekchie&#8217;leri, Brezilya&#8217;n\u0131n topraks\u0131z k\u00f6yl\u00fcleri mi? Hepsi kendi topraklar\u0131na sahip olma haklar\u0131n\u0131 savunduklar\u0131 i\u00e7in ter\u00f6rizm su\u00e7uyla su\u00e7lan\u0131yorlar. Toprak kutsalsa, yasa b\u00f6yle s\u00f6ylemese bile, onu savunanlar da kutsal de\u011fil midir?<\/p>\n<p style=\"text-align: justify;\">Foreign Policy dergisine g\u00f6re Somali d\u00fcnyan\u0131n en tehlikeli yeri. Ama korsanlar kim? Gemilere veya y\u0131llar\u0131n\u0131 d\u00fcnyaya sald\u0131r\u0131p \u015fimdi de ac\u0131lar\u0131 i\u00e7in milyonlarca dolarla \u00f6d\u00fcllendirilen Wall Street spek\u00fclat\u00f6rlerine sald\u0131ran a\u00e7 insanlar m\u0131?<\/p>\n<p>D\u00fcnya neden ya\u011fmac\u0131lar\u0131n\u0131 \u00f6d\u00fcllendirir ki?<\/p>\n<p>Adalet neden tek g\u00f6z\u00fc g\u00f6rmez bir kad\u0131nd\u0131r? Wal-Mart, d\u00fcnyadaki en g\u00fc\u00e7l\u00fc \u015firket, sendikalar\u0131 yasakl\u0131yor, McDonald&#8217;s da \u00f6yle. Bu \u015firketler hem de cezadan muaf kalarak uluslararas\u0131 hukuku neden ihlal ediyorlar? Bu bizim \u00e7a\u011fda\u015f d\u00fcnyam\u0131zda, i\u015f \u00e7\u00f6pten daha de\u011fersiz, i\u015f\u00e7ilerin haklar\u0131 daha da de\u011fersiz bulundu\u011fu i\u00e7in olabilir mi?<\/p>\n<p>Erdemli olan kim, al\u00e7ak olan kim? Uluslararas\u0131 adalet ger\u00e7ekten varsa, g\u00fc\u00e7l\u00fc olan neden hi\u00e7 yarg\u0131lanm\u0131yor? En feci kasapl\u0131klar\u0131 tasarlayanlar hi\u00e7 hapse g\u00f6nderilmiyor. Acaba hapishanelerin anahtarlar\u0131n\u0131 asl\u0131nda bu kasaplar ellerinde tuttu\u011fu i\u00e7in olabilir mi?<\/p>\n<p>Birle\u015fmi\u015f Milletler&#8217;de veto g\u00fcc\u00fc olan be\u015f \u00fclkeyi dokunulmaz k\u0131lan nedir? Veto g\u00fc\u00e7leri ilahi bir k\u00f6kenden mi geliyor? Sava\u015ftan k\u00e2r edenlerin bar\u0131\u015f\u0131 koruyacaklar\u0131na g\u00fcvenebilir misiniz?<\/p>\n<p>D\u00fcnya bar\u0131\u015f\u0131n\u0131n ayn\u0131 anda d\u00fcnyan\u0131n ana silah \u00fcreticileri olan ayn\u0131 be\u015f \u00fclkenin elinde olmas\u0131 adil mi? Uyu\u015fturucu tacirlerine sayg\u0131s\u0131zl\u0131k etmeksizin, bu d\u00fczene \u00f6rg\u00fctl\u00fc su\u00e7 \u00f6rne\u011fi diyemez miyiz?<\/p>\n<p>Her yerde \u00f6l\u00fcm cezas\u0131 olsun diye yaygara koparanlar, d\u00fcnyan\u0131n sahipleri konusunda, tuhaft\u0131r, sessiz kal\u0131yor. Daha da k\u00f6t\u00fcs\u00fc bu yaygarac\u0131lar s\u00fcrekli eli kanl\u0131 katillerden yak\u0131n\u0131yor, ama eli f\u00fczeli ba\u015fkatillerle ilgili hi\u00e7bir \u015fey s\u00f6ylemiyorlar.<\/p>\n<p>\u0130nsan kendi kendine soruyor: Bu kerameti kendinden menkul d\u00fcnya sahipleri \u00f6ld\u00fcrmeye bunca bay\u0131l\u0131yorlarsa, insan cinai meyillerini toplumsal adaletsizlere y\u00f6neltsinler diye neden dua etmesin? Her bir dakika askeriyeye \u00fc\u00e7 milyon dolar harcan\u0131rken, ayn\u0131 zamanda 15 \u00e7ocu\u011fun a\u00e7l\u0131ktan veya \u00f6nlenebilir hastal\u0131klardan yok olup gitti\u011fi bir d\u00fcnya adil midir? Bu uluslararas\u0131 toplum denen ba\u015ftan aya\u011fa kime kar\u015f\u0131 silahlanm\u0131\u015ft\u0131r? Yoksullu\u011fa m\u0131, yoksullara m\u0131?<\/p>\n<p>Dayak cezas\u0131n\u0131 canla ba\u015fla savunanlar hiddetlerini neden t\u00fcketici topluma, kamu g\u00fcvenli\u011fine do\u011frudan bir tehdit olu\u015fturan de\u011ferlere y\u00f6neltmez? Ya da, bitmez t\u00fckenmez reklam bombard\u0131man\u0131 su\u00e7a te\u015fvik i\u00e7ermiyor mu? Bu bombard\u0131man milyonlarca i\u015fsiz veya \u00e7ok az para \u00f6denen genci uyu\u015fturup onlara &#8220;olmak = sahip olmakt\u0131r&#8221;, &#8220;hayat\u0131n anlam\u0131 arabalar\u0131n ya da marka ayakkab\u0131lar\u0131n sahipli\u011finden gelir&#8221; yalan\u0131n\u0131 berdevam \u00f6\u011fretmiyor mu? Sahip ol, sahip ol, deyip duruyorlar boyuna, &#8220;bir \u015feyi olmayan hi\u00e7bir \u015feydir&#8221;i ima ederek.<\/p>\n<p>\u00d6l\u00fcm cezas\u0131 neden \u00f6l\u00fcm\u00fcn kendine uygulanmaz? D\u00fcnya \u00f6l\u00fcme hizmet i\u00e7in d\u00fczenlenmi\u015f durumda. Askeri sanayi karma\u015fas\u0131n\u0131n \u00f6l\u00fcm \u00fcretirken kaynaklar\u0131m\u0131z\u0131n da enerjimizin de \u00e7o\u011funu yiyip bitirdi\u011fi do\u011fru de\u011fil mi? Yine de d\u00fcnyan\u0131n sahipleri \u015fiddeti ancak ba\u015fkalar\u0131 uygulad\u0131\u011f\u0131nda k\u0131n\u0131yor. D\u00fcnya d\u0131\u015f\u0131 yarat\u0131klar, e\u011fer varlarsa, bu \u015fiddet tekelini a\u00e7\u0131klanamaz bulacakt\u0131r. Keza, b\u00fct\u00fcn kan\u0131tlara kar\u015f\u0131n hayatta kalma umudunu s\u00fcrd\u00fcren d\u00fcnya sakinleri i\u00e7in de \u015fu desteklenemezdir: Biz insanlar, birbirlerinin soyunu kar\u015f\u0131l\u0131kl\u0131 t\u00fcketmede uzman olan, sonu\u00e7ta gezegenimizi ve \u00fczerinde ya\u015fayanlar\u0131 da yok edecek bir imha teknolojisi geli\u015ftirmi\u015f tek hayvan t\u00fcr\u00fcy\u00fcz.<\/p>\n<p>Bu teknoloji kendini korkuyla s\u00fcrd\u00fcr\u00fcyor. Bu korku, kaynaklar\u0131 askeriye ve polisle \u00e7ar\u00e7ur etmenin gerek\u00e7esi olan, d\u00fc\u015fmanlardan korku duyma hali. \u00d6l\u00fcm cezas\u0131n\u0131 uygulamak demi\u015fken, neden korkunun kendisine \u00f6l\u00fcm cezas\u0131n\u0131 yasala\u015ft\u0131rm\u0131yoruz? B\u00f6yle yapmak bizi, profesyonel korku sal\u0131c\u0131lar\u0131n evrensel diktat\u00f6rl\u00fcklerine son verebilir hale getirmez mi? Panik yayanlar, bizi yaln\u0131zl\u0131\u011fa mahkum ediyor, dayan\u0131\u015fmay\u0131 ula\u015f\u0131lmaz k\u0131l\u0131yor: Bize itin iti \u0131s\u0131rd\u0131\u011f\u0131 bir d\u00fcnyada ya\u015fad\u0131\u011f\u0131m\u0131z, elinde olan\u0131n yan\u0131ndakileri ezmesi gerekti\u011fi, her bir kom\u015funun arkas\u0131nda tehlike bar\u0131nd\u0131rd\u0131\u011f\u0131 bir d\u00fcnyada ya\u015fad\u0131\u011f\u0131m\u0131z yalan\u0131n\u0131 \u00f6\u011fretiyorlar. Sak\u0131n kendini, deyip duruyorlar, dikkatli ol; bu kom\u015fu senden \u00e7alar, di\u011feri sana tecav\u00fcz eder, o bebek arabas\u0131nda M\u00fcsl\u00fcman bir bomba var ve seni izleyen o kad\u0131n -o masum y\u00fczl\u00fc kom\u015fun var ya- kesin sana domuz gribi bula\u015ft\u0131r\u0131r.<\/p>\n<p>Bu ba\u015f a\u015fa\u011f\u0131 duran d\u00fcnyada, bizi adalet ve sa\u011fduyunun en temel eylemlerinden bile korkar hale getiriyorlar. Ba\u015fkan Evo Morales yerli \u00e7o\u011funluk aynada kendine bakt\u0131\u011f\u0131nda art\u0131k utan\u00e7 duymas\u0131n diye Bolivya&#8217;y\u0131 yeniden kurmaya ba\u015flay\u0131nca, edimleri pani\u011fe yol a\u00e7t\u0131. Morales&#8217;in meydan okumas\u0131, ger\u00e7ekten de \u0131rk\u00e7\u0131 d\u00fczenin a\u00e7\u0131s\u0131ndan bak\u0131ld\u0131\u011f\u0131nda felaket gibiydi; bu d\u00fczenden kazan\u00e7l\u0131 \u00e7\u0131kanlar Bolivya&#8217;n\u0131n tek se\u00e7ene\u011finin kendilerininki oldu\u011funa inan\u0131yordu. Onlar\u0131n inanc\u0131na g\u00f6re, karga\u015fa ve \u015fiddeti Evo getirmi\u015fti, b\u00f6ylece \u00fczerine at\u0131lan bu su\u00e7 ulusal birli\u011fi havaya u\u00e7urup Bolivya&#8217;y\u0131 par\u00e7alara b\u00f6lebilecek \u00e7abalar\u0131n gerek\u00e7esi oldu. Ekvador Ba\u015fkan\u0131 Correa \u00fclkesinin gayrime\u015fru bor\u00e7lar\u0131n\u0131 \u00f6demeyi reddetti\u011finde, haberler finans d\u00fcnyas\u0131nda karga\u015faya neden oldu ve Ekvador b\u00f6ylesi k\u00f6t\u00fc bir \u00f6rnek olmaya c\u00fcret etti\u011fi i\u00e7in en korkun\u00e7, ivedi cezayla tehdit edildi. E\u011fer askeri diktat\u00f6rl\u00fckler ve \u00e7apk\u0131n politikac\u0131lar hep uluslararas\u0131 bankalar taraf\u0131ndan \u015f\u0131mart\u0131lm\u0131\u015flarsa, halk\u0131n kendine vurulan sopan\u0131n ve onu ya\u011fmalayan a\u00e7g\u00f6zl\u00fcl\u00fc\u011f\u00fcn bedelini \u00f6demek zorunda olmas\u0131n\u0131, ka\u00e7\u0131n\u0131lmaz kaderimiz olarak kabullenmeye kendimizi \u00e7oktan \u015fartlam\u0131\u015f durumda de\u011fil miyiz?<\/p>\n<p>\u0130yi de, sa\u011fduyu ve adalet hep birbirinden ayr\u0131lm\u0131\u015f halde miydi?<\/p>\n<p>Sa\u011fduyu ve adaletin el ele y\u00fcr\u00fcmesi, yak\u0131n bir ili\u015fkide olmas\u0131 gerekmez miydi?<\/p>\n<p>Sa\u011fduyu ve ayn\u0131 zamanda adalet, biz erkekler hamile kalmak zorunda olsayd\u0131k, k\u00fcrtaj\u0131n serbest olaca\u011f\u0131n\u0131 s\u00f6yleyen feminist sloganla uyumlu de\u011fil midir? K\u00fcrtaj hakk\u0131n\u0131 neden yasalla\u015ft\u0131rmayal\u0131m? Bunun nedeni, k\u00fcrtaj\u0131n art\u0131k yaln\u0131zca paras\u0131 yeten kad\u0131nlar\u0131n ve bu paray\u0131 alan doktorlar\u0131n ayr\u0131cal\u0131\u011f\u0131 olmaktan \u00e7\u0131kmas\u0131 olmas\u0131n?<\/p>\n<p>Ayn\u0131 \u015fey adalet ve sa\u011fduyunun reddedildi\u011fi skandal gibi ba\u015fka bir vakada da g\u00f6zleniyor: Uyu\u015fturucular neden yasal de\u011fil? Bu da, t\u0131pk\u0131 k\u00fcrtaj gibi, bir halk sa\u011fl\u0131\u011f\u0131 sorunu de\u011fil mi? Ve kendi n\u00fcfusunda di\u011fer \u00fclkelerden \u00e7ok daha fazla uyu\u015fturucu ba\u011f\u0131ml\u0131s\u0131 oldu\u011funu s\u00f6yleyen o \u00fclkeye gelince, kendi uyu\u015fturucu tedarik\u00e7ilerini mahkum edecek hangi ahlaki yetkeye sahip? Ve kendini uyu\u015fturucu belas\u0131yla sava\u015fa adam\u0131\u015f yayg\u0131n medya, d\u00fcnyada t\u00fcketilen neredeyse b\u00fct\u00fcn eroini sa\u011flayan\u0131n tek ba\u015f\u0131na Afganistan oldu\u011funu neden hi\u00e7 a\u00e7\u0131k etmez? Afganistan, kendine hepimizi kurtarma g\u00f6revini ihsan eyleyen o kutsanm\u0131\u015f \u00fclkenin i\u015fgali alt\u0131nda de\u011fil mi?<\/p>\n<p>Neden uyu\u015fturucular hepten yasal ilan edilmiyor? Askeri istilalar\u0131n en iyi bahanesi olduklar\u0131, ayr\u0131ca gecenin karanl\u0131\u011f\u0131nda para aklama merkezleri olarak i\u015f g\u00f6ren b\u00fcy\u00fck bankalara en tatl\u0131 k\u00e2rlar\u0131 sa\u011flad\u0131klar\u0131 i\u00e7in olabilir mi?<\/p>\n<p>Bug\u00fcnlerde d\u00fcnya \u00fczg\u00fcn, \u00e7\u00fcnk\u00fc daha az ta\u015f\u0131t sat\u0131l\u0131yor. K\u00fcresel krizin sonu\u00e7lar\u0131ndan biri, durum tersine olsayd\u0131 g\u00f6nenecek olan araba sanayisindeki ini\u015fe ge\u00e7i\u015f. Bir par\u00e7a sa\u011fduyumuz, birazc\u0131k olsun adalet duygunuz olsayd\u0131, bu g\u00fczel haberi kutlamaz m\u0131yd\u0131k?<\/p>\n<p>Otomobil say\u0131s\u0131ndaki azalman\u0131n, do\u011fa i\u00e7in iyi bir \u015fey oldu\u011funu, yitip giderken damarlar\u0131nda biraz daha az zehir olaca\u011f\u0131n\u0131 inkar edecek kimse olabilir mi? Araba say\u0131s\u0131ndaki bu azalman\u0131n, daha az ki\u015finin \u00f6lece\u011fini anlad\u0131ktan sonra, yayalar i\u00e7in de\u011ferini inkar edecek biri olabilir mi?<\/p>\n<p>Lewis Carroll&#8217;\u0131n krali\u00e7esi, Alice&#8217;e aynalar d\u00fcnyas\u0131nda adaletin nas\u0131l da\u011f\u0131t\u0131ld\u0131\u011f\u0131n\u0131 \u015f\u00f6yle a\u00e7\u0131kl\u0131yordu:<\/p>\n<p>&#8220;\u0130\u015fte Kral&#8217;\u0131n Habercisi. \u015eimdi hapiste, cezas\u0131n\u0131 \u00e7ekiyor, mahkeme gelecek \u00e7ar\u015famba ba\u015flayacak; ve tabii su\u00e7 en son s\u0131rada.&#8221;<\/p>\n<p>El Salvador&#8217;da Ba\u015fpiskopos Oscar Arnulfo Romero, adaletin, t\u0131pk\u0131 bir y\u0131lan\u0131n yapt\u0131\u011f\u0131 gibi, yaln\u0131zca bald\u0131r\u0131 \u00e7\u0131plak insanlar\u0131 \u0131s\u0131rd\u0131\u011f\u0131n\u0131 g\u00f6rm\u00fc\u015ft\u00fc. \u00dclkesindeki m\u00fclks\u00fcz insanlar\u0131n daha en ba\u015ftan, do\u011fduklar\u0131 andan itibaren mahkum olduklar\u0131n\u0131 ilan etti\u011fi i\u00e7in, kur\u015fun yaralar\u0131yla \u00f6ld\u00fc.<\/p>\n<p>El Salvador&#8217;daki son se\u00e7imlerin sonucu, bir bak\u0131ma Ba\u015fpiskopos Romero&#8217;ya ve onun gibi adaletsizli\u011fin h\u00fck\u00fcmranl\u0131\u011f\u0131nda adaletin ayaklar\u0131n\u0131n \u00fcst\u00fcnde durmas\u0131 i\u00e7in m\u00fccadele eden binlercesine bir sayg\u0131 duru\u015fu olarak g\u00f6r\u00fclemez mi?<\/p>\n<p>Bazen, tarihin anlat\u0131lar\u0131 k\u00f6t\u00fc \u015fekilde sona erer, ama tarihin kendisi hi\u00e7 sona ermez. Tarih Han\u0131m ne zaman &#8220;ho\u015f\u00e7a kal&#8221; dese, asl\u0131nda yaln\u0131zca &#8220;geri d\u00f6nece\u011fim&#8221; diyordur. (EG\/MN\/TK)<\/p>\n<p>* Uruguayl\u0131 d\u00fc\u015f\u00fcn\u00fcr, yazar, gazeteci Eduardo Galeano&#8217;nun \u0130spanyolca yazd\u0131\u011f\u0131 metnini, counterpunch.org&#8217;da yay\u0131nlanan Dr. Moti Nissani&#8217;nin \u0130ngilizce \u00e7evirisinden Tolga Korkut T\u00fcrk\u00e7ele\u015ftirdi.<\/p>\n","protected":false},"excerpt":{"rendered":"<p>Sizinle baz\u0131 sorular\u0131 -kafam\u0131n i\u00e7inde v\u0131z\u0131lday\u0131p duran sinekleri- payla\u015fmak isterim.Adaletin do\u011fru taraf\u0131 m\u0131 yukar\u0131da duruyor?Yoksa d\u00fcnya adaleti ba\u015f a\u015fa\u011f\u0131 bir konumda donup kalm\u0131\u015f durumda m\u0131?Irak&#8217;\u0131n &#8220;ayakkab\u0131 at\u0131c\u0131s\u0131&#8221;, ayakkab\u0131lar\u0131n\u0131 Bush&#8217;a f\u0131rlatan adam \u00fc\u00e7 y\u0131l hapse mahkum edildi. Bunun yerine bir madalyay\u0131 hak etmiyor mu?Ter\u00f6rist kim? Ayakkab\u0131y\u0131 f\u0131rlatan m\u0131, ayakkab\u0131n\u0131n f\u0131rlat\u0131ld\u0131\u011f\u0131 m\u0131? Ger\u00e7ek ter\u00f6rist, yalan s\u00f6yleyerek Irak [&hellip;]<\/p>\n","protected":false},"author":1,"featured_media":0,"comment_status":"open","ping_status":"open","sticky":false,"template":"","format":"standard","meta":{"footnotes":""},"categories":[99],"tags":[],"class_list":{"0":"post-2850","1":"post","2":"type-post","3":"status-publish","4":"format-standard","6":"category-dunya"},"yoast_head":"<!-- This site is optimized with the Yoast SEO Premium plugin v24.9 (Yoast SEO v24.9) - https:\/\/yoast.com\/wordpress\/plugins\/seo\/ -->\n<title>Sizi Rahats\u0131z Etmekten Nefret Ediyorum | Eduardo Galeano - narteks.net<\/title>\n<meta name=\"robots\" content=\"index, follow, max-snippet:-1, max-image-preview:large, max-video-preview:-1\" \/>\n<link rel=\"canonical\" href=\"https:\/\/narteks.net\/index.php\/2009\/12\/11\/sizi-rahatsiz-etmekten-nefret-ediyorum-eduardo-galeano\/\" \/>\n<meta property=\"og:locale\" content=\"tr_TR\" \/>\n<meta property=\"og:type\" content=\"article\" \/>\n<meta property=\"og:title\" content=\"Sizi Rahats\u0131z Etmekten Nefret Ediyorum | Eduardo Galeano\" \/>\n<meta property=\"og:description\" content=\"Sizinle baz\u0131 sorular\u0131 -kafam\u0131n i\u00e7inde v\u0131z\u0131lday\u0131p duran sinekleri- payla\u015fmak isterim.Adaletin do\u011fru taraf\u0131 m\u0131 yukar\u0131da duruyor?Yoksa d\u00fcnya adaleti ba\u015f a\u015fa\u011f\u0131 bir konumda donup kalm\u0131\u015f durumda m\u0131?Irak&#8217;\u0131n &#8220;ayakkab\u0131 at\u0131c\u0131s\u0131&#8221;, ayakkab\u0131lar\u0131n\u0131 Bush&#8217;a f\u0131rlatan adam \u00fc\u00e7 y\u0131l hapse mahkum edildi. Bunun yerine bir madalyay\u0131 hak etmiyor mu?Ter\u00f6rist kim? Ayakkab\u0131y\u0131 f\u0131rlatan m\u0131, ayakkab\u0131n\u0131n f\u0131rlat\u0131ld\u0131\u011f\u0131 m\u0131? Ger\u00e7ek ter\u00f6rist, yalan s\u00f6yleyerek Irak [&hellip;]\" \/>\n<meta property=\"og:url\" content=\"https:\/\/narteks.net\/index.php\/2009\/12\/11\/sizi-rahatsiz-etmekten-nefret-ediyorum-eduardo-galeano\/\" \/>\n<meta property=\"og:site_name\" content=\"narteks.net\" \/>\n<meta property=\"article:published_time\" content=\"2009-12-10T22:26:16+00:00\" \/>\n<meta property=\"og:image\" content=\"http:\/\/obocatriste.files.wordpress.com\/2008\/09\/6l0hqgh.jpg\" \/>\n<meta name=\"author\" content=\"Tar\u0131k\" \/>\n<meta name=\"twitter:card\" content=\"summary_large_image\" \/>\n<meta name=\"twitter:creator\" content=\"@narteks\" \/>\n<meta name=\"twitter:site\" content=\"@narteks\" \/>\n<meta name=\"twitter:label1\" content=\"Yazan:\" \/>\n\t<meta name=\"twitter:data1\" content=\"Tar\u0131k\" \/>\n\t<meta name=\"twitter:label2\" content=\"Tahmini okuma s\u00fcresi\" \/>\n\t<meta name=\"twitter:data2\" content=\"8 dakika\" \/>\n<script type=\"application\/ld+json\" class=\"yoast-schema-graph\">{\"@context\":\"https:\/\/schema.org\",\"@graph\":[{\"@type\":\"Article\",\"@id\":\"https:\/\/narteks.net\/index.php\/2009\/12\/11\/sizi-rahatsiz-etmekten-nefret-ediyorum-eduardo-galeano\/#article\",\"isPartOf\":{\"@id\":\"https:\/\/narteks.net\/index.php\/2009\/12\/11\/sizi-rahatsiz-etmekten-nefret-ediyorum-eduardo-galeano\/\"},\"author\":{\"name\":\"Tar\u0131k\",\"@id\":\"https:\/\/narteks.net\/#\/schema\/person\/61f37d9834294b72d31d274e7ed79bca\"},\"headline\":\"Sizi Rahats\u0131z Etmekten Nefret Ediyorum | Eduardo Galeano\",\"datePublished\":\"2009-12-10T22:26:16+00:00\",\"mainEntityOfPage\":{\"@id\":\"https:\/\/narteks.net\/index.php\/2009\/12\/11\/sizi-rahatsiz-etmekten-nefret-ediyorum-eduardo-galeano\/\"},\"wordCount\":1692,\"commentCount\":0,\"publisher\":{\"@id\":\"https:\/\/narteks.net\/#organization\"},\"image\":{\"@id\":\"https:\/\/narteks.net\/index.php\/2009\/12\/11\/sizi-rahatsiz-etmekten-nefret-ediyorum-eduardo-galeano\/#primaryimage\"},\"thumbnailUrl\":\"http:\/\/obocatriste.files.wordpress.com\/2008\/09\/6l0hqgh.jpg\",\"articleSection\":[\"D\u00fcnya\"],\"inLanguage\":\"tr\",\"potentialAction\":[{\"@type\":\"CommentAction\",\"name\":\"Comment\",\"target\":[\"https:\/\/narteks.net\/index.php\/2009\/12\/11\/sizi-rahatsiz-etmekten-nefret-ediyorum-eduardo-galeano\/#respond\"]}]},{\"@type\":\"WebPage\",\"@id\":\"https:\/\/narteks.net\/index.php\/2009\/12\/11\/sizi-rahatsiz-etmekten-nefret-ediyorum-eduardo-galeano\/\",\"url\":\"https:\/\/narteks.net\/index.php\/2009\/12\/11\/sizi-rahatsiz-etmekten-nefret-ediyorum-eduardo-galeano\/\",\"name\":\"Sizi Rahats\u0131z Etmekten Nefret Ediyorum | Eduardo Galeano - narteks.net\",\"isPartOf\":{\"@id\":\"https:\/\/narteks.net\/#website\"},\"primaryImageOfPage\":{\"@id\":\"https:\/\/narteks.net\/index.php\/2009\/12\/11\/sizi-rahatsiz-etmekten-nefret-ediyorum-eduardo-galeano\/#primaryimage\"},\"image\":{\"@id\":\"https:\/\/narteks.net\/index.php\/2009\/12\/11\/sizi-rahatsiz-etmekten-nefret-ediyorum-eduardo-galeano\/#primaryimage\"},\"thumbnailUrl\":\"http:\/\/obocatriste.files.wordpress.com\/2008\/09\/6l0hqgh.jpg\",\"datePublished\":\"2009-12-10T22:26:16+00:00\",\"breadcrumb\":{\"@id\":\"https:\/\/narteks.net\/index.php\/2009\/12\/11\/sizi-rahatsiz-etmekten-nefret-ediyorum-eduardo-galeano\/#breadcrumb\"},\"inLanguage\":\"tr\",\"potentialAction\":[{\"@type\":\"ReadAction\",\"target\":[\"https:\/\/narteks.net\/index.php\/2009\/12\/11\/sizi-rahatsiz-etmekten-nefret-ediyorum-eduardo-galeano\/\"]}]},{\"@type\":\"ImageObject\",\"inLanguage\":\"tr\",\"@id\":\"https:\/\/narteks.net\/index.php\/2009\/12\/11\/sizi-rahatsiz-etmekten-nefret-ediyorum-eduardo-galeano\/#primaryimage\",\"url\":\"http:\/\/obocatriste.files.wordpress.com\/2008\/09\/6l0hqgh.jpg\",\"contentUrl\":\"http:\/\/obocatriste.files.wordpress.com\/2008\/09\/6l0hqgh.jpg\"},{\"@type\":\"BreadcrumbList\",\"@id\":\"https:\/\/narteks.net\/index.php\/2009\/12\/11\/sizi-rahatsiz-etmekten-nefret-ediyorum-eduardo-galeano\/#breadcrumb\",\"itemListElement\":[{\"@type\":\"ListItem\",\"position\":1,\"name\":\"Anasayfa\",\"item\":\"https:\/\/narteks.net\/\"},{\"@type\":\"ListItem\",\"position\":2,\"name\":\"Sizi Rahats\u0131z Etmekten Nefret Ediyorum | Eduardo Galeano\"}]},{\"@type\":\"WebSite\",\"@id\":\"https:\/\/narteks.net\/#website\",\"url\":\"https:\/\/narteks.net\/\",\"name\":\"narteks.net\",\"description\":\"K\u00fclt\u00fcr Sanat Edebiyat Felsefe\",\"publisher\":{\"@id\":\"https:\/\/narteks.net\/#organization\"},\"alternateName\":\"K\u00fclt\u00fcr Sanat Edebiyat Felsefe\",\"potentialAction\":[{\"@type\":\"SearchAction\",\"target\":{\"@type\":\"EntryPoint\",\"urlTemplate\":\"https:\/\/narteks.net\/?s={search_term_string}\"},\"query-input\":{\"@type\":\"PropertyValueSpecification\",\"valueRequired\":true,\"valueName\":\"search_term_string\"}}],\"inLanguage\":\"tr\"},{\"@type\":\"Organization\",\"@id\":\"https:\/\/narteks.net\/#organization\",\"name\":\"narteks.net\",\"url\":\"https:\/\/narteks.net\/\",\"logo\":{\"@type\":\"ImageObject\",\"inLanguage\":\"tr\",\"@id\":\"https:\/\/narteks.net\/#\/schema\/logo\/image\/\",\"url\":\"https:\/\/narteks.net\/wp-content\/uploads\/narteks.png\",\"contentUrl\":\"https:\/\/narteks.net\/wp-content\/uploads\/narteks.png\",\"width\":300,\"height\":90,\"caption\":\"narteks.net\"},\"image\":{\"@id\":\"https:\/\/narteks.net\/#\/schema\/logo\/image\/\"},\"sameAs\":[\"https:\/\/x.com\/narteks\",\"https:\/\/instagram.com\/narteksnet\"]},{\"@type\":\"Person\",\"@id\":\"https:\/\/narteks.net\/#\/schema\/person\/61f37d9834294b72d31d274e7ed79bca\",\"name\":\"Tar\u0131k\",\"image\":{\"@type\":\"ImageObject\",\"inLanguage\":\"tr\",\"@id\":\"https:\/\/narteks.net\/#\/schema\/person\/image\/\",\"url\":\"https:\/\/secure.gravatar.com\/avatar\/50865afb55632c4ae467e0af0930f6510aa2297d8014be502a55b14f3b7550cf?s=96&d=mm&r=g\",\"contentUrl\":\"https:\/\/secure.gravatar.com\/avatar\/50865afb55632c4ae467e0af0930f6510aa2297d8014be502a55b14f3b7550cf?s=96&d=mm&r=g\",\"caption\":\"Tar\u0131k\"},\"sameAs\":[\"http:\/\/narteks.net\"],\"url\":\"https:\/\/narteks.net\/index.php\/author\/narbak\/\"}]}<\/script>\n<!-- \/ Yoast SEO Premium plugin. -->","yoast_head_json":{"title":"Sizi Rahats\u0131z Etmekten Nefret Ediyorum | Eduardo Galeano - narteks.net","robots":{"index":"index","follow":"follow","max-snippet":"max-snippet:-1","max-image-preview":"max-image-preview:large","max-video-preview":"max-video-preview:-1"},"canonical":"https:\/\/narteks.net\/index.php\/2009\/12\/11\/sizi-rahatsiz-etmekten-nefret-ediyorum-eduardo-galeano\/","og_locale":"tr_TR","og_type":"article","og_title":"Sizi Rahats\u0131z Etmekten Nefret Ediyorum | Eduardo Galeano","og_description":"Sizinle baz\u0131 sorular\u0131 -kafam\u0131n i\u00e7inde v\u0131z\u0131lday\u0131p duran sinekleri- payla\u015fmak isterim.Adaletin do\u011fru taraf\u0131 m\u0131 yukar\u0131da duruyor?Yoksa d\u00fcnya adaleti ba\u015f a\u015fa\u011f\u0131 bir konumda donup kalm\u0131\u015f durumda m\u0131?Irak&#8217;\u0131n &#8220;ayakkab\u0131 at\u0131c\u0131s\u0131&#8221;, ayakkab\u0131lar\u0131n\u0131 Bush&#8217;a f\u0131rlatan adam \u00fc\u00e7 y\u0131l hapse mahkum edildi. Bunun yerine bir madalyay\u0131 hak etmiyor mu?Ter\u00f6rist kim? Ayakkab\u0131y\u0131 f\u0131rlatan m\u0131, ayakkab\u0131n\u0131n f\u0131rlat\u0131ld\u0131\u011f\u0131 m\u0131? Ger\u00e7ek ter\u00f6rist, yalan s\u00f6yleyerek Irak [&hellip;]","og_url":"https:\/\/narteks.net\/index.php\/2009\/12\/11\/sizi-rahatsiz-etmekten-nefret-ediyorum-eduardo-galeano\/","og_site_name":"narteks.net","article_published_time":"2009-12-10T22:26:16+00:00","og_image":[{"url":"http:\/\/obocatriste.files.wordpress.com\/2008\/09\/6l0hqgh.jpg","type":"","width":"","height":""}],"author":"Tar\u0131k","twitter_card":"summary_large_image","twitter_creator":"@narteks","twitter_site":"@narteks","twitter_misc":{"Yazan:":"Tar\u0131k","Tahmini okuma s\u00fcresi":"8 dakika"},"schema":{"@context":"https:\/\/schema.org","@graph":[{"@type":"Article","@id":"https:\/\/narteks.net\/index.php\/2009\/12\/11\/sizi-rahatsiz-etmekten-nefret-ediyorum-eduardo-galeano\/#article","isPartOf":{"@id":"https:\/\/narteks.net\/index.php\/2009\/12\/11\/sizi-rahatsiz-etmekten-nefret-ediyorum-eduardo-galeano\/"},"author":{"name":"Tar\u0131k","@id":"https:\/\/narteks.net\/#\/schema\/person\/61f37d9834294b72d31d274e7ed79bca"},"headline":"Sizi Rahats\u0131z Etmekten Nefret Ediyorum | Eduardo Galeano","datePublished":"2009-12-10T22:26:16+00:00","mainEntityOfPage":{"@id":"https:\/\/narteks.net\/index.php\/2009\/12\/11\/sizi-rahatsiz-etmekten-nefret-ediyorum-eduardo-galeano\/"},"wordCount":1692,"commentCount":0,"publisher":{"@id":"https:\/\/narteks.net\/#organization"},"image":{"@id":"https:\/\/narteks.net\/index.php\/2009\/12\/11\/sizi-rahatsiz-etmekten-nefret-ediyorum-eduardo-galeano\/#primaryimage"},"thumbnailUrl":"http:\/\/obocatriste.files.wordpress.com\/2008\/09\/6l0hqgh.jpg","articleSection":["D\u00fcnya"],"inLanguage":"tr","potentialAction":[{"@type":"CommentAction","name":"Comment","target":["https:\/\/narteks.net\/index.php\/2009\/12\/11\/sizi-rahatsiz-etmekten-nefret-ediyorum-eduardo-galeano\/#respond"]}]},{"@type":"WebPage","@id":"https:\/\/narteks.net\/index.php\/2009\/12\/11\/sizi-rahatsiz-etmekten-nefret-ediyorum-eduardo-galeano\/","url":"https:\/\/narteks.net\/index.php\/2009\/12\/11\/sizi-rahatsiz-etmekten-nefret-ediyorum-eduardo-galeano\/","name":"Sizi Rahats\u0131z Etmekten Nefret Ediyorum | Eduardo Galeano - narteks.net","isPartOf":{"@id":"https:\/\/narteks.net\/#website"},"primaryImageOfPage":{"@id":"https:\/\/narteks.net\/index.php\/2009\/12\/11\/sizi-rahatsiz-etmekten-nefret-ediyorum-eduardo-galeano\/#primaryimage"},"image":{"@id":"https:\/\/narteks.net\/index.php\/2009\/12\/11\/sizi-rahatsiz-etmekten-nefret-ediyorum-eduardo-galeano\/#primaryimage"},"thumbnailUrl":"http:\/\/obocatriste.files.wordpress.com\/2008\/09\/6l0hqgh.jpg","datePublished":"2009-12-10T22:26:16+00:00","breadcrumb":{"@id":"https:\/\/narteks.net\/index.php\/2009\/12\/11\/sizi-rahatsiz-etmekten-nefret-ediyorum-eduardo-galeano\/#breadcrumb"},"inLanguage":"tr","potentialAction":[{"@type":"ReadAction","target":["https:\/\/narteks.net\/index.php\/2009\/12\/11\/sizi-rahatsiz-etmekten-nefret-ediyorum-eduardo-galeano\/"]}]},{"@type":"ImageObject","inLanguage":"tr","@id":"https:\/\/narteks.net\/index.php\/2009\/12\/11\/sizi-rahatsiz-etmekten-nefret-ediyorum-eduardo-galeano\/#primaryimage","url":"http:\/\/obocatriste.files.wordpress.com\/2008\/09\/6l0hqgh.jpg","contentUrl":"http:\/\/obocatriste.files.wordpress.com\/2008\/09\/6l0hqgh.jpg"},{"@type":"BreadcrumbList","@id":"https:\/\/narteks.net\/index.php\/2009\/12\/11\/sizi-rahatsiz-etmekten-nefret-ediyorum-eduardo-galeano\/#breadcrumb","itemListElement":[{"@type":"ListItem","position":1,"name":"Anasayfa","item":"https:\/\/narteks.net\/"},{"@type":"ListItem","position":2,"name":"Sizi Rahats\u0131z Etmekten Nefret Ediyorum | Eduardo Galeano"}]},{"@type":"WebSite","@id":"https:\/\/narteks.net\/#website","url":"https:\/\/narteks.net\/","name":"narteks.net","description":"K\u00fclt\u00fcr Sanat Edebiyat Felsefe","publisher":{"@id":"https:\/\/narteks.net\/#organization"},"alternateName":"K\u00fclt\u00fcr Sanat Edebiyat Felsefe","potentialAction":[{"@type":"SearchAction","target":{"@type":"EntryPoint","urlTemplate":"https:\/\/narteks.net\/?s={search_term_string}"},"query-input":{"@type":"PropertyValueSpecification","valueRequired":true,"valueName":"search_term_string"}}],"inLanguage":"tr"},{"@type":"Organization","@id":"https:\/\/narteks.net\/#organization","name":"narteks.net","url":"https:\/\/narteks.net\/","logo":{"@type":"ImageObject","inLanguage":"tr","@id":"https:\/\/narteks.net\/#\/schema\/logo\/image\/","url":"https:\/\/narteks.net\/wp-content\/uploads\/narteks.png","contentUrl":"https:\/\/narteks.net\/wp-content\/uploads\/narteks.png","width":300,"height":90,"caption":"narteks.net"},"image":{"@id":"https:\/\/narteks.net\/#\/schema\/logo\/image\/"},"sameAs":["https:\/\/x.com\/narteks","https:\/\/instagram.com\/narteksnet"]},{"@type":"Person","@id":"https:\/\/narteks.net\/#\/schema\/person\/61f37d9834294b72d31d274e7ed79bca","name":"Tar\u0131k","image":{"@type":"ImageObject","inLanguage":"tr","@id":"https:\/\/narteks.net\/#\/schema\/person\/image\/","url":"https:\/\/secure.gravatar.com\/avatar\/50865afb55632c4ae467e0af0930f6510aa2297d8014be502a55b14f3b7550cf?s=96&d=mm&r=g","contentUrl":"https:\/\/secure.gravatar.com\/avatar\/50865afb55632c4ae467e0af0930f6510aa2297d8014be502a55b14f3b7550cf?s=96&d=mm&r=g","caption":"Tar\u0131k"},"sameAs":["http:\/\/narteks.net"],"url":"https:\/\/narteks.net\/index.php\/author\/narbak\/"}]}},"_links":{"self":[{"href":"https:\/\/narteks.net\/index.php\/wp-json\/wp\/v2\/posts\/2850","targetHints":{"allow":["GET"]}}],"collection":[{"href":"https:\/\/narteks.net\/index.php\/wp-json\/wp\/v2\/posts"}],"about":[{"href":"https:\/\/narteks.net\/index.php\/wp-json\/wp\/v2\/types\/post"}],"author":[{"embeddable":true,"href":"https:\/\/narteks.net\/index.php\/wp-json\/wp\/v2\/users\/1"}],"replies":[{"embeddable":true,"href":"https:\/\/narteks.net\/index.php\/wp-json\/wp\/v2\/comments?post=2850"}],"version-history":[{"count":0,"href":"https:\/\/narteks.net\/index.php\/wp-json\/wp\/v2\/posts\/2850\/revisions"}],"wp:attachment":[{"href":"https:\/\/narteks.net\/index.php\/wp-json\/wp\/v2\/media?parent=2850"}],"wp:term":[{"taxonomy":"category","embeddable":true,"href":"https:\/\/narteks.net\/index.php\/wp-json\/wp\/v2\/categories?post=2850"},{"taxonomy":"post_tag","embeddable":true,"href":"https:\/\/narteks.net\/index.php\/wp-json\/wp\/v2\/tags?post=2850"}],"curies":[{"name":"wp","href":"https:\/\/api.w.org\/{rel}","templated":true}]}}