{"id":2851,"date":"2009-12-11T12:49:27","date_gmt":"2009-12-11T09:49:27","guid":{"rendered":"http:\/\/localhost\/wordpress\/2009\/12\/11\/dunyanin-en-renkli-gocebe-topluluklarindan-biri-cingeneler\/"},"modified":"2009-12-11T12:49:27","modified_gmt":"2009-12-11T09:49:27","slug":"dunyanin-en-renkli-gocebe-topluluklarindan-biri-cingeneler","status":"publish","type":"post","link":"https:\/\/narteks.net\/index.php\/2009\/12\/11\/dunyanin-en-renkli-gocebe-topluluklarindan-biri-cingeneler\/","title":{"rendered":"D\u00fcnyan\u0131n en renkli g\u00f6\u00e7ebe topluluklar\u0131ndan biri ; \u00c7\u0130NGENELER"},"content":{"rendered":"<p class=\"magnify\" style=\"text-align: justify;\"><span class=\"image\"><img loading=\"lazy\" decoding=\"async\" class=\"thumbimage\" src=\"http:\/\/upload.wikimedia.org\/wikipedia\/commons\/thumb\/1\/18\/Spanish_Gypsy_Girls_NGM-v31-p267.jpg\/300px-Spanish_Gypsy_Girls_NGM-v31-p267.jpg\" border=\"0\" width=\"155\" height=\"203\" style=\"float: left;\" \/><\/span><span class=\"image\">Romanlar veya halk aras\u0131ndaki tabirle \u00c7ingeneler Hindistan&#8217;\u0131n Pencap-Sind (Pakistan, Kara\u00e7i) nehir havzas\u0131 boyunca Pakistan ve Afganistan&#8217;\u0131n da i\u00e7inde bulundu\u011fu b\u00f6lgelerden 1050 civar\u0131nda \u0130ran ve Anadolu \u00fczerinden d\u00fcnyaya yay\u0131lm\u0131\u015f Hint-Avrupa k\u00f6kenli halk\u0131n ad\u0131d\u0131r.<\/span>Roman halk\u0131n\u0131n vatanlar\u0131n\u0131 neden terketmek zorunda kald\u0131klar\u0131 bug\u00fcn bile yan\u0131ts\u0131z kalmaktaysa da tarih\u00e7iler \u00fc\u00e7 teori ortaya s\u00fcrmektedir: Gazneli Mahmut\u2019un Sindh ve Penjap\u2019\u0131 i\u015fgali s\u0131ras\u0131nda 500.000 Hintliyi esir ald\u0131\u011f\u0131 bilinmekte olup, Hindistan\u2019\u0131 fetheden M\u00fcsl\u00fcmanlar\u0131n, Romanlar\u0131 k\u00f6le olarak al\u0131p \u00fclkelerine g\u00f6t\u00fcr\u00fclmesi en yayg\u0131n teoridir.<\/p>\n<ul>\n<li>En d\u00fc\u015f\u00fck kast oldu\u011fu san\u0131lan Romanlar\u0131n, M\u00fcsl\u00fcman fatihlere kar\u015f\u0131 paral\u0131 asker olarak olarak kullan\u0131lm\u0131\u015f olabilirler ki, yenilginin ard\u0131ndan g\u00f6\u00e7 etmek zorunda kalm\u0131\u015f olabilirler.<sup id=\"cite_ref-s281_33-0\" class=\"reference\">[34]<\/sup><\/li>\n<li><span class=\"mw-redirect\">Firdevsi<\/span>\u2019nin \u015eehnamesi\u2019ne g\u00f6re MS 420 y\u0131l\u0131nda vatanlar\u0131n\u0131 (Hindistan, Kara\u00e7i) terkedip d\u00fcnyaya yay\u0131lan 12.000 ki\u015filik Luri halk\u0131 e\u011fer Romanlarsa <span class=\"image\"><img loading=\"lazy\" decoding=\"async\" class=\"thumbimage\" src=\"http:\/\/upload.wikimedia.org\/wikipedia\/tr\/thumb\/f\/fa\/Eurogipsy.tr.png\/200px-Eurogipsy.tr.png\" border=\"0\" width=\"200\" height=\"178\" style=\"float: right;\" \/><\/span>d\u00fcnyaya yay\u0131lmalar\u0131n\u0131n Hindistan&#8217;\u0131n i\u015fgali ile ili\u015fkisi olamaz.<sup id=\"cite_ref-s281_33-1\" class=\"reference\">[34]<\/sup><\/li>\n<\/ul>\n<p>\u0130lk kez 1505&#8217;te \u0130rlanda&#8217;da, 1514&#8217;te de \u0130ngiltere&#8217;de n\u00fcfus kay\u0131tlar\u0131na ge\u00e7irildiler. Ayn\u0131 tarihlerde, Avrupa&#8217;n\u0131n bir\u00e7ok \u00fclkesinde gezgin \u00e7alg\u0131c\u0131 ve falc\u0131lardan olu\u015fan baz\u0131 g\u00f6\u00e7ebe topluluklar\u0131n kay\u0131tlar\u0131na rastlan\u0131r. G\u00fcn\u00fcm\u00fczde Romanlar d\u00fcnyan\u0131n d\u00f6rt bir yan\u0131na da\u011f\u0131lm\u0131\u015f olarak ya\u015farlar. B\u00fcy\u00fck b\u00f6l\u00fcm\u00fc Avrupa&#8217;n\u0131n g\u00fcney kesiminde toplanm\u0131\u015ft\u0131r. 19. yy.\u0131n sonlar\u0131na do\u011fru Kuzey Amerika&#8217;ya da g\u00f6\u00e7 etmi\u015flerdir. Romanlar ya\u015fad\u0131klar\u0131 her \u00fclkede de\u011fi\u015fik adlarla an\u0131l\u0131rlar.<\/p>\n<p><strong>Romanlar<\/strong>, d\u00fcnyan\u0131n en renkli g\u00f6\u00e7ebe topluluklar\u0131ndan biridir. T\u00fcrkiye&#8217;de yo\u011fun olarak ya\u015fad\u0131klar\u0131 yerlerin ba\u015f\u0131nda Trakya&#8217;da, \u00c7anakkale, Edirne, K\u0131rklareli, Tekirda\u011f, D\u00fczce ve \u0130stanbul gelir.<\/p>\n<p style=\"text-align: justify;\">Romanlar insanl\u0131k ailesinin ayr\u0131lmaz bir par\u00e7as\u0131n\u0131 olu\u015ftururlar. En ger\u00e7ek ve do\u011fru manas\u0131yla Romanlar g\u00f6\u00e7ebe zanaat\u00e7\u0131 atalar\u0131n \u00e7ocuklar\u0131d\u0131r. Tarihin en eski zamanlar\u0131ndan beri kimi insan gruplar\u0131; tar\u0131m veya hayvanc\u0131l\u0131kla ge\u00e7inmi\u015flerdir. Romanlar ise \u00e7e\u015fitli nedenlerden dolay\u0131 g\u00f6\u00e7ebe zanaat\u00e7\u0131l\u0131kla ya\u015famlar\u0131n\u0131 s\u00fcrd\u00fcrm\u00fc\u015flerdir. Romanlar\u0131n atalar\u0131; sepet, elek, metal e\u015fya, kalay vs gibi \u00fcr\u00fcn ve hizmetleri meydana getirerek bunlar\u0131 tar\u0131m ve hayvanc\u0131l\u0131kla ge\u00e7inen di\u011fer toplumlara satm\u0131\u015flard\u0131r. Bu sebeple di\u011fer toplumlar gibi hayvan s\u00fcr\u00fclerine ve geni\u015f topraklara sahip olmad\u0131\u011f\u0131ndan g\u00f6\u00e7ebe zanaat\u00e7\u0131l\u0131ktan ba\u015fka bir ge\u00e7im imk\u00e2n\u0131 bulamam\u0131\u015flard\u0131r. Asl\u0131nda Romanlar ile Roman olmayanlar\u0131 birbirinden ay\u0131ran yegane fark budur.<\/p>\n<p style=\"text-align: justify;\">San\u0131ld\u0131\u011f\u0131 gibi romanlar\u0131 di\u011fer insanlardan ten rengi, \u0131rksal \u00f6zellikler ya da dil ay\u0131rmaz. Esmer romanlar kadar beyaz tenli ya da sar\u0131\u015f\u0131n Romanlar da vard\u0131r. Farkl\u0131 \u0131rklara mensup Roman gruplar\u0131 da vard\u0131r. Farkl\u0131 diller konu\u015fan Roman gruplar\u0131 da vard\u0131r. Ama t\u00fcm Romanlar\u0131n ortak \u00f6zelli\u011fi atalar\u0131n\u0131n binlerce y\u0131l boyunca g\u00f6\u00e7ebe zanaat\u00e7\u0131l\u0131kla ge\u00e7inmi\u015f olmalar\u0131d\u0131r. Bug\u00fcn birey olarak bir Roman hangi mesle\u011fi yap\u0131yor olursa olsun, insanl\u0131\u011f\u0131n ilk zamanlar\u0131nda atalar\u0131n\u0131n g\u00f6\u00e7ebe zanaat\u00e7\u0131 olmas\u0131 onun da Roman toplumuna ait oldu\u011funu g\u00f6sterir.<\/p>\n<p style=\"text-align: justify;\">Romanlar&#8217;\u0131n b\u00fcy\u00fck b\u00f6l\u00fcm\u00fc gelenek, g\u00f6reneklerini ve topluluklar\u0131n\u0131n y\u00f6netim bi\u00e7imlerini korumu\u015ftur. \u0130lk olarak 19. yy.da Avrupa&#8217;da, say\u0131lar\u0131 10-100 aile aras\u0131nda de\u011fi\u015fen \u00c7ingene topluluklar\u0131 \u015fefler se\u00e7meye ba\u015flad\u0131.<\/p>\n<p style=\"text-align: justify;\">Roman s\u00f6zc\u00fc\u011f\u00fc yerle\u015fik d\u00fczeni olmayan g\u00f6\u00e7ebe insanlar\u0131 \u00e7a\u011fr\u0131\u015ft\u0131r\u0131r. Oysa Romanlar&#8217;\u0131n \u00e7ok az\u0131 g\u00fcn\u00fcm\u00fczde g\u00f6\u00e7ebedir. Baz\u0131lar\u0131 kendi istekleriyle g\u00f6\u00e7ebeli\u011fi b\u0131rakm\u0131\u015f, ya\u015fad\u0131klar\u0131 \u00fclkenin ya\u015fam bi\u00e7imini benimsemi\u015flerdir. Roman olmayanlarla evlenen Romanlar da vard\u0131r.Baz\u0131 \u00fclkelerde de yerle\u015fik ya\u015fama zorlanm\u0131\u015flard\u0131r.Soyk\u0131r\u0131ma u\u011fram\u0131\u015flard\u0131r.<\/p>\n<p style=\"text-align: justify;\">Yar\u0131 g\u00f6\u00e7ebe, yar\u0131 yerle\u015fik bir toplulu\u011fun say\u0131m\u0131n\u0131n yap\u0131lmas\u0131 g\u00fc\u00e7 oldu\u011fu i\u00e7in Romanlar&#8217;\u0131n kesin n\u00fcfusu bilinmemektedir. Bununla birlikte bug\u00fcn d\u00fcnyada 3-4 milyon dolay\u0131nda Roman oldu\u011fu tahmin edilmektedir. T\u00fcrkiye&#8217;de ise 750.000 dolay\u0131nda Roman oldu\u011fu tahmin edilmektedir.<\/p>\n<p style=\"text-align: justify;\">Nisan 1971&#8217;de, Romanlar&#8217;\u0131n sorunlar\u0131n\u0131 tart\u0131\u015fmak \u00fczere Londra yak\u0131nlar\u0131nda ilk Uluslararas\u0131 Roman Kongresi toplanm\u0131\u015f olup bu kongreye atfen, 1990&#8217;dan itibaren 8 nisan <strong>D\u00fcnya Romanlar G\u00fcn\u00fc<\/strong> olarak kutlanmaktad\u0131r<\/p>\n<p><strong><span id=\"Gruplar\" class=\"mw-headline\">Gruplar<\/span><\/strong> <span class=\"editsection\" style=\"font-size: x-small; font-weight: normal; float: none; margin-left: 0px;\"> <\/span><\/p>\n<p>Yay\u0131ld\u0131klar\u0131 co\u011frafyaya g\u00f6re Roman halk\u0131 g\u00f6\u00e7ebe zanaat\u00e7\u0131lar olarak tek ba\u015fl\u0131k alt\u0131nda toplanabilir. Bununla birlikte tarih boyunca \u00fc\u00e7 ana kola b\u00f6l\u00fcnm\u00fc\u015flerdir. <sup id=\"cite_ref-34\" class=\"reference\">[35]<\/sup><\/p>\n<ul>\n<li>1. <span class=\"new\">Kaldera\u015flar<\/span>\n<ul>\n<li>a. <span class=\"new\">Lovariler<\/span><\/li>\n<li>b. <span class=\"new\">Boyhalar<\/span><\/li>\n<li>c. <span class=\"new\">Luriler<\/span><\/li>\n<li>d. <span class=\"new\">\u00c7urariler<\/span><\/li>\n<li>e. <span class=\"new\">T\u00fcrko-Amerikanlar<\/span><\/li>\n<\/ul>\n<\/li>\n<li>2. <span class=\"new\">Gitanolar<\/span><\/li>\n<li>3. Manu\u015flar\n<ul>\n<li>a. <span class=\"new\">Valsikanlar<\/span><\/li>\n<li>b. <span class=\"new\">Pimontesiler<\/span><\/li>\n<li>c. <span class=\"new\">Gaygikanlar<\/span><\/li>\n<\/ul>\n<\/li>\n<\/ul>\n<p><strong><span id=\"Hayat_tarzlar.C4.B1\" class=\"mw-headline\">Hayat tarzlar\u0131<\/span><\/strong><span class=\"editsection\" style=\"font-size: x-small; font-weight: normal; float: none; margin-left: 0px;\"> <\/span><\/p>\n<p style=\"text-align: justify;\">Eskiden g\u00f6\u00e7ebe ya\u015famlar\u0131na uygun i\u015fler yaparlard\u0131. Kad\u0131nlar falc\u0131l\u0131k yapar, dilenir ya da dans ederdi. Erkekler ise \u00e7alg\u0131 \u00e7alar, kap kacak lehimcili\u011fi, kalayc\u0131l\u0131k, hayvan ticareti, hayvan e\u011fiticili\u011fi gibi i\u015flerle u\u011fra\u015f\u0131rlard\u0131. Ge\u00e7mi\u015fte atlarla \u00e7ekilen arabalarla yap\u0131lan g\u00f6\u00e7lerde art\u0131k kamyon ya da karavanlar kullan\u0131lmaktad\u0131r. Eski u\u011fra\u015flar\u0131n\u0131n yerini ise, meyve toplama, asfalt d\u00f6kme, kullan\u0131lm\u0131\u015f araba ticareti, sirklerde hayvan bak\u0131c\u0131l\u0131\u011f\u0131 ya da e\u011fiticili\u011fi, hurda maden ve antika e\u015fya al\u0131m sat\u0131m\u0131 gibi i\u015fler alm\u0131\u015f olmakla birlikte \u00f6zellikle T\u00fcrkiye de ve di\u011fer bir\u00e7ok d\u00fcnya \u00fclkesinde yerle\u015fik hayata ge\u00e7mi\u015f olanlar di\u011fer meslek dallaryla ilgilmi\u015f olup ba\u015fka t\u00fcrl\u00fc mesleklerde edinmi\u015flerdir. D\u00fcnya \u00fczerinde Gipsy Kings, Goran Bregovi\u00e7 T\u00fcrkiye de ise, Safiye Ayla, Selim Sesler, Serkan \u00c7a\u011fr\u0131, H\u00fcsn\u00fc \u015eenlendirici gibi bir\u00e7ok Roman m\u00fczik dans ve sinema sanatlar\u0131n\u0131 zenginle\u015ftirecek katk\u0131larda bulunmu\u015flard\u0131r. Baz\u0131 \u00fcnl\u00fc \u0130spanyol gitaristler ve flamenko dans\u00e7\u0131lar\u0131 Roman ya da yar\u0131 Roman&#8217;d\u0131rlar. Romencenin yaz\u0131l\u0131 bir dil olmay\u0131\u015f\u0131 y\u00fcz\u00fcnden edebiyat yap\u0131tlar\u0131 yoktur.<\/p>\n<p style=\"text-align: justify;\">Romanlar&#8217;\u0131n g\u00f6\u00e7ebe ya\u015famlar\u0131 yerle\u015fik toplumlar\u0131nkinden \u00e7ok farkl\u0131d\u0131r. Bu y\u00fczden \u00e7o\u011fu zaman, yerel halk taraf\u0131ndan h\u0131rs\u0131zl\u0131k, b\u00fcy\u00fcc\u00fcl\u00fck, \u00e7ocuk ka\u00e7\u0131rma gibi eylemlerle su\u00e7lanm\u0131\u015flard\u0131r. 1554&#8217;te \u0130ngiltere&#8217;de Roman oldu\u011fu s\u00f6ylenen herhangi bir ki\u015finin as\u0131lmas\u0131 i\u015ften bile de\u011fildi. Hemen hi\u00e7bir yerde istenmeyen Romanlar, bir\u00e7ok \u00fclkeden s\u00fcr\u00fclmelerine kar\u015f\u0131n, bir s\u00fcre sonra bu \u00fclkelere geri d\u00f6nmeyi ba\u015far\u0131rlard\u0131. II. D\u00fcnya Sava\u015f\u0131&#8217;nda Yahudiler gibi Romanlar da Almanlar taraf\u0131ndan b\u00fcy\u00fck bir k\u0131y\u0131ma u\u011frat\u0131ld\u0131lar. 200.000 -800.000 aras\u0131nda Roman \u00e7oluk \u00e7ocuk a\u015fa\u011f\u0131 \u0131rktan olduklar\u0131 gerek\u00e7esiyle Macaristan, Polonya ve \u00c7ekoslovakya&#8217;daki Nazi kamplar\u0131nda yok edilmi\u015f bu katliam Roman halk\u0131 taraf\u0131ndan porajmos &#8220;par\u00e7alanmak&#8221; olarak adland\u0131r\u0131lm\u0131\u015ft\u0131. G\u00fcn\u00fcm\u00fczde de Romanlar ya\u015fad\u0131klar\u0131 b\u00fct\u00fcn \u00fclkelerde ayr\u0131mc\u0131l\u0131\u011fa tabi tutulmaktad\u0131r. Bu y\u00fczden de bir\u00e7ok \u00fcnl\u00fc roman kimli\u011fini gizlemek durumunda kalm\u0131\u015ft\u0131r. Ama baz\u0131lar\u0131 kendilerini internet yoluyla tan\u0131tmaktan bile \u00e7ekinmezler .<\/p>\n<p style=\"text-align: justify;\">Bug\u00fcn Romanlar ba\u015fta i\u015f\u00e7i s\u0131n\u0131f\u0131 olmak \u00fczere t\u00fcm modern s\u0131n\u0131flar\u0131n birer eklentisi haline gelmi\u015flerdir. Halkla kayna\u015fm\u0131\u015flard\u0131r. Romanlar\u0131n k\u00fclt\u00fcrlerini ya\u015fay\u0131p ya\u015fatmalar\u0131 onlara \u0131rk\u00e7\u0131kla yakla\u015fmay\u0131 gerektirmez. Yaz\u0131k ki hemen t\u00fcm toplulumuz bu hataya d\u00fc\u015fmektedir. Ba\u015fta kapitalist devlet uygular\u0131 olmak \u00fczere.<\/p>\n<p><strong><span id=\"Co.C4.9Frafi_Da.C4.9F.C4.B1l.C4.B1m\" class=\"mw-headline\">Co\u011frafi Da\u011f\u0131l\u0131m<\/span><\/strong><span class=\"editsection\" style=\"font-size: x-small; font-weight: normal; float: none; margin-left: 0px;\"> <\/span><\/p>\n<div class=\"thumb tright\">\n<div class=\"thumbinner\" style=\"width: 302px;\">\n<div class=\"thumbcaption\">\n<div class=\"magnify\"><span class=\"internal\"> <\/span>Bulgaristan Sliven kentinde Romanlar<\/div>\n<\/div>\n<\/div>\n<\/div>\n<p><strong>Romanlar<\/strong>, d\u00fcnyan\u0131n en renkli g\u00f6\u00e7ebe topluluklar\u0131ndan biridir. B\u00fcy\u00fck b\u00f6l\u00fcm\u00fc yerle\u015fik hayata ge\u00e7mi\u015ftir.<\/p>\n<p>Romanlar&#8217;\u0131n b\u00fcy\u00fck b\u00f6l\u00fcm\u00fc gelenek, g\u00f6reneklerini ve topluluklar\u0131n\u0131n y\u00f6netim bi\u00e7imlerini korumu\u015ftur. \u0130lk olarak 19. yy.da Avrupa&#8217;da, say\u0131lar\u0131 10-100 aile aras\u0131nda de\u011fi\u015fen \u00c7ingene topluluklar\u0131 \u015fefler se\u00e7meye ba\u015flad\u0131.<\/p>\n<p><span class=\"image\"><img loading=\"lazy\" decoding=\"async\" class=\"thumbimage\" src=\"http:\/\/upload.wikimedia.org\/wikipedia\/commons\/thumb\/2\/25\/NadezhdaSliven.jpg\/300px-NadezhdaSliven.jpg\" border=\"0\" width=\"300\" height=\"225\" style=\"float: left;\" \/><\/span>Roman s\u00f6zc\u00fc\u011f\u00fc yerle\u015fik d\u00fczeni olmayan g\u00f6\u00e7ebe insanlar\u0131 \u00e7a\u011fr\u0131\u015ft\u0131rmaktaysa da g\u00fcn\u00fcm\u00fczde Romanlar&#8217;\u0131n \u00e7ok az\u0131 g\u00f6\u00e7ebedir. Baz\u0131lar\u0131 kendi istekleriyle g\u00f6\u00e7ebeli\u011fi b\u0131rakm\u0131\u015f, ya\u015fad\u0131klar\u0131 \u00fclkenin ya\u015fam bi\u00e7imini benimsemi\u015flerdir. Roman olmayanlarla evlenen Romanlara da art\u0131k rastlanmakta olup pek \u00e7ok \u00fclkede yerle\u015fik ya\u015famaya zorlanm\u0131\u015flard\u0131r. Yar\u0131 g\u00f6\u00e7ebe, yar\u0131 yerle\u015fik bir toplulu\u011fun say\u0131m\u0131n\u0131n yap\u0131lmas\u0131 g\u00fc\u00e7 oldu\u011fu i\u00e7in Romanlar&#8217;\u0131n kesin n\u00fcfusu bilinmemektedir. Bununla birlikte t\u00fcm d\u00fcnyada 4-5 milyon dolay\u0131nda Roman oldu\u011fu tahmin edilmektedir.<\/p>\n<p><strong><span id=\"Orta_ve_Do.C4.9Fu_Avrupa\" class=\"mw-headline\">Orta ve Do\u011fu Avrupa<\/span><\/strong><span class=\"editsection\" style=\"font-size: x-small; font-weight: normal; float: none; margin-left: 0px;\"> <\/span><\/p>\n<p><strong><span id=\"T.C3.BCrkiye\" class=\"mw-headline\">T\u00fcrkiye<\/span><\/strong><span class=\"editsection\" style=\"font-size: x-small; font-weight: normal; float: none; margin-left: 0px;\"> <\/span><\/p>\n<p style=\"text-align: justify;\">T\u00fcrkiye&#8217;de ise 980.000 dolay\u0131nda Roman oldu\u011fu tahmin edilmektedir. T\u00fcrkiye&#8217;de yo\u011fun olarak ya\u015fad\u0131klar\u0131 yerlerin ba\u015f\u0131nda ba\u015fta \u0130stanbul olmak \u00fczere,Tekirda\u011f,\u00c7anakkale,\u0130zmir, Edirne,Bursa,Antalya(zeytink\u00f6y),Adapazar\u0131,\u0130zmit gelir.\u00d6zellikle \u0130stanbul&#8217;un Sulukule ve Kas\u0131mpa\u015fa romanlar\u0131 me\u015fhurdur. \u0130zmir&#8217;de ise Konak ve <span class=\"mw-redirect\">Torbal\u0131<\/span> yak\u0131nlar\u0131nda bulunan <span class=\"new\">Ayranc\u0131lar<\/span>&#8216;da ve <span class=\"mw-redirect\">Kar\u015f\u0131yaka<\/span> yak\u0131nlar\u0131nda bulunan \u00d6rnekk\u00f6y&#8217;de romanlar\u0131n n\u00fcfusu fazlad\u0131r.<\/p>\n<h4><span id=\"Osmanl.C4.B1.27da_.C3.87ingeneler\" class=\"mw-headline\">Osmanl\u0131&#8217;da \u00c7ingeneler<\/span><\/h4>\n<p style=\"text-align: justify;\">Osmanl\u0131 \u0130mparatorlu\u011fu&#8217; nda da Rumeli topraklar\u0131nda ya\u015fayan Romanlar ayr\u0131 y\u00f6netim say\u0131lm\u0131\u015flard\u0131. <span class=\"new\">\u00c7ingene Sanca\u011f\u0131<\/span> olarak adland\u0131r\u0131lan bu y\u00f6netim biriminde, Romanlar&#8217;\u0131n y\u00f6netsel, mali ve askeri i\u015fleri d\u00fczenlenirdi.Osmanl\u0131 \u00c7ingeneleri m\u00fcsl\u00fcman olmalar\u0131na ra\u011fmen,cinayet,vatana ihanet gibi davalarada mahkum olduklar\u0131 taktirde,m\u00fcsl\u00fcmanlar gibi as\u0131larak de\u011fil,gayrim\u00fcslimler gibi kafalar\u0131 kesilerek cezaland\u0131r\u0131l\u0131rd\u0131. <sup id=\"cite_ref-35\" class=\"reference\">[36]<\/sup><\/p>\n<p style=\"text-align: justify;\"><strong><span id=\"Terminoloji\" class=\"mw-headline\">Terminoloji<\/span><\/strong><\/p>\n<p style=\"text-align: justify;\">Anadolu T\u00fcrk\u00e7esi ve yay\u0131ld\u0131klar\u0131 b\u00f6lgelerde Roman halk\u0131na \u00e7e\u015fitli isim ve s\u0131fatlar tak\u0131lm\u0131\u015ft\u0131r. S\u0131fatlar daha \u00e7ok yap\u0131lan meslekle ilgili olup \u00f6zellikle Balkan yar\u0131madas\u0131nda g\u00fcm\u00fc\u015f\u00e7\u00fc, demirci, kalayc\u0131, nalbant, m\u00fczisyen, ka\u015f\u0131k yap\u0131mc\u0131s\u0131, madenci terimlerinin yerel dillerde kar\u015f\u0131l\u0131klar\u0131d\u0131r. A\u015fa\u011f\u0131daki listede ise isimler yer almaktad\u0131r: <sup id=\"cite_ref-36\" class=\"reference\">[37]<\/sup><\/p>\n<p><strong><span id=\"T.C3.BCrk.C3.A7e_terminoloji\" class=\"mw-headline\">T\u00fcrk\u00e7e terminoloji<\/span><\/strong><\/p>\n<div class=\"thumb tright\">\n<div class=\"thumbinner\" style=\"width: 302px;\">\u0130spanyol Romanlar\u0131, National Geographic Magazine, Say\u0131 31 (1917), sayfa 267.<\/div>\n<\/div>\n<ul>\n<li>romen (\u0130zmir)<\/li>\n<li>cingen (Ayd\u0131n)<\/li>\n<li>\u00e7ingene (<span class=\"mw-redirect\">Bergama<\/span>)<\/li>\n<li>\u015eopar (<span class=\"mw-redirect\">Tekirda\u011f<\/span>)<\/li>\n<li>m\u0131tr\u0131p (<span class=\"new\">Van, Diyarbak\u0131r<\/span>)<\/li>\n<li>mutruf (<span class=\"mw-redirect\">Ardahan<\/span>)<\/li>\n<li>cingan (Ilg\u0131n, Konya)<\/li>\n<li>bala (Ilg\u0131n, Konya)<\/li>\n<li>po\u015fa (<span class=\"new\">Erzurum,Artvin,Ardahan<\/span>)<sup id=\"cite_ref-37\" class=\"reference\">[38]<\/sup><\/li>\n<li>elekci (Ilg\u0131n, Konya)<\/li>\n<li>cingen (Konya)<\/li>\n<li>cingan (Espiye, Eynesil)<\/li>\n<li>\u010bingan (<span class=\"mw-redirect\">S\u00fcrmene<\/span>)<\/li>\n<li>\u00e7ingan (Ma\u00e7ka)<\/li>\n<li>\u00e7incane (<span class=\"new\">\u0130kizdere<\/span>)<\/li>\n<li>\u00e7ing\u00e2n (Ak\u00e7aabat)<\/li>\n<li>g\u00f6\u00e7ebe zanaat\u00e7\u0131<\/li>\n<li>Gurbet (<span class=\"new\">Tunceli y\u00f6resinde<\/span>), gurbat\/kurbat (Hatay)<\/li>\n<li>Kare\u00e7i (<span class=\"mw-redirect\">Birecik<\/span>) (<span class=\"new\">ayr\u0131ca Diyarbak\u0131r ve civarinda Kare\u00e7i, belki de Pakistan Kara\u00e7ili anlam\u0131nda<\/span>)<\/li>\n<li>\u00e7ingit &#8220;g\u00f6\u00e7ebe, \u00e7ingene&#8221; (<span class=\"mw-redirect\">Amasya<\/span>, <span class=\"mw-redirect\">Samsun<\/span>)<\/li>\n<li>cingane &#8220;yaramaz, ha\u015far\u0131&#8221;<\/li>\n<li>c\u0131ngan (<span class=\"mw-redirect\">\u015ealpazar\u0131<\/span>, <span class=\"mw-redirect\">Giresun<\/span>)<\/li>\n<li>cingen, cingit (<span class=\"mw-redirect\">Samsun<\/span>&#8211;<span class=\"mw-redirect\">Bafra<\/span>)<\/li>\n<li>abdal (D\u00f6rtyol , Hatay &#8211; K. Mara\u015f)<\/li>\n<li>cingan (G\u00f6lba\u015f\u0131,Bala,\u015eerefliko\u00e7hisar-Ankara)<\/li>\n<li>esmer vatanda\u015f, kara kuvvetleri, \u00c7erge, Firavun, \u00c7ingene (Edirne)<\/li>\n<li><span class=\"mw-redirect\">dom<\/span> ( Van,Hakkari)<\/li>\n<li>Cono (Adana)<\/li>\n<li>Davulcu &#8211; Yapt\u0131klar\u0131 meslekten dolay\u0131. Daha \u00f6nceleri Ay\u0131c\u0131 (Ay\u0131 oynatmaktan dolay\u0131) bilinirlerdi (<span class=\"mw-redirect\">Ceyhan<\/span>)<\/li>\n<li>Sepet\u00e7i &#8211; Yapt\u0131klar\u0131 meslekten dolay\u0131 (<span class=\"mw-redirect\">Ceyhan<\/span>)<\/li>\n<li>A\u015f\u0131q &#8211; ([Diyabak\u0131r)]<\/li>\n<li><span class=\"mw-redirect\">k\u0131pti<\/span> &#8211; pek \u00e7ok b\u00f6lgede e\u015f anlaml\u0131 olarak.<\/li>\n<li>orom ([G\u00f6k\u00e7ebey])<\/li>\n<li>Athingani, Atzinganoi (Yunanistan)<\/li>\n<li>Cadegipti, Cingali, Cinguli, Zingari, Zingaro (\u0130talya)<\/li>\n<li>Cascarots (Bask\u00e7a)<\/li>\n<li>Cigani (Slovenya)<\/li>\n<li>Cig\u00e1ny, Ciganyok, Pharaones &#8220;Firavun&#8217;un halk\u0131&#8221; (Macaristan)<\/li>\n<li>Cikan (\u00c7ek)<\/li>\n<li>Cyganie (Polonya)<\/li>\n<li>Gara\u00e7\u0131 (Azerbaycan)<\/li>\n<li>Giofog (Galce, \u0130rlanda)<\/li>\n<li>Gipcyan, Gipson, Gypsy (\u0130ngiltere)<\/li>\n<li>Gitan, Manouches, Tzigane, Saracens &#8220;<span class=\"mw-redirect\">Araplar<\/span>&#8221; (Fransa)<\/li>\n<li>Gitano (\u0130spanya<\/li>\n<li>Gypsy (\u0130ngilizce)<\/li>\n<li>Luri, Luli (\u0130ran)<\/li>\n<li>Qere\u00e7i (M\u0131t\u0131r\u0131b,Elikci) (Zazaca)<\/li>\n<li>Nuri (M\u0131s\u0131r, Suriye, Filistin)<\/li>\n<li>Rom\/Roma\/Rroma (bir\u00e7ok dilde)<\/li>\n<li>Tatarre &#8220;Tatarlar&#8221;,<\/li>\n<li>\u0162sigani (Romanya)<\/li>\n<li>\u0162s\u0131gan \/\u0446\u044b\u0433\u0430\u043d\/ (Rusya)<\/li>\n<li>Zegynen (\u0130svi\u00e7re)<\/li>\n<li>Zigenare (\u0130sve\u00e7)<\/li>\n<li>Zigeuner, <span class=\"new\">Sinti<\/span> (Almanya, Bel\u00e7ika ve Hollanda)<\/li>\n<li>Zingarelle, (\u0130talya), <span class=\"mw-redirect\">Verdi<\/span> baz\u0131 eserlerinde \u00e7ingenelere de\u011finmi\u015ftir ve La Traviata&#8217;da da bir \u00e7ingeneler korosu b\u00f6l\u00fcm\u00fc vard\u0131r.<\/li>\n<li>g\u0131pt\u0131 ,k\u0131pti &#8220;kutsal kitaplarda&#8221; tarihi din kay\u0131tlar\u0131nda<\/li>\n<\/ul>\n<p><strong><span id=\"Etimoloji\" class=\"mw-headline\">Etimoloji<\/span><\/strong><\/p>\n<p>Roman kelimesi, Roman dilinde rom &#8220;koca&#8221; kelimesiyle ili\u015fkilendirilmekte olup <span class=\"mw-redirect\">Sanskrit<\/span> rama (\u0930\u092e) rama\u1e47a (\u0930\u092e\u0923) ayn\u0131 anlama gelmektedir. T\u00fcrk\u00e7e&#8217;de Roman halk\u0131n\u0131 tan\u0131mlamak i\u00e7in kullan\u0131lan \u00c7ingene kelimesi ise Yunanca tsinganos (\u03c4\u03c3\u03b9\u03b3\u03b3\u03ac\u03bd\u03bf\u03c2) kelimesinden \u00f6d\u00fcn\u00e7lenmi\u015ftir. Kelimenin k\u00f6keni <span class=\"mw-redirect\">Eski Yunanca<\/span> \u0391\u03b9\u03b3\u03cd\u03c0\u03c4\u03bf\u03b9 (Modern Yunanca \u03b3\u03cd\u03c6\u03c4\u03bf) &#8220;M\u0131s\u0131rl\u0131&#8221; anlam\u0131ndad\u0131r. Eski Yunanl\u0131lar Roman halk\u0131n\u0131n M\u0131s\u0131r k\u00f6kenli oldu\u011funa inand\u0131\u011f\u0131ndan bu tan\u0131m\u0131 kullanmaktayd\u0131. Bat\u0131 dillerinde kullan\u0131lan gypsy terimi bu kelimeden geli\u015fmi\u015ftir. \u0130lgin\u00e7 bir benzerlik olarak Osmanl\u0131 ve Anadolu T\u00fcrk\u00e7esi&#8217;nde Roman halk\u0131n\u0131 tan\u0131mlamak i\u00e7in kullan\u0131lan di\u011fer bir terim olan <span class=\"mw-redirect\">K\u0131pti<\/span>&#8216;nin M\u0131s\u0131r halklar\u0131ndan birisinin ad\u0131 olmas\u0131d\u0131r.<sup id=\"cite_ref-38\" class=\"reference\">[39]<\/sup><\/p>\n<p><strong><span id=\"Kaynak.C3.A7a\" class=\"mw-headline\">Kaynak\u00e7a<\/span><\/strong><\/p>\n<p style=\"text-align: justify;\"><span class=\"mw-headline\"> ^ Center for Documentation and Information on Minorities in Europe &#8211; Southeast Europe, &#8216;MINORITIES IN SOUTHEAST EUROPE: Roma of Albania&#8217;, 2000. (Word dosyas\u0131)<br \/> ^ Druzhemira Tchileva, Emerging Romani Voices from Latin America, European Roma Rights Centre<br \/> ^ Jorge M. Fernandez Bernal. The Rom of the Americas (&#8220;Argentina&#8221;)<br \/> ^ Resm\u00ee data: 678.000<br \/> 800.000 &#8211; 1.000.000 Jorge M. Fernandez Bernal, The Rom of the Americas (Brezilya b\u00f6l\u00fcm\u00fcnde)<br \/> ^ 2001 resm\u00ee n\u00fcfus say\u0131m\u0131na g\u00f6re, 370.908 Bulgaristanl\u0131 kendini Roman olarak tan\u0131maktad\u0131r. (resmi sonu\u00e7).<br \/> ^ 1992 n\u00fcfus say\u0131m\u0131nda 313.000 kendi ilan\u0131yla Roman (Elena Marushiakova and Vesselin N\u00fcfusov, The Gypsies of Bulgaria: Problems of the Multicultural Museum Exhibition, 1995. Patrin Web Journal). Marushiakova ve N\u00fcfusov, &#8220;The Roma in Bulgaria&#8221;, Sofia. 1993. kitab\u0131na g\u00f6re, Roman kimli\u011fini benimseyen ki\u015fi say\u0131s\u0131 194.000 (1956), 214.167 (1959), 373.200 (1976); 523.519 (1980); h\u00fckumet taraf\u0131ndan Romal\u0131 olarak tan\u0131mlayan ki\u015fi say\u0131s\u0131 576.927 (1989), ancak yar\u0131s\u0131ndan fazlas\u0131n\u0131n kendini T\u00fcrk kimli\u011fi tercih ve ilan ettikleri hat\u0131rlanmal\u0131d\u0131r. (s. 92\u201393). Marushiakova ve N\u00fcfusov&#8217;un kaba ve \u015fahsi tahmine g\u00f6re, 1993 y\u0131l\u0131nda Roman k\u00f6kenli etnik kimli\u011finine sahip oldu\u011fu halde farkl\u0131 etnik kimli\u011fini benimseyen halk\u0131n toplam say\u0131s\u0131 yakla\u015f\u0131k 800.000 (s. 94\u201395). Marushiakova and N\u00fcfusov&#8217;un 1995&#8217;te buna benzer tahmine g\u00f6re, 750.000 \u00b150.000. Baz\u0131 uluslararas\u0131 kaynaklar\u0131 700.000 \u2013 800.000 gibi resm\u00ee n\u00fcfus say\u0131mlar\u0131na g\u00f6re b\u00fcy\u00fck rakam g\u00f6sterilmektedir. (UNDP Avrupa B\u00f6lge B\u00fcrosu) g\u00f6re daha b\u00fcy\u00fck rakamlar g\u00f6sterilmektedir. Bulgaristan halk\u0131n 300.000&#8217;dan fazla Roman k\u00f6kenlilerin kendi etnik kimli\u011fini T\u00fcrk ya da Bulgar olarak g\u00f6stermek geleksel e\u011filimleridir. Di\u011fer istastikler: 1990&#8217;de 450.000 olarak tahmin edilmi\u015ftir (U.S. Library of Congress study); 1992&#8217;de \u0130\u00e7i\u015fleri Bakanl\u0131\u011f\u0131 taraf\u0131ndan yap\u0131lan gizli n\u00fcfus say\u0131m\u0131ndan en az 553.466 oldu\u011funu al\u0131nt\u0131 edilmi\u015ftir (bak\u0131n\u0131z. Marushiakova ve N\u00fcfusov, 1995).<br \/> ^ http:\/\/home.cogeco.ca\/~rcctoronto\/pdfs\/fs08canada.pdf Ronald Lee, Roma in Canada, Roma Community Centre, 1998 PDF dosyas\u0131<br \/> ^ S\u010d\u00edtan\u00ed lidu. dom\u016f a byt\u016f 2001 (2001 n\u00fcfus say\u0131m\u0131), \u010cesk\u00fd statistick\u00fd \u00fa\u0159ad, 2005<br \/> ^ http:\/\/skola.romea.cz\/cz\/index.php?id=historie\/14 Petr Lhotka, Romov\u00e9 v \u010cesk\u00e9 republice po roce, Vzd\u011bl\u00e1vac\u00ed cyklus o Romech, 1989<br \/> ^ The State of the Roma in Greece, Hellenic Republic &#8211; National Commission for Human Rights (2001-11-29)<br \/> ^ The Situation of Roma in Selected Western European Countries: Report to the OSCE Conference on Anti-Semitism and on other Forms of Intolerance Cordoba. Spain., International Helsinki Federation for Human Rights , June 8-9. 300.000 &#8211; 350.000 (Word dosyas\u0131)<br \/> ^ http:\/\/www.nepszamlalas.hu\/eng\/volumes\/06\/00\/tabeng\/1\/load01_10_0.html<br \/> ^ http:\/\/www.csmonitor.com\/2008\/0213\/p07s02-woeu.html<br \/> ^ http:\/\/www.demos.hu\/index.php?name=OE-DocManager&amp;file=download&amp;id=19&amp;keret=N&amp;showheader=N Hungary&#8217;s Strategic Audit, DEMOS Hungary, ISBN: 9632190300 (PDF dosyas\u0131)<br \/> ^ Hindu of India, Joshua Project<br \/> ^ Lambanis or Gypsies, Kamat<br \/> ^ Iran Gypsy N\u00fcfusulation. Dom Research Center. 26.08.2007 tarihinde eri\u015filmi\u015ftir.[dead link]<br \/> ^ Li\u00e9geois, Jean-Pierre (1994). Roma. Tsiganes. Voiageurs (Frans\u0131zca dilinde), 34, Conseil de l&#8217;Europe.<br \/> ^ http:\/\/www.stat.gov.mk\/pdf\/kniga_13.pdf Census of n\u00fcfusulation. households and dwellings in the Republic of Macedonia, Republic of Macedonia State Statistical Office, May\u0131s 2005] 2002 y\u0131l\u0131nda 53.879 (PDF dosyas\u0131)<br \/> ^ Di\u011fer kaynaklara g\u00f6re, 0,7\u20132,5 milyondan fazla. Romanya 2002 n\u00fcfus say\u0131m\u0131 (PDF dosyas\u0131) 535.250. Ancak di\u011fer kaynaklar ile \u00e7eli\u015fmektedir. Romal\u0131lar\u0131n \u00e7o\u011fu ayr\u0131mc\u0131l\u0131ktan korkarak farkl\u0131 etnik olarak kendini tan\u0131tm\u0131\u015flard\u0131r. \u00c7o\u011funlu\u011fu Rumen olarak, Bat\u0131 b\u00f6lgelerde Macar olarak, Dobruca b\u00f6lgesinde T\u00fcrk olarak kendini tan\u0131tm\u0131\u015flard\u0131r. Uluslararas\u0131 kaynaklar ise resmi n\u00fcfus say\u0131m\u0131na g\u00f6re daha b\u00fcy\u00fck rakam vermektedir. Onlar\u0131n kimlik kart sahibi olmad\u0131klar\u0131 i\u00e7in \u00e7o\u011fu hi\u00e7 kaydedilmemi\u015ftir.<br \/> ^ Centrul de Resurse pentru Diversitate Etnocultual\u0103, Romii din Rom\u00e2nia (RDF dosyas\u0131)<br \/> ^ WORLD BANK INVOLVEMENT IN ROMA ISSUES, World Bank<br \/> ^ Chungui Qiao, &#8216;IAOS SATELLITE MEETING: MEASURING SMALL AND INDIGENOUS N\u00dcFUSULATIONS&#8217;, Social Policy Journal of New Zealand C.25, Temmuz 2005 (PDF dosyas\u0131)<br \/> ^ http:\/\/www.nzz.ch\/nachrichten\/schweiz\/rumaenien_sieht_ende_starker_auswanderung_1.698521.html<br \/> ^ \u041d\u0410\u0426\u0418\u041e\u041d\u0410\u041b\u042c\u041d\u042b\u0419 \u0421\u041e\u0421\u0422\u0410\u0412 \u041d\u0410\u0421\u0415\u041b\u0415\u041d\u0418\u042f (National N\u00fcfusulation &#8211; 2002 Russian Census) perepis2002.ru kay\u0131tl\u0131 Romanlar\u0131n say\u0131s\u0131 182.766<br \/> ^ Jean-Pierre Li\u00e9geois&#8217;n\u0131n ara\u015ft\u0131rmas\u0131 (Jean-Pierre Li\u00e9geois, Roma. Tsiganes. Voiageurs, Conseil de l&#8217;Europe, 1994, s. 34.)&#8217;na g\u00f6re Rusya&#8217;da 220.000\u2013400.000 Roman ya\u015fanmaktad\u0131r.<br \/> ^ http:\/\/europeandcis.undp.org\/uploads\/public\/File\/rbec_web\/vgr\/chapter1.1.pdf UNDP B\u00f6lgeal Bureau Europe (PDF dosyas\u0131)<br \/> ^ Slovakia seeks help on Roma (Fionnuala, Sweeney, CNN)<br \/> ^ CIA World Factbook &#8220;Slovakia&#8221;<br \/> ^ U.S. Spain &#8211; The Gypsies<br \/> ^ Gayri resm\u00ee say\u0131m Reaching the Romanlar\u2014A Feasibility Study Report (International Romani Studies Network, Istanbul, 2006. s.13. Ayr\u0131ca bak\u0131n\u0131z: Turkey: A Minority Policy of Systematic Negation (International Helsinki Federation for Human Rights report) [http:\/\/webarsiv.hurriyet.com.tr\/2005\/05\/08\/639714.asp AB \u00fclkeleriyle ortak bir noktam\u0131z daha \u00c7\u0130NGENELER (Ayten Serin, 8 May\u0131s 2005, H\u00fcrriyet), [http:\/\/www.milliyet.com.tr\/default.aspx?aType=SonDakika&amp;Kategori=yasam&amp;ArticleID=873452&amp;Date=07.06.2008&amp;ver=16 T\u00fcrkiye&#8217;deki K\u00fcrtlerin say\u0131s\u0131! (6 Haziran 2008, Milliyet)<br \/> ^ Ukrainian census 2002<br \/> ^ Estimation by SKOKRA (The Council of the Kumpanias and Organizations of the Americas) and Romani Union<br \/> ^ a b \u00d6zt\u00fcrk, a.g.e. s. 281<br \/> ^ Herman Berger. \u00c7ingene Mitolojisi. s. 5<br \/> ^ Marushiakova, E., Popov, V. Osmanl\u0131 Imparatorlu\u011fu\u2019nda \u00c7ingeneler. Istanbul<br \/> ^ \u00d6zhan \u00d6zt\u00fcrk. http:\/\/www.karalahana.com\/makaleler\/kitap\/Karadeniz_ansiklopedik_sozluk.htm Karadeniz: Ansiklopedik S\u00f6zl\u00fck. 2. Cilt. Heyamola Yay\u0131nc\u0131l\u0131k. \u0130stanbul. 2005. ISBN 975-6121-00-9. s.280-281]<br \/> ^ Anadilleri Ermenice olup Do\u011fu Anadolu&#8217;da ya\u015famaktad\u0131rlar.Bkz. \u00d6zt\u00fcrk. a.g.e. s. 281<br \/> ^ \u00f6zhan \u00d6zt\u00fcrk. Karadeniz Ansiklopedik S\u00f6zl\u00fck \u00d6zt\u00fcrk, s. 280<\/span><strong><span class=\"mw-headline\"><br \/><\/span><\/strong><\/p>\n<div class=\"references-small\">\n<ol class=\"references\"><\/ol>\n<\/div>\n","protected":false},"excerpt":{"rendered":"<p>Romanlar veya halk aras\u0131ndaki tabirle \u00c7ingeneler Hindistan&#8217;\u0131n Pencap-Sind (Pakistan, Kara\u00e7i) nehir havzas\u0131 boyunca Pakistan ve Afganistan&#8217;\u0131n da i\u00e7inde bulundu\u011fu b\u00f6lgelerden 1050 civar\u0131nda \u0130ran ve Anadolu \u00fczerinden d\u00fcnyaya yay\u0131lm\u0131\u015f Hint-Avrupa k\u00f6kenli halk\u0131n ad\u0131d\u0131r.Roman halk\u0131n\u0131n vatanlar\u0131n\u0131 neden terketmek zorunda kald\u0131klar\u0131 bug\u00fcn bile yan\u0131ts\u0131z kalmaktaysa da tarih\u00e7iler \u00fc\u00e7 teori ortaya s\u00fcrmektedir: Gazneli Mahmut\u2019un Sindh ve Penjap\u2019\u0131 i\u015fgali s\u0131ras\u0131nda [&hellip;]<\/p>\n","protected":false},"author":1,"featured_media":0,"comment_status":"open","ping_status":"open","sticky":false,"template":"","format":"standard","meta":{"footnotes":""},"categories":[97],"tags":[],"class_list":{"0":"post-2851","1":"post","2":"type-post","3":"status-publish","4":"format-standard","6":"category-halklar"},"yoast_head":"<!-- This site is optimized with the Yoast SEO Premium plugin v24.9 (Yoast SEO v24.9) - https:\/\/yoast.com\/wordpress\/plugins\/seo\/ -->\n<title>D\u00fcnyan\u0131n en renkli g\u00f6\u00e7ebe topluluklar\u0131ndan biri ; \u00c7\u0130NGENELER - narteks.net<\/title>\n<meta name=\"robots\" content=\"index, follow, max-snippet:-1, max-image-preview:large, max-video-preview:-1\" \/>\n<link rel=\"canonical\" href=\"https:\/\/narteks.net\/index.php\/2009\/12\/11\/dunyanin-en-renkli-gocebe-topluluklarindan-biri-cingeneler\/\" \/>\n<meta property=\"og:locale\" content=\"tr_TR\" \/>\n<meta property=\"og:type\" content=\"article\" \/>\n<meta property=\"og:title\" content=\"D\u00fcnyan\u0131n en renkli g\u00f6\u00e7ebe topluluklar\u0131ndan biri ; \u00c7\u0130NGENELER\" \/>\n<meta property=\"og:description\" content=\"Romanlar veya halk aras\u0131ndaki tabirle \u00c7ingeneler Hindistan&#8217;\u0131n Pencap-Sind (Pakistan, Kara\u00e7i) nehir havzas\u0131 boyunca Pakistan ve Afganistan&#8217;\u0131n da i\u00e7inde bulundu\u011fu b\u00f6lgelerden 1050 civar\u0131nda \u0130ran ve Anadolu \u00fczerinden d\u00fcnyaya yay\u0131lm\u0131\u015f Hint-Avrupa k\u00f6kenli halk\u0131n ad\u0131d\u0131r.Roman halk\u0131n\u0131n vatanlar\u0131n\u0131 neden terketmek zorunda kald\u0131klar\u0131 bug\u00fcn bile yan\u0131ts\u0131z kalmaktaysa da tarih\u00e7iler \u00fc\u00e7 teori ortaya s\u00fcrmektedir: Gazneli Mahmut\u2019un Sindh ve Penjap\u2019\u0131 i\u015fgali s\u0131ras\u0131nda [&hellip;]\" \/>\n<meta property=\"og:url\" content=\"https:\/\/narteks.net\/index.php\/2009\/12\/11\/dunyanin-en-renkli-gocebe-topluluklarindan-biri-cingeneler\/\" \/>\n<meta property=\"og:site_name\" content=\"narteks.net\" \/>\n<meta property=\"article:published_time\" content=\"2009-12-11T09:49:27+00:00\" \/>\n<meta property=\"og:image\" content=\"http:\/\/upload.wikimedia.org\/wikipedia\/commons\/thumb\/1\/18\/Spanish_Gypsy_Girls_NGM-v31-p267.jpg\/300px-Spanish_Gypsy_Girls_NGM-v31-p267.jpg\" \/>\n<meta name=\"author\" content=\"Tar\u0131k\" \/>\n<meta name=\"twitter:card\" content=\"summary_large_image\" \/>\n<meta name=\"twitter:creator\" content=\"@narteks\" \/>\n<meta name=\"twitter:site\" content=\"@narteks\" \/>\n<meta name=\"twitter:label1\" content=\"Yazan:\" \/>\n\t<meta name=\"twitter:data1\" content=\"Tar\u0131k\" \/>\n\t<meta name=\"twitter:label2\" content=\"Tahmini okuma s\u00fcresi\" \/>\n\t<meta name=\"twitter:data2\" content=\"15 dakika\" \/>\n<script type=\"application\/ld+json\" class=\"yoast-schema-graph\">{\"@context\":\"https:\/\/schema.org\",\"@graph\":[{\"@type\":\"Article\",\"@id\":\"https:\/\/narteks.net\/index.php\/2009\/12\/11\/dunyanin-en-renkli-gocebe-topluluklarindan-biri-cingeneler\/#article\",\"isPartOf\":{\"@id\":\"https:\/\/narteks.net\/index.php\/2009\/12\/11\/dunyanin-en-renkli-gocebe-topluluklarindan-biri-cingeneler\/\"},\"author\":{\"name\":\"Tar\u0131k\",\"@id\":\"https:\/\/narteks.net\/#\/schema\/person\/61f37d9834294b72d31d274e7ed79bca\"},\"headline\":\"D\u00fcnyan\u0131n en renkli g\u00f6\u00e7ebe topluluklar\u0131ndan biri ; \u00c7\u0130NGENELER\",\"datePublished\":\"2009-12-11T09:49:27+00:00\",\"mainEntityOfPage\":{\"@id\":\"https:\/\/narteks.net\/index.php\/2009\/12\/11\/dunyanin-en-renkli-gocebe-topluluklarindan-biri-cingeneler\/\"},\"wordCount\":3273,\"commentCount\":0,\"publisher\":{\"@id\":\"https:\/\/narteks.net\/#organization\"},\"image\":{\"@id\":\"https:\/\/narteks.net\/index.php\/2009\/12\/11\/dunyanin-en-renkli-gocebe-topluluklarindan-biri-cingeneler\/#primaryimage\"},\"thumbnailUrl\":\"http:\/\/upload.wikimedia.org\/wikipedia\/commons\/thumb\/1\/18\/Spanish_Gypsy_Girls_NGM-v31-p267.jpg\/300px-Spanish_Gypsy_Girls_NGM-v31-p267.jpg\",\"articleSection\":[\"Halklar\"],\"inLanguage\":\"tr\",\"potentialAction\":[{\"@type\":\"CommentAction\",\"name\":\"Comment\",\"target\":[\"https:\/\/narteks.net\/index.php\/2009\/12\/11\/dunyanin-en-renkli-gocebe-topluluklarindan-biri-cingeneler\/#respond\"]}]},{\"@type\":\"WebPage\",\"@id\":\"https:\/\/narteks.net\/index.php\/2009\/12\/11\/dunyanin-en-renkli-gocebe-topluluklarindan-biri-cingeneler\/\",\"url\":\"https:\/\/narteks.net\/index.php\/2009\/12\/11\/dunyanin-en-renkli-gocebe-topluluklarindan-biri-cingeneler\/\",\"name\":\"D\u00fcnyan\u0131n en renkli g\u00f6\u00e7ebe topluluklar\u0131ndan biri ; \u00c7\u0130NGENELER - narteks.net\",\"isPartOf\":{\"@id\":\"https:\/\/narteks.net\/#website\"},\"primaryImageOfPage\":{\"@id\":\"https:\/\/narteks.net\/index.php\/2009\/12\/11\/dunyanin-en-renkli-gocebe-topluluklarindan-biri-cingeneler\/#primaryimage\"},\"image\":{\"@id\":\"https:\/\/narteks.net\/index.php\/2009\/12\/11\/dunyanin-en-renkli-gocebe-topluluklarindan-biri-cingeneler\/#primaryimage\"},\"thumbnailUrl\":\"http:\/\/upload.wikimedia.org\/wikipedia\/commons\/thumb\/1\/18\/Spanish_Gypsy_Girls_NGM-v31-p267.jpg\/300px-Spanish_Gypsy_Girls_NGM-v31-p267.jpg\",\"datePublished\":\"2009-12-11T09:49:27+00:00\",\"breadcrumb\":{\"@id\":\"https:\/\/narteks.net\/index.php\/2009\/12\/11\/dunyanin-en-renkli-gocebe-topluluklarindan-biri-cingeneler\/#breadcrumb\"},\"inLanguage\":\"tr\",\"potentialAction\":[{\"@type\":\"ReadAction\",\"target\":[\"https:\/\/narteks.net\/index.php\/2009\/12\/11\/dunyanin-en-renkli-gocebe-topluluklarindan-biri-cingeneler\/\"]}]},{\"@type\":\"ImageObject\",\"inLanguage\":\"tr\",\"@id\":\"https:\/\/narteks.net\/index.php\/2009\/12\/11\/dunyanin-en-renkli-gocebe-topluluklarindan-biri-cingeneler\/#primaryimage\",\"url\":\"http:\/\/upload.wikimedia.org\/wikipedia\/commons\/thumb\/1\/18\/Spanish_Gypsy_Girls_NGM-v31-p267.jpg\/300px-Spanish_Gypsy_Girls_NGM-v31-p267.jpg\",\"contentUrl\":\"http:\/\/upload.wikimedia.org\/wikipedia\/commons\/thumb\/1\/18\/Spanish_Gypsy_Girls_NGM-v31-p267.jpg\/300px-Spanish_Gypsy_Girls_NGM-v31-p267.jpg\"},{\"@type\":\"BreadcrumbList\",\"@id\":\"https:\/\/narteks.net\/index.php\/2009\/12\/11\/dunyanin-en-renkli-gocebe-topluluklarindan-biri-cingeneler\/#breadcrumb\",\"itemListElement\":[{\"@type\":\"ListItem\",\"position\":1,\"name\":\"Anasayfa\",\"item\":\"https:\/\/narteks.net\/\"},{\"@type\":\"ListItem\",\"position\":2,\"name\":\"D\u00fcnyan\u0131n en renkli g\u00f6\u00e7ebe topluluklar\u0131ndan biri ; \u00c7\u0130NGENELER\"}]},{\"@type\":\"WebSite\",\"@id\":\"https:\/\/narteks.net\/#website\",\"url\":\"https:\/\/narteks.net\/\",\"name\":\"narteks.net\",\"description\":\"K\u00fclt\u00fcr Sanat Edebiyat Felsefe\",\"publisher\":{\"@id\":\"https:\/\/narteks.net\/#organization\"},\"alternateName\":\"K\u00fclt\u00fcr Sanat Edebiyat Felsefe\",\"potentialAction\":[{\"@type\":\"SearchAction\",\"target\":{\"@type\":\"EntryPoint\",\"urlTemplate\":\"https:\/\/narteks.net\/?s={search_term_string}\"},\"query-input\":{\"@type\":\"PropertyValueSpecification\",\"valueRequired\":true,\"valueName\":\"search_term_string\"}}],\"inLanguage\":\"tr\"},{\"@type\":\"Organization\",\"@id\":\"https:\/\/narteks.net\/#organization\",\"name\":\"narteks.net\",\"url\":\"https:\/\/narteks.net\/\",\"logo\":{\"@type\":\"ImageObject\",\"inLanguage\":\"tr\",\"@id\":\"https:\/\/narteks.net\/#\/schema\/logo\/image\/\",\"url\":\"https:\/\/narteks.net\/wp-content\/uploads\/narteks.png\",\"contentUrl\":\"https:\/\/narteks.net\/wp-content\/uploads\/narteks.png\",\"width\":300,\"height\":90,\"caption\":\"narteks.net\"},\"image\":{\"@id\":\"https:\/\/narteks.net\/#\/schema\/logo\/image\/\"},\"sameAs\":[\"https:\/\/x.com\/narteks\",\"https:\/\/instagram.com\/narteksnet\"]},{\"@type\":\"Person\",\"@id\":\"https:\/\/narteks.net\/#\/schema\/person\/61f37d9834294b72d31d274e7ed79bca\",\"name\":\"Tar\u0131k\",\"image\":{\"@type\":\"ImageObject\",\"inLanguage\":\"tr\",\"@id\":\"https:\/\/narteks.net\/#\/schema\/person\/image\/\",\"url\":\"https:\/\/secure.gravatar.com\/avatar\/50865afb55632c4ae467e0af0930f6510aa2297d8014be502a55b14f3b7550cf?s=96&d=mm&r=g\",\"contentUrl\":\"https:\/\/secure.gravatar.com\/avatar\/50865afb55632c4ae467e0af0930f6510aa2297d8014be502a55b14f3b7550cf?s=96&d=mm&r=g\",\"caption\":\"Tar\u0131k\"},\"sameAs\":[\"http:\/\/narteks.net\"],\"url\":\"https:\/\/narteks.net\/index.php\/author\/narbak\/\"}]}<\/script>\n<!-- \/ Yoast SEO Premium plugin. -->","yoast_head_json":{"title":"D\u00fcnyan\u0131n en renkli g\u00f6\u00e7ebe topluluklar\u0131ndan biri ; \u00c7\u0130NGENELER - narteks.net","robots":{"index":"index","follow":"follow","max-snippet":"max-snippet:-1","max-image-preview":"max-image-preview:large","max-video-preview":"max-video-preview:-1"},"canonical":"https:\/\/narteks.net\/index.php\/2009\/12\/11\/dunyanin-en-renkli-gocebe-topluluklarindan-biri-cingeneler\/","og_locale":"tr_TR","og_type":"article","og_title":"D\u00fcnyan\u0131n en renkli g\u00f6\u00e7ebe topluluklar\u0131ndan biri ; \u00c7\u0130NGENELER","og_description":"Romanlar veya halk aras\u0131ndaki tabirle \u00c7ingeneler Hindistan&#8217;\u0131n Pencap-Sind (Pakistan, Kara\u00e7i) nehir havzas\u0131 boyunca Pakistan ve Afganistan&#8217;\u0131n da i\u00e7inde bulundu\u011fu b\u00f6lgelerden 1050 civar\u0131nda \u0130ran ve Anadolu \u00fczerinden d\u00fcnyaya yay\u0131lm\u0131\u015f Hint-Avrupa k\u00f6kenli halk\u0131n ad\u0131d\u0131r.Roman halk\u0131n\u0131n vatanlar\u0131n\u0131 neden terketmek zorunda kald\u0131klar\u0131 bug\u00fcn bile yan\u0131ts\u0131z kalmaktaysa da tarih\u00e7iler \u00fc\u00e7 teori ortaya s\u00fcrmektedir: Gazneli Mahmut\u2019un Sindh ve Penjap\u2019\u0131 i\u015fgali s\u0131ras\u0131nda [&hellip;]","og_url":"https:\/\/narteks.net\/index.php\/2009\/12\/11\/dunyanin-en-renkli-gocebe-topluluklarindan-biri-cingeneler\/","og_site_name":"narteks.net","article_published_time":"2009-12-11T09:49:27+00:00","og_image":[{"url":"http:\/\/upload.wikimedia.org\/wikipedia\/commons\/thumb\/1\/18\/Spanish_Gypsy_Girls_NGM-v31-p267.jpg\/300px-Spanish_Gypsy_Girls_NGM-v31-p267.jpg","type":"","width":"","height":""}],"author":"Tar\u0131k","twitter_card":"summary_large_image","twitter_creator":"@narteks","twitter_site":"@narteks","twitter_misc":{"Yazan:":"Tar\u0131k","Tahmini okuma s\u00fcresi":"15 dakika"},"schema":{"@context":"https:\/\/schema.org","@graph":[{"@type":"Article","@id":"https:\/\/narteks.net\/index.php\/2009\/12\/11\/dunyanin-en-renkli-gocebe-topluluklarindan-biri-cingeneler\/#article","isPartOf":{"@id":"https:\/\/narteks.net\/index.php\/2009\/12\/11\/dunyanin-en-renkli-gocebe-topluluklarindan-biri-cingeneler\/"},"author":{"name":"Tar\u0131k","@id":"https:\/\/narteks.net\/#\/schema\/person\/61f37d9834294b72d31d274e7ed79bca"},"headline":"D\u00fcnyan\u0131n en renkli g\u00f6\u00e7ebe topluluklar\u0131ndan biri ; \u00c7\u0130NGENELER","datePublished":"2009-12-11T09:49:27+00:00","mainEntityOfPage":{"@id":"https:\/\/narteks.net\/index.php\/2009\/12\/11\/dunyanin-en-renkli-gocebe-topluluklarindan-biri-cingeneler\/"},"wordCount":3273,"commentCount":0,"publisher":{"@id":"https:\/\/narteks.net\/#organization"},"image":{"@id":"https:\/\/narteks.net\/index.php\/2009\/12\/11\/dunyanin-en-renkli-gocebe-topluluklarindan-biri-cingeneler\/#primaryimage"},"thumbnailUrl":"http:\/\/upload.wikimedia.org\/wikipedia\/commons\/thumb\/1\/18\/Spanish_Gypsy_Girls_NGM-v31-p267.jpg\/300px-Spanish_Gypsy_Girls_NGM-v31-p267.jpg","articleSection":["Halklar"],"inLanguage":"tr","potentialAction":[{"@type":"CommentAction","name":"Comment","target":["https:\/\/narteks.net\/index.php\/2009\/12\/11\/dunyanin-en-renkli-gocebe-topluluklarindan-biri-cingeneler\/#respond"]}]},{"@type":"WebPage","@id":"https:\/\/narteks.net\/index.php\/2009\/12\/11\/dunyanin-en-renkli-gocebe-topluluklarindan-biri-cingeneler\/","url":"https:\/\/narteks.net\/index.php\/2009\/12\/11\/dunyanin-en-renkli-gocebe-topluluklarindan-biri-cingeneler\/","name":"D\u00fcnyan\u0131n en renkli g\u00f6\u00e7ebe topluluklar\u0131ndan biri ; \u00c7\u0130NGENELER - narteks.net","isPartOf":{"@id":"https:\/\/narteks.net\/#website"},"primaryImageOfPage":{"@id":"https:\/\/narteks.net\/index.php\/2009\/12\/11\/dunyanin-en-renkli-gocebe-topluluklarindan-biri-cingeneler\/#primaryimage"},"image":{"@id":"https:\/\/narteks.net\/index.php\/2009\/12\/11\/dunyanin-en-renkli-gocebe-topluluklarindan-biri-cingeneler\/#primaryimage"},"thumbnailUrl":"http:\/\/upload.wikimedia.org\/wikipedia\/commons\/thumb\/1\/18\/Spanish_Gypsy_Girls_NGM-v31-p267.jpg\/300px-Spanish_Gypsy_Girls_NGM-v31-p267.jpg","datePublished":"2009-12-11T09:49:27+00:00","breadcrumb":{"@id":"https:\/\/narteks.net\/index.php\/2009\/12\/11\/dunyanin-en-renkli-gocebe-topluluklarindan-biri-cingeneler\/#breadcrumb"},"inLanguage":"tr","potentialAction":[{"@type":"ReadAction","target":["https:\/\/narteks.net\/index.php\/2009\/12\/11\/dunyanin-en-renkli-gocebe-topluluklarindan-biri-cingeneler\/"]}]},{"@type":"ImageObject","inLanguage":"tr","@id":"https:\/\/narteks.net\/index.php\/2009\/12\/11\/dunyanin-en-renkli-gocebe-topluluklarindan-biri-cingeneler\/#primaryimage","url":"http:\/\/upload.wikimedia.org\/wikipedia\/commons\/thumb\/1\/18\/Spanish_Gypsy_Girls_NGM-v31-p267.jpg\/300px-Spanish_Gypsy_Girls_NGM-v31-p267.jpg","contentUrl":"http:\/\/upload.wikimedia.org\/wikipedia\/commons\/thumb\/1\/18\/Spanish_Gypsy_Girls_NGM-v31-p267.jpg\/300px-Spanish_Gypsy_Girls_NGM-v31-p267.jpg"},{"@type":"BreadcrumbList","@id":"https:\/\/narteks.net\/index.php\/2009\/12\/11\/dunyanin-en-renkli-gocebe-topluluklarindan-biri-cingeneler\/#breadcrumb","itemListElement":[{"@type":"ListItem","position":1,"name":"Anasayfa","item":"https:\/\/narteks.net\/"},{"@type":"ListItem","position":2,"name":"D\u00fcnyan\u0131n en renkli g\u00f6\u00e7ebe topluluklar\u0131ndan biri ; \u00c7\u0130NGENELER"}]},{"@type":"WebSite","@id":"https:\/\/narteks.net\/#website","url":"https:\/\/narteks.net\/","name":"narteks.net","description":"K\u00fclt\u00fcr Sanat Edebiyat Felsefe","publisher":{"@id":"https:\/\/narteks.net\/#organization"},"alternateName":"K\u00fclt\u00fcr Sanat Edebiyat Felsefe","potentialAction":[{"@type":"SearchAction","target":{"@type":"EntryPoint","urlTemplate":"https:\/\/narteks.net\/?s={search_term_string}"},"query-input":{"@type":"PropertyValueSpecification","valueRequired":true,"valueName":"search_term_string"}}],"inLanguage":"tr"},{"@type":"Organization","@id":"https:\/\/narteks.net\/#organization","name":"narteks.net","url":"https:\/\/narteks.net\/","logo":{"@type":"ImageObject","inLanguage":"tr","@id":"https:\/\/narteks.net\/#\/schema\/logo\/image\/","url":"https:\/\/narteks.net\/wp-content\/uploads\/narteks.png","contentUrl":"https:\/\/narteks.net\/wp-content\/uploads\/narteks.png","width":300,"height":90,"caption":"narteks.net"},"image":{"@id":"https:\/\/narteks.net\/#\/schema\/logo\/image\/"},"sameAs":["https:\/\/x.com\/narteks","https:\/\/instagram.com\/narteksnet"]},{"@type":"Person","@id":"https:\/\/narteks.net\/#\/schema\/person\/61f37d9834294b72d31d274e7ed79bca","name":"Tar\u0131k","image":{"@type":"ImageObject","inLanguage":"tr","@id":"https:\/\/narteks.net\/#\/schema\/person\/image\/","url":"https:\/\/secure.gravatar.com\/avatar\/50865afb55632c4ae467e0af0930f6510aa2297d8014be502a55b14f3b7550cf?s=96&d=mm&r=g","contentUrl":"https:\/\/secure.gravatar.com\/avatar\/50865afb55632c4ae467e0af0930f6510aa2297d8014be502a55b14f3b7550cf?s=96&d=mm&r=g","caption":"Tar\u0131k"},"sameAs":["http:\/\/narteks.net"],"url":"https:\/\/narteks.net\/index.php\/author\/narbak\/"}]}},"_links":{"self":[{"href":"https:\/\/narteks.net\/index.php\/wp-json\/wp\/v2\/posts\/2851","targetHints":{"allow":["GET"]}}],"collection":[{"href":"https:\/\/narteks.net\/index.php\/wp-json\/wp\/v2\/posts"}],"about":[{"href":"https:\/\/narteks.net\/index.php\/wp-json\/wp\/v2\/types\/post"}],"author":[{"embeddable":true,"href":"https:\/\/narteks.net\/index.php\/wp-json\/wp\/v2\/users\/1"}],"replies":[{"embeddable":true,"href":"https:\/\/narteks.net\/index.php\/wp-json\/wp\/v2\/comments?post=2851"}],"version-history":[{"count":0,"href":"https:\/\/narteks.net\/index.php\/wp-json\/wp\/v2\/posts\/2851\/revisions"}],"wp:attachment":[{"href":"https:\/\/narteks.net\/index.php\/wp-json\/wp\/v2\/media?parent=2851"}],"wp:term":[{"taxonomy":"category","embeddable":true,"href":"https:\/\/narteks.net\/index.php\/wp-json\/wp\/v2\/categories?post=2851"},{"taxonomy":"post_tag","embeddable":true,"href":"https:\/\/narteks.net\/index.php\/wp-json\/wp\/v2\/tags?post=2851"}],"curies":[{"name":"wp","href":"https:\/\/api.w.org\/{rel}","templated":true}]}}