{"id":2854,"date":"2009-12-11T21:31:42","date_gmt":"2009-12-11T18:31:42","guid":{"rendered":"http:\/\/localhost\/wordpress\/2009\/12\/11\/kartlarn-birlii-ve-karlkl-c-ce-gecii-alan-woods-ted-grant\/"},"modified":"2009-12-11T21:31:42","modified_gmt":"2009-12-11T18:31:42","slug":"kartlarn-birlii-ve-karlkl-c-ce-gecii-alan-woods-ted-grant","status":"publish","type":"post","link":"https:\/\/narteks.net\/index.php\/2009\/12\/11\/kartlarn-birlii-ve-karlkl-c-ce-gecii-alan-woods-ted-grant\/","title":{"rendered":"Kar\u015f\u0131tlar\u0131n Birli\u011fi ve Kar\u015f\u0131l\u0131kl\u0131 \u0130\u00e7 \u0130\u00e7e Ge\u00e7i\u015fi | Alan Woods, Ted Grant"},"content":{"rendered":"<h2><img loading=\"lazy\" decoding=\"async\" class=\"alignleft\" src=\"http:\/\/img246.imageshack.us\/img246\/3222\/kartlk.jpg\" border=\"0\" width=\"155\" height=\"200\" align=\"left\" style=\"margin-left: 3px; margin-right: 3px;\" \/><\/h2>\n<p style=\"text-align: justify;\">Soru \u015fudur: nas\u0131l oluyor da, art\u0131 ve eksi \u201cd\u00fczg\u00fcn bi\u00e7imde dengeleniyor?\u201d Bu \u00e7eli\u015fkili bir d\u00fc\u015f\u00fcncedir! Elementer matematikte art\u0131 ve eksi \u201cdengelenmezler.\u201d Bunlar birbirini yads\u0131rlar. Modern fizik atomun ba\u011fr\u0131nda yatan muazzam g\u00fc\u00e7leri a\u00e7\u0131\u011fa \u00e7\u0131karm\u0131\u015ft\u0131r. Neden elektron ve protonlar\u0131n kar\u015f\u0131t kuvvetleri birbirini g\u00f6t\u00fcrm\u00fcyor? Neden atomlar yaln\u0131zca ayr\u0131 ayr\u0131 u\u00e7u\u015fmuyorlar. Mevcut a\u00e7\u0131klama, atomu bir arada tutan \u201cg\u00fc\u00e7l\u00fc kuvvete\u201d at\u0131f yapar. Ama kar\u015f\u0131tlar\u0131n birli\u011finin t\u00fcm ger\u00e7ekli\u011fin temelinde yatmas\u0131 olgusu yerli yerinde durmaktad\u0131r.<\/p>\n<p style=\"text-align: justify;\">Do\u011fada nereye bakarsak bakal\u0131m kar\u015f\u0131t e\u011filimlerin bir arada varolma dinami\u011fini g\u00f6r\u00fcr\u00fcz. Ya\u015fam\u0131 ve hareketi do\u011furan bu yarat\u0131c\u0131 gerilimdir. Bu, Herakleitos (\u0130.\u00d6. 500 dolaylar\u0131) taraf\u0131ndan iki bin be\u015f y\u00fcz y\u0131l \u00f6nce anla\u015f\u0131lm\u0131\u015ft\u0131. Hatta bu, \u00c7in\u2019deki ying ve yang d\u00fc\u015f\u00fcncesinde ve Budizmde oldu\u011fu gibi, baz\u0131 Do\u011fu dinlerinde de mevcuttur. Burada diyalektik mistik bir bi\u00e7imde a\u00e7\u0131\u011fa \u00e7\u0131kmakla beraber, do\u011fan\u0131n i\u015fleyi\u015fine ili\u015fkin bir sezgiyi yans\u0131t\u0131r. Hindu dini, yarat\u0131l\u0131\u015f (Brahma), istikrar ya da d\u00fczen (Vi\u015fnu) ve y\u0131k\u0131m ya da d\u00fczensizlikten (\u015eiva) olu\u015fan \u00fc\u00e7 a\u015famay\u0131 ortaya koydu\u011funda, diyalektik d\u00fc\u015f\u00fcncenin tohumunu ta\u015f\u0131maktad\u0131r. Kaos matemati\u011fi konulu ilgin\u00e7 kitab\u0131nda Ian Stewart, \u201cevcille\u015ftirilmemi\u015f\u201d tanr\u0131 \u015eiva ve tanr\u0131 Vi\u015fnu aras\u0131ndaki farkl\u0131l\u0131\u011f\u0131n, iyi ve k\u00f6t\u00fc aras\u0131ndaki kar\u015f\u0131tl\u0131k olmad\u0131\u011f\u0131na, ahenk ve ahenksizlik ilkesinin birlikte t\u00fcm varl\u0131\u011f\u0131n temelini olu\u015fturduklar\u0131na dikkat \u00e7eker:<\/p>\n<p style=\"text-align: justify;\">Ayn\u0131 \u015fekilde, matematik\u00e7iler d\u00fczen ve kaosu altta yatan tek bir determinizmin iki farkl\u0131 g\u00f6r\u00fcn\u00fcm\u00fc olarak g\u00f6rmeye ba\u015fl\u0131yorlar. Ve bunlar\u0131n hi\u00e7birisi yal\u0131t\u0131k bir halde bulunmamaktad\u0131r. Tipik bir sistem, kimisi d\u00fczenli kimisi kaotik \u00e7e\u015fitli durumlarda bulunabilir. \u0130ki kar\u015f\u0131t kutup yerine s\u00fcrekli bir tayf vard\u0131r. Ahenk ve ahenksizli\u011fin m\u00fczik g\u00fczelli\u011fi i\u00e7inde birle\u015fmesi gibi, d\u00fczen ve kaos da matematiksel g\u00fczellik i\u00e7inde birle\u015firler. [1]<\/p>\n<p style=\"text-align: justify;\">Herakleitos\u2019ta t\u00fcm bunlar esinleyici bir \u00f6ng\u00f6r\u00fc niteli\u011findedir. \u015eimdi bu hipotez muazzam miktarda \u00f6rneklerle do\u011frulanm\u0131\u015ft\u0131r. Kar\u015f\u0131tlar\u0131n birli\u011fi atomun ba\u011fr\u0131nda yatmaktad\u0131r ve t\u00fcm evren molek\u00fcllerden, atomlardan ve atomalt\u0131 par\u00e7ac\u0131klardan olu\u015fmaktad\u0131r. R. P. Feynman konuyu \u00e7ok g\u00fczel a\u00e7\u0131klamaktad\u0131r:<\/p>\n<p style=\"text-align: justify;\">Her \u015fey, hatta biz kendimiz de, \u00e7ok d\u00fczg\u00fcn bi\u00e7imde dengelenmi\u015f, son derece g\u00fc\u00e7l\u00fc bir \u015fekilde etkile\u015fen k\u00fc\u00e7\u00fck tanecikli art\u0131 ve eksi par\u00e7alardan olu\u015fmaktay\u0131z. [2]<\/p>\n<p style=\"text-align: justify;\">Soru \u015fudur: nas\u0131l oluyor da, art\u0131 ve eksi \u201cd\u00fczg\u00fcn bi\u00e7imde dengeleniyor?\u201d Bu \u00e7eli\u015fkili bir d\u00fc\u015f\u00fcncedir! Elementer matematikte art\u0131 ve eksi \u201cdengelenmezler.\u201d Bunlar birbirini yads\u0131rlar. Modern fizik atomun ba\u011fr\u0131nda yatan muazzam g\u00fc\u00e7leri a\u00e7\u0131\u011fa \u00e7\u0131karm\u0131\u015ft\u0131r. Neden elektron ve protonlar\u0131n kar\u015f\u0131t kuvvetleri birbirini g\u00f6t\u00fcrm\u00fcyor? Neden atomlar yaln\u0131zca ayr\u0131 ayr\u0131 u\u00e7u\u015fmuyorlar. Mevcut a\u00e7\u0131klama, atomu bir arada tutan \u201cg\u00fc\u00e7l\u00fc kuvvete\u201d at\u0131f yapar. Ama kar\u015f\u0131tlar\u0131n birli\u011finin t\u00fcm ger\u00e7ekli\u011fin temelinde yatmas\u0131 olgusu yerli yerinde durmaktad\u0131r.<\/p>\n<p style=\"text-align: justify;\">Atomun \u00e7ekirde\u011fi i\u00e7inde iki kar\u015f\u0131t kuvvet bulunmaktad\u0131r: \u00e7ekme ve itme. Bir yanda, s\u0131n\u0131rlanmamalar\u0131 halinde \u00e7ekirde\u011fi \u015fiddetle parampar\u00e7a edecek elektriksel itmeler vard\u0131r. Di\u011fer yanda, \u00e7ekirdekteki par\u00e7ac\u0131klar\u0131 birbirine ba\u011flayan g\u00fc\u00e7l\u00fc \u00e7ekim kuvvetleri vard\u0131r. Ama bu \u00e7ekim kuvvetinin de, \u00f6tesine ge\u00e7ildi\u011finde bir arada tutma yetene\u011fini yitirdi\u011fi kendi s\u0131n\u0131rlar\u0131 vard\u0131r. \u0130tme kuvvetlerinin aksine, \u00e7ekim kuvvetlerinin \u00e7ok k\u0131sa bir erimi vard\u0131r. Bu kuvvetler k\u00fc\u00e7\u00fck bir \u00e7ekirdekte da\u011f\u0131lma kuvvetlerini kontrol alt\u0131nda tutabilmektedirler. Ama b\u00fcy\u00fck bir \u00e7ekirdekte itme kuvvetleri kolayca alt edilememektedir.<\/p>\n<p style=\"text-align: justify;\">Kritik bir nokta a\u015f\u0131ld\u0131\u011f\u0131nda, ba\u011f kopar ve nitel s\u0131\u00e7rama meydana gelir. B\u00fcy\u00fck bir su damlas\u0131 gibi, da\u011f\u0131lman\u0131n e\u015fi\u011findedir. \u00c7ekirde\u011fe ekstra bir n\u00f6tron eklendi\u011finde da\u011f\u0131lma e\u011filimi h\u0131zla artar. \u00c7ekirdek, b\u00fcy\u00fck miktarda enerji a\u00e7\u0131\u011fa \u00e7\u0131kararak \u015fiddetli bi\u00e7imde birbirinden uzakla\u015fan, daha k\u00fc\u00e7\u00fck iki \u00e7ekirde\u011fe b\u00f6l\u00fcn\u00fcr. N\u00fckleer fisyonda olan budur. Ne var ki benzer s\u00fcre\u00e7ler do\u011fan\u0131n ba\u015fka bir\u00e7ok d\u00fczeyinde de g\u00f6r\u00fclebilir. Parlak bir y\u00fczeye d\u00fc\u015fen su, karma\u015f\u0131k bir damlac\u0131klar deseni olu\u015fturarak par\u00e7alan\u0131r. Bunun nedeni iki kar\u015f\u0131t kuvvetin i\u015f ba\u015f\u0131nda olmas\u0131d\u0131r: suyu, t\u00fcm y\u00fczeye yay\u0131lm\u0131\u015f d\u00fcz bir film halinde sermeye \u00e7al\u0131\u015fan k\u00fctle\u00e7ekim ve k\u00fc\u00e7\u00fck k\u00fcrecikler olu\u015fturarak s\u0131v\u0131y\u0131 bir arada tutmaya \u00e7al\u0131\u015fan ve su molek\u00fcllerini birbirine \u00e7eken y\u00fczey gerilimi.<\/p>\n<p style=\"text-align: justify;\">Do\u011fa \u00e7iftler halinde i\u015f g\u00f6r\u00fcyor gibi g\u00f6r\u00fcnmektedir. Atomalt\u0131 d\u00fczeyde \u201cg\u00fc\u00e7l\u00fc\u201d ve \u201czay\u0131f\u201d kuvvetler g\u00f6r\u00fcyoruz; \u00e7ekme ve itme; manyetizmada kuzey ve g\u00fcney; elektrikte pozitif ve negatif; madde ve anti-madde; biyolojide erkek ve di\u015fi, matematikte \u00e7ift ve tek; hatta atomalt\u0131 par\u00e7ac\u0131klar\u0131n spinine ili\u015fkin olarak \u201csa\u011f el ve sol el\u201d kural\u0131. \u00c7eli\u015fkili e\u011filimlerin, Feynman\u2019\u0131n deyi\u015fiyle \u201cbirbirlerini dengeledi\u011fi,\u201d ya da Herakleitos\u2019un daha \u015fiirsel ifadesini kullanmak gerekirse, \u201cbir m\u00fczik aletinin telleri ve yay\u0131n\u0131n kar\u015f\u0131t gerilimleri gibi, farkl\u0131la\u015farak birbiriyle uzla\u015ft\u0131\u011f\u0131\u201d belirli bir simetri vard\u0131r. Pozitif ve negatif olarak adland\u0131r\u0131labilecek iki t\u00fcr madde vard\u0131r. Benzer olanlar iter, benzer olmayanlar \u00e7eker.<\/p>\n<p style=\"text-align: justify;\"><strong>Pozitif ve Negatif<\/strong><br \/> Negatif olmadan pozitif anlams\u0131zd\u0131r. Bunlar zorunlu olarak birbirlerinden ayr\u0131lamazlar. Hegel \u00e7ok uzun zaman \u00f6nce \u201csaf varl\u0131\u011f\u0131n\u201d (\u00e7eli\u015fkiden ar\u0131nm\u0131\u015f) saf hi\u00e7likle ayn\u0131 \u015fey oldu\u011funu, yani bo\u015f bir soyutlama oldu\u011funu a\u00e7\u0131klam\u0131\u015ft\u0131. Ayn\u0131 \u015fekilde, e\u011fer her \u015fey beyaz olsayd\u0131, bu bizim i\u00e7in sanki her \u015feyin siyah olmas\u0131yla ayn\u0131 olurdu. Ger\u00e7ek d\u00fcnyada her \u015fey pozitifi ve negatifi, olmay\u0131 ve olmamay\u0131 i\u00e7erir, \u00e7\u00fcnk\u00fc her \u015fey s\u00fcrekli bir hareket ve de\u011fi\u015fim halindedir. Bu arada matematik s\u0131f\u0131r\u0131n hi\u00e7li\u011fe e\u015fit olmad\u0131\u011f\u0131n\u0131 g\u00f6stermektedir. \u015e\u00f6yle yaz\u0131yor Engels:<\/p>\n<h4 style=\"text-align: justify;\">S\u0131f\u0131r, herhangi bir belirli niceli\u011fin yads\u0131nmas\u0131 oldu\u011fu i\u00e7in i\u00e7erikten yoksun de\u011fildir. Tersine s\u0131f\u0131r\u0131n \u00e7ok kesin bir i\u00e7eri\u011fi vard\u0131r. T\u00fcm pozitif ve negatif b\u00fcy\u00fckl\u00fcklerin s\u0131n\u0131r \u00e7izgisi olarak, ne pozitif ne de negatif olabilen tek ger\u00e7ek n\u00f6tr say\u0131 olarak o, yaln\u0131zca kesin bir say\u0131 de\u011fil, ayn\u0131 zamanda kendi ba\u015f\u0131na bizzat s\u0131n\u0131rlad\u0131\u011f\u0131 t\u00fcm di\u011fer say\u0131lardan daha \u00f6nemlidir. Asl\u0131nda s\u0131f\u0131r, i\u00e7erik olarak di\u011fer t\u00fcm say\u0131lardan daha zengindir. Herhangi bir say\u0131n\u0131n sa\u011f\u0131na koyun, onu on kat\u0131na \u00e7\u0131kar\u0131r. Kendi ba\u015f\u0131na al\u0131nd\u0131\u011f\u0131nda s\u0131f\u0131r = 0 anlam\u0131na gelmesi \u015fart\u0131yla, s\u0131f\u0131r yerine ba\u015fka herhangi bir i\u015faret kullan\u0131labilirdi. Demek ki, bu uygulamas\u0131n\u0131n olmas\u0131 ve kendi ba\u015f\u0131na bu \u015fekilde uygulanabilmesi s\u0131f\u0131r\u0131n do\u011fas\u0131ndan gelen bir \u015feydir. S\u0131f\u0131r kendisiyle \u00e7arp\u0131lan her say\u0131y\u0131 yok eder; b\u00f6lme i\u015fleminde herhangi bir say\u0131yla b\u00f6len terim olarak bir araya geldi\u011finde o say\u0131y\u0131 sonsuz \u00f6l\u00e7\u00fcde b\u00fcy\u00fct\u00fcr, b\u00f6l\u00fcnen terim olarak bir araya geldi\u011finde sonsuz \u00f6l\u00e7\u00fcde k\u00fc\u00e7\u00fclt\u00fcr; di\u011fer her say\u0131yla sonsuzluk ili\u015fkisi i\u00e7inde duran tek say\u0131d\u0131r. 0\/0, \u2013\u00a5 ile +\u00a5 aras\u0131nda her say\u0131y\u0131 ifade edebilir ve her durumda ger\u00e7ek bir b\u00fcy\u00fckl\u00fc\u011f\u00fc temsil eder. [3]<\/h4>\n<p style=\"text-align: justify;\">Cebirdeki negatif b\u00fcy\u00fckl\u00fckler, yaln\u0131zca pozitif b\u00fcy\u00fckl\u00fcklerle ili\u015fkisi i\u00e7inde anlam kazan\u0131rlar, yoksa hi\u00e7bir ger\u00e7eklikleri olmazd\u0131. Diferansiyel hesapta, varolmak ve varolmamak aras\u0131ndaki ili\u015fki \u00f6zellikle belirgindir. Bunu Mant\u0131k Bilimi\u2019nde uzun uzun i\u015fleyen Hegel, sonsuz k\u00fc\u00e7\u00fckten yararlanan ve \u201cs\u0131f\u0131ra e\u015fit olmayan, ama ihm\u00e2l edilebilecek kadar \u00f6nemsiz olan bir nicelik \u00f6nerisi olmaks\u0131z\u0131n yapamayan\u201d ve yine de her zaman kesin sonu\u00e7 veren bir y\u00f6ntemin kullan\u0131l\u0131\u015f\u0131 kar\u015f\u0131s\u0131nda \u015fok ge\u00e7iren geleneksel matematik\u00e7ilerin \u015fa\u015fk\u0131nl\u0131\u011f\u0131yla \u00e7ok e\u011flendi. [4]<\/p>\n<p style=\"text-align: justify;\">Dahas\u0131, her \u015fey di\u011fer her \u015feyle s\u00fcrekli bir ili\u015fki i\u00e7indedir. B\u00fcy\u00fck mesafelerde dahi, \u0131\u015f\u0131\u011f\u0131n, radyasyonun ve k\u00fctle\u00e7ekimin etkisi alt\u0131nday\u0131z. Duyular\u0131m\u0131z taraf\u0131ndan alg\u0131lanmayan ve s\u00fcrekli olarak de\u011fi\u015fimlere sebep olan bir etkile\u015fim s\u00fcreci vard\u0131r. Mor\u00f6tesi \u0131\u015f\u0131k, t\u0131pk\u0131 g\u00fcne\u015f \u0131\u015f\u0131nlar\u0131n\u0131n okyanustan suyu buharla\u015ft\u0131rmas\u0131 gibi, elektronlar\u0131 metal y\u00fczeylerden \u201cbuharla\u015ft\u0131rma\u201d yetene\u011findedir. Banesh Hoffmann \u015funlar\u0131 belirtiyor:<\/p>\n<p style=\"text-align: justify;\">Sizin ve benim, ve yerin ve yerin hayvanlar\u0131n\u0131n, ve g\u00fcne\u015fin ve ay\u0131n, ve ta en uzak galaksiye kadar y\u0131ld\u0131zlar\u0131n, ritmik bi\u00e7imde par\u00e7ac\u0131k al\u0131\u015f-veri\u015fi yapt\u0131\u011f\u0131m\u0131z d\u00fc\u015f\u00fcncesi bu bak\u0131mdan h\u00e2l\u00e2 ilgin\u00e7 ve \u00fcrk\u00fct\u00fcc\u00fc bir d\u00fc\u015f\u00fcncedir. [5]<\/p>\n<p style=\"text-align: justify;\">Dirac\u2019\u0131n tek elektron i\u00e7in yazd\u0131\u011f\u0131 enerji denklemi iki yan\u0131t i\u00e7ermektedir: biri pozitif, biri de negatif. Bu, bir say\u0131n\u0131n karek\u00f6k\u00fcne benzemektedir, ki pozitif olmas\u0131 da negatif olmas\u0131 da m\u00fcmk\u00fcnd\u00fcr. Ne var ki burada negatif cevap \u00e7eli\u015fkili bir d\u00fc\u015f\u00fcnce ima etmektedir: negatif enerji. Bi\u00e7imsel mant\u0131\u011f\u0131n bak\u0131\u015f a\u00e7\u0131s\u0131ndan sa\u00e7ma bir kavram olarak g\u00f6r\u00fcn\u00fcr bu. Enerji ve madde e\u015fde\u011fer olduklar\u0131ndan, negatif enerji s\u0131ras\u0131 geldi\u011finde negatif madde anlam\u0131na gelir. Bizzat Dirac kendi teorisinin sonu\u00e7lar\u0131ndan rahats\u0131z oldu. Daha \u00f6nce hi\u00e7 duyulmam\u0131\u015f bir madde olan, elektronla \u00f6zde\u015f, ama pozitif elektrik y\u00fckl\u00fc par\u00e7ac\u0131klar\u0131n varl\u0131\u011f\u0131n\u0131 \u00f6ng\u00f6rmeye zorland\u0131.<\/p>\n<p style=\"text-align: justify;\">2 A\u011fustos 1932\u2019de Kaliforniya Teknoloji Enstit\u00fcs\u00fcnden Robert Millikan ve Carl D. Anderson, k\u00fctlesi a\u00e7\u0131k\u00e7a elektronunkiyle ayn\u0131 olan, ama ters y\u00f6nde hareket eden bir par\u00e7ac\u0131k ke\u015ffettiler. Bu par\u00e7ac\u0131k elektron, proton ya da n\u00f6tron de\u011fildi. Anderson bunu \u201cpozitif elektron\u201d ya da pozitron* olarak tan\u0131mlad\u0131. Bu Dirac\u2019\u0131n denklemlerinde \u00f6ng\u00f6r\u00fclen yeni bir madde t\u00fcr\u00fcyd\u00fc: anti-madde. Ard\u0131ndan, elektron ve pozitronlar\u0131n, bir araya geldiklerinde iki foton** \u00fcreterek (iki \u0131\u015f\u0131k parlamas\u0131) birbirlerini yok ettikleri ke\u015ffedildi. Ayn\u0131 \u015fekilde, maddenin i\u00e7inden ge\u00e7en bir foton, bir elektron ve pozitron olu\u015fturmak \u00fczere ayr\u0131\u015fabiliyordu.<\/p>\n<p style=\"text-align: justify;\">Her par\u00e7ac\u0131\u011f\u0131n bir anti-par\u00e7ac\u0131\u011fa sahip olmas\u0131 (elektron ve pozitron, proton ve anti-proton, vb.) \u00f6rne\u011finde oldu\u011fu gibi, kar\u015f\u0131tl\u0131k olgusu fizikte mevcuttur. Bunlar yaln\u0131zca farkl\u0131 de\u011fil, bir husus hari\u00e7 her y\u00f6n\u00fcyle \u00f6zde\u015f olan, kelimenin ger\u00e7ek anlam\u0131nda kar\u015f\u0131tlard\u0131r. Bu husus da pozitif ve negatif olarak z\u0131t elektrik y\u00fcklerine sahip olmalar\u0131d\u0131r. Bu arada, hangisinin pozitif hangisinin negatif olarak karakterize edilece\u011fi \u00f6nemsizdir. \u00d6nemli olan bunlar aras\u0131ndaki ili\u015fkidir.<\/p>\n<p style=\"text-align: justify;\">Her par\u00e7ac\u0131k, y\u00f6n\u00fcne ba\u011fl\u0131 olarak, bir art\u0131 ya da eksiyle ifade edilen ve spin olarak bilinen niteli\u011fe sahiptir. Tuhaf g\u00f6r\u00fcnebilirse de, biyolojide temel bir rol oynad\u0131\u011f\u0131 bilinen ve kar\u015f\u0131t olgular olan sa\u011f el kural\u0131na ve sol el kural\u0131na uyumluluk \u00f6zelli\u011finin, atomalt\u0131 d\u00fczeyde de e\u015fde\u011feri vard\u0131r. Par\u00e7ac\u0131klar ve dalgalar birbirleriyle \u00e7eli\u015fki i\u00e7indedir. Danimarkal\u0131 fizik\u00e7i Niels Bohr bunlara, belirsizlik yaratacak bi\u00e7imde, \u201ctamamlay\u0131c\u0131 kavramlar\u201d diye at\u0131fta bulundu. Bohr bununla, bu ikisinin kesin olarak birbirini d\u0131\u015flad\u0131\u011f\u0131n\u0131 anlatmak istiyordu.<\/p>\n<p style=\"text-align: justify;\">Par\u00e7ac\u0131k fizi\u011finin en son ara\u015ft\u0131rmalar\u0131, maddenin \u015fimdiye kadar ke\u015ffedilmi\u015f en derin d\u00fczeylerine \u0131\u015f\u0131k tutmaktad\u0131r: kuarklar.*** Bu par\u00e7ac\u0131klar da s\u0131radan bi\u00e7imlere uymayan kar\u015f\u0131t \u201cniteliklere\u201d sahipler, \u00f6yle ki fizik\u00e7iler onlar\u0131 tarif edebilmek i\u00e7in yeni, yapay nitelikler olu\u015fturmaya zorland\u0131lar. B\u00f6ylece yukar\u0131-kuarklara, a\u015fa\u011f\u0131-kuarklara, t\u0131ls\u0131ml\u0131-kuarklara, garip-kuarklara vb. tan\u0131k oluyoruz. Her ne kadar kuarklar\u0131n nitelikleri h\u00e2l\u00e2 b\u00fct\u00fcn\u00fcyle ke\u015ffedilmeyi bekliyorsa da, bir \u015fey nettir: kar\u015f\u0131tl\u0131k \u00f6zelli\u011fi, maddenin bilim taraf\u0131ndan bug\u00fcne dek bilinen en temel d\u00fczeylerinde varolmu\u015ftur.<\/p>\n<p style=\"text-align: justify;\">Kar\u015f\u0131tlar\u0131n birli\u011fine ili\u015fkin bu evrensel olgu, ger\u00e7ekte do\u011fadaki t\u00fcm hareketin ve geli\u015fmenin motor g\u00fcc\u00fcd\u00fcr. Hareketi ve de\u011fi\u015fimi a\u00e7\u0131klamak i\u00e7in d\u0131\u015f itki kavram\u0131n\u0131 i\u015fin i\u00e7ine sokmaya gerek olmamas\u0131n\u0131n nedeni i\u015fte budur, ki bu da t\u00fcm mekanik teorilerin temel zaaf\u0131d\u0131r. Kendisi bir \u00e7eli\u015fki i\u00e7eren hareket, ancak \u00e7at\u0131\u015fan e\u011filimlerin ve maddenin t\u00fcm bi\u00e7imlerinin ba\u011fr\u0131nda yatan i\u00e7 gerilimlerin bir sonucu olarak m\u00fcmk\u00fcnd\u00fcr.<\/p>\n<p style=\"text-align: justify;\">Kar\u015f\u0131t e\u011filimler, uzun s\u00fcre boyunca rahats\u0131z bir denge durumunda varolabilirler, ta ki bir de\u011fi\u015fiklik, hatta en k\u00fc\u00e7\u00fc\u011f\u00fcnden bir nicel de\u011fi\u015fiklik, dengeyi y\u0131kana ve nitel bir d\u00f6n\u00fc\u015f\u00fcme yol a\u00e7abilen kritik bir durumu do\u011furana kadar. 1936\u2019da Bohr, \u00e7ekirde\u011fin yap\u0131s\u0131n\u0131 bir s\u0131v\u0131 damlas\u0131yla, \u00f6rne\u011fin bir yapraktan sarkan ya\u011fmur damlas\u0131yla kar\u015f\u0131la\u015ft\u0131rd\u0131. Burada \u00e7ekim kuvveti, su molek\u00fcllerini bir arada tutmaya \u00e7abalayan y\u00fczey gerilimi kuvvetiyle m\u00fccadele etmektedir. S\u0131v\u0131ya sadece birka\u00e7 molek\u00fcl\u00fcn il\u00e2ve edilmesi onu karars\u0131z hale getirir. B\u00fcy\u00fcyen damlac\u0131k titre\u015fmeye ba\u015flar, y\u00fczey gerilimi art\u0131k k\u00fctleyi yapra\u011fa yap\u0131\u015f\u0131k tutamaz ve b\u00fct\u00fcn nesne d\u00fc\u015fer.<\/p>\n<p style=\"text-align: justify;\"><strong>Akl\u0131n \u0130syan\u0131<br \/> Marksist Felsefe ve Modern Bilim<br \/> Alan Woods, Ted Grant<br \/> <\/strong>______________________<\/p>\n<div style=\"text-align: justify;\"><span style=\"color: #808080;\">[1] I. Stewart, Does God Play Dice? (Tanr\u0131 Zar Atar M\u0131?) s.22.<br \/> [2] R. P. Feynman, Lectures on Physics, 2. b\u00f6l\u00fcm, s.5.<br \/> [3] Engels, Dialectics of Nature, s.345-6. [Do\u011fan\u0131n Diyalekti\u011fi, s.286-7]<br \/> [4] Hegel, Science of Logic, cilt 1, s.258.<br \/> [5] B. Hoffmann, The Strange Story of the Quantum (Kuantumun Tuhaf Hik\u00e2yesi), s.159.<\/span><\/div>\n<p style=\"text-align: justify;\"><span style=\"color: #808080;\"><span style=\"color: #808080;\">* Pozitron: Elektronun kar\u015f\u0131t-par\u00e7ac\u0131\u011f\u0131, elektronla ayn\u0131 k\u00fctleye fakat pozitif bir y\u00fcke sahip par\u00e7ac\u0131k.<br \/> <\/span><span style=\"color: #808080;\">** Foton: Elektromanyetik \u0131\u015f\u0131ma birimi ya da \u201cpaketi\u201d.<br \/> <\/span><span style=\"color: #808080;\">*** Kuark: Par\u00e7ac\u0131k fizi\u011finde bu atomalt\u0131 par\u00e7ac\u0131klar\u0131n, hadronlar olarak bilinen elementer par\u00e7ac\u0131klar\u0131n bile\u015fenleri oldu\u011funa inan\u0131l\u0131r. Be\u015f ya da muhtemelen alt\u0131 farkl\u0131 \u00e7e\u015fidinin varoldu\u011fu d\u00fc\u015f\u00fcn\u00fcl\u00fcr, ama her ge\u00e7en g\u00fcn yeni ke\u015fifler yap\u0131lmaktad\u0131r.<\/span><\/span><\/p>\n","protected":false},"excerpt":{"rendered":"<p>Soru \u015fudur: nas\u0131l oluyor da, art\u0131 ve eksi \u201cd\u00fczg\u00fcn bi\u00e7imde dengeleniyor?\u201d Bu \u00e7eli\u015fkili bir d\u00fc\u015f\u00fcncedir! Elementer matematikte art\u0131 ve eksi \u201cdengelenmezler.\u201d Bunlar birbirini yads\u0131rlar. Modern fizik atomun ba\u011fr\u0131nda yatan muazzam g\u00fc\u00e7leri a\u00e7\u0131\u011fa \u00e7\u0131karm\u0131\u015ft\u0131r. Neden elektron ve protonlar\u0131n kar\u015f\u0131t kuvvetleri birbirini g\u00f6t\u00fcrm\u00fcyor? Neden atomlar yaln\u0131zca ayr\u0131 ayr\u0131 u\u00e7u\u015fmuyorlar. Mevcut a\u00e7\u0131klama, atomu bir arada tutan \u201cg\u00fc\u00e7l\u00fc kuvvete\u201d [&hellip;]<\/p>\n","protected":false},"author":1,"featured_media":0,"comment_status":"open","ping_status":"open","sticky":false,"template":"","format":"standard","meta":{"footnotes":""},"categories":[52],"tags":[],"class_list":{"0":"post-2854","1":"post","2":"type-post","3":"status-publish","4":"format-standard","6":"category-psikoloji"},"yoast_head":"<!-- This site is optimized with the Yoast SEO Premium plugin v24.9 (Yoast SEO v24.9) - https:\/\/yoast.com\/wordpress\/plugins\/seo\/ -->\n<title>Kar\u015f\u0131tlar\u0131n Birli\u011fi ve Kar\u015f\u0131l\u0131kl\u0131 \u0130\u00e7 \u0130\u00e7e Ge\u00e7i\u015fi | Alan Woods, Ted Grant - narteks.net<\/title>\n<meta name=\"robots\" content=\"index, follow, max-snippet:-1, max-image-preview:large, max-video-preview:-1\" \/>\n<link rel=\"canonical\" href=\"https:\/\/narteks.net\/index.php\/2009\/12\/11\/kartlarn-birlii-ve-karlkl-c-ce-gecii-alan-woods-ted-grant\/\" \/>\n<meta property=\"og:locale\" content=\"tr_TR\" \/>\n<meta property=\"og:type\" content=\"article\" \/>\n<meta property=\"og:title\" content=\"Kar\u015f\u0131tlar\u0131n Birli\u011fi ve Kar\u015f\u0131l\u0131kl\u0131 \u0130\u00e7 \u0130\u00e7e Ge\u00e7i\u015fi | Alan Woods, Ted Grant\" \/>\n<meta property=\"og:description\" content=\"Soru \u015fudur: nas\u0131l oluyor da, art\u0131 ve eksi \u201cd\u00fczg\u00fcn bi\u00e7imde dengeleniyor?\u201d Bu \u00e7eli\u015fkili bir d\u00fc\u015f\u00fcncedir! Elementer matematikte art\u0131 ve eksi \u201cdengelenmezler.\u201d Bunlar birbirini yads\u0131rlar. Modern fizik atomun ba\u011fr\u0131nda yatan muazzam g\u00fc\u00e7leri a\u00e7\u0131\u011fa \u00e7\u0131karm\u0131\u015ft\u0131r. Neden elektron ve protonlar\u0131n kar\u015f\u0131t kuvvetleri birbirini g\u00f6t\u00fcrm\u00fcyor? Neden atomlar yaln\u0131zca ayr\u0131 ayr\u0131 u\u00e7u\u015fmuyorlar. Mevcut a\u00e7\u0131klama, atomu bir arada tutan \u201cg\u00fc\u00e7l\u00fc kuvvete\u201d [&hellip;]\" \/>\n<meta property=\"og:url\" content=\"https:\/\/narteks.net\/index.php\/2009\/12\/11\/kartlarn-birlii-ve-karlkl-c-ce-gecii-alan-woods-ted-grant\/\" \/>\n<meta property=\"og:site_name\" content=\"narteks.net\" \/>\n<meta property=\"article:published_time\" content=\"2009-12-11T18:31:42+00:00\" \/>\n<meta property=\"og:image\" content=\"http:\/\/img246.imageshack.us\/img246\/3222\/kartlk.jpg\" \/>\n<meta name=\"author\" content=\"Tar\u0131k\" \/>\n<meta name=\"twitter:card\" content=\"summary_large_image\" \/>\n<meta name=\"twitter:creator\" content=\"@narteks\" \/>\n<meta name=\"twitter:site\" content=\"@narteks\" \/>\n<meta name=\"twitter:label1\" content=\"Yazan:\" \/>\n\t<meta name=\"twitter:data1\" content=\"Tar\u0131k\" \/>\n\t<meta name=\"twitter:label2\" content=\"Tahmini okuma s\u00fcresi\" \/>\n\t<meta name=\"twitter:data2\" content=\"12 dakika\" \/>\n<script type=\"application\/ld+json\" class=\"yoast-schema-graph\">{\"@context\":\"https:\/\/schema.org\",\"@graph\":[{\"@type\":\"Article\",\"@id\":\"https:\/\/narteks.net\/index.php\/2009\/12\/11\/kartlarn-birlii-ve-karlkl-c-ce-gecii-alan-woods-ted-grant\/#article\",\"isPartOf\":{\"@id\":\"https:\/\/narteks.net\/index.php\/2009\/12\/11\/kartlarn-birlii-ve-karlkl-c-ce-gecii-alan-woods-ted-grant\/\"},\"author\":{\"name\":\"Tar\u0131k\",\"@id\":\"https:\/\/narteks.net\/#\/schema\/person\/61f37d9834294b72d31d274e7ed79bca\"},\"headline\":\"Kar\u015f\u0131tlar\u0131n Birli\u011fi ve Kar\u015f\u0131l\u0131kl\u0131 \u0130\u00e7 \u0130\u00e7e Ge\u00e7i\u015fi | Alan Woods, Ted Grant\",\"datePublished\":\"2009-12-11T18:31:42+00:00\",\"mainEntityOfPage\":{\"@id\":\"https:\/\/narteks.net\/index.php\/2009\/12\/11\/kartlarn-birlii-ve-karlkl-c-ce-gecii-alan-woods-ted-grant\/\"},\"wordCount\":2444,\"commentCount\":0,\"publisher\":{\"@id\":\"https:\/\/narteks.net\/#organization\"},\"image\":{\"@id\":\"https:\/\/narteks.net\/index.php\/2009\/12\/11\/kartlarn-birlii-ve-karlkl-c-ce-gecii-alan-woods-ted-grant\/#primaryimage\"},\"thumbnailUrl\":\"http:\/\/img246.imageshack.us\/img246\/3222\/kartlk.jpg\",\"articleSection\":[\"Psikoloji\"],\"inLanguage\":\"tr\",\"potentialAction\":[{\"@type\":\"CommentAction\",\"name\":\"Comment\",\"target\":[\"https:\/\/narteks.net\/index.php\/2009\/12\/11\/kartlarn-birlii-ve-karlkl-c-ce-gecii-alan-woods-ted-grant\/#respond\"]}]},{\"@type\":\"WebPage\",\"@id\":\"https:\/\/narteks.net\/index.php\/2009\/12\/11\/kartlarn-birlii-ve-karlkl-c-ce-gecii-alan-woods-ted-grant\/\",\"url\":\"https:\/\/narteks.net\/index.php\/2009\/12\/11\/kartlarn-birlii-ve-karlkl-c-ce-gecii-alan-woods-ted-grant\/\",\"name\":\"Kar\u015f\u0131tlar\u0131n Birli\u011fi ve Kar\u015f\u0131l\u0131kl\u0131 \u0130\u00e7 \u0130\u00e7e Ge\u00e7i\u015fi | Alan Woods, Ted Grant - narteks.net\",\"isPartOf\":{\"@id\":\"https:\/\/narteks.net\/#website\"},\"primaryImageOfPage\":{\"@id\":\"https:\/\/narteks.net\/index.php\/2009\/12\/11\/kartlarn-birlii-ve-karlkl-c-ce-gecii-alan-woods-ted-grant\/#primaryimage\"},\"image\":{\"@id\":\"https:\/\/narteks.net\/index.php\/2009\/12\/11\/kartlarn-birlii-ve-karlkl-c-ce-gecii-alan-woods-ted-grant\/#primaryimage\"},\"thumbnailUrl\":\"http:\/\/img246.imageshack.us\/img246\/3222\/kartlk.jpg\",\"datePublished\":\"2009-12-11T18:31:42+00:00\",\"breadcrumb\":{\"@id\":\"https:\/\/narteks.net\/index.php\/2009\/12\/11\/kartlarn-birlii-ve-karlkl-c-ce-gecii-alan-woods-ted-grant\/#breadcrumb\"},\"inLanguage\":\"tr\",\"potentialAction\":[{\"@type\":\"ReadAction\",\"target\":[\"https:\/\/narteks.net\/index.php\/2009\/12\/11\/kartlarn-birlii-ve-karlkl-c-ce-gecii-alan-woods-ted-grant\/\"]}]},{\"@type\":\"ImageObject\",\"inLanguage\":\"tr\",\"@id\":\"https:\/\/narteks.net\/index.php\/2009\/12\/11\/kartlarn-birlii-ve-karlkl-c-ce-gecii-alan-woods-ted-grant\/#primaryimage\",\"url\":\"http:\/\/img246.imageshack.us\/img246\/3222\/kartlk.jpg\",\"contentUrl\":\"http:\/\/img246.imageshack.us\/img246\/3222\/kartlk.jpg\"},{\"@type\":\"BreadcrumbList\",\"@id\":\"https:\/\/narteks.net\/index.php\/2009\/12\/11\/kartlarn-birlii-ve-karlkl-c-ce-gecii-alan-woods-ted-grant\/#breadcrumb\",\"itemListElement\":[{\"@type\":\"ListItem\",\"position\":1,\"name\":\"Anasayfa\",\"item\":\"https:\/\/narteks.net\/\"},{\"@type\":\"ListItem\",\"position\":2,\"name\":\"Kar\u015f\u0131tlar\u0131n Birli\u011fi ve Kar\u015f\u0131l\u0131kl\u0131 \u0130\u00e7 \u0130\u00e7e Ge\u00e7i\u015fi | Alan Woods, Ted Grant\"}]},{\"@type\":\"WebSite\",\"@id\":\"https:\/\/narteks.net\/#website\",\"url\":\"https:\/\/narteks.net\/\",\"name\":\"narteks.net\",\"description\":\"K\u00fclt\u00fcr Sanat Edebiyat Felsefe\",\"publisher\":{\"@id\":\"https:\/\/narteks.net\/#organization\"},\"alternateName\":\"K\u00fclt\u00fcr Sanat Edebiyat Felsefe\",\"potentialAction\":[{\"@type\":\"SearchAction\",\"target\":{\"@type\":\"EntryPoint\",\"urlTemplate\":\"https:\/\/narteks.net\/?s={search_term_string}\"},\"query-input\":{\"@type\":\"PropertyValueSpecification\",\"valueRequired\":true,\"valueName\":\"search_term_string\"}}],\"inLanguage\":\"tr\"},{\"@type\":\"Organization\",\"@id\":\"https:\/\/narteks.net\/#organization\",\"name\":\"narteks.net\",\"url\":\"https:\/\/narteks.net\/\",\"logo\":{\"@type\":\"ImageObject\",\"inLanguage\":\"tr\",\"@id\":\"https:\/\/narteks.net\/#\/schema\/logo\/image\/\",\"url\":\"https:\/\/narteks.net\/wp-content\/uploads\/narteks.png\",\"contentUrl\":\"https:\/\/narteks.net\/wp-content\/uploads\/narteks.png\",\"width\":300,\"height\":90,\"caption\":\"narteks.net\"},\"image\":{\"@id\":\"https:\/\/narteks.net\/#\/schema\/logo\/image\/\"},\"sameAs\":[\"https:\/\/x.com\/narteks\",\"https:\/\/instagram.com\/narteksnet\"]},{\"@type\":\"Person\",\"@id\":\"https:\/\/narteks.net\/#\/schema\/person\/61f37d9834294b72d31d274e7ed79bca\",\"name\":\"Tar\u0131k\",\"image\":{\"@type\":\"ImageObject\",\"inLanguage\":\"tr\",\"@id\":\"https:\/\/narteks.net\/#\/schema\/person\/image\/\",\"url\":\"https:\/\/secure.gravatar.com\/avatar\/50865afb55632c4ae467e0af0930f6510aa2297d8014be502a55b14f3b7550cf?s=96&d=mm&r=g\",\"contentUrl\":\"https:\/\/secure.gravatar.com\/avatar\/50865afb55632c4ae467e0af0930f6510aa2297d8014be502a55b14f3b7550cf?s=96&d=mm&r=g\",\"caption\":\"Tar\u0131k\"},\"sameAs\":[\"http:\/\/narteks.net\"],\"url\":\"https:\/\/narteks.net\/index.php\/author\/narbak\/\"}]}<\/script>\n<!-- \/ Yoast SEO Premium plugin. -->","yoast_head_json":{"title":"Kar\u015f\u0131tlar\u0131n Birli\u011fi ve Kar\u015f\u0131l\u0131kl\u0131 \u0130\u00e7 \u0130\u00e7e Ge\u00e7i\u015fi | Alan Woods, Ted Grant - narteks.net","robots":{"index":"index","follow":"follow","max-snippet":"max-snippet:-1","max-image-preview":"max-image-preview:large","max-video-preview":"max-video-preview:-1"},"canonical":"https:\/\/narteks.net\/index.php\/2009\/12\/11\/kartlarn-birlii-ve-karlkl-c-ce-gecii-alan-woods-ted-grant\/","og_locale":"tr_TR","og_type":"article","og_title":"Kar\u015f\u0131tlar\u0131n Birli\u011fi ve Kar\u015f\u0131l\u0131kl\u0131 \u0130\u00e7 \u0130\u00e7e Ge\u00e7i\u015fi | Alan Woods, Ted Grant","og_description":"Soru \u015fudur: nas\u0131l oluyor da, art\u0131 ve eksi \u201cd\u00fczg\u00fcn bi\u00e7imde dengeleniyor?\u201d Bu \u00e7eli\u015fkili bir d\u00fc\u015f\u00fcncedir! Elementer matematikte art\u0131 ve eksi \u201cdengelenmezler.\u201d Bunlar birbirini yads\u0131rlar. Modern fizik atomun ba\u011fr\u0131nda yatan muazzam g\u00fc\u00e7leri a\u00e7\u0131\u011fa \u00e7\u0131karm\u0131\u015ft\u0131r. Neden elektron ve protonlar\u0131n kar\u015f\u0131t kuvvetleri birbirini g\u00f6t\u00fcrm\u00fcyor? Neden atomlar yaln\u0131zca ayr\u0131 ayr\u0131 u\u00e7u\u015fmuyorlar. Mevcut a\u00e7\u0131klama, atomu bir arada tutan \u201cg\u00fc\u00e7l\u00fc kuvvete\u201d [&hellip;]","og_url":"https:\/\/narteks.net\/index.php\/2009\/12\/11\/kartlarn-birlii-ve-karlkl-c-ce-gecii-alan-woods-ted-grant\/","og_site_name":"narteks.net","article_published_time":"2009-12-11T18:31:42+00:00","og_image":[{"url":"http:\/\/img246.imageshack.us\/img246\/3222\/kartlk.jpg","type":"","width":"","height":""}],"author":"Tar\u0131k","twitter_card":"summary_large_image","twitter_creator":"@narteks","twitter_site":"@narteks","twitter_misc":{"Yazan:":"Tar\u0131k","Tahmini okuma s\u00fcresi":"12 dakika"},"schema":{"@context":"https:\/\/schema.org","@graph":[{"@type":"Article","@id":"https:\/\/narteks.net\/index.php\/2009\/12\/11\/kartlarn-birlii-ve-karlkl-c-ce-gecii-alan-woods-ted-grant\/#article","isPartOf":{"@id":"https:\/\/narteks.net\/index.php\/2009\/12\/11\/kartlarn-birlii-ve-karlkl-c-ce-gecii-alan-woods-ted-grant\/"},"author":{"name":"Tar\u0131k","@id":"https:\/\/narteks.net\/#\/schema\/person\/61f37d9834294b72d31d274e7ed79bca"},"headline":"Kar\u015f\u0131tlar\u0131n Birli\u011fi ve Kar\u015f\u0131l\u0131kl\u0131 \u0130\u00e7 \u0130\u00e7e Ge\u00e7i\u015fi | Alan Woods, Ted Grant","datePublished":"2009-12-11T18:31:42+00:00","mainEntityOfPage":{"@id":"https:\/\/narteks.net\/index.php\/2009\/12\/11\/kartlarn-birlii-ve-karlkl-c-ce-gecii-alan-woods-ted-grant\/"},"wordCount":2444,"commentCount":0,"publisher":{"@id":"https:\/\/narteks.net\/#organization"},"image":{"@id":"https:\/\/narteks.net\/index.php\/2009\/12\/11\/kartlarn-birlii-ve-karlkl-c-ce-gecii-alan-woods-ted-grant\/#primaryimage"},"thumbnailUrl":"http:\/\/img246.imageshack.us\/img246\/3222\/kartlk.jpg","articleSection":["Psikoloji"],"inLanguage":"tr","potentialAction":[{"@type":"CommentAction","name":"Comment","target":["https:\/\/narteks.net\/index.php\/2009\/12\/11\/kartlarn-birlii-ve-karlkl-c-ce-gecii-alan-woods-ted-grant\/#respond"]}]},{"@type":"WebPage","@id":"https:\/\/narteks.net\/index.php\/2009\/12\/11\/kartlarn-birlii-ve-karlkl-c-ce-gecii-alan-woods-ted-grant\/","url":"https:\/\/narteks.net\/index.php\/2009\/12\/11\/kartlarn-birlii-ve-karlkl-c-ce-gecii-alan-woods-ted-grant\/","name":"Kar\u015f\u0131tlar\u0131n Birli\u011fi ve Kar\u015f\u0131l\u0131kl\u0131 \u0130\u00e7 \u0130\u00e7e Ge\u00e7i\u015fi | Alan Woods, Ted Grant - narteks.net","isPartOf":{"@id":"https:\/\/narteks.net\/#website"},"primaryImageOfPage":{"@id":"https:\/\/narteks.net\/index.php\/2009\/12\/11\/kartlarn-birlii-ve-karlkl-c-ce-gecii-alan-woods-ted-grant\/#primaryimage"},"image":{"@id":"https:\/\/narteks.net\/index.php\/2009\/12\/11\/kartlarn-birlii-ve-karlkl-c-ce-gecii-alan-woods-ted-grant\/#primaryimage"},"thumbnailUrl":"http:\/\/img246.imageshack.us\/img246\/3222\/kartlk.jpg","datePublished":"2009-12-11T18:31:42+00:00","breadcrumb":{"@id":"https:\/\/narteks.net\/index.php\/2009\/12\/11\/kartlarn-birlii-ve-karlkl-c-ce-gecii-alan-woods-ted-grant\/#breadcrumb"},"inLanguage":"tr","potentialAction":[{"@type":"ReadAction","target":["https:\/\/narteks.net\/index.php\/2009\/12\/11\/kartlarn-birlii-ve-karlkl-c-ce-gecii-alan-woods-ted-grant\/"]}]},{"@type":"ImageObject","inLanguage":"tr","@id":"https:\/\/narteks.net\/index.php\/2009\/12\/11\/kartlarn-birlii-ve-karlkl-c-ce-gecii-alan-woods-ted-grant\/#primaryimage","url":"http:\/\/img246.imageshack.us\/img246\/3222\/kartlk.jpg","contentUrl":"http:\/\/img246.imageshack.us\/img246\/3222\/kartlk.jpg"},{"@type":"BreadcrumbList","@id":"https:\/\/narteks.net\/index.php\/2009\/12\/11\/kartlarn-birlii-ve-karlkl-c-ce-gecii-alan-woods-ted-grant\/#breadcrumb","itemListElement":[{"@type":"ListItem","position":1,"name":"Anasayfa","item":"https:\/\/narteks.net\/"},{"@type":"ListItem","position":2,"name":"Kar\u015f\u0131tlar\u0131n Birli\u011fi ve Kar\u015f\u0131l\u0131kl\u0131 \u0130\u00e7 \u0130\u00e7e Ge\u00e7i\u015fi | Alan Woods, Ted Grant"}]},{"@type":"WebSite","@id":"https:\/\/narteks.net\/#website","url":"https:\/\/narteks.net\/","name":"narteks.net","description":"K\u00fclt\u00fcr Sanat Edebiyat Felsefe","publisher":{"@id":"https:\/\/narteks.net\/#organization"},"alternateName":"K\u00fclt\u00fcr Sanat Edebiyat Felsefe","potentialAction":[{"@type":"SearchAction","target":{"@type":"EntryPoint","urlTemplate":"https:\/\/narteks.net\/?s={search_term_string}"},"query-input":{"@type":"PropertyValueSpecification","valueRequired":true,"valueName":"search_term_string"}}],"inLanguage":"tr"},{"@type":"Organization","@id":"https:\/\/narteks.net\/#organization","name":"narteks.net","url":"https:\/\/narteks.net\/","logo":{"@type":"ImageObject","inLanguage":"tr","@id":"https:\/\/narteks.net\/#\/schema\/logo\/image\/","url":"https:\/\/narteks.net\/wp-content\/uploads\/narteks.png","contentUrl":"https:\/\/narteks.net\/wp-content\/uploads\/narteks.png","width":300,"height":90,"caption":"narteks.net"},"image":{"@id":"https:\/\/narteks.net\/#\/schema\/logo\/image\/"},"sameAs":["https:\/\/x.com\/narteks","https:\/\/instagram.com\/narteksnet"]},{"@type":"Person","@id":"https:\/\/narteks.net\/#\/schema\/person\/61f37d9834294b72d31d274e7ed79bca","name":"Tar\u0131k","image":{"@type":"ImageObject","inLanguage":"tr","@id":"https:\/\/narteks.net\/#\/schema\/person\/image\/","url":"https:\/\/secure.gravatar.com\/avatar\/50865afb55632c4ae467e0af0930f6510aa2297d8014be502a55b14f3b7550cf?s=96&d=mm&r=g","contentUrl":"https:\/\/secure.gravatar.com\/avatar\/50865afb55632c4ae467e0af0930f6510aa2297d8014be502a55b14f3b7550cf?s=96&d=mm&r=g","caption":"Tar\u0131k"},"sameAs":["http:\/\/narteks.net"],"url":"https:\/\/narteks.net\/index.php\/author\/narbak\/"}]}},"_links":{"self":[{"href":"https:\/\/narteks.net\/index.php\/wp-json\/wp\/v2\/posts\/2854","targetHints":{"allow":["GET"]}}],"collection":[{"href":"https:\/\/narteks.net\/index.php\/wp-json\/wp\/v2\/posts"}],"about":[{"href":"https:\/\/narteks.net\/index.php\/wp-json\/wp\/v2\/types\/post"}],"author":[{"embeddable":true,"href":"https:\/\/narteks.net\/index.php\/wp-json\/wp\/v2\/users\/1"}],"replies":[{"embeddable":true,"href":"https:\/\/narteks.net\/index.php\/wp-json\/wp\/v2\/comments?post=2854"}],"version-history":[{"count":0,"href":"https:\/\/narteks.net\/index.php\/wp-json\/wp\/v2\/posts\/2854\/revisions"}],"wp:attachment":[{"href":"https:\/\/narteks.net\/index.php\/wp-json\/wp\/v2\/media?parent=2854"}],"wp:term":[{"taxonomy":"category","embeddable":true,"href":"https:\/\/narteks.net\/index.php\/wp-json\/wp\/v2\/categories?post=2854"},{"taxonomy":"post_tag","embeddable":true,"href":"https:\/\/narteks.net\/index.php\/wp-json\/wp\/v2\/tags?post=2854"}],"curies":[{"name":"wp","href":"https:\/\/api.w.org\/{rel}","templated":true}]}}