{"id":2858,"date":"2010-03-09T01:00:00","date_gmt":"2010-03-08T22:00:00","guid":{"rendered":"http:\/\/localhost\/wordpress\/2010\/03\/09\/halklar-arasinda-yaratilmaya-calisilan-kutuplasmaya-bir-cevap-kardes-turkuler\/"},"modified":"2010-03-09T01:00:00","modified_gmt":"2010-03-08T22:00:00","slug":"halklar-arasinda-yaratilmaya-calisilan-kutuplasmaya-bir-cevap-kardes-turkuler","status":"publish","type":"post","link":"https:\/\/narteks.net\/index.php\/2010\/03\/09\/halklar-arasinda-yaratilmaya-calisilan-kutuplasmaya-bir-cevap-kardes-turkuler\/","title":{"rendered":"Halklar aras\u0131nda yarat\u0131lmaya \u00e7al\u0131\u015f\u0131lan kutupla\u015fmaya bir cevap | Karde\u015f T\u00fcrk\u00fcler"},"content":{"rendered":"<p style=\"text-align: justify;\"><img decoding=\"async\" src=\"images\/stories\/kardes-turkuler.jpg\" border=\"0\" style=\"float: left;\" \/><strong>Karde\u015f T\u00fcrk\u00fcler<\/strong>, 1993 y\u0131l\u0131nda Bo\u011fazi\u00e7i \u00dcniversitesi Folklor Kul\u00fcb\u00fc&#8217;n\u00fcn m\u00fczik birimi taraf\u0131ndan haz\u0131rlanan bir konser \u00e7al\u0131\u015fmas\u0131n\u0131n ad\u0131 olarak g\u00fcndeme geldi. Anadolu halk \u015fark\u0131lar\u0131n\u0131, kendi k\u00fclt\u00fcrel yap\u0131lar\u0131n\u0131 baz alarak orijinal dilleriyle yorumlamaya \u00e7al\u0131\u015fan bu proje, ana olarak d\u00f6rt b\u00f6l\u00fcmden,<span class=\"mw-redirect\">T\u00fcrk<\/span>, <span class=\"mw-redirect\">K\u00fcrt<\/span>, <span class=\"mw-redirect\">Azeri<\/span> ve Ermeni \u015fark\u0131lar\u0131ndan olu\u015fuyordu. Bu \u00e7\u0131k\u0131\u015f, politik anlamda &#8216;karde\u015flik i\u00e7inde bir arada ya\u015fama&#8217; ilkesine dayanarak, halklar aras\u0131nda yarat\u0131lmaya \u00e7al\u0131\u015f\u0131lan kutupla\u015fma ve gerilime m\u00fczikal d\u00fczlemde cevaplar geli\u015ftirmeye \u00e7al\u0131\u015f\u0131yordu. Daha sonraki d\u00f6nemlerde Karde\u015f T\u00fcrk\u00fcler \u00e7al\u0131\u015fmas\u0131, de\u011fi\u015fik k\u00fclt\u00fcrlere ait \u015fark\u0131lara da y\u00f6nelerek repertuar\u0131n\u0131 geni\u015fletmeye ba\u015flad\u0131: <span class=\"mw-redirect\">Laz<\/span>, <span class=\"mw-redirect\">G\u00fcrc\u00fc<\/span>, <span class=\"mw-redirect\">\u00c7erkez<\/span>, <span class=\"mw-redirect\">\u00c7ingene<\/span>, <span class=\"mw-redirect\">Makedon<\/span>, <span class=\"mw-redirect\">Alevi<\/span>, vs. ezgileri, m\u00fczik toplulu\u011funun olu\u015fturmaya \u00e7al\u0131\u015ft\u0131\u011f\u0131 d\u00fczenleme anlay\u0131\u015f\u0131 i\u00e7inde bi\u00e7imlendirilerek icra edildi.<\/p>\n<p style=\"text-align: justify;\">1995 yaz\u0131nda kurulan Bo\u011fazi\u00e7i G\u00f6steri Sanatlar\u0131 Toplulu\u011fu&#8217;nun (<span class=\"mw-redirect\">BGST<\/span>) m\u00fczik biriminde yer alan grup, bir yandan \u00e7e\u015fitli sanatsal etkinliklere ve k\u00fclt\u00fcrel gecelere, festival ve \u015fenliklere kat\u0131l\u0131rken, di\u011fer yandan da repertuar\u0131n\u0131n bir b\u00f6l\u00fcm\u00fcn\u00fc de\u011ferlendirmek \u00fczere, <span class=\"new\">Feryal \u00d6ney<\/span>&#8216;in solist olarak yer ald\u0131\u011f\u0131, <span class=\"mw-redirect\">Azeri<\/span> m\u00fczisyenlerle birlikte haz\u0131rlanan &#8216;<span class=\"new\">Hardasan \/ Azeri \u015eark\u0131lar\u0131<\/span>&#8216; adl\u0131 alb\u00fcm \u00e7al\u0131\u015fmas\u0131n\u0131 yay\u0131nlad\u0131. Bir y\u0131l sonra, Haziran 1997 tarihinde, Anadolu-Mezopotamya eksenindeki m\u00fczik geleneklerinin \u00fcr\u00fcnlerini \u00f6rneklemek \u00fczere &#8216;<span class=\"new\">Karde\u015f T\u00fcrk\u00fcler<\/span>&#8216; alb\u00fcm\u00fcn\u00fc \u00e7\u0131karan grup, zaman i\u00e7inde bu ad ile an\u0131lmaya ba\u015flad\u0131. Ayn\u0131 d\u00f6nem bir \u00f6zel radyonun yapt\u0131\u011f\u0131 dinleyici anketinde &#8216;y\u0131l\u0131n grubu&#8217; se\u00e7ilen <em>Karde\u015f T\u00fcrk\u00fcler<\/em>, ikinci alb\u00fcm\u00fcn\u00fc daha lokal ve spesifik bir projeye ay\u0131rd\u0131: &#8216;<span class=\"new\">Do\u011fu<\/span>&#8216; alb\u00fcm\u00fc, o co\u011frafyan\u0131n m\u00fczikal miras\u0131n\u0131 ve sundu\u011fu olanaklar\u0131 ara\u015ft\u0131rmaya \u00e7al\u0131\u015fan grubun kendi &#8216;sound&#8217;unu olu\u015fturmas\u0131 yolunda \u00f6nemli bir ad\u0131m oldu.<\/p>\n<p style=\"text-align: justify;\">Grup, <span class=\"new\">Truva Folklor Ara\u015ft\u0131rmalar\u0131 Derne\u011fi<\/span>&#8216;nce Aral\u0131k 1999 tarihinde 7&#8217;ncisi d\u00fczenlenen <span class=\"new\">Truva K\u00fclt\u00fcr Sanat \u00d6d\u00fclleri<\/span> kapsam\u0131nda &#8216;\u00c7a\u011fda\u015f Halk M\u00fczi\u011fi&#8217; dal\u0131nda \u00f6d\u00fcle lay\u0131k g\u00f6r\u00fcld\u00fc. <span class=\"new\">Folk Roots dergisinin<\/span> Temmuz 1999 tarihli say\u0131s\u0131nda tan\u0131t\u0131m\u0131 yap\u0131lan &#8216;<span class=\"new\">Do\u011fu<\/span>&#8216;alb\u00fcm\u00fc, ayn\u0131 d\u00f6nemde \u0130ngiltere&#8217;de yay\u0131n yapan <span class=\"new\">Radio Not-Wonderful<\/span>&#8216;un listesinde 4. s\u0131rada yer ald\u0131. 2000 y\u0131l\u0131n\u0131n \u015eubat ay\u0131nda, <span class=\"new\">J\u00e9r\u00f4me Cler<\/span>&#8216;in haz\u0131rlad\u0131\u011f\u0131 ve <span class=\"new\">Cit\u00e9 de la Musiques \/ Actes Sud<\/span> taraf\u0131ndan Fransa&#8217;da yay\u0131nlanan &#8216;<span class=\"new\">Musiques de Turquie<\/span>&#8216; adl\u0131 kitab\u0131n CD ekinde, grubun yorumlad\u0131\u011f\u0131 iki \u015fark\u0131ya yer verildi.<\/p>\n<p style=\"text-align: justify;\">Do\u011fu alb\u00fcm\u00fcnden bir \u015fark\u0131, <span class=\"new\">Songlines dergisinin<\/span> Anadolu m\u00fcziklerine ay\u0131rd\u0131\u011f\u0131 Ekim say\u0131s\u0131nda ek olarak verdi\u011fi karma alb\u00fcmde de yer ald\u0131.Yine <span class=\"new\">Folk Roots dergisinin<\/span> Ocak-\u015eubat 2001 say\u0131s\u0131ndaki karma alb\u00fcmde grubun bir \u015fark\u0131s\u0131na yer verildi. Grup, co\u011frafyam\u0131z\u0131n \u00e7ok-k\u00fclt\u00fcrl\u00fc, \u00e7ok-etnili yap\u0131s\u0131n\u0131, ilk kez \u00e7ekti\u011fi bir T\u00fcrk\u00e7e-K\u00fcrt\u00e7e kliple de g\u00fcndeme getirmeye \u00e7al\u0131\u015ft\u0131. K\u00fclt\u00fcrler aras\u0131ndaki al\u0131\u015fveri\u015fin m\u00fczikal alanda bir \u00f6rne\u011fi olarak d\u00fc\u015f\u00fcn\u00fclen bu \u015fark\u0131n\u0131n klibi, bir &#8216;ilk&#8217; olmas\u0131 itibariyle ana haber b\u00fcltenlerine konu olduysa da, ulusal kanallarda pek yer almad\u0131; ama karde\u015flik ve bar\u0131\u015f\u0131 \u00f6nemseyen \u00e7evrelerden olumlu tepkiler ald\u0131.<\/p>\n<p style=\"text-align: justify;\">Yaln\u0131zca ideolojik fikirlerinden de\u011fil, olu\u015fturduklar\u0131 m\u00fczikaliteyle de m\u00fczik otoritelerince s\u0131k s\u0131k \u00f6vg\u00fcye lay\u0131k g\u00f6r\u00fcld\u00fc. Bu tarz otantik m\u00fczi\u011fi, yine otantik sazlarla <strong>\u00e7ok sesli m\u00fczi\u011fe<\/strong> \u00e7evirebilmeleri hep ba\u015far\u0131l\u0131 bulundu.<\/p>\n<p style=\"text-align: justify;\"><span class=\"mw-redirect\">\u015eivan Perver<\/span>&#8216;in Eyl\u00fcl 2000&#8217;de piyasaya \u00e7\u0131kan &#8216;<span class=\"new\">Roj \u00fb Heyv<\/span>&#8216; adl\u0131 alb\u00fcm\u00fcn\u00fcn m\u00fczik y\u00f6netmenli\u011fi ve d\u00fczenlemelerini \u00fcstlenen <strong class=\"selflink\">Karde\u015f T\u00fcrk\u00fcler<\/strong>, son olarak Y\u0131lmaz Erdo\u011fan ve <span class=\"new\">\u00d6mer F. Sorak<\/span>&#8216;\u0131n y\u00f6netmenli\u011fini yapt\u0131\u011f\u0131 &#8216; <span class=\"new\">Vizontele<\/span>&#8216; filminin m\u00fcziklerini haz\u0131rlad\u0131. Bu \u00e7al\u0131\u015fmas\u0131yla, Ekim 2001 tarihinde d\u00fczenlenen 38. <span class=\"new\">Antalya Alt\u0131n Portakal Film \u015eenli\u011fi<\/span>&#8216;nde &#8216;En \u0130yi Film M\u00fczi\u011fi&#8217; \u00f6d\u00fcl\u00fc alan grup, 2002 Aral\u0131k ay\u0131nda &#8220;<span class=\"new\">Hem\u00e2v\u00e2z<\/span>&#8220;\u0131, 2005 y\u0131l\u0131ndada <em>Bahar&#8217;<\/em>\u0131 yay\u0131nlad\u0131. Ayr\u0131ca 2005&#8217;te g\u00f6sterime giren Hollywood yap\u0131m\u0131 <strong>Cennetin Krall\u0131\u011f\u0131<\/strong> filminin M\u00fczik Direkt\u00f6r\u00fc, Karde\u015f T\u00fcrk\u00fcler&#8217;i, Ortado\u011fu M\u00fczi\u011fini en iyi yorumlayan ekiplerden biri olarak g\u00f6rd\u00fc ve film m\u00fczi\u011fi olarak kullanmak i\u00e7in birka\u00e7 par\u00e7a istedi. Gerek orijinal halk m\u00fcziklerinden, gerekse kendi bestelerinden olu\u015fan 11 par\u00e7a g\u00f6nderildi ve bunlar\u0131n 3-4&#8217;\u00fc filmde kullan\u0131ld\u0131.<span class=\"new\"> <\/span><\/p>\n<h2 style=\"text-align: justify;\"><span id=\"Alb.C3.BCmler:\" class=\"mw-headline\"><br \/>\n<object width=\"400\" height=\"315\" data=\"http:\/\/www.humyo.com\/E\/10044311-281475102441131\/10044311-281475102444523\/10044311-281475102482009\/10044311-281475102486027\/10044311-281475102504213\/10044311-281475102522527\/10044311-281475102538515\/10044311-281475102544585\/10044311-281475102548761\/10044311-281475102551811\/10044311-281475102554245\/10044311-281475102556935\" type=\"application\/x-shockwave-flash\"><param name=\"flashvars\" value=\"autostart=true&amp;imagestart=true&amp;displayheight=236\" \/><param name=\"src\" value=\"http:\/\/www.humyo.com\/E\/10044311-281475102441131\/10044311-281475102444523\/10044311-281475102482009\/10044311-281475102486027\/10044311-281475102504213\/10044311-281475102522527\/10044311-281475102538515\/10044311-281475102544585\/10044311-281475102548761\/10044311-281475102551811\/10044311-281475102554245\/10044311-281475102556935\" \/><\/object><br \/>\n<\/span><\/h2>\n<p><strong>Alb\u00fcmler:<\/strong><\/p>\n<p> Bahar &#8211; Haziran 2005 &#8211; Kalan M\u00fczik<br \/> Vizontele Tuuba &#8211; \u015eubat 2004 &#8211; Kalan M\u00fczik<br \/> Hem\u00e2v\u00e2z &#8211; Aral\u0131k 2002 &#8211; Kalan M\u00fczik<br \/> Vizontele (Film M\u00fczikleri) &#8211; \u015eubat 2001 &#8211; Kalan M\u00fczik<br \/> Do\u011fu &#8211; Temmuz 1999 &#8211; Kalan M\u00fczik<br \/> Karde\u015f T\u00fcrk\u00fcler &#8211; Haziran 1997 &#8211; Kalan M\u00fczik<\/p>\n<p>Feryal \u00d6ney Solo Alb\u00fcmler<\/p>\n<p> Hardasan-Azeri \u015eark\u0131lar\u0131, Ekim 1996 &#8211; G\u00fcvercin M\u00fczik<br \/> Bulutlar Ge\u00e7er,2006- Kalan M\u00fczik<\/p>\n","protected":false},"excerpt":{"rendered":"<p>Karde\u015f T\u00fcrk\u00fcler, 1993 y\u0131l\u0131nda Bo\u011fazi\u00e7i \u00dcniversitesi Folklor Kul\u00fcb\u00fc&#8217;n\u00fcn m\u00fczik birimi taraf\u0131ndan haz\u0131rlanan bir konser \u00e7al\u0131\u015fmas\u0131n\u0131n ad\u0131 olarak g\u00fcndeme geldi. Anadolu halk \u015fark\u0131lar\u0131n\u0131, kendi k\u00fclt\u00fcrel yap\u0131lar\u0131n\u0131 baz alarak orijinal dilleriyle yorumlamaya \u00e7al\u0131\u015fan bu proje, ana olarak d\u00f6rt b\u00f6l\u00fcmden,T\u00fcrk, K\u00fcrt, Azeri ve Ermeni \u015fark\u0131lar\u0131ndan olu\u015fuyordu. Bu \u00e7\u0131k\u0131\u015f, politik anlamda &#8216;karde\u015flik i\u00e7inde bir arada ya\u015fama&#8217; ilkesine dayanarak, halklar [&hellip;]<\/p>\n","protected":false},"author":1,"featured_media":0,"comment_status":"open","ping_status":"open","sticky":false,"template":"","format":"standard","meta":{"footnotes":""},"categories":[127],"tags":[],"class_list":{"0":"post-2858","1":"post","2":"type-post","3":"status-publish","4":"format-standard","6":"category-muzik-gruplari"},"yoast_head":"<!-- This site is optimized with the Yoast SEO Premium plugin v24.9 (Yoast SEO v24.9) - https:\/\/yoast.com\/wordpress\/plugins\/seo\/ -->\n<title>Halklar aras\u0131nda yarat\u0131lmaya \u00e7al\u0131\u015f\u0131lan kutupla\u015fmaya bir cevap | Karde\u015f T\u00fcrk\u00fcler - narteks.net<\/title>\n<meta name=\"robots\" content=\"index, follow, max-snippet:-1, max-image-preview:large, max-video-preview:-1\" \/>\n<link rel=\"canonical\" href=\"https:\/\/narteks.net\/index.php\/2010\/03\/09\/halklar-arasinda-yaratilmaya-calisilan-kutuplasmaya-bir-cevap-kardes-turkuler\/\" \/>\n<meta property=\"og:locale\" content=\"tr_TR\" \/>\n<meta property=\"og:type\" content=\"article\" \/>\n<meta property=\"og:title\" content=\"Halklar aras\u0131nda yarat\u0131lmaya \u00e7al\u0131\u015f\u0131lan kutupla\u015fmaya bir cevap | Karde\u015f T\u00fcrk\u00fcler\" \/>\n<meta property=\"og:description\" content=\"Karde\u015f T\u00fcrk\u00fcler, 1993 y\u0131l\u0131nda Bo\u011fazi\u00e7i \u00dcniversitesi Folklor Kul\u00fcb\u00fc&#8217;n\u00fcn m\u00fczik birimi taraf\u0131ndan haz\u0131rlanan bir konser \u00e7al\u0131\u015fmas\u0131n\u0131n ad\u0131 olarak g\u00fcndeme geldi. Anadolu halk \u015fark\u0131lar\u0131n\u0131, kendi k\u00fclt\u00fcrel yap\u0131lar\u0131n\u0131 baz alarak orijinal dilleriyle yorumlamaya \u00e7al\u0131\u015fan bu proje, ana olarak d\u00f6rt b\u00f6l\u00fcmden,T\u00fcrk, K\u00fcrt, Azeri ve Ermeni \u015fark\u0131lar\u0131ndan olu\u015fuyordu. Bu \u00e7\u0131k\u0131\u015f, politik anlamda &#8216;karde\u015flik i\u00e7inde bir arada ya\u015fama&#8217; ilkesine dayanarak, halklar [&hellip;]\" \/>\n<meta property=\"og:url\" content=\"https:\/\/narteks.net\/index.php\/2010\/03\/09\/halklar-arasinda-yaratilmaya-calisilan-kutuplasmaya-bir-cevap-kardes-turkuler\/\" \/>\n<meta property=\"og:site_name\" content=\"narteks.net\" \/>\n<meta property=\"article:published_time\" content=\"2010-03-08T22:00:00+00:00\" \/>\n<meta property=\"og:image\" content=\"https:\/\/narteks.net\/wp-content\/uploads\/narteks.png\" \/>\n\t<meta property=\"og:image:width\" content=\"300\" \/>\n\t<meta property=\"og:image:height\" content=\"90\" \/>\n\t<meta property=\"og:image:type\" content=\"image\/png\" \/>\n<meta name=\"author\" content=\"Tar\u0131k\" \/>\n<meta name=\"twitter:card\" content=\"summary_large_image\" \/>\n<meta name=\"twitter:creator\" content=\"@narteks\" \/>\n<meta name=\"twitter:site\" content=\"@narteks\" \/>\n<meta name=\"twitter:label1\" content=\"Yazan:\" \/>\n\t<meta name=\"twitter:data1\" content=\"Tar\u0131k\" \/>\n\t<meta name=\"twitter:label2\" content=\"Tahmini okuma s\u00fcresi\" \/>\n\t<meta name=\"twitter:data2\" content=\"4 dakika\" \/>\n<script type=\"application\/ld+json\" class=\"yoast-schema-graph\">{\"@context\":\"https:\/\/schema.org\",\"@graph\":[{\"@type\":\"Article\",\"@id\":\"https:\/\/narteks.net\/index.php\/2010\/03\/09\/halklar-arasinda-yaratilmaya-calisilan-kutuplasmaya-bir-cevap-kardes-turkuler\/#article\",\"isPartOf\":{\"@id\":\"https:\/\/narteks.net\/index.php\/2010\/03\/09\/halklar-arasinda-yaratilmaya-calisilan-kutuplasmaya-bir-cevap-kardes-turkuler\/\"},\"author\":{\"name\":\"Tar\u0131k\",\"@id\":\"https:\/\/narteks.net\/#\/schema\/person\/61f37d9834294b72d31d274e7ed79bca\"},\"headline\":\"Halklar aras\u0131nda yarat\u0131lmaya \u00e7al\u0131\u015f\u0131lan kutupla\u015fmaya bir cevap | Karde\u015f T\u00fcrk\u00fcler\",\"datePublished\":\"2010-03-08T22:00:00+00:00\",\"mainEntityOfPage\":{\"@id\":\"https:\/\/narteks.net\/index.php\/2010\/03\/09\/halklar-arasinda-yaratilmaya-calisilan-kutuplasmaya-bir-cevap-kardes-turkuler\/\"},\"wordCount\":859,\"commentCount\":0,\"publisher\":{\"@id\":\"https:\/\/narteks.net\/#organization\"},\"articleSection\":[\"M\u00fczik Gruplar\u0131\"],\"inLanguage\":\"tr\",\"potentialAction\":[{\"@type\":\"CommentAction\",\"name\":\"Comment\",\"target\":[\"https:\/\/narteks.net\/index.php\/2010\/03\/09\/halklar-arasinda-yaratilmaya-calisilan-kutuplasmaya-bir-cevap-kardes-turkuler\/#respond\"]}]},{\"@type\":\"WebPage\",\"@id\":\"https:\/\/narteks.net\/index.php\/2010\/03\/09\/halklar-arasinda-yaratilmaya-calisilan-kutuplasmaya-bir-cevap-kardes-turkuler\/\",\"url\":\"https:\/\/narteks.net\/index.php\/2010\/03\/09\/halklar-arasinda-yaratilmaya-calisilan-kutuplasmaya-bir-cevap-kardes-turkuler\/\",\"name\":\"Halklar aras\u0131nda yarat\u0131lmaya \u00e7al\u0131\u015f\u0131lan kutupla\u015fmaya bir cevap | Karde\u015f T\u00fcrk\u00fcler - narteks.net\",\"isPartOf\":{\"@id\":\"https:\/\/narteks.net\/#website\"},\"datePublished\":\"2010-03-08T22:00:00+00:00\",\"breadcrumb\":{\"@id\":\"https:\/\/narteks.net\/index.php\/2010\/03\/09\/halklar-arasinda-yaratilmaya-calisilan-kutuplasmaya-bir-cevap-kardes-turkuler\/#breadcrumb\"},\"inLanguage\":\"tr\",\"potentialAction\":[{\"@type\":\"ReadAction\",\"target\":[\"https:\/\/narteks.net\/index.php\/2010\/03\/09\/halklar-arasinda-yaratilmaya-calisilan-kutuplasmaya-bir-cevap-kardes-turkuler\/\"]}]},{\"@type\":\"BreadcrumbList\",\"@id\":\"https:\/\/narteks.net\/index.php\/2010\/03\/09\/halklar-arasinda-yaratilmaya-calisilan-kutuplasmaya-bir-cevap-kardes-turkuler\/#breadcrumb\",\"itemListElement\":[{\"@type\":\"ListItem\",\"position\":1,\"name\":\"Anasayfa\",\"item\":\"https:\/\/narteks.net\/\"},{\"@type\":\"ListItem\",\"position\":2,\"name\":\"Halklar aras\u0131nda yarat\u0131lmaya \u00e7al\u0131\u015f\u0131lan kutupla\u015fmaya bir cevap | Karde\u015f T\u00fcrk\u00fcler\"}]},{\"@type\":\"WebSite\",\"@id\":\"https:\/\/narteks.net\/#website\",\"url\":\"https:\/\/narteks.net\/\",\"name\":\"narteks.net\",\"description\":\"K\u00fclt\u00fcr Sanat Edebiyat Felsefe\",\"publisher\":{\"@id\":\"https:\/\/narteks.net\/#organization\"},\"alternateName\":\"K\u00fclt\u00fcr Sanat Edebiyat Felsefe\",\"potentialAction\":[{\"@type\":\"SearchAction\",\"target\":{\"@type\":\"EntryPoint\",\"urlTemplate\":\"https:\/\/narteks.net\/?s={search_term_string}\"},\"query-input\":{\"@type\":\"PropertyValueSpecification\",\"valueRequired\":true,\"valueName\":\"search_term_string\"}}],\"inLanguage\":\"tr\"},{\"@type\":\"Organization\",\"@id\":\"https:\/\/narteks.net\/#organization\",\"name\":\"narteks.net\",\"url\":\"https:\/\/narteks.net\/\",\"logo\":{\"@type\":\"ImageObject\",\"inLanguage\":\"tr\",\"@id\":\"https:\/\/narteks.net\/#\/schema\/logo\/image\/\",\"url\":\"https:\/\/narteks.net\/wp-content\/uploads\/narteks.png\",\"contentUrl\":\"https:\/\/narteks.net\/wp-content\/uploads\/narteks.png\",\"width\":300,\"height\":90,\"caption\":\"narteks.net\"},\"image\":{\"@id\":\"https:\/\/narteks.net\/#\/schema\/logo\/image\/\"},\"sameAs\":[\"https:\/\/x.com\/narteks\",\"https:\/\/instagram.com\/narteksnet\"]},{\"@type\":\"Person\",\"@id\":\"https:\/\/narteks.net\/#\/schema\/person\/61f37d9834294b72d31d274e7ed79bca\",\"name\":\"Tar\u0131k\",\"image\":{\"@type\":\"ImageObject\",\"inLanguage\":\"tr\",\"@id\":\"https:\/\/narteks.net\/#\/schema\/person\/image\/\",\"url\":\"https:\/\/secure.gravatar.com\/avatar\/50865afb55632c4ae467e0af0930f6510aa2297d8014be502a55b14f3b7550cf?s=96&d=mm&r=g\",\"contentUrl\":\"https:\/\/secure.gravatar.com\/avatar\/50865afb55632c4ae467e0af0930f6510aa2297d8014be502a55b14f3b7550cf?s=96&d=mm&r=g\",\"caption\":\"Tar\u0131k\"},\"sameAs\":[\"http:\/\/narteks.net\"],\"url\":\"https:\/\/narteks.net\/index.php\/author\/narbak\/\"}]}<\/script>\n<!-- \/ Yoast SEO Premium plugin. -->","yoast_head_json":{"title":"Halklar aras\u0131nda yarat\u0131lmaya \u00e7al\u0131\u015f\u0131lan kutupla\u015fmaya bir cevap | Karde\u015f T\u00fcrk\u00fcler - narteks.net","robots":{"index":"index","follow":"follow","max-snippet":"max-snippet:-1","max-image-preview":"max-image-preview:large","max-video-preview":"max-video-preview:-1"},"canonical":"https:\/\/narteks.net\/index.php\/2010\/03\/09\/halklar-arasinda-yaratilmaya-calisilan-kutuplasmaya-bir-cevap-kardes-turkuler\/","og_locale":"tr_TR","og_type":"article","og_title":"Halklar aras\u0131nda yarat\u0131lmaya \u00e7al\u0131\u015f\u0131lan kutupla\u015fmaya bir cevap | Karde\u015f T\u00fcrk\u00fcler","og_description":"Karde\u015f T\u00fcrk\u00fcler, 1993 y\u0131l\u0131nda Bo\u011fazi\u00e7i \u00dcniversitesi Folklor Kul\u00fcb\u00fc&#8217;n\u00fcn m\u00fczik birimi taraf\u0131ndan haz\u0131rlanan bir konser \u00e7al\u0131\u015fmas\u0131n\u0131n ad\u0131 olarak g\u00fcndeme geldi. Anadolu halk \u015fark\u0131lar\u0131n\u0131, kendi k\u00fclt\u00fcrel yap\u0131lar\u0131n\u0131 baz alarak orijinal dilleriyle yorumlamaya \u00e7al\u0131\u015fan bu proje, ana olarak d\u00f6rt b\u00f6l\u00fcmden,T\u00fcrk, K\u00fcrt, Azeri ve Ermeni \u015fark\u0131lar\u0131ndan olu\u015fuyordu. Bu \u00e7\u0131k\u0131\u015f, politik anlamda &#8216;karde\u015flik i\u00e7inde bir arada ya\u015fama&#8217; ilkesine dayanarak, halklar [&hellip;]","og_url":"https:\/\/narteks.net\/index.php\/2010\/03\/09\/halklar-arasinda-yaratilmaya-calisilan-kutuplasmaya-bir-cevap-kardes-turkuler\/","og_site_name":"narteks.net","article_published_time":"2010-03-08T22:00:00+00:00","og_image":[{"width":300,"height":90,"url":"https:\/\/narteks.net\/wp-content\/uploads\/narteks.png","type":"image\/png"}],"author":"Tar\u0131k","twitter_card":"summary_large_image","twitter_creator":"@narteks","twitter_site":"@narteks","twitter_misc":{"Yazan:":"Tar\u0131k","Tahmini okuma s\u00fcresi":"4 dakika"},"schema":{"@context":"https:\/\/schema.org","@graph":[{"@type":"Article","@id":"https:\/\/narteks.net\/index.php\/2010\/03\/09\/halklar-arasinda-yaratilmaya-calisilan-kutuplasmaya-bir-cevap-kardes-turkuler\/#article","isPartOf":{"@id":"https:\/\/narteks.net\/index.php\/2010\/03\/09\/halklar-arasinda-yaratilmaya-calisilan-kutuplasmaya-bir-cevap-kardes-turkuler\/"},"author":{"name":"Tar\u0131k","@id":"https:\/\/narteks.net\/#\/schema\/person\/61f37d9834294b72d31d274e7ed79bca"},"headline":"Halklar aras\u0131nda yarat\u0131lmaya \u00e7al\u0131\u015f\u0131lan kutupla\u015fmaya bir cevap | Karde\u015f T\u00fcrk\u00fcler","datePublished":"2010-03-08T22:00:00+00:00","mainEntityOfPage":{"@id":"https:\/\/narteks.net\/index.php\/2010\/03\/09\/halklar-arasinda-yaratilmaya-calisilan-kutuplasmaya-bir-cevap-kardes-turkuler\/"},"wordCount":859,"commentCount":0,"publisher":{"@id":"https:\/\/narteks.net\/#organization"},"articleSection":["M\u00fczik Gruplar\u0131"],"inLanguage":"tr","potentialAction":[{"@type":"CommentAction","name":"Comment","target":["https:\/\/narteks.net\/index.php\/2010\/03\/09\/halklar-arasinda-yaratilmaya-calisilan-kutuplasmaya-bir-cevap-kardes-turkuler\/#respond"]}]},{"@type":"WebPage","@id":"https:\/\/narteks.net\/index.php\/2010\/03\/09\/halklar-arasinda-yaratilmaya-calisilan-kutuplasmaya-bir-cevap-kardes-turkuler\/","url":"https:\/\/narteks.net\/index.php\/2010\/03\/09\/halklar-arasinda-yaratilmaya-calisilan-kutuplasmaya-bir-cevap-kardes-turkuler\/","name":"Halklar aras\u0131nda yarat\u0131lmaya \u00e7al\u0131\u015f\u0131lan kutupla\u015fmaya bir cevap | Karde\u015f T\u00fcrk\u00fcler - narteks.net","isPartOf":{"@id":"https:\/\/narteks.net\/#website"},"datePublished":"2010-03-08T22:00:00+00:00","breadcrumb":{"@id":"https:\/\/narteks.net\/index.php\/2010\/03\/09\/halklar-arasinda-yaratilmaya-calisilan-kutuplasmaya-bir-cevap-kardes-turkuler\/#breadcrumb"},"inLanguage":"tr","potentialAction":[{"@type":"ReadAction","target":["https:\/\/narteks.net\/index.php\/2010\/03\/09\/halklar-arasinda-yaratilmaya-calisilan-kutuplasmaya-bir-cevap-kardes-turkuler\/"]}]},{"@type":"BreadcrumbList","@id":"https:\/\/narteks.net\/index.php\/2010\/03\/09\/halklar-arasinda-yaratilmaya-calisilan-kutuplasmaya-bir-cevap-kardes-turkuler\/#breadcrumb","itemListElement":[{"@type":"ListItem","position":1,"name":"Anasayfa","item":"https:\/\/narteks.net\/"},{"@type":"ListItem","position":2,"name":"Halklar aras\u0131nda yarat\u0131lmaya \u00e7al\u0131\u015f\u0131lan kutupla\u015fmaya bir cevap | Karde\u015f T\u00fcrk\u00fcler"}]},{"@type":"WebSite","@id":"https:\/\/narteks.net\/#website","url":"https:\/\/narteks.net\/","name":"narteks.net","description":"K\u00fclt\u00fcr Sanat Edebiyat Felsefe","publisher":{"@id":"https:\/\/narteks.net\/#organization"},"alternateName":"K\u00fclt\u00fcr Sanat Edebiyat Felsefe","potentialAction":[{"@type":"SearchAction","target":{"@type":"EntryPoint","urlTemplate":"https:\/\/narteks.net\/?s={search_term_string}"},"query-input":{"@type":"PropertyValueSpecification","valueRequired":true,"valueName":"search_term_string"}}],"inLanguage":"tr"},{"@type":"Organization","@id":"https:\/\/narteks.net\/#organization","name":"narteks.net","url":"https:\/\/narteks.net\/","logo":{"@type":"ImageObject","inLanguage":"tr","@id":"https:\/\/narteks.net\/#\/schema\/logo\/image\/","url":"https:\/\/narteks.net\/wp-content\/uploads\/narteks.png","contentUrl":"https:\/\/narteks.net\/wp-content\/uploads\/narteks.png","width":300,"height":90,"caption":"narteks.net"},"image":{"@id":"https:\/\/narteks.net\/#\/schema\/logo\/image\/"},"sameAs":["https:\/\/x.com\/narteks","https:\/\/instagram.com\/narteksnet"]},{"@type":"Person","@id":"https:\/\/narteks.net\/#\/schema\/person\/61f37d9834294b72d31d274e7ed79bca","name":"Tar\u0131k","image":{"@type":"ImageObject","inLanguage":"tr","@id":"https:\/\/narteks.net\/#\/schema\/person\/image\/","url":"https:\/\/secure.gravatar.com\/avatar\/50865afb55632c4ae467e0af0930f6510aa2297d8014be502a55b14f3b7550cf?s=96&d=mm&r=g","contentUrl":"https:\/\/secure.gravatar.com\/avatar\/50865afb55632c4ae467e0af0930f6510aa2297d8014be502a55b14f3b7550cf?s=96&d=mm&r=g","caption":"Tar\u0131k"},"sameAs":["http:\/\/narteks.net"],"url":"https:\/\/narteks.net\/index.php\/author\/narbak\/"}]}},"_links":{"self":[{"href":"https:\/\/narteks.net\/index.php\/wp-json\/wp\/v2\/posts\/2858","targetHints":{"allow":["GET"]}}],"collection":[{"href":"https:\/\/narteks.net\/index.php\/wp-json\/wp\/v2\/posts"}],"about":[{"href":"https:\/\/narteks.net\/index.php\/wp-json\/wp\/v2\/types\/post"}],"author":[{"embeddable":true,"href":"https:\/\/narteks.net\/index.php\/wp-json\/wp\/v2\/users\/1"}],"replies":[{"embeddable":true,"href":"https:\/\/narteks.net\/index.php\/wp-json\/wp\/v2\/comments?post=2858"}],"version-history":[{"count":0,"href":"https:\/\/narteks.net\/index.php\/wp-json\/wp\/v2\/posts\/2858\/revisions"}],"wp:attachment":[{"href":"https:\/\/narteks.net\/index.php\/wp-json\/wp\/v2\/media?parent=2858"}],"wp:term":[{"taxonomy":"category","embeddable":true,"href":"https:\/\/narteks.net\/index.php\/wp-json\/wp\/v2\/categories?post=2858"},{"taxonomy":"post_tag","embeddable":true,"href":"https:\/\/narteks.net\/index.php\/wp-json\/wp\/v2\/tags?post=2858"}],"curies":[{"name":"wp","href":"https:\/\/api.w.org\/{rel}","templated":true}]}}