{"id":2864,"date":"2009-12-18T10:30:38","date_gmt":"2009-12-18T07:30:38","guid":{"rendered":"http:\/\/localhost\/wordpress\/2009\/12\/18\/charles-chaplin-metrobueste-vuruldu\/"},"modified":"2009-12-18T10:30:38","modified_gmt":"2009-12-18T07:30:38","slug":"charles-chaplin-metrobueste-vuruldu","status":"publish","type":"post","link":"https:\/\/narteks.net\/index.php\/2009\/12\/18\/charles-chaplin-metrobueste-vuruldu\/","title":{"rendered":"Charles Chaplin Metrob\u00fcs&#8217;te vuruldu!"},"content":{"rendered":"<h2><img loading=\"lazy\" decoding=\"async\" src=\"http:\/\/www.internethaber.com\/images\/news\/111460.jpg\" border=\"0\" width=\"155\" height=\"203\" style=\"float: left;\" \/><strong>Charles Chaplin Metrob\u00fcs&#8217;te vuruldu!<\/strong><\/h2>\n<h5 style=\"text-align: justify;\">\u0130stanbul&#8217;da, &#8221;Yarat\u0131c\u0131 Direni\u015f&#8221; tiyatro grubu \u00fcyeleri, metrob\u00fcs \u00fccretlerine yap\u0131lan zamm\u0131 protesto etti.<\/h5>\n<h5 style=\"text-align: justify;\">Kendilerine &#8220;Yarat\u0131c\u0131 Direni\u015f&#8221; ad\u0131n\u0131 veren 5 gen\u00e7, Mecidiyek\u00f6y&#8217;de ilgin\u00e7 bir eyleme imza att\u0131. Metrob\u00fcs ta\u015f\u0131ma \u00fccretlerine yap\u0131lan zamm\u0131 protesto eden gen\u00e7ler, Charles Chaplin&#8217;in &#8220;\u015eehir I\u015f\u0131klar\u0131&#8221; adl\u0131 sessiz yap\u0131t\u0131n\u0131 sahneledi.<\/h5>\n<h5 style=\"text-align: justify;\">Charles Chaplin ile \u00e7i\u00e7ek\u00e7i k\u0131z aras\u0131nda ge\u00e7enlerin anlat\u0131ld\u0131\u011f\u0131 oyun, eylemci gen\u00e7ler taraf\u0131ndan metrob\u00fcs zamm\u0131n\u0131n etkilerine d\u00f6n\u00fc\u015ft\u00fcr\u00fclerek oynand\u0131. Charles Chaplin&#8217;i oynayan \u0130lker Eraslan ile akbil gi\u015fesi \u00f6n\u00fcnde oturan \u00e7i\u00e7ek\u00e7i k\u0131z Eda Sar\u0131g\u00fcl aras\u0131nda oynanan tiyatro g\u00f6sterisinin sonunda ise akbili bo\u015f olan Chaplin gi\u015fe g\u00f6revlisi taraf\u0131ndan vurularak \u00f6ld\u00fcr\u00fcld\u00fc.<\/h5>\n<p style=\"text-align: justify;\">\u00a0<\/p>\n<p><!--more--><\/p>\n<p>\u00a0<\/p>\n<p style=\"text-align: justify;\">\n<p>Metrob\u00fcs\u00fc kullanan vatanda\u015flar\u0131n ilgiyle izledi\u011fi &#8220;protesto oyunu&#8221;nun ard\u0131ndan da \u0130stanbul B\u00fcy\u00fck\u015fehir Belediye Ba\u015fkan\u0131 Kadir Topba\u015f&#8217;\u0131n resminin yer ald\u0131\u011f\u0131 temsili &#8220;\u00e7ek&#8221; yolculara imzalatt\u0131r\u0131ld\u0131.<br \/>Eylemci gen\u00e7ler, imzalatt\u0131klar\u0131 \u00e7eki Ba\u015fkan Topba\u015f&#8217;a g\u00f6ndereceklerini bildirdi. \u00c7eki imzalayan vatanda\u015flar ise ula\u015f\u0131m \u00fccretlerinin \u00e7ok fazla oldu\u011funu belirterek, eylemci gen\u00e7lere destek verdiklerini belirtti.<\/p>\n<p style=\"text-align: justify;\">\u00a0<\/p>\n<p style=\"text-align: justify;\">Kaynak:www.internethaber.com<\/p>\n","protected":false},"excerpt":{"rendered":"<p>Charles Chaplin Metrob\u00fcs&#8217;te vuruldu! \u0130stanbul&#8217;da, &#8221;Yarat\u0131c\u0131 Direni\u015f&#8221; tiyatro grubu \u00fcyeleri, metrob\u00fcs \u00fccretlerine yap\u0131lan zamm\u0131 protesto etti. Kendilerine &#8220;Yarat\u0131c\u0131 Direni\u015f&#8221; ad\u0131n\u0131 veren 5 gen\u00e7, Mecidiyek\u00f6y&#8217;de ilgin\u00e7 bir eyleme imza att\u0131. Metrob\u00fcs ta\u015f\u0131ma \u00fccretlerine yap\u0131lan zamm\u0131 protesto eden gen\u00e7ler, Charles Chaplin&#8217;in &#8220;\u015eehir I\u015f\u0131klar\u0131&#8221; adl\u0131 sessiz yap\u0131t\u0131n\u0131 sahneledi. Charles Chaplin ile \u00e7i\u00e7ek\u00e7i k\u0131z aras\u0131nda ge\u00e7enlerin anlat\u0131ld\u0131\u011f\u0131 oyun, eylemci [&hellip;]<\/p>\n","protected":false},"author":1,"featured_media":0,"comment_status":"open","ping_status":"open","sticky":false,"template":"","format":"standard","meta":{"footnotes":""},"categories":[101],"tags":[],"class_list":{"0":"post-2864","1":"post","2":"type-post","3":"status-publish","4":"format-standard","6":"category-tiyatro-haber"},"yoast_head":"<!-- This site is optimized with the Yoast SEO Premium plugin v24.9 (Yoast SEO v24.9) - https:\/\/yoast.com\/wordpress\/plugins\/seo\/ -->\n<title>Charles Chaplin Metrob\u00fcs&#039;te vuruldu! - narteks.net<\/title>\n<meta name=\"robots\" content=\"index, follow, max-snippet:-1, max-image-preview:large, max-video-preview:-1\" \/>\n<link rel=\"canonical\" href=\"https:\/\/narteks.net\/index.php\/2009\/12\/18\/charles-chaplin-metrobueste-vuruldu\/\" \/>\n<meta property=\"og:locale\" content=\"tr_TR\" \/>\n<meta property=\"og:type\" content=\"article\" \/>\n<meta property=\"og:title\" content=\"Charles Chaplin Metrob\u00fcs&#039;te vuruldu!\" \/>\n<meta property=\"og:description\" content=\"Charles Chaplin Metrob\u00fcs&#8217;te vuruldu! \u0130stanbul&#8217;da, &#8221;Yarat\u0131c\u0131 Direni\u015f&#8221; tiyatro grubu \u00fcyeleri, metrob\u00fcs \u00fccretlerine yap\u0131lan zamm\u0131 protesto etti. Kendilerine &#8220;Yarat\u0131c\u0131 Direni\u015f&#8221; ad\u0131n\u0131 veren 5 gen\u00e7, Mecidiyek\u00f6y&#8217;de ilgin\u00e7 bir eyleme imza att\u0131. Metrob\u00fcs ta\u015f\u0131ma \u00fccretlerine yap\u0131lan zamm\u0131 protesto eden gen\u00e7ler, Charles Chaplin&#8217;in &#8220;\u015eehir I\u015f\u0131klar\u0131&#8221; adl\u0131 sessiz yap\u0131t\u0131n\u0131 sahneledi. Charles Chaplin ile \u00e7i\u00e7ek\u00e7i k\u0131z aras\u0131nda ge\u00e7enlerin anlat\u0131ld\u0131\u011f\u0131 oyun, eylemci [&hellip;]\" \/>\n<meta property=\"og:url\" content=\"https:\/\/narteks.net\/index.php\/2009\/12\/18\/charles-chaplin-metrobueste-vuruldu\/\" \/>\n<meta property=\"og:site_name\" content=\"narteks.net\" \/>\n<meta property=\"article:published_time\" content=\"2009-12-18T07:30:38+00:00\" \/>\n<meta property=\"og:image\" content=\"http:\/\/www.internethaber.com\/images\/news\/111460.jpg\" \/>\n<meta name=\"author\" content=\"Tar\u0131k\" \/>\n<meta name=\"twitter:card\" content=\"summary_large_image\" \/>\n<meta name=\"twitter:creator\" content=\"@narteks\" \/>\n<meta name=\"twitter:site\" content=\"@narteks\" \/>\n<meta name=\"twitter:label1\" content=\"Yazan:\" \/>\n\t<meta name=\"twitter:data1\" content=\"Tar\u0131k\" \/>\n\t<meta name=\"twitter:label2\" content=\"Tahmini okuma s\u00fcresi\" \/>\n\t<meta name=\"twitter:data2\" content=\"1 dakika\" \/>\n<script type=\"application\/ld+json\" class=\"yoast-schema-graph\">{\"@context\":\"https:\/\/schema.org\",\"@graph\":[{\"@type\":\"Article\",\"@id\":\"https:\/\/narteks.net\/index.php\/2009\/12\/18\/charles-chaplin-metrobueste-vuruldu\/#article\",\"isPartOf\":{\"@id\":\"https:\/\/narteks.net\/index.php\/2009\/12\/18\/charles-chaplin-metrobueste-vuruldu\/\"},\"author\":{\"name\":\"Tar\u0131k\",\"@id\":\"https:\/\/narteks.net\/#\/schema\/person\/61f37d9834294b72d31d274e7ed79bca\"},\"headline\":\"Charles Chaplin Metrob\u00fcs&#8217;te vuruldu!\",\"datePublished\":\"2009-12-18T07:30:38+00:00\",\"mainEntityOfPage\":{\"@id\":\"https:\/\/narteks.net\/index.php\/2009\/12\/18\/charles-chaplin-metrobueste-vuruldu\/\"},\"wordCount\":211,\"commentCount\":0,\"publisher\":{\"@id\":\"https:\/\/narteks.net\/#organization\"},\"image\":{\"@id\":\"https:\/\/narteks.net\/index.php\/2009\/12\/18\/charles-chaplin-metrobueste-vuruldu\/#primaryimage\"},\"thumbnailUrl\":\"http:\/\/www.internethaber.com\/images\/news\/111460.jpg\",\"articleSection\":[\"Tiyatro Haber\"],\"inLanguage\":\"tr\",\"potentialAction\":[{\"@type\":\"CommentAction\",\"name\":\"Comment\",\"target\":[\"https:\/\/narteks.net\/index.php\/2009\/12\/18\/charles-chaplin-metrobueste-vuruldu\/#respond\"]}]},{\"@type\":\"WebPage\",\"@id\":\"https:\/\/narteks.net\/index.php\/2009\/12\/18\/charles-chaplin-metrobueste-vuruldu\/\",\"url\":\"https:\/\/narteks.net\/index.php\/2009\/12\/18\/charles-chaplin-metrobueste-vuruldu\/\",\"name\":\"Charles Chaplin Metrob\u00fcs'te vuruldu! - narteks.net\",\"isPartOf\":{\"@id\":\"https:\/\/narteks.net\/#website\"},\"primaryImageOfPage\":{\"@id\":\"https:\/\/narteks.net\/index.php\/2009\/12\/18\/charles-chaplin-metrobueste-vuruldu\/#primaryimage\"},\"image\":{\"@id\":\"https:\/\/narteks.net\/index.php\/2009\/12\/18\/charles-chaplin-metrobueste-vuruldu\/#primaryimage\"},\"thumbnailUrl\":\"http:\/\/www.internethaber.com\/images\/news\/111460.jpg\",\"datePublished\":\"2009-12-18T07:30:38+00:00\",\"breadcrumb\":{\"@id\":\"https:\/\/narteks.net\/index.php\/2009\/12\/18\/charles-chaplin-metrobueste-vuruldu\/#breadcrumb\"},\"inLanguage\":\"tr\",\"potentialAction\":[{\"@type\":\"ReadAction\",\"target\":[\"https:\/\/narteks.net\/index.php\/2009\/12\/18\/charles-chaplin-metrobueste-vuruldu\/\"]}]},{\"@type\":\"ImageObject\",\"inLanguage\":\"tr\",\"@id\":\"https:\/\/narteks.net\/index.php\/2009\/12\/18\/charles-chaplin-metrobueste-vuruldu\/#primaryimage\",\"url\":\"http:\/\/www.internethaber.com\/images\/news\/111460.jpg\",\"contentUrl\":\"http:\/\/www.internethaber.com\/images\/news\/111460.jpg\"},{\"@type\":\"BreadcrumbList\",\"@id\":\"https:\/\/narteks.net\/index.php\/2009\/12\/18\/charles-chaplin-metrobueste-vuruldu\/#breadcrumb\",\"itemListElement\":[{\"@type\":\"ListItem\",\"position\":1,\"name\":\"Anasayfa\",\"item\":\"https:\/\/narteks.net\/\"},{\"@type\":\"ListItem\",\"position\":2,\"name\":\"Charles Chaplin Metrob\u00fcs&#8217;te vuruldu!\"}]},{\"@type\":\"WebSite\",\"@id\":\"https:\/\/narteks.net\/#website\",\"url\":\"https:\/\/narteks.net\/\",\"name\":\"narteks.net\",\"description\":\"K\u00fclt\u00fcr Sanat Edebiyat Felsefe\",\"publisher\":{\"@id\":\"https:\/\/narteks.net\/#organization\"},\"alternateName\":\"K\u00fclt\u00fcr Sanat Edebiyat Felsefe\",\"potentialAction\":[{\"@type\":\"SearchAction\",\"target\":{\"@type\":\"EntryPoint\",\"urlTemplate\":\"https:\/\/narteks.net\/?s={search_term_string}\"},\"query-input\":{\"@type\":\"PropertyValueSpecification\",\"valueRequired\":true,\"valueName\":\"search_term_string\"}}],\"inLanguage\":\"tr\"},{\"@type\":\"Organization\",\"@id\":\"https:\/\/narteks.net\/#organization\",\"name\":\"narteks.net\",\"url\":\"https:\/\/narteks.net\/\",\"logo\":{\"@type\":\"ImageObject\",\"inLanguage\":\"tr\",\"@id\":\"https:\/\/narteks.net\/#\/schema\/logo\/image\/\",\"url\":\"https:\/\/narteks.net\/wp-content\/uploads\/narteks.png\",\"contentUrl\":\"https:\/\/narteks.net\/wp-content\/uploads\/narteks.png\",\"width\":300,\"height\":90,\"caption\":\"narteks.net\"},\"image\":{\"@id\":\"https:\/\/narteks.net\/#\/schema\/logo\/image\/\"},\"sameAs\":[\"https:\/\/x.com\/narteks\",\"https:\/\/instagram.com\/narteksnet\"]},{\"@type\":\"Person\",\"@id\":\"https:\/\/narteks.net\/#\/schema\/person\/61f37d9834294b72d31d274e7ed79bca\",\"name\":\"Tar\u0131k\",\"image\":{\"@type\":\"ImageObject\",\"inLanguage\":\"tr\",\"@id\":\"https:\/\/narteks.net\/#\/schema\/person\/image\/\",\"url\":\"https:\/\/secure.gravatar.com\/avatar\/50865afb55632c4ae467e0af0930f6510aa2297d8014be502a55b14f3b7550cf?s=96&d=mm&r=g\",\"contentUrl\":\"https:\/\/secure.gravatar.com\/avatar\/50865afb55632c4ae467e0af0930f6510aa2297d8014be502a55b14f3b7550cf?s=96&d=mm&r=g\",\"caption\":\"Tar\u0131k\"},\"sameAs\":[\"http:\/\/narteks.net\"],\"url\":\"https:\/\/narteks.net\/index.php\/author\/narbak\/\"}]}<\/script>\n<!-- \/ Yoast SEO Premium plugin. -->","yoast_head_json":{"title":"Charles Chaplin Metrob\u00fcs'te vuruldu! - narteks.net","robots":{"index":"index","follow":"follow","max-snippet":"max-snippet:-1","max-image-preview":"max-image-preview:large","max-video-preview":"max-video-preview:-1"},"canonical":"https:\/\/narteks.net\/index.php\/2009\/12\/18\/charles-chaplin-metrobueste-vuruldu\/","og_locale":"tr_TR","og_type":"article","og_title":"Charles Chaplin Metrob\u00fcs'te vuruldu!","og_description":"Charles Chaplin Metrob\u00fcs&#8217;te vuruldu! \u0130stanbul&#8217;da, &#8221;Yarat\u0131c\u0131 Direni\u015f&#8221; tiyatro grubu \u00fcyeleri, metrob\u00fcs \u00fccretlerine yap\u0131lan zamm\u0131 protesto etti. Kendilerine &#8220;Yarat\u0131c\u0131 Direni\u015f&#8221; ad\u0131n\u0131 veren 5 gen\u00e7, Mecidiyek\u00f6y&#8217;de ilgin\u00e7 bir eyleme imza att\u0131. Metrob\u00fcs ta\u015f\u0131ma \u00fccretlerine yap\u0131lan zamm\u0131 protesto eden gen\u00e7ler, Charles Chaplin&#8217;in &#8220;\u015eehir I\u015f\u0131klar\u0131&#8221; adl\u0131 sessiz yap\u0131t\u0131n\u0131 sahneledi. Charles Chaplin ile \u00e7i\u00e7ek\u00e7i k\u0131z aras\u0131nda ge\u00e7enlerin anlat\u0131ld\u0131\u011f\u0131 oyun, eylemci [&hellip;]","og_url":"https:\/\/narteks.net\/index.php\/2009\/12\/18\/charles-chaplin-metrobueste-vuruldu\/","og_site_name":"narteks.net","article_published_time":"2009-12-18T07:30:38+00:00","og_image":[{"url":"http:\/\/www.internethaber.com\/images\/news\/111460.jpg","type":"","width":"","height":""}],"author":"Tar\u0131k","twitter_card":"summary_large_image","twitter_creator":"@narteks","twitter_site":"@narteks","twitter_misc":{"Yazan:":"Tar\u0131k","Tahmini okuma s\u00fcresi":"1 dakika"},"schema":{"@context":"https:\/\/schema.org","@graph":[{"@type":"Article","@id":"https:\/\/narteks.net\/index.php\/2009\/12\/18\/charles-chaplin-metrobueste-vuruldu\/#article","isPartOf":{"@id":"https:\/\/narteks.net\/index.php\/2009\/12\/18\/charles-chaplin-metrobueste-vuruldu\/"},"author":{"name":"Tar\u0131k","@id":"https:\/\/narteks.net\/#\/schema\/person\/61f37d9834294b72d31d274e7ed79bca"},"headline":"Charles Chaplin Metrob\u00fcs&#8217;te vuruldu!","datePublished":"2009-12-18T07:30:38+00:00","mainEntityOfPage":{"@id":"https:\/\/narteks.net\/index.php\/2009\/12\/18\/charles-chaplin-metrobueste-vuruldu\/"},"wordCount":211,"commentCount":0,"publisher":{"@id":"https:\/\/narteks.net\/#organization"},"image":{"@id":"https:\/\/narteks.net\/index.php\/2009\/12\/18\/charles-chaplin-metrobueste-vuruldu\/#primaryimage"},"thumbnailUrl":"http:\/\/www.internethaber.com\/images\/news\/111460.jpg","articleSection":["Tiyatro Haber"],"inLanguage":"tr","potentialAction":[{"@type":"CommentAction","name":"Comment","target":["https:\/\/narteks.net\/index.php\/2009\/12\/18\/charles-chaplin-metrobueste-vuruldu\/#respond"]}]},{"@type":"WebPage","@id":"https:\/\/narteks.net\/index.php\/2009\/12\/18\/charles-chaplin-metrobueste-vuruldu\/","url":"https:\/\/narteks.net\/index.php\/2009\/12\/18\/charles-chaplin-metrobueste-vuruldu\/","name":"Charles Chaplin Metrob\u00fcs'te vuruldu! - narteks.net","isPartOf":{"@id":"https:\/\/narteks.net\/#website"},"primaryImageOfPage":{"@id":"https:\/\/narteks.net\/index.php\/2009\/12\/18\/charles-chaplin-metrobueste-vuruldu\/#primaryimage"},"image":{"@id":"https:\/\/narteks.net\/index.php\/2009\/12\/18\/charles-chaplin-metrobueste-vuruldu\/#primaryimage"},"thumbnailUrl":"http:\/\/www.internethaber.com\/images\/news\/111460.jpg","datePublished":"2009-12-18T07:30:38+00:00","breadcrumb":{"@id":"https:\/\/narteks.net\/index.php\/2009\/12\/18\/charles-chaplin-metrobueste-vuruldu\/#breadcrumb"},"inLanguage":"tr","potentialAction":[{"@type":"ReadAction","target":["https:\/\/narteks.net\/index.php\/2009\/12\/18\/charles-chaplin-metrobueste-vuruldu\/"]}]},{"@type":"ImageObject","inLanguage":"tr","@id":"https:\/\/narteks.net\/index.php\/2009\/12\/18\/charles-chaplin-metrobueste-vuruldu\/#primaryimage","url":"http:\/\/www.internethaber.com\/images\/news\/111460.jpg","contentUrl":"http:\/\/www.internethaber.com\/images\/news\/111460.jpg"},{"@type":"BreadcrumbList","@id":"https:\/\/narteks.net\/index.php\/2009\/12\/18\/charles-chaplin-metrobueste-vuruldu\/#breadcrumb","itemListElement":[{"@type":"ListItem","position":1,"name":"Anasayfa","item":"https:\/\/narteks.net\/"},{"@type":"ListItem","position":2,"name":"Charles Chaplin Metrob\u00fcs&#8217;te vuruldu!"}]},{"@type":"WebSite","@id":"https:\/\/narteks.net\/#website","url":"https:\/\/narteks.net\/","name":"narteks.net","description":"K\u00fclt\u00fcr Sanat Edebiyat Felsefe","publisher":{"@id":"https:\/\/narteks.net\/#organization"},"alternateName":"K\u00fclt\u00fcr Sanat Edebiyat Felsefe","potentialAction":[{"@type":"SearchAction","target":{"@type":"EntryPoint","urlTemplate":"https:\/\/narteks.net\/?s={search_term_string}"},"query-input":{"@type":"PropertyValueSpecification","valueRequired":true,"valueName":"search_term_string"}}],"inLanguage":"tr"},{"@type":"Organization","@id":"https:\/\/narteks.net\/#organization","name":"narteks.net","url":"https:\/\/narteks.net\/","logo":{"@type":"ImageObject","inLanguage":"tr","@id":"https:\/\/narteks.net\/#\/schema\/logo\/image\/","url":"https:\/\/narteks.net\/wp-content\/uploads\/narteks.png","contentUrl":"https:\/\/narteks.net\/wp-content\/uploads\/narteks.png","width":300,"height":90,"caption":"narteks.net"},"image":{"@id":"https:\/\/narteks.net\/#\/schema\/logo\/image\/"},"sameAs":["https:\/\/x.com\/narteks","https:\/\/instagram.com\/narteksnet"]},{"@type":"Person","@id":"https:\/\/narteks.net\/#\/schema\/person\/61f37d9834294b72d31d274e7ed79bca","name":"Tar\u0131k","image":{"@type":"ImageObject","inLanguage":"tr","@id":"https:\/\/narteks.net\/#\/schema\/person\/image\/","url":"https:\/\/secure.gravatar.com\/avatar\/50865afb55632c4ae467e0af0930f6510aa2297d8014be502a55b14f3b7550cf?s=96&d=mm&r=g","contentUrl":"https:\/\/secure.gravatar.com\/avatar\/50865afb55632c4ae467e0af0930f6510aa2297d8014be502a55b14f3b7550cf?s=96&d=mm&r=g","caption":"Tar\u0131k"},"sameAs":["http:\/\/narteks.net"],"url":"https:\/\/narteks.net\/index.php\/author\/narbak\/"}]}},"_links":{"self":[{"href":"https:\/\/narteks.net\/index.php\/wp-json\/wp\/v2\/posts\/2864","targetHints":{"allow":["GET"]}}],"collection":[{"href":"https:\/\/narteks.net\/index.php\/wp-json\/wp\/v2\/posts"}],"about":[{"href":"https:\/\/narteks.net\/index.php\/wp-json\/wp\/v2\/types\/post"}],"author":[{"embeddable":true,"href":"https:\/\/narteks.net\/index.php\/wp-json\/wp\/v2\/users\/1"}],"replies":[{"embeddable":true,"href":"https:\/\/narteks.net\/index.php\/wp-json\/wp\/v2\/comments?post=2864"}],"version-history":[{"count":0,"href":"https:\/\/narteks.net\/index.php\/wp-json\/wp\/v2\/posts\/2864\/revisions"}],"wp:attachment":[{"href":"https:\/\/narteks.net\/index.php\/wp-json\/wp\/v2\/media?parent=2864"}],"wp:term":[{"taxonomy":"category","embeddable":true,"href":"https:\/\/narteks.net\/index.php\/wp-json\/wp\/v2\/categories?post=2864"},{"taxonomy":"post_tag","embeddable":true,"href":"https:\/\/narteks.net\/index.php\/wp-json\/wp\/v2\/tags?post=2864"}],"curies":[{"name":"wp","href":"https:\/\/api.w.org\/{rel}","templated":true}]}}