{"id":2867,"date":"2009-12-18T11:28:37","date_gmt":"2009-12-18T08:28:37","guid":{"rendered":"http:\/\/localhost\/wordpress\/2009\/12\/18\/semaver-kumpanya\/"},"modified":"2009-12-18T11:28:37","modified_gmt":"2009-12-18T08:28:37","slug":"semaver-kumpanya","status":"publish","type":"post","link":"https:\/\/narteks.net\/index.php\/2009\/12\/18\/semaver-kumpanya\/","title":{"rendered":"Semaver Kumpanya"},"content":{"rendered":"<h2><img loading=\"lazy\" decoding=\"async\" src=\"http:\/\/upload.wikimedia.org\/wikipedia\/tr\/0\/06\/Semaverkumpanyalogo.JPG\" border=\"0\" width=\"155\" height=\"203\" style=\"float: left;\" \/><strong>SEMAVER KUMPANYA&#8230;<\/strong><\/h2>\n<p>Semaver Kumpanya, 10 Ekim 2002 tarihinde I\u015f\u0131l Kasapo\u011flu\u2019nun \u00f6nderli\u011finde tiyatro d\u00fcnyas\u0131na merhaba dedi. \u015eehrin merkezinde toplanan k\u00fclt\u00fcr-sanat etkinliklerini, Kocamustafapa\u015fa\u2019da, bir \u00e7ok tiyatrocuya ev sahipli\u011fi yapan \u00c7evre Tiyatrosu\u2019na ta\u015f\u0131yarak \u201cHali\u00e7\u2019in \u00d6te Yan\u0131nda Tiyatro\u201d projesini ba\u015flatm\u0131\u015f oldu.   <\/p>\n<p> \u00c7EVRE T\u0130YATROSU&#8230;<br \/> 1972 y\u0131l\u0131ndan bu yana, bir \u00e7ok tiyatrocuyu ve seyirciyi a\u011f\u0131rlayan \u00c7evre Tiyatrosu, kumpanyaya kat\u0131lmak isteyen gen\u00e7 tiyatrocular\u0131n\u0131n yo\u011fun \u00e7abalar\u0131yla yenilendi ve i\u00e7inde bar\u0131nd\u0131rd\u0131\u011f\u0131 de\u011fi\u015fik mekanlar\u0131n daha i\u015flevli bir hale gelebilmesi i\u00e7in yeniden d\u00fczenlendi.<br \/> Sahnesi geni\u015fletildi. <br \/> Kulisleri yenilendi. <br \/> Sahnenin hemen \u00f6n\u00fcnde bulunan reji odas\u0131, olmas\u0131 gerekti\u011fi gibi salonun arkas\u0131na ta\u015f\u0131nd\u0131 ve d\u00fczenlendi.<br \/> Daha \u00f6nce depo olarak kullan\u0131lan mekan, provalar ve ger\u00e7ekle\u015ftirilmesi planlanan dans, m\u00fczik ve ritim at\u00f6lye \u00e7al\u0131\u015fmalar\u0131 i\u00e7in d\u00fczenlendi. <br \/> Bir Semaver Kumpanya gelene\u011fi haline gelen toplu yemekler yemek i\u00e7in, bir mutfak yap\u0131ld\u0131. <br \/> Seyircilerini daha rahat a\u011f\u0131rlamak i\u00e7in fuayesi yenilendi. <br \/> Oyun \u00f6ncesi oyuncular\u0131n\u0131n birlikte zaman ge\u00e7irebilmesi i\u00e7in oyuncu fuayesi haz\u0131rland\u0131.<br \/> Ger\u00e7ekle\u015ftirilecek oyunlar\u0131n dekorlar\u0131n\u0131 koyabilmek ve oyun haz\u0131rl\u0131klar\u0131n\u0131 yapabilmek i\u00e7in depolar temizlendi.<br \/> T\u00fcm bu yenileme ve d\u00fczenleme \u00e7al\u0131\u015fmalar\u0131, I\u015f\u0131l Kasapo\u011flu\u2019nun ve onun bu yolculu\u011funa destek olmak isteyen arkada\u015flar\u0131n\u0131n maddi yard\u0131mlar\u0131 ile ger\u00e7ekle\u015ftirildi. <\/p>\n<p> \u0130LK HEYECAN&#8230;<br \/> Yapt\u0131\u011f\u0131 \u00e7a\u011fr\u0131ya cevap veren bir \u00e7ok gen\u00e7 tiyatrocu \u00c7evre Tiyatro\u2019suna geldi. \u0130lk gelen kadro yakla\u015f\u0131k 100  oyuncuydu.  <br \/> Gelen oyuncular\u0131 tan\u0131mak ve yeni sezona haz\u0131rlamak i\u00e7in \u00e7e\u015fitli at\u00f6lye \u00e7al\u0131\u015fmalar\u0131 d\u00fczenlendi. <br \/> G\u00fcrhan Elmal\u0131o\u011flu ile Hareket, \u015eebnem \u00d6nal ile \u015ean ve Ercan Eker ile Akrobasi \u00e7al\u0131\u015fan oyuncular kumpanyan\u0131n ilk projelerinde yer almak i\u00e7in \u00f6n haz\u0131rl\u0131klar\u0131n\u0131 tamamlad\u0131lar. <\/p>\n<p> <strong>\u0130leti\u015fim :<\/strong><br \/> \u00c7evre Tiyatrosu &#8211; Kocamustafapa\u015fa \/ \u0130STANBUL<br \/> Gi\u015fe Tel: 0212 &#8211; 585 59 35 \u0130dare Tel: 0212 &#8211; 585 59 12<br \/> Faks: 0212 &#8211; 585 59 35<br \/> info@semaverkumpanya.com<\/p>\n<p> Grup Web Sayfas\u0131<\/p>\n<p> <strong>Oyunlar\u0131 :<\/strong><\/p>\n<p> <strong>Devam Eden Oyunlar:<\/strong><\/p>\n<p> Semaver ve Kumpanya<br \/> S\u00fcleyman ve \u00d6b\u00fcrs\u00fcler<br \/> Murtaza<br \/> Onikinci Gece<br \/> Trainspotting<br \/> Chamaco<br \/> \u0130nfazc\u0131 No:14<br \/> Cesaret Ana ve \u00c7ocuklar\u0131<br \/> Resmi Ge\u00e7it<\/p>\n","protected":false},"excerpt":{"rendered":"<p>SEMAVER KUMPANYA&#8230; Semaver Kumpanya, 10 Ekim 2002 tarihinde I\u015f\u0131l Kasapo\u011flu\u2019nun \u00f6nderli\u011finde tiyatro d\u00fcnyas\u0131na merhaba dedi. \u015eehrin merkezinde toplanan k\u00fclt\u00fcr-sanat etkinliklerini, Kocamustafapa\u015fa\u2019da, bir \u00e7ok tiyatrocuya ev sahipli\u011fi yapan \u00c7evre Tiyatrosu\u2019na ta\u015f\u0131yarak \u201cHali\u00e7\u2019in \u00d6te Yan\u0131nda Tiyatro\u201d projesini ba\u015flatm\u0131\u015f oldu. \u00c7EVRE T\u0130YATROSU&#8230; 1972 y\u0131l\u0131ndan bu yana, bir \u00e7ok tiyatrocuyu ve seyirciyi a\u011f\u0131rlayan \u00c7evre Tiyatrosu, kumpanyaya kat\u0131lmak isteyen gen\u00e7 [&hellip;]<\/p>\n","protected":false},"author":1,"featured_media":0,"comment_status":"open","ping_status":"open","sticky":false,"template":"","format":"standard","meta":{"footnotes":""},"categories":[102],"tags":[],"class_list":{"0":"post-2867","1":"post","2":"type-post","3":"status-publish","4":"format-standard","6":"category-tiyatro-gruplarini-taniyalim"},"yoast_head":"<!-- This site is optimized with the Yoast SEO Premium plugin v24.9 (Yoast SEO v24.9) - https:\/\/yoast.com\/wordpress\/plugins\/seo\/ -->\n<title>Semaver Kumpanya - narteks.net<\/title>\n<meta name=\"robots\" content=\"index, follow, max-snippet:-1, max-image-preview:large, max-video-preview:-1\" \/>\n<link rel=\"canonical\" href=\"https:\/\/narteks.net\/index.php\/2009\/12\/18\/semaver-kumpanya\/\" \/>\n<meta property=\"og:locale\" content=\"tr_TR\" \/>\n<meta property=\"og:type\" content=\"article\" \/>\n<meta property=\"og:title\" content=\"Semaver Kumpanya\" \/>\n<meta property=\"og:description\" content=\"SEMAVER KUMPANYA&#8230; Semaver Kumpanya, 10 Ekim 2002 tarihinde I\u015f\u0131l Kasapo\u011flu\u2019nun \u00f6nderli\u011finde tiyatro d\u00fcnyas\u0131na merhaba dedi. \u015eehrin merkezinde toplanan k\u00fclt\u00fcr-sanat etkinliklerini, Kocamustafapa\u015fa\u2019da, bir \u00e7ok tiyatrocuya ev sahipli\u011fi yapan \u00c7evre Tiyatrosu\u2019na ta\u015f\u0131yarak \u201cHali\u00e7\u2019in \u00d6te Yan\u0131nda Tiyatro\u201d projesini ba\u015flatm\u0131\u015f oldu. \u00c7EVRE T\u0130YATROSU&#8230; 1972 y\u0131l\u0131ndan bu yana, bir \u00e7ok tiyatrocuyu ve seyirciyi a\u011f\u0131rlayan \u00c7evre Tiyatrosu, kumpanyaya kat\u0131lmak isteyen gen\u00e7 [&hellip;]\" \/>\n<meta property=\"og:url\" content=\"https:\/\/narteks.net\/index.php\/2009\/12\/18\/semaver-kumpanya\/\" \/>\n<meta property=\"og:site_name\" content=\"narteks.net\" \/>\n<meta property=\"article:published_time\" content=\"2009-12-18T08:28:37+00:00\" \/>\n<meta property=\"og:image\" content=\"http:\/\/upload.wikimedia.org\/wikipedia\/tr\/0\/06\/Semaverkumpanyalogo.JPG\" \/>\n<meta name=\"author\" content=\"Tar\u0131k\" \/>\n<meta name=\"twitter:card\" content=\"summary_large_image\" \/>\n<meta name=\"twitter:creator\" content=\"@narteks\" \/>\n<meta name=\"twitter:site\" content=\"@narteks\" \/>\n<meta name=\"twitter:label1\" content=\"Yazan:\" \/>\n\t<meta name=\"twitter:data1\" content=\"Tar\u0131k\" \/>\n\t<meta name=\"twitter:label2\" content=\"Tahmini okuma s\u00fcresi\" \/>\n\t<meta name=\"twitter:data2\" content=\"2 dakika\" \/>\n<script type=\"application\/ld+json\" class=\"yoast-schema-graph\">{\"@context\":\"https:\/\/schema.org\",\"@graph\":[{\"@type\":\"Article\",\"@id\":\"https:\/\/narteks.net\/index.php\/2009\/12\/18\/semaver-kumpanya\/#article\",\"isPartOf\":{\"@id\":\"https:\/\/narteks.net\/index.php\/2009\/12\/18\/semaver-kumpanya\/\"},\"author\":{\"name\":\"Tar\u0131k\",\"@id\":\"https:\/\/narteks.net\/#\/schema\/person\/61f37d9834294b72d31d274e7ed79bca\"},\"headline\":\"Semaver Kumpanya\",\"datePublished\":\"2009-12-18T08:28:37+00:00\",\"mainEntityOfPage\":{\"@id\":\"https:\/\/narteks.net\/index.php\/2009\/12\/18\/semaver-kumpanya\/\"},\"wordCount\":372,\"commentCount\":0,\"publisher\":{\"@id\":\"https:\/\/narteks.net\/#organization\"},\"image\":{\"@id\":\"https:\/\/narteks.net\/index.php\/2009\/12\/18\/semaver-kumpanya\/#primaryimage\"},\"thumbnailUrl\":\"http:\/\/upload.wikimedia.org\/wikipedia\/tr\/0\/06\/Semaverkumpanyalogo.JPG\",\"articleSection\":[\"Tiyatro Gruplar\u0131n\u0131 Tan\u0131yal\u0131m\"],\"inLanguage\":\"tr\",\"potentialAction\":[{\"@type\":\"CommentAction\",\"name\":\"Comment\",\"target\":[\"https:\/\/narteks.net\/index.php\/2009\/12\/18\/semaver-kumpanya\/#respond\"]}]},{\"@type\":\"WebPage\",\"@id\":\"https:\/\/narteks.net\/index.php\/2009\/12\/18\/semaver-kumpanya\/\",\"url\":\"https:\/\/narteks.net\/index.php\/2009\/12\/18\/semaver-kumpanya\/\",\"name\":\"Semaver Kumpanya - narteks.net\",\"isPartOf\":{\"@id\":\"https:\/\/narteks.net\/#website\"},\"primaryImageOfPage\":{\"@id\":\"https:\/\/narteks.net\/index.php\/2009\/12\/18\/semaver-kumpanya\/#primaryimage\"},\"image\":{\"@id\":\"https:\/\/narteks.net\/index.php\/2009\/12\/18\/semaver-kumpanya\/#primaryimage\"},\"thumbnailUrl\":\"http:\/\/upload.wikimedia.org\/wikipedia\/tr\/0\/06\/Semaverkumpanyalogo.JPG\",\"datePublished\":\"2009-12-18T08:28:37+00:00\",\"breadcrumb\":{\"@id\":\"https:\/\/narteks.net\/index.php\/2009\/12\/18\/semaver-kumpanya\/#breadcrumb\"},\"inLanguage\":\"tr\",\"potentialAction\":[{\"@type\":\"ReadAction\",\"target\":[\"https:\/\/narteks.net\/index.php\/2009\/12\/18\/semaver-kumpanya\/\"]}]},{\"@type\":\"ImageObject\",\"inLanguage\":\"tr\",\"@id\":\"https:\/\/narteks.net\/index.php\/2009\/12\/18\/semaver-kumpanya\/#primaryimage\",\"url\":\"http:\/\/upload.wikimedia.org\/wikipedia\/tr\/0\/06\/Semaverkumpanyalogo.JPG\",\"contentUrl\":\"http:\/\/upload.wikimedia.org\/wikipedia\/tr\/0\/06\/Semaverkumpanyalogo.JPG\"},{\"@type\":\"BreadcrumbList\",\"@id\":\"https:\/\/narteks.net\/index.php\/2009\/12\/18\/semaver-kumpanya\/#breadcrumb\",\"itemListElement\":[{\"@type\":\"ListItem\",\"position\":1,\"name\":\"Anasayfa\",\"item\":\"https:\/\/narteks.net\/\"},{\"@type\":\"ListItem\",\"position\":2,\"name\":\"Semaver Kumpanya\"}]},{\"@type\":\"WebSite\",\"@id\":\"https:\/\/narteks.net\/#website\",\"url\":\"https:\/\/narteks.net\/\",\"name\":\"narteks.net\",\"description\":\"K\u00fclt\u00fcr Sanat Edebiyat Felsefe\",\"publisher\":{\"@id\":\"https:\/\/narteks.net\/#organization\"},\"alternateName\":\"K\u00fclt\u00fcr Sanat Edebiyat Felsefe\",\"potentialAction\":[{\"@type\":\"SearchAction\",\"target\":{\"@type\":\"EntryPoint\",\"urlTemplate\":\"https:\/\/narteks.net\/?s={search_term_string}\"},\"query-input\":{\"@type\":\"PropertyValueSpecification\",\"valueRequired\":true,\"valueName\":\"search_term_string\"}}],\"inLanguage\":\"tr\"},{\"@type\":\"Organization\",\"@id\":\"https:\/\/narteks.net\/#organization\",\"name\":\"narteks.net\",\"url\":\"https:\/\/narteks.net\/\",\"logo\":{\"@type\":\"ImageObject\",\"inLanguage\":\"tr\",\"@id\":\"https:\/\/narteks.net\/#\/schema\/logo\/image\/\",\"url\":\"https:\/\/narteks.net\/wp-content\/uploads\/narteks.png\",\"contentUrl\":\"https:\/\/narteks.net\/wp-content\/uploads\/narteks.png\",\"width\":300,\"height\":90,\"caption\":\"narteks.net\"},\"image\":{\"@id\":\"https:\/\/narteks.net\/#\/schema\/logo\/image\/\"},\"sameAs\":[\"https:\/\/x.com\/narteks\",\"https:\/\/instagram.com\/narteksnet\"]},{\"@type\":\"Person\",\"@id\":\"https:\/\/narteks.net\/#\/schema\/person\/61f37d9834294b72d31d274e7ed79bca\",\"name\":\"Tar\u0131k\",\"image\":{\"@type\":\"ImageObject\",\"inLanguage\":\"tr\",\"@id\":\"https:\/\/narteks.net\/#\/schema\/person\/image\/\",\"url\":\"https:\/\/secure.gravatar.com\/avatar\/50865afb55632c4ae467e0af0930f6510aa2297d8014be502a55b14f3b7550cf?s=96&d=mm&r=g\",\"contentUrl\":\"https:\/\/secure.gravatar.com\/avatar\/50865afb55632c4ae467e0af0930f6510aa2297d8014be502a55b14f3b7550cf?s=96&d=mm&r=g\",\"caption\":\"Tar\u0131k\"},\"sameAs\":[\"http:\/\/narteks.net\"],\"url\":\"https:\/\/narteks.net\/index.php\/author\/narbak\/\"}]}<\/script>\n<!-- \/ Yoast SEO Premium plugin. -->","yoast_head_json":{"title":"Semaver Kumpanya - narteks.net","robots":{"index":"index","follow":"follow","max-snippet":"max-snippet:-1","max-image-preview":"max-image-preview:large","max-video-preview":"max-video-preview:-1"},"canonical":"https:\/\/narteks.net\/index.php\/2009\/12\/18\/semaver-kumpanya\/","og_locale":"tr_TR","og_type":"article","og_title":"Semaver Kumpanya","og_description":"SEMAVER KUMPANYA&#8230; Semaver Kumpanya, 10 Ekim 2002 tarihinde I\u015f\u0131l Kasapo\u011flu\u2019nun \u00f6nderli\u011finde tiyatro d\u00fcnyas\u0131na merhaba dedi. \u015eehrin merkezinde toplanan k\u00fclt\u00fcr-sanat etkinliklerini, Kocamustafapa\u015fa\u2019da, bir \u00e7ok tiyatrocuya ev sahipli\u011fi yapan \u00c7evre Tiyatrosu\u2019na ta\u015f\u0131yarak \u201cHali\u00e7\u2019in \u00d6te Yan\u0131nda Tiyatro\u201d projesini ba\u015flatm\u0131\u015f oldu. \u00c7EVRE T\u0130YATROSU&#8230; 1972 y\u0131l\u0131ndan bu yana, bir \u00e7ok tiyatrocuyu ve seyirciyi a\u011f\u0131rlayan \u00c7evre Tiyatrosu, kumpanyaya kat\u0131lmak isteyen gen\u00e7 [&hellip;]","og_url":"https:\/\/narteks.net\/index.php\/2009\/12\/18\/semaver-kumpanya\/","og_site_name":"narteks.net","article_published_time":"2009-12-18T08:28:37+00:00","og_image":[{"url":"http:\/\/upload.wikimedia.org\/wikipedia\/tr\/0\/06\/Semaverkumpanyalogo.JPG","type":"","width":"","height":""}],"author":"Tar\u0131k","twitter_card":"summary_large_image","twitter_creator":"@narteks","twitter_site":"@narteks","twitter_misc":{"Yazan:":"Tar\u0131k","Tahmini okuma s\u00fcresi":"2 dakika"},"schema":{"@context":"https:\/\/schema.org","@graph":[{"@type":"Article","@id":"https:\/\/narteks.net\/index.php\/2009\/12\/18\/semaver-kumpanya\/#article","isPartOf":{"@id":"https:\/\/narteks.net\/index.php\/2009\/12\/18\/semaver-kumpanya\/"},"author":{"name":"Tar\u0131k","@id":"https:\/\/narteks.net\/#\/schema\/person\/61f37d9834294b72d31d274e7ed79bca"},"headline":"Semaver Kumpanya","datePublished":"2009-12-18T08:28:37+00:00","mainEntityOfPage":{"@id":"https:\/\/narteks.net\/index.php\/2009\/12\/18\/semaver-kumpanya\/"},"wordCount":372,"commentCount":0,"publisher":{"@id":"https:\/\/narteks.net\/#organization"},"image":{"@id":"https:\/\/narteks.net\/index.php\/2009\/12\/18\/semaver-kumpanya\/#primaryimage"},"thumbnailUrl":"http:\/\/upload.wikimedia.org\/wikipedia\/tr\/0\/06\/Semaverkumpanyalogo.JPG","articleSection":["Tiyatro Gruplar\u0131n\u0131 Tan\u0131yal\u0131m"],"inLanguage":"tr","potentialAction":[{"@type":"CommentAction","name":"Comment","target":["https:\/\/narteks.net\/index.php\/2009\/12\/18\/semaver-kumpanya\/#respond"]}]},{"@type":"WebPage","@id":"https:\/\/narteks.net\/index.php\/2009\/12\/18\/semaver-kumpanya\/","url":"https:\/\/narteks.net\/index.php\/2009\/12\/18\/semaver-kumpanya\/","name":"Semaver Kumpanya - narteks.net","isPartOf":{"@id":"https:\/\/narteks.net\/#website"},"primaryImageOfPage":{"@id":"https:\/\/narteks.net\/index.php\/2009\/12\/18\/semaver-kumpanya\/#primaryimage"},"image":{"@id":"https:\/\/narteks.net\/index.php\/2009\/12\/18\/semaver-kumpanya\/#primaryimage"},"thumbnailUrl":"http:\/\/upload.wikimedia.org\/wikipedia\/tr\/0\/06\/Semaverkumpanyalogo.JPG","datePublished":"2009-12-18T08:28:37+00:00","breadcrumb":{"@id":"https:\/\/narteks.net\/index.php\/2009\/12\/18\/semaver-kumpanya\/#breadcrumb"},"inLanguage":"tr","potentialAction":[{"@type":"ReadAction","target":["https:\/\/narteks.net\/index.php\/2009\/12\/18\/semaver-kumpanya\/"]}]},{"@type":"ImageObject","inLanguage":"tr","@id":"https:\/\/narteks.net\/index.php\/2009\/12\/18\/semaver-kumpanya\/#primaryimage","url":"http:\/\/upload.wikimedia.org\/wikipedia\/tr\/0\/06\/Semaverkumpanyalogo.JPG","contentUrl":"http:\/\/upload.wikimedia.org\/wikipedia\/tr\/0\/06\/Semaverkumpanyalogo.JPG"},{"@type":"BreadcrumbList","@id":"https:\/\/narteks.net\/index.php\/2009\/12\/18\/semaver-kumpanya\/#breadcrumb","itemListElement":[{"@type":"ListItem","position":1,"name":"Anasayfa","item":"https:\/\/narteks.net\/"},{"@type":"ListItem","position":2,"name":"Semaver Kumpanya"}]},{"@type":"WebSite","@id":"https:\/\/narteks.net\/#website","url":"https:\/\/narteks.net\/","name":"narteks.net","description":"K\u00fclt\u00fcr Sanat Edebiyat Felsefe","publisher":{"@id":"https:\/\/narteks.net\/#organization"},"alternateName":"K\u00fclt\u00fcr Sanat Edebiyat Felsefe","potentialAction":[{"@type":"SearchAction","target":{"@type":"EntryPoint","urlTemplate":"https:\/\/narteks.net\/?s={search_term_string}"},"query-input":{"@type":"PropertyValueSpecification","valueRequired":true,"valueName":"search_term_string"}}],"inLanguage":"tr"},{"@type":"Organization","@id":"https:\/\/narteks.net\/#organization","name":"narteks.net","url":"https:\/\/narteks.net\/","logo":{"@type":"ImageObject","inLanguage":"tr","@id":"https:\/\/narteks.net\/#\/schema\/logo\/image\/","url":"https:\/\/narteks.net\/wp-content\/uploads\/narteks.png","contentUrl":"https:\/\/narteks.net\/wp-content\/uploads\/narteks.png","width":300,"height":90,"caption":"narteks.net"},"image":{"@id":"https:\/\/narteks.net\/#\/schema\/logo\/image\/"},"sameAs":["https:\/\/x.com\/narteks","https:\/\/instagram.com\/narteksnet"]},{"@type":"Person","@id":"https:\/\/narteks.net\/#\/schema\/person\/61f37d9834294b72d31d274e7ed79bca","name":"Tar\u0131k","image":{"@type":"ImageObject","inLanguage":"tr","@id":"https:\/\/narteks.net\/#\/schema\/person\/image\/","url":"https:\/\/secure.gravatar.com\/avatar\/50865afb55632c4ae467e0af0930f6510aa2297d8014be502a55b14f3b7550cf?s=96&d=mm&r=g","contentUrl":"https:\/\/secure.gravatar.com\/avatar\/50865afb55632c4ae467e0af0930f6510aa2297d8014be502a55b14f3b7550cf?s=96&d=mm&r=g","caption":"Tar\u0131k"},"sameAs":["http:\/\/narteks.net"],"url":"https:\/\/narteks.net\/index.php\/author\/narbak\/"}]}},"_links":{"self":[{"href":"https:\/\/narteks.net\/index.php\/wp-json\/wp\/v2\/posts\/2867","targetHints":{"allow":["GET"]}}],"collection":[{"href":"https:\/\/narteks.net\/index.php\/wp-json\/wp\/v2\/posts"}],"about":[{"href":"https:\/\/narteks.net\/index.php\/wp-json\/wp\/v2\/types\/post"}],"author":[{"embeddable":true,"href":"https:\/\/narteks.net\/index.php\/wp-json\/wp\/v2\/users\/1"}],"replies":[{"embeddable":true,"href":"https:\/\/narteks.net\/index.php\/wp-json\/wp\/v2\/comments?post=2867"}],"version-history":[{"count":0,"href":"https:\/\/narteks.net\/index.php\/wp-json\/wp\/v2\/posts\/2867\/revisions"}],"wp:attachment":[{"href":"https:\/\/narteks.net\/index.php\/wp-json\/wp\/v2\/media?parent=2867"}],"wp:term":[{"taxonomy":"category","embeddable":true,"href":"https:\/\/narteks.net\/index.php\/wp-json\/wp\/v2\/categories?post=2867"},{"taxonomy":"post_tag","embeddable":true,"href":"https:\/\/narteks.net\/index.php\/wp-json\/wp\/v2\/tags?post=2867"}],"curies":[{"name":"wp","href":"https:\/\/api.w.org\/{rel}","templated":true}]}}