{"id":2883,"date":"2009-12-18T12:24:28","date_gmt":"2009-12-18T09:24:28","guid":{"rendered":"http:\/\/localhost\/wordpress\/2009\/12\/18\/bizim-tiyatro\/"},"modified":"2009-12-18T12:24:28","modified_gmt":"2009-12-18T09:24:28","slug":"bizim-tiyatro","status":"publish","type":"post","link":"https:\/\/narteks.net\/index.php\/2009\/12\/18\/bizim-tiyatro\/","title":{"rendered":"Bizim Tiyatro"},"content":{"rendered":"<h2 class=\"isim\"><strong><img loading=\"lazy\" decoding=\"async\" src=\"http:\/\/www.tiyatrodunyasi.com\/galeri\/bizim_tiyatro_logo.jpg\" border=\"0\" width=\"155\" height=\"203\" style=\"float: left;\" \/>Bizim Tiyatro<\/strong><\/h2>\n<p class=\"isim\" align=\"justify\"><span class=\"isimbold\">Zafer Diper<\/span>, 1946\u2019da do\u011fdu. Tiyatroya 1963\u2019te Be\u015fikta\u015f CHP Gen\u00e7lik Kolu\u2019nda ba\u015flad\u0131; Lise\u2019 de, \u00dcniversite\u2019de, Halkevi\u2019nde s\u00fcrd\u00fcrd\u00fc. <br \/> Bu d\u00f6nemlerde, kendi yazd\u0131\u011f\u0131 Kentin Korosu yan\u0131 s\u0131ra; Gitgel Dolap, Ay Do\u011farken, Hayvanat Bah\u00e7esi, Kum Sand\u0131\u011f\u0131, A\u011fz\u0131 \u00c7i\u00e7ekli Adam, Kap\u0131lar\u0131n D\u0131\u015f\u0131nda, Woyzeck y\u00f6netti\u011fi-oynad\u0131\u011f\u0131 oyunlar\u0131n kimileriydi. Bir s\u00fcre, Sinematek\u2019le geli\u015fen film yapma istemiyle k\u0131sa film \u00e7al\u0131\u015fmalar\u0131na, senaryo ve \u00f6yk\u00fc yaz\u0131m\u0131na y\u00f6neldi. Daha sonra Halk Tiyatrosu\u2019nda Komprador Oyunu\u2019nda oynad\u0131. 1978\u2019de Ortaoyuncular\u2019\u0131n ilk kurulu\u015f kadrosunda yer ald\u0131 ve \u015eahlar\u0131 da Vururlar oyununda \u015eah\u2019\u0131 \u00fc\u00e7 y\u00fcz yetmi\u015f be\u015f kez oynad\u0131. 1981 Kas\u0131m\u2019 \u0131nda, \u00dcsk\u00fcdar Sunar Tiyatrosu\u2019nda \u201ctoplumcu-eyti\u015fimsel bir yakla\u015f\u0131mla sanatsal etkinlikler \u00fcretebilmek\u201d i\u00e7eri\u011fiyle \u00f6zetlenebilir bir anlay\u0131\u015fla <span class=\"isimbold\">Bizim Tiyatro<\/span>\u2019yu kurdu. Oyunlar, \u00c7ocuk Oyunlar\u0131, K\u00fclt\u00fcr-Sanat Etkinlikleri s\u00f6z\u00fc edilen \u00e7er\u00e7evede ele al\u0131nmaya \u00e7al\u0131\u015f\u0131ld\u0131. Alt\u0131 y\u0131l etkinliklerini s\u00fcrd\u00fcrd\u00fc\u011f\u00fc Sunar Tiyatrosu\u2019 undan ayr\u0131lma zorunlu\u011fu sonras\u0131 gezginsel ya\u015fam ba\u015flad\u0131 ve \u015f\u00f6ylesi yerlerde konuklan\u0131ld\u0131: AST, Kad\u0131k\u00f6y K\u00fclt\u00fcr ve Sanat Merkezi, Baro Han (T\u00fcnel), \u0130T\u00dc Maden Fak\u00fcltesi (G.Anfisi), K\u00fc\u00e7\u00fck Sahne, Capitol Salonu, Aksanat, Muammer Karaca Tiyatrosu (Beyo\u011flu) ve Kad\u0131k\u00f6y Bar\u0131\u015f Man\u00e7o K\u00fclt\u00fcr Merkezi.. Tiyatronun yan\u0131 s\u0131ra Zafer Diper\u2019in oynad\u0131\u011f\u0131 kimi diziler: Sizin Dersane (1979 y\u0131l\u0131), Song\u00fcl, T\u00f6re, G\u00fclpare, Parampar\u00e7a A\u015fklar, Bir G\u00f6\u00e7men Ku\u015ftu O; ve Onur \u00dcnl\u00fc\u2019n\u00fcn y\u00f6netti\u011fi Polis, Pelin Aytemiz\u2019in y\u00f6netti\u011fi Unutma filmleri\u2026<\/p>\n<p class=\"isim\" align=\"justify\"><span class=\"isimbold\">Turneler<\/span>:  <span class=\"isimbold\">T\u00fcrkiye\u2019nin bir\u00e7ok il ve il\u00e7esinde\u2026 D\u0131\u015far\u0131da ise:  \u0130ngiltere<\/span> (Londra), <span class=\"isimbold\">Danimarka<\/span> (Kopenhag), <span class=\"isimbold\">Almanya<\/span> (Berlin, Bielefeld, Hamburg, Dortmund, Duisburg, K\u00f6ln, Nurenberg, Stuttgart, Ulm), <span class=\"isimbold\">Fransa<\/span> (Paris, M\u00fclhause), <span class=\"isimbold\">Hollanda<\/span> (Den Haag), <span class=\"isimbold\">Avusturya <\/span>(\u0130nnsbruck, Linz, Viyana), \u0130svi\u00e7re (Z\u00fcrih, St.Gallen, Basel, Lozan, Bern, \u0130nsburg),<span class=\"isimbold\"> Avustralya<\/span> (Sydney, Melbourne), <span class=\"isimbold\">K\u0131br\u0131s<\/span> (Lefko\u015fe, Magosa), <span class=\"isimbold\">Bel\u00e7ika<\/span> (Gent), <span class=\"isimbold\">Kanada<\/span> (Toronto)\u2026<\/p>\n<p class=\"isim\" align=\"justify\">\u0130leti\u015fim<\/p>\n<table border=\"0\" cellspacing=\"0\" cellpadding=\"0\" width=\"480\" align=\"center\">\n<tbody>\n<tr>\n<td class=\"isimbold\">Bizim Tiyatro<\/td>\n<\/tr>\n<\/tbody>\n<\/table>\n<p>\u00a0<\/p>\n<table border=\"0\" cellspacing=\"0\" cellpadding=\"0\" width=\"480\" align=\"center\">\n<tbody>\n<tr>\n<td class=\"isim\">Bar\u0131\u015f Man\u00e7o K\u00fclt\u00fcr Merkezi<br \/> Moda Cad. Nailbey Sok. No: 37<br \/> Kad\u0131k\u00f6y &#8211; \u0130stanbul<br \/> Gi\u015fe: (0216) 418 95 49<\/td>\n<\/tr>\n<\/tbody>\n<\/table>\n<table border=\"0\" cellspacing=\"0\" cellpadding=\"0\" width=\"480\" align=\"center\">\n<tbody>\n<tr>\n<td class=\"isim\"><span class=\"isim\">Tel:<\/span> (0543) 765 71 15<br \/> <span class=\"isim\">Fax:<\/span> (0216) 546 01 41<\/td>\n<\/tr>\n<\/tbody>\n<\/table>\n<table border=\"0\" cellspacing=\"0\" cellpadding=\"0\" width=\"480\" align=\"center\">\n<tbody>\n<tr>\n<td class=\"isim\"><\/td>\n<\/tr>\n<\/tbody>\n<\/table>\n<table border=\"0\" cellspacing=\"0\" cellpadding=\"0\" width=\"480\" align=\"center\">\n<tbody>\n<tr>\n<td class=\"isim\"><a class=\"link1\" href=\"mailto:bilgi@bizimtiyatro.net\" target=\"_blank\" rel=\"noopener\">bilgi@bizimtiyatro.net<\/a><\/td>\n<\/tr>\n<\/tbody>\n<\/table>\n<table border=\"0\" cellspacing=\"0\" cellpadding=\"0\" width=\"480\" align=\"center\">\n<tbody>\n<tr>\n<td class=\"isim\"><a class=\"link1\" href=\"mailto:bizimtiyatro@gmail.com\" target=\"_blank\" rel=\"noopener\">bizimtiyatro@gmail.com<\/a><\/td>\n<\/tr>\n<\/tbody>\n<\/table>\n","protected":false},"excerpt":{"rendered":"<p>Bizim Tiyatro Zafer Diper, 1946\u2019da do\u011fdu. Tiyatroya 1963\u2019te Be\u015fikta\u015f CHP Gen\u00e7lik Kolu\u2019nda ba\u015flad\u0131; Lise\u2019 de, \u00dcniversite\u2019de, Halkevi\u2019nde s\u00fcrd\u00fcrd\u00fc. Bu d\u00f6nemlerde, kendi yazd\u0131\u011f\u0131 Kentin Korosu yan\u0131 s\u0131ra; Gitgel Dolap, Ay Do\u011farken, Hayvanat Bah\u00e7esi, Kum Sand\u0131\u011f\u0131, A\u011fz\u0131 \u00c7i\u00e7ekli Adam, Kap\u0131lar\u0131n D\u0131\u015f\u0131nda, Woyzeck y\u00f6netti\u011fi-oynad\u0131\u011f\u0131 oyunlar\u0131n kimileriydi. Bir s\u00fcre, Sinematek\u2019le geli\u015fen film yapma istemiyle k\u0131sa film \u00e7al\u0131\u015fmalar\u0131na, senaryo ve [&hellip;]<\/p>\n","protected":false},"author":1,"featured_media":0,"comment_status":"open","ping_status":"open","sticky":false,"template":"","format":"standard","meta":{"footnotes":""},"categories":[102],"tags":[],"class_list":{"0":"post-2883","1":"post","2":"type-post","3":"status-publish","4":"format-standard","6":"category-tiyatro-gruplarini-taniyalim"},"yoast_head":"<!-- This site is optimized with the Yoast SEO Premium plugin v24.9 (Yoast SEO v24.9) - https:\/\/yoast.com\/wordpress\/plugins\/seo\/ -->\n<title>Bizim Tiyatro - narteks.net<\/title>\n<meta name=\"robots\" content=\"index, follow, max-snippet:-1, max-image-preview:large, max-video-preview:-1\" \/>\n<link rel=\"canonical\" href=\"https:\/\/narteks.net\/index.php\/2009\/12\/18\/bizim-tiyatro\/\" \/>\n<meta property=\"og:locale\" content=\"tr_TR\" \/>\n<meta property=\"og:type\" content=\"article\" \/>\n<meta property=\"og:title\" content=\"Bizim Tiyatro\" \/>\n<meta property=\"og:description\" content=\"Bizim Tiyatro Zafer Diper, 1946\u2019da do\u011fdu. Tiyatroya 1963\u2019te Be\u015fikta\u015f CHP Gen\u00e7lik Kolu\u2019nda ba\u015flad\u0131; Lise\u2019 de, \u00dcniversite\u2019de, Halkevi\u2019nde s\u00fcrd\u00fcrd\u00fc. Bu d\u00f6nemlerde, kendi yazd\u0131\u011f\u0131 Kentin Korosu yan\u0131 s\u0131ra; Gitgel Dolap, Ay Do\u011farken, Hayvanat Bah\u00e7esi, Kum Sand\u0131\u011f\u0131, A\u011fz\u0131 \u00c7i\u00e7ekli Adam, Kap\u0131lar\u0131n D\u0131\u015f\u0131nda, Woyzeck y\u00f6netti\u011fi-oynad\u0131\u011f\u0131 oyunlar\u0131n kimileriydi. Bir s\u00fcre, Sinematek\u2019le geli\u015fen film yapma istemiyle k\u0131sa film \u00e7al\u0131\u015fmalar\u0131na, senaryo ve [&hellip;]\" \/>\n<meta property=\"og:url\" content=\"https:\/\/narteks.net\/index.php\/2009\/12\/18\/bizim-tiyatro\/\" \/>\n<meta property=\"og:site_name\" content=\"narteks.net\" \/>\n<meta property=\"article:published_time\" content=\"2009-12-18T09:24:28+00:00\" \/>\n<meta property=\"og:image\" content=\"http:\/\/www.tiyatrodunyasi.com\/galeri\/bizim_tiyatro_logo.jpg\" \/>\n<meta name=\"author\" content=\"Tar\u0131k\" \/>\n<meta name=\"twitter:card\" content=\"summary_large_image\" \/>\n<meta name=\"twitter:creator\" content=\"@narteks\" \/>\n<meta name=\"twitter:site\" content=\"@narteks\" \/>\n<meta name=\"twitter:label1\" content=\"Yazan:\" \/>\n\t<meta name=\"twitter:data1\" content=\"Tar\u0131k\" \/>\n\t<meta name=\"twitter:label2\" content=\"Tahmini okuma s\u00fcresi\" \/>\n\t<meta name=\"twitter:data2\" content=\"2 dakika\" \/>\n<script type=\"application\/ld+json\" class=\"yoast-schema-graph\">{\"@context\":\"https:\/\/schema.org\",\"@graph\":[{\"@type\":\"Article\",\"@id\":\"https:\/\/narteks.net\/index.php\/2009\/12\/18\/bizim-tiyatro\/#article\",\"isPartOf\":{\"@id\":\"https:\/\/narteks.net\/index.php\/2009\/12\/18\/bizim-tiyatro\/\"},\"author\":{\"name\":\"Tar\u0131k\",\"@id\":\"https:\/\/narteks.net\/#\/schema\/person\/61f37d9834294b72d31d274e7ed79bca\"},\"headline\":\"Bizim Tiyatro\",\"datePublished\":\"2009-12-18T09:24:28+00:00\",\"mainEntityOfPage\":{\"@id\":\"https:\/\/narteks.net\/index.php\/2009\/12\/18\/bizim-tiyatro\/\"},\"wordCount\":372,\"commentCount\":0,\"publisher\":{\"@id\":\"https:\/\/narteks.net\/#organization\"},\"image\":{\"@id\":\"https:\/\/narteks.net\/index.php\/2009\/12\/18\/bizim-tiyatro\/#primaryimage\"},\"thumbnailUrl\":\"http:\/\/www.tiyatrodunyasi.com\/galeri\/bizim_tiyatro_logo.jpg\",\"articleSection\":[\"Tiyatro Gruplar\u0131n\u0131 Tan\u0131yal\u0131m\"],\"inLanguage\":\"tr\",\"potentialAction\":[{\"@type\":\"CommentAction\",\"name\":\"Comment\",\"target\":[\"https:\/\/narteks.net\/index.php\/2009\/12\/18\/bizim-tiyatro\/#respond\"]}]},{\"@type\":\"WebPage\",\"@id\":\"https:\/\/narteks.net\/index.php\/2009\/12\/18\/bizim-tiyatro\/\",\"url\":\"https:\/\/narteks.net\/index.php\/2009\/12\/18\/bizim-tiyatro\/\",\"name\":\"Bizim Tiyatro - narteks.net\",\"isPartOf\":{\"@id\":\"https:\/\/narteks.net\/#website\"},\"primaryImageOfPage\":{\"@id\":\"https:\/\/narteks.net\/index.php\/2009\/12\/18\/bizim-tiyatro\/#primaryimage\"},\"image\":{\"@id\":\"https:\/\/narteks.net\/index.php\/2009\/12\/18\/bizim-tiyatro\/#primaryimage\"},\"thumbnailUrl\":\"http:\/\/www.tiyatrodunyasi.com\/galeri\/bizim_tiyatro_logo.jpg\",\"datePublished\":\"2009-12-18T09:24:28+00:00\",\"breadcrumb\":{\"@id\":\"https:\/\/narteks.net\/index.php\/2009\/12\/18\/bizim-tiyatro\/#breadcrumb\"},\"inLanguage\":\"tr\",\"potentialAction\":[{\"@type\":\"ReadAction\",\"target\":[\"https:\/\/narteks.net\/index.php\/2009\/12\/18\/bizim-tiyatro\/\"]}]},{\"@type\":\"ImageObject\",\"inLanguage\":\"tr\",\"@id\":\"https:\/\/narteks.net\/index.php\/2009\/12\/18\/bizim-tiyatro\/#primaryimage\",\"url\":\"http:\/\/www.tiyatrodunyasi.com\/galeri\/bizim_tiyatro_logo.jpg\",\"contentUrl\":\"http:\/\/www.tiyatrodunyasi.com\/galeri\/bizim_tiyatro_logo.jpg\"},{\"@type\":\"BreadcrumbList\",\"@id\":\"https:\/\/narteks.net\/index.php\/2009\/12\/18\/bizim-tiyatro\/#breadcrumb\",\"itemListElement\":[{\"@type\":\"ListItem\",\"position\":1,\"name\":\"Anasayfa\",\"item\":\"https:\/\/narteks.net\/\"},{\"@type\":\"ListItem\",\"position\":2,\"name\":\"Bizim Tiyatro\"}]},{\"@type\":\"WebSite\",\"@id\":\"https:\/\/narteks.net\/#website\",\"url\":\"https:\/\/narteks.net\/\",\"name\":\"narteks.net\",\"description\":\"K\u00fclt\u00fcr Sanat Edebiyat Felsefe\",\"publisher\":{\"@id\":\"https:\/\/narteks.net\/#organization\"},\"alternateName\":\"K\u00fclt\u00fcr Sanat Edebiyat Felsefe\",\"potentialAction\":[{\"@type\":\"SearchAction\",\"target\":{\"@type\":\"EntryPoint\",\"urlTemplate\":\"https:\/\/narteks.net\/?s={search_term_string}\"},\"query-input\":{\"@type\":\"PropertyValueSpecification\",\"valueRequired\":true,\"valueName\":\"search_term_string\"}}],\"inLanguage\":\"tr\"},{\"@type\":\"Organization\",\"@id\":\"https:\/\/narteks.net\/#organization\",\"name\":\"narteks.net\",\"url\":\"https:\/\/narteks.net\/\",\"logo\":{\"@type\":\"ImageObject\",\"inLanguage\":\"tr\",\"@id\":\"https:\/\/narteks.net\/#\/schema\/logo\/image\/\",\"url\":\"https:\/\/narteks.net\/wp-content\/uploads\/narteks.png\",\"contentUrl\":\"https:\/\/narteks.net\/wp-content\/uploads\/narteks.png\",\"width\":300,\"height\":90,\"caption\":\"narteks.net\"},\"image\":{\"@id\":\"https:\/\/narteks.net\/#\/schema\/logo\/image\/\"},\"sameAs\":[\"https:\/\/x.com\/narteks\",\"https:\/\/instagram.com\/narteksnet\"]},{\"@type\":\"Person\",\"@id\":\"https:\/\/narteks.net\/#\/schema\/person\/61f37d9834294b72d31d274e7ed79bca\",\"name\":\"Tar\u0131k\",\"image\":{\"@type\":\"ImageObject\",\"inLanguage\":\"tr\",\"@id\":\"https:\/\/narteks.net\/#\/schema\/person\/image\/\",\"url\":\"https:\/\/secure.gravatar.com\/avatar\/50865afb55632c4ae467e0af0930f6510aa2297d8014be502a55b14f3b7550cf?s=96&d=mm&r=g\",\"contentUrl\":\"https:\/\/secure.gravatar.com\/avatar\/50865afb55632c4ae467e0af0930f6510aa2297d8014be502a55b14f3b7550cf?s=96&d=mm&r=g\",\"caption\":\"Tar\u0131k\"},\"sameAs\":[\"http:\/\/narteks.net\"],\"url\":\"https:\/\/narteks.net\/index.php\/author\/narbak\/\"}]}<\/script>\n<!-- \/ Yoast SEO Premium plugin. -->","yoast_head_json":{"title":"Bizim Tiyatro - narteks.net","robots":{"index":"index","follow":"follow","max-snippet":"max-snippet:-1","max-image-preview":"max-image-preview:large","max-video-preview":"max-video-preview:-1"},"canonical":"https:\/\/narteks.net\/index.php\/2009\/12\/18\/bizim-tiyatro\/","og_locale":"tr_TR","og_type":"article","og_title":"Bizim Tiyatro","og_description":"Bizim Tiyatro Zafer Diper, 1946\u2019da do\u011fdu. Tiyatroya 1963\u2019te Be\u015fikta\u015f CHP Gen\u00e7lik Kolu\u2019nda ba\u015flad\u0131; Lise\u2019 de, \u00dcniversite\u2019de, Halkevi\u2019nde s\u00fcrd\u00fcrd\u00fc. Bu d\u00f6nemlerde, kendi yazd\u0131\u011f\u0131 Kentin Korosu yan\u0131 s\u0131ra; Gitgel Dolap, Ay Do\u011farken, Hayvanat Bah\u00e7esi, Kum Sand\u0131\u011f\u0131, A\u011fz\u0131 \u00c7i\u00e7ekli Adam, Kap\u0131lar\u0131n D\u0131\u015f\u0131nda, Woyzeck y\u00f6netti\u011fi-oynad\u0131\u011f\u0131 oyunlar\u0131n kimileriydi. Bir s\u00fcre, Sinematek\u2019le geli\u015fen film yapma istemiyle k\u0131sa film \u00e7al\u0131\u015fmalar\u0131na, senaryo ve [&hellip;]","og_url":"https:\/\/narteks.net\/index.php\/2009\/12\/18\/bizim-tiyatro\/","og_site_name":"narteks.net","article_published_time":"2009-12-18T09:24:28+00:00","og_image":[{"url":"http:\/\/www.tiyatrodunyasi.com\/galeri\/bizim_tiyatro_logo.jpg","type":"","width":"","height":""}],"author":"Tar\u0131k","twitter_card":"summary_large_image","twitter_creator":"@narteks","twitter_site":"@narteks","twitter_misc":{"Yazan:":"Tar\u0131k","Tahmini okuma s\u00fcresi":"2 dakika"},"schema":{"@context":"https:\/\/schema.org","@graph":[{"@type":"Article","@id":"https:\/\/narteks.net\/index.php\/2009\/12\/18\/bizim-tiyatro\/#article","isPartOf":{"@id":"https:\/\/narteks.net\/index.php\/2009\/12\/18\/bizim-tiyatro\/"},"author":{"name":"Tar\u0131k","@id":"https:\/\/narteks.net\/#\/schema\/person\/61f37d9834294b72d31d274e7ed79bca"},"headline":"Bizim Tiyatro","datePublished":"2009-12-18T09:24:28+00:00","mainEntityOfPage":{"@id":"https:\/\/narteks.net\/index.php\/2009\/12\/18\/bizim-tiyatro\/"},"wordCount":372,"commentCount":0,"publisher":{"@id":"https:\/\/narteks.net\/#organization"},"image":{"@id":"https:\/\/narteks.net\/index.php\/2009\/12\/18\/bizim-tiyatro\/#primaryimage"},"thumbnailUrl":"http:\/\/www.tiyatrodunyasi.com\/galeri\/bizim_tiyatro_logo.jpg","articleSection":["Tiyatro Gruplar\u0131n\u0131 Tan\u0131yal\u0131m"],"inLanguage":"tr","potentialAction":[{"@type":"CommentAction","name":"Comment","target":["https:\/\/narteks.net\/index.php\/2009\/12\/18\/bizim-tiyatro\/#respond"]}]},{"@type":"WebPage","@id":"https:\/\/narteks.net\/index.php\/2009\/12\/18\/bizim-tiyatro\/","url":"https:\/\/narteks.net\/index.php\/2009\/12\/18\/bizim-tiyatro\/","name":"Bizim Tiyatro - narteks.net","isPartOf":{"@id":"https:\/\/narteks.net\/#website"},"primaryImageOfPage":{"@id":"https:\/\/narteks.net\/index.php\/2009\/12\/18\/bizim-tiyatro\/#primaryimage"},"image":{"@id":"https:\/\/narteks.net\/index.php\/2009\/12\/18\/bizim-tiyatro\/#primaryimage"},"thumbnailUrl":"http:\/\/www.tiyatrodunyasi.com\/galeri\/bizim_tiyatro_logo.jpg","datePublished":"2009-12-18T09:24:28+00:00","breadcrumb":{"@id":"https:\/\/narteks.net\/index.php\/2009\/12\/18\/bizim-tiyatro\/#breadcrumb"},"inLanguage":"tr","potentialAction":[{"@type":"ReadAction","target":["https:\/\/narteks.net\/index.php\/2009\/12\/18\/bizim-tiyatro\/"]}]},{"@type":"ImageObject","inLanguage":"tr","@id":"https:\/\/narteks.net\/index.php\/2009\/12\/18\/bizim-tiyatro\/#primaryimage","url":"http:\/\/www.tiyatrodunyasi.com\/galeri\/bizim_tiyatro_logo.jpg","contentUrl":"http:\/\/www.tiyatrodunyasi.com\/galeri\/bizim_tiyatro_logo.jpg"},{"@type":"BreadcrumbList","@id":"https:\/\/narteks.net\/index.php\/2009\/12\/18\/bizim-tiyatro\/#breadcrumb","itemListElement":[{"@type":"ListItem","position":1,"name":"Anasayfa","item":"https:\/\/narteks.net\/"},{"@type":"ListItem","position":2,"name":"Bizim Tiyatro"}]},{"@type":"WebSite","@id":"https:\/\/narteks.net\/#website","url":"https:\/\/narteks.net\/","name":"narteks.net","description":"K\u00fclt\u00fcr Sanat Edebiyat Felsefe","publisher":{"@id":"https:\/\/narteks.net\/#organization"},"alternateName":"K\u00fclt\u00fcr Sanat Edebiyat Felsefe","potentialAction":[{"@type":"SearchAction","target":{"@type":"EntryPoint","urlTemplate":"https:\/\/narteks.net\/?s={search_term_string}"},"query-input":{"@type":"PropertyValueSpecification","valueRequired":true,"valueName":"search_term_string"}}],"inLanguage":"tr"},{"@type":"Organization","@id":"https:\/\/narteks.net\/#organization","name":"narteks.net","url":"https:\/\/narteks.net\/","logo":{"@type":"ImageObject","inLanguage":"tr","@id":"https:\/\/narteks.net\/#\/schema\/logo\/image\/","url":"https:\/\/narteks.net\/wp-content\/uploads\/narteks.png","contentUrl":"https:\/\/narteks.net\/wp-content\/uploads\/narteks.png","width":300,"height":90,"caption":"narteks.net"},"image":{"@id":"https:\/\/narteks.net\/#\/schema\/logo\/image\/"},"sameAs":["https:\/\/x.com\/narteks","https:\/\/instagram.com\/narteksnet"]},{"@type":"Person","@id":"https:\/\/narteks.net\/#\/schema\/person\/61f37d9834294b72d31d274e7ed79bca","name":"Tar\u0131k","image":{"@type":"ImageObject","inLanguage":"tr","@id":"https:\/\/narteks.net\/#\/schema\/person\/image\/","url":"https:\/\/secure.gravatar.com\/avatar\/50865afb55632c4ae467e0af0930f6510aa2297d8014be502a55b14f3b7550cf?s=96&d=mm&r=g","contentUrl":"https:\/\/secure.gravatar.com\/avatar\/50865afb55632c4ae467e0af0930f6510aa2297d8014be502a55b14f3b7550cf?s=96&d=mm&r=g","caption":"Tar\u0131k"},"sameAs":["http:\/\/narteks.net"],"url":"https:\/\/narteks.net\/index.php\/author\/narbak\/"}]}},"_links":{"self":[{"href":"https:\/\/narteks.net\/index.php\/wp-json\/wp\/v2\/posts\/2883","targetHints":{"allow":["GET"]}}],"collection":[{"href":"https:\/\/narteks.net\/index.php\/wp-json\/wp\/v2\/posts"}],"about":[{"href":"https:\/\/narteks.net\/index.php\/wp-json\/wp\/v2\/types\/post"}],"author":[{"embeddable":true,"href":"https:\/\/narteks.net\/index.php\/wp-json\/wp\/v2\/users\/1"}],"replies":[{"embeddable":true,"href":"https:\/\/narteks.net\/index.php\/wp-json\/wp\/v2\/comments?post=2883"}],"version-history":[{"count":0,"href":"https:\/\/narteks.net\/index.php\/wp-json\/wp\/v2\/posts\/2883\/revisions"}],"wp:attachment":[{"href":"https:\/\/narteks.net\/index.php\/wp-json\/wp\/v2\/media?parent=2883"}],"wp:term":[{"taxonomy":"category","embeddable":true,"href":"https:\/\/narteks.net\/index.php\/wp-json\/wp\/v2\/categories?post=2883"},{"taxonomy":"post_tag","embeddable":true,"href":"https:\/\/narteks.net\/index.php\/wp-json\/wp\/v2\/tags?post=2883"}],"curies":[{"name":"wp","href":"https:\/\/api.w.org\/{rel}","templated":true}]}}