{"id":2886,"date":"2009-12-20T15:19:17","date_gmt":"2009-12-20T12:19:17","guid":{"rendered":"http:\/\/localhost\/wordpress\/2009\/12\/20\/zeki-oekten-68-yanda-tedavi-goerdueue-amerikan-hastenesinde-hayata-goezlerini-yumdu\/"},"modified":"2009-12-20T15:19:17","modified_gmt":"2009-12-20T12:19:17","slug":"zeki-oekten-68-yanda-tedavi-goerdueue-amerikan-hastenesinde-hayata-goezlerini-yumdu","status":"publish","type":"post","link":"https:\/\/narteks.net\/index.php\/2009\/12\/20\/zeki-oekten-68-yanda-tedavi-goerdueue-amerikan-hastenesinde-hayata-goezlerini-yumdu\/","title":{"rendered":"Zeki \u00d6kten, 68 ya\u015f\u0131nda tedavi g\u00f6rd\u00fc\u011f\u00fc Amerikan Hastenesi&#8217;nde hayata g\u00f6zlerini yumdu."},"content":{"rendered":"<h2><strong><img loading=\"lazy\" decoding=\"async\" src=\"http:\/\/fc03.deviantart.com\/fs14\/f\/2006\/357\/a\/c\/Zeki_Okten_by_ozgurcanakbas.jpg\" border=\"0\" width=\"155\" height=\"203\" style=\"float: left;\" \/>S\u00fcr\u00fc, D\u00fc\u015fman, Kap\u0131c\u0131lar Kral\u0131, \u00c7\u00f6p\u00e7\u00fcler Kral\u0131 gibi politik filmlerle kaos  g\u00fcnlerini anlatan filmlerin bol \u00f6d\u00fcll\u00fc y\u00f6netmeni Zeki \u00d6kten, 68 ya\u015f\u0131nda tedavi g\u00f6rd\u00fc\u011f\u00fc  Amerikan Hastenesi&#8217;nde hayata g\u00f6zlerini yumdu.<\/strong><\/h2>\n<p>\u00a0<\/p>\n<h5 style=\"text-align: justify;\">Memduh \u00dcn, Halit Refi\u011f ve At\u0131f Y\u0131lmaz&#8217;\u0131n d\u00f6neminden sonra gelen ikinci yeni  ku\u015fak sinemac\u0131lar aras\u0131na ismini yazd\u0131ran ve bir\u00e7ok ba\u015far\u0131l\u0131 filme imza atan  \u00d6kten, \u00f6nceki g\u00fcn Amerikan Hastanesi&#8217;nde yo\u011fun bak\u0131ma al\u0131nm\u0131\u015ft\u0131. Kalp ve damar  hastal\u0131\u011f\u0131 \u015fikayetiyle acil olarak hastaneye yatan \u00d6kten&#8217;in, ge\u00e7irdi\u011fi  operasyonun ard\u0131ndan d\u00fcn hayat\u0131n\u0131 kaybetti\u011fi \u00f6\u011frenildi.   <\/p>\n<p><!--more--><\/p>\n<\/h5>\n<p style=\"text-align: justify;\">\n<p style=\"text-align: justify;\"><strong>Zeki \u00d6kten Kimdir?<br \/> <\/strong><br \/> Zeki \u00d6kten 1941 y\u0131l\u0131nda do\u011fdu. 1961 y\u0131l\u0131nda Ni\u015fan Han\u00e7er&#8217;in y\u00f6netti\u011fi &#8220;Ac\u0131  Zeytin&#8221; filminde y\u00f6netmen yard\u0131mc\u0131l\u0131\u011f\u0131 yaparak Ye\u015fil\u00e7am&#8217;a ilk ad\u0131mlar\u0131n\u0131 att\u0131. <\/p>\n<p> \u00d6mer L\u00fctfi Akad, Halit Refi\u011f, Memduh \u00dcn ve At\u0131f Y\u0131lmaz gibi Ye\u015fil\u00e7am&#8217;\u0131n \u00fcnl\u00fc  y\u00f6netmenlerinin yan\u0131nda \u00e7al\u0131\u015ft\u0131. ilk filmi &#8220;\u00d6l\u00fcm Pazar\u0131&#8221;n\u0131 1963&#8217;te \u00e7ekti ancak  umdu\u011fu ba\u015far\u0131y\u0131 yakalayamad\u0131. <\/p>\n<p> Asistanl\u0131\u011fa geri d\u00f6nen \u00d6kten 1972&#8217;de &#8220;Kad\u0131n Yapar&#8221;, ard\u0131ndan da 1973&#8217;de &#8220;Bir  Demet Menek\u015fe&#8221; ile dikkatleri \u00fcst\u00fcne \u00e7ekmeyi ba\u015fard\u0131. <\/p>\n<p> Selim \u0130leri&#8217;nin senaryosunu yazd\u0131\u011f\u0131 film, bir a\u015fk hikayesi \u00fczerinden toplumsal  bak\u0131\u015f a\u00e7\u0131s\u0131n\u0131 dile getirmekteydi. Zeki \u00d6kten&#8217;nin sinemaya bak\u0131\u015f tarz\u0131 bu film  ile kendini g\u00f6sterdi. <\/p>\n<p> Osman Seden, \u00d6mer L\u00fctf\u00fc Akad, Metin Erksan, Memduh \u00dcn, Halit Refi\u011f ve At\u0131f  Y\u0131lmaz&#8217;\u0131n ku\u015fa\u011f\u0131ndan sonra gelen ikinci yeni ku\u015fak sinemac\u0131lar aras\u0131nda yerini  ald\u0131. &#8220;Askerin D\u00f6n\u00fc\u015f\u00fc&#8221;(1974), &#8220;S\u00fcr\u00fc&#8221;(1978), &#8220;D\u00fc\u015fman&#8221;(1979) adl\u0131 filmlerinde  ger\u00e7ek\u00e7i uslubunu korurken,&#8221;Hanzo&#8221;(1975), &#8220;Kap\u0131c\u0131lar Kral\u0131&#8221;(1976), &#8220;\u00c7\u00f6p\u00e7\u00fcler  Kral\u0131&#8221;(1977) ve &#8220;Faize H\u00fccum&#8221;(1982) gibi filmleriyse toplumsal sorunlar\u0131 komedi  ile vermeyi ba\u015farm\u0131\u015ft\u0131r. <\/p>\n<p> Kemal Sunal ile \u00e7al\u0131\u015ft\u0131\u011f\u0131 &#8220;Kap\u0131c\u0131lar Kral\u0131&#8221;, &#8220;\u00c7\u00f6p\u00e7\u00fcler Kral\u0131&#8221;, &#8220;D\u00fctt\u00fcr\u00fc  D\u00fcnya&#8221;(1988) gibi filmleri komedi olarak g\u00f6r\u00fclse de alt\u0131nda toplumsal ger\u00e7ekler  bulunmaktad\u0131r. O d\u00f6nemki sosyal ya\u015fama tepkiler ve ele\u015ftiriler i\u00e7ermektedir.  \u00d6zellikle &#8220;Kap\u0131c\u0131lar Kral\u0131&#8221; ve &#8220;\u00c7\u00f6p\u00e7\u00fcler Kral\u0131&#8221; ile belli bir s\u0131n\u0131f \u00fczerinden  T\u00fcrkiye&#8217;nin o d\u00f6nemki ger\u00e7ekleri verilmi\u015ftir. 14. Antalya Film \u015eenli\u011fi&#8217;nde  &#8220;Kap\u0131c\u0131lar Kral\u0131&#8221; adl\u0131 filmi ile &#8220;En \u0130yi Y\u00f6netmen&#8221; \u00f6d\u00fcl\u00fcn\u00fc kazand\u0131. <\/p>\n<p> 1978 y\u0131l\u0131nda senaryosunu Y\u0131lmaz G\u00fcney&#8217;in yazd\u0131\u011f\u0131 &#8220;S\u00fcr\u00fc&#8221; adl\u0131 filmi \u00e7ekti. Bu  film uluslararas\u0131 ba\u015far\u0131lara imza atarak 11 tane \u00f6d\u00fcl ald\u0131. <\/p>\n<p> Ard\u0131ndan yine Y\u0131lmaz G\u00fcney ile birlikte \u00e7al\u0131\u015ft\u0131\u011f\u0131 &#8220;D\u00fc\u015fman&#8221;\u0131 \u00e7ekti. Bu film de  yurtd\u0131\u015f\u0131nda ilgi g\u00f6rd\u00fc. Bu filmin ard\u0131ndan 1982 y\u0131l\u0131nda ba\u015frol\u00fcnde Genco  Erkal&#8217;\u0131n yer ald\u0131\u011f\u0131 &#8220;Faize H\u00fcc\u00fcm&#8221; geldi. Bu film ile Antalya Film Festivali&#8217;nde  &#8220;En \u0130yi Film&#8221; ve &#8220;En \u0130yi Y\u00f6netmen&#8221; \u00f6d\u00fcllerini ald\u0131. <\/p>\n<p> Bu filmi &#8220;Pehlivan&#8221;(1984), &#8220;Ses&#8221;(1986) ve &#8220;D\u00fctt\u00fcr\u00fc D\u00fcnya&#8221;(1988) izledi.  &#8220;Pehlivan&#8221; adl\u0131 film ile uluslararas\u0131 bir\u00e7ok \u00f6d\u00fcl\u00fcn yan\u0131s\u0131ra, \u0130stanbul Film  Festivali&#8217;nde &#8220;\u00dcst\u00fcn Ba\u015far\u0131&#8221; \u00f6d\u00fcl\u00fc ald\u0131. &#8220;D\u00fctt\u00fcr\u00fc D\u00fcnya&#8221; adl\u0131 filmden sonra  sinemaya bir s\u00fcre ara verdi. <\/p>\n<p> 1993 y\u0131l\u0131nda Kemal Sunal ile \u00e7ekti\u011fi televizyon dizisi &#8220;Sayg\u0131lar Bizden&#8221;i yapt\u0131.  1995 y\u0131l\u0131nda ise K\u00fclt\u00fcr Bakanl\u0131\u011f\u0131 ve Efes Pilsen&#8217;nin katk\u0131lar\u0131yla Yusuf Kur\u00e7eli,  \u00d6mer Kavur, \u0130rfan T\u00f6z\u00fcm ve Erden K\u0131ral ile birlikte ba\u011f\u0131ms\u0131z 5 k\u0131sa sevgi ve  ho\u015fg\u00f6r\u00fc \u00f6yk\u00fcs\u00fcnden olu\u015fan &#8220;A\u015fk \u00dczerine S\u00f6ylenmi\u015f Her\u015fey&#8221; adl\u0131 \u00e7al\u0131\u015fmada yer  ald\u0131. <\/p>\n<p> Ard\u0131ndan 1999 y\u0131l\u0131nda Metin Akp\u0131nar, Zeki Alasya, Y\u0131ld\u0131z Kenter, E\u015fref Kol\u00e7ak  gibi b\u00fcy\u00fck oyuncular\u0131n yer ald\u0131\u011f\u0131 &#8220;G\u00fcle G\u00fcle&#8221; adl\u0131 filmi \u00e7ekti. Film Almanya ve  Fransa&#8217;da g\u00f6sterime girmi\u015f, bir\u00e7ok yurti\u00e7i ve yurtd\u0131\u015f\u0131 festivallere davet  edilmi\u015fti. Bunun yan\u0131 s\u0131ra 37. Alt\u0131n Portakal Film Festivali&#8217;nde &#8220;En \u0130yi Film&#8221;  ve &#8220;En \u0130yi Senaryo&#8221; \u00f6d\u00fcllerini alm\u0131\u015ft\u0131. <\/p>\n<p> Bu filmlerin ard\u0131ndan 2003 y\u0131l\u0131nda ba\u015frollerini Tar\u0131k Akan ve Okan Bay\u00fclgen&#8217;nin  payla\u015ft\u0131\u011f\u0131 &#8220;G\u00fcl\u00fcm&#8221; ;2006 y\u0131l\u0131nda ise C\u00fcneyt T\u00fcrel, Yaman Tarcan, B\u00fclent Kayaba\u015f  ve Nilg\u00fcn Belg\u00fcn&#8217;n\u00fcn rol ald\u0131\u011f\u0131 &#8220;\u00c7inliler Geliyor&#8221; adl\u0131 filmleri y\u00f6netti.<\/p>\n","protected":false},"excerpt":{"rendered":"<p>S\u00fcr\u00fc, D\u00fc\u015fman, Kap\u0131c\u0131lar Kral\u0131, \u00c7\u00f6p\u00e7\u00fcler Kral\u0131 gibi politik filmlerle kaos g\u00fcnlerini anlatan filmlerin bol \u00f6d\u00fcll\u00fc y\u00f6netmeni Zeki \u00d6kten, 68 ya\u015f\u0131nda tedavi g\u00f6rd\u00fc\u011f\u00fc Amerikan Hastenesi&#8217;nde hayata g\u00f6zlerini yumdu. \u00a0 Memduh \u00dcn, Halit Refi\u011f ve At\u0131f Y\u0131lmaz&#8217;\u0131n d\u00f6neminden sonra gelen ikinci yeni ku\u015fak sinemac\u0131lar aras\u0131na ismini yazd\u0131ran ve bir\u00e7ok ba\u015far\u0131l\u0131 filme imza atan \u00d6kten, \u00f6nceki g\u00fcn Amerikan [&hellip;]<\/p>\n","protected":false},"author":1,"featured_media":0,"comment_status":"open","ping_status":"open","sticky":false,"template":"","format":"standard","meta":{"footnotes":""},"categories":[111],"tags":[],"class_list":{"0":"post-2886","1":"post","2":"type-post","3":"status-publish","4":"format-standard","6":"category-sinema-haberleri"},"yoast_head":"<!-- This site is optimized with the Yoast SEO Premium plugin v24.9 (Yoast SEO v24.9) - https:\/\/yoast.com\/wordpress\/plugins\/seo\/ -->\n<title>Zeki \u00d6kten, 68 ya\u015f\u0131nda tedavi g\u00f6rd\u00fc\u011f\u00fc Amerikan Hastenesi&#039;nde hayata g\u00f6zlerini yumdu. - narteks.net<\/title>\n<meta name=\"robots\" content=\"index, follow, max-snippet:-1, max-image-preview:large, max-video-preview:-1\" \/>\n<link rel=\"canonical\" href=\"https:\/\/narteks.net\/index.php\/2009\/12\/20\/zeki-oekten-68-yanda-tedavi-goerdueue-amerikan-hastenesinde-hayata-goezlerini-yumdu\/\" \/>\n<meta property=\"og:locale\" content=\"tr_TR\" \/>\n<meta property=\"og:type\" content=\"article\" \/>\n<meta property=\"og:title\" content=\"Zeki \u00d6kten, 68 ya\u015f\u0131nda tedavi g\u00f6rd\u00fc\u011f\u00fc Amerikan Hastenesi&#039;nde hayata g\u00f6zlerini yumdu.\" \/>\n<meta property=\"og:description\" content=\"S\u00fcr\u00fc, D\u00fc\u015fman, Kap\u0131c\u0131lar Kral\u0131, \u00c7\u00f6p\u00e7\u00fcler Kral\u0131 gibi politik filmlerle kaos g\u00fcnlerini anlatan filmlerin bol \u00f6d\u00fcll\u00fc y\u00f6netmeni Zeki \u00d6kten, 68 ya\u015f\u0131nda tedavi g\u00f6rd\u00fc\u011f\u00fc Amerikan Hastenesi&#8217;nde hayata g\u00f6zlerini yumdu. \u00a0 Memduh \u00dcn, Halit Refi\u011f ve At\u0131f Y\u0131lmaz&#8217;\u0131n d\u00f6neminden sonra gelen ikinci yeni ku\u015fak sinemac\u0131lar aras\u0131na ismini yazd\u0131ran ve bir\u00e7ok ba\u015far\u0131l\u0131 filme imza atan \u00d6kten, \u00f6nceki g\u00fcn Amerikan [&hellip;]\" \/>\n<meta property=\"og:url\" content=\"https:\/\/narteks.net\/index.php\/2009\/12\/20\/zeki-oekten-68-yanda-tedavi-goerdueue-amerikan-hastenesinde-hayata-goezlerini-yumdu\/\" \/>\n<meta property=\"og:site_name\" content=\"narteks.net\" \/>\n<meta property=\"article:published_time\" content=\"2009-12-20T12:19:17+00:00\" \/>\n<meta property=\"og:image\" content=\"http:\/\/fc03.deviantart.com\/fs14\/f\/2006\/357\/a\/c\/Zeki_Okten_by_ozgurcanakbas.jpg\" \/>\n<meta name=\"author\" content=\"Tar\u0131k\" \/>\n<meta name=\"twitter:card\" content=\"summary_large_image\" \/>\n<meta name=\"twitter:creator\" content=\"@narteks\" \/>\n<meta name=\"twitter:site\" content=\"@narteks\" \/>\n<meta name=\"twitter:label1\" content=\"Yazan:\" \/>\n\t<meta name=\"twitter:data1\" content=\"Tar\u0131k\" \/>\n\t<meta name=\"twitter:label2\" content=\"Tahmini okuma s\u00fcresi\" \/>\n\t<meta name=\"twitter:data2\" content=\"4 dakika\" \/>\n<script type=\"application\/ld+json\" class=\"yoast-schema-graph\">{\"@context\":\"https:\/\/schema.org\",\"@graph\":[{\"@type\":\"Article\",\"@id\":\"https:\/\/narteks.net\/index.php\/2009\/12\/20\/zeki-oekten-68-yanda-tedavi-goerdueue-amerikan-hastenesinde-hayata-goezlerini-yumdu\/#article\",\"isPartOf\":{\"@id\":\"https:\/\/narteks.net\/index.php\/2009\/12\/20\/zeki-oekten-68-yanda-tedavi-goerdueue-amerikan-hastenesinde-hayata-goezlerini-yumdu\/\"},\"author\":{\"name\":\"Tar\u0131k\",\"@id\":\"https:\/\/narteks.net\/#\/schema\/person\/61f37d9834294b72d31d274e7ed79bca\"},\"headline\":\"Zeki \u00d6kten, 68 ya\u015f\u0131nda tedavi g\u00f6rd\u00fc\u011f\u00fc Amerikan Hastenesi&#8217;nde hayata g\u00f6zlerini yumdu.\",\"datePublished\":\"2009-12-20T12:19:17+00:00\",\"mainEntityOfPage\":{\"@id\":\"https:\/\/narteks.net\/index.php\/2009\/12\/20\/zeki-oekten-68-yanda-tedavi-goerdueue-amerikan-hastenesinde-hayata-goezlerini-yumdu\/\"},\"wordCount\":730,\"commentCount\":0,\"publisher\":{\"@id\":\"https:\/\/narteks.net\/#organization\"},\"image\":{\"@id\":\"https:\/\/narteks.net\/index.php\/2009\/12\/20\/zeki-oekten-68-yanda-tedavi-goerdueue-amerikan-hastenesinde-hayata-goezlerini-yumdu\/#primaryimage\"},\"thumbnailUrl\":\"http:\/\/fc03.deviantart.com\/fs14\/f\/2006\/357\/a\/c\/Zeki_Okten_by_ozgurcanakbas.jpg\",\"articleSection\":[\"Sinema Haberleri\"],\"inLanguage\":\"tr\",\"potentialAction\":[{\"@type\":\"CommentAction\",\"name\":\"Comment\",\"target\":[\"https:\/\/narteks.net\/index.php\/2009\/12\/20\/zeki-oekten-68-yanda-tedavi-goerdueue-amerikan-hastenesinde-hayata-goezlerini-yumdu\/#respond\"]}]},{\"@type\":\"WebPage\",\"@id\":\"https:\/\/narteks.net\/index.php\/2009\/12\/20\/zeki-oekten-68-yanda-tedavi-goerdueue-amerikan-hastenesinde-hayata-goezlerini-yumdu\/\",\"url\":\"https:\/\/narteks.net\/index.php\/2009\/12\/20\/zeki-oekten-68-yanda-tedavi-goerdueue-amerikan-hastenesinde-hayata-goezlerini-yumdu\/\",\"name\":\"Zeki \u00d6kten, 68 ya\u015f\u0131nda tedavi g\u00f6rd\u00fc\u011f\u00fc Amerikan Hastenesi'nde hayata g\u00f6zlerini yumdu. - narteks.net\",\"isPartOf\":{\"@id\":\"https:\/\/narteks.net\/#website\"},\"primaryImageOfPage\":{\"@id\":\"https:\/\/narteks.net\/index.php\/2009\/12\/20\/zeki-oekten-68-yanda-tedavi-goerdueue-amerikan-hastenesinde-hayata-goezlerini-yumdu\/#primaryimage\"},\"image\":{\"@id\":\"https:\/\/narteks.net\/index.php\/2009\/12\/20\/zeki-oekten-68-yanda-tedavi-goerdueue-amerikan-hastenesinde-hayata-goezlerini-yumdu\/#primaryimage\"},\"thumbnailUrl\":\"http:\/\/fc03.deviantart.com\/fs14\/f\/2006\/357\/a\/c\/Zeki_Okten_by_ozgurcanakbas.jpg\",\"datePublished\":\"2009-12-20T12:19:17+00:00\",\"breadcrumb\":{\"@id\":\"https:\/\/narteks.net\/index.php\/2009\/12\/20\/zeki-oekten-68-yanda-tedavi-goerdueue-amerikan-hastenesinde-hayata-goezlerini-yumdu\/#breadcrumb\"},\"inLanguage\":\"tr\",\"potentialAction\":[{\"@type\":\"ReadAction\",\"target\":[\"https:\/\/narteks.net\/index.php\/2009\/12\/20\/zeki-oekten-68-yanda-tedavi-goerdueue-amerikan-hastenesinde-hayata-goezlerini-yumdu\/\"]}]},{\"@type\":\"ImageObject\",\"inLanguage\":\"tr\",\"@id\":\"https:\/\/narteks.net\/index.php\/2009\/12\/20\/zeki-oekten-68-yanda-tedavi-goerdueue-amerikan-hastenesinde-hayata-goezlerini-yumdu\/#primaryimage\",\"url\":\"http:\/\/fc03.deviantart.com\/fs14\/f\/2006\/357\/a\/c\/Zeki_Okten_by_ozgurcanakbas.jpg\",\"contentUrl\":\"http:\/\/fc03.deviantart.com\/fs14\/f\/2006\/357\/a\/c\/Zeki_Okten_by_ozgurcanakbas.jpg\"},{\"@type\":\"BreadcrumbList\",\"@id\":\"https:\/\/narteks.net\/index.php\/2009\/12\/20\/zeki-oekten-68-yanda-tedavi-goerdueue-amerikan-hastenesinde-hayata-goezlerini-yumdu\/#breadcrumb\",\"itemListElement\":[{\"@type\":\"ListItem\",\"position\":1,\"name\":\"Anasayfa\",\"item\":\"https:\/\/narteks.net\/\"},{\"@type\":\"ListItem\",\"position\":2,\"name\":\"Zeki \u00d6kten, 68 ya\u015f\u0131nda tedavi g\u00f6rd\u00fc\u011f\u00fc Amerikan Hastenesi&#8217;nde hayata g\u00f6zlerini yumdu.\"}]},{\"@type\":\"WebSite\",\"@id\":\"https:\/\/narteks.net\/#website\",\"url\":\"https:\/\/narteks.net\/\",\"name\":\"narteks.net\",\"description\":\"K\u00fclt\u00fcr Sanat Edebiyat Felsefe\",\"publisher\":{\"@id\":\"https:\/\/narteks.net\/#organization\"},\"alternateName\":\"K\u00fclt\u00fcr Sanat Edebiyat Felsefe\",\"potentialAction\":[{\"@type\":\"SearchAction\",\"target\":{\"@type\":\"EntryPoint\",\"urlTemplate\":\"https:\/\/narteks.net\/?s={search_term_string}\"},\"query-input\":{\"@type\":\"PropertyValueSpecification\",\"valueRequired\":true,\"valueName\":\"search_term_string\"}}],\"inLanguage\":\"tr\"},{\"@type\":\"Organization\",\"@id\":\"https:\/\/narteks.net\/#organization\",\"name\":\"narteks.net\",\"url\":\"https:\/\/narteks.net\/\",\"logo\":{\"@type\":\"ImageObject\",\"inLanguage\":\"tr\",\"@id\":\"https:\/\/narteks.net\/#\/schema\/logo\/image\/\",\"url\":\"https:\/\/narteks.net\/wp-content\/uploads\/narteks.png\",\"contentUrl\":\"https:\/\/narteks.net\/wp-content\/uploads\/narteks.png\",\"width\":300,\"height\":90,\"caption\":\"narteks.net\"},\"image\":{\"@id\":\"https:\/\/narteks.net\/#\/schema\/logo\/image\/\"},\"sameAs\":[\"https:\/\/x.com\/narteks\",\"https:\/\/instagram.com\/narteksnet\"]},{\"@type\":\"Person\",\"@id\":\"https:\/\/narteks.net\/#\/schema\/person\/61f37d9834294b72d31d274e7ed79bca\",\"name\":\"Tar\u0131k\",\"image\":{\"@type\":\"ImageObject\",\"inLanguage\":\"tr\",\"@id\":\"https:\/\/narteks.net\/#\/schema\/person\/image\/\",\"url\":\"https:\/\/secure.gravatar.com\/avatar\/50865afb55632c4ae467e0af0930f6510aa2297d8014be502a55b14f3b7550cf?s=96&d=mm&r=g\",\"contentUrl\":\"https:\/\/secure.gravatar.com\/avatar\/50865afb55632c4ae467e0af0930f6510aa2297d8014be502a55b14f3b7550cf?s=96&d=mm&r=g\",\"caption\":\"Tar\u0131k\"},\"sameAs\":[\"http:\/\/narteks.net\"],\"url\":\"https:\/\/narteks.net\/index.php\/author\/narbak\/\"}]}<\/script>\n<!-- \/ Yoast SEO Premium plugin. -->","yoast_head_json":{"title":"Zeki \u00d6kten, 68 ya\u015f\u0131nda tedavi g\u00f6rd\u00fc\u011f\u00fc Amerikan Hastenesi'nde hayata g\u00f6zlerini yumdu. - narteks.net","robots":{"index":"index","follow":"follow","max-snippet":"max-snippet:-1","max-image-preview":"max-image-preview:large","max-video-preview":"max-video-preview:-1"},"canonical":"https:\/\/narteks.net\/index.php\/2009\/12\/20\/zeki-oekten-68-yanda-tedavi-goerdueue-amerikan-hastenesinde-hayata-goezlerini-yumdu\/","og_locale":"tr_TR","og_type":"article","og_title":"Zeki \u00d6kten, 68 ya\u015f\u0131nda tedavi g\u00f6rd\u00fc\u011f\u00fc Amerikan Hastenesi'nde hayata g\u00f6zlerini yumdu.","og_description":"S\u00fcr\u00fc, D\u00fc\u015fman, Kap\u0131c\u0131lar Kral\u0131, \u00c7\u00f6p\u00e7\u00fcler Kral\u0131 gibi politik filmlerle kaos g\u00fcnlerini anlatan filmlerin bol \u00f6d\u00fcll\u00fc y\u00f6netmeni Zeki \u00d6kten, 68 ya\u015f\u0131nda tedavi g\u00f6rd\u00fc\u011f\u00fc Amerikan Hastenesi&#8217;nde hayata g\u00f6zlerini yumdu. \u00a0 Memduh \u00dcn, Halit Refi\u011f ve At\u0131f Y\u0131lmaz&#8217;\u0131n d\u00f6neminden sonra gelen ikinci yeni ku\u015fak sinemac\u0131lar aras\u0131na ismini yazd\u0131ran ve bir\u00e7ok ba\u015far\u0131l\u0131 filme imza atan \u00d6kten, \u00f6nceki g\u00fcn Amerikan [&hellip;]","og_url":"https:\/\/narteks.net\/index.php\/2009\/12\/20\/zeki-oekten-68-yanda-tedavi-goerdueue-amerikan-hastenesinde-hayata-goezlerini-yumdu\/","og_site_name":"narteks.net","article_published_time":"2009-12-20T12:19:17+00:00","og_image":[{"url":"http:\/\/fc03.deviantart.com\/fs14\/f\/2006\/357\/a\/c\/Zeki_Okten_by_ozgurcanakbas.jpg","type":"","width":"","height":""}],"author":"Tar\u0131k","twitter_card":"summary_large_image","twitter_creator":"@narteks","twitter_site":"@narteks","twitter_misc":{"Yazan:":"Tar\u0131k","Tahmini okuma s\u00fcresi":"4 dakika"},"schema":{"@context":"https:\/\/schema.org","@graph":[{"@type":"Article","@id":"https:\/\/narteks.net\/index.php\/2009\/12\/20\/zeki-oekten-68-yanda-tedavi-goerdueue-amerikan-hastenesinde-hayata-goezlerini-yumdu\/#article","isPartOf":{"@id":"https:\/\/narteks.net\/index.php\/2009\/12\/20\/zeki-oekten-68-yanda-tedavi-goerdueue-amerikan-hastenesinde-hayata-goezlerini-yumdu\/"},"author":{"name":"Tar\u0131k","@id":"https:\/\/narteks.net\/#\/schema\/person\/61f37d9834294b72d31d274e7ed79bca"},"headline":"Zeki \u00d6kten, 68 ya\u015f\u0131nda tedavi g\u00f6rd\u00fc\u011f\u00fc Amerikan Hastenesi&#8217;nde hayata g\u00f6zlerini yumdu.","datePublished":"2009-12-20T12:19:17+00:00","mainEntityOfPage":{"@id":"https:\/\/narteks.net\/index.php\/2009\/12\/20\/zeki-oekten-68-yanda-tedavi-goerdueue-amerikan-hastenesinde-hayata-goezlerini-yumdu\/"},"wordCount":730,"commentCount":0,"publisher":{"@id":"https:\/\/narteks.net\/#organization"},"image":{"@id":"https:\/\/narteks.net\/index.php\/2009\/12\/20\/zeki-oekten-68-yanda-tedavi-goerdueue-amerikan-hastenesinde-hayata-goezlerini-yumdu\/#primaryimage"},"thumbnailUrl":"http:\/\/fc03.deviantart.com\/fs14\/f\/2006\/357\/a\/c\/Zeki_Okten_by_ozgurcanakbas.jpg","articleSection":["Sinema Haberleri"],"inLanguage":"tr","potentialAction":[{"@type":"CommentAction","name":"Comment","target":["https:\/\/narteks.net\/index.php\/2009\/12\/20\/zeki-oekten-68-yanda-tedavi-goerdueue-amerikan-hastenesinde-hayata-goezlerini-yumdu\/#respond"]}]},{"@type":"WebPage","@id":"https:\/\/narteks.net\/index.php\/2009\/12\/20\/zeki-oekten-68-yanda-tedavi-goerdueue-amerikan-hastenesinde-hayata-goezlerini-yumdu\/","url":"https:\/\/narteks.net\/index.php\/2009\/12\/20\/zeki-oekten-68-yanda-tedavi-goerdueue-amerikan-hastenesinde-hayata-goezlerini-yumdu\/","name":"Zeki \u00d6kten, 68 ya\u015f\u0131nda tedavi g\u00f6rd\u00fc\u011f\u00fc Amerikan Hastenesi'nde hayata g\u00f6zlerini yumdu. - narteks.net","isPartOf":{"@id":"https:\/\/narteks.net\/#website"},"primaryImageOfPage":{"@id":"https:\/\/narteks.net\/index.php\/2009\/12\/20\/zeki-oekten-68-yanda-tedavi-goerdueue-amerikan-hastenesinde-hayata-goezlerini-yumdu\/#primaryimage"},"image":{"@id":"https:\/\/narteks.net\/index.php\/2009\/12\/20\/zeki-oekten-68-yanda-tedavi-goerdueue-amerikan-hastenesinde-hayata-goezlerini-yumdu\/#primaryimage"},"thumbnailUrl":"http:\/\/fc03.deviantart.com\/fs14\/f\/2006\/357\/a\/c\/Zeki_Okten_by_ozgurcanakbas.jpg","datePublished":"2009-12-20T12:19:17+00:00","breadcrumb":{"@id":"https:\/\/narteks.net\/index.php\/2009\/12\/20\/zeki-oekten-68-yanda-tedavi-goerdueue-amerikan-hastenesinde-hayata-goezlerini-yumdu\/#breadcrumb"},"inLanguage":"tr","potentialAction":[{"@type":"ReadAction","target":["https:\/\/narteks.net\/index.php\/2009\/12\/20\/zeki-oekten-68-yanda-tedavi-goerdueue-amerikan-hastenesinde-hayata-goezlerini-yumdu\/"]}]},{"@type":"ImageObject","inLanguage":"tr","@id":"https:\/\/narteks.net\/index.php\/2009\/12\/20\/zeki-oekten-68-yanda-tedavi-goerdueue-amerikan-hastenesinde-hayata-goezlerini-yumdu\/#primaryimage","url":"http:\/\/fc03.deviantart.com\/fs14\/f\/2006\/357\/a\/c\/Zeki_Okten_by_ozgurcanakbas.jpg","contentUrl":"http:\/\/fc03.deviantart.com\/fs14\/f\/2006\/357\/a\/c\/Zeki_Okten_by_ozgurcanakbas.jpg"},{"@type":"BreadcrumbList","@id":"https:\/\/narteks.net\/index.php\/2009\/12\/20\/zeki-oekten-68-yanda-tedavi-goerdueue-amerikan-hastenesinde-hayata-goezlerini-yumdu\/#breadcrumb","itemListElement":[{"@type":"ListItem","position":1,"name":"Anasayfa","item":"https:\/\/narteks.net\/"},{"@type":"ListItem","position":2,"name":"Zeki \u00d6kten, 68 ya\u015f\u0131nda tedavi g\u00f6rd\u00fc\u011f\u00fc Amerikan Hastenesi&#8217;nde hayata g\u00f6zlerini yumdu."}]},{"@type":"WebSite","@id":"https:\/\/narteks.net\/#website","url":"https:\/\/narteks.net\/","name":"narteks.net","description":"K\u00fclt\u00fcr Sanat Edebiyat Felsefe","publisher":{"@id":"https:\/\/narteks.net\/#organization"},"alternateName":"K\u00fclt\u00fcr Sanat Edebiyat Felsefe","potentialAction":[{"@type":"SearchAction","target":{"@type":"EntryPoint","urlTemplate":"https:\/\/narteks.net\/?s={search_term_string}"},"query-input":{"@type":"PropertyValueSpecification","valueRequired":true,"valueName":"search_term_string"}}],"inLanguage":"tr"},{"@type":"Organization","@id":"https:\/\/narteks.net\/#organization","name":"narteks.net","url":"https:\/\/narteks.net\/","logo":{"@type":"ImageObject","inLanguage":"tr","@id":"https:\/\/narteks.net\/#\/schema\/logo\/image\/","url":"https:\/\/narteks.net\/wp-content\/uploads\/narteks.png","contentUrl":"https:\/\/narteks.net\/wp-content\/uploads\/narteks.png","width":300,"height":90,"caption":"narteks.net"},"image":{"@id":"https:\/\/narteks.net\/#\/schema\/logo\/image\/"},"sameAs":["https:\/\/x.com\/narteks","https:\/\/instagram.com\/narteksnet"]},{"@type":"Person","@id":"https:\/\/narteks.net\/#\/schema\/person\/61f37d9834294b72d31d274e7ed79bca","name":"Tar\u0131k","image":{"@type":"ImageObject","inLanguage":"tr","@id":"https:\/\/narteks.net\/#\/schema\/person\/image\/","url":"https:\/\/secure.gravatar.com\/avatar\/50865afb55632c4ae467e0af0930f6510aa2297d8014be502a55b14f3b7550cf?s=96&d=mm&r=g","contentUrl":"https:\/\/secure.gravatar.com\/avatar\/50865afb55632c4ae467e0af0930f6510aa2297d8014be502a55b14f3b7550cf?s=96&d=mm&r=g","caption":"Tar\u0131k"},"sameAs":["http:\/\/narteks.net"],"url":"https:\/\/narteks.net\/index.php\/author\/narbak\/"}]}},"_links":{"self":[{"href":"https:\/\/narteks.net\/index.php\/wp-json\/wp\/v2\/posts\/2886","targetHints":{"allow":["GET"]}}],"collection":[{"href":"https:\/\/narteks.net\/index.php\/wp-json\/wp\/v2\/posts"}],"about":[{"href":"https:\/\/narteks.net\/index.php\/wp-json\/wp\/v2\/types\/post"}],"author":[{"embeddable":true,"href":"https:\/\/narteks.net\/index.php\/wp-json\/wp\/v2\/users\/1"}],"replies":[{"embeddable":true,"href":"https:\/\/narteks.net\/index.php\/wp-json\/wp\/v2\/comments?post=2886"}],"version-history":[{"count":0,"href":"https:\/\/narteks.net\/index.php\/wp-json\/wp\/v2\/posts\/2886\/revisions"}],"wp:attachment":[{"href":"https:\/\/narteks.net\/index.php\/wp-json\/wp\/v2\/media?parent=2886"}],"wp:term":[{"taxonomy":"category","embeddable":true,"href":"https:\/\/narteks.net\/index.php\/wp-json\/wp\/v2\/categories?post=2886"},{"taxonomy":"post_tag","embeddable":true,"href":"https:\/\/narteks.net\/index.php\/wp-json\/wp\/v2\/tags?post=2886"}],"curies":[{"name":"wp","href":"https:\/\/api.w.org\/{rel}","templated":true}]}}