{"id":2888,"date":"2009-12-20T15:54:50","date_gmt":"2009-12-20T12:54:50","guid":{"rendered":"http:\/\/localhost\/wordpress\/2009\/12\/20\/19-aralikin-sorumlularini-yargilayin-tecridi-kaldirin\/"},"modified":"2009-12-20T15:54:50","modified_gmt":"2009-12-20T12:54:50","slug":"19-aralikin-sorumlularini-yargilayin-tecridi-kaldirin","status":"publish","type":"post","link":"https:\/\/narteks.net\/index.php\/2009\/12\/20\/19-aralikin-sorumlularini-yargilayin-tecridi-kaldirin\/","title":{"rendered":"19 Aral\u0131k&#8217;\u0131n Sorumlular\u0131n\u0131 Yarg\u0131lay\u0131n, Tecridi Kald\u0131r\u0131n"},"content":{"rendered":"<div class=\"manset\" style=\"text-align: justify;\">\n<p class=\"no_space\"><img loading=\"lazy\" decoding=\"async\" style=\"float: left;\" src=\"http:\/\/www.ertugrulkurkcu.org\/wp-content\/uploads\/2015\/12\/indir-1.jpg\" alt=\"\" width=\"155\" height=\"205\" \/>\u0130HD ve MAZLUMDER, 32 ki\u015finin \u00f6ld\u00fc\u011f\u00fc 19 Aral\u0131k operasyonunun dokuzuncu y\u0131ld\u00f6n\u00fcm\u00fcnde sorumlular\u0131n cezaland\u0131r\u0131lmas\u0131n\u0131 istedi. Son 11 ayda cezaevlerinde 33 ki\u015finin \u00f6ld\u00fc\u011f\u00fcn\u00fc vurgulayan \u0130HD, cezaevlerinin sivil denetime a\u00e7\u0131lmas\u0131n\u0131 istedi.<\/p>\n<\/div>\n<p style=\"text-align: justify;\"><!-- \t \t --><\/p>\n<p style=\"text-align: justify;\">\u0130nsan Haklar\u0131 Derne\u011fi (\u0130HD) ve \u0130nsan Haklar\u0131 ve Mazlumlar \u0130\u00e7in Dayan\u0131\u015fma Derne\u011fi (MAZLUMDER), 19 Aral\u0131k operasyonunun sorumlular\u0131n\u0131n yarg\u0131lanmas\u0131n\u0131 ve cezaland\u0131r\u0131lmas\u0131n\u0131 istedi.<\/p>\n<p style=\"text-align: justify;\">Dokuz y\u0131l \u00f6nce, h\u00fck\u00fcml\u00fcleri tecrit uygulanan F tipi cezaevlerine ta\u015f\u0131mak isteyen d\u00f6nemin h\u00fck\u00fcmeti, 20 cezaevine ayn\u0131 anda &#8220;hayata d\u00f6n\u00fc\u015f&#8221; ad\u0131n\u0131 verdi\u011fi operasyon ba\u015flatm\u0131\u015f, ikisi asker toplam 32 ki\u015fi hayat\u0131n\u0131 kaybetmi\u015fti. A\u00e7l\u0131k grevlerinin sonucundaysa 100&#8217;den fazla ki\u015fi hayat\u0131n\u0131 kaybetmi\u015fti.<\/p>\n<p><span style=\"font-family: Verdana; font-size: x-small;\"><a href=\"http:\/\/vidopa.com\" target=\"_blank\" rel=\"noopener noreferrer\">klipler<\/a> <a href=\"http:\/\/vidopa.com\/video\/q0rAhuHZ6VI__DoYouKnowWhatItisForgettingunutmakNedirBilirMisinizVideo.html\" target=\"_blank\" rel=\"noopener noreferrer\">do you know what it is forgetting?unutmak nedir bilir misiniz?<\/a><\/span><\/p>\n<p style=\"text-align: justify;\">12 tutuklunun \u00f6ld\u00fc\u011f\u00fc Bayrampa\u015fa Cezaevindeki g\u00f6revliler hakk\u0131ndaki dava zamana\u015f\u0131m\u0131ndan d\u00fc\u015fm\u00fc\u015ft\u00fc. Mahkeme, \u00c7anakkale Cezaevi&#8217;nde cinayetle su\u00e7lanan 563 g\u00fcvenlik g\u00f6revlisini &#8220;delil yetersizli\u011finden&#8221; beraat ettirmi\u015fti.<\/p>\n<p style=\"text-align: justify;\">\u0130HD &#8220;19 Aral\u0131k katliam\u0131 davas\u0131 sorumlular\u0131 yarg\u0131lanmal\u0131d\u0131r. Zamana\u015f\u0131m\u0131 usul\u00fc ile uygulanan cezas\u0131zl\u0131k politikas\u0131na son verilmelidir&#8221;; MAZLUMDER de &#8220;operasyonlar\u0131n faillerinin &#8216;hukukun \u00fcst\u00fcnl\u00fc\u011f\u00fc&#8217; ilkesi \u00e7er\u00e7evesinde hukuk \u00f6n\u00fcnde yarg\u0131lanmas\u0131 gerek&#8221; dedi.<\/p>\n<p style=\"text-align: justify;\"><strong>Bu y\u0131l 11 ayda 33 ki\u015fi cezaevlerinde \u00f6ld\u00fc<\/strong><\/p>\n<p style=\"text-align: justify;\">2002&#8217;de ald\u0131\u011f\u0131 kararla 19 Aral\u0131k&#8217;\u0131 &#8220;Cezaevlerinde \u0130nsan Haklar\u0131 \u0130\u00e7in M\u00fccadele ve Dayan\u0131\u015fma G\u00fcn\u00fc&#8221; ilan eden \u0130HD, bu y\u0131l 1 Ocak-1Aral\u0131k aras\u0131nda 33 ki\u015finin cezaevlerinde \u00f6ld\u00fc\u011f\u00fcn\u00fc vurgulad\u0131 ve cezaevlerindeki ko\u015fullar\u0131 rakamlarla s\u0131ralad\u0131:<\/p>\n<p style=\"text-align: justify;\">&#8220;Cezaevlerinde tutulan mahpuslar\u0131n say\u0131s\u0131 giderek artt\u0131. 2009 y\u0131l\u0131 Kas\u0131m ay\u0131 itibar\u0131 ile 117 bin 61 ki\u015fi cezaevlerinde. Bunlar\u0131n 40 bin 206&#8217;s\u0131 tutuklu, 19 bin 970&#8217;i h\u00fckmen tutuklu, 56 bin 885&#8217;i h\u00fck\u00fcml\u00fc. Bu say\u0131n\u0131n i\u00e7erisindeki 2 bin 603&#8217;\u00fc \u00e7ocuk tutuklu ve h\u00fck\u00fcml\u00fcd\u00fcr.&#8221;<\/p>\n<p style=\"text-align: justify;\"><strong>44 a\u011f\u0131r hasta mahpus tedavi bekliyor<\/strong><\/p>\n<p style=\"text-align: justify;\">&#8220;Cezaevlerinde halen 44 a\u011f\u0131r hasta mahpus tedavi edilmeyi bekliyor. Toplumda s\u00fcrekli gerginlik kayna\u011f\u0131 olan ve y\u0131llard\u0131r bir t\u00fcrl\u00fc kamuoyu denetimine a\u00e7\u0131lmayan \u0130mral\u0131 Y\u00fcksek G\u00fcvenlikli F Tipi Cezaevi&#8217;nin \u0130HD, MAZLUMDER ve T\u0130HV denetimine a\u00e7\u0131lmas\u0131 iste\u011fi bu y\u0131l da kabul g\u00f6rmedi.&#8221;<\/p>\n<p style=\"text-align: justify;\"><strong>&#8220;Tecridi kald\u0131r\u0131n&#8221;<\/strong><\/p>\n<p style=\"text-align: justify;\">\u0130HD ve MAZLUMDER cezaevleri ko\u015fullar\u0131n\u0131n evrensel insan haklar\u0131 standartlar\u0131na g\u00f6re d\u00fczenlenmesini istedi. \u0130HD, yap\u0131lmas\u0131 gerekenleri \u015f\u00f6yle s\u0131ralad\u0131:<\/p>\n<blockquote style=\"text-align: justify;\">\n<p>&#8211; Hi\u00e7bir mahpus tecrit ve izolasyon ko\u015fullar\u0131nda tutulmamal\u0131.<\/p>\n<p>&#8211; T\u00fcm a\u011f\u0131r hasta mahpuslar tedavilerinin yap\u0131lmas\u0131 i\u00e7in sal\u0131verilmeli.<\/p>\n<p>&#8211; Birle\u015fmi\u015f Milletler \u0130\u015fkencenin \u00d6nlenmesine ek Se\u00e7meli Protokol\u00fc bir an \u00f6nce onaylanmal\u0131.<\/p>\n<p>&#8211; Mahpuslar\u0131n haklar\u0131n\u0131 ihlal eden, onlara i\u015fkence yapan, yaralayan ve \u00f6ld\u00fcren kamu g\u00f6revlileri hakk\u0131nda davalar a\u00e7\u0131lmal\u0131, a\u00e7\u0131lm\u0131\u015f davalar bir an \u00f6nce sonuca ba\u011flanarak failler hak ettikleri cezalara \u00e7arpt\u0131r\u0131lmal\u0131.<\/p>\n<p>&#8211; Cezaevleri sivil izlemeye a\u00e7\u0131k hale getirilmeli.<\/p>\n<p>&#8211; Cezaevlerinde mahpuslar\u0131n, savunma, \u015fiddete maruz kalmama, sa\u011fl\u0131k, e\u011fitim, beslenme, aileleriyle ve avukatlar\u0131yla ve genel olarak d\u0131\u015f d\u00fcnya ile ileti\u015fim haklar\u0131na sayg\u0131 g\u00f6sterilmeli.<\/p>\n<p>&#8211; Yeni \u0130nfaz Yasas\u0131, ilgili uzmanl\u0131k \u00f6rg\u00fctleri ve insan haklar\u0131 \u00f6rg\u00fctlerinin g\u00f6r\u00fc\u015fleri al\u0131narak insan haklar\u0131 hukukuna uygun \u015fekilde yeniden d\u00fczenlenmeli.<\/p>\n<p>&#8211; Kad\u0131n ve \u00c7ocuk cezaevleri ve \u0131slahevleri, insan onurunun korunmas\u0131 bak\u0131\u015f a\u00e7\u0131s\u0131yla yeniden d\u00fczenlenmeli. (TK)<\/p>\n<div class=\"bilgi\">\n<div class=\"from\">Ankara &#8211; B\u0130A Haber Merkezi<\/div>\n<div class=\"yer\">20 Aral\u0131k 2009, Pazar<\/div>\n<\/div>\n<\/blockquote>\n","protected":false},"excerpt":{"rendered":"<p>\u0130HD ve MAZLUMDER, 32 ki\u015finin \u00f6ld\u00fc\u011f\u00fc 19 Aral\u0131k operasyonunun dokuzuncu y\u0131ld\u00f6n\u00fcm\u00fcnde sorumlular\u0131n cezaland\u0131r\u0131lmas\u0131n\u0131 istedi. Son 11 ayda cezaevlerinde 33 ki\u015finin \u00f6ld\u00fc\u011f\u00fcn\u00fc vurgulayan \u0130HD, cezaevlerinin sivil denetime a\u00e7\u0131lmas\u0131n\u0131 istedi. \u0130nsan Haklar\u0131 Derne\u011fi (\u0130HD) ve \u0130nsan Haklar\u0131 ve Mazlumlar \u0130\u00e7in Dayan\u0131\u015fma Derne\u011fi (MAZLUMDER), 19 Aral\u0131k operasyonunun sorumlular\u0131n\u0131n yarg\u0131lanmas\u0131n\u0131 ve cezaland\u0131r\u0131lmas\u0131n\u0131 istedi. Dokuz y\u0131l \u00f6nce, h\u00fck\u00fcml\u00fcleri tecrit uygulanan [&hellip;]<\/p>\n","protected":false},"author":1,"featured_media":0,"comment_status":"open","ping_status":"open","sticky":false,"template":"","format":"standard","meta":{"footnotes":""},"categories":[98],"tags":[],"class_list":{"0":"post-2888","1":"post","2":"type-post","3":"status-publish","4":"format-standard","6":"category-turkiye"},"yoast_head":"<!-- This site is optimized with the Yoast SEO Premium plugin v24.9 (Yoast SEO v24.9) - https:\/\/yoast.com\/wordpress\/plugins\/seo\/ -->\n<title>19 Aral\u0131k&#039;\u0131n Sorumlular\u0131n\u0131 Yarg\u0131lay\u0131n, Tecridi Kald\u0131r\u0131n - narteks.net<\/title>\n<meta name=\"robots\" content=\"index, follow, max-snippet:-1, max-image-preview:large, max-video-preview:-1\" \/>\n<link rel=\"canonical\" href=\"https:\/\/narteks.net\/index.php\/2009\/12\/20\/19-aralikin-sorumlularini-yargilayin-tecridi-kaldirin\/\" \/>\n<meta property=\"og:locale\" content=\"tr_TR\" \/>\n<meta property=\"og:type\" content=\"article\" \/>\n<meta property=\"og:title\" content=\"19 Aral\u0131k&#039;\u0131n Sorumlular\u0131n\u0131 Yarg\u0131lay\u0131n, Tecridi Kald\u0131r\u0131n\" \/>\n<meta property=\"og:description\" content=\"\u0130HD ve MAZLUMDER, 32 ki\u015finin \u00f6ld\u00fc\u011f\u00fc 19 Aral\u0131k operasyonunun dokuzuncu y\u0131ld\u00f6n\u00fcm\u00fcnde sorumlular\u0131n cezaland\u0131r\u0131lmas\u0131n\u0131 istedi. Son 11 ayda cezaevlerinde 33 ki\u015finin \u00f6ld\u00fc\u011f\u00fcn\u00fc vurgulayan \u0130HD, cezaevlerinin sivil denetime a\u00e7\u0131lmas\u0131n\u0131 istedi. \u0130nsan Haklar\u0131 Derne\u011fi (\u0130HD) ve \u0130nsan Haklar\u0131 ve Mazlumlar \u0130\u00e7in Dayan\u0131\u015fma Derne\u011fi (MAZLUMDER), 19 Aral\u0131k operasyonunun sorumlular\u0131n\u0131n yarg\u0131lanmas\u0131n\u0131 ve cezaland\u0131r\u0131lmas\u0131n\u0131 istedi. Dokuz y\u0131l \u00f6nce, h\u00fck\u00fcml\u00fcleri tecrit uygulanan [&hellip;]\" \/>\n<meta property=\"og:url\" content=\"https:\/\/narteks.net\/index.php\/2009\/12\/20\/19-aralikin-sorumlularini-yargilayin-tecridi-kaldirin\/\" \/>\n<meta property=\"og:site_name\" content=\"narteks.net\" \/>\n<meta property=\"article:published_time\" content=\"2009-12-20T12:54:50+00:00\" \/>\n<meta property=\"og:image\" content=\"http:\/\/www.ertugrulkurkcu.org\/wp-content\/uploads\/2015\/12\/indir-1.jpg\" \/>\n<meta name=\"author\" content=\"Tar\u0131k\" \/>\n<meta name=\"twitter:card\" content=\"summary_large_image\" \/>\n<meta name=\"twitter:creator\" content=\"@narteks\" \/>\n<meta name=\"twitter:site\" content=\"@narteks\" \/>\n<meta name=\"twitter:label1\" content=\"Yazan:\" \/>\n\t<meta name=\"twitter:data1\" content=\"Tar\u0131k\" \/>\n\t<meta name=\"twitter:label2\" content=\"Tahmini okuma s\u00fcresi\" \/>\n\t<meta name=\"twitter:data2\" content=\"3 dakika\" \/>\n<script type=\"application\/ld+json\" class=\"yoast-schema-graph\">{\"@context\":\"https:\/\/schema.org\",\"@graph\":[{\"@type\":\"Article\",\"@id\":\"https:\/\/narteks.net\/index.php\/2009\/12\/20\/19-aralikin-sorumlularini-yargilayin-tecridi-kaldirin\/#article\",\"isPartOf\":{\"@id\":\"https:\/\/narteks.net\/index.php\/2009\/12\/20\/19-aralikin-sorumlularini-yargilayin-tecridi-kaldirin\/\"},\"author\":{\"name\":\"Tar\u0131k\",\"@id\":\"https:\/\/narteks.net\/#\/schema\/person\/61f37d9834294b72d31d274e7ed79bca\"},\"headline\":\"19 Aral\u0131k&#8217;\u0131n Sorumlular\u0131n\u0131 Yarg\u0131lay\u0131n, Tecridi Kald\u0131r\u0131n\",\"datePublished\":\"2009-12-20T12:54:50+00:00\",\"mainEntityOfPage\":{\"@id\":\"https:\/\/narteks.net\/index.php\/2009\/12\/20\/19-aralikin-sorumlularini-yargilayin-tecridi-kaldirin\/\"},\"wordCount\":579,\"commentCount\":0,\"publisher\":{\"@id\":\"https:\/\/narteks.net\/#organization\"},\"image\":{\"@id\":\"https:\/\/narteks.net\/index.php\/2009\/12\/20\/19-aralikin-sorumlularini-yargilayin-tecridi-kaldirin\/#primaryimage\"},\"thumbnailUrl\":\"http:\/\/www.ertugrulkurkcu.org\/wp-content\/uploads\/2015\/12\/indir-1.jpg\",\"articleSection\":[\"T\u00fcrkiye\"],\"inLanguage\":\"tr\",\"potentialAction\":[{\"@type\":\"CommentAction\",\"name\":\"Comment\",\"target\":[\"https:\/\/narteks.net\/index.php\/2009\/12\/20\/19-aralikin-sorumlularini-yargilayin-tecridi-kaldirin\/#respond\"]}]},{\"@type\":\"WebPage\",\"@id\":\"https:\/\/narteks.net\/index.php\/2009\/12\/20\/19-aralikin-sorumlularini-yargilayin-tecridi-kaldirin\/\",\"url\":\"https:\/\/narteks.net\/index.php\/2009\/12\/20\/19-aralikin-sorumlularini-yargilayin-tecridi-kaldirin\/\",\"name\":\"19 Aral\u0131k'\u0131n Sorumlular\u0131n\u0131 Yarg\u0131lay\u0131n, Tecridi Kald\u0131r\u0131n - narteks.net\",\"isPartOf\":{\"@id\":\"https:\/\/narteks.net\/#website\"},\"primaryImageOfPage\":{\"@id\":\"https:\/\/narteks.net\/index.php\/2009\/12\/20\/19-aralikin-sorumlularini-yargilayin-tecridi-kaldirin\/#primaryimage\"},\"image\":{\"@id\":\"https:\/\/narteks.net\/index.php\/2009\/12\/20\/19-aralikin-sorumlularini-yargilayin-tecridi-kaldirin\/#primaryimage\"},\"thumbnailUrl\":\"http:\/\/www.ertugrulkurkcu.org\/wp-content\/uploads\/2015\/12\/indir-1.jpg\",\"datePublished\":\"2009-12-20T12:54:50+00:00\",\"breadcrumb\":{\"@id\":\"https:\/\/narteks.net\/index.php\/2009\/12\/20\/19-aralikin-sorumlularini-yargilayin-tecridi-kaldirin\/#breadcrumb\"},\"inLanguage\":\"tr\",\"potentialAction\":[{\"@type\":\"ReadAction\",\"target\":[\"https:\/\/narteks.net\/index.php\/2009\/12\/20\/19-aralikin-sorumlularini-yargilayin-tecridi-kaldirin\/\"]}]},{\"@type\":\"ImageObject\",\"inLanguage\":\"tr\",\"@id\":\"https:\/\/narteks.net\/index.php\/2009\/12\/20\/19-aralikin-sorumlularini-yargilayin-tecridi-kaldirin\/#primaryimage\",\"url\":\"http:\/\/www.ertugrulkurkcu.org\/wp-content\/uploads\/2015\/12\/indir-1.jpg\",\"contentUrl\":\"http:\/\/www.ertugrulkurkcu.org\/wp-content\/uploads\/2015\/12\/indir-1.jpg\"},{\"@type\":\"BreadcrumbList\",\"@id\":\"https:\/\/narteks.net\/index.php\/2009\/12\/20\/19-aralikin-sorumlularini-yargilayin-tecridi-kaldirin\/#breadcrumb\",\"itemListElement\":[{\"@type\":\"ListItem\",\"position\":1,\"name\":\"Anasayfa\",\"item\":\"https:\/\/narteks.net\/\"},{\"@type\":\"ListItem\",\"position\":2,\"name\":\"19 Aral\u0131k&#8217;\u0131n Sorumlular\u0131n\u0131 Yarg\u0131lay\u0131n, Tecridi Kald\u0131r\u0131n\"}]},{\"@type\":\"WebSite\",\"@id\":\"https:\/\/narteks.net\/#website\",\"url\":\"https:\/\/narteks.net\/\",\"name\":\"narteks.net\",\"description\":\"K\u00fclt\u00fcr Sanat Edebiyat Felsefe\",\"publisher\":{\"@id\":\"https:\/\/narteks.net\/#organization\"},\"alternateName\":\"K\u00fclt\u00fcr Sanat Edebiyat Felsefe\",\"potentialAction\":[{\"@type\":\"SearchAction\",\"target\":{\"@type\":\"EntryPoint\",\"urlTemplate\":\"https:\/\/narteks.net\/?s={search_term_string}\"},\"query-input\":{\"@type\":\"PropertyValueSpecification\",\"valueRequired\":true,\"valueName\":\"search_term_string\"}}],\"inLanguage\":\"tr\"},{\"@type\":\"Organization\",\"@id\":\"https:\/\/narteks.net\/#organization\",\"name\":\"narteks.net\",\"url\":\"https:\/\/narteks.net\/\",\"logo\":{\"@type\":\"ImageObject\",\"inLanguage\":\"tr\",\"@id\":\"https:\/\/narteks.net\/#\/schema\/logo\/image\/\",\"url\":\"https:\/\/narteks.net\/wp-content\/uploads\/narteks.png\",\"contentUrl\":\"https:\/\/narteks.net\/wp-content\/uploads\/narteks.png\",\"width\":300,\"height\":90,\"caption\":\"narteks.net\"},\"image\":{\"@id\":\"https:\/\/narteks.net\/#\/schema\/logo\/image\/\"},\"sameAs\":[\"https:\/\/x.com\/narteks\",\"https:\/\/instagram.com\/narteksnet\"]},{\"@type\":\"Person\",\"@id\":\"https:\/\/narteks.net\/#\/schema\/person\/61f37d9834294b72d31d274e7ed79bca\",\"name\":\"Tar\u0131k\",\"image\":{\"@type\":\"ImageObject\",\"inLanguage\":\"tr\",\"@id\":\"https:\/\/narteks.net\/#\/schema\/person\/image\/\",\"url\":\"https:\/\/secure.gravatar.com\/avatar\/50865afb55632c4ae467e0af0930f6510aa2297d8014be502a55b14f3b7550cf?s=96&d=mm&r=g\",\"contentUrl\":\"https:\/\/secure.gravatar.com\/avatar\/50865afb55632c4ae467e0af0930f6510aa2297d8014be502a55b14f3b7550cf?s=96&d=mm&r=g\",\"caption\":\"Tar\u0131k\"},\"sameAs\":[\"http:\/\/narteks.net\"],\"url\":\"https:\/\/narteks.net\/index.php\/author\/narbak\/\"}]}<\/script>\n<!-- \/ Yoast SEO Premium plugin. -->","yoast_head_json":{"title":"19 Aral\u0131k'\u0131n Sorumlular\u0131n\u0131 Yarg\u0131lay\u0131n, Tecridi Kald\u0131r\u0131n - narteks.net","robots":{"index":"index","follow":"follow","max-snippet":"max-snippet:-1","max-image-preview":"max-image-preview:large","max-video-preview":"max-video-preview:-1"},"canonical":"https:\/\/narteks.net\/index.php\/2009\/12\/20\/19-aralikin-sorumlularini-yargilayin-tecridi-kaldirin\/","og_locale":"tr_TR","og_type":"article","og_title":"19 Aral\u0131k'\u0131n Sorumlular\u0131n\u0131 Yarg\u0131lay\u0131n, Tecridi Kald\u0131r\u0131n","og_description":"\u0130HD ve MAZLUMDER, 32 ki\u015finin \u00f6ld\u00fc\u011f\u00fc 19 Aral\u0131k operasyonunun dokuzuncu y\u0131ld\u00f6n\u00fcm\u00fcnde sorumlular\u0131n cezaland\u0131r\u0131lmas\u0131n\u0131 istedi. Son 11 ayda cezaevlerinde 33 ki\u015finin \u00f6ld\u00fc\u011f\u00fcn\u00fc vurgulayan \u0130HD, cezaevlerinin sivil denetime a\u00e7\u0131lmas\u0131n\u0131 istedi. \u0130nsan Haklar\u0131 Derne\u011fi (\u0130HD) ve \u0130nsan Haklar\u0131 ve Mazlumlar \u0130\u00e7in Dayan\u0131\u015fma Derne\u011fi (MAZLUMDER), 19 Aral\u0131k operasyonunun sorumlular\u0131n\u0131n yarg\u0131lanmas\u0131n\u0131 ve cezaland\u0131r\u0131lmas\u0131n\u0131 istedi. Dokuz y\u0131l \u00f6nce, h\u00fck\u00fcml\u00fcleri tecrit uygulanan [&hellip;]","og_url":"https:\/\/narteks.net\/index.php\/2009\/12\/20\/19-aralikin-sorumlularini-yargilayin-tecridi-kaldirin\/","og_site_name":"narteks.net","article_published_time":"2009-12-20T12:54:50+00:00","og_image":[{"url":"http:\/\/www.ertugrulkurkcu.org\/wp-content\/uploads\/2015\/12\/indir-1.jpg","type":"","width":"","height":""}],"author":"Tar\u0131k","twitter_card":"summary_large_image","twitter_creator":"@narteks","twitter_site":"@narteks","twitter_misc":{"Yazan:":"Tar\u0131k","Tahmini okuma s\u00fcresi":"3 dakika"},"schema":{"@context":"https:\/\/schema.org","@graph":[{"@type":"Article","@id":"https:\/\/narteks.net\/index.php\/2009\/12\/20\/19-aralikin-sorumlularini-yargilayin-tecridi-kaldirin\/#article","isPartOf":{"@id":"https:\/\/narteks.net\/index.php\/2009\/12\/20\/19-aralikin-sorumlularini-yargilayin-tecridi-kaldirin\/"},"author":{"name":"Tar\u0131k","@id":"https:\/\/narteks.net\/#\/schema\/person\/61f37d9834294b72d31d274e7ed79bca"},"headline":"19 Aral\u0131k&#8217;\u0131n Sorumlular\u0131n\u0131 Yarg\u0131lay\u0131n, Tecridi Kald\u0131r\u0131n","datePublished":"2009-12-20T12:54:50+00:00","mainEntityOfPage":{"@id":"https:\/\/narteks.net\/index.php\/2009\/12\/20\/19-aralikin-sorumlularini-yargilayin-tecridi-kaldirin\/"},"wordCount":579,"commentCount":0,"publisher":{"@id":"https:\/\/narteks.net\/#organization"},"image":{"@id":"https:\/\/narteks.net\/index.php\/2009\/12\/20\/19-aralikin-sorumlularini-yargilayin-tecridi-kaldirin\/#primaryimage"},"thumbnailUrl":"http:\/\/www.ertugrulkurkcu.org\/wp-content\/uploads\/2015\/12\/indir-1.jpg","articleSection":["T\u00fcrkiye"],"inLanguage":"tr","potentialAction":[{"@type":"CommentAction","name":"Comment","target":["https:\/\/narteks.net\/index.php\/2009\/12\/20\/19-aralikin-sorumlularini-yargilayin-tecridi-kaldirin\/#respond"]}]},{"@type":"WebPage","@id":"https:\/\/narteks.net\/index.php\/2009\/12\/20\/19-aralikin-sorumlularini-yargilayin-tecridi-kaldirin\/","url":"https:\/\/narteks.net\/index.php\/2009\/12\/20\/19-aralikin-sorumlularini-yargilayin-tecridi-kaldirin\/","name":"19 Aral\u0131k'\u0131n Sorumlular\u0131n\u0131 Yarg\u0131lay\u0131n, Tecridi Kald\u0131r\u0131n - narteks.net","isPartOf":{"@id":"https:\/\/narteks.net\/#website"},"primaryImageOfPage":{"@id":"https:\/\/narteks.net\/index.php\/2009\/12\/20\/19-aralikin-sorumlularini-yargilayin-tecridi-kaldirin\/#primaryimage"},"image":{"@id":"https:\/\/narteks.net\/index.php\/2009\/12\/20\/19-aralikin-sorumlularini-yargilayin-tecridi-kaldirin\/#primaryimage"},"thumbnailUrl":"http:\/\/www.ertugrulkurkcu.org\/wp-content\/uploads\/2015\/12\/indir-1.jpg","datePublished":"2009-12-20T12:54:50+00:00","breadcrumb":{"@id":"https:\/\/narteks.net\/index.php\/2009\/12\/20\/19-aralikin-sorumlularini-yargilayin-tecridi-kaldirin\/#breadcrumb"},"inLanguage":"tr","potentialAction":[{"@type":"ReadAction","target":["https:\/\/narteks.net\/index.php\/2009\/12\/20\/19-aralikin-sorumlularini-yargilayin-tecridi-kaldirin\/"]}]},{"@type":"ImageObject","inLanguage":"tr","@id":"https:\/\/narteks.net\/index.php\/2009\/12\/20\/19-aralikin-sorumlularini-yargilayin-tecridi-kaldirin\/#primaryimage","url":"http:\/\/www.ertugrulkurkcu.org\/wp-content\/uploads\/2015\/12\/indir-1.jpg","contentUrl":"http:\/\/www.ertugrulkurkcu.org\/wp-content\/uploads\/2015\/12\/indir-1.jpg"},{"@type":"BreadcrumbList","@id":"https:\/\/narteks.net\/index.php\/2009\/12\/20\/19-aralikin-sorumlularini-yargilayin-tecridi-kaldirin\/#breadcrumb","itemListElement":[{"@type":"ListItem","position":1,"name":"Anasayfa","item":"https:\/\/narteks.net\/"},{"@type":"ListItem","position":2,"name":"19 Aral\u0131k&#8217;\u0131n Sorumlular\u0131n\u0131 Yarg\u0131lay\u0131n, Tecridi Kald\u0131r\u0131n"}]},{"@type":"WebSite","@id":"https:\/\/narteks.net\/#website","url":"https:\/\/narteks.net\/","name":"narteks.net","description":"K\u00fclt\u00fcr Sanat Edebiyat Felsefe","publisher":{"@id":"https:\/\/narteks.net\/#organization"},"alternateName":"K\u00fclt\u00fcr Sanat Edebiyat Felsefe","potentialAction":[{"@type":"SearchAction","target":{"@type":"EntryPoint","urlTemplate":"https:\/\/narteks.net\/?s={search_term_string}"},"query-input":{"@type":"PropertyValueSpecification","valueRequired":true,"valueName":"search_term_string"}}],"inLanguage":"tr"},{"@type":"Organization","@id":"https:\/\/narteks.net\/#organization","name":"narteks.net","url":"https:\/\/narteks.net\/","logo":{"@type":"ImageObject","inLanguage":"tr","@id":"https:\/\/narteks.net\/#\/schema\/logo\/image\/","url":"https:\/\/narteks.net\/wp-content\/uploads\/narteks.png","contentUrl":"https:\/\/narteks.net\/wp-content\/uploads\/narteks.png","width":300,"height":90,"caption":"narteks.net"},"image":{"@id":"https:\/\/narteks.net\/#\/schema\/logo\/image\/"},"sameAs":["https:\/\/x.com\/narteks","https:\/\/instagram.com\/narteksnet"]},{"@type":"Person","@id":"https:\/\/narteks.net\/#\/schema\/person\/61f37d9834294b72d31d274e7ed79bca","name":"Tar\u0131k","image":{"@type":"ImageObject","inLanguage":"tr","@id":"https:\/\/narteks.net\/#\/schema\/person\/image\/","url":"https:\/\/secure.gravatar.com\/avatar\/50865afb55632c4ae467e0af0930f6510aa2297d8014be502a55b14f3b7550cf?s=96&d=mm&r=g","contentUrl":"https:\/\/secure.gravatar.com\/avatar\/50865afb55632c4ae467e0af0930f6510aa2297d8014be502a55b14f3b7550cf?s=96&d=mm&r=g","caption":"Tar\u0131k"},"sameAs":["http:\/\/narteks.net"],"url":"https:\/\/narteks.net\/index.php\/author\/narbak\/"}]}},"_links":{"self":[{"href":"https:\/\/narteks.net\/index.php\/wp-json\/wp\/v2\/posts\/2888","targetHints":{"allow":["GET"]}}],"collection":[{"href":"https:\/\/narteks.net\/index.php\/wp-json\/wp\/v2\/posts"}],"about":[{"href":"https:\/\/narteks.net\/index.php\/wp-json\/wp\/v2\/types\/post"}],"author":[{"embeddable":true,"href":"https:\/\/narteks.net\/index.php\/wp-json\/wp\/v2\/users\/1"}],"replies":[{"embeddable":true,"href":"https:\/\/narteks.net\/index.php\/wp-json\/wp\/v2\/comments?post=2888"}],"version-history":[{"count":0,"href":"https:\/\/narteks.net\/index.php\/wp-json\/wp\/v2\/posts\/2888\/revisions"}],"wp:attachment":[{"href":"https:\/\/narteks.net\/index.php\/wp-json\/wp\/v2\/media?parent=2888"}],"wp:term":[{"taxonomy":"category","embeddable":true,"href":"https:\/\/narteks.net\/index.php\/wp-json\/wp\/v2\/categories?post=2888"},{"taxonomy":"post_tag","embeddable":true,"href":"https:\/\/narteks.net\/index.php\/wp-json\/wp\/v2\/tags?post=2888"}],"curies":[{"name":"wp","href":"https:\/\/api.w.org\/{rel}","templated":true}]}}