{"id":2889,"date":"2009-12-20T19:04:51","date_gmt":"2009-12-20T16:04:51","guid":{"rendered":"http:\/\/localhost\/wordpress\/2009\/12\/20\/aslangoz-cemil-kavukcu\/"},"modified":"2009-12-20T19:04:51","modified_gmt":"2009-12-20T16:04:51","slug":"aslangoz-cemil-kavukcu","status":"publish","type":"post","link":"https:\/\/narteks.net\/index.php\/2009\/12\/20\/aslangoz-cemil-kavukcu\/","title":{"rendered":"Aslang\u00f6z | Cemil Kavuk\u00e7u"},"content":{"rendered":"<p><strong><em><img loading=\"lazy\" decoding=\"async\" src=\"http:\/\/img1.blogcu.com\/images\/t\/o\/s\/tosunnecip\/cemil_kav.jpg\" border=\"0\" width=\"155\" height=\"203\" style=\"float: left;\" \/><\/em><\/strong><\/p>\n<p style=\"text-align: justify;\">Tan\u0131d\u0131\u011f\u0131m b\u00fct\u00fcn dedeler \u00f6ks\u00fcr\u00fcrd\u00fc, ama benim dedeminki hi\u00e7birine benzemezdi; \u00e7\u00fcnk\u00fc o \u00f6ks\u00fcrmez ya da \u00f6ks\u00fcremez, \u201c\u00d6hhaa,\u201d diye g\u0131rtlaktan, garip bir ses \u00e7\u0131kar\u0131rd\u0131. Asl\u0131nda yaln\u0131zca \u2018haa\u2019 derdi, onu diyebilmek i\u00e7in de \u2018\u00f6\u2019 den g\u00fc\u00e7 al\u0131rd\u0131. \u2018\u00d6\u2019 ile \u2018h\u2019 aras\u0131n\u0131 \u00e7abuk ge\u00e7er, ancak \u2018h\u2019dan \u2018a\u2019 ya kolay kolay atlayamazd\u0131. O ne zaman \u2018\u00d6hhaa\u2019y\u0131 patlatsa, babaannem, duymayaca\u011f\u0131 bir bi\u00e7imde \u2018geber\u2019 derdi; \u00f6zellikle sabahlar\u0131, b\u00f6\u011f\u00fcre b\u00f6\u011f\u00fcre evin i\u00e7inde dola\u015f\u0131rken. \u00c7\u00f6p gibi bir adamd\u0131. \u00c7ok aksiydi. Babam da, k\u00fc\u00e7\u00fck amcam da h\u00e2l\u00e2 korkarlard\u0131 ondan. Aslang\u00f6z amcam, bir\u00e7ok \u015feyin oldu\u011fu gibi, ne dedemin \u00f6ks\u00fcr\u00fc\u011f\u00fcn\u00fcn, ne de varl\u0131\u011f\u0131n\u0131n fark\u0131ndayd\u0131. Ayn\u0131 evde ya\u015famam\u0131za kar\u015f\u0131n birbirlerini g\u00f6rmezlerdi bile. Aslang\u00f6z Amcam\u0131 gecenin bir saati eve getirdiklerinde dedem ortadan kaybolurdu; sabahlar\u0131, dedem \u00f6ks\u00fcr\u00fc\u011f\u00fcn\u00fc pe\u015fi s\u0131ra s\u00fcr\u00fckleye s\u00fcr\u00fckleye evin i\u00e7inde dola\u015f\u0131rken ve babaanneme s\u00f6v\u00fcp sayacak nedenler ararken, amcam uyurdu. \u0130kindiye do\u011fru uyan\u0131r, o zaman da evden \u00e7\u0131km\u0131\u015f olurdu.<br \/> Dedemin pijamas\u0131n\u0131n lasti\u011fi boldu ya da do\u011fru d\u00fcr\u00fcst bir k\u0131\u00e7\u0131 olmad\u0131\u011f\u0131ndan \u00fcst\u00fcnde durmazd\u0131. Bu nedenle de pijamas\u0131n\u0131 s\u00fcrekli \u00e7eki\u015ftirirdi. Ama ne \u00e7eki\u015ftirmek; hemen d\u00fc\u015fmesin diye bel lasti\u011fini g\u00f6\u011fs\u00fcne dek \u00e7\u0131kar\u0131rd\u0131. O zaman da diki\u015f yeri k\u0131\u00e7\u0131na ka\u00e7ar, \u00f6nden de tak\u0131m taklavat belli olurdu. Ablalar\u0131m g\u00fcl\u00fc\u015f\u00fcrlerdi. O, \u201c\u00d6hhaa,\u201d derdi. Bir keresinde de sigaras\u0131n\u0131 a\u011fa\u00e7 a\u011f\u0131zl\u0131\u011f\u0131na yerle\u015ftirirken biraz oyalanm\u0131\u015f, sonra da dudaklar\u0131n\u0131 ileri uzat\u0131p avurtlar\u0131n\u0131 \u00e7ukurla\u015ft\u0131rarak \u2018pof pof\u2019 diye diye duman\u0131 \u00e7ekip yakay\u0131m derken (benzinli \u00e7akma\u011f\u0131 da azizlik yapm\u0131\u015ft\u0131) ayak bileklerine dek inivermi\u015fti pijama. Rahat g\u00fclebilmek i\u00e7in \u00e7il yavrusu gibi da\u011f\u0131lm\u0131\u015ft\u0131k.<br \/> Dedemin, Aslang\u00f6z Amcamla neden kar\u015f\u0131la\u015fmak istemedi\u011fini bilmezdim. Onu sevip sevmedi\u011fini de bilmezdim, hatta ona ac\u0131y\u0131p ac\u0131mad\u0131\u011f\u0131n\u0131 da.<br \/> Arada babaanneme, \u201cAslang\u00f6z\u2019\u00fcn bezi bitti mi?\u201d derdi. Bitmi\u015f ya da az kalm\u0131\u015fsa giyinip evden \u00e7\u0131kar, dura dinlene, \u00f6ks\u00fcre t\u0131ks\u0131ra, bastonundan destek alarak, Berber Abdullah\u2019\u0131n, A\u015f\u00e7\u0131 \u0130lyas\u2019\u0131n ve Terzi Muharrem\u2019in d\u00fckk\u00e2nlar\u0131nda \u2013mevsimine g\u00f6re, ya i\u00e7eride, ya d\u0131\u015far\u0131da \u2013 sigara molas\u0131 vererek Manifaturac\u0131 \u0130rfan\u2019\u0131n (biz ona Ma\u00e7a Papaz\u0131 derdik, en az dedem kadar korkun\u00e7tu ) d\u00fckk\u00e2n\u0131na ula\u015f\u0131rd\u0131. Yolunun \u00fcst\u00fcnde olmas\u0131na kar\u015f\u0131n babamla k\u00fc\u00e7\u00fck amcam\u0131n i\u015fletti\u011fi ekmek f\u0131r\u0131n\u0131na u\u011framaz, \u00f6n\u00fcnden ge\u00e7erken ba\u015f\u0131n\u0131 \u00f6b\u00fcr yana \u00e7evirir, ama varl\u0131\u011f\u0131n\u0131 hissettirmek i\u00e7in de mutlaka \u00f6ks\u00fcr\u00fcrd\u00fc. Onun r\u0131zas\u0131 olmadan odunlu f\u0131r\u0131ndan mazotlu f\u0131r\u0131na ge\u00e7mi\u015flerdi ya, f\u0131r\u0131n onun i\u00e7in bitmi\u015fti art\u0131k. Benim i\u00e7in on dakika s\u00fcrecek bu yol dedemin b\u00fct\u00fcn g\u00fcn\u00fcn\u00fc al\u0131rd\u0131. Ma\u00e7a Papaz\u0131, yirmi metrelik Amerikan bezini \u00f6l\u00e7\u00fcp y\u0131rtana dek (evet, y\u0131rtana dek, \u00e7\u00fcnk\u00fc makas kullanmazd\u0131 o, ne kadar istiyorsan \u00f6l\u00e7er, katlay\u0131p kenar\u0131 kenara \u00e7ak\u0131\u015ft\u0131r\u0131r, metrenin ucundaki teneke ile kapl\u0131 b\u00f6l\u00fcm\u00fc katlama noktas\u0131na koyup var g\u00fcc\u00fcyle abanarak oray\u0131 y\u0131rtar, sonra da caart diye ay\u0131r\u0131rd\u0131 bezi ve dedem o sesi duyar duymaz en i\u00e7ten, en balgaml\u0131 \u2018\u00f6hhaa\u2019s\u0131n\u0131 patlat\u0131rd\u0131) pe\u015f pe\u015fe d\u00f6rt sigara i\u00e7erdi. Sonra Ma\u00e7a Papaz\u0131 \u00e7ay s\u00f6ylerdi ki, iki sigara da orada giderdi. Dedemin g\u00fcnl\u00fck t\u00fcketimi tok i\u00e7imli altm\u0131\u015f yuvarlak \u2018Ye\u015filova\u2019d\u0131. \u00d6yle sigara markas\u0131 yoktu; belki samanl\u0131 ambalaj ka\u011f\u0131d\u0131n\u0131n \u00fczerindeki yaz\u0131n\u0131n ye\u015fil olmas\u0131, belki de benim bilmedi\u011fim bir nedenden \u00f6t\u00fcr\u00fc, pakette \u2018\u00dc\u00e7\u00fcnc\u00fc\u2019 yazmas\u0131na kar\u015f\u0131n, o, \u2018Ye\u015filova\u2019 derdi. Sonra geri d\u00f6n\u00fc\u015f ba\u015flard\u0131. Yine ayn\u0131 noktalarda mola vererek, sigara i\u00e7ip \u00f6ks\u00fcrerek, f\u0131r\u0131n\u0131n \u00f6n\u00fcnden ge\u00e7erken ba\u015f\u0131n\u0131 \u00f6b\u00fcr yana \u00e7evirerek evi bulurdu.<br \/> Babaannem, bebekli\u011finde oldu\u011fu gibi Aslang\u00f6z\u2019\u00fcn alt\u0131n\u0131 ba\u011flard\u0131. \u00c7\u00fcnk\u00fc Aslang\u00f6z hem b\u00fcy\u00fc\u011f\u00fcn\u00fc hem k\u00fc\u00e7\u00fc\u011f\u00fcn\u00fc alt\u0131na yapard\u0131. \u0130\u00e7erken nerede duraca\u011f\u0131n\u0131 unutmu\u015ftu art\u0131k, bu nedenle nerede ne yapaca\u011f\u0131 bilinmezdi ve dedem bu duruma hi\u00e7 ses \u00e7\u0131karmazd\u0131.<br \/> Aslang\u00f6z y\u0131llar \u00f6nce alkolik olmu\u015ftu.<br \/> Geceleri bir yerlerde s\u0131z\u0131p kal\u0131rd\u0131. Onu bir at arabas\u0131yla ya da bir motosikletin sepetinde ya da birinin s\u0131rt\u0131nda eve getirirlerdi. Amcam, hi\u00e7birini hat\u0131rlamazd\u0131. Babaannem hemen onu soyar, Amerikan bezinden dikti\u011fi kocaman bezlerle alt\u0131n\u0131 ba\u011flard\u0131. Bazen de hi\u00e7 kimse getirmezdi Aslang\u00f6z\u2019\u00fc. Babaannem, \u00f6yle gecelerde \u2018geberesice\u2019nin sabaha kadar uyumad\u0131\u011f\u0131n\u0131, pencere ba\u015f\u0131nda sigara i\u00e7ip \u00f6ks\u00fcrd\u00fc\u011f\u00fcn\u00fc, g\u00f6z\u00fcn\u00fc k\u0131rpmadan soka\u011fa bakt\u0131\u011f\u0131n\u0131 s\u00f6ylerdi.<br \/> B\u00fcy\u00fck amcama \u2018Aslang\u00f6z\u2019 ad\u0131n\u0131 dedem takm\u0131\u015ft\u0131. Babam ve amcalar\u0131m k\u00fc\u00e7\u00fckken, sonbahardaki panay\u0131rda kocaman bir \u00e7ad\u0131r kurulmu\u015f ki, Afrika k\u0131tas\u0131n\u0131n b\u00fct\u00fcn vah\u015fi yarat\u0131klar\u0131 oradaym\u0131\u015f. \u00c7ad\u0131r\u0131n \u00fcst\u00fcnde, b\u00fct\u00fcn hayvanlar\u0131n renkli resimlerinin yap\u0131ld\u0131\u011f\u0131 ve her bakan\u0131n duda\u011f\u0131n\u0131 u\u00e7uklatan b\u00fcy\u00fck bir afi\u015f varm\u0131\u015f. \u00c7ad\u0131r\u0131n \u00f6n\u00fcnde de belden \u00fcst\u00fc \u00e7\u0131plak, siyah derili bir adam, en az dedem boyunda bir y\u0131lanla \u015faklabanl\u0131k yaparm\u0131\u015f. Dedemin umurunda de\u011filmi\u015f Afrika\u2019n\u0131n sefil yarat\u0131klar\u0131; varsa yoksa \u00e7ad\u0131r tiyatrosundaki kar\u0131larm\u0131\u015f; arkada\u015flar\u0131yla birlikte her g\u00fcn (Ma\u00e7a Papaz\u0131, falan), ip b\u0131y\u0131kl\u0131 bir pezevengin klarnet \u00e7ald\u0131\u011f\u0131, babaannemin iki kat\u0131 kar\u0131lar\u0131n k\u0131v\u0131ra k\u0131v\u0131ra oynad\u0131\u011f\u0131 \u00e7ad\u0131ra gidermi\u015f. Hep birlikte avu\u00e7lar\u0131n\u0131 patlata patlata tempo tutarlarm\u0131\u015f: A\u00e7\u2026 A\u00e7! Kad\u0131nlar k\u00fc\u00e7\u00fcc\u00fck donlar\u0131n\u0131 indirir gibi yapar indirmezlermi\u015f, indirir gibi yap\u0131p indirmezlermi\u015f. Tempo artar, klarnet al\u0131r ba\u015f\u0131n\u0131 gidermi\u015f. Dedem o zamanlar \u00f6ks\u00fcrmezmi\u015f, bu kadar zay\u0131f, bu kadar k\u0131\u00e7s\u0131z da de\u011filmi\u015f, sigaradan sararm\u0131\u015f beyaz b\u0131y\u0131klar\u0131 da k\u00f6m\u00fcr karas\u0131ym\u0131\u015f. Sonra kad\u0131n donunu bir indirirmi\u015f, alt\u0131nda bir don daha. Ayn\u0131 so\u011fan gibi, her donun alt\u0131ndan bir don \u00e7\u0131karm\u0131\u015f. Onlar kasketlerini \u00e7ad\u0131r\u0131n ta tepesine kadar f\u0131rlat\u0131r, basarlarm\u0131\u015f \u0131sl\u0131\u011f\u0131.<br \/> Bir g\u00fcn babaannem dayanamam\u0131\u015f, ne bok yemeye her g\u00fcn gidiyorsun panay\u0131ra, demi\u015f. \u00c7ad\u0131ra gidiyorum, demi\u015f dedem saf saf, ama birden toparlam\u0131\u015f kendini, ses tonu buyurganla\u015fm\u0131\u015f, o \u00e7ad\u0131r Afrika\u2019dan gelen yarat\u0131klarla dolu, demi\u015f, her g\u00fcn gidip ibretle onlar\u0131 seyrediyorum. O zaman beni de g\u00f6t\u00fcr, demi\u015f babaannem, ben de ibret alay\u0131m. Olmaz, demi\u015f dedem, kad\u0131n k\u0131sm\u0131n\u0131n gidece\u011fi yerler de\u011fil oralar\u0131. Babaannemin i\u00e7ine kurt d\u00fc\u015fm\u00fc\u015f ya, i\u015fin pe\u015fini b\u0131rakm\u0131yor; o zaman \u00e7ocuklar\u0131 g\u00f6t\u00fcr (\u00f6yle ya, \u00fc\u00e7\u00fc de erkek), onlar ibret als\u0131n, demi\u015f. Dedem k\u0131v\u0131ramam\u0131\u015f. Ertesi g\u00fcn panay\u0131ra gitmi\u015fler. Aslang\u00f6z Amcam\u0131n ad\u0131 \u2018Aslang\u00f6z\u2019 de\u011filmi\u015f daha. O g\u00fcnden sonra alm\u0131\u015f bu ad\u0131. Ne kadar ha\u015far\u0131 bir \u00e7ocuk oldu\u011funu bilmez misiniz, diye anlat\u0131rm\u0131\u015f dedem. \u00c7ad\u0131ra girdiklerinde, onca yarat\u0131\u011fa bakmadan, do\u011fruca aslan\u0131n kafesine do\u011fru ko\u015fmu\u015f amcam. Demir \u00e7ubuklar\u0131 tutmu\u015f.\u00a0 Allahtan \u00e7ubuklar\u0131n aras\u0131 darm\u0131\u015f da ba\u015f\u0131n\u0131 i\u00e7eri sokamam\u0131\u015f. Yine de yeti\u015fememi\u015fler, bir pen\u00e7ede sol g\u00f6z\u00fcn\u00fc al\u0131vermi\u015f aslan. Babaannem bu hik\u00e2yeye inanm\u0131yor, \u00e7\u00fcnk\u00fc panay\u0131rda, donsuz kar\u0131lar\u0131n oynad\u0131\u011f\u0131 bir \u00e7ad\u0131r oldu\u011funu biliyor. Ona g\u00f6re (dedem bunlar\u0131 hi\u00e7bir zaman duymad\u0131); \u2018Geberesice\u2019, \u00e7ocuklar\u0131 o \u00e7ad\u0131ra t\u0131k\u0131p kendisi kar\u0131lar\u0131n \u00e7ad\u0131r\u0131na gitti, \u00e7\u0131k\u0131p \u00e7ocuklar\u0131n\u0131 buldu\u011fundaysa (y\u0131lanlarla \u015faklabanl\u0131k yapan karaderili adama teslim etmi\u015f olmal\u0131yd\u0131 onlar\u0131) b\u00fcy\u00fck o\u011flunun sol g\u00f6z\u00fc yoktu. Ya da, \u00e7ocuklar\u0131 da o mendebur \u00e7ad\u0131ra soktu, y\u00fcz\u00fc g\u00f6z\u00fc boyal\u0131 \u00e7\u0131plak kar\u0131lar\u0131 \u2018Afrikal\u0131 yarat\u0131klar\u2019 diye g\u00f6sterdi, sonra da orada bir kavga \u00e7\u0131kt\u0131\u2026 Bilmiyor i\u015fte, babaannem ne oldu\u011funu bilmiyor, ama aslan pen\u00e7esine de hi\u00e7 inanm\u0131yor. Bu konu ne zaman konu\u015fulsa, babam g\u00f6z\u00fcn\u00fcn birini k\u0131sarak y\u0131llar \u00f6ncesine bakmaya \u00e7al\u0131\u015f\u0131r, bu arada ba\u015f\u0131n\u0131 ka\u015f\u0131yarak d\u00fc\u015f\u00fcn\u00fcrd\u00fc ama, panay\u0131r\u0131 da, vah\u015fi yarat\u0131klarla dolu \u00e7ad\u0131r\u0131 da hat\u0131rlayamazd\u0131. Babaannem de k\u0131zar, o\u011fullar\u0131m\u0131n i\u00e7inde en aptal\u0131 sendin, derdi babama. K\u00fc\u00e7\u00fck amcam o kadar k\u00fc\u00e7\u00fck olmasaym\u0131\u015f, her \u015feyi bug\u00fcn gibi hat\u0131rlarm\u0131\u015f. Yine de bir \u015feyler hat\u0131rl\u0131yor k\u00fc\u00e7\u00fck amcam, ama \u00e7ok bulan\u0131k ve ipe sapa gelmez \u015feyler. Aslang\u00f6z ise hi\u00e7bir \u015fey s\u00f6ylemiyor. O bahts\u0131z yavrum okuyamad\u0131ysa, bir diki\u015f tutturamad\u0131ysa, evlenip \u00e7oluk \u00e7ocu\u011fa kar\u0131\u015famad\u0131ysa, alkolik olduysa, bunun nedeni bir sonbahar panay\u0131r\u0131nda sol g\u00f6z\u00fcn\u00fc kaybetmesidir, diyor babaannem. \u00d6yle i\u00e7liymi\u015f ki, kimselere benzemezmi\u015f.<br \/> Bunlar \u2018Geberesice\u2019nin yan\u0131nda hi\u00e7 konu\u015fulmuyor.<br \/> Uyan\u0131r uyanmaz \u201c\u00d6hhaa!\u201d diyor, dedem. Bir Ye\u015filova yak\u0131yor. \u0130lk nefesten sonra \u2018\u00f6hhaa\u2019lar\u0131n ard\u0131 kesilmiyor. Pijamas\u0131n\u0131n bel lasti\u011fini \u00e7eke \u00e7eke dola\u015f\u0131yor evin i\u00e7inde. <br \/> Bir gece Aslang\u00f6z\u2019\u00fc kimse getirmedi eve. Arada d\u0131\u015far\u0131da kald\u0131\u011f\u0131 olurdu, ertesi g\u00fcn gelece\u011fini ya da getirilece\u011fini bilirdik. Ama \u00f6yle olmad\u0131. Sabah, kap\u0131m\u0131z\u0131 bir bek\u00e7i \u00e7ald\u0131, dedemle bir \u015feyler konu\u015ftular. Dedem bir Ye\u015filova yakt\u0131. \u00d6ks\u00fcrd\u00fc. Bir daha \u00f6ks\u00fcrd\u00fc. Babaannem onun y\u00fcz\u00fcnden bir \u015feyi okumu\u015f olmal\u0131 ki, sessizce a\u011flamaya ba\u015flad\u0131. Bek\u00e7i gittikten sonra dedem kimseye bir \u015fey demedi, ama Aslang\u00f6z\u2019\u00fcn bir yerde s\u0131zd\u0131\u011f\u0131n\u0131 ve art\u0131k hi\u00e7 ay\u0131lmayaca\u011f\u0131n\u0131 hepimiz anlad\u0131k.<br \/> Kimseyle konu\u015fmad\u0131\u011f\u0131 gibi benimle de konu\u015fmazd\u0131 amcam, onu tan\u0131mazd\u0131m. Kimse tan\u0131mazd\u0131. Kendi bile. Onun varl\u0131\u011f\u0131 evde bir t\u00fcr yokluktu. Ama as\u0131l yoklu\u011funu, bir daha gelmemek \u00fczere gidince anlad\u0131k.<br \/> Bir g\u00fcn dedemi, babaannemin dikti\u011fi, ama Aslang\u00f6z Amcam\u0131n kullanmaya \u00f6mr\u00fcn\u00fcn yetmedi\u011fi bezlere y\u00fcz\u00fcn\u00fc g\u00f6mm\u00fc\u015f a\u011flarken g\u00f6rd\u00fcm. O zaman, amcam\u0131n sol g\u00f6z\u00fcn\u00fc bir aslan pen\u00e7esinin almad\u0131\u011f\u0131n\u0131 d\u00fc\u015f\u00fcnd\u00fcm. Ama ger\u00e7e\u011fi hi\u00e7bir zaman \u00f6\u011frenemedim.<\/p>\n","protected":false},"excerpt":{"rendered":"<p>Tan\u0131d\u0131\u011f\u0131m b\u00fct\u00fcn dedeler \u00f6ks\u00fcr\u00fcrd\u00fc, ama benim dedeminki hi\u00e7birine benzemezdi; \u00e7\u00fcnk\u00fc o \u00f6ks\u00fcrmez ya da \u00f6ks\u00fcremez, \u201c\u00d6hhaa,\u201d diye g\u0131rtlaktan, garip bir ses \u00e7\u0131kar\u0131rd\u0131. Asl\u0131nda yaln\u0131zca \u2018haa\u2019 derdi, onu diyebilmek i\u00e7in de \u2018\u00f6\u2019 den g\u00fc\u00e7 al\u0131rd\u0131. \u2018\u00d6\u2019 ile \u2018h\u2019 aras\u0131n\u0131 \u00e7abuk ge\u00e7er, ancak \u2018h\u2019dan \u2018a\u2019 ya kolay kolay atlayamazd\u0131. O ne zaman \u2018\u00d6hhaa\u2019y\u0131 patlatsa, babaannem, duymayaca\u011f\u0131 bir [&hellip;]<\/p>\n","protected":false},"author":1,"featured_media":0,"comment_status":"open","ping_status":"open","sticky":false,"template":"","format":"standard","meta":{"footnotes":""},"categories":[114],"tags":[],"class_list":{"0":"post-2889","1":"post","2":"type-post","3":"status-publish","4":"format-standard","6":"category-turkiye-den-oykuler"},"yoast_head":"<!-- This site is optimized with the Yoast SEO Premium plugin v24.9 (Yoast SEO v24.9) - https:\/\/yoast.com\/wordpress\/plugins\/seo\/ -->\n<title>Aslang\u00f6z | Cemil Kavuk\u00e7u - narteks.net<\/title>\n<meta name=\"robots\" content=\"index, follow, max-snippet:-1, max-image-preview:large, max-video-preview:-1\" \/>\n<link rel=\"canonical\" href=\"https:\/\/narteks.net\/index.php\/2009\/12\/20\/aslangoz-cemil-kavukcu\/\" \/>\n<meta property=\"og:locale\" content=\"tr_TR\" \/>\n<meta property=\"og:type\" content=\"article\" \/>\n<meta property=\"og:title\" content=\"Aslang\u00f6z | Cemil Kavuk\u00e7u\" \/>\n<meta property=\"og:description\" content=\"Tan\u0131d\u0131\u011f\u0131m b\u00fct\u00fcn dedeler \u00f6ks\u00fcr\u00fcrd\u00fc, ama benim dedeminki hi\u00e7birine benzemezdi; \u00e7\u00fcnk\u00fc o \u00f6ks\u00fcrmez ya da \u00f6ks\u00fcremez, \u201c\u00d6hhaa,\u201d diye g\u0131rtlaktan, garip bir ses \u00e7\u0131kar\u0131rd\u0131. Asl\u0131nda yaln\u0131zca \u2018haa\u2019 derdi, onu diyebilmek i\u00e7in de \u2018\u00f6\u2019 den g\u00fc\u00e7 al\u0131rd\u0131. \u2018\u00d6\u2019 ile \u2018h\u2019 aras\u0131n\u0131 \u00e7abuk ge\u00e7er, ancak \u2018h\u2019dan \u2018a\u2019 ya kolay kolay atlayamazd\u0131. O ne zaman \u2018\u00d6hhaa\u2019y\u0131 patlatsa, babaannem, duymayaca\u011f\u0131 bir [&hellip;]\" \/>\n<meta property=\"og:url\" content=\"https:\/\/narteks.net\/index.php\/2009\/12\/20\/aslangoz-cemil-kavukcu\/\" \/>\n<meta property=\"og:site_name\" content=\"narteks.net\" \/>\n<meta property=\"article:published_time\" content=\"2009-12-20T16:04:51+00:00\" \/>\n<meta property=\"og:image\" content=\"http:\/\/img1.blogcu.com\/images\/t\/o\/s\/tosunnecip\/cemil_kav.jpg\" \/>\n<meta name=\"author\" content=\"Tar\u0131k\" \/>\n<meta name=\"twitter:card\" content=\"summary_large_image\" \/>\n<meta name=\"twitter:creator\" content=\"@narteks\" \/>\n<meta name=\"twitter:site\" content=\"@narteks\" \/>\n<meta name=\"twitter:label1\" content=\"Yazan:\" \/>\n\t<meta name=\"twitter:data1\" content=\"Tar\u0131k\" \/>\n\t<meta name=\"twitter:label2\" content=\"Tahmini okuma s\u00fcresi\" \/>\n\t<meta name=\"twitter:data2\" content=\"9 dakika\" \/>\n<script type=\"application\/ld+json\" class=\"yoast-schema-graph\">{\"@context\":\"https:\/\/schema.org\",\"@graph\":[{\"@type\":\"Article\",\"@id\":\"https:\/\/narteks.net\/index.php\/2009\/12\/20\/aslangoz-cemil-kavukcu\/#article\",\"isPartOf\":{\"@id\":\"https:\/\/narteks.net\/index.php\/2009\/12\/20\/aslangoz-cemil-kavukcu\/\"},\"author\":{\"name\":\"Tar\u0131k\",\"@id\":\"https:\/\/narteks.net\/#\/schema\/person\/61f37d9834294b72d31d274e7ed79bca\"},\"headline\":\"Aslang\u00f6z | Cemil Kavuk\u00e7u\",\"datePublished\":\"2009-12-20T16:04:51+00:00\",\"mainEntityOfPage\":{\"@id\":\"https:\/\/narteks.net\/index.php\/2009\/12\/20\/aslangoz-cemil-kavukcu\/\"},\"wordCount\":1743,\"commentCount\":0,\"publisher\":{\"@id\":\"https:\/\/narteks.net\/#organization\"},\"image\":{\"@id\":\"https:\/\/narteks.net\/index.php\/2009\/12\/20\/aslangoz-cemil-kavukcu\/#primaryimage\"},\"thumbnailUrl\":\"http:\/\/img1.blogcu.com\/images\/t\/o\/s\/tosunnecip\/cemil_kav.jpg\",\"articleSection\":[\"T\u00fcrkiye'den \u00d6yk\u00fcler\"],\"inLanguage\":\"tr\",\"potentialAction\":[{\"@type\":\"CommentAction\",\"name\":\"Comment\",\"target\":[\"https:\/\/narteks.net\/index.php\/2009\/12\/20\/aslangoz-cemil-kavukcu\/#respond\"]}]},{\"@type\":\"WebPage\",\"@id\":\"https:\/\/narteks.net\/index.php\/2009\/12\/20\/aslangoz-cemil-kavukcu\/\",\"url\":\"https:\/\/narteks.net\/index.php\/2009\/12\/20\/aslangoz-cemil-kavukcu\/\",\"name\":\"Aslang\u00f6z | Cemil Kavuk\u00e7u - narteks.net\",\"isPartOf\":{\"@id\":\"https:\/\/narteks.net\/#website\"},\"primaryImageOfPage\":{\"@id\":\"https:\/\/narteks.net\/index.php\/2009\/12\/20\/aslangoz-cemil-kavukcu\/#primaryimage\"},\"image\":{\"@id\":\"https:\/\/narteks.net\/index.php\/2009\/12\/20\/aslangoz-cemil-kavukcu\/#primaryimage\"},\"thumbnailUrl\":\"http:\/\/img1.blogcu.com\/images\/t\/o\/s\/tosunnecip\/cemil_kav.jpg\",\"datePublished\":\"2009-12-20T16:04:51+00:00\",\"breadcrumb\":{\"@id\":\"https:\/\/narteks.net\/index.php\/2009\/12\/20\/aslangoz-cemil-kavukcu\/#breadcrumb\"},\"inLanguage\":\"tr\",\"potentialAction\":[{\"@type\":\"ReadAction\",\"target\":[\"https:\/\/narteks.net\/index.php\/2009\/12\/20\/aslangoz-cemil-kavukcu\/\"]}]},{\"@type\":\"ImageObject\",\"inLanguage\":\"tr\",\"@id\":\"https:\/\/narteks.net\/index.php\/2009\/12\/20\/aslangoz-cemil-kavukcu\/#primaryimage\",\"url\":\"http:\/\/img1.blogcu.com\/images\/t\/o\/s\/tosunnecip\/cemil_kav.jpg\",\"contentUrl\":\"http:\/\/img1.blogcu.com\/images\/t\/o\/s\/tosunnecip\/cemil_kav.jpg\"},{\"@type\":\"BreadcrumbList\",\"@id\":\"https:\/\/narteks.net\/index.php\/2009\/12\/20\/aslangoz-cemil-kavukcu\/#breadcrumb\",\"itemListElement\":[{\"@type\":\"ListItem\",\"position\":1,\"name\":\"Anasayfa\",\"item\":\"https:\/\/narteks.net\/\"},{\"@type\":\"ListItem\",\"position\":2,\"name\":\"Aslang\u00f6z | Cemil Kavuk\u00e7u\"}]},{\"@type\":\"WebSite\",\"@id\":\"https:\/\/narteks.net\/#website\",\"url\":\"https:\/\/narteks.net\/\",\"name\":\"narteks.net\",\"description\":\"K\u00fclt\u00fcr Sanat Edebiyat Felsefe\",\"publisher\":{\"@id\":\"https:\/\/narteks.net\/#organization\"},\"alternateName\":\"K\u00fclt\u00fcr Sanat Edebiyat Felsefe\",\"potentialAction\":[{\"@type\":\"SearchAction\",\"target\":{\"@type\":\"EntryPoint\",\"urlTemplate\":\"https:\/\/narteks.net\/?s={search_term_string}\"},\"query-input\":{\"@type\":\"PropertyValueSpecification\",\"valueRequired\":true,\"valueName\":\"search_term_string\"}}],\"inLanguage\":\"tr\"},{\"@type\":\"Organization\",\"@id\":\"https:\/\/narteks.net\/#organization\",\"name\":\"narteks.net\",\"url\":\"https:\/\/narteks.net\/\",\"logo\":{\"@type\":\"ImageObject\",\"inLanguage\":\"tr\",\"@id\":\"https:\/\/narteks.net\/#\/schema\/logo\/image\/\",\"url\":\"https:\/\/narteks.net\/wp-content\/uploads\/narteks.png\",\"contentUrl\":\"https:\/\/narteks.net\/wp-content\/uploads\/narteks.png\",\"width\":300,\"height\":90,\"caption\":\"narteks.net\"},\"image\":{\"@id\":\"https:\/\/narteks.net\/#\/schema\/logo\/image\/\"},\"sameAs\":[\"https:\/\/x.com\/narteks\",\"https:\/\/instagram.com\/narteksnet\"]},{\"@type\":\"Person\",\"@id\":\"https:\/\/narteks.net\/#\/schema\/person\/61f37d9834294b72d31d274e7ed79bca\",\"name\":\"Tar\u0131k\",\"image\":{\"@type\":\"ImageObject\",\"inLanguage\":\"tr\",\"@id\":\"https:\/\/narteks.net\/#\/schema\/person\/image\/\",\"url\":\"https:\/\/secure.gravatar.com\/avatar\/50865afb55632c4ae467e0af0930f6510aa2297d8014be502a55b14f3b7550cf?s=96&d=mm&r=g\",\"contentUrl\":\"https:\/\/secure.gravatar.com\/avatar\/50865afb55632c4ae467e0af0930f6510aa2297d8014be502a55b14f3b7550cf?s=96&d=mm&r=g\",\"caption\":\"Tar\u0131k\"},\"sameAs\":[\"http:\/\/narteks.net\"],\"url\":\"https:\/\/narteks.net\/index.php\/author\/narbak\/\"}]}<\/script>\n<!-- \/ Yoast SEO Premium plugin. -->","yoast_head_json":{"title":"Aslang\u00f6z | Cemil Kavuk\u00e7u - narteks.net","robots":{"index":"index","follow":"follow","max-snippet":"max-snippet:-1","max-image-preview":"max-image-preview:large","max-video-preview":"max-video-preview:-1"},"canonical":"https:\/\/narteks.net\/index.php\/2009\/12\/20\/aslangoz-cemil-kavukcu\/","og_locale":"tr_TR","og_type":"article","og_title":"Aslang\u00f6z | Cemil Kavuk\u00e7u","og_description":"Tan\u0131d\u0131\u011f\u0131m b\u00fct\u00fcn dedeler \u00f6ks\u00fcr\u00fcrd\u00fc, ama benim dedeminki hi\u00e7birine benzemezdi; \u00e7\u00fcnk\u00fc o \u00f6ks\u00fcrmez ya da \u00f6ks\u00fcremez, \u201c\u00d6hhaa,\u201d diye g\u0131rtlaktan, garip bir ses \u00e7\u0131kar\u0131rd\u0131. Asl\u0131nda yaln\u0131zca \u2018haa\u2019 derdi, onu diyebilmek i\u00e7in de \u2018\u00f6\u2019 den g\u00fc\u00e7 al\u0131rd\u0131. \u2018\u00d6\u2019 ile \u2018h\u2019 aras\u0131n\u0131 \u00e7abuk ge\u00e7er, ancak \u2018h\u2019dan \u2018a\u2019 ya kolay kolay atlayamazd\u0131. O ne zaman \u2018\u00d6hhaa\u2019y\u0131 patlatsa, babaannem, duymayaca\u011f\u0131 bir [&hellip;]","og_url":"https:\/\/narteks.net\/index.php\/2009\/12\/20\/aslangoz-cemil-kavukcu\/","og_site_name":"narteks.net","article_published_time":"2009-12-20T16:04:51+00:00","og_image":[{"url":"http:\/\/img1.blogcu.com\/images\/t\/o\/s\/tosunnecip\/cemil_kav.jpg","type":"","width":"","height":""}],"author":"Tar\u0131k","twitter_card":"summary_large_image","twitter_creator":"@narteks","twitter_site":"@narteks","twitter_misc":{"Yazan:":"Tar\u0131k","Tahmini okuma s\u00fcresi":"9 dakika"},"schema":{"@context":"https:\/\/schema.org","@graph":[{"@type":"Article","@id":"https:\/\/narteks.net\/index.php\/2009\/12\/20\/aslangoz-cemil-kavukcu\/#article","isPartOf":{"@id":"https:\/\/narteks.net\/index.php\/2009\/12\/20\/aslangoz-cemil-kavukcu\/"},"author":{"name":"Tar\u0131k","@id":"https:\/\/narteks.net\/#\/schema\/person\/61f37d9834294b72d31d274e7ed79bca"},"headline":"Aslang\u00f6z | Cemil Kavuk\u00e7u","datePublished":"2009-12-20T16:04:51+00:00","mainEntityOfPage":{"@id":"https:\/\/narteks.net\/index.php\/2009\/12\/20\/aslangoz-cemil-kavukcu\/"},"wordCount":1743,"commentCount":0,"publisher":{"@id":"https:\/\/narteks.net\/#organization"},"image":{"@id":"https:\/\/narteks.net\/index.php\/2009\/12\/20\/aslangoz-cemil-kavukcu\/#primaryimage"},"thumbnailUrl":"http:\/\/img1.blogcu.com\/images\/t\/o\/s\/tosunnecip\/cemil_kav.jpg","articleSection":["T\u00fcrkiye'den \u00d6yk\u00fcler"],"inLanguage":"tr","potentialAction":[{"@type":"CommentAction","name":"Comment","target":["https:\/\/narteks.net\/index.php\/2009\/12\/20\/aslangoz-cemil-kavukcu\/#respond"]}]},{"@type":"WebPage","@id":"https:\/\/narteks.net\/index.php\/2009\/12\/20\/aslangoz-cemil-kavukcu\/","url":"https:\/\/narteks.net\/index.php\/2009\/12\/20\/aslangoz-cemil-kavukcu\/","name":"Aslang\u00f6z | Cemil Kavuk\u00e7u - narteks.net","isPartOf":{"@id":"https:\/\/narteks.net\/#website"},"primaryImageOfPage":{"@id":"https:\/\/narteks.net\/index.php\/2009\/12\/20\/aslangoz-cemil-kavukcu\/#primaryimage"},"image":{"@id":"https:\/\/narteks.net\/index.php\/2009\/12\/20\/aslangoz-cemil-kavukcu\/#primaryimage"},"thumbnailUrl":"http:\/\/img1.blogcu.com\/images\/t\/o\/s\/tosunnecip\/cemil_kav.jpg","datePublished":"2009-12-20T16:04:51+00:00","breadcrumb":{"@id":"https:\/\/narteks.net\/index.php\/2009\/12\/20\/aslangoz-cemil-kavukcu\/#breadcrumb"},"inLanguage":"tr","potentialAction":[{"@type":"ReadAction","target":["https:\/\/narteks.net\/index.php\/2009\/12\/20\/aslangoz-cemil-kavukcu\/"]}]},{"@type":"ImageObject","inLanguage":"tr","@id":"https:\/\/narteks.net\/index.php\/2009\/12\/20\/aslangoz-cemil-kavukcu\/#primaryimage","url":"http:\/\/img1.blogcu.com\/images\/t\/o\/s\/tosunnecip\/cemil_kav.jpg","contentUrl":"http:\/\/img1.blogcu.com\/images\/t\/o\/s\/tosunnecip\/cemil_kav.jpg"},{"@type":"BreadcrumbList","@id":"https:\/\/narteks.net\/index.php\/2009\/12\/20\/aslangoz-cemil-kavukcu\/#breadcrumb","itemListElement":[{"@type":"ListItem","position":1,"name":"Anasayfa","item":"https:\/\/narteks.net\/"},{"@type":"ListItem","position":2,"name":"Aslang\u00f6z | Cemil Kavuk\u00e7u"}]},{"@type":"WebSite","@id":"https:\/\/narteks.net\/#website","url":"https:\/\/narteks.net\/","name":"narteks.net","description":"K\u00fclt\u00fcr Sanat Edebiyat Felsefe","publisher":{"@id":"https:\/\/narteks.net\/#organization"},"alternateName":"K\u00fclt\u00fcr Sanat Edebiyat Felsefe","potentialAction":[{"@type":"SearchAction","target":{"@type":"EntryPoint","urlTemplate":"https:\/\/narteks.net\/?s={search_term_string}"},"query-input":{"@type":"PropertyValueSpecification","valueRequired":true,"valueName":"search_term_string"}}],"inLanguage":"tr"},{"@type":"Organization","@id":"https:\/\/narteks.net\/#organization","name":"narteks.net","url":"https:\/\/narteks.net\/","logo":{"@type":"ImageObject","inLanguage":"tr","@id":"https:\/\/narteks.net\/#\/schema\/logo\/image\/","url":"https:\/\/narteks.net\/wp-content\/uploads\/narteks.png","contentUrl":"https:\/\/narteks.net\/wp-content\/uploads\/narteks.png","width":300,"height":90,"caption":"narteks.net"},"image":{"@id":"https:\/\/narteks.net\/#\/schema\/logo\/image\/"},"sameAs":["https:\/\/x.com\/narteks","https:\/\/instagram.com\/narteksnet"]},{"@type":"Person","@id":"https:\/\/narteks.net\/#\/schema\/person\/61f37d9834294b72d31d274e7ed79bca","name":"Tar\u0131k","image":{"@type":"ImageObject","inLanguage":"tr","@id":"https:\/\/narteks.net\/#\/schema\/person\/image\/","url":"https:\/\/secure.gravatar.com\/avatar\/50865afb55632c4ae467e0af0930f6510aa2297d8014be502a55b14f3b7550cf?s=96&d=mm&r=g","contentUrl":"https:\/\/secure.gravatar.com\/avatar\/50865afb55632c4ae467e0af0930f6510aa2297d8014be502a55b14f3b7550cf?s=96&d=mm&r=g","caption":"Tar\u0131k"},"sameAs":["http:\/\/narteks.net"],"url":"https:\/\/narteks.net\/index.php\/author\/narbak\/"}]}},"_links":{"self":[{"href":"https:\/\/narteks.net\/index.php\/wp-json\/wp\/v2\/posts\/2889","targetHints":{"allow":["GET"]}}],"collection":[{"href":"https:\/\/narteks.net\/index.php\/wp-json\/wp\/v2\/posts"}],"about":[{"href":"https:\/\/narteks.net\/index.php\/wp-json\/wp\/v2\/types\/post"}],"author":[{"embeddable":true,"href":"https:\/\/narteks.net\/index.php\/wp-json\/wp\/v2\/users\/1"}],"replies":[{"embeddable":true,"href":"https:\/\/narteks.net\/index.php\/wp-json\/wp\/v2\/comments?post=2889"}],"version-history":[{"count":0,"href":"https:\/\/narteks.net\/index.php\/wp-json\/wp\/v2\/posts\/2889\/revisions"}],"wp:attachment":[{"href":"https:\/\/narteks.net\/index.php\/wp-json\/wp\/v2\/media?parent=2889"}],"wp:term":[{"taxonomy":"category","embeddable":true,"href":"https:\/\/narteks.net\/index.php\/wp-json\/wp\/v2\/categories?post=2889"},{"taxonomy":"post_tag","embeddable":true,"href":"https:\/\/narteks.net\/index.php\/wp-json\/wp\/v2\/tags?post=2889"}],"curies":[{"name":"wp","href":"https:\/\/api.w.org\/{rel}","templated":true}]}}