{"id":2891,"date":"2009-12-21T10:06:08","date_gmt":"2009-12-21T07:06:08","guid":{"rendered":"http:\/\/localhost\/wordpress\/2009\/12\/21\/mueziin-balangc\/"},"modified":"2009-12-21T10:06:08","modified_gmt":"2009-12-21T07:06:08","slug":"mueziin-balangc","status":"publish","type":"post","link":"https:\/\/narteks.net\/index.php\/2009\/12\/21\/mueziin-balangc\/","title":{"rendered":"M\u00fczi\u011fin ba\u015flang\u0131c\u0131"},"content":{"rendered":"<p style=\"text-align: justify;\">M\u00fczik en eski sanat dallar\u0131ndan biridir. Tarih\u00f6ncesi devirlerde ku\u015flar\u0131n \u00f6t\u00fc\u015f\u00fcnden, sular\u0131n \u015f\u0131r\u0131lt\u0131s\u0131ndan, ya\u011fmurun sesinden, r\u00fczg\u00e2r\u0131n ve k\u0131y\u0131ya vuran dalgalar\u0131n u\u011fultusundan esinlenen ilk insanlar, i\u00e7i bo\u015f bir k\u00fct\u00fc\u011fe deri ge\u00e7irip vurarak, hayvan ba\u011f\u0131rsaklar\u0131ndan yap\u0131lan ipleri \u00e7ekerek, boynuz, kemik ya da odundan borular\u0131 \u00fcfleyerek do\u011fadaki sesleri taklit etmeye ba\u015flad\u0131lar. Ba\u015flang\u0131\u00e7ta i\u015faret vermek amac\u0131yla kulland\u0131klar\u0131 bu sesleri sonralar\u0131 ho\u015flar\u0131na gidecek bi\u00e7imde d\u00fczenleyerek kendi ilkel m\u00fcziklerini yaratt\u0131lar. Eski zamanlardan beri m\u00fczi\u011fin, dinsel t\u00f6renlerde \u00f6nemli bir yeri oldu. G\u00fcn\u00fcm\u00fcze ula\u015fabilen en eski m\u00fczik yazmalar\u0131 Hindistan&#8217;da 3.000 y\u0131l \u00f6ncesinden kalma Veda ilahileridir. <\/p>\n<p>M\u00fczikle ilgili ilk kuramlar\u0131 geli\u015ftiren Eski Yunanl\u0131lard\u0131. M\u00fczik ve dans\u0131n insanlar\u0131n ya\u015fam\u0131nda \u00f6nemli bir yer tuttu\u011fu Eski Yu-nan&#8217;da, \u015fairler lir e\u015fli\u011finde destanlar s\u00f6ylerdi. M\u00fczik s\u00f6zc\u00fc\u011f\u00fc. Eski Yunan&#8217;da sanat\u0131n esin tanr\u0131\u00e7alar\u0131 oldu\u011funa inan\u0131lan Musalar&#8217;\u0131n ad\u0131ndan t\u00fcretilmi\u015ftir. Bununla birlikte o d\u00f6nemde mousike s\u00f6zc\u00fc\u011f\u00fc, Musa-lar&#8217;\u0131n korumas\u0131 alt\u0131ndaki her sanat ya da bilim dal\u0131 i\u00e7in kullan\u0131lan genel bir terimdi. \u0130\u00d6 6. y\u00fczy\u0131lda akusti\u011fin temelini kuran Pisagor (Pythagoras) m\u00fczi\u011fi matematiksel yoldan \u00e7\u00f6-z\u00fcmleyerek, bir sesin y\u00fcksekli\u011fi ile telin uzunlu\u011fu aras\u0131ndaki ili\u015fkiyi saptad\u0131, Belirli uzunlukta-K\u0130 bir telde \u00e7alman notan\u0131n frekans\u0131n\u0131n, iki kat uzunluktaki bir telde \u00e7alman notan\u0131n frekans\u0131n\u0131n tam iki kat\u0131 oldu\u011funu buldu. <\/p>\n<p>\u00c7inliler de Eski Yunanl\u0131lar gibi m\u00fczi\u011fin sevin\u00e7 ve keder gibi duygular uyand\u0131rmaktaki g\u00fcc\u00fcn\u00fcn bilincindeydiler. M\u00fczi\u011fin tanr\u0131sal bir g\u00fcc\u00fcn yank\u0131s\u0131 oldu\u011funa inan\u0131yorlard\u0131. Bu inan\u00e7 daha sonralar\u0131 da s\u00fcrd\u00fc ve H\u0131ristiyan-l\u0131k&#8217;\u0131n ilk y\u0131llar\u0131ndan ba\u015flayarak, m\u00fczik etkili bir dinsel anlat\u0131m arac\u0131 oldu. M\u00fczik s\u00f6z\u00fcn ta\u015f\u0131y\u0131c\u0131s\u0131 olarak kullan\u0131ld\u0131. Melodi dinsel metnin ayd\u0131nlat\u0131lmas\u0131na yard\u0131mc\u0131 oldu. Martin Luther de i\u00e7inde olmak \u00fczere \u00f6nde gelen H\u0131ristiyan din adamlar\u0131 m\u00fczi\u011fin yal\u0131n ve dindarl\u0131\u011f\u0131 g\u00fc\u00e7lendirici olmas\u0131ndan yanayd\u0131lar. <\/p>\n<p>M\u00fczi\u011fin kuramsal geli\u015fimi tarih boyunca \u00e7e\u015fitli evrelerden ge\u00e7ti. Orta\u00e7a\u011fda dinsel m\u00fczik bug\u00fcn tonalite ad\u0131 verilen maj\u00f6r ve% min\u00f6r ses dizileri d\u0131\u015f\u0131nda kalan ses dizilerine yani morlara g\u00f6re yaz\u0131l\u0131yordu. Tonalite ve oktav (birinci sesten sekizinci sese kadar olan aral\u0131k) 17. y\u00fczy\u0131lda geli\u015ftirildi.<\/p>\n","protected":false},"excerpt":{"rendered":"<p>M\u00fczik en eski sanat dallar\u0131ndan biridir. Tarih\u00f6ncesi devirlerde ku\u015flar\u0131n \u00f6t\u00fc\u015f\u00fcnden, sular\u0131n \u015f\u0131r\u0131lt\u0131s\u0131ndan, ya\u011fmurun sesinden, r\u00fczg\u00e2r\u0131n ve k\u0131y\u0131ya vuran dalgalar\u0131n u\u011fultusundan esinlenen ilk insanlar, i\u00e7i bo\u015f bir k\u00fct\u00fc\u011fe deri ge\u00e7irip vurarak, hayvan ba\u011f\u0131rsaklar\u0131ndan yap\u0131lan ipleri \u00e7ekerek, boynuz, kemik ya da odundan borular\u0131 \u00fcfleyerek do\u011fadaki sesleri taklit etmeye ba\u015flad\u0131lar. Ba\u015flang\u0131\u00e7ta i\u015faret vermek amac\u0131yla kulland\u0131klar\u0131 bu sesleri sonralar\u0131 [&hellip;]<\/p>\n","protected":false},"author":1,"featured_media":0,"comment_status":"open","ping_status":"open","sticky":false,"template":"","format":"standard","meta":{"footnotes":""},"categories":[93],"tags":[],"class_list":{"0":"post-2891","1":"post","2":"type-post","3":"status-publish","4":"format-standard","6":"category-muzik-genel-kultur"},"yoast_head":"<!-- This site is optimized with the Yoast SEO Premium plugin v24.9 (Yoast SEO v24.9) - https:\/\/yoast.com\/wordpress\/plugins\/seo\/ -->\n<title>M\u00fczi\u011fin ba\u015flang\u0131c\u0131 - narteks.net<\/title>\n<meta name=\"robots\" content=\"index, follow, max-snippet:-1, max-image-preview:large, max-video-preview:-1\" \/>\n<link rel=\"canonical\" href=\"https:\/\/narteks.net\/index.php\/2009\/12\/21\/mueziin-balangc\/\" \/>\n<meta property=\"og:locale\" content=\"tr_TR\" \/>\n<meta property=\"og:type\" content=\"article\" \/>\n<meta property=\"og:title\" content=\"M\u00fczi\u011fin ba\u015flang\u0131c\u0131\" \/>\n<meta property=\"og:description\" content=\"M\u00fczik en eski sanat dallar\u0131ndan biridir. Tarih\u00f6ncesi devirlerde ku\u015flar\u0131n \u00f6t\u00fc\u015f\u00fcnden, sular\u0131n \u015f\u0131r\u0131lt\u0131s\u0131ndan, ya\u011fmurun sesinden, r\u00fczg\u00e2r\u0131n ve k\u0131y\u0131ya vuran dalgalar\u0131n u\u011fultusundan esinlenen ilk insanlar, i\u00e7i bo\u015f bir k\u00fct\u00fc\u011fe deri ge\u00e7irip vurarak, hayvan ba\u011f\u0131rsaklar\u0131ndan yap\u0131lan ipleri \u00e7ekerek, boynuz, kemik ya da odundan borular\u0131 \u00fcfleyerek do\u011fadaki sesleri taklit etmeye ba\u015flad\u0131lar. Ba\u015flang\u0131\u00e7ta i\u015faret vermek amac\u0131yla kulland\u0131klar\u0131 bu sesleri sonralar\u0131 [&hellip;]\" \/>\n<meta property=\"og:url\" content=\"https:\/\/narteks.net\/index.php\/2009\/12\/21\/mueziin-balangc\/\" \/>\n<meta property=\"og:site_name\" content=\"narteks.net\" \/>\n<meta property=\"article:published_time\" content=\"2009-12-21T07:06:08+00:00\" \/>\n<meta property=\"og:image\" content=\"https:\/\/narteks.net\/wp-content\/uploads\/narteks.png\" \/>\n\t<meta property=\"og:image:width\" content=\"300\" \/>\n\t<meta property=\"og:image:height\" content=\"90\" \/>\n\t<meta property=\"og:image:type\" content=\"image\/png\" \/>\n<meta name=\"author\" content=\"Tar\u0131k\" \/>\n<meta name=\"twitter:card\" content=\"summary_large_image\" \/>\n<meta name=\"twitter:creator\" content=\"@narteks\" \/>\n<meta name=\"twitter:site\" content=\"@narteks\" \/>\n<meta name=\"twitter:label1\" content=\"Yazan:\" \/>\n\t<meta name=\"twitter:data1\" content=\"Tar\u0131k\" \/>\n\t<meta name=\"twitter:label2\" content=\"Tahmini okuma s\u00fcresi\" \/>\n\t<meta name=\"twitter:data2\" content=\"2 dakika\" \/>\n<script type=\"application\/ld+json\" class=\"yoast-schema-graph\">{\"@context\":\"https:\/\/schema.org\",\"@graph\":[{\"@type\":\"Article\",\"@id\":\"https:\/\/narteks.net\/index.php\/2009\/12\/21\/mueziin-balangc\/#article\",\"isPartOf\":{\"@id\":\"https:\/\/narteks.net\/index.php\/2009\/12\/21\/mueziin-balangc\/\"},\"author\":{\"name\":\"Tar\u0131k\",\"@id\":\"https:\/\/narteks.net\/#\/schema\/person\/61f37d9834294b72d31d274e7ed79bca\"},\"headline\":\"M\u00fczi\u011fin ba\u015flang\u0131c\u0131\",\"datePublished\":\"2009-12-21T07:06:08+00:00\",\"mainEntityOfPage\":{\"@id\":\"https:\/\/narteks.net\/index.php\/2009\/12\/21\/mueziin-balangc\/\"},\"wordCount\":449,\"commentCount\":0,\"publisher\":{\"@id\":\"https:\/\/narteks.net\/#organization\"},\"articleSection\":[\"M\u00fczik Genel K\u00fclt\u00fcr\"],\"inLanguage\":\"tr\",\"potentialAction\":[{\"@type\":\"CommentAction\",\"name\":\"Comment\",\"target\":[\"https:\/\/narteks.net\/index.php\/2009\/12\/21\/mueziin-balangc\/#respond\"]}]},{\"@type\":\"WebPage\",\"@id\":\"https:\/\/narteks.net\/index.php\/2009\/12\/21\/mueziin-balangc\/\",\"url\":\"https:\/\/narteks.net\/index.php\/2009\/12\/21\/mueziin-balangc\/\",\"name\":\"M\u00fczi\u011fin ba\u015flang\u0131c\u0131 - narteks.net\",\"isPartOf\":{\"@id\":\"https:\/\/narteks.net\/#website\"},\"datePublished\":\"2009-12-21T07:06:08+00:00\",\"breadcrumb\":{\"@id\":\"https:\/\/narteks.net\/index.php\/2009\/12\/21\/mueziin-balangc\/#breadcrumb\"},\"inLanguage\":\"tr\",\"potentialAction\":[{\"@type\":\"ReadAction\",\"target\":[\"https:\/\/narteks.net\/index.php\/2009\/12\/21\/mueziin-balangc\/\"]}]},{\"@type\":\"BreadcrumbList\",\"@id\":\"https:\/\/narteks.net\/index.php\/2009\/12\/21\/mueziin-balangc\/#breadcrumb\",\"itemListElement\":[{\"@type\":\"ListItem\",\"position\":1,\"name\":\"Anasayfa\",\"item\":\"https:\/\/narteks.net\/\"},{\"@type\":\"ListItem\",\"position\":2,\"name\":\"M\u00fczi\u011fin ba\u015flang\u0131c\u0131\"}]},{\"@type\":\"WebSite\",\"@id\":\"https:\/\/narteks.net\/#website\",\"url\":\"https:\/\/narteks.net\/\",\"name\":\"narteks.net\",\"description\":\"K\u00fclt\u00fcr Sanat Edebiyat Felsefe\",\"publisher\":{\"@id\":\"https:\/\/narteks.net\/#organization\"},\"alternateName\":\"K\u00fclt\u00fcr Sanat Edebiyat Felsefe\",\"potentialAction\":[{\"@type\":\"SearchAction\",\"target\":{\"@type\":\"EntryPoint\",\"urlTemplate\":\"https:\/\/narteks.net\/?s={search_term_string}\"},\"query-input\":{\"@type\":\"PropertyValueSpecification\",\"valueRequired\":true,\"valueName\":\"search_term_string\"}}],\"inLanguage\":\"tr\"},{\"@type\":\"Organization\",\"@id\":\"https:\/\/narteks.net\/#organization\",\"name\":\"narteks.net\",\"url\":\"https:\/\/narteks.net\/\",\"logo\":{\"@type\":\"ImageObject\",\"inLanguage\":\"tr\",\"@id\":\"https:\/\/narteks.net\/#\/schema\/logo\/image\/\",\"url\":\"https:\/\/narteks.net\/wp-content\/uploads\/narteks.png\",\"contentUrl\":\"https:\/\/narteks.net\/wp-content\/uploads\/narteks.png\",\"width\":300,\"height\":90,\"caption\":\"narteks.net\"},\"image\":{\"@id\":\"https:\/\/narteks.net\/#\/schema\/logo\/image\/\"},\"sameAs\":[\"https:\/\/x.com\/narteks\",\"https:\/\/instagram.com\/narteksnet\"]},{\"@type\":\"Person\",\"@id\":\"https:\/\/narteks.net\/#\/schema\/person\/61f37d9834294b72d31d274e7ed79bca\",\"name\":\"Tar\u0131k\",\"image\":{\"@type\":\"ImageObject\",\"inLanguage\":\"tr\",\"@id\":\"https:\/\/narteks.net\/#\/schema\/person\/image\/\",\"url\":\"https:\/\/secure.gravatar.com\/avatar\/50865afb55632c4ae467e0af0930f6510aa2297d8014be502a55b14f3b7550cf?s=96&d=mm&r=g\",\"contentUrl\":\"https:\/\/secure.gravatar.com\/avatar\/50865afb55632c4ae467e0af0930f6510aa2297d8014be502a55b14f3b7550cf?s=96&d=mm&r=g\",\"caption\":\"Tar\u0131k\"},\"sameAs\":[\"http:\/\/narteks.net\"],\"url\":\"https:\/\/narteks.net\/index.php\/author\/narbak\/\"}]}<\/script>\n<!-- \/ Yoast SEO Premium plugin. -->","yoast_head_json":{"title":"M\u00fczi\u011fin ba\u015flang\u0131c\u0131 - narteks.net","robots":{"index":"index","follow":"follow","max-snippet":"max-snippet:-1","max-image-preview":"max-image-preview:large","max-video-preview":"max-video-preview:-1"},"canonical":"https:\/\/narteks.net\/index.php\/2009\/12\/21\/mueziin-balangc\/","og_locale":"tr_TR","og_type":"article","og_title":"M\u00fczi\u011fin ba\u015flang\u0131c\u0131","og_description":"M\u00fczik en eski sanat dallar\u0131ndan biridir. Tarih\u00f6ncesi devirlerde ku\u015flar\u0131n \u00f6t\u00fc\u015f\u00fcnden, sular\u0131n \u015f\u0131r\u0131lt\u0131s\u0131ndan, ya\u011fmurun sesinden, r\u00fczg\u00e2r\u0131n ve k\u0131y\u0131ya vuran dalgalar\u0131n u\u011fultusundan esinlenen ilk insanlar, i\u00e7i bo\u015f bir k\u00fct\u00fc\u011fe deri ge\u00e7irip vurarak, hayvan ba\u011f\u0131rsaklar\u0131ndan yap\u0131lan ipleri \u00e7ekerek, boynuz, kemik ya da odundan borular\u0131 \u00fcfleyerek do\u011fadaki sesleri taklit etmeye ba\u015flad\u0131lar. Ba\u015flang\u0131\u00e7ta i\u015faret vermek amac\u0131yla kulland\u0131klar\u0131 bu sesleri sonralar\u0131 [&hellip;]","og_url":"https:\/\/narteks.net\/index.php\/2009\/12\/21\/mueziin-balangc\/","og_site_name":"narteks.net","article_published_time":"2009-12-21T07:06:08+00:00","og_image":[{"width":300,"height":90,"url":"https:\/\/narteks.net\/wp-content\/uploads\/narteks.png","type":"image\/png"}],"author":"Tar\u0131k","twitter_card":"summary_large_image","twitter_creator":"@narteks","twitter_site":"@narteks","twitter_misc":{"Yazan:":"Tar\u0131k","Tahmini okuma s\u00fcresi":"2 dakika"},"schema":{"@context":"https:\/\/schema.org","@graph":[{"@type":"Article","@id":"https:\/\/narteks.net\/index.php\/2009\/12\/21\/mueziin-balangc\/#article","isPartOf":{"@id":"https:\/\/narteks.net\/index.php\/2009\/12\/21\/mueziin-balangc\/"},"author":{"name":"Tar\u0131k","@id":"https:\/\/narteks.net\/#\/schema\/person\/61f37d9834294b72d31d274e7ed79bca"},"headline":"M\u00fczi\u011fin ba\u015flang\u0131c\u0131","datePublished":"2009-12-21T07:06:08+00:00","mainEntityOfPage":{"@id":"https:\/\/narteks.net\/index.php\/2009\/12\/21\/mueziin-balangc\/"},"wordCount":449,"commentCount":0,"publisher":{"@id":"https:\/\/narteks.net\/#organization"},"articleSection":["M\u00fczik Genel K\u00fclt\u00fcr"],"inLanguage":"tr","potentialAction":[{"@type":"CommentAction","name":"Comment","target":["https:\/\/narteks.net\/index.php\/2009\/12\/21\/mueziin-balangc\/#respond"]}]},{"@type":"WebPage","@id":"https:\/\/narteks.net\/index.php\/2009\/12\/21\/mueziin-balangc\/","url":"https:\/\/narteks.net\/index.php\/2009\/12\/21\/mueziin-balangc\/","name":"M\u00fczi\u011fin ba\u015flang\u0131c\u0131 - narteks.net","isPartOf":{"@id":"https:\/\/narteks.net\/#website"},"datePublished":"2009-12-21T07:06:08+00:00","breadcrumb":{"@id":"https:\/\/narteks.net\/index.php\/2009\/12\/21\/mueziin-balangc\/#breadcrumb"},"inLanguage":"tr","potentialAction":[{"@type":"ReadAction","target":["https:\/\/narteks.net\/index.php\/2009\/12\/21\/mueziin-balangc\/"]}]},{"@type":"BreadcrumbList","@id":"https:\/\/narteks.net\/index.php\/2009\/12\/21\/mueziin-balangc\/#breadcrumb","itemListElement":[{"@type":"ListItem","position":1,"name":"Anasayfa","item":"https:\/\/narteks.net\/"},{"@type":"ListItem","position":2,"name":"M\u00fczi\u011fin ba\u015flang\u0131c\u0131"}]},{"@type":"WebSite","@id":"https:\/\/narteks.net\/#website","url":"https:\/\/narteks.net\/","name":"narteks.net","description":"K\u00fclt\u00fcr Sanat Edebiyat Felsefe","publisher":{"@id":"https:\/\/narteks.net\/#organization"},"alternateName":"K\u00fclt\u00fcr Sanat Edebiyat Felsefe","potentialAction":[{"@type":"SearchAction","target":{"@type":"EntryPoint","urlTemplate":"https:\/\/narteks.net\/?s={search_term_string}"},"query-input":{"@type":"PropertyValueSpecification","valueRequired":true,"valueName":"search_term_string"}}],"inLanguage":"tr"},{"@type":"Organization","@id":"https:\/\/narteks.net\/#organization","name":"narteks.net","url":"https:\/\/narteks.net\/","logo":{"@type":"ImageObject","inLanguage":"tr","@id":"https:\/\/narteks.net\/#\/schema\/logo\/image\/","url":"https:\/\/narteks.net\/wp-content\/uploads\/narteks.png","contentUrl":"https:\/\/narteks.net\/wp-content\/uploads\/narteks.png","width":300,"height":90,"caption":"narteks.net"},"image":{"@id":"https:\/\/narteks.net\/#\/schema\/logo\/image\/"},"sameAs":["https:\/\/x.com\/narteks","https:\/\/instagram.com\/narteksnet"]},{"@type":"Person","@id":"https:\/\/narteks.net\/#\/schema\/person\/61f37d9834294b72d31d274e7ed79bca","name":"Tar\u0131k","image":{"@type":"ImageObject","inLanguage":"tr","@id":"https:\/\/narteks.net\/#\/schema\/person\/image\/","url":"https:\/\/secure.gravatar.com\/avatar\/50865afb55632c4ae467e0af0930f6510aa2297d8014be502a55b14f3b7550cf?s=96&d=mm&r=g","contentUrl":"https:\/\/secure.gravatar.com\/avatar\/50865afb55632c4ae467e0af0930f6510aa2297d8014be502a55b14f3b7550cf?s=96&d=mm&r=g","caption":"Tar\u0131k"},"sameAs":["http:\/\/narteks.net"],"url":"https:\/\/narteks.net\/index.php\/author\/narbak\/"}]}},"_links":{"self":[{"href":"https:\/\/narteks.net\/index.php\/wp-json\/wp\/v2\/posts\/2891","targetHints":{"allow":["GET"]}}],"collection":[{"href":"https:\/\/narteks.net\/index.php\/wp-json\/wp\/v2\/posts"}],"about":[{"href":"https:\/\/narteks.net\/index.php\/wp-json\/wp\/v2\/types\/post"}],"author":[{"embeddable":true,"href":"https:\/\/narteks.net\/index.php\/wp-json\/wp\/v2\/users\/1"}],"replies":[{"embeddable":true,"href":"https:\/\/narteks.net\/index.php\/wp-json\/wp\/v2\/comments?post=2891"}],"version-history":[{"count":0,"href":"https:\/\/narteks.net\/index.php\/wp-json\/wp\/v2\/posts\/2891\/revisions"}],"wp:attachment":[{"href":"https:\/\/narteks.net\/index.php\/wp-json\/wp\/v2\/media?parent=2891"}],"wp:term":[{"taxonomy":"category","embeddable":true,"href":"https:\/\/narteks.net\/index.php\/wp-json\/wp\/v2\/categories?post=2891"},{"taxonomy":"post_tag","embeddable":true,"href":"https:\/\/narteks.net\/index.php\/wp-json\/wp\/v2\/tags?post=2891"}],"curies":[{"name":"wp","href":"https:\/\/api.w.org\/{rel}","templated":true}]}}