{"id":2892,"date":"2009-12-21T10:07:17","date_gmt":"2009-12-21T07:07:17","guid":{"rendered":"http:\/\/localhost\/wordpress\/2009\/12\/21\/armoninin-douu\/"},"modified":"2009-12-21T10:07:17","modified_gmt":"2009-12-21T07:07:17","slug":"armoninin-douu","status":"publish","type":"post","link":"https:\/\/narteks.net\/index.php\/2009\/12\/21\/armoninin-douu\/","title":{"rendered":"Armoni&#8217;nin Do\u011fu\u015fu"},"content":{"rendered":"<p style=\"text-align: justify;\">9. y\u00fczy\u0131l\u0131n sonlar\u0131na do\u011fru H\u0131ristiyanl\u0131k&#8217;ta dinsel s\u00f6zleri i\u00e7eren tek sesli m\u00fczik (sequen-tia) yayg\u0131nl\u0131k kazand\u0131. Ayn\u0131 d\u00f6nemde iki ya da daha \u00e7ok sesin bir arada duyuldu\u011fu g\u00fcn\u00fcm\u00fczde organ\u0131m\u0131 olarak an\u0131lan armoninin ilk \u00f6rnekleri ortaya \u00e7\u0131kt\u0131. Korolar\u0131n ve koral m\u00fczi\u011fin kiliselere girmesi orta\u00e7a\u011fda ger\u00e7ekle\u015fti. <\/p>\n<p>11. y\u00fczy\u0131lda notalar d\u00f6rt paralel \u00e7izgi \u00fczerine yaz\u0131lmaya ba\u015fland\u0131. Bug\u00fcnk\u00fc nota yaz\u0131m\u0131 o d\u00f6nemde geli\u015ftirilen neuma yaz\u0131m\u0131ndan t\u00fcretildi. G\u00fcn\u00fcm\u00fczde kullan\u0131lan notasyon birlik, ikilik, d\u00f6rtl\u00fck, sekizlik, on alt\u0131l\u0131k, otuz ikilik ve altm\u0131\u015f d\u00f6rtl\u00fck notalardan olu\u015fur. <\/p>\n<p>12. ve 13. y\u00fczy\u0131llarda motet ad\u0131 verilen ayin m\u00fczi\u011fi, dind\u0131\u015f\u0131 m\u00fczikten etkilenerek yayg\u0131nl\u0131k kazand\u0131. Fransa&#8217;da bu m\u00fczik \u00eeroubadour ve truver denen sarayl\u0131 saz \u015fairleri ve gezgin halk ozanlar\u0131 taraf\u0131ndan geli\u015ftirildi. Almanya&#8217;da sevda \u015fark\u0131lar\u0131 s\u00f6yleyen Minnesinger&#8217;ler ortaya \u00e7\u0131kt\u0131. Madrigaller ve 13. y\u00fczy\u0131lda ba\u015flayan \u00e7alg\u0131l\u0131 m\u00fczik Avrupa&#8217;da yayg\u0131nla\u015ft\u0131.<\/p>\n","protected":false},"excerpt":{"rendered":"<p>9. y\u00fczy\u0131l\u0131n sonlar\u0131na do\u011fru H\u0131ristiyanl\u0131k&#8217;ta dinsel s\u00f6zleri i\u00e7eren tek sesli m\u00fczik (sequen-tia) yayg\u0131nl\u0131k kazand\u0131. Ayn\u0131 d\u00f6nemde iki ya da daha \u00e7ok sesin bir arada duyuldu\u011fu g\u00fcn\u00fcm\u00fczde organ\u0131m\u0131 olarak an\u0131lan armoninin ilk \u00f6rnekleri ortaya \u00e7\u0131kt\u0131. Korolar\u0131n ve koral m\u00fczi\u011fin kiliselere girmesi orta\u00e7a\u011fda ger\u00e7ekle\u015fti. 11. y\u00fczy\u0131lda notalar d\u00f6rt paralel \u00e7izgi \u00fczerine yaz\u0131lmaya ba\u015fland\u0131. Bug\u00fcnk\u00fc nota yaz\u0131m\u0131 o [&hellip;]<\/p>\n","protected":false},"author":1,"featured_media":0,"comment_status":"open","ping_status":"open","sticky":false,"template":"","format":"standard","meta":{"footnotes":""},"categories":[93],"tags":[],"class_list":{"0":"post-2892","1":"post","2":"type-post","3":"status-publish","4":"format-standard","6":"category-muzik-genel-kultur"},"yoast_head":"<!-- This site is optimized with the Yoast SEO Premium plugin v24.9 (Yoast SEO v24.9) - https:\/\/yoast.com\/wordpress\/plugins\/seo\/ -->\n<title>Armoni&#039;nin Do\u011fu\u015fu - narteks.net<\/title>\n<meta name=\"robots\" content=\"index, follow, max-snippet:-1, max-image-preview:large, max-video-preview:-1\" \/>\n<link rel=\"canonical\" href=\"https:\/\/narteks.net\/index.php\/2009\/12\/21\/armoninin-douu\/\" \/>\n<meta property=\"og:locale\" content=\"tr_TR\" \/>\n<meta property=\"og:type\" content=\"article\" \/>\n<meta property=\"og:title\" content=\"Armoni&#039;nin Do\u011fu\u015fu\" \/>\n<meta property=\"og:description\" content=\"9. y\u00fczy\u0131l\u0131n sonlar\u0131na do\u011fru H\u0131ristiyanl\u0131k&#8217;ta dinsel s\u00f6zleri i\u00e7eren tek sesli m\u00fczik (sequen-tia) yayg\u0131nl\u0131k kazand\u0131. Ayn\u0131 d\u00f6nemde iki ya da daha \u00e7ok sesin bir arada duyuldu\u011fu g\u00fcn\u00fcm\u00fczde organ\u0131m\u0131 olarak an\u0131lan armoninin ilk \u00f6rnekleri ortaya \u00e7\u0131kt\u0131. Korolar\u0131n ve koral m\u00fczi\u011fin kiliselere girmesi orta\u00e7a\u011fda ger\u00e7ekle\u015fti. 11. y\u00fczy\u0131lda notalar d\u00f6rt paralel \u00e7izgi \u00fczerine yaz\u0131lmaya ba\u015fland\u0131. Bug\u00fcnk\u00fc nota yaz\u0131m\u0131 o [&hellip;]\" \/>\n<meta property=\"og:url\" content=\"https:\/\/narteks.net\/index.php\/2009\/12\/21\/armoninin-douu\/\" \/>\n<meta property=\"og:site_name\" content=\"narteks.net\" \/>\n<meta property=\"article:published_time\" content=\"2009-12-21T07:07:17+00:00\" \/>\n<meta property=\"og:image\" content=\"https:\/\/narteks.net\/wp-content\/uploads\/narteks.png\" \/>\n\t<meta property=\"og:image:width\" content=\"300\" \/>\n\t<meta property=\"og:image:height\" content=\"90\" \/>\n\t<meta property=\"og:image:type\" content=\"image\/png\" \/>\n<meta name=\"author\" content=\"Tar\u0131k\" \/>\n<meta name=\"twitter:card\" content=\"summary_large_image\" \/>\n<meta name=\"twitter:creator\" content=\"@narteks\" \/>\n<meta name=\"twitter:site\" content=\"@narteks\" \/>\n<meta name=\"twitter:label1\" content=\"Yazan:\" \/>\n\t<meta name=\"twitter:data1\" content=\"Tar\u0131k\" \/>\n\t<meta name=\"twitter:label2\" content=\"Tahmini okuma s\u00fcresi\" \/>\n\t<meta name=\"twitter:data2\" content=\"1 dakika\" \/>\n<script type=\"application\/ld+json\" class=\"yoast-schema-graph\">{\"@context\":\"https:\/\/schema.org\",\"@graph\":[{\"@type\":\"Article\",\"@id\":\"https:\/\/narteks.net\/index.php\/2009\/12\/21\/armoninin-douu\/#article\",\"isPartOf\":{\"@id\":\"https:\/\/narteks.net\/index.php\/2009\/12\/21\/armoninin-douu\/\"},\"author\":{\"name\":\"Tar\u0131k\",\"@id\":\"https:\/\/narteks.net\/#\/schema\/person\/61f37d9834294b72d31d274e7ed79bca\"},\"headline\":\"Armoni&#8217;nin Do\u011fu\u015fu\",\"datePublished\":\"2009-12-21T07:07:17+00:00\",\"mainEntityOfPage\":{\"@id\":\"https:\/\/narteks.net\/index.php\/2009\/12\/21\/armoninin-douu\/\"},\"wordCount\":189,\"commentCount\":0,\"publisher\":{\"@id\":\"https:\/\/narteks.net\/#organization\"},\"articleSection\":[\"M\u00fczik Genel K\u00fclt\u00fcr\"],\"inLanguage\":\"tr\",\"potentialAction\":[{\"@type\":\"CommentAction\",\"name\":\"Comment\",\"target\":[\"https:\/\/narteks.net\/index.php\/2009\/12\/21\/armoninin-douu\/#respond\"]}]},{\"@type\":\"WebPage\",\"@id\":\"https:\/\/narteks.net\/index.php\/2009\/12\/21\/armoninin-douu\/\",\"url\":\"https:\/\/narteks.net\/index.php\/2009\/12\/21\/armoninin-douu\/\",\"name\":\"Armoni'nin Do\u011fu\u015fu - narteks.net\",\"isPartOf\":{\"@id\":\"https:\/\/narteks.net\/#website\"},\"datePublished\":\"2009-12-21T07:07:17+00:00\",\"breadcrumb\":{\"@id\":\"https:\/\/narteks.net\/index.php\/2009\/12\/21\/armoninin-douu\/#breadcrumb\"},\"inLanguage\":\"tr\",\"potentialAction\":[{\"@type\":\"ReadAction\",\"target\":[\"https:\/\/narteks.net\/index.php\/2009\/12\/21\/armoninin-douu\/\"]}]},{\"@type\":\"BreadcrumbList\",\"@id\":\"https:\/\/narteks.net\/index.php\/2009\/12\/21\/armoninin-douu\/#breadcrumb\",\"itemListElement\":[{\"@type\":\"ListItem\",\"position\":1,\"name\":\"Anasayfa\",\"item\":\"https:\/\/narteks.net\/\"},{\"@type\":\"ListItem\",\"position\":2,\"name\":\"Armoni&#8217;nin Do\u011fu\u015fu\"}]},{\"@type\":\"WebSite\",\"@id\":\"https:\/\/narteks.net\/#website\",\"url\":\"https:\/\/narteks.net\/\",\"name\":\"narteks.net\",\"description\":\"K\u00fclt\u00fcr Sanat Edebiyat Felsefe\",\"publisher\":{\"@id\":\"https:\/\/narteks.net\/#organization\"},\"alternateName\":\"K\u00fclt\u00fcr Sanat Edebiyat Felsefe\",\"potentialAction\":[{\"@type\":\"SearchAction\",\"target\":{\"@type\":\"EntryPoint\",\"urlTemplate\":\"https:\/\/narteks.net\/?s={search_term_string}\"},\"query-input\":{\"@type\":\"PropertyValueSpecification\",\"valueRequired\":true,\"valueName\":\"search_term_string\"}}],\"inLanguage\":\"tr\"},{\"@type\":\"Organization\",\"@id\":\"https:\/\/narteks.net\/#organization\",\"name\":\"narteks.net\",\"url\":\"https:\/\/narteks.net\/\",\"logo\":{\"@type\":\"ImageObject\",\"inLanguage\":\"tr\",\"@id\":\"https:\/\/narteks.net\/#\/schema\/logo\/image\/\",\"url\":\"https:\/\/narteks.net\/wp-content\/uploads\/narteks.png\",\"contentUrl\":\"https:\/\/narteks.net\/wp-content\/uploads\/narteks.png\",\"width\":300,\"height\":90,\"caption\":\"narteks.net\"},\"image\":{\"@id\":\"https:\/\/narteks.net\/#\/schema\/logo\/image\/\"},\"sameAs\":[\"https:\/\/x.com\/narteks\",\"https:\/\/instagram.com\/narteksnet\"]},{\"@type\":\"Person\",\"@id\":\"https:\/\/narteks.net\/#\/schema\/person\/61f37d9834294b72d31d274e7ed79bca\",\"name\":\"Tar\u0131k\",\"image\":{\"@type\":\"ImageObject\",\"inLanguage\":\"tr\",\"@id\":\"https:\/\/narteks.net\/#\/schema\/person\/image\/\",\"url\":\"https:\/\/secure.gravatar.com\/avatar\/50865afb55632c4ae467e0af0930f6510aa2297d8014be502a55b14f3b7550cf?s=96&d=mm&r=g\",\"contentUrl\":\"https:\/\/secure.gravatar.com\/avatar\/50865afb55632c4ae467e0af0930f6510aa2297d8014be502a55b14f3b7550cf?s=96&d=mm&r=g\",\"caption\":\"Tar\u0131k\"},\"sameAs\":[\"http:\/\/narteks.net\"],\"url\":\"https:\/\/narteks.net\/index.php\/author\/narbak\/\"}]}<\/script>\n<!-- \/ Yoast SEO Premium plugin. -->","yoast_head_json":{"title":"Armoni'nin Do\u011fu\u015fu - narteks.net","robots":{"index":"index","follow":"follow","max-snippet":"max-snippet:-1","max-image-preview":"max-image-preview:large","max-video-preview":"max-video-preview:-1"},"canonical":"https:\/\/narteks.net\/index.php\/2009\/12\/21\/armoninin-douu\/","og_locale":"tr_TR","og_type":"article","og_title":"Armoni'nin Do\u011fu\u015fu","og_description":"9. y\u00fczy\u0131l\u0131n sonlar\u0131na do\u011fru H\u0131ristiyanl\u0131k&#8217;ta dinsel s\u00f6zleri i\u00e7eren tek sesli m\u00fczik (sequen-tia) yayg\u0131nl\u0131k kazand\u0131. Ayn\u0131 d\u00f6nemde iki ya da daha \u00e7ok sesin bir arada duyuldu\u011fu g\u00fcn\u00fcm\u00fczde organ\u0131m\u0131 olarak an\u0131lan armoninin ilk \u00f6rnekleri ortaya \u00e7\u0131kt\u0131. Korolar\u0131n ve koral m\u00fczi\u011fin kiliselere girmesi orta\u00e7a\u011fda ger\u00e7ekle\u015fti. 11. y\u00fczy\u0131lda notalar d\u00f6rt paralel \u00e7izgi \u00fczerine yaz\u0131lmaya ba\u015fland\u0131. Bug\u00fcnk\u00fc nota yaz\u0131m\u0131 o [&hellip;]","og_url":"https:\/\/narteks.net\/index.php\/2009\/12\/21\/armoninin-douu\/","og_site_name":"narteks.net","article_published_time":"2009-12-21T07:07:17+00:00","og_image":[{"width":300,"height":90,"url":"https:\/\/narteks.net\/wp-content\/uploads\/narteks.png","type":"image\/png"}],"author":"Tar\u0131k","twitter_card":"summary_large_image","twitter_creator":"@narteks","twitter_site":"@narteks","twitter_misc":{"Yazan:":"Tar\u0131k","Tahmini okuma s\u00fcresi":"1 dakika"},"schema":{"@context":"https:\/\/schema.org","@graph":[{"@type":"Article","@id":"https:\/\/narteks.net\/index.php\/2009\/12\/21\/armoninin-douu\/#article","isPartOf":{"@id":"https:\/\/narteks.net\/index.php\/2009\/12\/21\/armoninin-douu\/"},"author":{"name":"Tar\u0131k","@id":"https:\/\/narteks.net\/#\/schema\/person\/61f37d9834294b72d31d274e7ed79bca"},"headline":"Armoni&#8217;nin Do\u011fu\u015fu","datePublished":"2009-12-21T07:07:17+00:00","mainEntityOfPage":{"@id":"https:\/\/narteks.net\/index.php\/2009\/12\/21\/armoninin-douu\/"},"wordCount":189,"commentCount":0,"publisher":{"@id":"https:\/\/narteks.net\/#organization"},"articleSection":["M\u00fczik Genel K\u00fclt\u00fcr"],"inLanguage":"tr","potentialAction":[{"@type":"CommentAction","name":"Comment","target":["https:\/\/narteks.net\/index.php\/2009\/12\/21\/armoninin-douu\/#respond"]}]},{"@type":"WebPage","@id":"https:\/\/narteks.net\/index.php\/2009\/12\/21\/armoninin-douu\/","url":"https:\/\/narteks.net\/index.php\/2009\/12\/21\/armoninin-douu\/","name":"Armoni'nin Do\u011fu\u015fu - narteks.net","isPartOf":{"@id":"https:\/\/narteks.net\/#website"},"datePublished":"2009-12-21T07:07:17+00:00","breadcrumb":{"@id":"https:\/\/narteks.net\/index.php\/2009\/12\/21\/armoninin-douu\/#breadcrumb"},"inLanguage":"tr","potentialAction":[{"@type":"ReadAction","target":["https:\/\/narteks.net\/index.php\/2009\/12\/21\/armoninin-douu\/"]}]},{"@type":"BreadcrumbList","@id":"https:\/\/narteks.net\/index.php\/2009\/12\/21\/armoninin-douu\/#breadcrumb","itemListElement":[{"@type":"ListItem","position":1,"name":"Anasayfa","item":"https:\/\/narteks.net\/"},{"@type":"ListItem","position":2,"name":"Armoni&#8217;nin Do\u011fu\u015fu"}]},{"@type":"WebSite","@id":"https:\/\/narteks.net\/#website","url":"https:\/\/narteks.net\/","name":"narteks.net","description":"K\u00fclt\u00fcr Sanat Edebiyat Felsefe","publisher":{"@id":"https:\/\/narteks.net\/#organization"},"alternateName":"K\u00fclt\u00fcr Sanat Edebiyat Felsefe","potentialAction":[{"@type":"SearchAction","target":{"@type":"EntryPoint","urlTemplate":"https:\/\/narteks.net\/?s={search_term_string}"},"query-input":{"@type":"PropertyValueSpecification","valueRequired":true,"valueName":"search_term_string"}}],"inLanguage":"tr"},{"@type":"Organization","@id":"https:\/\/narteks.net\/#organization","name":"narteks.net","url":"https:\/\/narteks.net\/","logo":{"@type":"ImageObject","inLanguage":"tr","@id":"https:\/\/narteks.net\/#\/schema\/logo\/image\/","url":"https:\/\/narteks.net\/wp-content\/uploads\/narteks.png","contentUrl":"https:\/\/narteks.net\/wp-content\/uploads\/narteks.png","width":300,"height":90,"caption":"narteks.net"},"image":{"@id":"https:\/\/narteks.net\/#\/schema\/logo\/image\/"},"sameAs":["https:\/\/x.com\/narteks","https:\/\/instagram.com\/narteksnet"]},{"@type":"Person","@id":"https:\/\/narteks.net\/#\/schema\/person\/61f37d9834294b72d31d274e7ed79bca","name":"Tar\u0131k","image":{"@type":"ImageObject","inLanguage":"tr","@id":"https:\/\/narteks.net\/#\/schema\/person\/image\/","url":"https:\/\/secure.gravatar.com\/avatar\/50865afb55632c4ae467e0af0930f6510aa2297d8014be502a55b14f3b7550cf?s=96&d=mm&r=g","contentUrl":"https:\/\/secure.gravatar.com\/avatar\/50865afb55632c4ae467e0af0930f6510aa2297d8014be502a55b14f3b7550cf?s=96&d=mm&r=g","caption":"Tar\u0131k"},"sameAs":["http:\/\/narteks.net"],"url":"https:\/\/narteks.net\/index.php\/author\/narbak\/"}]}},"_links":{"self":[{"href":"https:\/\/narteks.net\/index.php\/wp-json\/wp\/v2\/posts\/2892","targetHints":{"allow":["GET"]}}],"collection":[{"href":"https:\/\/narteks.net\/index.php\/wp-json\/wp\/v2\/posts"}],"about":[{"href":"https:\/\/narteks.net\/index.php\/wp-json\/wp\/v2\/types\/post"}],"author":[{"embeddable":true,"href":"https:\/\/narteks.net\/index.php\/wp-json\/wp\/v2\/users\/1"}],"replies":[{"embeddable":true,"href":"https:\/\/narteks.net\/index.php\/wp-json\/wp\/v2\/comments?post=2892"}],"version-history":[{"count":0,"href":"https:\/\/narteks.net\/index.php\/wp-json\/wp\/v2\/posts\/2892\/revisions"}],"wp:attachment":[{"href":"https:\/\/narteks.net\/index.php\/wp-json\/wp\/v2\/media?parent=2892"}],"wp:term":[{"taxonomy":"category","embeddable":true,"href":"https:\/\/narteks.net\/index.php\/wp-json\/wp\/v2\/categories?post=2892"},{"taxonomy":"post_tag","embeddable":true,"href":"https:\/\/narteks.net\/index.php\/wp-json\/wp\/v2\/tags?post=2892"}],"curies":[{"name":"wp","href":"https:\/\/api.w.org\/{rel}","templated":true}]}}