{"id":2894,"date":"2009-12-21T10:08:39","date_gmt":"2009-12-21T07:08:39","guid":{"rendered":"http:\/\/localhost\/wordpress\/2009\/12\/21\/barok-muezikten-klasik-muezie\/"},"modified":"2009-12-21T10:08:39","modified_gmt":"2009-12-21T07:08:39","slug":"barok-muezikten-klasik-muezie","status":"publish","type":"post","link":"https:\/\/narteks.net\/index.php\/2009\/12\/21\/barok-muezikten-klasik-muezie\/","title":{"rendered":"Barok M\u00fczikten Klasik M\u00fczi\u011fe"},"content":{"rendered":"<p style=\"text-align: justify;\">M\u00fczikte 17. y\u00fczy\u0131l ile 18. y\u00fczy\u0131l\u0131n ilk yar\u0131s\u0131 aras\u0131ndaki d\u00f6nem barok d\u00f6nem olarak bilinir. Dinsel ve dind\u0131\u015f\u0131 m\u00fczi\u011fin kesin olarak birbirinden ayr\u0131ld\u0131\u011f\u0131 bu d\u00f6nemdeki en \u00f6nemli geli\u015fmelerden biri de \u00e7alg\u0131 e\u015fli\u011finde s\u00f6ylenen dind\u0131\u015f\u0131 solo \u015fark\u0131lard\u0131. Bu \u015fark\u0131lar sonradan geli\u015fecek olan operan\u0131n ilk \u00f6rnekleri say\u0131l\u0131r. Gene ayn\u0131 d\u00f6nemde b\u00fcy\u00fck besteci Johann Sebastian Bach, k\u0131sa bir teman\u0131n belirli aral\u0131klarla yinelenmesinden olu\u015fan f\u00fcg&#8217;\u00fc yetkinle\u015ftirdi. Barok d\u00f6nem bug\u00fcn bildi\u011fimiz anlamda orkestralar\u0131n ilk \u00f6rneklerinin kuruldu\u011fu, \u00e7alg\u0131lar\u0131n bug\u00fcnk\u00fc bi\u00e7imini almaya ba\u015flad\u0131\u011f\u0131 bir d\u00f6nemdi. <\/p>\n<p>Barok d\u00f6neminin en b\u00fcy\u00fck bestecileri \u0130talyan Claudio Monteverdi, Alman Heinrich Sch\u00fctz, Johann Sebastian Bach, Georg Fried-rich H\u00e2ndel ve \u0130ngiliz Henry Purcell&#8217;dir. <\/p>\n<p>O d\u00f6nemde Fransa&#8217;n\u0131n yeti\u015ftirdi\u011fi b\u00fcy\u00fck besteciler Jean Baptiste Lully, Fran\u00e7ois Cou-perin ve Jean-Philippe Rameau&#8217;dur. Lully, Frans\u0131z orkestra m\u00fczi\u011finin ve opera gelene\u011finin kurucusu, Couperin klavsen m\u00fczi\u011fini yet-kinle\u015ftiren besteci, Rameau ise yetkin bir besteci olman\u0131n yan\u0131 s\u0131ra, armoni biliminin kurucusu olarak tan\u0131n\u0131r. <\/p>\n<p>1740&#8217;larda Almanya&#8217;da Mannheim Saray\u0131&#8217;nda, Johann Wenzel Anton Stamitz&#8217;in kurdu\u011fu orkestra, kon\u00e7erto ve senfoni gibi bir\u00e7ok yeni m\u00fczik bi\u00e7imlerinin geli\u015fmesinde \u00f6nemli rol oynad\u0131.<\/p>\n","protected":false},"excerpt":{"rendered":"<p>M\u00fczikte 17. y\u00fczy\u0131l ile 18. y\u00fczy\u0131l\u0131n ilk yar\u0131s\u0131 aras\u0131ndaki d\u00f6nem barok d\u00f6nem olarak bilinir. Dinsel ve dind\u0131\u015f\u0131 m\u00fczi\u011fin kesin olarak birbirinden ayr\u0131ld\u0131\u011f\u0131 bu d\u00f6nemdeki en \u00f6nemli geli\u015fmelerden biri de \u00e7alg\u0131 e\u015fli\u011finde s\u00f6ylenen dind\u0131\u015f\u0131 solo \u015fark\u0131lard\u0131. Bu \u015fark\u0131lar sonradan geli\u015fecek olan operan\u0131n ilk \u00f6rnekleri say\u0131l\u0131r. Gene ayn\u0131 d\u00f6nemde b\u00fcy\u00fck besteci Johann Sebastian Bach, k\u0131sa bir teman\u0131n [&hellip;]<\/p>\n","protected":false},"author":1,"featured_media":0,"comment_status":"open","ping_status":"open","sticky":false,"template":"","format":"standard","meta":{"footnotes":""},"categories":[93],"tags":[],"class_list":{"0":"post-2894","1":"post","2":"type-post","3":"status-publish","4":"format-standard","6":"category-muzik-genel-kultur"},"yoast_head":"<!-- This site is optimized with the Yoast SEO Premium plugin v24.9 (Yoast SEO v24.9) - https:\/\/yoast.com\/wordpress\/plugins\/seo\/ -->\n<title>Barok M\u00fczikten Klasik M\u00fczi\u011fe - narteks.net<\/title>\n<meta name=\"robots\" content=\"index, follow, max-snippet:-1, max-image-preview:large, max-video-preview:-1\" \/>\n<link rel=\"canonical\" href=\"https:\/\/narteks.net\/index.php\/2009\/12\/21\/barok-muezikten-klasik-muezie\/\" \/>\n<meta property=\"og:locale\" content=\"tr_TR\" \/>\n<meta property=\"og:type\" content=\"article\" \/>\n<meta property=\"og:title\" content=\"Barok M\u00fczikten Klasik M\u00fczi\u011fe\" \/>\n<meta property=\"og:description\" content=\"M\u00fczikte 17. y\u00fczy\u0131l ile 18. y\u00fczy\u0131l\u0131n ilk yar\u0131s\u0131 aras\u0131ndaki d\u00f6nem barok d\u00f6nem olarak bilinir. Dinsel ve dind\u0131\u015f\u0131 m\u00fczi\u011fin kesin olarak birbirinden ayr\u0131ld\u0131\u011f\u0131 bu d\u00f6nemdeki en \u00f6nemli geli\u015fmelerden biri de \u00e7alg\u0131 e\u015fli\u011finde s\u00f6ylenen dind\u0131\u015f\u0131 solo \u015fark\u0131lard\u0131. Bu \u015fark\u0131lar sonradan geli\u015fecek olan operan\u0131n ilk \u00f6rnekleri say\u0131l\u0131r. Gene ayn\u0131 d\u00f6nemde b\u00fcy\u00fck besteci Johann Sebastian Bach, k\u0131sa bir teman\u0131n [&hellip;]\" \/>\n<meta property=\"og:url\" content=\"https:\/\/narteks.net\/index.php\/2009\/12\/21\/barok-muezikten-klasik-muezie\/\" \/>\n<meta property=\"og:site_name\" content=\"narteks.net\" \/>\n<meta property=\"article:published_time\" content=\"2009-12-21T07:08:39+00:00\" \/>\n<meta property=\"og:image\" content=\"https:\/\/narteks.net\/wp-content\/uploads\/narteks.png\" \/>\n\t<meta property=\"og:image:width\" content=\"300\" \/>\n\t<meta property=\"og:image:height\" content=\"90\" \/>\n\t<meta property=\"og:image:type\" content=\"image\/png\" \/>\n<meta name=\"author\" content=\"Tar\u0131k\" \/>\n<meta name=\"twitter:card\" content=\"summary_large_image\" \/>\n<meta name=\"twitter:creator\" content=\"@narteks\" \/>\n<meta name=\"twitter:site\" content=\"@narteks\" \/>\n<meta name=\"twitter:label1\" content=\"Yazan:\" \/>\n\t<meta name=\"twitter:data1\" content=\"Tar\u0131k\" \/>\n\t<meta name=\"twitter:label2\" content=\"Tahmini okuma s\u00fcresi\" \/>\n\t<meta name=\"twitter:data2\" content=\"1 dakika\" \/>\n<script type=\"application\/ld+json\" class=\"yoast-schema-graph\">{\"@context\":\"https:\/\/schema.org\",\"@graph\":[{\"@type\":\"Article\",\"@id\":\"https:\/\/narteks.net\/index.php\/2009\/12\/21\/barok-muezikten-klasik-muezie\/#article\",\"isPartOf\":{\"@id\":\"https:\/\/narteks.net\/index.php\/2009\/12\/21\/barok-muezikten-klasik-muezie\/\"},\"author\":{\"name\":\"Tar\u0131k\",\"@id\":\"https:\/\/narteks.net\/#\/schema\/person\/61f37d9834294b72d31d274e7ed79bca\"},\"headline\":\"Barok M\u00fczikten Klasik M\u00fczi\u011fe\",\"datePublished\":\"2009-12-21T07:08:39+00:00\",\"mainEntityOfPage\":{\"@id\":\"https:\/\/narteks.net\/index.php\/2009\/12\/21\/barok-muezikten-klasik-muezie\/\"},\"wordCount\":239,\"commentCount\":0,\"publisher\":{\"@id\":\"https:\/\/narteks.net\/#organization\"},\"articleSection\":[\"M\u00fczik Genel K\u00fclt\u00fcr\"],\"inLanguage\":\"tr\",\"potentialAction\":[{\"@type\":\"CommentAction\",\"name\":\"Comment\",\"target\":[\"https:\/\/narteks.net\/index.php\/2009\/12\/21\/barok-muezikten-klasik-muezie\/#respond\"]}]},{\"@type\":\"WebPage\",\"@id\":\"https:\/\/narteks.net\/index.php\/2009\/12\/21\/barok-muezikten-klasik-muezie\/\",\"url\":\"https:\/\/narteks.net\/index.php\/2009\/12\/21\/barok-muezikten-klasik-muezie\/\",\"name\":\"Barok M\u00fczikten Klasik M\u00fczi\u011fe - narteks.net\",\"isPartOf\":{\"@id\":\"https:\/\/narteks.net\/#website\"},\"datePublished\":\"2009-12-21T07:08:39+00:00\",\"breadcrumb\":{\"@id\":\"https:\/\/narteks.net\/index.php\/2009\/12\/21\/barok-muezikten-klasik-muezie\/#breadcrumb\"},\"inLanguage\":\"tr\",\"potentialAction\":[{\"@type\":\"ReadAction\",\"target\":[\"https:\/\/narteks.net\/index.php\/2009\/12\/21\/barok-muezikten-klasik-muezie\/\"]}]},{\"@type\":\"BreadcrumbList\",\"@id\":\"https:\/\/narteks.net\/index.php\/2009\/12\/21\/barok-muezikten-klasik-muezie\/#breadcrumb\",\"itemListElement\":[{\"@type\":\"ListItem\",\"position\":1,\"name\":\"Anasayfa\",\"item\":\"https:\/\/narteks.net\/\"},{\"@type\":\"ListItem\",\"position\":2,\"name\":\"Barok M\u00fczikten Klasik M\u00fczi\u011fe\"}]},{\"@type\":\"WebSite\",\"@id\":\"https:\/\/narteks.net\/#website\",\"url\":\"https:\/\/narteks.net\/\",\"name\":\"narteks.net\",\"description\":\"K\u00fclt\u00fcr Sanat Edebiyat Felsefe\",\"publisher\":{\"@id\":\"https:\/\/narteks.net\/#organization\"},\"alternateName\":\"K\u00fclt\u00fcr Sanat Edebiyat Felsefe\",\"potentialAction\":[{\"@type\":\"SearchAction\",\"target\":{\"@type\":\"EntryPoint\",\"urlTemplate\":\"https:\/\/narteks.net\/?s={search_term_string}\"},\"query-input\":{\"@type\":\"PropertyValueSpecification\",\"valueRequired\":true,\"valueName\":\"search_term_string\"}}],\"inLanguage\":\"tr\"},{\"@type\":\"Organization\",\"@id\":\"https:\/\/narteks.net\/#organization\",\"name\":\"narteks.net\",\"url\":\"https:\/\/narteks.net\/\",\"logo\":{\"@type\":\"ImageObject\",\"inLanguage\":\"tr\",\"@id\":\"https:\/\/narteks.net\/#\/schema\/logo\/image\/\",\"url\":\"https:\/\/narteks.net\/wp-content\/uploads\/narteks.png\",\"contentUrl\":\"https:\/\/narteks.net\/wp-content\/uploads\/narteks.png\",\"width\":300,\"height\":90,\"caption\":\"narteks.net\"},\"image\":{\"@id\":\"https:\/\/narteks.net\/#\/schema\/logo\/image\/\"},\"sameAs\":[\"https:\/\/x.com\/narteks\",\"https:\/\/instagram.com\/narteksnet\"]},{\"@type\":\"Person\",\"@id\":\"https:\/\/narteks.net\/#\/schema\/person\/61f37d9834294b72d31d274e7ed79bca\",\"name\":\"Tar\u0131k\",\"image\":{\"@type\":\"ImageObject\",\"inLanguage\":\"tr\",\"@id\":\"https:\/\/narteks.net\/#\/schema\/person\/image\/\",\"url\":\"https:\/\/secure.gravatar.com\/avatar\/50865afb55632c4ae467e0af0930f6510aa2297d8014be502a55b14f3b7550cf?s=96&d=mm&r=g\",\"contentUrl\":\"https:\/\/secure.gravatar.com\/avatar\/50865afb55632c4ae467e0af0930f6510aa2297d8014be502a55b14f3b7550cf?s=96&d=mm&r=g\",\"caption\":\"Tar\u0131k\"},\"sameAs\":[\"http:\/\/narteks.net\"],\"url\":\"https:\/\/narteks.net\/index.php\/author\/narbak\/\"}]}<\/script>\n<!-- \/ Yoast SEO Premium plugin. -->","yoast_head_json":{"title":"Barok M\u00fczikten Klasik M\u00fczi\u011fe - narteks.net","robots":{"index":"index","follow":"follow","max-snippet":"max-snippet:-1","max-image-preview":"max-image-preview:large","max-video-preview":"max-video-preview:-1"},"canonical":"https:\/\/narteks.net\/index.php\/2009\/12\/21\/barok-muezikten-klasik-muezie\/","og_locale":"tr_TR","og_type":"article","og_title":"Barok M\u00fczikten Klasik M\u00fczi\u011fe","og_description":"M\u00fczikte 17. y\u00fczy\u0131l ile 18. y\u00fczy\u0131l\u0131n ilk yar\u0131s\u0131 aras\u0131ndaki d\u00f6nem barok d\u00f6nem olarak bilinir. Dinsel ve dind\u0131\u015f\u0131 m\u00fczi\u011fin kesin olarak birbirinden ayr\u0131ld\u0131\u011f\u0131 bu d\u00f6nemdeki en \u00f6nemli geli\u015fmelerden biri de \u00e7alg\u0131 e\u015fli\u011finde s\u00f6ylenen dind\u0131\u015f\u0131 solo \u015fark\u0131lard\u0131. Bu \u015fark\u0131lar sonradan geli\u015fecek olan operan\u0131n ilk \u00f6rnekleri say\u0131l\u0131r. Gene ayn\u0131 d\u00f6nemde b\u00fcy\u00fck besteci Johann Sebastian Bach, k\u0131sa bir teman\u0131n [&hellip;]","og_url":"https:\/\/narteks.net\/index.php\/2009\/12\/21\/barok-muezikten-klasik-muezie\/","og_site_name":"narteks.net","article_published_time":"2009-12-21T07:08:39+00:00","og_image":[{"width":300,"height":90,"url":"https:\/\/narteks.net\/wp-content\/uploads\/narteks.png","type":"image\/png"}],"author":"Tar\u0131k","twitter_card":"summary_large_image","twitter_creator":"@narteks","twitter_site":"@narteks","twitter_misc":{"Yazan:":"Tar\u0131k","Tahmini okuma s\u00fcresi":"1 dakika"},"schema":{"@context":"https:\/\/schema.org","@graph":[{"@type":"Article","@id":"https:\/\/narteks.net\/index.php\/2009\/12\/21\/barok-muezikten-klasik-muezie\/#article","isPartOf":{"@id":"https:\/\/narteks.net\/index.php\/2009\/12\/21\/barok-muezikten-klasik-muezie\/"},"author":{"name":"Tar\u0131k","@id":"https:\/\/narteks.net\/#\/schema\/person\/61f37d9834294b72d31d274e7ed79bca"},"headline":"Barok M\u00fczikten Klasik M\u00fczi\u011fe","datePublished":"2009-12-21T07:08:39+00:00","mainEntityOfPage":{"@id":"https:\/\/narteks.net\/index.php\/2009\/12\/21\/barok-muezikten-klasik-muezie\/"},"wordCount":239,"commentCount":0,"publisher":{"@id":"https:\/\/narteks.net\/#organization"},"articleSection":["M\u00fczik Genel K\u00fclt\u00fcr"],"inLanguage":"tr","potentialAction":[{"@type":"CommentAction","name":"Comment","target":["https:\/\/narteks.net\/index.php\/2009\/12\/21\/barok-muezikten-klasik-muezie\/#respond"]}]},{"@type":"WebPage","@id":"https:\/\/narteks.net\/index.php\/2009\/12\/21\/barok-muezikten-klasik-muezie\/","url":"https:\/\/narteks.net\/index.php\/2009\/12\/21\/barok-muezikten-klasik-muezie\/","name":"Barok M\u00fczikten Klasik M\u00fczi\u011fe - narteks.net","isPartOf":{"@id":"https:\/\/narteks.net\/#website"},"datePublished":"2009-12-21T07:08:39+00:00","breadcrumb":{"@id":"https:\/\/narteks.net\/index.php\/2009\/12\/21\/barok-muezikten-klasik-muezie\/#breadcrumb"},"inLanguage":"tr","potentialAction":[{"@type":"ReadAction","target":["https:\/\/narteks.net\/index.php\/2009\/12\/21\/barok-muezikten-klasik-muezie\/"]}]},{"@type":"BreadcrumbList","@id":"https:\/\/narteks.net\/index.php\/2009\/12\/21\/barok-muezikten-klasik-muezie\/#breadcrumb","itemListElement":[{"@type":"ListItem","position":1,"name":"Anasayfa","item":"https:\/\/narteks.net\/"},{"@type":"ListItem","position":2,"name":"Barok M\u00fczikten Klasik M\u00fczi\u011fe"}]},{"@type":"WebSite","@id":"https:\/\/narteks.net\/#website","url":"https:\/\/narteks.net\/","name":"narteks.net","description":"K\u00fclt\u00fcr Sanat Edebiyat Felsefe","publisher":{"@id":"https:\/\/narteks.net\/#organization"},"alternateName":"K\u00fclt\u00fcr Sanat Edebiyat Felsefe","potentialAction":[{"@type":"SearchAction","target":{"@type":"EntryPoint","urlTemplate":"https:\/\/narteks.net\/?s={search_term_string}"},"query-input":{"@type":"PropertyValueSpecification","valueRequired":true,"valueName":"search_term_string"}}],"inLanguage":"tr"},{"@type":"Organization","@id":"https:\/\/narteks.net\/#organization","name":"narteks.net","url":"https:\/\/narteks.net\/","logo":{"@type":"ImageObject","inLanguage":"tr","@id":"https:\/\/narteks.net\/#\/schema\/logo\/image\/","url":"https:\/\/narteks.net\/wp-content\/uploads\/narteks.png","contentUrl":"https:\/\/narteks.net\/wp-content\/uploads\/narteks.png","width":300,"height":90,"caption":"narteks.net"},"image":{"@id":"https:\/\/narteks.net\/#\/schema\/logo\/image\/"},"sameAs":["https:\/\/x.com\/narteks","https:\/\/instagram.com\/narteksnet"]},{"@type":"Person","@id":"https:\/\/narteks.net\/#\/schema\/person\/61f37d9834294b72d31d274e7ed79bca","name":"Tar\u0131k","image":{"@type":"ImageObject","inLanguage":"tr","@id":"https:\/\/narteks.net\/#\/schema\/person\/image\/","url":"https:\/\/secure.gravatar.com\/avatar\/50865afb55632c4ae467e0af0930f6510aa2297d8014be502a55b14f3b7550cf?s=96&d=mm&r=g","contentUrl":"https:\/\/secure.gravatar.com\/avatar\/50865afb55632c4ae467e0af0930f6510aa2297d8014be502a55b14f3b7550cf?s=96&d=mm&r=g","caption":"Tar\u0131k"},"sameAs":["http:\/\/narteks.net"],"url":"https:\/\/narteks.net\/index.php\/author\/narbak\/"}]}},"_links":{"self":[{"href":"https:\/\/narteks.net\/index.php\/wp-json\/wp\/v2\/posts\/2894","targetHints":{"allow":["GET"]}}],"collection":[{"href":"https:\/\/narteks.net\/index.php\/wp-json\/wp\/v2\/posts"}],"about":[{"href":"https:\/\/narteks.net\/index.php\/wp-json\/wp\/v2\/types\/post"}],"author":[{"embeddable":true,"href":"https:\/\/narteks.net\/index.php\/wp-json\/wp\/v2\/users\/1"}],"replies":[{"embeddable":true,"href":"https:\/\/narteks.net\/index.php\/wp-json\/wp\/v2\/comments?post=2894"}],"version-history":[{"count":0,"href":"https:\/\/narteks.net\/index.php\/wp-json\/wp\/v2\/posts\/2894\/revisions"}],"wp:attachment":[{"href":"https:\/\/narteks.net\/index.php\/wp-json\/wp\/v2\/media?parent=2894"}],"wp:term":[{"taxonomy":"category","embeddable":true,"href":"https:\/\/narteks.net\/index.php\/wp-json\/wp\/v2\/categories?post=2894"},{"taxonomy":"post_tag","embeddable":true,"href":"https:\/\/narteks.net\/index.php\/wp-json\/wp\/v2\/tags?post=2894"}],"curies":[{"name":"wp","href":"https:\/\/api.w.org\/{rel}","templated":true}]}}