{"id":2895,"date":"2009-12-21T10:09:20","date_gmt":"2009-12-21T07:09:20","guid":{"rendered":"http:\/\/localhost\/wordpress\/2009\/12\/21\/klasik-muezik\/"},"modified":"2009-12-21T10:09:20","modified_gmt":"2009-12-21T07:09:20","slug":"klasik-muezik","status":"publish","type":"post","link":"https:\/\/narteks.net\/index.php\/2009\/12\/21\/klasik-muezik\/","title":{"rendered":"Klasik M\u00fczik"},"content":{"rendered":"<p style=\"text-align: justify;\">18. y\u00fczy\u0131l\u0131n sonlar\u0131na do\u011fru, m\u00fczikte klasik d\u00f6nem ba\u015flad\u0131. G\u00fcn\u00fcm\u00fczde klasik m\u00fczik terimi pop, folk ve caz m\u00fczi\u011finden olduk\u00e7a farkl\u0131 bir m\u00fczik t\u00fcr\u00fc i\u00e7in kullan\u0131l\u0131r. M\u00fczik uzmanlar\u0131 i\u00e7in ger\u00e7ek klasik m\u00fczik, yakla\u015f\u0131k 1760&#8217;tan 1830&#8217;a kadar Avusturya&#8217;n\u0131n ba\u015fkenti Viyana&#8217;da geli\u015fmi\u015f olan m\u00fcziktir. Bu d\u00f6nem Franz Joseph Haydn, Wolfgang Amadeus Mozart ve Ludvvig van Beethoven gibi b\u00fcy\u00fck bestecilerin kon\u00e7erto, senfoni, sonat, yayl\u0131 \u00e7alg\u0131lar ve oda m\u00fczi\u011fini en yetkin d\u00fczeye ula\u015ft\u0131rd\u0131\u011f\u0131 d\u00f6nemdir. <\/p>\n<p>M\u00fczikte duygular\u0131n yan\u0131 s\u0131ra d\u00fc\u015f\u00fcnceye de yer veren ilk besteci, \u00e7al\u0131\u015fmalar\u0131yla kendisinden sonra gelen bir\u00e7ok sanat\u00e7\u0131y\u0131 derinden etkileyen Beethoven&#8217;di. Ayn\u0131 d\u00f6nemin \u00f6teki \u00f6nemli bestecileri Frans\u0131z Hector Berlioz ile Macar Franz Liszt, Avusturyal\u0131 Franz Schu-bert, Polonyal\u0131 Frederic Fran\u00e7ois Chopin ve Alman Robert Schumann&#8217;d\u0131.<\/p>\n","protected":false},"excerpt":{"rendered":"<p>18. y\u00fczy\u0131l\u0131n sonlar\u0131na do\u011fru, m\u00fczikte klasik d\u00f6nem ba\u015flad\u0131. G\u00fcn\u00fcm\u00fczde klasik m\u00fczik terimi pop, folk ve caz m\u00fczi\u011finden olduk\u00e7a farkl\u0131 bir m\u00fczik t\u00fcr\u00fc i\u00e7in kullan\u0131l\u0131r. M\u00fczik uzmanlar\u0131 i\u00e7in ger\u00e7ek klasik m\u00fczik, yakla\u015f\u0131k 1760&#8217;tan 1830&#8217;a kadar Avusturya&#8217;n\u0131n ba\u015fkenti Viyana&#8217;da geli\u015fmi\u015f olan m\u00fcziktir. Bu d\u00f6nem Franz Joseph Haydn, Wolfgang Amadeus Mozart ve Ludvvig van Beethoven gibi b\u00fcy\u00fck bestecilerin [&hellip;]<\/p>\n","protected":false},"author":1,"featured_media":0,"comment_status":"open","ping_status":"open","sticky":false,"template":"","format":"standard","meta":{"footnotes":""},"categories":[93],"tags":[],"class_list":{"0":"post-2895","1":"post","2":"type-post","3":"status-publish","4":"format-standard","6":"category-muzik-genel-kultur"},"yoast_head":"<!-- This site is optimized with the Yoast SEO Premium plugin v24.9 (Yoast SEO v24.9) - https:\/\/yoast.com\/wordpress\/plugins\/seo\/ -->\n<title>Klasik M\u00fczik - narteks.net<\/title>\n<meta name=\"robots\" content=\"index, follow, max-snippet:-1, max-image-preview:large, max-video-preview:-1\" \/>\n<link rel=\"canonical\" href=\"https:\/\/narteks.net\/index.php\/2009\/12\/21\/klasik-muezik\/\" \/>\n<meta property=\"og:locale\" content=\"tr_TR\" \/>\n<meta property=\"og:type\" content=\"article\" \/>\n<meta property=\"og:title\" content=\"Klasik M\u00fczik\" \/>\n<meta property=\"og:description\" content=\"18. y\u00fczy\u0131l\u0131n sonlar\u0131na do\u011fru, m\u00fczikte klasik d\u00f6nem ba\u015flad\u0131. G\u00fcn\u00fcm\u00fczde klasik m\u00fczik terimi pop, folk ve caz m\u00fczi\u011finden olduk\u00e7a farkl\u0131 bir m\u00fczik t\u00fcr\u00fc i\u00e7in kullan\u0131l\u0131r. M\u00fczik uzmanlar\u0131 i\u00e7in ger\u00e7ek klasik m\u00fczik, yakla\u015f\u0131k 1760&#8217;tan 1830&#8217;a kadar Avusturya&#8217;n\u0131n ba\u015fkenti Viyana&#8217;da geli\u015fmi\u015f olan m\u00fcziktir. Bu d\u00f6nem Franz Joseph Haydn, Wolfgang Amadeus Mozart ve Ludvvig van Beethoven gibi b\u00fcy\u00fck bestecilerin [&hellip;]\" \/>\n<meta property=\"og:url\" content=\"https:\/\/narteks.net\/index.php\/2009\/12\/21\/klasik-muezik\/\" \/>\n<meta property=\"og:site_name\" content=\"narteks.net\" \/>\n<meta property=\"article:published_time\" content=\"2009-12-21T07:09:20+00:00\" \/>\n<meta property=\"og:image\" content=\"https:\/\/narteks.net\/wp-content\/uploads\/narteks.png\" \/>\n\t<meta property=\"og:image:width\" content=\"300\" \/>\n\t<meta property=\"og:image:height\" content=\"90\" \/>\n\t<meta property=\"og:image:type\" content=\"image\/png\" \/>\n<meta name=\"author\" content=\"Tar\u0131k\" \/>\n<meta name=\"twitter:card\" content=\"summary_large_image\" \/>\n<meta name=\"twitter:creator\" content=\"@narteks\" \/>\n<meta name=\"twitter:site\" content=\"@narteks\" \/>\n<meta name=\"twitter:label1\" content=\"Yazan:\" \/>\n\t<meta name=\"twitter:data1\" content=\"Tar\u0131k\" \/>\n\t<meta name=\"twitter:label2\" content=\"Tahmini okuma s\u00fcresi\" \/>\n\t<meta name=\"twitter:data2\" content=\"1 dakika\" \/>\n<script type=\"application\/ld+json\" class=\"yoast-schema-graph\">{\"@context\":\"https:\/\/schema.org\",\"@graph\":[{\"@type\":\"Article\",\"@id\":\"https:\/\/narteks.net\/index.php\/2009\/12\/21\/klasik-muezik\/#article\",\"isPartOf\":{\"@id\":\"https:\/\/narteks.net\/index.php\/2009\/12\/21\/klasik-muezik\/\"},\"author\":{\"name\":\"Tar\u0131k\",\"@id\":\"https:\/\/narteks.net\/#\/schema\/person\/61f37d9834294b72d31d274e7ed79bca\"},\"headline\":\"Klasik M\u00fczik\",\"datePublished\":\"2009-12-21T07:09:20+00:00\",\"mainEntityOfPage\":{\"@id\":\"https:\/\/narteks.net\/index.php\/2009\/12\/21\/klasik-muezik\/\"},\"wordCount\":163,\"commentCount\":0,\"publisher\":{\"@id\":\"https:\/\/narteks.net\/#organization\"},\"articleSection\":[\"M\u00fczik Genel K\u00fclt\u00fcr\"],\"inLanguage\":\"tr\",\"potentialAction\":[{\"@type\":\"CommentAction\",\"name\":\"Comment\",\"target\":[\"https:\/\/narteks.net\/index.php\/2009\/12\/21\/klasik-muezik\/#respond\"]}]},{\"@type\":\"WebPage\",\"@id\":\"https:\/\/narteks.net\/index.php\/2009\/12\/21\/klasik-muezik\/\",\"url\":\"https:\/\/narteks.net\/index.php\/2009\/12\/21\/klasik-muezik\/\",\"name\":\"Klasik M\u00fczik - narteks.net\",\"isPartOf\":{\"@id\":\"https:\/\/narteks.net\/#website\"},\"datePublished\":\"2009-12-21T07:09:20+00:00\",\"breadcrumb\":{\"@id\":\"https:\/\/narteks.net\/index.php\/2009\/12\/21\/klasik-muezik\/#breadcrumb\"},\"inLanguage\":\"tr\",\"potentialAction\":[{\"@type\":\"ReadAction\",\"target\":[\"https:\/\/narteks.net\/index.php\/2009\/12\/21\/klasik-muezik\/\"]}]},{\"@type\":\"BreadcrumbList\",\"@id\":\"https:\/\/narteks.net\/index.php\/2009\/12\/21\/klasik-muezik\/#breadcrumb\",\"itemListElement\":[{\"@type\":\"ListItem\",\"position\":1,\"name\":\"Anasayfa\",\"item\":\"https:\/\/narteks.net\/\"},{\"@type\":\"ListItem\",\"position\":2,\"name\":\"Klasik M\u00fczik\"}]},{\"@type\":\"WebSite\",\"@id\":\"https:\/\/narteks.net\/#website\",\"url\":\"https:\/\/narteks.net\/\",\"name\":\"narteks.net\",\"description\":\"K\u00fclt\u00fcr Sanat Edebiyat Felsefe\",\"publisher\":{\"@id\":\"https:\/\/narteks.net\/#organization\"},\"alternateName\":\"K\u00fclt\u00fcr Sanat Edebiyat Felsefe\",\"potentialAction\":[{\"@type\":\"SearchAction\",\"target\":{\"@type\":\"EntryPoint\",\"urlTemplate\":\"https:\/\/narteks.net\/?s={search_term_string}\"},\"query-input\":{\"@type\":\"PropertyValueSpecification\",\"valueRequired\":true,\"valueName\":\"search_term_string\"}}],\"inLanguage\":\"tr\"},{\"@type\":\"Organization\",\"@id\":\"https:\/\/narteks.net\/#organization\",\"name\":\"narteks.net\",\"url\":\"https:\/\/narteks.net\/\",\"logo\":{\"@type\":\"ImageObject\",\"inLanguage\":\"tr\",\"@id\":\"https:\/\/narteks.net\/#\/schema\/logo\/image\/\",\"url\":\"https:\/\/narteks.net\/wp-content\/uploads\/narteks.png\",\"contentUrl\":\"https:\/\/narteks.net\/wp-content\/uploads\/narteks.png\",\"width\":300,\"height\":90,\"caption\":\"narteks.net\"},\"image\":{\"@id\":\"https:\/\/narteks.net\/#\/schema\/logo\/image\/\"},\"sameAs\":[\"https:\/\/x.com\/narteks\",\"https:\/\/instagram.com\/narteksnet\"]},{\"@type\":\"Person\",\"@id\":\"https:\/\/narteks.net\/#\/schema\/person\/61f37d9834294b72d31d274e7ed79bca\",\"name\":\"Tar\u0131k\",\"image\":{\"@type\":\"ImageObject\",\"inLanguage\":\"tr\",\"@id\":\"https:\/\/narteks.net\/#\/schema\/person\/image\/\",\"url\":\"https:\/\/secure.gravatar.com\/avatar\/50865afb55632c4ae467e0af0930f6510aa2297d8014be502a55b14f3b7550cf?s=96&d=mm&r=g\",\"contentUrl\":\"https:\/\/secure.gravatar.com\/avatar\/50865afb55632c4ae467e0af0930f6510aa2297d8014be502a55b14f3b7550cf?s=96&d=mm&r=g\",\"caption\":\"Tar\u0131k\"},\"sameAs\":[\"http:\/\/narteks.net\"],\"url\":\"https:\/\/narteks.net\/index.php\/author\/narbak\/\"}]}<\/script>\n<!-- \/ Yoast SEO Premium plugin. -->","yoast_head_json":{"title":"Klasik M\u00fczik - narteks.net","robots":{"index":"index","follow":"follow","max-snippet":"max-snippet:-1","max-image-preview":"max-image-preview:large","max-video-preview":"max-video-preview:-1"},"canonical":"https:\/\/narteks.net\/index.php\/2009\/12\/21\/klasik-muezik\/","og_locale":"tr_TR","og_type":"article","og_title":"Klasik M\u00fczik","og_description":"18. y\u00fczy\u0131l\u0131n sonlar\u0131na do\u011fru, m\u00fczikte klasik d\u00f6nem ba\u015flad\u0131. G\u00fcn\u00fcm\u00fczde klasik m\u00fczik terimi pop, folk ve caz m\u00fczi\u011finden olduk\u00e7a farkl\u0131 bir m\u00fczik t\u00fcr\u00fc i\u00e7in kullan\u0131l\u0131r. M\u00fczik uzmanlar\u0131 i\u00e7in ger\u00e7ek klasik m\u00fczik, yakla\u015f\u0131k 1760&#8217;tan 1830&#8217;a kadar Avusturya&#8217;n\u0131n ba\u015fkenti Viyana&#8217;da geli\u015fmi\u015f olan m\u00fcziktir. Bu d\u00f6nem Franz Joseph Haydn, Wolfgang Amadeus Mozart ve Ludvvig van Beethoven gibi b\u00fcy\u00fck bestecilerin [&hellip;]","og_url":"https:\/\/narteks.net\/index.php\/2009\/12\/21\/klasik-muezik\/","og_site_name":"narteks.net","article_published_time":"2009-12-21T07:09:20+00:00","og_image":[{"width":300,"height":90,"url":"https:\/\/narteks.net\/wp-content\/uploads\/narteks.png","type":"image\/png"}],"author":"Tar\u0131k","twitter_card":"summary_large_image","twitter_creator":"@narteks","twitter_site":"@narteks","twitter_misc":{"Yazan:":"Tar\u0131k","Tahmini okuma s\u00fcresi":"1 dakika"},"schema":{"@context":"https:\/\/schema.org","@graph":[{"@type":"Article","@id":"https:\/\/narteks.net\/index.php\/2009\/12\/21\/klasik-muezik\/#article","isPartOf":{"@id":"https:\/\/narteks.net\/index.php\/2009\/12\/21\/klasik-muezik\/"},"author":{"name":"Tar\u0131k","@id":"https:\/\/narteks.net\/#\/schema\/person\/61f37d9834294b72d31d274e7ed79bca"},"headline":"Klasik M\u00fczik","datePublished":"2009-12-21T07:09:20+00:00","mainEntityOfPage":{"@id":"https:\/\/narteks.net\/index.php\/2009\/12\/21\/klasik-muezik\/"},"wordCount":163,"commentCount":0,"publisher":{"@id":"https:\/\/narteks.net\/#organization"},"articleSection":["M\u00fczik Genel K\u00fclt\u00fcr"],"inLanguage":"tr","potentialAction":[{"@type":"CommentAction","name":"Comment","target":["https:\/\/narteks.net\/index.php\/2009\/12\/21\/klasik-muezik\/#respond"]}]},{"@type":"WebPage","@id":"https:\/\/narteks.net\/index.php\/2009\/12\/21\/klasik-muezik\/","url":"https:\/\/narteks.net\/index.php\/2009\/12\/21\/klasik-muezik\/","name":"Klasik M\u00fczik - narteks.net","isPartOf":{"@id":"https:\/\/narteks.net\/#website"},"datePublished":"2009-12-21T07:09:20+00:00","breadcrumb":{"@id":"https:\/\/narteks.net\/index.php\/2009\/12\/21\/klasik-muezik\/#breadcrumb"},"inLanguage":"tr","potentialAction":[{"@type":"ReadAction","target":["https:\/\/narteks.net\/index.php\/2009\/12\/21\/klasik-muezik\/"]}]},{"@type":"BreadcrumbList","@id":"https:\/\/narteks.net\/index.php\/2009\/12\/21\/klasik-muezik\/#breadcrumb","itemListElement":[{"@type":"ListItem","position":1,"name":"Anasayfa","item":"https:\/\/narteks.net\/"},{"@type":"ListItem","position":2,"name":"Klasik M\u00fczik"}]},{"@type":"WebSite","@id":"https:\/\/narteks.net\/#website","url":"https:\/\/narteks.net\/","name":"narteks.net","description":"K\u00fclt\u00fcr Sanat Edebiyat Felsefe","publisher":{"@id":"https:\/\/narteks.net\/#organization"},"alternateName":"K\u00fclt\u00fcr Sanat Edebiyat Felsefe","potentialAction":[{"@type":"SearchAction","target":{"@type":"EntryPoint","urlTemplate":"https:\/\/narteks.net\/?s={search_term_string}"},"query-input":{"@type":"PropertyValueSpecification","valueRequired":true,"valueName":"search_term_string"}}],"inLanguage":"tr"},{"@type":"Organization","@id":"https:\/\/narteks.net\/#organization","name":"narteks.net","url":"https:\/\/narteks.net\/","logo":{"@type":"ImageObject","inLanguage":"tr","@id":"https:\/\/narteks.net\/#\/schema\/logo\/image\/","url":"https:\/\/narteks.net\/wp-content\/uploads\/narteks.png","contentUrl":"https:\/\/narteks.net\/wp-content\/uploads\/narteks.png","width":300,"height":90,"caption":"narteks.net"},"image":{"@id":"https:\/\/narteks.net\/#\/schema\/logo\/image\/"},"sameAs":["https:\/\/x.com\/narteks","https:\/\/instagram.com\/narteksnet"]},{"@type":"Person","@id":"https:\/\/narteks.net\/#\/schema\/person\/61f37d9834294b72d31d274e7ed79bca","name":"Tar\u0131k","image":{"@type":"ImageObject","inLanguage":"tr","@id":"https:\/\/narteks.net\/#\/schema\/person\/image\/","url":"https:\/\/secure.gravatar.com\/avatar\/50865afb55632c4ae467e0af0930f6510aa2297d8014be502a55b14f3b7550cf?s=96&d=mm&r=g","contentUrl":"https:\/\/secure.gravatar.com\/avatar\/50865afb55632c4ae467e0af0930f6510aa2297d8014be502a55b14f3b7550cf?s=96&d=mm&r=g","caption":"Tar\u0131k"},"sameAs":["http:\/\/narteks.net"],"url":"https:\/\/narteks.net\/index.php\/author\/narbak\/"}]}},"_links":{"self":[{"href":"https:\/\/narteks.net\/index.php\/wp-json\/wp\/v2\/posts\/2895","targetHints":{"allow":["GET"]}}],"collection":[{"href":"https:\/\/narteks.net\/index.php\/wp-json\/wp\/v2\/posts"}],"about":[{"href":"https:\/\/narteks.net\/index.php\/wp-json\/wp\/v2\/types\/post"}],"author":[{"embeddable":true,"href":"https:\/\/narteks.net\/index.php\/wp-json\/wp\/v2\/users\/1"}],"replies":[{"embeddable":true,"href":"https:\/\/narteks.net\/index.php\/wp-json\/wp\/v2\/comments?post=2895"}],"version-history":[{"count":0,"href":"https:\/\/narteks.net\/index.php\/wp-json\/wp\/v2\/posts\/2895\/revisions"}],"wp:attachment":[{"href":"https:\/\/narteks.net\/index.php\/wp-json\/wp\/v2\/media?parent=2895"}],"wp:term":[{"taxonomy":"category","embeddable":true,"href":"https:\/\/narteks.net\/index.php\/wp-json\/wp\/v2\/categories?post=2895"},{"taxonomy":"post_tag","embeddable":true,"href":"https:\/\/narteks.net\/index.php\/wp-json\/wp\/v2\/tags?post=2895"}],"curies":[{"name":"wp","href":"https:\/\/api.w.org\/{rel}","templated":true}]}}