{"id":2896,"date":"2009-12-21T10:09:59","date_gmt":"2009-12-21T07:09:59","guid":{"rendered":"http:\/\/localhost\/wordpress\/2009\/12\/21\/romantikler\/"},"modified":"2009-12-21T10:09:59","modified_gmt":"2009-12-21T07:09:59","slug":"romantikler","status":"publish","type":"post","link":"https:\/\/narteks.net\/index.php\/2009\/12\/21\/romantikler\/","title":{"rendered":"Romantikler"},"content":{"rendered":"<p style=\"text-align: justify;\">19. y\u00fczy\u0131l\u0131n sonlar\u0131nda yeni aray\u0131\u015flara sahne olan m\u00fczik d\u00fcnyas\u0131nda tart\u0131\u015fma konusu olan de\u011fi\u015fik g\u00f6r\u00fc\u015fler besteciler aras\u0131nda ayr\u0131lmalara yol a\u00e7t\u0131. Beethoven m\u00fczi\u011fe d\u00fc\u015f\u00fcnce y\u00fckl\u00fc yeni bir i\u00e7erik kazand\u0131rm\u0131\u015ft\u0131. Onu izleyen ve m\u00fczi\u011fi se\u00e7kin s\u0131n\u0131flar\u0131n bir e\u011flence arac\u0131 olmaktan \u00e7\u0131kararak, kesintisiz ve al\u0131\u015f\u0131lm\u0131\u015f\u0131n d\u0131\u015f\u0131nda bir armoni anlay\u0131\u015f\u0131yla yaratmaktan yana baz\u0131 sanat\u00e7\u0131lar, Alman besteci Richard Wagner&#8217;in \u00f6nderli\u011finde m\u00fczikte Alman Roman-tizm&#8217;i olarak bilinen yeni bir ak\u0131m ba\u015flatt\u0131lar. M\u00fczi\u011fin s\u0131n\u0131rlar\u0131n\u0131 zorlamamas\u0131n\u0131 savunan ve romantiklerin getirdi\u011fi yeniliklere kar\u015f\u0131 \u00e7\u0131kan besteciler ise Johannes Brahms&#8217;\u0131n \u00e7evresinde topland\u0131lar. <\/p>\n<p>Bu iki d\u00fc\u015f\u00fcnce ak\u0131m\u0131 20. y\u00fczy\u0131la kadar bir\u00e7ok besteciyi etkiledi. Avusturyal\u0131 besteci Gustav Mahler ile Alman besteci Richard Strauss, Wagner&#8217;i izlediler ve orkestra i\u00e7in uzun senfonik yap\u0131tlar bestelediler. \u00d6te yandan Fransa&#8217;da Wagner gelene\u011finin yayg\u0131n oldu\u011fu bir d\u00f6nemde Frans\u0131z besteci Charles Ca-mille Saint-Saens klasik modellere ba\u011fl\u0131 kalarak titiz, zarif ve duygulu m\u00fczik par\u00e7alar\u0131 yazd\u0131. Ayn\u0131 d\u00f6nemde Mihail \u0130vanovi\u00e7 Glinka Rusya&#8217;da ulusal m\u00fczik hareketini ba\u015flatt\u0131. Pe-ter \u0130li\u00e7 \u00c7aykovski romantik bir besteci olarak tan\u0131nd\u0131. D\u00f6nemin \u00f6teki \u00fcnl\u00fc Rus bestecileri Aleksandr Borodin, Modest Mussorgski ve Nikolay Rimski-Korsakof, yap\u0131tlar\u0131nda \u00f6zellikle halk \u00f6yk\u00fclerini konu ald\u0131lar ve Rus halk \u015fark\u0131lar\u0131ndan esinlendiler. <\/p>\n<p>19. y\u00fczy\u0131lda operada \u00f6nemli geli\u015fmeler g\u00f6zlendi. Operan\u0131n bu d\u00f6nemdeki ba\u015fl\u0131ca bestecileri \u0130talyan Gioacchino Rossini ve Giu-seppe Verdi romantik bestecilerdi. Ama gene de d\u00f6nemin en \u00f6nemli opera bestecisi, al\u0131\u015f\u0131lm\u0131\u015f kal\u0131plar\u0131n d\u0131\u015f\u0131na \u00e7\u0131karak g\u00fc\u00e7l\u00fc orkestralara ve g\u00fc\u00e7l\u00fc \u015fark\u0131c\u0131lara yer veren, yap\u0131tlar\u0131nda edebi ve felsefi d\u00fc\u015f\u00fcnceleri konu alan, m\u00fczi\u011fi \u00f6teki sanatlarla i\u015fbirli\u011fi i\u00e7inde alg\u0131layan ve operaya &#8220;m\u00fczikli dram&#8221; ad\u0131n\u0131 veren Richard Wagner\\M.<\/p>\n","protected":false},"excerpt":{"rendered":"<p>19. y\u00fczy\u0131l\u0131n sonlar\u0131nda yeni aray\u0131\u015flara sahne olan m\u00fczik d\u00fcnyas\u0131nda tart\u0131\u015fma konusu olan de\u011fi\u015fik g\u00f6r\u00fc\u015fler besteciler aras\u0131nda ayr\u0131lmalara yol a\u00e7t\u0131. Beethoven m\u00fczi\u011fe d\u00fc\u015f\u00fcnce y\u00fckl\u00fc yeni bir i\u00e7erik kazand\u0131rm\u0131\u015ft\u0131. Onu izleyen ve m\u00fczi\u011fi se\u00e7kin s\u0131n\u0131flar\u0131n bir e\u011flence arac\u0131 olmaktan \u00e7\u0131kararak, kesintisiz ve al\u0131\u015f\u0131lm\u0131\u015f\u0131n d\u0131\u015f\u0131nda bir armoni anlay\u0131\u015f\u0131yla yaratmaktan yana baz\u0131 sanat\u00e7\u0131lar, Alman besteci Richard Wagner&#8217;in \u00f6nderli\u011finde m\u00fczikte [&hellip;]<\/p>\n","protected":false},"author":1,"featured_media":0,"comment_status":"open","ping_status":"open","sticky":false,"template":"","format":"standard","meta":{"footnotes":""},"categories":[93],"tags":[],"class_list":{"0":"post-2896","1":"post","2":"type-post","3":"status-publish","4":"format-standard","6":"category-muzik-genel-kultur"},"yoast_head":"<!-- This site is optimized with the Yoast SEO Premium plugin v24.9 (Yoast SEO v24.9) - https:\/\/yoast.com\/wordpress\/plugins\/seo\/ -->\n<title>Romantikler - narteks.net<\/title>\n<meta name=\"robots\" content=\"index, follow, max-snippet:-1, max-image-preview:large, max-video-preview:-1\" \/>\n<link rel=\"canonical\" href=\"https:\/\/narteks.net\/index.php\/2009\/12\/21\/romantikler\/\" \/>\n<meta property=\"og:locale\" content=\"tr_TR\" \/>\n<meta property=\"og:type\" content=\"article\" \/>\n<meta property=\"og:title\" content=\"Romantikler\" \/>\n<meta property=\"og:description\" content=\"19. y\u00fczy\u0131l\u0131n sonlar\u0131nda yeni aray\u0131\u015flara sahne olan m\u00fczik d\u00fcnyas\u0131nda tart\u0131\u015fma konusu olan de\u011fi\u015fik g\u00f6r\u00fc\u015fler besteciler aras\u0131nda ayr\u0131lmalara yol a\u00e7t\u0131. Beethoven m\u00fczi\u011fe d\u00fc\u015f\u00fcnce y\u00fckl\u00fc yeni bir i\u00e7erik kazand\u0131rm\u0131\u015ft\u0131. Onu izleyen ve m\u00fczi\u011fi se\u00e7kin s\u0131n\u0131flar\u0131n bir e\u011flence arac\u0131 olmaktan \u00e7\u0131kararak, kesintisiz ve al\u0131\u015f\u0131lm\u0131\u015f\u0131n d\u0131\u015f\u0131nda bir armoni anlay\u0131\u015f\u0131yla yaratmaktan yana baz\u0131 sanat\u00e7\u0131lar, Alman besteci Richard Wagner&#8217;in \u00f6nderli\u011finde m\u00fczikte [&hellip;]\" \/>\n<meta property=\"og:url\" content=\"https:\/\/narteks.net\/index.php\/2009\/12\/21\/romantikler\/\" \/>\n<meta property=\"og:site_name\" content=\"narteks.net\" \/>\n<meta property=\"article:published_time\" content=\"2009-12-21T07:09:59+00:00\" \/>\n<meta property=\"og:image\" content=\"https:\/\/narteks.net\/wp-content\/uploads\/narteks.png\" \/>\n\t<meta property=\"og:image:width\" content=\"300\" \/>\n\t<meta property=\"og:image:height\" content=\"90\" \/>\n\t<meta property=\"og:image:type\" content=\"image\/png\" \/>\n<meta name=\"author\" content=\"Tar\u0131k\" \/>\n<meta name=\"twitter:card\" content=\"summary_large_image\" \/>\n<meta name=\"twitter:creator\" content=\"@narteks\" \/>\n<meta name=\"twitter:site\" content=\"@narteks\" \/>\n<meta name=\"twitter:label1\" content=\"Yazan:\" \/>\n\t<meta name=\"twitter:data1\" content=\"Tar\u0131k\" \/>\n\t<meta name=\"twitter:label2\" content=\"Tahmini okuma s\u00fcresi\" \/>\n\t<meta name=\"twitter:data2\" content=\"2 dakika\" \/>\n<script type=\"application\/ld+json\" class=\"yoast-schema-graph\">{\"@context\":\"https:\/\/schema.org\",\"@graph\":[{\"@type\":\"Article\",\"@id\":\"https:\/\/narteks.net\/index.php\/2009\/12\/21\/romantikler\/#article\",\"isPartOf\":{\"@id\":\"https:\/\/narteks.net\/index.php\/2009\/12\/21\/romantikler\/\"},\"author\":{\"name\":\"Tar\u0131k\",\"@id\":\"https:\/\/narteks.net\/#\/schema\/person\/61f37d9834294b72d31d274e7ed79bca\"},\"headline\":\"Romantikler\",\"datePublished\":\"2009-12-21T07:09:59+00:00\",\"mainEntityOfPage\":{\"@id\":\"https:\/\/narteks.net\/index.php\/2009\/12\/21\/romantikler\/\"},\"wordCount\":334,\"commentCount\":0,\"publisher\":{\"@id\":\"https:\/\/narteks.net\/#organization\"},\"articleSection\":[\"M\u00fczik Genel K\u00fclt\u00fcr\"],\"inLanguage\":\"tr\",\"potentialAction\":[{\"@type\":\"CommentAction\",\"name\":\"Comment\",\"target\":[\"https:\/\/narteks.net\/index.php\/2009\/12\/21\/romantikler\/#respond\"]}]},{\"@type\":\"WebPage\",\"@id\":\"https:\/\/narteks.net\/index.php\/2009\/12\/21\/romantikler\/\",\"url\":\"https:\/\/narteks.net\/index.php\/2009\/12\/21\/romantikler\/\",\"name\":\"Romantikler - narteks.net\",\"isPartOf\":{\"@id\":\"https:\/\/narteks.net\/#website\"},\"datePublished\":\"2009-12-21T07:09:59+00:00\",\"breadcrumb\":{\"@id\":\"https:\/\/narteks.net\/index.php\/2009\/12\/21\/romantikler\/#breadcrumb\"},\"inLanguage\":\"tr\",\"potentialAction\":[{\"@type\":\"ReadAction\",\"target\":[\"https:\/\/narteks.net\/index.php\/2009\/12\/21\/romantikler\/\"]}]},{\"@type\":\"BreadcrumbList\",\"@id\":\"https:\/\/narteks.net\/index.php\/2009\/12\/21\/romantikler\/#breadcrumb\",\"itemListElement\":[{\"@type\":\"ListItem\",\"position\":1,\"name\":\"Anasayfa\",\"item\":\"https:\/\/narteks.net\/\"},{\"@type\":\"ListItem\",\"position\":2,\"name\":\"Romantikler\"}]},{\"@type\":\"WebSite\",\"@id\":\"https:\/\/narteks.net\/#website\",\"url\":\"https:\/\/narteks.net\/\",\"name\":\"narteks.net\",\"description\":\"K\u00fclt\u00fcr Sanat Edebiyat Felsefe\",\"publisher\":{\"@id\":\"https:\/\/narteks.net\/#organization\"},\"alternateName\":\"K\u00fclt\u00fcr Sanat Edebiyat Felsefe\",\"potentialAction\":[{\"@type\":\"SearchAction\",\"target\":{\"@type\":\"EntryPoint\",\"urlTemplate\":\"https:\/\/narteks.net\/?s={search_term_string}\"},\"query-input\":{\"@type\":\"PropertyValueSpecification\",\"valueRequired\":true,\"valueName\":\"search_term_string\"}}],\"inLanguage\":\"tr\"},{\"@type\":\"Organization\",\"@id\":\"https:\/\/narteks.net\/#organization\",\"name\":\"narteks.net\",\"url\":\"https:\/\/narteks.net\/\",\"logo\":{\"@type\":\"ImageObject\",\"inLanguage\":\"tr\",\"@id\":\"https:\/\/narteks.net\/#\/schema\/logo\/image\/\",\"url\":\"https:\/\/narteks.net\/wp-content\/uploads\/narteks.png\",\"contentUrl\":\"https:\/\/narteks.net\/wp-content\/uploads\/narteks.png\",\"width\":300,\"height\":90,\"caption\":\"narteks.net\"},\"image\":{\"@id\":\"https:\/\/narteks.net\/#\/schema\/logo\/image\/\"},\"sameAs\":[\"https:\/\/x.com\/narteks\",\"https:\/\/instagram.com\/narteksnet\"]},{\"@type\":\"Person\",\"@id\":\"https:\/\/narteks.net\/#\/schema\/person\/61f37d9834294b72d31d274e7ed79bca\",\"name\":\"Tar\u0131k\",\"image\":{\"@type\":\"ImageObject\",\"inLanguage\":\"tr\",\"@id\":\"https:\/\/narteks.net\/#\/schema\/person\/image\/\",\"url\":\"https:\/\/secure.gravatar.com\/avatar\/50865afb55632c4ae467e0af0930f6510aa2297d8014be502a55b14f3b7550cf?s=96&d=mm&r=g\",\"contentUrl\":\"https:\/\/secure.gravatar.com\/avatar\/50865afb55632c4ae467e0af0930f6510aa2297d8014be502a55b14f3b7550cf?s=96&d=mm&r=g\",\"caption\":\"Tar\u0131k\"},\"sameAs\":[\"http:\/\/narteks.net\"],\"url\":\"https:\/\/narteks.net\/index.php\/author\/narbak\/\"}]}<\/script>\n<!-- \/ Yoast SEO Premium plugin. -->","yoast_head_json":{"title":"Romantikler - narteks.net","robots":{"index":"index","follow":"follow","max-snippet":"max-snippet:-1","max-image-preview":"max-image-preview:large","max-video-preview":"max-video-preview:-1"},"canonical":"https:\/\/narteks.net\/index.php\/2009\/12\/21\/romantikler\/","og_locale":"tr_TR","og_type":"article","og_title":"Romantikler","og_description":"19. y\u00fczy\u0131l\u0131n sonlar\u0131nda yeni aray\u0131\u015flara sahne olan m\u00fczik d\u00fcnyas\u0131nda tart\u0131\u015fma konusu olan de\u011fi\u015fik g\u00f6r\u00fc\u015fler besteciler aras\u0131nda ayr\u0131lmalara yol a\u00e7t\u0131. Beethoven m\u00fczi\u011fe d\u00fc\u015f\u00fcnce y\u00fckl\u00fc yeni bir i\u00e7erik kazand\u0131rm\u0131\u015ft\u0131. Onu izleyen ve m\u00fczi\u011fi se\u00e7kin s\u0131n\u0131flar\u0131n bir e\u011flence arac\u0131 olmaktan \u00e7\u0131kararak, kesintisiz ve al\u0131\u015f\u0131lm\u0131\u015f\u0131n d\u0131\u015f\u0131nda bir armoni anlay\u0131\u015f\u0131yla yaratmaktan yana baz\u0131 sanat\u00e7\u0131lar, Alman besteci Richard Wagner&#8217;in \u00f6nderli\u011finde m\u00fczikte [&hellip;]","og_url":"https:\/\/narteks.net\/index.php\/2009\/12\/21\/romantikler\/","og_site_name":"narteks.net","article_published_time":"2009-12-21T07:09:59+00:00","og_image":[{"width":300,"height":90,"url":"https:\/\/narteks.net\/wp-content\/uploads\/narteks.png","type":"image\/png"}],"author":"Tar\u0131k","twitter_card":"summary_large_image","twitter_creator":"@narteks","twitter_site":"@narteks","twitter_misc":{"Yazan:":"Tar\u0131k","Tahmini okuma s\u00fcresi":"2 dakika"},"schema":{"@context":"https:\/\/schema.org","@graph":[{"@type":"Article","@id":"https:\/\/narteks.net\/index.php\/2009\/12\/21\/romantikler\/#article","isPartOf":{"@id":"https:\/\/narteks.net\/index.php\/2009\/12\/21\/romantikler\/"},"author":{"name":"Tar\u0131k","@id":"https:\/\/narteks.net\/#\/schema\/person\/61f37d9834294b72d31d274e7ed79bca"},"headline":"Romantikler","datePublished":"2009-12-21T07:09:59+00:00","mainEntityOfPage":{"@id":"https:\/\/narteks.net\/index.php\/2009\/12\/21\/romantikler\/"},"wordCount":334,"commentCount":0,"publisher":{"@id":"https:\/\/narteks.net\/#organization"},"articleSection":["M\u00fczik Genel K\u00fclt\u00fcr"],"inLanguage":"tr","potentialAction":[{"@type":"CommentAction","name":"Comment","target":["https:\/\/narteks.net\/index.php\/2009\/12\/21\/romantikler\/#respond"]}]},{"@type":"WebPage","@id":"https:\/\/narteks.net\/index.php\/2009\/12\/21\/romantikler\/","url":"https:\/\/narteks.net\/index.php\/2009\/12\/21\/romantikler\/","name":"Romantikler - narteks.net","isPartOf":{"@id":"https:\/\/narteks.net\/#website"},"datePublished":"2009-12-21T07:09:59+00:00","breadcrumb":{"@id":"https:\/\/narteks.net\/index.php\/2009\/12\/21\/romantikler\/#breadcrumb"},"inLanguage":"tr","potentialAction":[{"@type":"ReadAction","target":["https:\/\/narteks.net\/index.php\/2009\/12\/21\/romantikler\/"]}]},{"@type":"BreadcrumbList","@id":"https:\/\/narteks.net\/index.php\/2009\/12\/21\/romantikler\/#breadcrumb","itemListElement":[{"@type":"ListItem","position":1,"name":"Anasayfa","item":"https:\/\/narteks.net\/"},{"@type":"ListItem","position":2,"name":"Romantikler"}]},{"@type":"WebSite","@id":"https:\/\/narteks.net\/#website","url":"https:\/\/narteks.net\/","name":"narteks.net","description":"K\u00fclt\u00fcr Sanat Edebiyat Felsefe","publisher":{"@id":"https:\/\/narteks.net\/#organization"},"alternateName":"K\u00fclt\u00fcr Sanat Edebiyat Felsefe","potentialAction":[{"@type":"SearchAction","target":{"@type":"EntryPoint","urlTemplate":"https:\/\/narteks.net\/?s={search_term_string}"},"query-input":{"@type":"PropertyValueSpecification","valueRequired":true,"valueName":"search_term_string"}}],"inLanguage":"tr"},{"@type":"Organization","@id":"https:\/\/narteks.net\/#organization","name":"narteks.net","url":"https:\/\/narteks.net\/","logo":{"@type":"ImageObject","inLanguage":"tr","@id":"https:\/\/narteks.net\/#\/schema\/logo\/image\/","url":"https:\/\/narteks.net\/wp-content\/uploads\/narteks.png","contentUrl":"https:\/\/narteks.net\/wp-content\/uploads\/narteks.png","width":300,"height":90,"caption":"narteks.net"},"image":{"@id":"https:\/\/narteks.net\/#\/schema\/logo\/image\/"},"sameAs":["https:\/\/x.com\/narteks","https:\/\/instagram.com\/narteksnet"]},{"@type":"Person","@id":"https:\/\/narteks.net\/#\/schema\/person\/61f37d9834294b72d31d274e7ed79bca","name":"Tar\u0131k","image":{"@type":"ImageObject","inLanguage":"tr","@id":"https:\/\/narteks.net\/#\/schema\/person\/image\/","url":"https:\/\/secure.gravatar.com\/avatar\/50865afb55632c4ae467e0af0930f6510aa2297d8014be502a55b14f3b7550cf?s=96&d=mm&r=g","contentUrl":"https:\/\/secure.gravatar.com\/avatar\/50865afb55632c4ae467e0af0930f6510aa2297d8014be502a55b14f3b7550cf?s=96&d=mm&r=g","caption":"Tar\u0131k"},"sameAs":["http:\/\/narteks.net"],"url":"https:\/\/narteks.net\/index.php\/author\/narbak\/"}]}},"_links":{"self":[{"href":"https:\/\/narteks.net\/index.php\/wp-json\/wp\/v2\/posts\/2896","targetHints":{"allow":["GET"]}}],"collection":[{"href":"https:\/\/narteks.net\/index.php\/wp-json\/wp\/v2\/posts"}],"about":[{"href":"https:\/\/narteks.net\/index.php\/wp-json\/wp\/v2\/types\/post"}],"author":[{"embeddable":true,"href":"https:\/\/narteks.net\/index.php\/wp-json\/wp\/v2\/users\/1"}],"replies":[{"embeddable":true,"href":"https:\/\/narteks.net\/index.php\/wp-json\/wp\/v2\/comments?post=2896"}],"version-history":[{"count":0,"href":"https:\/\/narteks.net\/index.php\/wp-json\/wp\/v2\/posts\/2896\/revisions"}],"wp:attachment":[{"href":"https:\/\/narteks.net\/index.php\/wp-json\/wp\/v2\/media?parent=2896"}],"wp:term":[{"taxonomy":"category","embeddable":true,"href":"https:\/\/narteks.net\/index.php\/wp-json\/wp\/v2\/categories?post=2896"},{"taxonomy":"post_tag","embeddable":true,"href":"https:\/\/narteks.net\/index.php\/wp-json\/wp\/v2\/tags?post=2896"}],"curies":[{"name":"wp","href":"https:\/\/api.w.org\/{rel}","templated":true}]}}