{"id":2897,"date":"2009-12-21T10:10:38","date_gmt":"2009-12-21T07:10:38","guid":{"rendered":"http:\/\/localhost\/wordpress\/2009\/12\/21\/20-yuezylda-muezik\/"},"modified":"2009-12-21T10:10:38","modified_gmt":"2009-12-21T07:10:38","slug":"20-yuezylda-muezik","status":"publish","type":"post","link":"https:\/\/narteks.net\/index.php\/2009\/12\/21\/20-yuezylda-muezik\/","title":{"rendered":"20. Y\u00fczy\u0131l&#8217;da M\u00fczik"},"content":{"rendered":"<p style=\"text-align: justify;\">20. y\u00fczy\u0131l m\u00fczikte yeni aray\u0131\u015flar d\u00f6nemi oldu. Fransa&#8217;da Claude Debussy ve Maurice Ravel piyano ve orkestra i\u00e7in yazd\u0131klar\u0131 yap\u0131tlarda al\u0131\u015f\u0131lm\u0131\u015f\u0131n d\u0131\u015f\u0131nda bir armoni ve tonalite kullanarak resimde boya ile ger\u00e7ekle\u015ftirilen etkiyi m\u00fczikte yaratmakla \u0130zlenimcilik Ak\u0131m\u0131&#8217;n\u0131n ba\u015fl\u0131ca temsilcileri oldular . Frans\u0131z Erik Satie ve Francis Poulenc, 18. y\u00fczy\u0131l m\u00fczi\u011finde oldu\u011fu gibi k\u00fc\u00e7\u00fck orkestralar kullanarak yal\u0131n, ama \u00e7arp\u0131c\u0131 melodiler ve uyumsuz (disonant) akoriarla \u00f6nc\u00fc (avant-garde) m\u00fczik ak\u0131m\u0131n\u0131 ba\u015flatt\u0131lar. \u00d6nc\u00fc m\u00fczi\u011fin ABD&#8217;deki ba\u015fl\u0131ca temsilcileri Horatio Parker ve Charles Edvvard Ives&#8217;di. <\/p>\n<p>I. D\u00fcnya Sava\u015ffndan k\u0131sa bir s\u00fcre sonra geli\u015fen radyo yay\u0131nlar\u0131 m\u00fcziksever dinleyicilerin say\u0131s\u0131n\u0131 \u00f6nemli \u00f6l\u00e7\u00fcde art\u0131rd\u0131. Pop m\u00fczik, varyete, m\u00fczikal komedi ve caz m\u00fczi\u011fi geni\u015f halk kitleleri aras\u0131nda yayg\u0131nl\u0131k kazand\u0131. Bu m\u00fczik t\u00fcrleri George Gershwin, Jero-me Kern ve Cole Porter gibi bestecilerle en y\u00fcksek d\u00fczeyine ula\u015ft\u0131. 1970&#8217;lerde ve 1980lerde \u00f6nde gelen \u00f6teki besteciler Leo-nard Bernstein, Andrevv Lloyd Webber, Aa-roo Copland&#8217;d\u0131. <\/p>\n<p>20, y\u00fczy\u0131lda klasik m\u00fczikteki en \u00f6nemli geli\u015fme, Avusturyal\u0131 besteci Arnold Sch\u00f6nberg&#8217; in b\u00fct\u00fcn armoni ve melodi kurallar\u0131n\u0131 alt\u00fcst ederek, atonalite denen anahtars\u0131z sistemi ge-li\u015ftirmesiyle ger\u00e7ekle\u015fti. \u00d6\u011frencileri Alban Berg ve Anton von Webern onu izleyerek operalar, senfoniler, oda m\u00fczikleri ve \u015fark\u0131lar yazd\u0131lar. Sch\u00f6nberg&#8217;in g\u00fcn\u00fcm\u00fczde bile baz\u0131 kulaklara yabanc\u0131 gelen bu sistemi dizisel sistem ve 12 ton (ya da 12 nota) sistemi olarak bilinir. <\/p>\n<p>20. y\u00fczy\u0131ldaki b\u00fcy\u00fck bestecilerin \u00e7o\u011fu hi\u00e7bir ak\u0131ma ba\u011flanmadan \u00f6zg\u00fcn m\u00fczik yazan bestecilerdi. Bu bestecilerin \u00f6nde gelenleri Rus \u0130gor Stravinski, Sergey Prokofyev ve Di-mitri \u015eostakovi\u00e7, Alman Paul Hindemith, Kurt Weill ve Karlheinz Stockhausen, \u0130talyan Luigi Dallapiccola ve Luciano Berio, Frans\u0131z Olivier Messiaen, \u0130ngiliz Benjamin Britten ve Michael Tippett&#8217;tir. Stockhausen ve Frans\u0131z Edgard Varese 1950&#8217;lerde ve 1960&#8217;larda ortaya \u00e7\u0131kan elektronik m\u00fczi\u011fin \u00f6nc\u00fcleridir. 1970&#8217;lerde ve 1980&#8217;lerde basit armoni ve melodi kal\u0131plar\u0131yla tek bir motifin \u00fcst \u00fcste yinelenmesine dayanan minimalist (indirgemeci) m\u00fczik ak\u0131m\u0131 geli\u015fti. Bu ak\u0131m\u0131n \u00f6nde gelen adlar\u0131 aras\u0131nda ABDli Steve Reich ve Philip Glass say\u0131labilir. 20. y\u00fczy\u0131l\u0131n bir ba\u015fka \u00fcnl\u00fc bestecisi de ABDli John Cage&#8217;dir. Belirsizlik ilkesine dayanarak rastlant\u0131sal m\u00fczik t\u00fcr\u00fcn\u00fc geli\u015ftiren \u00f6nc\u00fc besteci Cage&#8217;e g\u00f6re, sessizlik bile tek basma m\u00fczik olabilir.<\/p>\n","protected":false},"excerpt":{"rendered":"<p>20. y\u00fczy\u0131l m\u00fczikte yeni aray\u0131\u015flar d\u00f6nemi oldu. Fransa&#8217;da Claude Debussy ve Maurice Ravel piyano ve orkestra i\u00e7in yazd\u0131klar\u0131 yap\u0131tlarda al\u0131\u015f\u0131lm\u0131\u015f\u0131n d\u0131\u015f\u0131nda bir armoni ve tonalite kullanarak resimde boya ile ger\u00e7ekle\u015ftirilen etkiyi m\u00fczikte yaratmakla \u0130zlenimcilik Ak\u0131m\u0131&#8217;n\u0131n ba\u015fl\u0131ca temsilcileri oldular . Frans\u0131z Erik Satie ve Francis Poulenc, 18. y\u00fczy\u0131l m\u00fczi\u011finde oldu\u011fu gibi k\u00fc\u00e7\u00fck orkestralar kullanarak yal\u0131n, ama [&hellip;]<\/p>\n","protected":false},"author":1,"featured_media":0,"comment_status":"open","ping_status":"open","sticky":false,"template":"","format":"standard","meta":{"footnotes":""},"categories":[93],"tags":[],"class_list":{"0":"post-2897","1":"post","2":"type-post","3":"status-publish","4":"format-standard","6":"category-muzik-genel-kultur"},"yoast_head":"<!-- This site is optimized with the Yoast SEO Premium plugin v24.9 (Yoast SEO v24.9) - https:\/\/yoast.com\/wordpress\/plugins\/seo\/ -->\n<title>20. Y\u00fczy\u0131l&#039;da M\u00fczik - narteks.net<\/title>\n<meta name=\"robots\" content=\"index, follow, max-snippet:-1, max-image-preview:large, max-video-preview:-1\" \/>\n<link rel=\"canonical\" href=\"https:\/\/narteks.net\/index.php\/2009\/12\/21\/20-yuezylda-muezik\/\" \/>\n<meta property=\"og:locale\" content=\"tr_TR\" \/>\n<meta property=\"og:type\" content=\"article\" \/>\n<meta property=\"og:title\" content=\"20. Y\u00fczy\u0131l&#039;da M\u00fczik\" \/>\n<meta property=\"og:description\" content=\"20. y\u00fczy\u0131l m\u00fczikte yeni aray\u0131\u015flar d\u00f6nemi oldu. Fransa&#8217;da Claude Debussy ve Maurice Ravel piyano ve orkestra i\u00e7in yazd\u0131klar\u0131 yap\u0131tlarda al\u0131\u015f\u0131lm\u0131\u015f\u0131n d\u0131\u015f\u0131nda bir armoni ve tonalite kullanarak resimde boya ile ger\u00e7ekle\u015ftirilen etkiyi m\u00fczikte yaratmakla \u0130zlenimcilik Ak\u0131m\u0131&#8217;n\u0131n ba\u015fl\u0131ca temsilcileri oldular . Frans\u0131z Erik Satie ve Francis Poulenc, 18. y\u00fczy\u0131l m\u00fczi\u011finde oldu\u011fu gibi k\u00fc\u00e7\u00fck orkestralar kullanarak yal\u0131n, ama [&hellip;]\" \/>\n<meta property=\"og:url\" content=\"https:\/\/narteks.net\/index.php\/2009\/12\/21\/20-yuezylda-muezik\/\" \/>\n<meta property=\"og:site_name\" content=\"narteks.net\" \/>\n<meta property=\"article:published_time\" content=\"2009-12-21T07:10:38+00:00\" \/>\n<meta property=\"og:image\" content=\"https:\/\/narteks.net\/wp-content\/uploads\/narteks.png\" \/>\n\t<meta property=\"og:image:width\" content=\"300\" \/>\n\t<meta property=\"og:image:height\" content=\"90\" \/>\n\t<meta property=\"og:image:type\" content=\"image\/png\" \/>\n<meta name=\"author\" content=\"Tar\u0131k\" \/>\n<meta name=\"twitter:card\" content=\"summary_large_image\" \/>\n<meta name=\"twitter:creator\" content=\"@narteks\" \/>\n<meta name=\"twitter:site\" content=\"@narteks\" \/>\n<meta name=\"twitter:label1\" content=\"Yazan:\" \/>\n\t<meta name=\"twitter:data1\" content=\"Tar\u0131k\" \/>\n\t<meta name=\"twitter:label2\" content=\"Tahmini okuma s\u00fcresi\" \/>\n\t<meta name=\"twitter:data2\" content=\"2 dakika\" \/>\n<script type=\"application\/ld+json\" class=\"yoast-schema-graph\">{\"@context\":\"https:\/\/schema.org\",\"@graph\":[{\"@type\":\"Article\",\"@id\":\"https:\/\/narteks.net\/index.php\/2009\/12\/21\/20-yuezylda-muezik\/#article\",\"isPartOf\":{\"@id\":\"https:\/\/narteks.net\/index.php\/2009\/12\/21\/20-yuezylda-muezik\/\"},\"author\":{\"name\":\"Tar\u0131k\",\"@id\":\"https:\/\/narteks.net\/#\/schema\/person\/61f37d9834294b72d31d274e7ed79bca\"},\"headline\":\"20. Y\u00fczy\u0131l&#8217;da M\u00fczik\",\"datePublished\":\"2009-12-21T07:10:38+00:00\",\"mainEntityOfPage\":{\"@id\":\"https:\/\/narteks.net\/index.php\/2009\/12\/21\/20-yuezylda-muezik\/\"},\"wordCount\":431,\"commentCount\":0,\"publisher\":{\"@id\":\"https:\/\/narteks.net\/#organization\"},\"articleSection\":[\"M\u00fczik Genel K\u00fclt\u00fcr\"],\"inLanguage\":\"tr\",\"potentialAction\":[{\"@type\":\"CommentAction\",\"name\":\"Comment\",\"target\":[\"https:\/\/narteks.net\/index.php\/2009\/12\/21\/20-yuezylda-muezik\/#respond\"]}]},{\"@type\":\"WebPage\",\"@id\":\"https:\/\/narteks.net\/index.php\/2009\/12\/21\/20-yuezylda-muezik\/\",\"url\":\"https:\/\/narteks.net\/index.php\/2009\/12\/21\/20-yuezylda-muezik\/\",\"name\":\"20. Y\u00fczy\u0131l'da M\u00fczik - narteks.net\",\"isPartOf\":{\"@id\":\"https:\/\/narteks.net\/#website\"},\"datePublished\":\"2009-12-21T07:10:38+00:00\",\"breadcrumb\":{\"@id\":\"https:\/\/narteks.net\/index.php\/2009\/12\/21\/20-yuezylda-muezik\/#breadcrumb\"},\"inLanguage\":\"tr\",\"potentialAction\":[{\"@type\":\"ReadAction\",\"target\":[\"https:\/\/narteks.net\/index.php\/2009\/12\/21\/20-yuezylda-muezik\/\"]}]},{\"@type\":\"BreadcrumbList\",\"@id\":\"https:\/\/narteks.net\/index.php\/2009\/12\/21\/20-yuezylda-muezik\/#breadcrumb\",\"itemListElement\":[{\"@type\":\"ListItem\",\"position\":1,\"name\":\"Anasayfa\",\"item\":\"https:\/\/narteks.net\/\"},{\"@type\":\"ListItem\",\"position\":2,\"name\":\"20. Y\u00fczy\u0131l&#8217;da M\u00fczik\"}]},{\"@type\":\"WebSite\",\"@id\":\"https:\/\/narteks.net\/#website\",\"url\":\"https:\/\/narteks.net\/\",\"name\":\"narteks.net\",\"description\":\"K\u00fclt\u00fcr Sanat Edebiyat Felsefe\",\"publisher\":{\"@id\":\"https:\/\/narteks.net\/#organization\"},\"alternateName\":\"K\u00fclt\u00fcr Sanat Edebiyat Felsefe\",\"potentialAction\":[{\"@type\":\"SearchAction\",\"target\":{\"@type\":\"EntryPoint\",\"urlTemplate\":\"https:\/\/narteks.net\/?s={search_term_string}\"},\"query-input\":{\"@type\":\"PropertyValueSpecification\",\"valueRequired\":true,\"valueName\":\"search_term_string\"}}],\"inLanguage\":\"tr\"},{\"@type\":\"Organization\",\"@id\":\"https:\/\/narteks.net\/#organization\",\"name\":\"narteks.net\",\"url\":\"https:\/\/narteks.net\/\",\"logo\":{\"@type\":\"ImageObject\",\"inLanguage\":\"tr\",\"@id\":\"https:\/\/narteks.net\/#\/schema\/logo\/image\/\",\"url\":\"https:\/\/narteks.net\/wp-content\/uploads\/narteks.png\",\"contentUrl\":\"https:\/\/narteks.net\/wp-content\/uploads\/narteks.png\",\"width\":300,\"height\":90,\"caption\":\"narteks.net\"},\"image\":{\"@id\":\"https:\/\/narteks.net\/#\/schema\/logo\/image\/\"},\"sameAs\":[\"https:\/\/x.com\/narteks\",\"https:\/\/instagram.com\/narteksnet\"]},{\"@type\":\"Person\",\"@id\":\"https:\/\/narteks.net\/#\/schema\/person\/61f37d9834294b72d31d274e7ed79bca\",\"name\":\"Tar\u0131k\",\"image\":{\"@type\":\"ImageObject\",\"inLanguage\":\"tr\",\"@id\":\"https:\/\/narteks.net\/#\/schema\/person\/image\/\",\"url\":\"https:\/\/secure.gravatar.com\/avatar\/50865afb55632c4ae467e0af0930f6510aa2297d8014be502a55b14f3b7550cf?s=96&d=mm&r=g\",\"contentUrl\":\"https:\/\/secure.gravatar.com\/avatar\/50865afb55632c4ae467e0af0930f6510aa2297d8014be502a55b14f3b7550cf?s=96&d=mm&r=g\",\"caption\":\"Tar\u0131k\"},\"sameAs\":[\"http:\/\/narteks.net\"],\"url\":\"https:\/\/narteks.net\/index.php\/author\/narbak\/\"}]}<\/script>\n<!-- \/ Yoast SEO Premium plugin. -->","yoast_head_json":{"title":"20. Y\u00fczy\u0131l'da M\u00fczik - narteks.net","robots":{"index":"index","follow":"follow","max-snippet":"max-snippet:-1","max-image-preview":"max-image-preview:large","max-video-preview":"max-video-preview:-1"},"canonical":"https:\/\/narteks.net\/index.php\/2009\/12\/21\/20-yuezylda-muezik\/","og_locale":"tr_TR","og_type":"article","og_title":"20. Y\u00fczy\u0131l'da M\u00fczik","og_description":"20. y\u00fczy\u0131l m\u00fczikte yeni aray\u0131\u015flar d\u00f6nemi oldu. Fransa&#8217;da Claude Debussy ve Maurice Ravel piyano ve orkestra i\u00e7in yazd\u0131klar\u0131 yap\u0131tlarda al\u0131\u015f\u0131lm\u0131\u015f\u0131n d\u0131\u015f\u0131nda bir armoni ve tonalite kullanarak resimde boya ile ger\u00e7ekle\u015ftirilen etkiyi m\u00fczikte yaratmakla \u0130zlenimcilik Ak\u0131m\u0131&#8217;n\u0131n ba\u015fl\u0131ca temsilcileri oldular . Frans\u0131z Erik Satie ve Francis Poulenc, 18. y\u00fczy\u0131l m\u00fczi\u011finde oldu\u011fu gibi k\u00fc\u00e7\u00fck orkestralar kullanarak yal\u0131n, ama [&hellip;]","og_url":"https:\/\/narteks.net\/index.php\/2009\/12\/21\/20-yuezylda-muezik\/","og_site_name":"narteks.net","article_published_time":"2009-12-21T07:10:38+00:00","og_image":[{"width":300,"height":90,"url":"https:\/\/narteks.net\/wp-content\/uploads\/narteks.png","type":"image\/png"}],"author":"Tar\u0131k","twitter_card":"summary_large_image","twitter_creator":"@narteks","twitter_site":"@narteks","twitter_misc":{"Yazan:":"Tar\u0131k","Tahmini okuma s\u00fcresi":"2 dakika"},"schema":{"@context":"https:\/\/schema.org","@graph":[{"@type":"Article","@id":"https:\/\/narteks.net\/index.php\/2009\/12\/21\/20-yuezylda-muezik\/#article","isPartOf":{"@id":"https:\/\/narteks.net\/index.php\/2009\/12\/21\/20-yuezylda-muezik\/"},"author":{"name":"Tar\u0131k","@id":"https:\/\/narteks.net\/#\/schema\/person\/61f37d9834294b72d31d274e7ed79bca"},"headline":"20. Y\u00fczy\u0131l&#8217;da M\u00fczik","datePublished":"2009-12-21T07:10:38+00:00","mainEntityOfPage":{"@id":"https:\/\/narteks.net\/index.php\/2009\/12\/21\/20-yuezylda-muezik\/"},"wordCount":431,"commentCount":0,"publisher":{"@id":"https:\/\/narteks.net\/#organization"},"articleSection":["M\u00fczik Genel K\u00fclt\u00fcr"],"inLanguage":"tr","potentialAction":[{"@type":"CommentAction","name":"Comment","target":["https:\/\/narteks.net\/index.php\/2009\/12\/21\/20-yuezylda-muezik\/#respond"]}]},{"@type":"WebPage","@id":"https:\/\/narteks.net\/index.php\/2009\/12\/21\/20-yuezylda-muezik\/","url":"https:\/\/narteks.net\/index.php\/2009\/12\/21\/20-yuezylda-muezik\/","name":"20. Y\u00fczy\u0131l'da M\u00fczik - narteks.net","isPartOf":{"@id":"https:\/\/narteks.net\/#website"},"datePublished":"2009-12-21T07:10:38+00:00","breadcrumb":{"@id":"https:\/\/narteks.net\/index.php\/2009\/12\/21\/20-yuezylda-muezik\/#breadcrumb"},"inLanguage":"tr","potentialAction":[{"@type":"ReadAction","target":["https:\/\/narteks.net\/index.php\/2009\/12\/21\/20-yuezylda-muezik\/"]}]},{"@type":"BreadcrumbList","@id":"https:\/\/narteks.net\/index.php\/2009\/12\/21\/20-yuezylda-muezik\/#breadcrumb","itemListElement":[{"@type":"ListItem","position":1,"name":"Anasayfa","item":"https:\/\/narteks.net\/"},{"@type":"ListItem","position":2,"name":"20. Y\u00fczy\u0131l&#8217;da M\u00fczik"}]},{"@type":"WebSite","@id":"https:\/\/narteks.net\/#website","url":"https:\/\/narteks.net\/","name":"narteks.net","description":"K\u00fclt\u00fcr Sanat Edebiyat Felsefe","publisher":{"@id":"https:\/\/narteks.net\/#organization"},"alternateName":"K\u00fclt\u00fcr Sanat Edebiyat Felsefe","potentialAction":[{"@type":"SearchAction","target":{"@type":"EntryPoint","urlTemplate":"https:\/\/narteks.net\/?s={search_term_string}"},"query-input":{"@type":"PropertyValueSpecification","valueRequired":true,"valueName":"search_term_string"}}],"inLanguage":"tr"},{"@type":"Organization","@id":"https:\/\/narteks.net\/#organization","name":"narteks.net","url":"https:\/\/narteks.net\/","logo":{"@type":"ImageObject","inLanguage":"tr","@id":"https:\/\/narteks.net\/#\/schema\/logo\/image\/","url":"https:\/\/narteks.net\/wp-content\/uploads\/narteks.png","contentUrl":"https:\/\/narteks.net\/wp-content\/uploads\/narteks.png","width":300,"height":90,"caption":"narteks.net"},"image":{"@id":"https:\/\/narteks.net\/#\/schema\/logo\/image\/"},"sameAs":["https:\/\/x.com\/narteks","https:\/\/instagram.com\/narteksnet"]},{"@type":"Person","@id":"https:\/\/narteks.net\/#\/schema\/person\/61f37d9834294b72d31d274e7ed79bca","name":"Tar\u0131k","image":{"@type":"ImageObject","inLanguage":"tr","@id":"https:\/\/narteks.net\/#\/schema\/person\/image\/","url":"https:\/\/secure.gravatar.com\/avatar\/50865afb55632c4ae467e0af0930f6510aa2297d8014be502a55b14f3b7550cf?s=96&d=mm&r=g","contentUrl":"https:\/\/secure.gravatar.com\/avatar\/50865afb55632c4ae467e0af0930f6510aa2297d8014be502a55b14f3b7550cf?s=96&d=mm&r=g","caption":"Tar\u0131k"},"sameAs":["http:\/\/narteks.net"],"url":"https:\/\/narteks.net\/index.php\/author\/narbak\/"}]}},"_links":{"self":[{"href":"https:\/\/narteks.net\/index.php\/wp-json\/wp\/v2\/posts\/2897","targetHints":{"allow":["GET"]}}],"collection":[{"href":"https:\/\/narteks.net\/index.php\/wp-json\/wp\/v2\/posts"}],"about":[{"href":"https:\/\/narteks.net\/index.php\/wp-json\/wp\/v2\/types\/post"}],"author":[{"embeddable":true,"href":"https:\/\/narteks.net\/index.php\/wp-json\/wp\/v2\/users\/1"}],"replies":[{"embeddable":true,"href":"https:\/\/narteks.net\/index.php\/wp-json\/wp\/v2\/comments?post=2897"}],"version-history":[{"count":0,"href":"https:\/\/narteks.net\/index.php\/wp-json\/wp\/v2\/posts\/2897\/revisions"}],"wp:attachment":[{"href":"https:\/\/narteks.net\/index.php\/wp-json\/wp\/v2\/media?parent=2897"}],"wp:term":[{"taxonomy":"category","embeddable":true,"href":"https:\/\/narteks.net\/index.php\/wp-json\/wp\/v2\/categories?post=2897"},{"taxonomy":"post_tag","embeddable":true,"href":"https:\/\/narteks.net\/index.php\/wp-json\/wp\/v2\/tags?post=2897"}],"curies":[{"name":"wp","href":"https:\/\/api.w.org\/{rel}","templated":true}]}}