{"id":2900,"date":"2009-12-21T12:11:40","date_gmt":"2009-12-21T09:11:40","guid":{"rendered":"http:\/\/localhost\/wordpress\/2009\/12\/21\/ama-her-seye-ragmen-bu-yeryuzunde-sarkilar-soyledik-tesekkurler-dunya-tesekkurler-kazim-koyuncu\/"},"modified":"2009-12-21T12:11:40","modified_gmt":"2009-12-21T09:11:40","slug":"ama-her-seye-ragmen-bu-yeryuzunde-sarkilar-soyledik-tesekkurler-dunya-tesekkurler-kazim-koyuncu","status":"publish","type":"post","link":"https:\/\/narteks.net\/index.php\/2009\/12\/21\/ama-her-seye-ragmen-bu-yeryuzunde-sarkilar-soyledik-tesekkurler-dunya-tesekkurler-kazim-koyuncu\/","title":{"rendered":"Ama her \u015feye ra\u011fmen bu yery\u00fcz\u00fcnde \u015fark\u0131lar s\u00f6yledik. Te\u015fekk\u00fcrler d\u00fcnya | Te\u015fekk\u00fcrler, Kaz\u0131m Koyuncu"},"content":{"rendered":"<p style=\"text-align: justify;\"><strong><em><img loading=\"lazy\" decoding=\"async\" src=\"images\/stories\/kazmkoyuncu.jpg\" border=\"0\" width=\"155\" height=\"205\" style=\"float: left;\" \/><\/em><\/strong><em>&#8220;Bu arada; hi\u00e7 ba\u015f\u0131m\u0131zdan eksik olmayan g\u00f6ky\u00fcz\u00fcne, g\u00fcn\u00fcn karanl\u0131k saatlerine, ara s\u0131ra kopsa da f\u0131rt\u0131nalara, bir g\u00fcn bo\u011fulaca\u011f\u0131m\u0131z denizlere, eski g\u00fcnlere, neler olaca\u011f\u0131n\u0131 bilmesek de gelece\u011fe, k\u00f6t\u00fcl\u00fcklerle dolu olsa bile tarihe, tarihin ak\u0131\u015f\u0131n\u0131 d\u00fcze \u00e7\u0131karmaya \u00e7al\u0131\u015fan t\u00fcm g\u00fczel y\u00fczl\u00fc \u00e7ocuklara, Donki\u015fotlar &#8216;a, ate\u015f h\u0131rs\u0131zlar\u0131na, Ernesto &#8220;\u00c7e&#8221; Guevara&#8217;ya, yollara-yolculuklara, sevgililere, sevi\u015fmelere, sadece d\u00fc\u015fleyebildi\u011fimiz olamamazl\u0131klara, \u00fc\u015f\u00fcrken \u0131s\u0131nmalara, her \u015feyden s\u0131cak annelere, babalara ve tad\u0131n\u0131 b\u00fct\u00fcn bunlardan alan \u015fark\u0131lara kendi s\u0131cakl\u0131\u011f\u0131m\u0131z\u0131 g\u00f6nderiyoruz. K\u00f6t\u00fc \u015feyler g\u00f6rd\u00fck. Sava\u015flar, katliamlar, \u00f6len-\u00f6ld\u00fcr\u00fclen \u00e7ocuklar g\u00f6rd\u00fck. Kendi dilini, kendi k\u00fclt\u00fcr\u00fcn\u00fc, kendisini kaybeden insanlar, topluluklar g\u00f6rd\u00fck. Yanan k\u00f6yler, kentler, ormanlar, hayvanlar g\u00f6rd\u00fck. Yoksul insanlar, a\u011flayan anneler, babalar, her g\u00fcn bile bile sokaklarda \u00f6l\u00fcme ko\u015fan tinerci \u00e7ocuklar g\u00f6rd\u00fck. Biz de \u00f6ld\u00fck. Ama her \u015feye ra\u011fmen bu yery\u00fcz\u00fcnde \u015fark\u0131lar s\u00f6yledik. Te\u015fekk\u00fcrler d\u00fcnya.&#8221; <\/em>Kaz\u0131m Koyuncu<\/p>\n<p>\u00a0<\/p>\n<p style=\"text-align: justify;\"><em> <\/em><\/p>\n<p style=\"text-align: justify;\"><span class=\"mw-redirect\">Artvin<\/span>&#8216;in Hopa il\u00e7esine ba\u011fl\u0131 Sug\u00f6ren K\u00f6y\u00fc&#8217;nde, 7 Kas\u0131m 1971 tarihinde do\u011fmu\u015fsa da n\u00fcfusa ge\u00e7 kaydedildi\u011finden dolay\u0131 resmi do\u011fum tarihi 10 May\u0131s 1972&#8217;dir. M\u00fczi\u011fe ortaokul birinci s\u0131n\u0131fta mandolin \u00e7alarak ba\u015flam\u0131\u015f, \u00e7ocuklu\u011fu, &#8220;\u00fcstad\u0131m&#8221; dedi\u011fi, &#8220;Kemen\u00e7eci Ya\u015far&#8221; lakab\u0131 ile tan\u0131nan Ya\u015far Turna&#8217;n\u0131n yan\u0131nda t\u00fcrk\u00fc dinleyerek ge\u00e7mi\u015ftir\u00a0 \u0130stanbul&#8217;a \u00fcniversite e\u011fitimi i\u00e7in geldikten sonra m\u00fczikle yo\u011fun olarak u\u011fra\u015fmaya ba\u015flam\u0131\u015fsa da \u0130stanbul \u00dcniversitesi Siyasal Bilgiler Fak\u00fcltesi&#8217;nden siyasi nedenlerle ayr\u0131lm\u0131\u015ft\u0131r. 1992 y\u0131l\u0131nda profesyonel m\u00fczik hayat\u0131na at\u0131lm\u0131\u015ft\u0131r. 2004&#8217;\u00fcn sonlar\u0131nda sanat\u00e7\u0131ya akci\u011fer kanseri\u00a0 te\u015fhisi konulmu\u015f ve kanser tedavisi g\u00f6rmeye ba\u015flam\u0131\u015ft\u0131r. 25 Haziran 2005&#8217;de, 33 ya\u015f\u0131nda, tedavi g\u00f6rd\u00fc\u011f\u00fc hastanede ya\u015fam\u0131n\u0131 yitirmi\u015ftir.<\/p>\n<p><strong><span id=\"M.C3.BCzik_kariyeri\" class=\"mw-headline\">M\u00fczik kariyeri<\/span><\/strong><\/p>\n<p style=\"text-align: justify;\">1992&#8217;de hen\u00fcz 20 ya\u015f\u0131nda iken Ali Elver le &#8220;<span class=\"new\">Dinmeyen<\/span>&#8221; adl\u0131 \u00f6zg\u00fcn m\u00fczik grubunu kurmu\u015f ve profesyonel m\u00fczik hayat\u0131 ba\u015flam\u0131\u015ft\u0131r. Zamanla Lazca m\u00fczik yapmak i\u00e7in bu gruptan ayr\u0131lm\u0131\u015fsa da <span class=\"mw-redirect\">rock<\/span>&#8216;tan kopamam\u0131\u015f ve geleneksel Laz halk m\u00fczi\u011fini rock tabanl\u0131 yorumlamaya ba\u015flam\u0131\u015ft\u0131r.<\/p>\n<p style=\"text-align: justify;\">1993\u2019te <span class=\"new\">Mehmedali Bar\u0131\u015f Be\u015fli<\/span> ile birlikte <em>Zu\u011fa\u015fi Berepe<\/em> (Denizin \u00c7ocuklar\u0131) adl\u0131 rock m\u00fczik grubunu kurmu\u015ftur. Lazca rock yapma iddias\u0131 ile yola \u00e7\u0131kan ve 1995&#8217;te <em>Va Mi\u015fkunan<\/em> (Bilmiyoruz), 1998&#8217;de de <em>\u0130gzas<\/em> (Gidiyor) adl\u0131 alb\u00fcmleri yaparak bu iddialar\u0131n\u0131 da ger\u00e7ekle\u015ftiren grup, s\u0131n\u0131rl\u0131 say\u0131da (yaln\u0131zca 130 adet) bas\u0131lm\u0131\u015f bir konser alb\u00fcm\u00fc (Bruxel Live)\u00e7\u0131kard\u0131ktan sonra 1999 y\u0131l\u0131nda da\u011f\u0131lm\u0131\u015ft\u0131r.<\/p>\n<p style=\"text-align: justify;\">Kaz\u0131m Koyuncu, tek ba\u015f\u0131na m\u00fczi\u011fe devam etmi\u015f ve <span class=\"new\">Salk\u0131m S\u00f6\u011f\u00fct<\/span> adl\u0131 projelerin ikincisinde 3 \u015fark\u0131yla yer alm\u0131\u015ft\u0131. 2001\u2019de <em>Viya<\/em> adl\u0131 ilk solo alb\u00fcm\u00fcn\u00fc \u00e7\u0131kard\u0131ktan sonra Kanal D televizyonunda yay\u0131nlanan pop\u00fcler TV dizisi G\u00fclbeyaz&#8217;\u0131n hem m\u00fcziklerini yap\u0131nca yurt \u00e7ap\u0131nda tan\u0131nm\u0131\u015ft\u0131r. Daha sonra Kemal Sahir G\u00fcrel ile birlikte <span class=\"mw-redirect\">Sultan Makam\u0131<\/span> adl\u0131 televizyon dizisinin m\u00fcziklerini haz\u0131rlam\u0131\u015ft\u0131r..<\/p>\n<p style=\"text-align: justify;\">Karadeniz m\u00fczi\u011finin g\u00fc\u00e7l\u00fc temsilcilerinden Fuat Saka, Volkan Konak ve <span class=\"new\">Bayar \u015eahin<\/span> ile birlikte d\u00fczenledikleri, b\u00fcy\u00fck ilgi g\u00f6ren <span class=\"new\">Hey Gidi Karadeniz<\/span> konserler dizisinin de \u00f6nc\u00fcl\u00fc\u011f\u00fcn\u00fc yapm\u0131\u015f, Nisan 2004&#8217;te \u00e7\u0131kard\u0131\u011f\u0131 ikinci solo alb\u00fcm\u00fc Hayde ile pop\u00fclaritesini artt\u0131rm\u0131\u015ft\u0131r.<\/p>\n<p style=\"text-align: justify;\">\u00d6l\u00fcm\u00fcnden sonra 16 \u015fark\u0131n\u0131n 4 tanesi konser kayd\u0131, 4 tanesi (D\u00fcnyada Bir Yerde, Yaln\u0131zl\u0131\u011f\u0131 Anla, Ho\u015f\u00e7akal, Yine Burada) demo kay\u0131t, geri kalan\u0131 ise farkl\u0131 alb\u00fcmlerde (Gitar\u0131n Asi \u00c7ocuklar\u0131 (An\u0131lar D\u00fc\u015ft\u00fc Pe\u015fime), Grup Patika\/A\u015fk Beni B\u00fcy\u00fctmedi (Ayr\u0131l\u0131k \u015eark\u0131s\u0131), Seyduna (Hayat), Tuncay Akdo\u011fan\/Bir Nehir ki \u00d6mr\u00fcm (Darbedar), Dinmeyen\/Sisler Bulvar\u0131 (Ask\u0131da Ya\u015famak), dizi m\u00fczi\u011fi (Le le le) yer alan <span class=\"new\">D\u00fcnyada Bir Yerdeyim<\/span> alb\u00fcm\u00fc <span class=\"mw-redirect\">Halkevleri<\/span> taraf\u0131ndan Ocak 2007 \u00e7\u0131kart\u0131lm\u0131\u015ft\u0131r. Bu alb\u00fcm\u00fcn geliriyle <span class=\"new\">Kaz\u0131m Koyuncu K\u00fclt\u00fcr Merkezi<\/span> \u00e7al\u0131\u015fmalar\u0131na ba\u015flam\u0131\u015f ve halen \u00e7e\u015fitli at\u00f6lye \u00e7al\u0131\u015fmalar\u0131yla kat\u0131l\u0131mc\u0131lar\u0131na \u00fccretsiz e\u011fitimler vermeye devam etmektedir. 2008 y\u0131l\u0131nda Kaz\u0131m Koyuncu&#8217;nun hayat hik\u00e2yesinin yan\u0131s\u0131ra bir k\u0131sm\u0131 hi\u00e7bir yerde yay\u0131nlanmam\u0131\u015f g\u00f6r\u00fcnt\u00fclerle anlatan y\u00f6netmenli\u011fini \u00dcmit K\u0131van\u00e7&#8217;\u0131n yapt\u0131\u011f\u0131 &#8220;\u015eark\u0131larla Ge\u00e7tim Aran\u0131zdan&#8221; belgeseli 3 DVD halinde yay\u0131nlanm\u0131\u015ft\u0131r.<\/p>\n<p style=\"text-align: justify;\">26 Haziran 2005 &#8216;te <span class=\"new\">Harbiye A\u00e7\u0131k Hava Tiyatrosu<\/span>&#8216;nda d\u00fczenlenen t\u00f6ren sonras\u0131 onbinler taraf\u0131ndan <span class=\"mw-redirect\">Hopa<\/span>&#8216;ya u\u011furlanm\u0131\u015f ve 27 Haziran 2005 &#8216;te do\u011fdu\u011fu k\u00f6y olan Pan\u00e7ol&#8217;da f\u0131nd\u0131k a\u011fa\u00e7lar\u0131n\u0131n \u00e7evreledi\u011fi k\u00f6y mezarl\u0131\u011f\u0131nda ebedi istirahatgah\u0131na konulmu\u015ftur. Kaz\u0131m Koyuncu&#8217;nun gen\u00e7 ya\u015fta kayb\u0131, g\u00f6n\u00fclden ba\u011fl\u0131 oldu\u011fu Trabzonspor&#8217;un vefakar taraftarlar\u0131, Laz dilinin tan\u0131nmas\u0131na yapt\u0131\u011f\u0131 katk\u0131lardan dolay\u0131 Laz halk\u0131, \u00e7evre sorunlar\u0131 konusunda g\u00f6sterdi\u011fi duyarl\u0131l\u0131\u011f\u0131n yan\u0131s\u0131ra al\u00e7akg\u00f6n\u00fcll\u00fc, samimi ve h\u00fcmanist ki\u015fili\u011fiyle kalbini kazand\u0131\u011f\u0131 b\u00fcy\u00fck halk kitleleri taraf\u0131ndan \u00fcz\u00fcnt\u00fcyle kar\u015f\u0131lanm\u0131\u015ft\u0131r.<\/p>\n<p><strong><span id=\"Alb.C3.BCmleri\" class=\"mw-headline\">Alb\u00fcmleri<\/span><\/strong><\/p>\n<ul>\n<li>Viya (2001)<\/li>\n<li>Hayde (2004)<\/li>\n<li><span class=\"new\">D\u00fcnyada Bir Yerdeyim<\/span> (2006)<\/li>\n<\/ul>\n<p>\n<object width=\"400\" height=\"315\" data=\"http:\/\/www.humyo.com\/E\/10044311-281475119093484\/10044311-281475119108276\/10044311-281475119102632\/10044311-281475119105414\/10044311-281475119106972\/10044311-281475119109784\/10044311-281475119111370\/10044311-281475102657343\/10044311-281475102661473\" type=\"application\/x-shockwave-flash\"><param name=\"flashvars\" value=\"autostart=true&amp;imagestart=true&amp;displayheight=236\" \/><param name=\"src\" value=\"http:\/\/www.humyo.com\/E\/10044311-281475119093484\/10044311-281475119108276\/10044311-281475119102632\/10044311-281475119105414\/10044311-281475119106972\/10044311-281475119109784\/10044311-281475119111370\/10044311-281475102657343\/10044311-281475102661473\" \/><\/object><\/p>\n","protected":false},"excerpt":{"rendered":"<p>&#8220;Bu arada; hi\u00e7 ba\u015f\u0131m\u0131zdan eksik olmayan g\u00f6ky\u00fcz\u00fcne, g\u00fcn\u00fcn karanl\u0131k saatlerine, ara s\u0131ra kopsa da f\u0131rt\u0131nalara, bir g\u00fcn bo\u011fulaca\u011f\u0131m\u0131z denizlere, eski g\u00fcnlere, neler olaca\u011f\u0131n\u0131 bilmesek de gelece\u011fe, k\u00f6t\u00fcl\u00fcklerle dolu olsa bile tarihe, tarihin ak\u0131\u015f\u0131n\u0131 d\u00fcze \u00e7\u0131karmaya \u00e7al\u0131\u015fan t\u00fcm g\u00fczel y\u00fczl\u00fc \u00e7ocuklara, Donki\u015fotlar &#8216;a, ate\u015f h\u0131rs\u0131zlar\u0131na, Ernesto &#8220;\u00c7e&#8221; Guevara&#8217;ya, yollara-yolculuklara, sevgililere, sevi\u015fmelere, sadece d\u00fc\u015fleyebildi\u011fimiz olamamazl\u0131klara, \u00fc\u015f\u00fcrken \u0131s\u0131nmalara, [&hellip;]<\/p>\n","protected":false},"author":1,"featured_media":0,"comment_status":"open","ping_status":"open","sticky":false,"template":"","format":"standard","meta":{"footnotes":""},"categories":[100],"tags":[],"class_list":{"0":"post-2900","1":"post","2":"type-post","3":"status-publish","4":"format-standard","6":"category-muzisyenler"},"yoast_head":"<!-- This site is optimized with the Yoast SEO Premium plugin v24.9 (Yoast SEO v24.9) - https:\/\/yoast.com\/wordpress\/plugins\/seo\/ -->\n<title>Ama her \u015feye ra\u011fmen bu yery\u00fcz\u00fcnde \u015fark\u0131lar s\u00f6yledik. Te\u015fekk\u00fcrler d\u00fcnya | Te\u015fekk\u00fcrler, Kaz\u0131m Koyuncu - narteks.net<\/title>\n<meta name=\"robots\" content=\"index, follow, max-snippet:-1, max-image-preview:large, max-video-preview:-1\" \/>\n<link rel=\"canonical\" href=\"https:\/\/narteks.net\/index.php\/2009\/12\/21\/ama-her-seye-ragmen-bu-yeryuzunde-sarkilar-soyledik-tesekkurler-dunya-tesekkurler-kazim-koyuncu\/\" \/>\n<meta property=\"og:locale\" content=\"tr_TR\" \/>\n<meta property=\"og:type\" content=\"article\" \/>\n<meta property=\"og:title\" content=\"Ama her \u015feye ra\u011fmen bu yery\u00fcz\u00fcnde \u015fark\u0131lar s\u00f6yledik. Te\u015fekk\u00fcrler d\u00fcnya | Te\u015fekk\u00fcrler, Kaz\u0131m Koyuncu\" \/>\n<meta property=\"og:description\" content=\"&#8220;Bu arada; hi\u00e7 ba\u015f\u0131m\u0131zdan eksik olmayan g\u00f6ky\u00fcz\u00fcne, g\u00fcn\u00fcn karanl\u0131k saatlerine, ara s\u0131ra kopsa da f\u0131rt\u0131nalara, bir g\u00fcn bo\u011fulaca\u011f\u0131m\u0131z denizlere, eski g\u00fcnlere, neler olaca\u011f\u0131n\u0131 bilmesek de gelece\u011fe, k\u00f6t\u00fcl\u00fcklerle dolu olsa bile tarihe, tarihin ak\u0131\u015f\u0131n\u0131 d\u00fcze \u00e7\u0131karmaya \u00e7al\u0131\u015fan t\u00fcm g\u00fczel y\u00fczl\u00fc \u00e7ocuklara, Donki\u015fotlar &#8216;a, ate\u015f h\u0131rs\u0131zlar\u0131na, Ernesto &#8220;\u00c7e&#8221; Guevara&#8217;ya, yollara-yolculuklara, sevgililere, sevi\u015fmelere, sadece d\u00fc\u015fleyebildi\u011fimiz olamamazl\u0131klara, \u00fc\u015f\u00fcrken \u0131s\u0131nmalara, [&hellip;]\" \/>\n<meta property=\"og:url\" content=\"https:\/\/narteks.net\/index.php\/2009\/12\/21\/ama-her-seye-ragmen-bu-yeryuzunde-sarkilar-soyledik-tesekkurler-dunya-tesekkurler-kazim-koyuncu\/\" \/>\n<meta property=\"og:site_name\" content=\"narteks.net\" \/>\n<meta property=\"article:published_time\" content=\"2009-12-21T09:11:40+00:00\" \/>\n<meta property=\"og:image\" content=\"https:\/\/narteks.net\/wp-content\/uploads\/narteks.png\" \/>\n\t<meta property=\"og:image:width\" content=\"300\" \/>\n\t<meta property=\"og:image:height\" content=\"90\" \/>\n\t<meta property=\"og:image:type\" content=\"image\/png\" \/>\n<meta name=\"author\" content=\"Tar\u0131k\" \/>\n<meta name=\"twitter:card\" content=\"summary_large_image\" \/>\n<meta name=\"twitter:creator\" content=\"@narteks\" \/>\n<meta name=\"twitter:site\" content=\"@narteks\" \/>\n<meta name=\"twitter:label1\" content=\"Yazan:\" \/>\n\t<meta name=\"twitter:data1\" content=\"Tar\u0131k\" \/>\n\t<meta name=\"twitter:label2\" content=\"Tahmini okuma s\u00fcresi\" \/>\n\t<meta name=\"twitter:data2\" content=\"5 dakika\" \/>\n<script type=\"application\/ld+json\" class=\"yoast-schema-graph\">{\"@context\":\"https:\/\/schema.org\",\"@graph\":[{\"@type\":\"Article\",\"@id\":\"https:\/\/narteks.net\/index.php\/2009\/12\/21\/ama-her-seye-ragmen-bu-yeryuzunde-sarkilar-soyledik-tesekkurler-dunya-tesekkurler-kazim-koyuncu\/#article\",\"isPartOf\":{\"@id\":\"https:\/\/narteks.net\/index.php\/2009\/12\/21\/ama-her-seye-ragmen-bu-yeryuzunde-sarkilar-soyledik-tesekkurler-dunya-tesekkurler-kazim-koyuncu\/\"},\"author\":{\"name\":\"Tar\u0131k\",\"@id\":\"https:\/\/narteks.net\/#\/schema\/person\/61f37d9834294b72d31d274e7ed79bca\"},\"headline\":\"Ama her \u015feye ra\u011fmen bu yery\u00fcz\u00fcnde \u015fark\u0131lar s\u00f6yledik. Te\u015fekk\u00fcrler d\u00fcnya | Te\u015fekk\u00fcrler, Kaz\u0131m Koyuncu\",\"datePublished\":\"2009-12-21T09:11:40+00:00\",\"mainEntityOfPage\":{\"@id\":\"https:\/\/narteks.net\/index.php\/2009\/12\/21\/ama-her-seye-ragmen-bu-yeryuzunde-sarkilar-soyledik-tesekkurler-dunya-tesekkurler-kazim-koyuncu\/\"},\"wordCount\":933,\"commentCount\":0,\"publisher\":{\"@id\":\"https:\/\/narteks.net\/#organization\"},\"articleSection\":[\"M\u00fczisyenler\"],\"inLanguage\":\"tr\",\"potentialAction\":[{\"@type\":\"CommentAction\",\"name\":\"Comment\",\"target\":[\"https:\/\/narteks.net\/index.php\/2009\/12\/21\/ama-her-seye-ragmen-bu-yeryuzunde-sarkilar-soyledik-tesekkurler-dunya-tesekkurler-kazim-koyuncu\/#respond\"]}]},{\"@type\":\"WebPage\",\"@id\":\"https:\/\/narteks.net\/index.php\/2009\/12\/21\/ama-her-seye-ragmen-bu-yeryuzunde-sarkilar-soyledik-tesekkurler-dunya-tesekkurler-kazim-koyuncu\/\",\"url\":\"https:\/\/narteks.net\/index.php\/2009\/12\/21\/ama-her-seye-ragmen-bu-yeryuzunde-sarkilar-soyledik-tesekkurler-dunya-tesekkurler-kazim-koyuncu\/\",\"name\":\"Ama her \u015feye ra\u011fmen bu yery\u00fcz\u00fcnde \u015fark\u0131lar s\u00f6yledik. Te\u015fekk\u00fcrler d\u00fcnya | Te\u015fekk\u00fcrler, Kaz\u0131m Koyuncu - narteks.net\",\"isPartOf\":{\"@id\":\"https:\/\/narteks.net\/#website\"},\"datePublished\":\"2009-12-21T09:11:40+00:00\",\"breadcrumb\":{\"@id\":\"https:\/\/narteks.net\/index.php\/2009\/12\/21\/ama-her-seye-ragmen-bu-yeryuzunde-sarkilar-soyledik-tesekkurler-dunya-tesekkurler-kazim-koyuncu\/#breadcrumb\"},\"inLanguage\":\"tr\",\"potentialAction\":[{\"@type\":\"ReadAction\",\"target\":[\"https:\/\/narteks.net\/index.php\/2009\/12\/21\/ama-her-seye-ragmen-bu-yeryuzunde-sarkilar-soyledik-tesekkurler-dunya-tesekkurler-kazim-koyuncu\/\"]}]},{\"@type\":\"BreadcrumbList\",\"@id\":\"https:\/\/narteks.net\/index.php\/2009\/12\/21\/ama-her-seye-ragmen-bu-yeryuzunde-sarkilar-soyledik-tesekkurler-dunya-tesekkurler-kazim-koyuncu\/#breadcrumb\",\"itemListElement\":[{\"@type\":\"ListItem\",\"position\":1,\"name\":\"Anasayfa\",\"item\":\"https:\/\/narteks.net\/\"},{\"@type\":\"ListItem\",\"position\":2,\"name\":\"Ama her \u015feye ra\u011fmen bu yery\u00fcz\u00fcnde \u015fark\u0131lar s\u00f6yledik. Te\u015fekk\u00fcrler d\u00fcnya | Te\u015fekk\u00fcrler, Kaz\u0131m Koyuncu\"}]},{\"@type\":\"WebSite\",\"@id\":\"https:\/\/narteks.net\/#website\",\"url\":\"https:\/\/narteks.net\/\",\"name\":\"narteks.net\",\"description\":\"K\u00fclt\u00fcr Sanat Edebiyat Felsefe\",\"publisher\":{\"@id\":\"https:\/\/narteks.net\/#organization\"},\"alternateName\":\"K\u00fclt\u00fcr Sanat Edebiyat Felsefe\",\"potentialAction\":[{\"@type\":\"SearchAction\",\"target\":{\"@type\":\"EntryPoint\",\"urlTemplate\":\"https:\/\/narteks.net\/?s={search_term_string}\"},\"query-input\":{\"@type\":\"PropertyValueSpecification\",\"valueRequired\":true,\"valueName\":\"search_term_string\"}}],\"inLanguage\":\"tr\"},{\"@type\":\"Organization\",\"@id\":\"https:\/\/narteks.net\/#organization\",\"name\":\"narteks.net\",\"url\":\"https:\/\/narteks.net\/\",\"logo\":{\"@type\":\"ImageObject\",\"inLanguage\":\"tr\",\"@id\":\"https:\/\/narteks.net\/#\/schema\/logo\/image\/\",\"url\":\"https:\/\/narteks.net\/wp-content\/uploads\/narteks.png\",\"contentUrl\":\"https:\/\/narteks.net\/wp-content\/uploads\/narteks.png\",\"width\":300,\"height\":90,\"caption\":\"narteks.net\"},\"image\":{\"@id\":\"https:\/\/narteks.net\/#\/schema\/logo\/image\/\"},\"sameAs\":[\"https:\/\/x.com\/narteks\",\"https:\/\/instagram.com\/narteksnet\"]},{\"@type\":\"Person\",\"@id\":\"https:\/\/narteks.net\/#\/schema\/person\/61f37d9834294b72d31d274e7ed79bca\",\"name\":\"Tar\u0131k\",\"image\":{\"@type\":\"ImageObject\",\"inLanguage\":\"tr\",\"@id\":\"https:\/\/narteks.net\/#\/schema\/person\/image\/\",\"url\":\"https:\/\/secure.gravatar.com\/avatar\/50865afb55632c4ae467e0af0930f6510aa2297d8014be502a55b14f3b7550cf?s=96&d=mm&r=g\",\"contentUrl\":\"https:\/\/secure.gravatar.com\/avatar\/50865afb55632c4ae467e0af0930f6510aa2297d8014be502a55b14f3b7550cf?s=96&d=mm&r=g\",\"caption\":\"Tar\u0131k\"},\"sameAs\":[\"http:\/\/narteks.net\"],\"url\":\"https:\/\/narteks.net\/index.php\/author\/narbak\/\"}]}<\/script>\n<!-- \/ Yoast SEO Premium plugin. -->","yoast_head_json":{"title":"Ama her \u015feye ra\u011fmen bu yery\u00fcz\u00fcnde \u015fark\u0131lar s\u00f6yledik. Te\u015fekk\u00fcrler d\u00fcnya | Te\u015fekk\u00fcrler, Kaz\u0131m Koyuncu - narteks.net","robots":{"index":"index","follow":"follow","max-snippet":"max-snippet:-1","max-image-preview":"max-image-preview:large","max-video-preview":"max-video-preview:-1"},"canonical":"https:\/\/narteks.net\/index.php\/2009\/12\/21\/ama-her-seye-ragmen-bu-yeryuzunde-sarkilar-soyledik-tesekkurler-dunya-tesekkurler-kazim-koyuncu\/","og_locale":"tr_TR","og_type":"article","og_title":"Ama her \u015feye ra\u011fmen bu yery\u00fcz\u00fcnde \u015fark\u0131lar s\u00f6yledik. Te\u015fekk\u00fcrler d\u00fcnya | Te\u015fekk\u00fcrler, Kaz\u0131m Koyuncu","og_description":"&#8220;Bu arada; hi\u00e7 ba\u015f\u0131m\u0131zdan eksik olmayan g\u00f6ky\u00fcz\u00fcne, g\u00fcn\u00fcn karanl\u0131k saatlerine, ara s\u0131ra kopsa da f\u0131rt\u0131nalara, bir g\u00fcn bo\u011fulaca\u011f\u0131m\u0131z denizlere, eski g\u00fcnlere, neler olaca\u011f\u0131n\u0131 bilmesek de gelece\u011fe, k\u00f6t\u00fcl\u00fcklerle dolu olsa bile tarihe, tarihin ak\u0131\u015f\u0131n\u0131 d\u00fcze \u00e7\u0131karmaya \u00e7al\u0131\u015fan t\u00fcm g\u00fczel y\u00fczl\u00fc \u00e7ocuklara, Donki\u015fotlar &#8216;a, ate\u015f h\u0131rs\u0131zlar\u0131na, Ernesto &#8220;\u00c7e&#8221; Guevara&#8217;ya, yollara-yolculuklara, sevgililere, sevi\u015fmelere, sadece d\u00fc\u015fleyebildi\u011fimiz olamamazl\u0131klara, \u00fc\u015f\u00fcrken \u0131s\u0131nmalara, [&hellip;]","og_url":"https:\/\/narteks.net\/index.php\/2009\/12\/21\/ama-her-seye-ragmen-bu-yeryuzunde-sarkilar-soyledik-tesekkurler-dunya-tesekkurler-kazim-koyuncu\/","og_site_name":"narteks.net","article_published_time":"2009-12-21T09:11:40+00:00","og_image":[{"width":300,"height":90,"url":"https:\/\/narteks.net\/wp-content\/uploads\/narteks.png","type":"image\/png"}],"author":"Tar\u0131k","twitter_card":"summary_large_image","twitter_creator":"@narteks","twitter_site":"@narteks","twitter_misc":{"Yazan:":"Tar\u0131k","Tahmini okuma s\u00fcresi":"5 dakika"},"schema":{"@context":"https:\/\/schema.org","@graph":[{"@type":"Article","@id":"https:\/\/narteks.net\/index.php\/2009\/12\/21\/ama-her-seye-ragmen-bu-yeryuzunde-sarkilar-soyledik-tesekkurler-dunya-tesekkurler-kazim-koyuncu\/#article","isPartOf":{"@id":"https:\/\/narteks.net\/index.php\/2009\/12\/21\/ama-her-seye-ragmen-bu-yeryuzunde-sarkilar-soyledik-tesekkurler-dunya-tesekkurler-kazim-koyuncu\/"},"author":{"name":"Tar\u0131k","@id":"https:\/\/narteks.net\/#\/schema\/person\/61f37d9834294b72d31d274e7ed79bca"},"headline":"Ama her \u015feye ra\u011fmen bu yery\u00fcz\u00fcnde \u015fark\u0131lar s\u00f6yledik. Te\u015fekk\u00fcrler d\u00fcnya | Te\u015fekk\u00fcrler, Kaz\u0131m Koyuncu","datePublished":"2009-12-21T09:11:40+00:00","mainEntityOfPage":{"@id":"https:\/\/narteks.net\/index.php\/2009\/12\/21\/ama-her-seye-ragmen-bu-yeryuzunde-sarkilar-soyledik-tesekkurler-dunya-tesekkurler-kazim-koyuncu\/"},"wordCount":933,"commentCount":0,"publisher":{"@id":"https:\/\/narteks.net\/#organization"},"articleSection":["M\u00fczisyenler"],"inLanguage":"tr","potentialAction":[{"@type":"CommentAction","name":"Comment","target":["https:\/\/narteks.net\/index.php\/2009\/12\/21\/ama-her-seye-ragmen-bu-yeryuzunde-sarkilar-soyledik-tesekkurler-dunya-tesekkurler-kazim-koyuncu\/#respond"]}]},{"@type":"WebPage","@id":"https:\/\/narteks.net\/index.php\/2009\/12\/21\/ama-her-seye-ragmen-bu-yeryuzunde-sarkilar-soyledik-tesekkurler-dunya-tesekkurler-kazim-koyuncu\/","url":"https:\/\/narteks.net\/index.php\/2009\/12\/21\/ama-her-seye-ragmen-bu-yeryuzunde-sarkilar-soyledik-tesekkurler-dunya-tesekkurler-kazim-koyuncu\/","name":"Ama her \u015feye ra\u011fmen bu yery\u00fcz\u00fcnde \u015fark\u0131lar s\u00f6yledik. Te\u015fekk\u00fcrler d\u00fcnya | Te\u015fekk\u00fcrler, Kaz\u0131m Koyuncu - narteks.net","isPartOf":{"@id":"https:\/\/narteks.net\/#website"},"datePublished":"2009-12-21T09:11:40+00:00","breadcrumb":{"@id":"https:\/\/narteks.net\/index.php\/2009\/12\/21\/ama-her-seye-ragmen-bu-yeryuzunde-sarkilar-soyledik-tesekkurler-dunya-tesekkurler-kazim-koyuncu\/#breadcrumb"},"inLanguage":"tr","potentialAction":[{"@type":"ReadAction","target":["https:\/\/narteks.net\/index.php\/2009\/12\/21\/ama-her-seye-ragmen-bu-yeryuzunde-sarkilar-soyledik-tesekkurler-dunya-tesekkurler-kazim-koyuncu\/"]}]},{"@type":"BreadcrumbList","@id":"https:\/\/narteks.net\/index.php\/2009\/12\/21\/ama-her-seye-ragmen-bu-yeryuzunde-sarkilar-soyledik-tesekkurler-dunya-tesekkurler-kazim-koyuncu\/#breadcrumb","itemListElement":[{"@type":"ListItem","position":1,"name":"Anasayfa","item":"https:\/\/narteks.net\/"},{"@type":"ListItem","position":2,"name":"Ama her \u015feye ra\u011fmen bu yery\u00fcz\u00fcnde \u015fark\u0131lar s\u00f6yledik. Te\u015fekk\u00fcrler d\u00fcnya | Te\u015fekk\u00fcrler, Kaz\u0131m Koyuncu"}]},{"@type":"WebSite","@id":"https:\/\/narteks.net\/#website","url":"https:\/\/narteks.net\/","name":"narteks.net","description":"K\u00fclt\u00fcr Sanat Edebiyat Felsefe","publisher":{"@id":"https:\/\/narteks.net\/#organization"},"alternateName":"K\u00fclt\u00fcr Sanat Edebiyat Felsefe","potentialAction":[{"@type":"SearchAction","target":{"@type":"EntryPoint","urlTemplate":"https:\/\/narteks.net\/?s={search_term_string}"},"query-input":{"@type":"PropertyValueSpecification","valueRequired":true,"valueName":"search_term_string"}}],"inLanguage":"tr"},{"@type":"Organization","@id":"https:\/\/narteks.net\/#organization","name":"narteks.net","url":"https:\/\/narteks.net\/","logo":{"@type":"ImageObject","inLanguage":"tr","@id":"https:\/\/narteks.net\/#\/schema\/logo\/image\/","url":"https:\/\/narteks.net\/wp-content\/uploads\/narteks.png","contentUrl":"https:\/\/narteks.net\/wp-content\/uploads\/narteks.png","width":300,"height":90,"caption":"narteks.net"},"image":{"@id":"https:\/\/narteks.net\/#\/schema\/logo\/image\/"},"sameAs":["https:\/\/x.com\/narteks","https:\/\/instagram.com\/narteksnet"]},{"@type":"Person","@id":"https:\/\/narteks.net\/#\/schema\/person\/61f37d9834294b72d31d274e7ed79bca","name":"Tar\u0131k","image":{"@type":"ImageObject","inLanguage":"tr","@id":"https:\/\/narteks.net\/#\/schema\/person\/image\/","url":"https:\/\/secure.gravatar.com\/avatar\/50865afb55632c4ae467e0af0930f6510aa2297d8014be502a55b14f3b7550cf?s=96&d=mm&r=g","contentUrl":"https:\/\/secure.gravatar.com\/avatar\/50865afb55632c4ae467e0af0930f6510aa2297d8014be502a55b14f3b7550cf?s=96&d=mm&r=g","caption":"Tar\u0131k"},"sameAs":["http:\/\/narteks.net"],"url":"https:\/\/narteks.net\/index.php\/author\/narbak\/"}]}},"_links":{"self":[{"href":"https:\/\/narteks.net\/index.php\/wp-json\/wp\/v2\/posts\/2900","targetHints":{"allow":["GET"]}}],"collection":[{"href":"https:\/\/narteks.net\/index.php\/wp-json\/wp\/v2\/posts"}],"about":[{"href":"https:\/\/narteks.net\/index.php\/wp-json\/wp\/v2\/types\/post"}],"author":[{"embeddable":true,"href":"https:\/\/narteks.net\/index.php\/wp-json\/wp\/v2\/users\/1"}],"replies":[{"embeddable":true,"href":"https:\/\/narteks.net\/index.php\/wp-json\/wp\/v2\/comments?post=2900"}],"version-history":[{"count":0,"href":"https:\/\/narteks.net\/index.php\/wp-json\/wp\/v2\/posts\/2900\/revisions"}],"wp:attachment":[{"href":"https:\/\/narteks.net\/index.php\/wp-json\/wp\/v2\/media?parent=2900"}],"wp:term":[{"taxonomy":"category","embeddable":true,"href":"https:\/\/narteks.net\/index.php\/wp-json\/wp\/v2\/categories?post=2900"},{"taxonomy":"post_tag","embeddable":true,"href":"https:\/\/narteks.net\/index.php\/wp-json\/wp\/v2\/tags?post=2900"}],"curies":[{"name":"wp","href":"https:\/\/api.w.org\/{rel}","templated":true}]}}