{"id":2918,"date":"2009-12-25T14:52:02","date_gmt":"2009-12-25T11:52:02","guid":{"rendered":"http:\/\/localhost\/wordpress\/2009\/12\/25\/behcet-necatigil-biyografisi\/"},"modified":"2009-12-25T14:52:02","modified_gmt":"2009-12-25T11:52:02","slug":"behcet-necatigil-biyografisi","status":"publish","type":"post","link":"https:\/\/narteks.net\/index.php\/2009\/12\/25\/behcet-necatigil-biyografisi\/","title":{"rendered":"Beh\u00e7et NECAT\u0130G\u0130L Biyografisi"},"content":{"rendered":"<p><img loading=\"lazy\" decoding=\"async\" src=\"http:\/\/upload.wikimedia.org\/wikipedia\/tr\/thumb\/0\/0d\/Beh%C3%A7etNecatigil.jpg\/180px-Beh%C3%A7etNecatigil.jpg\" width=\"155\" height=\"205\" border=\"0\" \/><\/p>\n<p style=\"text-align: justify;\">Beh\u00e7et Necatigil, (d. 16 Nisan 1916, \u0130stanbul &#8211; \u00f6. 13 Aral\u0131k 1979, \u0130stanbul)<\/p>\n<p>\u0130stanbul Y\u00fcksek \u00d6\u011fretmen okulu ve edebiyat b\u00f6l\u00fcm\u00fcnden mezun oldu. Kars&#8217;ta, Zonguldak&#8217;ta, Kabata\u015f Erkek Lisesi&#8217;nde ve \u0130stanbul E\u011fitim Fak\u00fcltesi&#8217;nde edebiyat \u00f6\u011fretmenli\u011fi yapt\u0131. Kabata\u015f Erkek Lisesi&#8217;nde Demir \u00d6zl\u00fc, Hilmi Yavuz gibi yazar ve \u015fairlerin \u00f6\u011fretmeni oldu.<\/p>\n<p>\u0130lk \u015fiiri, lise \u00f6\u011frencisi oldu\u011fu y\u0131llarda Varl\u0131k Dergisi&#8217;nde \u00e7\u0131kt\u0131. O tarihten \u00f6l\u00fcm\u00fcne kadar hep eserler verdi. \u015eiirlerinde evler, aile, \u00e7evre, a\u015fk, bunal\u0131m, hastal\u0131k, yaln\u0131zl\u0131k ve \u00f6l\u00fcm temalar\u0131n\u0131 i\u015fledi. Eski ve yeni kelimeleri ustaca \u015fiirine yerle\u015ftirdi. Sa\u011flam ve tutarl\u0131 bir \u015fiir d\u00fcnyas\u0131 oldu.<\/p>\n<p>\u015eiir kitaplar\u0131 d\u0131\u015f\u0131nda, d\u00fcz yaz\u0131lar\u0131n\u0131 toplad\u0131\u011f\u0131 Bile\/Yazd\u0131 adl\u0131 eseri de bulunmaktad\u0131r. Almanca&#8217;dan \u00e7eviriler yapan Necatigil, radyo oyunlar\u0131 da yazm\u0131\u015ft\u0131r. Bu alandaki \u00e7al\u0131\u015fmalar\u0131n\u0131; Y\u0131ld\u0131zlara Bakmak (1965), Gece Alevi (1967), \u00dc\u00e7 Turun\u00e7lar (1970), Pencere (1975) kitaplar\u0131nda toplad\u0131.<\/p>\n<p>Ailesi \u00f6l\u00fcm\u00fcnden sonra, Necatigil \u015eiir \u00d6d\u00fcl\u00fc&#8217;n\u00fc her y\u0131l verilmek \u00fczere olu\u015fturdu. Ayr\u0131ca Kabata\u015f Erkek Lisesi 3 Fen-F s\u0131n\u0131f\u0131na Beh\u00e7et Necatigil Dersli\u011fi ad\u0131 verildi.<\/p>\n<p style=\"text-align: justify;\">\u015eiir kitaplar\u0131<\/p>\n<p> * Kapal\u0131 (1945)<br \/> * \u00c7evre (1951)<br \/> * Evler (1953)<br \/> * Eski Toprak (1956)<br \/> * Arada (1958)<br \/> * Dar\u00e7a\u011f (1960)<br \/> * Yaz D\u00f6nemi (1963)<br \/> * Divan\u00e7e (1965)<br \/> * \u0130ki Ba\u015f\u0131na Y\u00fcr\u00fcmek (1968)<br \/> * En\/Cam (1970)<br \/> * Zebra (1973)<br \/> * Kareler Aklar (1975)<br \/> * Sevgilerde (1976)<br \/> * Beyler (1978)<br \/> * S\u00f6yleriz (1979)<\/p>\n<p>Ald\u0131\u011f\u0131 \u00d6d\u00fcller<\/p>\n<p> * Yeditepe \u015eiir Arma\u011fan\u0131 1957<\/p>\n","protected":false},"excerpt":{"rendered":"<p>Beh\u00e7et Necatigil, (d. 16 Nisan 1916, \u0130stanbul &#8211; \u00f6. 13 Aral\u0131k 1979, \u0130stanbul) \u0130stanbul Y\u00fcksek \u00d6\u011fretmen okulu ve edebiyat b\u00f6l\u00fcm\u00fcnden mezun oldu. Kars&#8217;ta, Zonguldak&#8217;ta, Kabata\u015f Erkek Lisesi&#8217;nde ve \u0130stanbul E\u011fitim Fak\u00fcltesi&#8217;nde edebiyat \u00f6\u011fretmenli\u011fi yapt\u0131. Kabata\u015f Erkek Lisesi&#8217;nde Demir \u00d6zl\u00fc, Hilmi Yavuz gibi yazar ve \u015fairlerin \u00f6\u011fretmeni oldu. \u0130lk \u015fiiri, lise \u00f6\u011frencisi oldu\u011fu y\u0131llarda Varl\u0131k Dergisi&#8217;nde [&hellip;]<\/p>\n","protected":false},"author":1,"featured_media":0,"comment_status":"open","ping_status":"open","sticky":false,"template":"","format":"standard","meta":{"footnotes":""},"categories":[105],"tags":[],"class_list":{"0":"post-2918","1":"post","2":"type-post","3":"status-publish","4":"format-standard","6":"category-behcet-necatigil"},"yoast_head":"<!-- This site is optimized with the Yoast SEO Premium plugin v24.9 (Yoast SEO v24.9) - https:\/\/yoast.com\/wordpress\/plugins\/seo\/ -->\n<title>Beh\u00e7et NECAT\u0130G\u0130L Biyografisi - narteks.net<\/title>\n<meta name=\"robots\" content=\"index, follow, max-snippet:-1, max-image-preview:large, max-video-preview:-1\" \/>\n<link rel=\"canonical\" href=\"https:\/\/narteks.net\/index.php\/2009\/12\/25\/behcet-necatigil-biyografisi\/\" \/>\n<meta property=\"og:locale\" content=\"tr_TR\" \/>\n<meta property=\"og:type\" content=\"article\" \/>\n<meta property=\"og:title\" content=\"Beh\u00e7et NECAT\u0130G\u0130L Biyografisi\" \/>\n<meta property=\"og:description\" content=\"Beh\u00e7et Necatigil, (d. 16 Nisan 1916, \u0130stanbul &#8211; \u00f6. 13 Aral\u0131k 1979, \u0130stanbul) \u0130stanbul Y\u00fcksek \u00d6\u011fretmen okulu ve edebiyat b\u00f6l\u00fcm\u00fcnden mezun oldu. Kars&#8217;ta, Zonguldak&#8217;ta, Kabata\u015f Erkek Lisesi&#8217;nde ve \u0130stanbul E\u011fitim Fak\u00fcltesi&#8217;nde edebiyat \u00f6\u011fretmenli\u011fi yapt\u0131. Kabata\u015f Erkek Lisesi&#8217;nde Demir \u00d6zl\u00fc, Hilmi Yavuz gibi yazar ve \u015fairlerin \u00f6\u011fretmeni oldu. \u0130lk \u015fiiri, lise \u00f6\u011frencisi oldu\u011fu y\u0131llarda Varl\u0131k Dergisi&#8217;nde [&hellip;]\" \/>\n<meta property=\"og:url\" content=\"https:\/\/narteks.net\/index.php\/2009\/12\/25\/behcet-necatigil-biyografisi\/\" \/>\n<meta property=\"og:site_name\" content=\"narteks.net\" \/>\n<meta property=\"article:published_time\" content=\"2009-12-25T11:52:02+00:00\" \/>\n<meta property=\"og:image\" content=\"http:\/\/upload.wikimedia.org\/wikipedia\/tr\/thumb\/0\/0d\/Beh%C3%A7etNecatigil.jpg\/180px-Beh%C3%A7etNecatigil.jpg\" \/>\n<meta name=\"author\" content=\"Tar\u0131k\" \/>\n<meta name=\"twitter:card\" content=\"summary_large_image\" \/>\n<meta name=\"twitter:creator\" content=\"@narteks\" \/>\n<meta name=\"twitter:site\" content=\"@narteks\" \/>\n<meta name=\"twitter:label1\" content=\"Yazan:\" \/>\n\t<meta name=\"twitter:data1\" content=\"Tar\u0131k\" \/>\n\t<meta name=\"twitter:label2\" content=\"Tahmini okuma s\u00fcresi\" \/>\n\t<meta name=\"twitter:data2\" content=\"1 dakika\" \/>\n<script type=\"application\/ld+json\" class=\"yoast-schema-graph\">{\"@context\":\"https:\/\/schema.org\",\"@graph\":[{\"@type\":\"Article\",\"@id\":\"https:\/\/narteks.net\/index.php\/2009\/12\/25\/behcet-necatigil-biyografisi\/#article\",\"isPartOf\":{\"@id\":\"https:\/\/narteks.net\/index.php\/2009\/12\/25\/behcet-necatigil-biyografisi\/\"},\"author\":{\"name\":\"Tar\u0131k\",\"@id\":\"https:\/\/narteks.net\/#\/schema\/person\/61f37d9834294b72d31d274e7ed79bca\"},\"headline\":\"Beh\u00e7et NECAT\u0130G\u0130L Biyografisi\",\"datePublished\":\"2009-12-25T11:52:02+00:00\",\"mainEntityOfPage\":{\"@id\":\"https:\/\/narteks.net\/index.php\/2009\/12\/25\/behcet-necatigil-biyografisi\/\"},\"wordCount\":230,\"commentCount\":0,\"publisher\":{\"@id\":\"https:\/\/narteks.net\/#organization\"},\"image\":{\"@id\":\"https:\/\/narteks.net\/index.php\/2009\/12\/25\/behcet-necatigil-biyografisi\/#primaryimage\"},\"thumbnailUrl\":\"http:\/\/upload.wikimedia.org\/wikipedia\/tr\/thumb\/0\/0d\/Beh%C3%A7etNecatigil.jpg\/180px-Beh%C3%A7etNecatigil.jpg\",\"articleSection\":[\"Beh\u00e7et NECAT\u0130G\u0130L\"],\"inLanguage\":\"tr\",\"potentialAction\":[{\"@type\":\"CommentAction\",\"name\":\"Comment\",\"target\":[\"https:\/\/narteks.net\/index.php\/2009\/12\/25\/behcet-necatigil-biyografisi\/#respond\"]}]},{\"@type\":\"WebPage\",\"@id\":\"https:\/\/narteks.net\/index.php\/2009\/12\/25\/behcet-necatigil-biyografisi\/\",\"url\":\"https:\/\/narteks.net\/index.php\/2009\/12\/25\/behcet-necatigil-biyografisi\/\",\"name\":\"Beh\u00e7et NECAT\u0130G\u0130L Biyografisi - narteks.net\",\"isPartOf\":{\"@id\":\"https:\/\/narteks.net\/#website\"},\"primaryImageOfPage\":{\"@id\":\"https:\/\/narteks.net\/index.php\/2009\/12\/25\/behcet-necatigil-biyografisi\/#primaryimage\"},\"image\":{\"@id\":\"https:\/\/narteks.net\/index.php\/2009\/12\/25\/behcet-necatigil-biyografisi\/#primaryimage\"},\"thumbnailUrl\":\"http:\/\/upload.wikimedia.org\/wikipedia\/tr\/thumb\/0\/0d\/Beh%C3%A7etNecatigil.jpg\/180px-Beh%C3%A7etNecatigil.jpg\",\"datePublished\":\"2009-12-25T11:52:02+00:00\",\"breadcrumb\":{\"@id\":\"https:\/\/narteks.net\/index.php\/2009\/12\/25\/behcet-necatigil-biyografisi\/#breadcrumb\"},\"inLanguage\":\"tr\",\"potentialAction\":[{\"@type\":\"ReadAction\",\"target\":[\"https:\/\/narteks.net\/index.php\/2009\/12\/25\/behcet-necatigil-biyografisi\/\"]}]},{\"@type\":\"ImageObject\",\"inLanguage\":\"tr\",\"@id\":\"https:\/\/narteks.net\/index.php\/2009\/12\/25\/behcet-necatigil-biyografisi\/#primaryimage\",\"url\":\"http:\/\/upload.wikimedia.org\/wikipedia\/tr\/thumb\/0\/0d\/Beh%C3%A7etNecatigil.jpg\/180px-Beh%C3%A7etNecatigil.jpg\",\"contentUrl\":\"http:\/\/upload.wikimedia.org\/wikipedia\/tr\/thumb\/0\/0d\/Beh%C3%A7etNecatigil.jpg\/180px-Beh%C3%A7etNecatigil.jpg\"},{\"@type\":\"BreadcrumbList\",\"@id\":\"https:\/\/narteks.net\/index.php\/2009\/12\/25\/behcet-necatigil-biyografisi\/#breadcrumb\",\"itemListElement\":[{\"@type\":\"ListItem\",\"position\":1,\"name\":\"Anasayfa\",\"item\":\"https:\/\/narteks.net\/\"},{\"@type\":\"ListItem\",\"position\":2,\"name\":\"Beh\u00e7et NECAT\u0130G\u0130L Biyografisi\"}]},{\"@type\":\"WebSite\",\"@id\":\"https:\/\/narteks.net\/#website\",\"url\":\"https:\/\/narteks.net\/\",\"name\":\"narteks.net\",\"description\":\"K\u00fclt\u00fcr Sanat Edebiyat Felsefe\",\"publisher\":{\"@id\":\"https:\/\/narteks.net\/#organization\"},\"alternateName\":\"K\u00fclt\u00fcr Sanat Edebiyat Felsefe\",\"potentialAction\":[{\"@type\":\"SearchAction\",\"target\":{\"@type\":\"EntryPoint\",\"urlTemplate\":\"https:\/\/narteks.net\/?s={search_term_string}\"},\"query-input\":{\"@type\":\"PropertyValueSpecification\",\"valueRequired\":true,\"valueName\":\"search_term_string\"}}],\"inLanguage\":\"tr\"},{\"@type\":\"Organization\",\"@id\":\"https:\/\/narteks.net\/#organization\",\"name\":\"narteks.net\",\"url\":\"https:\/\/narteks.net\/\",\"logo\":{\"@type\":\"ImageObject\",\"inLanguage\":\"tr\",\"@id\":\"https:\/\/narteks.net\/#\/schema\/logo\/image\/\",\"url\":\"https:\/\/narteks.net\/wp-content\/uploads\/narteks.png\",\"contentUrl\":\"https:\/\/narteks.net\/wp-content\/uploads\/narteks.png\",\"width\":300,\"height\":90,\"caption\":\"narteks.net\"},\"image\":{\"@id\":\"https:\/\/narteks.net\/#\/schema\/logo\/image\/\"},\"sameAs\":[\"https:\/\/x.com\/narteks\",\"https:\/\/instagram.com\/narteksnet\"]},{\"@type\":\"Person\",\"@id\":\"https:\/\/narteks.net\/#\/schema\/person\/61f37d9834294b72d31d274e7ed79bca\",\"name\":\"Tar\u0131k\",\"image\":{\"@type\":\"ImageObject\",\"inLanguage\":\"tr\",\"@id\":\"https:\/\/narteks.net\/#\/schema\/person\/image\/\",\"url\":\"https:\/\/secure.gravatar.com\/avatar\/50865afb55632c4ae467e0af0930f6510aa2297d8014be502a55b14f3b7550cf?s=96&d=mm&r=g\",\"contentUrl\":\"https:\/\/secure.gravatar.com\/avatar\/50865afb55632c4ae467e0af0930f6510aa2297d8014be502a55b14f3b7550cf?s=96&d=mm&r=g\",\"caption\":\"Tar\u0131k\"},\"sameAs\":[\"http:\/\/narteks.net\"],\"url\":\"https:\/\/narteks.net\/index.php\/author\/narbak\/\"}]}<\/script>\n<!-- \/ Yoast SEO Premium plugin. -->","yoast_head_json":{"title":"Beh\u00e7et NECAT\u0130G\u0130L Biyografisi - narteks.net","robots":{"index":"index","follow":"follow","max-snippet":"max-snippet:-1","max-image-preview":"max-image-preview:large","max-video-preview":"max-video-preview:-1"},"canonical":"https:\/\/narteks.net\/index.php\/2009\/12\/25\/behcet-necatigil-biyografisi\/","og_locale":"tr_TR","og_type":"article","og_title":"Beh\u00e7et NECAT\u0130G\u0130L Biyografisi","og_description":"Beh\u00e7et Necatigil, (d. 16 Nisan 1916, \u0130stanbul &#8211; \u00f6. 13 Aral\u0131k 1979, \u0130stanbul) \u0130stanbul Y\u00fcksek \u00d6\u011fretmen okulu ve edebiyat b\u00f6l\u00fcm\u00fcnden mezun oldu. Kars&#8217;ta, Zonguldak&#8217;ta, Kabata\u015f Erkek Lisesi&#8217;nde ve \u0130stanbul E\u011fitim Fak\u00fcltesi&#8217;nde edebiyat \u00f6\u011fretmenli\u011fi yapt\u0131. Kabata\u015f Erkek Lisesi&#8217;nde Demir \u00d6zl\u00fc, Hilmi Yavuz gibi yazar ve \u015fairlerin \u00f6\u011fretmeni oldu. \u0130lk \u015fiiri, lise \u00f6\u011frencisi oldu\u011fu y\u0131llarda Varl\u0131k Dergisi&#8217;nde [&hellip;]","og_url":"https:\/\/narteks.net\/index.php\/2009\/12\/25\/behcet-necatigil-biyografisi\/","og_site_name":"narteks.net","article_published_time":"2009-12-25T11:52:02+00:00","og_image":[{"url":"http:\/\/upload.wikimedia.org\/wikipedia\/tr\/thumb\/0\/0d\/Beh%C3%A7etNecatigil.jpg\/180px-Beh%C3%A7etNecatigil.jpg","type":"","width":"","height":""}],"author":"Tar\u0131k","twitter_card":"summary_large_image","twitter_creator":"@narteks","twitter_site":"@narteks","twitter_misc":{"Yazan:":"Tar\u0131k","Tahmini okuma s\u00fcresi":"1 dakika"},"schema":{"@context":"https:\/\/schema.org","@graph":[{"@type":"Article","@id":"https:\/\/narteks.net\/index.php\/2009\/12\/25\/behcet-necatigil-biyografisi\/#article","isPartOf":{"@id":"https:\/\/narteks.net\/index.php\/2009\/12\/25\/behcet-necatigil-biyografisi\/"},"author":{"name":"Tar\u0131k","@id":"https:\/\/narteks.net\/#\/schema\/person\/61f37d9834294b72d31d274e7ed79bca"},"headline":"Beh\u00e7et NECAT\u0130G\u0130L Biyografisi","datePublished":"2009-12-25T11:52:02+00:00","mainEntityOfPage":{"@id":"https:\/\/narteks.net\/index.php\/2009\/12\/25\/behcet-necatigil-biyografisi\/"},"wordCount":230,"commentCount":0,"publisher":{"@id":"https:\/\/narteks.net\/#organization"},"image":{"@id":"https:\/\/narteks.net\/index.php\/2009\/12\/25\/behcet-necatigil-biyografisi\/#primaryimage"},"thumbnailUrl":"http:\/\/upload.wikimedia.org\/wikipedia\/tr\/thumb\/0\/0d\/Beh%C3%A7etNecatigil.jpg\/180px-Beh%C3%A7etNecatigil.jpg","articleSection":["Beh\u00e7et NECAT\u0130G\u0130L"],"inLanguage":"tr","potentialAction":[{"@type":"CommentAction","name":"Comment","target":["https:\/\/narteks.net\/index.php\/2009\/12\/25\/behcet-necatigil-biyografisi\/#respond"]}]},{"@type":"WebPage","@id":"https:\/\/narteks.net\/index.php\/2009\/12\/25\/behcet-necatigil-biyografisi\/","url":"https:\/\/narteks.net\/index.php\/2009\/12\/25\/behcet-necatigil-biyografisi\/","name":"Beh\u00e7et NECAT\u0130G\u0130L Biyografisi - narteks.net","isPartOf":{"@id":"https:\/\/narteks.net\/#website"},"primaryImageOfPage":{"@id":"https:\/\/narteks.net\/index.php\/2009\/12\/25\/behcet-necatigil-biyografisi\/#primaryimage"},"image":{"@id":"https:\/\/narteks.net\/index.php\/2009\/12\/25\/behcet-necatigil-biyografisi\/#primaryimage"},"thumbnailUrl":"http:\/\/upload.wikimedia.org\/wikipedia\/tr\/thumb\/0\/0d\/Beh%C3%A7etNecatigil.jpg\/180px-Beh%C3%A7etNecatigil.jpg","datePublished":"2009-12-25T11:52:02+00:00","breadcrumb":{"@id":"https:\/\/narteks.net\/index.php\/2009\/12\/25\/behcet-necatigil-biyografisi\/#breadcrumb"},"inLanguage":"tr","potentialAction":[{"@type":"ReadAction","target":["https:\/\/narteks.net\/index.php\/2009\/12\/25\/behcet-necatigil-biyografisi\/"]}]},{"@type":"ImageObject","inLanguage":"tr","@id":"https:\/\/narteks.net\/index.php\/2009\/12\/25\/behcet-necatigil-biyografisi\/#primaryimage","url":"http:\/\/upload.wikimedia.org\/wikipedia\/tr\/thumb\/0\/0d\/Beh%C3%A7etNecatigil.jpg\/180px-Beh%C3%A7etNecatigil.jpg","contentUrl":"http:\/\/upload.wikimedia.org\/wikipedia\/tr\/thumb\/0\/0d\/Beh%C3%A7etNecatigil.jpg\/180px-Beh%C3%A7etNecatigil.jpg"},{"@type":"BreadcrumbList","@id":"https:\/\/narteks.net\/index.php\/2009\/12\/25\/behcet-necatigil-biyografisi\/#breadcrumb","itemListElement":[{"@type":"ListItem","position":1,"name":"Anasayfa","item":"https:\/\/narteks.net\/"},{"@type":"ListItem","position":2,"name":"Beh\u00e7et NECAT\u0130G\u0130L Biyografisi"}]},{"@type":"WebSite","@id":"https:\/\/narteks.net\/#website","url":"https:\/\/narteks.net\/","name":"narteks.net","description":"K\u00fclt\u00fcr Sanat Edebiyat Felsefe","publisher":{"@id":"https:\/\/narteks.net\/#organization"},"alternateName":"K\u00fclt\u00fcr Sanat Edebiyat Felsefe","potentialAction":[{"@type":"SearchAction","target":{"@type":"EntryPoint","urlTemplate":"https:\/\/narteks.net\/?s={search_term_string}"},"query-input":{"@type":"PropertyValueSpecification","valueRequired":true,"valueName":"search_term_string"}}],"inLanguage":"tr"},{"@type":"Organization","@id":"https:\/\/narteks.net\/#organization","name":"narteks.net","url":"https:\/\/narteks.net\/","logo":{"@type":"ImageObject","inLanguage":"tr","@id":"https:\/\/narteks.net\/#\/schema\/logo\/image\/","url":"https:\/\/narteks.net\/wp-content\/uploads\/narteks.png","contentUrl":"https:\/\/narteks.net\/wp-content\/uploads\/narteks.png","width":300,"height":90,"caption":"narteks.net"},"image":{"@id":"https:\/\/narteks.net\/#\/schema\/logo\/image\/"},"sameAs":["https:\/\/x.com\/narteks","https:\/\/instagram.com\/narteksnet"]},{"@type":"Person","@id":"https:\/\/narteks.net\/#\/schema\/person\/61f37d9834294b72d31d274e7ed79bca","name":"Tar\u0131k","image":{"@type":"ImageObject","inLanguage":"tr","@id":"https:\/\/narteks.net\/#\/schema\/person\/image\/","url":"https:\/\/secure.gravatar.com\/avatar\/50865afb55632c4ae467e0af0930f6510aa2297d8014be502a55b14f3b7550cf?s=96&d=mm&r=g","contentUrl":"https:\/\/secure.gravatar.com\/avatar\/50865afb55632c4ae467e0af0930f6510aa2297d8014be502a55b14f3b7550cf?s=96&d=mm&r=g","caption":"Tar\u0131k"},"sameAs":["http:\/\/narteks.net"],"url":"https:\/\/narteks.net\/index.php\/author\/narbak\/"}]}},"_links":{"self":[{"href":"https:\/\/narteks.net\/index.php\/wp-json\/wp\/v2\/posts\/2918","targetHints":{"allow":["GET"]}}],"collection":[{"href":"https:\/\/narteks.net\/index.php\/wp-json\/wp\/v2\/posts"}],"about":[{"href":"https:\/\/narteks.net\/index.php\/wp-json\/wp\/v2\/types\/post"}],"author":[{"embeddable":true,"href":"https:\/\/narteks.net\/index.php\/wp-json\/wp\/v2\/users\/1"}],"replies":[{"embeddable":true,"href":"https:\/\/narteks.net\/index.php\/wp-json\/wp\/v2\/comments?post=2918"}],"version-history":[{"count":0,"href":"https:\/\/narteks.net\/index.php\/wp-json\/wp\/v2\/posts\/2918\/revisions"}],"wp:attachment":[{"href":"https:\/\/narteks.net\/index.php\/wp-json\/wp\/v2\/media?parent=2918"}],"wp:term":[{"taxonomy":"category","embeddable":true,"href":"https:\/\/narteks.net\/index.php\/wp-json\/wp\/v2\/categories?post=2918"},{"taxonomy":"post_tag","embeddable":true,"href":"https:\/\/narteks.net\/index.php\/wp-json\/wp\/v2\/tags?post=2918"}],"curies":[{"name":"wp","href":"https:\/\/api.w.org\/{rel}","templated":true}]}}