{"id":2950,"date":"2009-12-25T15:08:55","date_gmt":"2009-12-25T12:08:55","guid":{"rendered":"http:\/\/localhost\/wordpress\/2009\/12\/25\/daglarda-atesler-yandikca\/"},"modified":"2009-12-25T15:08:55","modified_gmt":"2009-12-25T12:08:55","slug":"daglarda-atesler-yandikca","status":"publish","type":"post","link":"https:\/\/narteks.net\/index.php\/2009\/12\/25\/daglarda-atesler-yandikca\/","title":{"rendered":"DA\u011eLARDA ATE\u015eLER YANDIK\u00c7A"},"content":{"rendered":"<p>\u00a0<\/p>\n<p>Oda karanl\u0131k <br \/> Odadan d\u0131\u015far\u0131 \u00e7\u0131k <br \/> \u015eehir karanl\u0131k <br \/> \u015eehirden d\u0131\u015far\u0131 \u00e7\u0131k <br \/> Korkma <br \/> Y\u00fcr\u00fc bir hayli y\u00fcr\u00fc <br \/> G\u00f6rd\u00fcn m\u00fc <br \/> Da\u011flar ba\u015flad\u0131 art\u0131k. <\/p>\n<p> Korkun da\u011f\u0131l\u0131r r\u00fczgarda <br \/> Bekle biraz <br \/> Da\u011flarda ate\u015fler yand\u0131k\u00e7a <br \/> Karanl\u0131ktan korkulmaz. <\/p>\n<p> Da\u011flar karanl\u0131k <br \/> Da\u011flara yukar\u0131 \u00e7\u0131k <br \/> Korkma <br \/> Y\u00fcr\u00fc bir hayli y\u00fcr\u00fc <br \/> Az daha yukar\u0131 \u00e7\u0131k <br \/> Birbirinden uzakta <br \/> G\u00f6rd\u00fcn m\u00fc <br \/> Ate\u015fler parlad\u0131 art\u0131k. <\/p>\n<p> \u015eimdi da\u011flar kald\u0131 yine ard\u0131nda <br \/> Odan yendi karanl\u0131\u011f\u0131, \u00f6l\u00fcm\u00fc <br \/> Da\u011flarda ate\u015fler yand\u0131k\u00e7a <br \/> Karanl\u0131ktan korkulmazm\u0131\u015f, g\u00f6rd\u00fcn m\u00fc?<\/p>\n","protected":false},"excerpt":{"rendered":"<p>\u00a0 Oda karanl\u0131k Odadan d\u0131\u015far\u0131 \u00e7\u0131k \u015eehir karanl\u0131k \u015eehirden d\u0131\u015far\u0131 \u00e7\u0131k Korkma Y\u00fcr\u00fc bir hayli y\u00fcr\u00fc G\u00f6rd\u00fcn m\u00fc Da\u011flar ba\u015flad\u0131 art\u0131k. Korkun da\u011f\u0131l\u0131r r\u00fczgarda Bekle biraz Da\u011flarda ate\u015fler yand\u0131k\u00e7a Karanl\u0131ktan korkulmaz. Da\u011flar karanl\u0131k Da\u011flara yukar\u0131 \u00e7\u0131k Korkma Y\u00fcr\u00fc bir hayli y\u00fcr\u00fc Az daha yukar\u0131 \u00e7\u0131k Birbirinden uzakta G\u00f6rd\u00fcn m\u00fc Ate\u015fler parlad\u0131 art\u0131k. \u015eimdi da\u011flar kald\u0131 [&hellip;]<\/p>\n","protected":false},"author":1,"featured_media":0,"comment_status":"open","ping_status":"open","sticky":false,"template":"","format":"standard","meta":{"footnotes":""},"categories":[105],"tags":[],"class_list":{"0":"post-2950","1":"post","2":"type-post","3":"status-publish","4":"format-standard","6":"category-behcet-necatigil"},"yoast_head":"<!-- This site is optimized with the Yoast SEO Premium plugin v24.9 (Yoast SEO v24.9) - https:\/\/yoast.com\/wordpress\/plugins\/seo\/ -->\n<title>DA\u011eLARDA ATE\u015eLER YANDIK\u00c7A - narteks.net<\/title>\n<meta name=\"robots\" content=\"index, follow, max-snippet:-1, max-image-preview:large, max-video-preview:-1\" \/>\n<link rel=\"canonical\" href=\"https:\/\/narteks.net\/index.php\/2009\/12\/25\/daglarda-atesler-yandikca\/\" \/>\n<meta property=\"og:locale\" content=\"tr_TR\" \/>\n<meta property=\"og:type\" content=\"article\" \/>\n<meta property=\"og:title\" content=\"DA\u011eLARDA ATE\u015eLER YANDIK\u00c7A\" \/>\n<meta property=\"og:description\" content=\"\u00a0 Oda karanl\u0131k Odadan d\u0131\u015far\u0131 \u00e7\u0131k \u015eehir karanl\u0131k \u015eehirden d\u0131\u015far\u0131 \u00e7\u0131k Korkma Y\u00fcr\u00fc bir hayli y\u00fcr\u00fc G\u00f6rd\u00fcn m\u00fc Da\u011flar ba\u015flad\u0131 art\u0131k. Korkun da\u011f\u0131l\u0131r r\u00fczgarda Bekle biraz Da\u011flarda ate\u015fler yand\u0131k\u00e7a Karanl\u0131ktan korkulmaz. Da\u011flar karanl\u0131k Da\u011flara yukar\u0131 \u00e7\u0131k Korkma Y\u00fcr\u00fc bir hayli y\u00fcr\u00fc Az daha yukar\u0131 \u00e7\u0131k Birbirinden uzakta G\u00f6rd\u00fcn m\u00fc Ate\u015fler parlad\u0131 art\u0131k. \u015eimdi da\u011flar kald\u0131 [&hellip;]\" \/>\n<meta property=\"og:url\" content=\"https:\/\/narteks.net\/index.php\/2009\/12\/25\/daglarda-atesler-yandikca\/\" \/>\n<meta property=\"og:site_name\" content=\"narteks.net\" \/>\n<meta property=\"article:published_time\" content=\"2009-12-25T12:08:55+00:00\" \/>\n<meta property=\"og:image\" content=\"https:\/\/narteks.net\/wp-content\/uploads\/narteks.png\" \/>\n\t<meta property=\"og:image:width\" content=\"300\" \/>\n\t<meta property=\"og:image:height\" content=\"90\" \/>\n\t<meta property=\"og:image:type\" content=\"image\/png\" \/>\n<meta name=\"author\" content=\"Tar\u0131k\" \/>\n<meta name=\"twitter:card\" content=\"summary_large_image\" \/>\n<meta name=\"twitter:creator\" content=\"@narteks\" \/>\n<meta name=\"twitter:site\" content=\"@narteks\" \/>\n<meta name=\"twitter:label1\" content=\"Yazan:\" \/>\n\t<meta name=\"twitter:data1\" content=\"Tar\u0131k\" \/>\n\t<meta name=\"twitter:label2\" content=\"Tahmini okuma s\u00fcresi\" \/>\n\t<meta name=\"twitter:data2\" content=\"1 dakika\" \/>\n<script type=\"application\/ld+json\" class=\"yoast-schema-graph\">{\"@context\":\"https:\/\/schema.org\",\"@graph\":[{\"@type\":\"Article\",\"@id\":\"https:\/\/narteks.net\/index.php\/2009\/12\/25\/daglarda-atesler-yandikca\/#article\",\"isPartOf\":{\"@id\":\"https:\/\/narteks.net\/index.php\/2009\/12\/25\/daglarda-atesler-yandikca\/\"},\"author\":{\"name\":\"Tar\u0131k\",\"@id\":\"https:\/\/narteks.net\/#\/schema\/person\/61f37d9834294b72d31d274e7ed79bca\"},\"headline\":\"DA\u011eLARDA ATE\u015eLER YANDIK\u00c7A\",\"datePublished\":\"2009-12-25T12:08:55+00:00\",\"mainEntityOfPage\":{\"@id\":\"https:\/\/narteks.net\/index.php\/2009\/12\/25\/daglarda-atesler-yandikca\/\"},\"wordCount\":111,\"commentCount\":0,\"publisher\":{\"@id\":\"https:\/\/narteks.net\/#organization\"},\"articleSection\":[\"Beh\u00e7et NECAT\u0130G\u0130L\"],\"inLanguage\":\"tr\",\"potentialAction\":[{\"@type\":\"CommentAction\",\"name\":\"Comment\",\"target\":[\"https:\/\/narteks.net\/index.php\/2009\/12\/25\/daglarda-atesler-yandikca\/#respond\"]}]},{\"@type\":\"WebPage\",\"@id\":\"https:\/\/narteks.net\/index.php\/2009\/12\/25\/daglarda-atesler-yandikca\/\",\"url\":\"https:\/\/narteks.net\/index.php\/2009\/12\/25\/daglarda-atesler-yandikca\/\",\"name\":\"DA\u011eLARDA ATE\u015eLER YANDIK\u00c7A - narteks.net\",\"isPartOf\":{\"@id\":\"https:\/\/narteks.net\/#website\"},\"datePublished\":\"2009-12-25T12:08:55+00:00\",\"breadcrumb\":{\"@id\":\"https:\/\/narteks.net\/index.php\/2009\/12\/25\/daglarda-atesler-yandikca\/#breadcrumb\"},\"inLanguage\":\"tr\",\"potentialAction\":[{\"@type\":\"ReadAction\",\"target\":[\"https:\/\/narteks.net\/index.php\/2009\/12\/25\/daglarda-atesler-yandikca\/\"]}]},{\"@type\":\"BreadcrumbList\",\"@id\":\"https:\/\/narteks.net\/index.php\/2009\/12\/25\/daglarda-atesler-yandikca\/#breadcrumb\",\"itemListElement\":[{\"@type\":\"ListItem\",\"position\":1,\"name\":\"Anasayfa\",\"item\":\"https:\/\/narteks.net\/\"},{\"@type\":\"ListItem\",\"position\":2,\"name\":\"DA\u011eLARDA ATE\u015eLER YANDIK\u00c7A\"}]},{\"@type\":\"WebSite\",\"@id\":\"https:\/\/narteks.net\/#website\",\"url\":\"https:\/\/narteks.net\/\",\"name\":\"narteks.net\",\"description\":\"K\u00fclt\u00fcr Sanat Edebiyat Felsefe\",\"publisher\":{\"@id\":\"https:\/\/narteks.net\/#organization\"},\"alternateName\":\"K\u00fclt\u00fcr Sanat Edebiyat Felsefe\",\"potentialAction\":[{\"@type\":\"SearchAction\",\"target\":{\"@type\":\"EntryPoint\",\"urlTemplate\":\"https:\/\/narteks.net\/?s={search_term_string}\"},\"query-input\":{\"@type\":\"PropertyValueSpecification\",\"valueRequired\":true,\"valueName\":\"search_term_string\"}}],\"inLanguage\":\"tr\"},{\"@type\":\"Organization\",\"@id\":\"https:\/\/narteks.net\/#organization\",\"name\":\"narteks.net\",\"url\":\"https:\/\/narteks.net\/\",\"logo\":{\"@type\":\"ImageObject\",\"inLanguage\":\"tr\",\"@id\":\"https:\/\/narteks.net\/#\/schema\/logo\/image\/\",\"url\":\"https:\/\/narteks.net\/wp-content\/uploads\/narteks.png\",\"contentUrl\":\"https:\/\/narteks.net\/wp-content\/uploads\/narteks.png\",\"width\":300,\"height\":90,\"caption\":\"narteks.net\"},\"image\":{\"@id\":\"https:\/\/narteks.net\/#\/schema\/logo\/image\/\"},\"sameAs\":[\"https:\/\/x.com\/narteks\",\"https:\/\/instagram.com\/narteksnet\"]},{\"@type\":\"Person\",\"@id\":\"https:\/\/narteks.net\/#\/schema\/person\/61f37d9834294b72d31d274e7ed79bca\",\"name\":\"Tar\u0131k\",\"image\":{\"@type\":\"ImageObject\",\"inLanguage\":\"tr\",\"@id\":\"https:\/\/narteks.net\/#\/schema\/person\/image\/\",\"url\":\"https:\/\/secure.gravatar.com\/avatar\/50865afb55632c4ae467e0af0930f6510aa2297d8014be502a55b14f3b7550cf?s=96&d=mm&r=g\",\"contentUrl\":\"https:\/\/secure.gravatar.com\/avatar\/50865afb55632c4ae467e0af0930f6510aa2297d8014be502a55b14f3b7550cf?s=96&d=mm&r=g\",\"caption\":\"Tar\u0131k\"},\"sameAs\":[\"http:\/\/narteks.net\"],\"url\":\"https:\/\/narteks.net\/index.php\/author\/narbak\/\"}]}<\/script>\n<!-- \/ Yoast SEO Premium plugin. -->","yoast_head_json":{"title":"DA\u011eLARDA ATE\u015eLER YANDIK\u00c7A - narteks.net","robots":{"index":"index","follow":"follow","max-snippet":"max-snippet:-1","max-image-preview":"max-image-preview:large","max-video-preview":"max-video-preview:-1"},"canonical":"https:\/\/narteks.net\/index.php\/2009\/12\/25\/daglarda-atesler-yandikca\/","og_locale":"tr_TR","og_type":"article","og_title":"DA\u011eLARDA ATE\u015eLER YANDIK\u00c7A","og_description":"\u00a0 Oda karanl\u0131k Odadan d\u0131\u015far\u0131 \u00e7\u0131k \u015eehir karanl\u0131k \u015eehirden d\u0131\u015far\u0131 \u00e7\u0131k Korkma Y\u00fcr\u00fc bir hayli y\u00fcr\u00fc G\u00f6rd\u00fcn m\u00fc Da\u011flar ba\u015flad\u0131 art\u0131k. Korkun da\u011f\u0131l\u0131r r\u00fczgarda Bekle biraz Da\u011flarda ate\u015fler yand\u0131k\u00e7a Karanl\u0131ktan korkulmaz. Da\u011flar karanl\u0131k Da\u011flara yukar\u0131 \u00e7\u0131k Korkma Y\u00fcr\u00fc bir hayli y\u00fcr\u00fc Az daha yukar\u0131 \u00e7\u0131k Birbirinden uzakta G\u00f6rd\u00fcn m\u00fc Ate\u015fler parlad\u0131 art\u0131k. \u015eimdi da\u011flar kald\u0131 [&hellip;]","og_url":"https:\/\/narteks.net\/index.php\/2009\/12\/25\/daglarda-atesler-yandikca\/","og_site_name":"narteks.net","article_published_time":"2009-12-25T12:08:55+00:00","og_image":[{"width":300,"height":90,"url":"https:\/\/narteks.net\/wp-content\/uploads\/narteks.png","type":"image\/png"}],"author":"Tar\u0131k","twitter_card":"summary_large_image","twitter_creator":"@narteks","twitter_site":"@narteks","twitter_misc":{"Yazan:":"Tar\u0131k","Tahmini okuma s\u00fcresi":"1 dakika"},"schema":{"@context":"https:\/\/schema.org","@graph":[{"@type":"Article","@id":"https:\/\/narteks.net\/index.php\/2009\/12\/25\/daglarda-atesler-yandikca\/#article","isPartOf":{"@id":"https:\/\/narteks.net\/index.php\/2009\/12\/25\/daglarda-atesler-yandikca\/"},"author":{"name":"Tar\u0131k","@id":"https:\/\/narteks.net\/#\/schema\/person\/61f37d9834294b72d31d274e7ed79bca"},"headline":"DA\u011eLARDA ATE\u015eLER YANDIK\u00c7A","datePublished":"2009-12-25T12:08:55+00:00","mainEntityOfPage":{"@id":"https:\/\/narteks.net\/index.php\/2009\/12\/25\/daglarda-atesler-yandikca\/"},"wordCount":111,"commentCount":0,"publisher":{"@id":"https:\/\/narteks.net\/#organization"},"articleSection":["Beh\u00e7et NECAT\u0130G\u0130L"],"inLanguage":"tr","potentialAction":[{"@type":"CommentAction","name":"Comment","target":["https:\/\/narteks.net\/index.php\/2009\/12\/25\/daglarda-atesler-yandikca\/#respond"]}]},{"@type":"WebPage","@id":"https:\/\/narteks.net\/index.php\/2009\/12\/25\/daglarda-atesler-yandikca\/","url":"https:\/\/narteks.net\/index.php\/2009\/12\/25\/daglarda-atesler-yandikca\/","name":"DA\u011eLARDA ATE\u015eLER YANDIK\u00c7A - narteks.net","isPartOf":{"@id":"https:\/\/narteks.net\/#website"},"datePublished":"2009-12-25T12:08:55+00:00","breadcrumb":{"@id":"https:\/\/narteks.net\/index.php\/2009\/12\/25\/daglarda-atesler-yandikca\/#breadcrumb"},"inLanguage":"tr","potentialAction":[{"@type":"ReadAction","target":["https:\/\/narteks.net\/index.php\/2009\/12\/25\/daglarda-atesler-yandikca\/"]}]},{"@type":"BreadcrumbList","@id":"https:\/\/narteks.net\/index.php\/2009\/12\/25\/daglarda-atesler-yandikca\/#breadcrumb","itemListElement":[{"@type":"ListItem","position":1,"name":"Anasayfa","item":"https:\/\/narteks.net\/"},{"@type":"ListItem","position":2,"name":"DA\u011eLARDA ATE\u015eLER YANDIK\u00c7A"}]},{"@type":"WebSite","@id":"https:\/\/narteks.net\/#website","url":"https:\/\/narteks.net\/","name":"narteks.net","description":"K\u00fclt\u00fcr Sanat Edebiyat Felsefe","publisher":{"@id":"https:\/\/narteks.net\/#organization"},"alternateName":"K\u00fclt\u00fcr Sanat Edebiyat Felsefe","potentialAction":[{"@type":"SearchAction","target":{"@type":"EntryPoint","urlTemplate":"https:\/\/narteks.net\/?s={search_term_string}"},"query-input":{"@type":"PropertyValueSpecification","valueRequired":true,"valueName":"search_term_string"}}],"inLanguage":"tr"},{"@type":"Organization","@id":"https:\/\/narteks.net\/#organization","name":"narteks.net","url":"https:\/\/narteks.net\/","logo":{"@type":"ImageObject","inLanguage":"tr","@id":"https:\/\/narteks.net\/#\/schema\/logo\/image\/","url":"https:\/\/narteks.net\/wp-content\/uploads\/narteks.png","contentUrl":"https:\/\/narteks.net\/wp-content\/uploads\/narteks.png","width":300,"height":90,"caption":"narteks.net"},"image":{"@id":"https:\/\/narteks.net\/#\/schema\/logo\/image\/"},"sameAs":["https:\/\/x.com\/narteks","https:\/\/instagram.com\/narteksnet"]},{"@type":"Person","@id":"https:\/\/narteks.net\/#\/schema\/person\/61f37d9834294b72d31d274e7ed79bca","name":"Tar\u0131k","image":{"@type":"ImageObject","inLanguage":"tr","@id":"https:\/\/narteks.net\/#\/schema\/person\/image\/","url":"https:\/\/secure.gravatar.com\/avatar\/50865afb55632c4ae467e0af0930f6510aa2297d8014be502a55b14f3b7550cf?s=96&d=mm&r=g","contentUrl":"https:\/\/secure.gravatar.com\/avatar\/50865afb55632c4ae467e0af0930f6510aa2297d8014be502a55b14f3b7550cf?s=96&d=mm&r=g","caption":"Tar\u0131k"},"sameAs":["http:\/\/narteks.net"],"url":"https:\/\/narteks.net\/index.php\/author\/narbak\/"}]}},"_links":{"self":[{"href":"https:\/\/narteks.net\/index.php\/wp-json\/wp\/v2\/posts\/2950","targetHints":{"allow":["GET"]}}],"collection":[{"href":"https:\/\/narteks.net\/index.php\/wp-json\/wp\/v2\/posts"}],"about":[{"href":"https:\/\/narteks.net\/index.php\/wp-json\/wp\/v2\/types\/post"}],"author":[{"embeddable":true,"href":"https:\/\/narteks.net\/index.php\/wp-json\/wp\/v2\/users\/1"}],"replies":[{"embeddable":true,"href":"https:\/\/narteks.net\/index.php\/wp-json\/wp\/v2\/comments?post=2950"}],"version-history":[{"count":0,"href":"https:\/\/narteks.net\/index.php\/wp-json\/wp\/v2\/posts\/2950\/revisions"}],"wp:attachment":[{"href":"https:\/\/narteks.net\/index.php\/wp-json\/wp\/v2\/media?parent=2950"}],"wp:term":[{"taxonomy":"category","embeddable":true,"href":"https:\/\/narteks.net\/index.php\/wp-json\/wp\/v2\/categories?post=2950"},{"taxonomy":"post_tag","embeddable":true,"href":"https:\/\/narteks.net\/index.php\/wp-json\/wp\/v2\/tags?post=2950"}],"curies":[{"name":"wp","href":"https:\/\/api.w.org\/{rel}","templated":true}]}}