{"id":2952,"date":"2009-12-25T15:09:51","date_gmt":"2009-12-25T12:09:51","guid":{"rendered":"http:\/\/localhost\/wordpress\/2009\/12\/25\/dunya-cocuk-yilinda-1\/"},"modified":"2009-12-25T15:09:51","modified_gmt":"2009-12-25T12:09:51","slug":"dunya-cocuk-yilinda-1","status":"publish","type":"post","link":"https:\/\/narteks.net\/index.php\/2009\/12\/25\/dunya-cocuk-yilinda-1\/","title":{"rendered":"D\u00dcNYA \u00c7OCUK YILINDA -1"},"content":{"rendered":"<p>\u00a0<\/p>\n<p>B\u00fct\u00fcn \u00e7ocuklar <br \/> Yokluk bilmesinler <br \/> Et, \u015feker, s\u00fct bulsunlar <br \/> Giyimli, tok ve rahat <br \/> Gitsinler okullara <br \/> S\u0131n\u0131flar\u0131n\u0131 ge\u00e7sinler. <\/p>\n<p> B\u00fcy\u00fckler biraz daha yorulsun <br \/> Onlar da b\u00fcy\u00fcs\u00fcnler <br \/> Onlar da mesut olsunlar <br \/> Ge\u00e7ti, ka\u00e7 sava\u015f ezikli\u011fi <br \/> \u00c7ocuklar\u0131 d\u00fc\u015f\u00fcns\u00fcnler <br \/> \u00c7ocuklar iyi g\u00fcn g\u00f6rs\u00fcnler.<\/p>\n","protected":false},"excerpt":{"rendered":"<p>\u00a0 B\u00fct\u00fcn \u00e7ocuklar Yokluk bilmesinler Et, \u015feker, s\u00fct bulsunlar Giyimli, tok ve rahat Gitsinler okullara S\u0131n\u0131flar\u0131n\u0131 ge\u00e7sinler. B\u00fcy\u00fckler biraz daha yorulsun Onlar da b\u00fcy\u00fcs\u00fcnler Onlar da mesut olsunlar Ge\u00e7ti, ka\u00e7 sava\u015f ezikli\u011fi \u00c7ocuklar\u0131 d\u00fc\u015f\u00fcns\u00fcnler \u00c7ocuklar iyi g\u00fcn g\u00f6rs\u00fcnler.<\/p>\n","protected":false},"author":1,"featured_media":0,"comment_status":"open","ping_status":"open","sticky":false,"template":"","format":"standard","meta":{"footnotes":""},"categories":[105],"tags":[],"class_list":{"0":"post-2952","1":"post","2":"type-post","3":"status-publish","4":"format-standard","6":"category-behcet-necatigil"},"yoast_head":"<!-- This site is optimized with the Yoast SEO Premium plugin v24.9 (Yoast SEO v24.9) - https:\/\/yoast.com\/wordpress\/plugins\/seo\/ -->\n<title>D\u00dcNYA \u00c7OCUK YILINDA -1 - narteks.net<\/title>\n<meta name=\"robots\" content=\"index, follow, max-snippet:-1, max-image-preview:large, max-video-preview:-1\" \/>\n<link rel=\"canonical\" href=\"https:\/\/narteks.net\/index.php\/2009\/12\/25\/dunya-cocuk-yilinda-1\/\" \/>\n<meta property=\"og:locale\" content=\"tr_TR\" \/>\n<meta property=\"og:type\" content=\"article\" \/>\n<meta property=\"og:title\" content=\"D\u00dcNYA \u00c7OCUK YILINDA -1\" \/>\n<meta property=\"og:description\" content=\"\u00a0 B\u00fct\u00fcn \u00e7ocuklar Yokluk bilmesinler Et, \u015feker, s\u00fct bulsunlar Giyimli, tok ve rahat Gitsinler okullara S\u0131n\u0131flar\u0131n\u0131 ge\u00e7sinler. B\u00fcy\u00fckler biraz daha yorulsun Onlar da b\u00fcy\u00fcs\u00fcnler Onlar da mesut olsunlar Ge\u00e7ti, ka\u00e7 sava\u015f ezikli\u011fi \u00c7ocuklar\u0131 d\u00fc\u015f\u00fcns\u00fcnler \u00c7ocuklar iyi g\u00fcn g\u00f6rs\u00fcnler.\" \/>\n<meta property=\"og:url\" content=\"https:\/\/narteks.net\/index.php\/2009\/12\/25\/dunya-cocuk-yilinda-1\/\" \/>\n<meta property=\"og:site_name\" content=\"narteks.net\" \/>\n<meta property=\"article:published_time\" content=\"2009-12-25T12:09:51+00:00\" \/>\n<meta property=\"og:image\" content=\"https:\/\/narteks.net\/wp-content\/uploads\/narteks.png\" \/>\n\t<meta property=\"og:image:width\" content=\"300\" \/>\n\t<meta property=\"og:image:height\" content=\"90\" \/>\n\t<meta property=\"og:image:type\" content=\"image\/png\" \/>\n<meta name=\"author\" content=\"Tar\u0131k\" \/>\n<meta name=\"twitter:card\" content=\"summary_large_image\" \/>\n<meta name=\"twitter:creator\" content=\"@narteks\" \/>\n<meta name=\"twitter:site\" content=\"@narteks\" \/>\n<meta name=\"twitter:label1\" content=\"Yazan:\" \/>\n\t<meta name=\"twitter:data1\" content=\"Tar\u0131k\" \/>\n<script type=\"application\/ld+json\" class=\"yoast-schema-graph\">{\"@context\":\"https:\/\/schema.org\",\"@graph\":[{\"@type\":\"Article\",\"@id\":\"https:\/\/narteks.net\/index.php\/2009\/12\/25\/dunya-cocuk-yilinda-1\/#article\",\"isPartOf\":{\"@id\":\"https:\/\/narteks.net\/index.php\/2009\/12\/25\/dunya-cocuk-yilinda-1\/\"},\"author\":{\"name\":\"Tar\u0131k\",\"@id\":\"https:\/\/narteks.net\/#\/schema\/person\/61f37d9834294b72d31d274e7ed79bca\"},\"headline\":\"D\u00dcNYA \u00c7OCUK YILINDA -1\",\"datePublished\":\"2009-12-25T12:09:51+00:00\",\"mainEntityOfPage\":{\"@id\":\"https:\/\/narteks.net\/index.php\/2009\/12\/25\/dunya-cocuk-yilinda-1\/\"},\"wordCount\":61,\"commentCount\":0,\"publisher\":{\"@id\":\"https:\/\/narteks.net\/#organization\"},\"articleSection\":[\"Beh\u00e7et NECAT\u0130G\u0130L\"],\"inLanguage\":\"tr\",\"potentialAction\":[{\"@type\":\"CommentAction\",\"name\":\"Comment\",\"target\":[\"https:\/\/narteks.net\/index.php\/2009\/12\/25\/dunya-cocuk-yilinda-1\/#respond\"]}]},{\"@type\":\"WebPage\",\"@id\":\"https:\/\/narteks.net\/index.php\/2009\/12\/25\/dunya-cocuk-yilinda-1\/\",\"url\":\"https:\/\/narteks.net\/index.php\/2009\/12\/25\/dunya-cocuk-yilinda-1\/\",\"name\":\"D\u00dcNYA \u00c7OCUK YILINDA -1 - narteks.net\",\"isPartOf\":{\"@id\":\"https:\/\/narteks.net\/#website\"},\"datePublished\":\"2009-12-25T12:09:51+00:00\",\"breadcrumb\":{\"@id\":\"https:\/\/narteks.net\/index.php\/2009\/12\/25\/dunya-cocuk-yilinda-1\/#breadcrumb\"},\"inLanguage\":\"tr\",\"potentialAction\":[{\"@type\":\"ReadAction\",\"target\":[\"https:\/\/narteks.net\/index.php\/2009\/12\/25\/dunya-cocuk-yilinda-1\/\"]}]},{\"@type\":\"BreadcrumbList\",\"@id\":\"https:\/\/narteks.net\/index.php\/2009\/12\/25\/dunya-cocuk-yilinda-1\/#breadcrumb\",\"itemListElement\":[{\"@type\":\"ListItem\",\"position\":1,\"name\":\"Anasayfa\",\"item\":\"https:\/\/narteks.net\/\"},{\"@type\":\"ListItem\",\"position\":2,\"name\":\"D\u00dcNYA \u00c7OCUK YILINDA -1\"}]},{\"@type\":\"WebSite\",\"@id\":\"https:\/\/narteks.net\/#website\",\"url\":\"https:\/\/narteks.net\/\",\"name\":\"narteks.net\",\"description\":\"K\u00fclt\u00fcr Sanat Edebiyat Felsefe\",\"publisher\":{\"@id\":\"https:\/\/narteks.net\/#organization\"},\"alternateName\":\"K\u00fclt\u00fcr Sanat Edebiyat Felsefe\",\"potentialAction\":[{\"@type\":\"SearchAction\",\"target\":{\"@type\":\"EntryPoint\",\"urlTemplate\":\"https:\/\/narteks.net\/?s={search_term_string}\"},\"query-input\":{\"@type\":\"PropertyValueSpecification\",\"valueRequired\":true,\"valueName\":\"search_term_string\"}}],\"inLanguage\":\"tr\"},{\"@type\":\"Organization\",\"@id\":\"https:\/\/narteks.net\/#organization\",\"name\":\"narteks.net\",\"url\":\"https:\/\/narteks.net\/\",\"logo\":{\"@type\":\"ImageObject\",\"inLanguage\":\"tr\",\"@id\":\"https:\/\/narteks.net\/#\/schema\/logo\/image\/\",\"url\":\"https:\/\/narteks.net\/wp-content\/uploads\/narteks.png\",\"contentUrl\":\"https:\/\/narteks.net\/wp-content\/uploads\/narteks.png\",\"width\":300,\"height\":90,\"caption\":\"narteks.net\"},\"image\":{\"@id\":\"https:\/\/narteks.net\/#\/schema\/logo\/image\/\"},\"sameAs\":[\"https:\/\/x.com\/narteks\",\"https:\/\/instagram.com\/narteksnet\"]},{\"@type\":\"Person\",\"@id\":\"https:\/\/narteks.net\/#\/schema\/person\/61f37d9834294b72d31d274e7ed79bca\",\"name\":\"Tar\u0131k\",\"image\":{\"@type\":\"ImageObject\",\"inLanguage\":\"tr\",\"@id\":\"https:\/\/narteks.net\/#\/schema\/person\/image\/\",\"url\":\"https:\/\/secure.gravatar.com\/avatar\/50865afb55632c4ae467e0af0930f6510aa2297d8014be502a55b14f3b7550cf?s=96&d=mm&r=g\",\"contentUrl\":\"https:\/\/secure.gravatar.com\/avatar\/50865afb55632c4ae467e0af0930f6510aa2297d8014be502a55b14f3b7550cf?s=96&d=mm&r=g\",\"caption\":\"Tar\u0131k\"},\"sameAs\":[\"http:\/\/narteks.net\"],\"url\":\"https:\/\/narteks.net\/index.php\/author\/narbak\/\"}]}<\/script>\n<!-- \/ Yoast SEO Premium plugin. -->","yoast_head_json":{"title":"D\u00dcNYA \u00c7OCUK YILINDA -1 - narteks.net","robots":{"index":"index","follow":"follow","max-snippet":"max-snippet:-1","max-image-preview":"max-image-preview:large","max-video-preview":"max-video-preview:-1"},"canonical":"https:\/\/narteks.net\/index.php\/2009\/12\/25\/dunya-cocuk-yilinda-1\/","og_locale":"tr_TR","og_type":"article","og_title":"D\u00dcNYA \u00c7OCUK YILINDA -1","og_description":"\u00a0 B\u00fct\u00fcn \u00e7ocuklar Yokluk bilmesinler Et, \u015feker, s\u00fct bulsunlar Giyimli, tok ve rahat Gitsinler okullara S\u0131n\u0131flar\u0131n\u0131 ge\u00e7sinler. B\u00fcy\u00fckler biraz daha yorulsun Onlar da b\u00fcy\u00fcs\u00fcnler Onlar da mesut olsunlar Ge\u00e7ti, ka\u00e7 sava\u015f ezikli\u011fi \u00c7ocuklar\u0131 d\u00fc\u015f\u00fcns\u00fcnler \u00c7ocuklar iyi g\u00fcn g\u00f6rs\u00fcnler.","og_url":"https:\/\/narteks.net\/index.php\/2009\/12\/25\/dunya-cocuk-yilinda-1\/","og_site_name":"narteks.net","article_published_time":"2009-12-25T12:09:51+00:00","og_image":[{"width":300,"height":90,"url":"https:\/\/narteks.net\/wp-content\/uploads\/narteks.png","type":"image\/png"}],"author":"Tar\u0131k","twitter_card":"summary_large_image","twitter_creator":"@narteks","twitter_site":"@narteks","twitter_misc":{"Yazan:":"Tar\u0131k"},"schema":{"@context":"https:\/\/schema.org","@graph":[{"@type":"Article","@id":"https:\/\/narteks.net\/index.php\/2009\/12\/25\/dunya-cocuk-yilinda-1\/#article","isPartOf":{"@id":"https:\/\/narteks.net\/index.php\/2009\/12\/25\/dunya-cocuk-yilinda-1\/"},"author":{"name":"Tar\u0131k","@id":"https:\/\/narteks.net\/#\/schema\/person\/61f37d9834294b72d31d274e7ed79bca"},"headline":"D\u00dcNYA \u00c7OCUK YILINDA -1","datePublished":"2009-12-25T12:09:51+00:00","mainEntityOfPage":{"@id":"https:\/\/narteks.net\/index.php\/2009\/12\/25\/dunya-cocuk-yilinda-1\/"},"wordCount":61,"commentCount":0,"publisher":{"@id":"https:\/\/narteks.net\/#organization"},"articleSection":["Beh\u00e7et NECAT\u0130G\u0130L"],"inLanguage":"tr","potentialAction":[{"@type":"CommentAction","name":"Comment","target":["https:\/\/narteks.net\/index.php\/2009\/12\/25\/dunya-cocuk-yilinda-1\/#respond"]}]},{"@type":"WebPage","@id":"https:\/\/narteks.net\/index.php\/2009\/12\/25\/dunya-cocuk-yilinda-1\/","url":"https:\/\/narteks.net\/index.php\/2009\/12\/25\/dunya-cocuk-yilinda-1\/","name":"D\u00dcNYA \u00c7OCUK YILINDA -1 - narteks.net","isPartOf":{"@id":"https:\/\/narteks.net\/#website"},"datePublished":"2009-12-25T12:09:51+00:00","breadcrumb":{"@id":"https:\/\/narteks.net\/index.php\/2009\/12\/25\/dunya-cocuk-yilinda-1\/#breadcrumb"},"inLanguage":"tr","potentialAction":[{"@type":"ReadAction","target":["https:\/\/narteks.net\/index.php\/2009\/12\/25\/dunya-cocuk-yilinda-1\/"]}]},{"@type":"BreadcrumbList","@id":"https:\/\/narteks.net\/index.php\/2009\/12\/25\/dunya-cocuk-yilinda-1\/#breadcrumb","itemListElement":[{"@type":"ListItem","position":1,"name":"Anasayfa","item":"https:\/\/narteks.net\/"},{"@type":"ListItem","position":2,"name":"D\u00dcNYA \u00c7OCUK YILINDA -1"}]},{"@type":"WebSite","@id":"https:\/\/narteks.net\/#website","url":"https:\/\/narteks.net\/","name":"narteks.net","description":"K\u00fclt\u00fcr Sanat Edebiyat Felsefe","publisher":{"@id":"https:\/\/narteks.net\/#organization"},"alternateName":"K\u00fclt\u00fcr Sanat Edebiyat Felsefe","potentialAction":[{"@type":"SearchAction","target":{"@type":"EntryPoint","urlTemplate":"https:\/\/narteks.net\/?s={search_term_string}"},"query-input":{"@type":"PropertyValueSpecification","valueRequired":true,"valueName":"search_term_string"}}],"inLanguage":"tr"},{"@type":"Organization","@id":"https:\/\/narteks.net\/#organization","name":"narteks.net","url":"https:\/\/narteks.net\/","logo":{"@type":"ImageObject","inLanguage":"tr","@id":"https:\/\/narteks.net\/#\/schema\/logo\/image\/","url":"https:\/\/narteks.net\/wp-content\/uploads\/narteks.png","contentUrl":"https:\/\/narteks.net\/wp-content\/uploads\/narteks.png","width":300,"height":90,"caption":"narteks.net"},"image":{"@id":"https:\/\/narteks.net\/#\/schema\/logo\/image\/"},"sameAs":["https:\/\/x.com\/narteks","https:\/\/instagram.com\/narteksnet"]},{"@type":"Person","@id":"https:\/\/narteks.net\/#\/schema\/person\/61f37d9834294b72d31d274e7ed79bca","name":"Tar\u0131k","image":{"@type":"ImageObject","inLanguage":"tr","@id":"https:\/\/narteks.net\/#\/schema\/person\/image\/","url":"https:\/\/secure.gravatar.com\/avatar\/50865afb55632c4ae467e0af0930f6510aa2297d8014be502a55b14f3b7550cf?s=96&d=mm&r=g","contentUrl":"https:\/\/secure.gravatar.com\/avatar\/50865afb55632c4ae467e0af0930f6510aa2297d8014be502a55b14f3b7550cf?s=96&d=mm&r=g","caption":"Tar\u0131k"},"sameAs":["http:\/\/narteks.net"],"url":"https:\/\/narteks.net\/index.php\/author\/narbak\/"}]}},"_links":{"self":[{"href":"https:\/\/narteks.net\/index.php\/wp-json\/wp\/v2\/posts\/2952","targetHints":{"allow":["GET"]}}],"collection":[{"href":"https:\/\/narteks.net\/index.php\/wp-json\/wp\/v2\/posts"}],"about":[{"href":"https:\/\/narteks.net\/index.php\/wp-json\/wp\/v2\/types\/post"}],"author":[{"embeddable":true,"href":"https:\/\/narteks.net\/index.php\/wp-json\/wp\/v2\/users\/1"}],"replies":[{"embeddable":true,"href":"https:\/\/narteks.net\/index.php\/wp-json\/wp\/v2\/comments?post=2952"}],"version-history":[{"count":0,"href":"https:\/\/narteks.net\/index.php\/wp-json\/wp\/v2\/posts\/2952\/revisions"}],"wp:attachment":[{"href":"https:\/\/narteks.net\/index.php\/wp-json\/wp\/v2\/media?parent=2952"}],"wp:term":[{"taxonomy":"category","embeddable":true,"href":"https:\/\/narteks.net\/index.php\/wp-json\/wp\/v2\/categories?post=2952"},{"taxonomy":"post_tag","embeddable":true,"href":"https:\/\/narteks.net\/index.php\/wp-json\/wp\/v2\/tags?post=2952"}],"curies":[{"name":"wp","href":"https:\/\/api.w.org\/{rel}","templated":true}]}}