{"id":2968,"date":"2009-12-25T15:18:04","date_gmt":"2009-12-25T12:18:04","guid":{"rendered":"http:\/\/localhost\/wordpress\/2009\/12\/25\/evler\/"},"modified":"2009-12-25T15:18:04","modified_gmt":"2009-12-25T12:18:04","slug":"evler","status":"publish","type":"post","link":"https:\/\/narteks.net\/index.php\/2009\/12\/25\/evler\/","title":{"rendered":"EVLER"},"content":{"rendered":"<p>\u00a0<\/p>\n<p>\u0130nsanlar y\u00fczy\u0131llar y\u0131l\u0131 evler yapt\u0131lar. <br \/> \u0130rili ufakl\u0131, birbirinden farkl\u0131, <br \/> Ah\u015fap evler, kagir evler yapt\u0131lar. <br \/> Do\u011fup \u00f6lenleri oldu, gelip gidenleri oldu, <br \/> Evlerin i\u00e7i devir devir de\u011fi\u015fti <br \/> Evlerin d\u0131\u015f\u0131 pencere, duvar. <\/p>\n<p> Vurulmu\u015f vurgunlar\u0131n y\u00fcceltti\u011fi evlerde <br \/> Kalbi kara insanlar oturdu. <br \/> G\u00fcndelik korkular\u0131n \u00e7\u00f6kertti\u011fi evlerde <br \/> O f\u0131kara insanlar oturdu. <\/p>\n<p> Evlerin \u00e7o\u011fu eskidi gitti, tamir edilemedi, <br \/> Evlerin \u00e7o\u011fu gere\u011fi gibi tasvir edilemedi. <br \/> Kimi hayata doymu\u015f g\u00f6r\u00fcnd\u00fc, <br \/> Baz\u0131lara zamana uydular. <br \/> Evlerin i\u00e7i oda oda \u00fcz\u00fcnt\u00fc, <br \/> Evlerin d\u0131\u015f\u0131 pencere, duvar. <\/p>\n<p> Evlerde saadetler sabunlar gibi k\u00f6p\u00fcrd\u00fc: <br \/> Eve geldi bir tane, nar gibi, <br \/> Artt\u0131, eksilmedi. <br \/> Evleri felaketler taunlar gibi s\u00fcp\u00fcrd\u00fc. <br \/> Kaderden eski f\u0131rt\u0131nalar gibi, <br \/> Ard\u0131 kesilmedi. <\/p>\n<p> Evlerin \u00e7o\u011funda dirlik d\u00fczen <br \/> Kalan bir hat\u0131ra oldu ge\u00e7mi\u015fte. <br \/> G\u00f6n\u00fcl almak, hat\u0131r saymak arama. <br \/> Evlatlar aileye asi i\u015fte, <br \/> Bir \u00e7\u0131\u011f ki kopmu\u015f gider, \u00fcz\u00fcnt\u00fcden. <br \/> Evlerde nice nice cinayetler i\u015flendi, <br \/> Ruhu bile duymad\u0131 insanlar\u0131n. <br \/> D\u00f6rt duvar aras\u0131nda aile s\u0131rlar\u0131, <br \/> Bunca \u00e7ocuk, bunca erkek, bunca kad\u0131n, <br \/> G\u00f6zya\u015flar\u0131yla beslendi. <\/p>\n<p> \u00c7ocuklar, b\u00fcy\u00fck adam yerine evlerin kiminde: <br \/> \u00c7ocuklar\u0131 i\u015fe ko\u015ftu kalabal\u0131k aileler. <br \/> Okul \u00e7a\u011f\u0131n\u0131n kadersiz yavrular\u0131, <br \/> Ufac\u0131k avu\u00e7lardan ak\u015famlar\u0131 akan ter, <br \/> Tuz yerine ge\u00e7ti evlerin yeme\u011finde. <\/p>\n<p> \u0130nananlar\u0131n kaderi besbelli evlere ba\u011fl\u0131, <br \/> Zengin evler fakirlere \u00e7ok y\u00fcksekten bakt\u0131lar, <br \/> Kendi seviyesinde evler k\u0131z verdi, k\u0131z ald\u0131. <br \/> Baz\u0131lar\u0131 \u00f6zlediler daha y\u00fcksek hayat\u0131, <br \/> \u00c7\u0131rp\u0131nd\u0131lar daha \u00fcste \u00e7\u0131kmaya <br \/> Evler b\u0131rakmad\u0131. <\/p>\n<p> Yeni yeni t\u00fcterken ocaklar\u0131n duman\u0131 <br \/> Kad\u0131n en b\u00fcy\u00fck kuvvet erke\u011fin i\u015finde <br \/> Erkekleri ka\u00e7t\u0131, kad\u0131nlar\u0131 ka\u00e7t\u0131 <br \/> Evler dilsiz \u015fikayet ka\u00e7m\u0131\u015flar\u0131n pe\u015finde. <\/p>\n<p> \u015eu d\u00fcnyada oturacak o kadar yer yap\u0131ld\u0131, <br \/> Kul\u00fcbeler, evler, hanlar, apartmanlar <br \/> B\u00f6l\u00fc\u015f\u00fcld\u00fc oda oda, b\u00f6l\u00fc\u015f\u00fcld\u00fc kap\u0131 kap\u0131 <br \/> Ama size hi\u00e7bir hisse ayr\u0131lmad\u0131 <br \/> Duvar dipleri, yang\u0131n yerleri halk\u0131, <br \/> K\u00fclhanlarda, sarn\u0131\u00e7larda yatanlar.<\/p>\n","protected":false},"excerpt":{"rendered":"<p>\u00a0 \u0130nsanlar y\u00fczy\u0131llar y\u0131l\u0131 evler yapt\u0131lar. \u0130rili ufakl\u0131, birbirinden farkl\u0131, Ah\u015fap evler, kagir evler yapt\u0131lar. Do\u011fup \u00f6lenleri oldu, gelip gidenleri oldu, Evlerin i\u00e7i devir devir de\u011fi\u015fti Evlerin d\u0131\u015f\u0131 pencere, duvar. Vurulmu\u015f vurgunlar\u0131n y\u00fcceltti\u011fi evlerde Kalbi kara insanlar oturdu. G\u00fcndelik korkular\u0131n \u00e7\u00f6kertti\u011fi evlerde O f\u0131kara insanlar oturdu. Evlerin \u00e7o\u011fu eskidi gitti, tamir edilemedi, Evlerin \u00e7o\u011fu gere\u011fi [&hellip;]<\/p>\n","protected":false},"author":1,"featured_media":0,"comment_status":"open","ping_status":"open","sticky":false,"template":"","format":"standard","meta":{"footnotes":""},"categories":[105],"tags":[],"class_list":{"0":"post-2968","1":"post","2":"type-post","3":"status-publish","4":"format-standard","6":"category-behcet-necatigil"},"yoast_head":"<!-- This site is optimized with the Yoast SEO Premium plugin v24.9 (Yoast SEO v24.9) - https:\/\/yoast.com\/wordpress\/plugins\/seo\/ -->\n<title>EVLER - narteks.net<\/title>\n<meta name=\"robots\" content=\"index, follow, max-snippet:-1, max-image-preview:large, max-video-preview:-1\" \/>\n<link rel=\"canonical\" href=\"https:\/\/narteks.net\/index.php\/2009\/12\/25\/evler\/\" \/>\n<meta property=\"og:locale\" content=\"tr_TR\" \/>\n<meta property=\"og:type\" content=\"article\" \/>\n<meta property=\"og:title\" content=\"EVLER\" \/>\n<meta property=\"og:description\" content=\"\u00a0 \u0130nsanlar y\u00fczy\u0131llar y\u0131l\u0131 evler yapt\u0131lar. \u0130rili ufakl\u0131, birbirinden farkl\u0131, Ah\u015fap evler, kagir evler yapt\u0131lar. Do\u011fup \u00f6lenleri oldu, gelip gidenleri oldu, Evlerin i\u00e7i devir devir de\u011fi\u015fti Evlerin d\u0131\u015f\u0131 pencere, duvar. Vurulmu\u015f vurgunlar\u0131n y\u00fcceltti\u011fi evlerde Kalbi kara insanlar oturdu. G\u00fcndelik korkular\u0131n \u00e7\u00f6kertti\u011fi evlerde O f\u0131kara insanlar oturdu. Evlerin \u00e7o\u011fu eskidi gitti, tamir edilemedi, Evlerin \u00e7o\u011fu gere\u011fi [&hellip;]\" \/>\n<meta property=\"og:url\" content=\"https:\/\/narteks.net\/index.php\/2009\/12\/25\/evler\/\" \/>\n<meta property=\"og:site_name\" content=\"narteks.net\" \/>\n<meta property=\"article:published_time\" content=\"2009-12-25T12:18:04+00:00\" \/>\n<meta property=\"og:image\" content=\"https:\/\/narteks.net\/wp-content\/uploads\/narteks.png\" \/>\n\t<meta property=\"og:image:width\" content=\"300\" \/>\n\t<meta property=\"og:image:height\" content=\"90\" \/>\n\t<meta property=\"og:image:type\" content=\"image\/png\" \/>\n<meta name=\"author\" content=\"Tar\u0131k\" \/>\n<meta name=\"twitter:card\" content=\"summary_large_image\" \/>\n<meta name=\"twitter:creator\" content=\"@narteks\" \/>\n<meta name=\"twitter:site\" content=\"@narteks\" \/>\n<meta name=\"twitter:label1\" content=\"Yazan:\" \/>\n\t<meta name=\"twitter:data1\" content=\"Tar\u0131k\" \/>\n\t<meta name=\"twitter:label2\" content=\"Tahmini okuma s\u00fcresi\" \/>\n\t<meta name=\"twitter:data2\" content=\"2 dakika\" \/>\n<script type=\"application\/ld+json\" class=\"yoast-schema-graph\">{\"@context\":\"https:\/\/schema.org\",\"@graph\":[{\"@type\":\"Article\",\"@id\":\"https:\/\/narteks.net\/index.php\/2009\/12\/25\/evler\/#article\",\"isPartOf\":{\"@id\":\"https:\/\/narteks.net\/index.php\/2009\/12\/25\/evler\/\"},\"author\":{\"name\":\"Tar\u0131k\",\"@id\":\"https:\/\/narteks.net\/#\/schema\/person\/61f37d9834294b72d31d274e7ed79bca\"},\"headline\":\"EVLER\",\"datePublished\":\"2009-12-25T12:18:04+00:00\",\"mainEntityOfPage\":{\"@id\":\"https:\/\/narteks.net\/index.php\/2009\/12\/25\/evler\/\"},\"wordCount\":347,\"commentCount\":0,\"publisher\":{\"@id\":\"https:\/\/narteks.net\/#organization\"},\"articleSection\":[\"Beh\u00e7et NECAT\u0130G\u0130L\"],\"inLanguage\":\"tr\",\"potentialAction\":[{\"@type\":\"CommentAction\",\"name\":\"Comment\",\"target\":[\"https:\/\/narteks.net\/index.php\/2009\/12\/25\/evler\/#respond\"]}]},{\"@type\":\"WebPage\",\"@id\":\"https:\/\/narteks.net\/index.php\/2009\/12\/25\/evler\/\",\"url\":\"https:\/\/narteks.net\/index.php\/2009\/12\/25\/evler\/\",\"name\":\"EVLER - narteks.net\",\"isPartOf\":{\"@id\":\"https:\/\/narteks.net\/#website\"},\"datePublished\":\"2009-12-25T12:18:04+00:00\",\"breadcrumb\":{\"@id\":\"https:\/\/narteks.net\/index.php\/2009\/12\/25\/evler\/#breadcrumb\"},\"inLanguage\":\"tr\",\"potentialAction\":[{\"@type\":\"ReadAction\",\"target\":[\"https:\/\/narteks.net\/index.php\/2009\/12\/25\/evler\/\"]}]},{\"@type\":\"BreadcrumbList\",\"@id\":\"https:\/\/narteks.net\/index.php\/2009\/12\/25\/evler\/#breadcrumb\",\"itemListElement\":[{\"@type\":\"ListItem\",\"position\":1,\"name\":\"Anasayfa\",\"item\":\"https:\/\/narteks.net\/\"},{\"@type\":\"ListItem\",\"position\":2,\"name\":\"EVLER\"}]},{\"@type\":\"WebSite\",\"@id\":\"https:\/\/narteks.net\/#website\",\"url\":\"https:\/\/narteks.net\/\",\"name\":\"narteks.net\",\"description\":\"K\u00fclt\u00fcr Sanat Edebiyat Felsefe\",\"publisher\":{\"@id\":\"https:\/\/narteks.net\/#organization\"},\"alternateName\":\"K\u00fclt\u00fcr Sanat Edebiyat Felsefe\",\"potentialAction\":[{\"@type\":\"SearchAction\",\"target\":{\"@type\":\"EntryPoint\",\"urlTemplate\":\"https:\/\/narteks.net\/?s={search_term_string}\"},\"query-input\":{\"@type\":\"PropertyValueSpecification\",\"valueRequired\":true,\"valueName\":\"search_term_string\"}}],\"inLanguage\":\"tr\"},{\"@type\":\"Organization\",\"@id\":\"https:\/\/narteks.net\/#organization\",\"name\":\"narteks.net\",\"url\":\"https:\/\/narteks.net\/\",\"logo\":{\"@type\":\"ImageObject\",\"inLanguage\":\"tr\",\"@id\":\"https:\/\/narteks.net\/#\/schema\/logo\/image\/\",\"url\":\"https:\/\/narteks.net\/wp-content\/uploads\/narteks.png\",\"contentUrl\":\"https:\/\/narteks.net\/wp-content\/uploads\/narteks.png\",\"width\":300,\"height\":90,\"caption\":\"narteks.net\"},\"image\":{\"@id\":\"https:\/\/narteks.net\/#\/schema\/logo\/image\/\"},\"sameAs\":[\"https:\/\/x.com\/narteks\",\"https:\/\/instagram.com\/narteksnet\"]},{\"@type\":\"Person\",\"@id\":\"https:\/\/narteks.net\/#\/schema\/person\/61f37d9834294b72d31d274e7ed79bca\",\"name\":\"Tar\u0131k\",\"image\":{\"@type\":\"ImageObject\",\"inLanguage\":\"tr\",\"@id\":\"https:\/\/narteks.net\/#\/schema\/person\/image\/\",\"url\":\"https:\/\/secure.gravatar.com\/avatar\/50865afb55632c4ae467e0af0930f6510aa2297d8014be502a55b14f3b7550cf?s=96&d=mm&r=g\",\"contentUrl\":\"https:\/\/secure.gravatar.com\/avatar\/50865afb55632c4ae467e0af0930f6510aa2297d8014be502a55b14f3b7550cf?s=96&d=mm&r=g\",\"caption\":\"Tar\u0131k\"},\"sameAs\":[\"http:\/\/narteks.net\"],\"url\":\"https:\/\/narteks.net\/index.php\/author\/narbak\/\"}]}<\/script>\n<!-- \/ Yoast SEO Premium plugin. -->","yoast_head_json":{"title":"EVLER - narteks.net","robots":{"index":"index","follow":"follow","max-snippet":"max-snippet:-1","max-image-preview":"max-image-preview:large","max-video-preview":"max-video-preview:-1"},"canonical":"https:\/\/narteks.net\/index.php\/2009\/12\/25\/evler\/","og_locale":"tr_TR","og_type":"article","og_title":"EVLER","og_description":"\u00a0 \u0130nsanlar y\u00fczy\u0131llar y\u0131l\u0131 evler yapt\u0131lar. \u0130rili ufakl\u0131, birbirinden farkl\u0131, Ah\u015fap evler, kagir evler yapt\u0131lar. Do\u011fup \u00f6lenleri oldu, gelip gidenleri oldu, Evlerin i\u00e7i devir devir de\u011fi\u015fti Evlerin d\u0131\u015f\u0131 pencere, duvar. Vurulmu\u015f vurgunlar\u0131n y\u00fcceltti\u011fi evlerde Kalbi kara insanlar oturdu. G\u00fcndelik korkular\u0131n \u00e7\u00f6kertti\u011fi evlerde O f\u0131kara insanlar oturdu. Evlerin \u00e7o\u011fu eskidi gitti, tamir edilemedi, Evlerin \u00e7o\u011fu gere\u011fi [&hellip;]","og_url":"https:\/\/narteks.net\/index.php\/2009\/12\/25\/evler\/","og_site_name":"narteks.net","article_published_time":"2009-12-25T12:18:04+00:00","og_image":[{"width":300,"height":90,"url":"https:\/\/narteks.net\/wp-content\/uploads\/narteks.png","type":"image\/png"}],"author":"Tar\u0131k","twitter_card":"summary_large_image","twitter_creator":"@narteks","twitter_site":"@narteks","twitter_misc":{"Yazan:":"Tar\u0131k","Tahmini okuma s\u00fcresi":"2 dakika"},"schema":{"@context":"https:\/\/schema.org","@graph":[{"@type":"Article","@id":"https:\/\/narteks.net\/index.php\/2009\/12\/25\/evler\/#article","isPartOf":{"@id":"https:\/\/narteks.net\/index.php\/2009\/12\/25\/evler\/"},"author":{"name":"Tar\u0131k","@id":"https:\/\/narteks.net\/#\/schema\/person\/61f37d9834294b72d31d274e7ed79bca"},"headline":"EVLER","datePublished":"2009-12-25T12:18:04+00:00","mainEntityOfPage":{"@id":"https:\/\/narteks.net\/index.php\/2009\/12\/25\/evler\/"},"wordCount":347,"commentCount":0,"publisher":{"@id":"https:\/\/narteks.net\/#organization"},"articleSection":["Beh\u00e7et NECAT\u0130G\u0130L"],"inLanguage":"tr","potentialAction":[{"@type":"CommentAction","name":"Comment","target":["https:\/\/narteks.net\/index.php\/2009\/12\/25\/evler\/#respond"]}]},{"@type":"WebPage","@id":"https:\/\/narteks.net\/index.php\/2009\/12\/25\/evler\/","url":"https:\/\/narteks.net\/index.php\/2009\/12\/25\/evler\/","name":"EVLER - narteks.net","isPartOf":{"@id":"https:\/\/narteks.net\/#website"},"datePublished":"2009-12-25T12:18:04+00:00","breadcrumb":{"@id":"https:\/\/narteks.net\/index.php\/2009\/12\/25\/evler\/#breadcrumb"},"inLanguage":"tr","potentialAction":[{"@type":"ReadAction","target":["https:\/\/narteks.net\/index.php\/2009\/12\/25\/evler\/"]}]},{"@type":"BreadcrumbList","@id":"https:\/\/narteks.net\/index.php\/2009\/12\/25\/evler\/#breadcrumb","itemListElement":[{"@type":"ListItem","position":1,"name":"Anasayfa","item":"https:\/\/narteks.net\/"},{"@type":"ListItem","position":2,"name":"EVLER"}]},{"@type":"WebSite","@id":"https:\/\/narteks.net\/#website","url":"https:\/\/narteks.net\/","name":"narteks.net","description":"K\u00fclt\u00fcr Sanat Edebiyat Felsefe","publisher":{"@id":"https:\/\/narteks.net\/#organization"},"alternateName":"K\u00fclt\u00fcr Sanat Edebiyat Felsefe","potentialAction":[{"@type":"SearchAction","target":{"@type":"EntryPoint","urlTemplate":"https:\/\/narteks.net\/?s={search_term_string}"},"query-input":{"@type":"PropertyValueSpecification","valueRequired":true,"valueName":"search_term_string"}}],"inLanguage":"tr"},{"@type":"Organization","@id":"https:\/\/narteks.net\/#organization","name":"narteks.net","url":"https:\/\/narteks.net\/","logo":{"@type":"ImageObject","inLanguage":"tr","@id":"https:\/\/narteks.net\/#\/schema\/logo\/image\/","url":"https:\/\/narteks.net\/wp-content\/uploads\/narteks.png","contentUrl":"https:\/\/narteks.net\/wp-content\/uploads\/narteks.png","width":300,"height":90,"caption":"narteks.net"},"image":{"@id":"https:\/\/narteks.net\/#\/schema\/logo\/image\/"},"sameAs":["https:\/\/x.com\/narteks","https:\/\/instagram.com\/narteksnet"]},{"@type":"Person","@id":"https:\/\/narteks.net\/#\/schema\/person\/61f37d9834294b72d31d274e7ed79bca","name":"Tar\u0131k","image":{"@type":"ImageObject","inLanguage":"tr","@id":"https:\/\/narteks.net\/#\/schema\/person\/image\/","url":"https:\/\/secure.gravatar.com\/avatar\/50865afb55632c4ae467e0af0930f6510aa2297d8014be502a55b14f3b7550cf?s=96&d=mm&r=g","contentUrl":"https:\/\/secure.gravatar.com\/avatar\/50865afb55632c4ae467e0af0930f6510aa2297d8014be502a55b14f3b7550cf?s=96&d=mm&r=g","caption":"Tar\u0131k"},"sameAs":["http:\/\/narteks.net"],"url":"https:\/\/narteks.net\/index.php\/author\/narbak\/"}]}},"_links":{"self":[{"href":"https:\/\/narteks.net\/index.php\/wp-json\/wp\/v2\/posts\/2968","targetHints":{"allow":["GET"]}}],"collection":[{"href":"https:\/\/narteks.net\/index.php\/wp-json\/wp\/v2\/posts"}],"about":[{"href":"https:\/\/narteks.net\/index.php\/wp-json\/wp\/v2\/types\/post"}],"author":[{"embeddable":true,"href":"https:\/\/narteks.net\/index.php\/wp-json\/wp\/v2\/users\/1"}],"replies":[{"embeddable":true,"href":"https:\/\/narteks.net\/index.php\/wp-json\/wp\/v2\/comments?post=2968"}],"version-history":[{"count":0,"href":"https:\/\/narteks.net\/index.php\/wp-json\/wp\/v2\/posts\/2968\/revisions"}],"wp:attachment":[{"href":"https:\/\/narteks.net\/index.php\/wp-json\/wp\/v2\/media?parent=2968"}],"wp:term":[{"taxonomy":"category","embeddable":true,"href":"https:\/\/narteks.net\/index.php\/wp-json\/wp\/v2\/categories?post=2968"},{"taxonomy":"post_tag","embeddable":true,"href":"https:\/\/narteks.net\/index.php\/wp-json\/wp\/v2\/tags?post=2968"}],"curies":[{"name":"wp","href":"https:\/\/api.w.org\/{rel}","templated":true}]}}