{"id":3003,"date":"2009-12-25T15:34:38","date_gmt":"2009-12-25T12:34:38","guid":{"rendered":"http:\/\/localhost\/wordpress\/2009\/12\/25\/zaman-kaymasi\/"},"modified":"2009-12-25T15:34:38","modified_gmt":"2009-12-25T12:34:38","slug":"zaman-kaymasi","status":"publish","type":"post","link":"https:\/\/narteks.net\/index.php\/2009\/12\/25\/zaman-kaymasi\/","title":{"rendered":"ZAMAN KAYMASI"},"content":{"rendered":"<p>\u00a0<\/p>\n<p>Kayna\u015f\u0131r birbirine g\u00fcn olur zamanlar; <br \/> Ge\u00e7mi\u015f,gelecek birle\u015fir tek kesitte. <br \/> Sanki ilk kez ya\u015far\u0131z ya\u015fanm\u0131\u015f\u0131 d\u00fcnlerde <br \/> Ya da ba\u015flar ans\u0131z\u0131n ta ilerde olacak. <\/p>\n<p> \u00c7a\u011f\u0131r\u0131r gerilerden bir de\u011fi\u015fim ilk a\u015fk\u0131: <br \/> \u0130\u015fte yine o s\u0131tma. <br \/> \u00c7ok sonraki y\u0131llar\u0131;oysa daha bir \u00e7ocuk, <br \/> Duyar beri yanda b\u00fct\u00fcn doymu\u015flu\u011funca. <\/p>\n<p> Sarka\u00e7lar gibi \u015fimdi sallan\u0131r <br \/> D\u00fcnle yar\u0131n aras\u0131nda d\u00fczensiz. <br \/> Ya \u00e7ok ileri gider ya da \u00e7ok geri kal\u0131r, <br \/> D\u00fczg\u00fcn i\u015fletemeyiz. <\/p>\n<p> Serpi\u015ftiriyordu kar so\u011fuk gece yar\u0131s\u0131 <br \/> Birden may\u0131s sabah\u0131,\u0131l\u0131k seher yelleri. <br \/> Daha demin k\u0131\u015ft\u0131,ba\u015flar temmuz <br \/> Ve ya\u015fan\u0131r bir sonbahar gibi bir yaz d\u00f6nemi.<\/p>\n","protected":false},"excerpt":{"rendered":"<p>\u00a0 Kayna\u015f\u0131r birbirine g\u00fcn olur zamanlar; Ge\u00e7mi\u015f,gelecek birle\u015fir tek kesitte. Sanki ilk kez ya\u015far\u0131z ya\u015fanm\u0131\u015f\u0131 d\u00fcnlerde Ya da ba\u015flar ans\u0131z\u0131n ta ilerde olacak. \u00c7a\u011f\u0131r\u0131r gerilerden bir de\u011fi\u015fim ilk a\u015fk\u0131: \u0130\u015fte yine o s\u0131tma. \u00c7ok sonraki y\u0131llar\u0131;oysa daha bir \u00e7ocuk, Duyar beri yanda b\u00fct\u00fcn doymu\u015flu\u011funca. Sarka\u00e7lar gibi \u015fimdi sallan\u0131r D\u00fcnle yar\u0131n aras\u0131nda d\u00fczensiz. Ya \u00e7ok ileri [&hellip;]<\/p>\n","protected":false},"author":1,"featured_media":0,"comment_status":"open","ping_status":"open","sticky":false,"template":"","format":"standard","meta":{"footnotes":""},"categories":[105],"tags":[],"class_list":{"0":"post-3003","1":"post","2":"type-post","3":"status-publish","4":"format-standard","6":"category-behcet-necatigil"},"yoast_head":"<!-- This site is optimized with the Yoast SEO Premium plugin v24.9 (Yoast SEO v24.9) - https:\/\/yoast.com\/wordpress\/plugins\/seo\/ -->\n<title>ZAMAN KAYMASI - narteks.net<\/title>\n<meta name=\"robots\" content=\"index, follow, max-snippet:-1, max-image-preview:large, max-video-preview:-1\" \/>\n<link rel=\"canonical\" href=\"https:\/\/narteks.net\/index.php\/2009\/12\/25\/zaman-kaymasi\/\" \/>\n<meta property=\"og:locale\" content=\"tr_TR\" \/>\n<meta property=\"og:type\" content=\"article\" \/>\n<meta property=\"og:title\" content=\"ZAMAN KAYMASI\" \/>\n<meta property=\"og:description\" content=\"\u00a0 Kayna\u015f\u0131r birbirine g\u00fcn olur zamanlar; Ge\u00e7mi\u015f,gelecek birle\u015fir tek kesitte. Sanki ilk kez ya\u015far\u0131z ya\u015fanm\u0131\u015f\u0131 d\u00fcnlerde Ya da ba\u015flar ans\u0131z\u0131n ta ilerde olacak. \u00c7a\u011f\u0131r\u0131r gerilerden bir de\u011fi\u015fim ilk a\u015fk\u0131: \u0130\u015fte yine o s\u0131tma. \u00c7ok sonraki y\u0131llar\u0131;oysa daha bir \u00e7ocuk, Duyar beri yanda b\u00fct\u00fcn doymu\u015flu\u011funca. Sarka\u00e7lar gibi \u015fimdi sallan\u0131r D\u00fcnle yar\u0131n aras\u0131nda d\u00fczensiz. Ya \u00e7ok ileri [&hellip;]\" \/>\n<meta property=\"og:url\" content=\"https:\/\/narteks.net\/index.php\/2009\/12\/25\/zaman-kaymasi\/\" \/>\n<meta property=\"og:site_name\" content=\"narteks.net\" \/>\n<meta property=\"article:published_time\" content=\"2009-12-25T12:34:38+00:00\" \/>\n<meta property=\"og:image\" content=\"https:\/\/narteks.net\/wp-content\/uploads\/narteks.png\" \/>\n\t<meta property=\"og:image:width\" content=\"300\" \/>\n\t<meta property=\"og:image:height\" content=\"90\" \/>\n\t<meta property=\"og:image:type\" content=\"image\/png\" \/>\n<meta name=\"author\" content=\"Tar\u0131k\" \/>\n<meta name=\"twitter:card\" content=\"summary_large_image\" \/>\n<meta name=\"twitter:creator\" content=\"@narteks\" \/>\n<meta name=\"twitter:site\" content=\"@narteks\" \/>\n<meta name=\"twitter:label1\" content=\"Yazan:\" \/>\n\t<meta name=\"twitter:data1\" content=\"Tar\u0131k\" \/>\n\t<meta name=\"twitter:label2\" content=\"Tahmini okuma s\u00fcresi\" \/>\n\t<meta name=\"twitter:data2\" content=\"1 dakika\" \/>\n<script type=\"application\/ld+json\" class=\"yoast-schema-graph\">{\"@context\":\"https:\/\/schema.org\",\"@graph\":[{\"@type\":\"Article\",\"@id\":\"https:\/\/narteks.net\/index.php\/2009\/12\/25\/zaman-kaymasi\/#article\",\"isPartOf\":{\"@id\":\"https:\/\/narteks.net\/index.php\/2009\/12\/25\/zaman-kaymasi\/\"},\"author\":{\"name\":\"Tar\u0131k\",\"@id\":\"https:\/\/narteks.net\/#\/schema\/person\/61f37d9834294b72d31d274e7ed79bca\"},\"headline\":\"ZAMAN KAYMASI\",\"datePublished\":\"2009-12-25T12:34:38+00:00\",\"mainEntityOfPage\":{\"@id\":\"https:\/\/narteks.net\/index.php\/2009\/12\/25\/zaman-kaymasi\/\"},\"wordCount\":132,\"commentCount\":0,\"publisher\":{\"@id\":\"https:\/\/narteks.net\/#organization\"},\"articleSection\":[\"Beh\u00e7et NECAT\u0130G\u0130L\"],\"inLanguage\":\"tr\",\"potentialAction\":[{\"@type\":\"CommentAction\",\"name\":\"Comment\",\"target\":[\"https:\/\/narteks.net\/index.php\/2009\/12\/25\/zaman-kaymasi\/#respond\"]}]},{\"@type\":\"WebPage\",\"@id\":\"https:\/\/narteks.net\/index.php\/2009\/12\/25\/zaman-kaymasi\/\",\"url\":\"https:\/\/narteks.net\/index.php\/2009\/12\/25\/zaman-kaymasi\/\",\"name\":\"ZAMAN KAYMASI - narteks.net\",\"isPartOf\":{\"@id\":\"https:\/\/narteks.net\/#website\"},\"datePublished\":\"2009-12-25T12:34:38+00:00\",\"breadcrumb\":{\"@id\":\"https:\/\/narteks.net\/index.php\/2009\/12\/25\/zaman-kaymasi\/#breadcrumb\"},\"inLanguage\":\"tr\",\"potentialAction\":[{\"@type\":\"ReadAction\",\"target\":[\"https:\/\/narteks.net\/index.php\/2009\/12\/25\/zaman-kaymasi\/\"]}]},{\"@type\":\"BreadcrumbList\",\"@id\":\"https:\/\/narteks.net\/index.php\/2009\/12\/25\/zaman-kaymasi\/#breadcrumb\",\"itemListElement\":[{\"@type\":\"ListItem\",\"position\":1,\"name\":\"Anasayfa\",\"item\":\"https:\/\/narteks.net\/\"},{\"@type\":\"ListItem\",\"position\":2,\"name\":\"ZAMAN KAYMASI\"}]},{\"@type\":\"WebSite\",\"@id\":\"https:\/\/narteks.net\/#website\",\"url\":\"https:\/\/narteks.net\/\",\"name\":\"narteks.net\",\"description\":\"K\u00fclt\u00fcr Sanat Edebiyat Felsefe\",\"publisher\":{\"@id\":\"https:\/\/narteks.net\/#organization\"},\"alternateName\":\"K\u00fclt\u00fcr Sanat Edebiyat Felsefe\",\"potentialAction\":[{\"@type\":\"SearchAction\",\"target\":{\"@type\":\"EntryPoint\",\"urlTemplate\":\"https:\/\/narteks.net\/?s={search_term_string}\"},\"query-input\":{\"@type\":\"PropertyValueSpecification\",\"valueRequired\":true,\"valueName\":\"search_term_string\"}}],\"inLanguage\":\"tr\"},{\"@type\":\"Organization\",\"@id\":\"https:\/\/narteks.net\/#organization\",\"name\":\"narteks.net\",\"url\":\"https:\/\/narteks.net\/\",\"logo\":{\"@type\":\"ImageObject\",\"inLanguage\":\"tr\",\"@id\":\"https:\/\/narteks.net\/#\/schema\/logo\/image\/\",\"url\":\"https:\/\/narteks.net\/wp-content\/uploads\/narteks.png\",\"contentUrl\":\"https:\/\/narteks.net\/wp-content\/uploads\/narteks.png\",\"width\":300,\"height\":90,\"caption\":\"narteks.net\"},\"image\":{\"@id\":\"https:\/\/narteks.net\/#\/schema\/logo\/image\/\"},\"sameAs\":[\"https:\/\/x.com\/narteks\",\"https:\/\/instagram.com\/narteksnet\"]},{\"@type\":\"Person\",\"@id\":\"https:\/\/narteks.net\/#\/schema\/person\/61f37d9834294b72d31d274e7ed79bca\",\"name\":\"Tar\u0131k\",\"image\":{\"@type\":\"ImageObject\",\"inLanguage\":\"tr\",\"@id\":\"https:\/\/narteks.net\/#\/schema\/person\/image\/\",\"url\":\"https:\/\/secure.gravatar.com\/avatar\/50865afb55632c4ae467e0af0930f6510aa2297d8014be502a55b14f3b7550cf?s=96&d=mm&r=g\",\"contentUrl\":\"https:\/\/secure.gravatar.com\/avatar\/50865afb55632c4ae467e0af0930f6510aa2297d8014be502a55b14f3b7550cf?s=96&d=mm&r=g\",\"caption\":\"Tar\u0131k\"},\"sameAs\":[\"http:\/\/narteks.net\"],\"url\":\"https:\/\/narteks.net\/index.php\/author\/narbak\/\"}]}<\/script>\n<!-- \/ Yoast SEO Premium plugin. -->","yoast_head_json":{"title":"ZAMAN KAYMASI - narteks.net","robots":{"index":"index","follow":"follow","max-snippet":"max-snippet:-1","max-image-preview":"max-image-preview:large","max-video-preview":"max-video-preview:-1"},"canonical":"https:\/\/narteks.net\/index.php\/2009\/12\/25\/zaman-kaymasi\/","og_locale":"tr_TR","og_type":"article","og_title":"ZAMAN KAYMASI","og_description":"\u00a0 Kayna\u015f\u0131r birbirine g\u00fcn olur zamanlar; Ge\u00e7mi\u015f,gelecek birle\u015fir tek kesitte. Sanki ilk kez ya\u015far\u0131z ya\u015fanm\u0131\u015f\u0131 d\u00fcnlerde Ya da ba\u015flar ans\u0131z\u0131n ta ilerde olacak. \u00c7a\u011f\u0131r\u0131r gerilerden bir de\u011fi\u015fim ilk a\u015fk\u0131: \u0130\u015fte yine o s\u0131tma. \u00c7ok sonraki y\u0131llar\u0131;oysa daha bir \u00e7ocuk, Duyar beri yanda b\u00fct\u00fcn doymu\u015flu\u011funca. Sarka\u00e7lar gibi \u015fimdi sallan\u0131r D\u00fcnle yar\u0131n aras\u0131nda d\u00fczensiz. Ya \u00e7ok ileri [&hellip;]","og_url":"https:\/\/narteks.net\/index.php\/2009\/12\/25\/zaman-kaymasi\/","og_site_name":"narteks.net","article_published_time":"2009-12-25T12:34:38+00:00","og_image":[{"width":300,"height":90,"url":"https:\/\/narteks.net\/wp-content\/uploads\/narteks.png","type":"image\/png"}],"author":"Tar\u0131k","twitter_card":"summary_large_image","twitter_creator":"@narteks","twitter_site":"@narteks","twitter_misc":{"Yazan:":"Tar\u0131k","Tahmini okuma s\u00fcresi":"1 dakika"},"schema":{"@context":"https:\/\/schema.org","@graph":[{"@type":"Article","@id":"https:\/\/narteks.net\/index.php\/2009\/12\/25\/zaman-kaymasi\/#article","isPartOf":{"@id":"https:\/\/narteks.net\/index.php\/2009\/12\/25\/zaman-kaymasi\/"},"author":{"name":"Tar\u0131k","@id":"https:\/\/narteks.net\/#\/schema\/person\/61f37d9834294b72d31d274e7ed79bca"},"headline":"ZAMAN KAYMASI","datePublished":"2009-12-25T12:34:38+00:00","mainEntityOfPage":{"@id":"https:\/\/narteks.net\/index.php\/2009\/12\/25\/zaman-kaymasi\/"},"wordCount":132,"commentCount":0,"publisher":{"@id":"https:\/\/narteks.net\/#organization"},"articleSection":["Beh\u00e7et NECAT\u0130G\u0130L"],"inLanguage":"tr","potentialAction":[{"@type":"CommentAction","name":"Comment","target":["https:\/\/narteks.net\/index.php\/2009\/12\/25\/zaman-kaymasi\/#respond"]}]},{"@type":"WebPage","@id":"https:\/\/narteks.net\/index.php\/2009\/12\/25\/zaman-kaymasi\/","url":"https:\/\/narteks.net\/index.php\/2009\/12\/25\/zaman-kaymasi\/","name":"ZAMAN KAYMASI - narteks.net","isPartOf":{"@id":"https:\/\/narteks.net\/#website"},"datePublished":"2009-12-25T12:34:38+00:00","breadcrumb":{"@id":"https:\/\/narteks.net\/index.php\/2009\/12\/25\/zaman-kaymasi\/#breadcrumb"},"inLanguage":"tr","potentialAction":[{"@type":"ReadAction","target":["https:\/\/narteks.net\/index.php\/2009\/12\/25\/zaman-kaymasi\/"]}]},{"@type":"BreadcrumbList","@id":"https:\/\/narteks.net\/index.php\/2009\/12\/25\/zaman-kaymasi\/#breadcrumb","itemListElement":[{"@type":"ListItem","position":1,"name":"Anasayfa","item":"https:\/\/narteks.net\/"},{"@type":"ListItem","position":2,"name":"ZAMAN KAYMASI"}]},{"@type":"WebSite","@id":"https:\/\/narteks.net\/#website","url":"https:\/\/narteks.net\/","name":"narteks.net","description":"K\u00fclt\u00fcr Sanat Edebiyat Felsefe","publisher":{"@id":"https:\/\/narteks.net\/#organization"},"alternateName":"K\u00fclt\u00fcr Sanat Edebiyat Felsefe","potentialAction":[{"@type":"SearchAction","target":{"@type":"EntryPoint","urlTemplate":"https:\/\/narteks.net\/?s={search_term_string}"},"query-input":{"@type":"PropertyValueSpecification","valueRequired":true,"valueName":"search_term_string"}}],"inLanguage":"tr"},{"@type":"Organization","@id":"https:\/\/narteks.net\/#organization","name":"narteks.net","url":"https:\/\/narteks.net\/","logo":{"@type":"ImageObject","inLanguage":"tr","@id":"https:\/\/narteks.net\/#\/schema\/logo\/image\/","url":"https:\/\/narteks.net\/wp-content\/uploads\/narteks.png","contentUrl":"https:\/\/narteks.net\/wp-content\/uploads\/narteks.png","width":300,"height":90,"caption":"narteks.net"},"image":{"@id":"https:\/\/narteks.net\/#\/schema\/logo\/image\/"},"sameAs":["https:\/\/x.com\/narteks","https:\/\/instagram.com\/narteksnet"]},{"@type":"Person","@id":"https:\/\/narteks.net\/#\/schema\/person\/61f37d9834294b72d31d274e7ed79bca","name":"Tar\u0131k","image":{"@type":"ImageObject","inLanguage":"tr","@id":"https:\/\/narteks.net\/#\/schema\/person\/image\/","url":"https:\/\/secure.gravatar.com\/avatar\/50865afb55632c4ae467e0af0930f6510aa2297d8014be502a55b14f3b7550cf?s=96&d=mm&r=g","contentUrl":"https:\/\/secure.gravatar.com\/avatar\/50865afb55632c4ae467e0af0930f6510aa2297d8014be502a55b14f3b7550cf?s=96&d=mm&r=g","caption":"Tar\u0131k"},"sameAs":["http:\/\/narteks.net"],"url":"https:\/\/narteks.net\/index.php\/author\/narbak\/"}]}},"_links":{"self":[{"href":"https:\/\/narteks.net\/index.php\/wp-json\/wp\/v2\/posts\/3003","targetHints":{"allow":["GET"]}}],"collection":[{"href":"https:\/\/narteks.net\/index.php\/wp-json\/wp\/v2\/posts"}],"about":[{"href":"https:\/\/narteks.net\/index.php\/wp-json\/wp\/v2\/types\/post"}],"author":[{"embeddable":true,"href":"https:\/\/narteks.net\/index.php\/wp-json\/wp\/v2\/users\/1"}],"replies":[{"embeddable":true,"href":"https:\/\/narteks.net\/index.php\/wp-json\/wp\/v2\/comments?post=3003"}],"version-history":[{"count":0,"href":"https:\/\/narteks.net\/index.php\/wp-json\/wp\/v2\/posts\/3003\/revisions"}],"wp:attachment":[{"href":"https:\/\/narteks.net\/index.php\/wp-json\/wp\/v2\/media?parent=3003"}],"wp:term":[{"taxonomy":"category","embeddable":true,"href":"https:\/\/narteks.net\/index.php\/wp-json\/wp\/v2\/categories?post=3003"},{"taxonomy":"post_tag","embeddable":true,"href":"https:\/\/narteks.net\/index.php\/wp-json\/wp\/v2\/tags?post=3003"}],"curies":[{"name":"wp","href":"https:\/\/api.w.org\/{rel}","templated":true}]}}