{"id":3005,"date":"2009-12-25T15:39:57","date_gmt":"2009-12-25T12:39:57","guid":{"rendered":"http:\/\/localhost\/wordpress\/2009\/12\/25\/korku-cicekleri\/"},"modified":"2009-12-25T15:39:57","modified_gmt":"2009-12-25T12:39:57","slug":"korku-cicekleri","status":"publish","type":"post","link":"https:\/\/narteks.net\/index.php\/2009\/12\/25\/korku-cicekleri\/","title":{"rendered":"KORKU \u00c7\u0130\u00c7EKLER\u0130"},"content":{"rendered":"<p>\u00a0<\/p>\n<p>Ne peygamber, ne de \u00e7an \u00e7i\u00e7ekleri<br \/>Ne de buh\u00fbrumeryem<br \/>Hep korku \u00e7i\u00e7ekleri<br \/>Oldu saks\u0131lar\u0131m\u0131z\u0131 s\u00fcsleyen<\/p>\n<p>\u00dcrkek bezgin bakt\u0131\u011f\u0131m\u0131z g\u00f6klerden<br \/>Yar\u0131nlara g\u00fcvendi umdu\u011fumuz<br \/>\u00c7ocuklar, evler ve ekmek<br \/>Ama mutlu muyuz?<\/p>\n<p>Zehirli, ye\u015ferirse toprakta<br \/>Bir tohum, i\u00e7ti\u011fi bald\u0131ranlardan<br \/>A\u00e7ar korku \u00e7i\u00e7ekleri, yozla\u015fm\u0131\u015f t\u00fcr<br \/>Yeni a\u015f\u0131 ister, budamak ister<br \/>Bizden ge\u00e7mi\u015ftir<\/p>\n<p>Vard\u0131\u011f\u0131m\u0131z her \u00e7izgi bir duvar kesildi<br \/>Kaygan k\u00fcfler a\u015famay\u0131nca<br \/>Ve ne olur bilirsin<br \/>Ve g\u00fczeldir d\u00fcnya<br \/>Ya\u015famay\u0131nca<\/p>\n","protected":false},"excerpt":{"rendered":"<p>\u00a0 Ne peygamber, ne de \u00e7an \u00e7i\u00e7ekleriNe de buh\u00fbrumeryemHep korku \u00e7i\u00e7ekleriOldu saks\u0131lar\u0131m\u0131z\u0131 s\u00fcsleyen \u00dcrkek bezgin bakt\u0131\u011f\u0131m\u0131z g\u00f6klerdenYar\u0131nlara g\u00fcvendi umdu\u011fumuz\u00c7ocuklar, evler ve ekmekAma mutlu muyuz? Zehirli, ye\u015ferirse topraktaBir tohum, i\u00e7ti\u011fi bald\u0131ranlardanA\u00e7ar korku \u00e7i\u00e7ekleri, yozla\u015fm\u0131\u015f t\u00fcrYeni a\u015f\u0131 ister, budamak isterBizden ge\u00e7mi\u015ftir Vard\u0131\u011f\u0131m\u0131z her \u00e7izgi bir duvar kesildiKaygan k\u00fcfler a\u015famay\u0131ncaVe ne olur bilirsinVe g\u00fczeldir d\u00fcnyaYa\u015famay\u0131nca<\/p>\n","protected":false},"author":1,"featured_media":0,"comment_status":"open","ping_status":"open","sticky":false,"template":"","format":"standard","meta":{"footnotes":""},"categories":[105],"tags":[],"class_list":{"0":"post-3005","1":"post","2":"type-post","3":"status-publish","4":"format-standard","6":"category-behcet-necatigil"},"yoast_head":"<!-- This site is optimized with the Yoast SEO Premium plugin v24.9 (Yoast SEO v24.9) - https:\/\/yoast.com\/wordpress\/plugins\/seo\/ -->\n<title>KORKU \u00c7\u0130\u00c7EKLER\u0130 - narteks.net<\/title>\n<meta name=\"robots\" content=\"index, follow, max-snippet:-1, max-image-preview:large, max-video-preview:-1\" \/>\n<link rel=\"canonical\" href=\"https:\/\/narteks.net\/index.php\/2009\/12\/25\/korku-cicekleri\/\" \/>\n<meta property=\"og:locale\" content=\"tr_TR\" \/>\n<meta property=\"og:type\" content=\"article\" \/>\n<meta property=\"og:title\" content=\"KORKU \u00c7\u0130\u00c7EKLER\u0130\" \/>\n<meta property=\"og:description\" content=\"\u00a0 Ne peygamber, ne de \u00e7an \u00e7i\u00e7ekleriNe de buh\u00fbrumeryemHep korku \u00e7i\u00e7ekleriOldu saks\u0131lar\u0131m\u0131z\u0131 s\u00fcsleyen \u00dcrkek bezgin bakt\u0131\u011f\u0131m\u0131z g\u00f6klerdenYar\u0131nlara g\u00fcvendi umdu\u011fumuz\u00c7ocuklar, evler ve ekmekAma mutlu muyuz? Zehirli, ye\u015ferirse topraktaBir tohum, i\u00e7ti\u011fi bald\u0131ranlardanA\u00e7ar korku \u00e7i\u00e7ekleri, yozla\u015fm\u0131\u015f t\u00fcrYeni a\u015f\u0131 ister, budamak isterBizden ge\u00e7mi\u015ftir Vard\u0131\u011f\u0131m\u0131z her \u00e7izgi bir duvar kesildiKaygan k\u00fcfler a\u015famay\u0131ncaVe ne olur bilirsinVe g\u00fczeldir d\u00fcnyaYa\u015famay\u0131nca\" \/>\n<meta property=\"og:url\" content=\"https:\/\/narteks.net\/index.php\/2009\/12\/25\/korku-cicekleri\/\" \/>\n<meta property=\"og:site_name\" content=\"narteks.net\" \/>\n<meta property=\"article:published_time\" content=\"2009-12-25T12:39:57+00:00\" \/>\n<meta property=\"og:image\" content=\"https:\/\/narteks.net\/wp-content\/uploads\/narteks.png\" \/>\n\t<meta property=\"og:image:width\" content=\"300\" \/>\n\t<meta property=\"og:image:height\" content=\"90\" \/>\n\t<meta property=\"og:image:type\" content=\"image\/png\" \/>\n<meta name=\"author\" content=\"Tar\u0131k\" \/>\n<meta name=\"twitter:card\" content=\"summary_large_image\" \/>\n<meta name=\"twitter:creator\" content=\"@narteks\" \/>\n<meta name=\"twitter:site\" content=\"@narteks\" \/>\n<meta name=\"twitter:label1\" content=\"Yazan:\" \/>\n\t<meta name=\"twitter:data1\" content=\"Tar\u0131k\" \/>\n<script type=\"application\/ld+json\" class=\"yoast-schema-graph\">{\"@context\":\"https:\/\/schema.org\",\"@graph\":[{\"@type\":\"Article\",\"@id\":\"https:\/\/narteks.net\/index.php\/2009\/12\/25\/korku-cicekleri\/#article\",\"isPartOf\":{\"@id\":\"https:\/\/narteks.net\/index.php\/2009\/12\/25\/korku-cicekleri\/\"},\"author\":{\"name\":\"Tar\u0131k\",\"@id\":\"https:\/\/narteks.net\/#\/schema\/person\/61f37d9834294b72d31d274e7ed79bca\"},\"headline\":\"KORKU \u00c7\u0130\u00c7EKLER\u0130\",\"datePublished\":\"2009-12-25T12:39:57+00:00\",\"mainEntityOfPage\":{\"@id\":\"https:\/\/narteks.net\/index.php\/2009\/12\/25\/korku-cicekleri\/\"},\"wordCount\":86,\"commentCount\":0,\"publisher\":{\"@id\":\"https:\/\/narteks.net\/#organization\"},\"articleSection\":[\"Beh\u00e7et NECAT\u0130G\u0130L\"],\"inLanguage\":\"tr\",\"potentialAction\":[{\"@type\":\"CommentAction\",\"name\":\"Comment\",\"target\":[\"https:\/\/narteks.net\/index.php\/2009\/12\/25\/korku-cicekleri\/#respond\"]}]},{\"@type\":\"WebPage\",\"@id\":\"https:\/\/narteks.net\/index.php\/2009\/12\/25\/korku-cicekleri\/\",\"url\":\"https:\/\/narteks.net\/index.php\/2009\/12\/25\/korku-cicekleri\/\",\"name\":\"KORKU \u00c7\u0130\u00c7EKLER\u0130 - narteks.net\",\"isPartOf\":{\"@id\":\"https:\/\/narteks.net\/#website\"},\"datePublished\":\"2009-12-25T12:39:57+00:00\",\"breadcrumb\":{\"@id\":\"https:\/\/narteks.net\/index.php\/2009\/12\/25\/korku-cicekleri\/#breadcrumb\"},\"inLanguage\":\"tr\",\"potentialAction\":[{\"@type\":\"ReadAction\",\"target\":[\"https:\/\/narteks.net\/index.php\/2009\/12\/25\/korku-cicekleri\/\"]}]},{\"@type\":\"BreadcrumbList\",\"@id\":\"https:\/\/narteks.net\/index.php\/2009\/12\/25\/korku-cicekleri\/#breadcrumb\",\"itemListElement\":[{\"@type\":\"ListItem\",\"position\":1,\"name\":\"Anasayfa\",\"item\":\"https:\/\/narteks.net\/\"},{\"@type\":\"ListItem\",\"position\":2,\"name\":\"KORKU \u00c7\u0130\u00c7EKLER\u0130\"}]},{\"@type\":\"WebSite\",\"@id\":\"https:\/\/narteks.net\/#website\",\"url\":\"https:\/\/narteks.net\/\",\"name\":\"narteks.net\",\"description\":\"K\u00fclt\u00fcr Sanat Edebiyat Felsefe\",\"publisher\":{\"@id\":\"https:\/\/narteks.net\/#organization\"},\"alternateName\":\"K\u00fclt\u00fcr Sanat Edebiyat Felsefe\",\"potentialAction\":[{\"@type\":\"SearchAction\",\"target\":{\"@type\":\"EntryPoint\",\"urlTemplate\":\"https:\/\/narteks.net\/?s={search_term_string}\"},\"query-input\":{\"@type\":\"PropertyValueSpecification\",\"valueRequired\":true,\"valueName\":\"search_term_string\"}}],\"inLanguage\":\"tr\"},{\"@type\":\"Organization\",\"@id\":\"https:\/\/narteks.net\/#organization\",\"name\":\"narteks.net\",\"url\":\"https:\/\/narteks.net\/\",\"logo\":{\"@type\":\"ImageObject\",\"inLanguage\":\"tr\",\"@id\":\"https:\/\/narteks.net\/#\/schema\/logo\/image\/\",\"url\":\"https:\/\/narteks.net\/wp-content\/uploads\/narteks.png\",\"contentUrl\":\"https:\/\/narteks.net\/wp-content\/uploads\/narteks.png\",\"width\":300,\"height\":90,\"caption\":\"narteks.net\"},\"image\":{\"@id\":\"https:\/\/narteks.net\/#\/schema\/logo\/image\/\"},\"sameAs\":[\"https:\/\/x.com\/narteks\",\"https:\/\/instagram.com\/narteksnet\"]},{\"@type\":\"Person\",\"@id\":\"https:\/\/narteks.net\/#\/schema\/person\/61f37d9834294b72d31d274e7ed79bca\",\"name\":\"Tar\u0131k\",\"image\":{\"@type\":\"ImageObject\",\"inLanguage\":\"tr\",\"@id\":\"https:\/\/narteks.net\/#\/schema\/person\/image\/\",\"url\":\"https:\/\/secure.gravatar.com\/avatar\/50865afb55632c4ae467e0af0930f6510aa2297d8014be502a55b14f3b7550cf?s=96&d=mm&r=g\",\"contentUrl\":\"https:\/\/secure.gravatar.com\/avatar\/50865afb55632c4ae467e0af0930f6510aa2297d8014be502a55b14f3b7550cf?s=96&d=mm&r=g\",\"caption\":\"Tar\u0131k\"},\"sameAs\":[\"http:\/\/narteks.net\"],\"url\":\"https:\/\/narteks.net\/index.php\/author\/narbak\/\"}]}<\/script>\n<!-- \/ Yoast SEO Premium plugin. -->","yoast_head_json":{"title":"KORKU \u00c7\u0130\u00c7EKLER\u0130 - narteks.net","robots":{"index":"index","follow":"follow","max-snippet":"max-snippet:-1","max-image-preview":"max-image-preview:large","max-video-preview":"max-video-preview:-1"},"canonical":"https:\/\/narteks.net\/index.php\/2009\/12\/25\/korku-cicekleri\/","og_locale":"tr_TR","og_type":"article","og_title":"KORKU \u00c7\u0130\u00c7EKLER\u0130","og_description":"\u00a0 Ne peygamber, ne de \u00e7an \u00e7i\u00e7ekleriNe de buh\u00fbrumeryemHep korku \u00e7i\u00e7ekleriOldu saks\u0131lar\u0131m\u0131z\u0131 s\u00fcsleyen \u00dcrkek bezgin bakt\u0131\u011f\u0131m\u0131z g\u00f6klerdenYar\u0131nlara g\u00fcvendi umdu\u011fumuz\u00c7ocuklar, evler ve ekmekAma mutlu muyuz? Zehirli, ye\u015ferirse topraktaBir tohum, i\u00e7ti\u011fi bald\u0131ranlardanA\u00e7ar korku \u00e7i\u00e7ekleri, yozla\u015fm\u0131\u015f t\u00fcrYeni a\u015f\u0131 ister, budamak isterBizden ge\u00e7mi\u015ftir Vard\u0131\u011f\u0131m\u0131z her \u00e7izgi bir duvar kesildiKaygan k\u00fcfler a\u015famay\u0131ncaVe ne olur bilirsinVe g\u00fczeldir d\u00fcnyaYa\u015famay\u0131nca","og_url":"https:\/\/narteks.net\/index.php\/2009\/12\/25\/korku-cicekleri\/","og_site_name":"narteks.net","article_published_time":"2009-12-25T12:39:57+00:00","og_image":[{"width":300,"height":90,"url":"https:\/\/narteks.net\/wp-content\/uploads\/narteks.png","type":"image\/png"}],"author":"Tar\u0131k","twitter_card":"summary_large_image","twitter_creator":"@narteks","twitter_site":"@narteks","twitter_misc":{"Yazan:":"Tar\u0131k"},"schema":{"@context":"https:\/\/schema.org","@graph":[{"@type":"Article","@id":"https:\/\/narteks.net\/index.php\/2009\/12\/25\/korku-cicekleri\/#article","isPartOf":{"@id":"https:\/\/narteks.net\/index.php\/2009\/12\/25\/korku-cicekleri\/"},"author":{"name":"Tar\u0131k","@id":"https:\/\/narteks.net\/#\/schema\/person\/61f37d9834294b72d31d274e7ed79bca"},"headline":"KORKU \u00c7\u0130\u00c7EKLER\u0130","datePublished":"2009-12-25T12:39:57+00:00","mainEntityOfPage":{"@id":"https:\/\/narteks.net\/index.php\/2009\/12\/25\/korku-cicekleri\/"},"wordCount":86,"commentCount":0,"publisher":{"@id":"https:\/\/narteks.net\/#organization"},"articleSection":["Beh\u00e7et NECAT\u0130G\u0130L"],"inLanguage":"tr","potentialAction":[{"@type":"CommentAction","name":"Comment","target":["https:\/\/narteks.net\/index.php\/2009\/12\/25\/korku-cicekleri\/#respond"]}]},{"@type":"WebPage","@id":"https:\/\/narteks.net\/index.php\/2009\/12\/25\/korku-cicekleri\/","url":"https:\/\/narteks.net\/index.php\/2009\/12\/25\/korku-cicekleri\/","name":"KORKU \u00c7\u0130\u00c7EKLER\u0130 - narteks.net","isPartOf":{"@id":"https:\/\/narteks.net\/#website"},"datePublished":"2009-12-25T12:39:57+00:00","breadcrumb":{"@id":"https:\/\/narteks.net\/index.php\/2009\/12\/25\/korku-cicekleri\/#breadcrumb"},"inLanguage":"tr","potentialAction":[{"@type":"ReadAction","target":["https:\/\/narteks.net\/index.php\/2009\/12\/25\/korku-cicekleri\/"]}]},{"@type":"BreadcrumbList","@id":"https:\/\/narteks.net\/index.php\/2009\/12\/25\/korku-cicekleri\/#breadcrumb","itemListElement":[{"@type":"ListItem","position":1,"name":"Anasayfa","item":"https:\/\/narteks.net\/"},{"@type":"ListItem","position":2,"name":"KORKU \u00c7\u0130\u00c7EKLER\u0130"}]},{"@type":"WebSite","@id":"https:\/\/narteks.net\/#website","url":"https:\/\/narteks.net\/","name":"narteks.net","description":"K\u00fclt\u00fcr Sanat Edebiyat Felsefe","publisher":{"@id":"https:\/\/narteks.net\/#organization"},"alternateName":"K\u00fclt\u00fcr Sanat Edebiyat Felsefe","potentialAction":[{"@type":"SearchAction","target":{"@type":"EntryPoint","urlTemplate":"https:\/\/narteks.net\/?s={search_term_string}"},"query-input":{"@type":"PropertyValueSpecification","valueRequired":true,"valueName":"search_term_string"}}],"inLanguage":"tr"},{"@type":"Organization","@id":"https:\/\/narteks.net\/#organization","name":"narteks.net","url":"https:\/\/narteks.net\/","logo":{"@type":"ImageObject","inLanguage":"tr","@id":"https:\/\/narteks.net\/#\/schema\/logo\/image\/","url":"https:\/\/narteks.net\/wp-content\/uploads\/narteks.png","contentUrl":"https:\/\/narteks.net\/wp-content\/uploads\/narteks.png","width":300,"height":90,"caption":"narteks.net"},"image":{"@id":"https:\/\/narteks.net\/#\/schema\/logo\/image\/"},"sameAs":["https:\/\/x.com\/narteks","https:\/\/instagram.com\/narteksnet"]},{"@type":"Person","@id":"https:\/\/narteks.net\/#\/schema\/person\/61f37d9834294b72d31d274e7ed79bca","name":"Tar\u0131k","image":{"@type":"ImageObject","inLanguage":"tr","@id":"https:\/\/narteks.net\/#\/schema\/person\/image\/","url":"https:\/\/secure.gravatar.com\/avatar\/50865afb55632c4ae467e0af0930f6510aa2297d8014be502a55b14f3b7550cf?s=96&d=mm&r=g","contentUrl":"https:\/\/secure.gravatar.com\/avatar\/50865afb55632c4ae467e0af0930f6510aa2297d8014be502a55b14f3b7550cf?s=96&d=mm&r=g","caption":"Tar\u0131k"},"sameAs":["http:\/\/narteks.net"],"url":"https:\/\/narteks.net\/index.php\/author\/narbak\/"}]}},"_links":{"self":[{"href":"https:\/\/narteks.net\/index.php\/wp-json\/wp\/v2\/posts\/3005","targetHints":{"allow":["GET"]}}],"collection":[{"href":"https:\/\/narteks.net\/index.php\/wp-json\/wp\/v2\/posts"}],"about":[{"href":"https:\/\/narteks.net\/index.php\/wp-json\/wp\/v2\/types\/post"}],"author":[{"embeddable":true,"href":"https:\/\/narteks.net\/index.php\/wp-json\/wp\/v2\/users\/1"}],"replies":[{"embeddable":true,"href":"https:\/\/narteks.net\/index.php\/wp-json\/wp\/v2\/comments?post=3005"}],"version-history":[{"count":0,"href":"https:\/\/narteks.net\/index.php\/wp-json\/wp\/v2\/posts\/3005\/revisions"}],"wp:attachment":[{"href":"https:\/\/narteks.net\/index.php\/wp-json\/wp\/v2\/media?parent=3005"}],"wp:term":[{"taxonomy":"category","embeddable":true,"href":"https:\/\/narteks.net\/index.php\/wp-json\/wp\/v2\/categories?post=3005"},{"taxonomy":"post_tag","embeddable":true,"href":"https:\/\/narteks.net\/index.php\/wp-json\/wp\/v2\/tags?post=3005"}],"curies":[{"name":"wp","href":"https:\/\/api.w.org\/{rel}","templated":true}]}}