{"id":301,"date":"2009-03-01T18:30:51","date_gmt":"2009-03-01T15:30:51","guid":{"rendered":"http:\/\/localhost\/wordpress\/2009\/03\/01\/cete-bayrami\/"},"modified":"2009-03-01T18:30:51","modified_gmt":"2009-03-01T15:30:51","slug":"cete-bayrami","status":"publish","type":"post","link":"https:\/\/narteks.net\/index.php\/2009\/03\/01\/cete-bayrami\/","title":{"rendered":"\u00c7ete Bayram\u0131"},"content":{"rendered":"<p style=\"text-align: justify;\">Yar\u0131m perdelik traji-komik \u00f6yk\u00fc<\/p>\n<p>\u00c7ETE BAYRAMI<\/p>\n<p>Salon lacivert tak\u0131m elbiseli,g\u00fcne\u015f g\u00f6zl\u00fckl\u00fc,b\u0131y\u0131kl\u0131 adamlarla doluydu.Bir araya gelmekten heyecanl\u0131 bir o kadar da tedirgindiler.\u0130\u00e7kilerini i\u00e7iyorlar,sonra a\u011f\u0131zlar\u0131n\u0131 \u015faplat\u0131yorlar,b\u0131y\u0131klar\u0131n\u0131 siliyorlard\u0131.Sahneye bir k\u00fcrs\u00fc getirildi.K\u00fcrs\u00fcye \u00e7\u0131kan bir adam konu\u015fmaya ba\u015flad\u0131:&#8217;\u00c7ileke\u015f arkada\u015flar\u0131m Bug\u00fcn burada hem anma hem de kutlama yapmak i\u00e7in topland\u0131k.Bize \u00e7ok \u015fey \u00f6\u011freten m\u00fcmtaz insan Abdullah Abimizi \u015fehadetinin y\u0131ld\u00f6n\u00fcm\u00fcnde hasretle ve rahmetle an\u0131yoruz.Ama Abdullah Abi \u00f6l\u00fcrken bile bize b\u00fcy\u00fck bir iyilikte bulundu.Bizim ne zor \u015fartlar alt\u0131nda \u00e7al\u0131\u015ft\u0131\u011f\u0131m\u0131z\u0131 t\u00fcm d\u00fcnyaya g\u00f6sterdi.Bizlere insan i\u00e7ine \u00e7\u0131kma cesareti verdi.\u0130\u015fte kutlayaca\u011f\u0131m\u0131z<br \/>budur.Ba\u015fta Abdullah Abi olmak \u00fczere kaybetti\u011fimiz t\u00fcm dava arkada\u015flar\u0131m\u0131z\u0131n an\u0131s\u0131na bug\u00fcn\u00fc &#8216;\u00c7ete Bayram\u0131&#8217; ilan ettik kadersiz arkada\u015flar\u0131m.Kutlu olsun.&#8217;Sesi titremeye ba\u015flam\u0131\u015ft\u0131 \u015fi\u015fman konu\u015fmac\u0131n\u0131n.<br \/>Evet burada,\u0130stanbul&#8217;un g\u00f6be\u011findeki bu 5 y\u0131ld\u0131zl\u0131 otelde \u00c7ete Bayram\u0131 kutlan\u0131yordu.Bayram\u0131 nerede kutlayal\u0131m tart\u0131\u015fmalar\u0131nda,Zango\u00e7 \u00c7etesi,bir d\u00f6nemki i\u015f yo\u011funlu\u011fundan dolay\u0131 \u0130zmit-Bolu TEM yolunda bulunan kendin<br \/>pi\u015fir kendin ye tesisi olan Vakkas&#8217;\u0131n Kul\u00fcbesi&#8217;ni \u00f6nermi\u015fti.\u00d6nerinin hat\u0131rlatt\u0131\u011f\u0131 mekan toplant\u0131da bulunan \u00e7ete mensuplar\u0131n\u0131n g\u00f6zlerini ya\u015fartt\u0131.Hep beraber hey gidi g\u00fcnler hey dediler.Eski \u00e7eteciler yenilere o g\u00fcnleri i\u015ftahla anlatmaya ba\u015flam\u0131\u015flard\u0131 bile.Yavuzcan m\u00fcdahale etti.Sonu\u00e7ta \u00f6neri reddedildi.Gecenin bu otelde yap\u0131lmas\u0131na karar verildi.Sonra bu otel s\u0131radan bir otel de\u011fildi.Bu otelde nice d\u00fc\u011f\u00fcnlerde \u00e7etelerin resmi ve sivil elemanlar\u0131<br \/>birlikte omuz omuza halaya durmu\u015flard\u0131. Gecenin yap\u0131ld\u0131\u011f\u0131 salonda \u00e7e\u015fitli pankartlar as\u0131lm\u0131\u015ft\u0131:&#8221;Ne \u0130talyan<br \/>mafyas\u0131,ne Japon yakuzas\u0131,kahramanlar kahraman\u0131 T\u00fcrk \u00e7eteleri&#8221;,&#8221;Yerli mal\u0131 yurdun mal\u0131 herkes yerli \u00e7ete kullanmal\u0131&#8221;,&#8221;T\u00fcrkiye bizimle gurur duymal\u0131,duyuyorda&#8221;.Asl\u0131nda bir iki tane daha getirilmi\u015fti ama onlar\u0131n<br \/>as\u0131lmas\u0131na izin verilmemi\u015fti.Milli g\u00fcvenli\u011fe ve \u00e7ete ruhuna ayk\u0131r\u0131 bulunmu\u015flard\u0131.Onlarda da \u015funlar yaz\u0131yordu:&#8221;Sigorta ve sendika istiyoruz&#8221;,&#8221;Biz bir g\u00fcn \u00e7al\u0131\u015fmazsak d\u00f6nmez bu yalan dolan \u00e7ark\u0131&#8221;.\u015ei\u015fman<br \/>konu\u015fmac\u0131 konu\u015fmas\u0131na devam etti:&#8221;\u015eimdi sizleri kaybetti\u011fimiz t\u00fcm dava arkada\u015flar\u0131m\u0131z\u0131n an\u0131s\u0131na sayg\u0131 duru\u015funa davet ediyorum.Sayg\u0131 duru\u015fu esnas\u0131nda \u00fc\u00e7 b\u00f6l\u00fcc\u00fc i\u015fadam\u0131 \u00e7e\u015fitli silahlarla imha edilecektir.Ancak roketatar kullanmak yasakt\u0131r.&#8221;Herkes aya\u011fa kalkt\u0131,hu\u015fu i\u00e7inde ba\u015flar\u0131 \u00f6nde beklemeye ba\u015flad\u0131lar.Sahneye \u00fc\u00e7 adam getirildi.Kurbanlar\u0131n yerini almas\u0131yla silahlar \u00e7ekildi,kur\u015funlar,el bombalar\u0131 adamlar\u0131n \u00fcst\u00fcne ya\u011fd\u0131.&#8221;\u015eehitlerimiz bizimle ya\u015fayacaklar&#8221; s\u00f6zleriyle sayg\u0131 duru\u015fu bitirildi.&#8221;Te\u015fekk\u00fcr ederim arkada\u015flar&#8221;dedi \u015fi\u015fman konu\u015fmac\u0131 &#8221;gecemizin hay\u0131rl\u0131 ge\u00e7mesi,ba\u015f\u0131m\u0131za kaza-bela gelmesin diye kan ak\u0131tt\u0131k.Hay\u0131rl\u0131 olsun&#8221;Salonda yine alk\u0131\u015f f\u0131rt\u0131nas\u0131 koptu.Arka masalarda oturan Tamko\u00e7 \u00e7etesi mensubu Deli Hamdi yan\u0131ndaki Tilt Cemal&#8217;e dert yan\u0131yordu.&#8221;Abi benim att\u0131\u011f\u0131m el bombas\u0131 patlamad\u0131.Ne \u015fanss\u0131z adam\u0131m yahu&#8221;Tilt Cemal cevap verdi&#8221;Tabi patlamaz salak,sen el<br \/>bombas\u0131 diye tuzlu\u011fu att\u0131n.Baksana tuzluklar\u0131 el bombas\u0131 \u015feklinde yapm\u0131\u015flar&#8221;.&#8221;Abi&#8221;dedi \u00f6teki yan\u0131nda bulunan Gerzek Arif.&#8221;Tabancan\u0131 unutmu\u015fsun masan\u0131n \u00fcst\u00fcnde&#8221;.&#8221;Tabanca de\u011fil o salak&#8221;dedi Tilt Cemal.<br \/>&#8221;K\u00fcrdan o k\u00fcrdan,teti\u011fe bas\u0131nca k\u00fcrdan \u00e7\u0131k\u0131yor,di\u015flerini temizliyorsun&#8221;.&#8221;Ben korkar\u0131m,\u015feytan meytan doldurur&#8221;dedi Gerzek Arif. &#8221;salak&#8221;dedi Tilt Cemal &#8221;bizim oldu\u011fumuz yerde \u015feytan\u0131n ne i\u015fi var&#8221; Sonra hep beraber kadeh kald\u0131rd\u0131lar \u00e7etelerin sa\u011fl\u0131\u011f\u0131 ve yarat\u0131c\u0131 akl\u0131 i\u00e7in.\u015ei\u015fman konu\u015fmac\u0131 geceye gelen mesajlar\u0131 okuyordu:&#8221;Hepinizi g\u00f6zlerinden \u00f6per,ba\u015far\u0131lar\u0131n\u0131z\u0131n devam\u0131n\u0131 dilerim netekim&#8221;Ba\u015fka bir mesaj:&#8221;Bayram\u0131n\u0131z\u0131 kutlar,ba\u015far\u0131lar dilerimdir sevgili pe\u00e7eteci karde\u015flerim.Bu mutlu ve h\u00fcz\u00fcnl\u00fc gecenizde bulunamamaktan dolay\u0131 \u00fcz\u00fcnt\u00fc duydu\u011fumu belirtmek isterimdir sevgili pe\u00e7eteciler.Devlet sizinle olsun&#8221;En \u00e7ok kahkay\u0131 ve en \u00e7ok alk\u0131\u015f\u0131 bu mesaj ald\u0131.S\u0131ra son mesaja gelmi\u015fti:&#8221;Her zaman g\u00f6reve haz\u0131r\u0131z.Bug\u00fcn en b\u00fcy\u00fck g\u00fcnd\u00fct kutlu olsun.Bu g\u00fcn\u00fcn an\u0131s\u0131na size bir \u015fiir yolluyoruz.\u0130mza:Tunceli&#8217;de g\u00f6rev yapan bir grup Haydar.&#8221;\u015eiiri okuyorum dedi \u015fi\u015fman konu\u015fmac\u0131.&#8221;\u015e\u0130\u0130R-Elimizde silahlar\/Boynumuzda d\u00fcrb\u00fcnler\/Vatan sana can\u0131m feda\/Biz gideriz kelle<br \/>almaya hey\/&#8221;,&#8221;\u015eimdide bizden bir arkada\u015f \u015fiir okuyacak&#8221; dedi \u015fi\u015fman konu\u015fmac\u0131.Hasko\u00e7 \u00e7etesinden Ayd\u0131n Ali&#8217;yi davet etti k\u00fcrs\u00fcye.G\u00fcr ama titreyen bir sesle okumaya ba\u015flad\u0131 Ayd\u0131n Ali.&#8221;\u00c7eteler ge\u00e7iyor ye\u015fil- k\u0131rm\u0131z\u0131 pasaportlu\/\u00c7eteler ge\u00e7iyor y\u00fczlerce le\u015fli\/\u00c7eteler ge\u00e7iyor devlet i\u00e7in kur\u015fun atan\/Can\u0131m feda olsun bu \u015ferefli \u00e7etelere\/&#8221;Ayd\u0131n Ali bir \u015fiirden di\u011ferine ge\u00e7iyordu.\u0130yice co\u015fmu\u015ftu,ya\u015flar s\u00fcz\u00fcl\u00fcyordu y\u00fcz\u00fcnden.\u00c7ok duygulanm\u0131\u015ft\u0131.&#8221;Topra\u011f\u0131 s\u0131ksan \u00e7ete f\u0131\u015fk\u0131racak \u00e7ete\/Bizimle yola \u00e7\u0131kanlar nerde\/Ba\u015f koymu\u015fum bu yola bende\/Bize sahip \u00e7\u0131kanlar \u015fimdi nerde\/Hani nerde\/&#8221;Ayd\u0131n Ali&#8217;yi yerine zor oturttular.S\u0131rada &#8216;\u00c7etelerle Dayan\u0131\u015fma Vakf\u0131&#8217;na gelir sa\u011flamak i\u00e7in d\u00fczenlenen a\u00e7\u0131k art\u0131rma vard\u0131.Bir \u00e7ift ayakkab\u0131,bir kalem ve bir telefon sat\u0131lacakt\u0131 art\u0131rmada.Ama s\u0131radan e\u015fyalar de\u011fildi bunlar.Abdullah Abi d\u00f6nemin \u0130\u00e7i\u015fleri Bakan\u0131&#8217;n\u0131 ele\u015ftiren gazeteciyi vurmaya giderken bu ayakkab\u0131lar\u0131 giymi\u015f,bu telefonla i\u015fin bitti\u011fini haber vermi\u015fti Bakan&#8217;a.Kalem ise gazeteciye aitti.Di\u011ferleri y\u00fcksek paralara al\u0131c\u0131 bulurken kaleme pek talip \u00e7\u0131kmam\u0131\u015ft\u0131.Kalemi Yavuzcan&#8221;Abdullah Abi bu kalemi ald\u0131\u011f\u0131na g\u00f6re bir hikmeti vard\u0131r herhalde,kesin kur\u015fun at\u0131yordur bu kalem,hem bir kalem ba\u015fka ne i\u015fe yarar ki&#8221;diye d\u00fc\u015f\u00fcnerek alm\u0131\u015ft\u0131.Gece geleneksel \u00e7ete halay\u0131n\u0131n \u00e7ekilmesiyle son buldu.O gece otelden \u00e7eteciler b\u00fcy\u00fck bir memnuniyetle ayr\u0131ld\u0131lar.Senede bir kezde olsa hat\u0131rlanm\u0131\u015flard\u0131.Ne b\u00fcy\u00fck bir mutluluktu.Devlet her zaman ba\u015flar\u0131n\u0131 ok\u015fayamazd\u0131 ya.Bu da yeterdi.Allah devlete zeval vermesindi.Amindi.<\/p>\n<p>YAZARIN NOTU:Otel d\u0131\u015f\u0131nda karanl\u0131k ve sessizlik h\u00fck\u00fcm s\u00fcr\u00fcyordu.Zul\u00fcm<br \/>karanl\u0131\u011f\u0131 ve sessizli\u011fi.Oysa karanl\u0131\u011f\u0131 ayd\u0131nl\u0131\u011fa \u00e7evirmek<br \/>isteyen,sessizli\u011fi \u00e7\u0131\u011fl\u0131klara d\u00f6nd\u00fcrmek i\u00e7in \u00e7al\u0131\u015fan y\u00fcrekler vard\u0131.Ve<br \/>\u00f6yle k\u0131s\u0131r de\u011fildi diren\u00e7leri.Onlar i\u00e7in \u015f\u00f6yle deniyordu:<\/p>\n<p>&#8221;Yekpare mermer dediler adlar\u0131na<br \/>Bazen k\u0131y\u0131larda \u00e7\u0131\u011fl\u0131k\u00e7\u0131\u011fl\u0131\u011fa<br \/>Bazen doruklarda sessiz<br \/>Karanl\u0131\u011f\u0131n silini\u015fiydiler oysa<br \/>Sessizli\u011fin t\u00fckeni\u015fiydiler<br \/>Ve ya\u015fam\u0131n anlam kazand\u0131\u011f\u0131 her anda<br \/>Do\u011fan\u0131n birdenbire sevili\u015fiydiler&#8221;<\/p>\n<p>H\u00fczn\u00fc isyana \u00e7evirenlere ithaf ediyorum.Sevgilerimle.<\/p>\n<p>S. YILDIZ<br \/>03.11.2000<br \/>\u0130stanbul\/T\u00fcrkiye<\/p>\n<p>&#8221;VE ZUL\u00dcM KORKAK B\u0130R BEZ\u0130RGAN G\u0130B\u0130 \u00c7EK\u0130P G\u0130DECEKT\u0130R HAYATIMIZDAN&#8221;<\/p>\n","protected":false},"excerpt":{"rendered":"<p>Yar\u0131m perdelik traji-komik \u00f6yk\u00fc \u00c7ETE BAYRAMI Salon lacivert tak\u0131m elbiseli,g\u00fcne\u015f g\u00f6zl\u00fckl\u00fc,b\u0131y\u0131kl\u0131 adamlarla doluydu.Bir araya gelmekten heyecanl\u0131 bir o kadar da tedirgindiler.\u0130\u00e7kilerini i\u00e7iyorlar,sonra a\u011f\u0131zlar\u0131n\u0131 \u015faplat\u0131yorlar,b\u0131y\u0131klar\u0131n\u0131 siliyorlard\u0131.Sahneye bir k\u00fcrs\u00fc getirildi.K\u00fcrs\u00fcye \u00e7\u0131kan bir adam konu\u015fmaya ba\u015flad\u0131:&#8217;\u00c7ileke\u015f arkada\u015flar\u0131m Bug\u00fcn burada hem anma hem de kutlama yapmak i\u00e7in topland\u0131k.Bize \u00e7ok \u015fey \u00f6\u011freten m\u00fcmtaz insan Abdullah Abimizi \u015fehadetinin y\u0131ld\u00f6n\u00fcm\u00fcnde hasretle ve [&hellip;]<\/p>\n","protected":false},"author":1,"featured_media":0,"comment_status":"open","ping_status":"open","sticky":false,"template":"","format":"standard","meta":{"footnotes":""},"categories":[114],"tags":[],"class_list":{"0":"post-301","1":"post","2":"type-post","3":"status-publish","4":"format-standard","6":"category-turkiye-den-oykuler"},"yoast_head":"<!-- This site is optimized with the Yoast SEO Premium plugin v24.9 (Yoast SEO v24.9) - https:\/\/yoast.com\/wordpress\/plugins\/seo\/ -->\n<title>\u00c7ete Bayram\u0131 - narteks.net<\/title>\n<meta name=\"robots\" content=\"index, follow, max-snippet:-1, max-image-preview:large, max-video-preview:-1\" \/>\n<link rel=\"canonical\" href=\"https:\/\/narteks.net\/index.php\/2009\/03\/01\/cete-bayrami\/\" \/>\n<meta property=\"og:locale\" content=\"tr_TR\" \/>\n<meta property=\"og:type\" content=\"article\" \/>\n<meta property=\"og:title\" content=\"\u00c7ete Bayram\u0131\" \/>\n<meta property=\"og:description\" content=\"Yar\u0131m perdelik traji-komik \u00f6yk\u00fc \u00c7ETE BAYRAMI Salon lacivert tak\u0131m elbiseli,g\u00fcne\u015f g\u00f6zl\u00fckl\u00fc,b\u0131y\u0131kl\u0131 adamlarla doluydu.Bir araya gelmekten heyecanl\u0131 bir o kadar da tedirgindiler.\u0130\u00e7kilerini i\u00e7iyorlar,sonra a\u011f\u0131zlar\u0131n\u0131 \u015faplat\u0131yorlar,b\u0131y\u0131klar\u0131n\u0131 siliyorlard\u0131.Sahneye bir k\u00fcrs\u00fc getirildi.K\u00fcrs\u00fcye \u00e7\u0131kan bir adam konu\u015fmaya ba\u015flad\u0131:&#8217;\u00c7ileke\u015f arkada\u015flar\u0131m Bug\u00fcn burada hem anma hem de kutlama yapmak i\u00e7in topland\u0131k.Bize \u00e7ok \u015fey \u00f6\u011freten m\u00fcmtaz insan Abdullah Abimizi \u015fehadetinin y\u0131ld\u00f6n\u00fcm\u00fcnde hasretle ve [&hellip;]\" \/>\n<meta property=\"og:url\" content=\"https:\/\/narteks.net\/index.php\/2009\/03\/01\/cete-bayrami\/\" \/>\n<meta property=\"og:site_name\" content=\"narteks.net\" \/>\n<meta property=\"article:published_time\" content=\"2009-03-01T15:30:51+00:00\" \/>\n<meta property=\"og:image\" content=\"https:\/\/narteks.net\/wp-content\/uploads\/narteks.png\" \/>\n\t<meta property=\"og:image:width\" content=\"300\" \/>\n\t<meta property=\"og:image:height\" content=\"90\" \/>\n\t<meta property=\"og:image:type\" content=\"image\/png\" \/>\n<meta name=\"author\" content=\"Tar\u0131k\" \/>\n<meta name=\"twitter:card\" content=\"summary_large_image\" \/>\n<meta name=\"twitter:creator\" content=\"@narteks\" \/>\n<meta name=\"twitter:site\" content=\"@narteks\" \/>\n<meta name=\"twitter:label1\" content=\"Yazan:\" \/>\n\t<meta name=\"twitter:data1\" content=\"Tar\u0131k\" \/>\n\t<meta name=\"twitter:label2\" content=\"Tahmini okuma s\u00fcresi\" \/>\n\t<meta name=\"twitter:data2\" content=\"6 dakika\" \/>\n<script type=\"application\/ld+json\" class=\"yoast-schema-graph\">{\"@context\":\"https:\/\/schema.org\",\"@graph\":[{\"@type\":\"Article\",\"@id\":\"https:\/\/narteks.net\/index.php\/2009\/03\/01\/cete-bayrami\/#article\",\"isPartOf\":{\"@id\":\"https:\/\/narteks.net\/index.php\/2009\/03\/01\/cete-bayrami\/\"},\"author\":{\"name\":\"Tar\u0131k\",\"@id\":\"https:\/\/narteks.net\/#\/schema\/person\/61f37d9834294b72d31d274e7ed79bca\"},\"headline\":\"\u00c7ete Bayram\u0131\",\"datePublished\":\"2009-03-01T15:30:51+00:00\",\"mainEntityOfPage\":{\"@id\":\"https:\/\/narteks.net\/index.php\/2009\/03\/01\/cete-bayrami\/\"},\"wordCount\":1188,\"commentCount\":0,\"publisher\":{\"@id\":\"https:\/\/narteks.net\/#organization\"},\"articleSection\":[\"T\u00fcrkiye'den \u00d6yk\u00fcler\"],\"inLanguage\":\"tr\",\"potentialAction\":[{\"@type\":\"CommentAction\",\"name\":\"Comment\",\"target\":[\"https:\/\/narteks.net\/index.php\/2009\/03\/01\/cete-bayrami\/#respond\"]}]},{\"@type\":\"WebPage\",\"@id\":\"https:\/\/narteks.net\/index.php\/2009\/03\/01\/cete-bayrami\/\",\"url\":\"https:\/\/narteks.net\/index.php\/2009\/03\/01\/cete-bayrami\/\",\"name\":\"\u00c7ete Bayram\u0131 - narteks.net\",\"isPartOf\":{\"@id\":\"https:\/\/narteks.net\/#website\"},\"datePublished\":\"2009-03-01T15:30:51+00:00\",\"breadcrumb\":{\"@id\":\"https:\/\/narteks.net\/index.php\/2009\/03\/01\/cete-bayrami\/#breadcrumb\"},\"inLanguage\":\"tr\",\"potentialAction\":[{\"@type\":\"ReadAction\",\"target\":[\"https:\/\/narteks.net\/index.php\/2009\/03\/01\/cete-bayrami\/\"]}]},{\"@type\":\"BreadcrumbList\",\"@id\":\"https:\/\/narteks.net\/index.php\/2009\/03\/01\/cete-bayrami\/#breadcrumb\",\"itemListElement\":[{\"@type\":\"ListItem\",\"position\":1,\"name\":\"Anasayfa\",\"item\":\"https:\/\/narteks.net\/\"},{\"@type\":\"ListItem\",\"position\":2,\"name\":\"\u00c7ete Bayram\u0131\"}]},{\"@type\":\"WebSite\",\"@id\":\"https:\/\/narteks.net\/#website\",\"url\":\"https:\/\/narteks.net\/\",\"name\":\"narteks.net\",\"description\":\"K\u00fclt\u00fcr Sanat Edebiyat Felsefe\",\"publisher\":{\"@id\":\"https:\/\/narteks.net\/#organization\"},\"alternateName\":\"K\u00fclt\u00fcr Sanat Edebiyat Felsefe\",\"potentialAction\":[{\"@type\":\"SearchAction\",\"target\":{\"@type\":\"EntryPoint\",\"urlTemplate\":\"https:\/\/narteks.net\/?s={search_term_string}\"},\"query-input\":{\"@type\":\"PropertyValueSpecification\",\"valueRequired\":true,\"valueName\":\"search_term_string\"}}],\"inLanguage\":\"tr\"},{\"@type\":\"Organization\",\"@id\":\"https:\/\/narteks.net\/#organization\",\"name\":\"narteks.net\",\"url\":\"https:\/\/narteks.net\/\",\"logo\":{\"@type\":\"ImageObject\",\"inLanguage\":\"tr\",\"@id\":\"https:\/\/narteks.net\/#\/schema\/logo\/image\/\",\"url\":\"https:\/\/narteks.net\/wp-content\/uploads\/narteks.png\",\"contentUrl\":\"https:\/\/narteks.net\/wp-content\/uploads\/narteks.png\",\"width\":300,\"height\":90,\"caption\":\"narteks.net\"},\"image\":{\"@id\":\"https:\/\/narteks.net\/#\/schema\/logo\/image\/\"},\"sameAs\":[\"https:\/\/x.com\/narteks\",\"https:\/\/instagram.com\/narteksnet\"]},{\"@type\":\"Person\",\"@id\":\"https:\/\/narteks.net\/#\/schema\/person\/61f37d9834294b72d31d274e7ed79bca\",\"name\":\"Tar\u0131k\",\"image\":{\"@type\":\"ImageObject\",\"inLanguage\":\"tr\",\"@id\":\"https:\/\/narteks.net\/#\/schema\/person\/image\/\",\"url\":\"https:\/\/secure.gravatar.com\/avatar\/50865afb55632c4ae467e0af0930f6510aa2297d8014be502a55b14f3b7550cf?s=96&d=mm&r=g\",\"contentUrl\":\"https:\/\/secure.gravatar.com\/avatar\/50865afb55632c4ae467e0af0930f6510aa2297d8014be502a55b14f3b7550cf?s=96&d=mm&r=g\",\"caption\":\"Tar\u0131k\"},\"sameAs\":[\"http:\/\/narteks.net\"],\"url\":\"https:\/\/narteks.net\/index.php\/author\/narbak\/\"}]}<\/script>\n<!-- \/ Yoast SEO Premium plugin. -->","yoast_head_json":{"title":"\u00c7ete Bayram\u0131 - narteks.net","robots":{"index":"index","follow":"follow","max-snippet":"max-snippet:-1","max-image-preview":"max-image-preview:large","max-video-preview":"max-video-preview:-1"},"canonical":"https:\/\/narteks.net\/index.php\/2009\/03\/01\/cete-bayrami\/","og_locale":"tr_TR","og_type":"article","og_title":"\u00c7ete Bayram\u0131","og_description":"Yar\u0131m perdelik traji-komik \u00f6yk\u00fc \u00c7ETE BAYRAMI Salon lacivert tak\u0131m elbiseli,g\u00fcne\u015f g\u00f6zl\u00fckl\u00fc,b\u0131y\u0131kl\u0131 adamlarla doluydu.Bir araya gelmekten heyecanl\u0131 bir o kadar da tedirgindiler.\u0130\u00e7kilerini i\u00e7iyorlar,sonra a\u011f\u0131zlar\u0131n\u0131 \u015faplat\u0131yorlar,b\u0131y\u0131klar\u0131n\u0131 siliyorlard\u0131.Sahneye bir k\u00fcrs\u00fc getirildi.K\u00fcrs\u00fcye \u00e7\u0131kan bir adam konu\u015fmaya ba\u015flad\u0131:&#8217;\u00c7ileke\u015f arkada\u015flar\u0131m Bug\u00fcn burada hem anma hem de kutlama yapmak i\u00e7in topland\u0131k.Bize \u00e7ok \u015fey \u00f6\u011freten m\u00fcmtaz insan Abdullah Abimizi \u015fehadetinin y\u0131ld\u00f6n\u00fcm\u00fcnde hasretle ve [&hellip;]","og_url":"https:\/\/narteks.net\/index.php\/2009\/03\/01\/cete-bayrami\/","og_site_name":"narteks.net","article_published_time":"2009-03-01T15:30:51+00:00","og_image":[{"width":300,"height":90,"url":"https:\/\/narteks.net\/wp-content\/uploads\/narteks.png","type":"image\/png"}],"author":"Tar\u0131k","twitter_card":"summary_large_image","twitter_creator":"@narteks","twitter_site":"@narteks","twitter_misc":{"Yazan:":"Tar\u0131k","Tahmini okuma s\u00fcresi":"6 dakika"},"schema":{"@context":"https:\/\/schema.org","@graph":[{"@type":"Article","@id":"https:\/\/narteks.net\/index.php\/2009\/03\/01\/cete-bayrami\/#article","isPartOf":{"@id":"https:\/\/narteks.net\/index.php\/2009\/03\/01\/cete-bayrami\/"},"author":{"name":"Tar\u0131k","@id":"https:\/\/narteks.net\/#\/schema\/person\/61f37d9834294b72d31d274e7ed79bca"},"headline":"\u00c7ete Bayram\u0131","datePublished":"2009-03-01T15:30:51+00:00","mainEntityOfPage":{"@id":"https:\/\/narteks.net\/index.php\/2009\/03\/01\/cete-bayrami\/"},"wordCount":1188,"commentCount":0,"publisher":{"@id":"https:\/\/narteks.net\/#organization"},"articleSection":["T\u00fcrkiye'den \u00d6yk\u00fcler"],"inLanguage":"tr","potentialAction":[{"@type":"CommentAction","name":"Comment","target":["https:\/\/narteks.net\/index.php\/2009\/03\/01\/cete-bayrami\/#respond"]}]},{"@type":"WebPage","@id":"https:\/\/narteks.net\/index.php\/2009\/03\/01\/cete-bayrami\/","url":"https:\/\/narteks.net\/index.php\/2009\/03\/01\/cete-bayrami\/","name":"\u00c7ete Bayram\u0131 - narteks.net","isPartOf":{"@id":"https:\/\/narteks.net\/#website"},"datePublished":"2009-03-01T15:30:51+00:00","breadcrumb":{"@id":"https:\/\/narteks.net\/index.php\/2009\/03\/01\/cete-bayrami\/#breadcrumb"},"inLanguage":"tr","potentialAction":[{"@type":"ReadAction","target":["https:\/\/narteks.net\/index.php\/2009\/03\/01\/cete-bayrami\/"]}]},{"@type":"BreadcrumbList","@id":"https:\/\/narteks.net\/index.php\/2009\/03\/01\/cete-bayrami\/#breadcrumb","itemListElement":[{"@type":"ListItem","position":1,"name":"Anasayfa","item":"https:\/\/narteks.net\/"},{"@type":"ListItem","position":2,"name":"\u00c7ete Bayram\u0131"}]},{"@type":"WebSite","@id":"https:\/\/narteks.net\/#website","url":"https:\/\/narteks.net\/","name":"narteks.net","description":"K\u00fclt\u00fcr Sanat Edebiyat Felsefe","publisher":{"@id":"https:\/\/narteks.net\/#organization"},"alternateName":"K\u00fclt\u00fcr Sanat Edebiyat Felsefe","potentialAction":[{"@type":"SearchAction","target":{"@type":"EntryPoint","urlTemplate":"https:\/\/narteks.net\/?s={search_term_string}"},"query-input":{"@type":"PropertyValueSpecification","valueRequired":true,"valueName":"search_term_string"}}],"inLanguage":"tr"},{"@type":"Organization","@id":"https:\/\/narteks.net\/#organization","name":"narteks.net","url":"https:\/\/narteks.net\/","logo":{"@type":"ImageObject","inLanguage":"tr","@id":"https:\/\/narteks.net\/#\/schema\/logo\/image\/","url":"https:\/\/narteks.net\/wp-content\/uploads\/narteks.png","contentUrl":"https:\/\/narteks.net\/wp-content\/uploads\/narteks.png","width":300,"height":90,"caption":"narteks.net"},"image":{"@id":"https:\/\/narteks.net\/#\/schema\/logo\/image\/"},"sameAs":["https:\/\/x.com\/narteks","https:\/\/instagram.com\/narteksnet"]},{"@type":"Person","@id":"https:\/\/narteks.net\/#\/schema\/person\/61f37d9834294b72d31d274e7ed79bca","name":"Tar\u0131k","image":{"@type":"ImageObject","inLanguage":"tr","@id":"https:\/\/narteks.net\/#\/schema\/person\/image\/","url":"https:\/\/secure.gravatar.com\/avatar\/50865afb55632c4ae467e0af0930f6510aa2297d8014be502a55b14f3b7550cf?s=96&d=mm&r=g","contentUrl":"https:\/\/secure.gravatar.com\/avatar\/50865afb55632c4ae467e0af0930f6510aa2297d8014be502a55b14f3b7550cf?s=96&d=mm&r=g","caption":"Tar\u0131k"},"sameAs":["http:\/\/narteks.net"],"url":"https:\/\/narteks.net\/index.php\/author\/narbak\/"}]}},"_links":{"self":[{"href":"https:\/\/narteks.net\/index.php\/wp-json\/wp\/v2\/posts\/301","targetHints":{"allow":["GET"]}}],"collection":[{"href":"https:\/\/narteks.net\/index.php\/wp-json\/wp\/v2\/posts"}],"about":[{"href":"https:\/\/narteks.net\/index.php\/wp-json\/wp\/v2\/types\/post"}],"author":[{"embeddable":true,"href":"https:\/\/narteks.net\/index.php\/wp-json\/wp\/v2\/users\/1"}],"replies":[{"embeddable":true,"href":"https:\/\/narteks.net\/index.php\/wp-json\/wp\/v2\/comments?post=301"}],"version-history":[{"count":0,"href":"https:\/\/narteks.net\/index.php\/wp-json\/wp\/v2\/posts\/301\/revisions"}],"wp:attachment":[{"href":"https:\/\/narteks.net\/index.php\/wp-json\/wp\/v2\/media?parent=301"}],"wp:term":[{"taxonomy":"category","embeddable":true,"href":"https:\/\/narteks.net\/index.php\/wp-json\/wp\/v2\/categories?post=301"},{"taxonomy":"post_tag","embeddable":true,"href":"https:\/\/narteks.net\/index.php\/wp-json\/wp\/v2\/tags?post=301"}],"curies":[{"name":"wp","href":"https:\/\/api.w.org\/{rel}","templated":true}]}}