{"id":302,"date":"2009-03-01T18:33:30","date_gmt":"2009-03-01T15:33:30","guid":{"rendered":"http:\/\/localhost\/wordpress\/2009\/03\/01\/postkavgas\/"},"modified":"2009-03-01T18:33:30","modified_gmt":"2009-03-01T15:33:30","slug":"postkavgas","status":"publish","type":"post","link":"https:\/\/narteks.net\/index.php\/2009\/03\/01\/postkavgas\/","title":{"rendered":"Post Kavgas\u0131"},"content":{"rendered":"<p>31 Mart-01 Nisan 2000<\/p>\n<div><strong>POST KAVGASI<br \/><\/strong><\/div>\n<p>Tekkede\u00a0post\u00a0kavgas\u0131 var.Onun<br \/>da bir ucundan Dervi\u015f Mehmet,bir<br \/>ucundan ben \u00e7ekip duruyoruz.-<\/p>\n<p>Cezaevinin 52 no&#8217; lu\u00a0ko\u011fu\u015funa geleli bir hafta olmu\u015ftu.Ko\u011fu\u015fa ve sakinlerine al\u0131\u015fmaya \u00e7al\u0131\u015f\u0131yordum.A\u015fa\u011f\u0131 yukar\u0131 hepsiyle tan\u0131\u015fm\u0131\u015f,hikayelerini dinlemi\u015ftim.Hi\u00e7biri 30 ya\u015f\u0131n\u0131 ge\u00e7memi\u015fti ve yaralama veya h\u0131rs\u0131zl\u0131ktan yat\u0131yorlard\u0131.Yaln\u0131z bir tanesi vard\u0131 ki hi\u00e7bir y\u00f6nden di\u011ferlerine benzemiyordu.Bu 55-60 ya\u015flar\u0131nda,temiz y\u00fczl\u00fc,temiz giyimli bir adamd\u0131.yaln\u0131zd\u0131.Kimseyle sohbet ederken g\u00f6rmemi\u015ftim onu.Sabahlar\u0131 erken kalk\u0131yor,sporunu yap\u0131yor ve t\u0131ra\u015f\u0131n\u0131 oluyordu.Ko\u011fu\u015fun \u00e7ayc\u0131s\u0131 Tilki Naci&#8217;den \u00e7ay al\u0131rken onu sordum.<\/p>\n<p>&#8221;Ha o mu? \u0130mam o&#8221;dedi.<\/p>\n<p>&#8221;\u0130mam m\u0131&#8221;<\/p>\n<p>&#8220;Evet,imam i\u015fte&#8221;dedi ve g\u00fcr\u00fclt\u00fcl\u00fc bir \u015fekilde g\u00fcld\u00fc.<\/p>\n<p>&#8220;Ama&#8221;dedi &#8220;dikkatli ol,politikaya bula\u015fm\u0131\u015f o,siyasi yani&#8221;<\/p>\n<p>Hem imam,hem siyasi hem de adlilerin ko\u011fu\u015funda olmas\u0131 ilgimi \u00e7ekti.Tilki Naci&#8217;den bir \u00e7ayda onun i\u00e7in ald\u0131m,yan\u0131na gittim.<\/p>\n<p>&#8220;Merhaba baba&#8221;<\/p>\n<p>&#8220;\u00c7ay i\u00e7er misin&#8221;<\/p>\n<p>dedim.\u00c7ay\u0131 ald\u0131 ama bana bir \u015fey demedi.Bense ondan davet bekliyordum.Biraz bekledikten sonra gitmeye karar verdim.Tam bu arada<br \/>&#8220;oturmaz m\u0131s\u0131n?&#8221;<\/p>\n<p>diye sordu.Hemen yan\u0131na oturdum.Hikayesini \u00e7ok merak ediyordum.<\/p>\n<p>&#8220;Ge\u00e7mi\u015f olsun baba su\u00e7un nedir?&#8221;<\/p>\n<p>diye sordum.<\/p>\n<p>Bana ters ters bakt\u0131.<\/p>\n<p>&#8220;Ben hi\u00e7bir su\u00e7 i\u015flemedim&#8221;dedi.Onu k\u0131zd\u0131rmaya hi\u00e7 niyetim yoktu.<\/p>\n<p>&#8220;Peki \u00f6yleyse&#8221;dedim.<\/p>\n<p>&#8220;Buraya niye getirdiler&#8221;<\/p>\n<p>Bir s\u00fcre suskun kald\u0131 ama onun konu\u015fmaya niyetli oldu\u011funu anlam\u0131\u015ft\u0131m.<\/p>\n<p>&#8220;Sorma&#8221;dedi&#8221;<\/p>\n<p>Belki duymu\u015fsundur,ben siyasiyim.Yasad\u0131\u015f\u0131 \u0130slami ter\u00f6r \u00f6rg\u00fct\u00fc \u00fcyesi oldu\u011fumu s\u00f6yl\u00fcyorlar&#8221;<\/p>\n<p>&#8220;Yok mu \u00f6yle bir \u015fey &#8220;dedim.<\/p>\n<p>&#8220;En ufak bir ilgisi yok&#8221;dedi.Meraklanmaya ba\u015flad\u0131m.Bu adam bir \u015feriat\u00e7\u0131 m\u0131yd\u0131?<\/p>\n<p>&#8220;\u0130lgin yoksa o zaman nas\u0131l geldin buraya&#8221;dedim<\/p>\n<p>&#8220;Dinlersen anlatay\u0131m&#8221; dedi.Dinlemeye d\u00fcnden raz\u0131yd\u0131m.\u00c7ay\u0131ndan bir yudum ald\u0131 ve anlatmaya ba\u015flad\u0131.<br \/>&#8220;Ne olduysa ge\u00e7en kurban Bayram\u0131nda oldu.Ben astsubayd\u0131m evlat.On y\u0131l \u00f6nce emekli oldum.\u00dc\u00e7 y\u0131l \u00f6nce Ege&#8217;nin bir k\u00f6y\u00fcnde ev ald\u0131k.Yazlar\u0131 orada ge\u00e7iriyorduk.Ufak,geli\u015fmemi\u015f bir k\u00f6yd\u00fc.Turistlerde gelmiyordu.Sessiz,sakin bir bal\u0131k\u00e7\u0131 k\u00f6y\u00fc.Tam arad\u0131\u011f\u0131m\u0131z,istedi\u011fimiz gibi.K\u00f6y\u00fc \u00e7ok sevdik.K\u0131z\u0131n okulu olmasa han\u0131mla ben hep orada ya\u015fayaca\u011f\u0131z.Neyse Kurban Bayram\u0131nda k\u00f6ye gittik.Her \u015fey \u00e7ok g\u00fczeldi.K\u00f6yde dostlar da edinmi\u015ftik.Onlarla g\u00f6r\u00fc\u015f\u00fcyoruz,ben arada bal\u0131\u011fa \u00e7\u0131k\u0131yordum.Yani her \u015fey m\u00fckemmel.Bayramda da Allah kabul ederse kurban keselim dedik.Gittim kurban\u0131 ald\u0131m,kesecek adam\u0131 ayarlad\u0131m.Her \u015fey tamam.Bayram sabah\u0131 kalkt\u0131m,camiye gittim.Bayram namaz\u0131n\u0131 k\u0131ld\u0131m.Bak evlat ben y\u0131lda iki kez bayram namaz\u0131 i\u00e7in camiye giderim.Birde \u00f6len arkada\u015flar\u0131n cenazesi i\u00e7in.Yoksa ba\u015fka gitmem,gidene de kar\u0131\u015fmam.Camiden eve d\u00f6nd\u00fcm,han\u0131mla,k\u0131zla bayramla\u015ft\u0131k.Ayarlad\u0131\u011f\u0131m adam geldi.Kurban\u0131 kesti,etleri ay\u0131rd\u0131,gitti.Biz de etin bir k\u0131sm\u0131n\u0131 ay\u0131rd\u0131k,kavurma yap\u0131p yedik,bir k\u0131sm\u0131n\u0131 da kesmeyen kom\u015fulara verdik.Bayram ziyaretlerine gittik.Ak\u015fam \u00fczeri k\u0131z\u0131m<\/p>\n<p>&#8221;baba&#8221; dedi &#8216;kurban\u0131n postu \u00f6yle duruyor ne olacak?&#8217;dedi<\/p>\n<p>K\u00f6yde ilk defa kurban kesiyoruz.\u015eehirdeki gibi THK arabas\u0131 gelir al\u0131r diye d\u00fc\u015f\u00fcnd\u00fcm.&#8221;kals\u0131n k\u0131z\u0131m&#8221;dedim.<\/p>\n<p>&#8216;birazdan araba gelir al\u0131r&#8221; Sonra kom\u015fulardan \u00f6\u011frendim ki k\u00f6yde THK arabas\u0131 4. g\u00fcn gelir,b\u00fct\u00fcn derileri bir defada toplar gidermi\u015f.Bu s\u00fcre i\u00e7inde de deriyi tuzlay\u0131p saklamak gerekiyormu\u015f.Bende tuz almam\u0131\u015ft\u0131m.Kom\u015fulara sordum,onlarda da tuz bulamad\u0131m.Herhalde sabaha bulurum dedim.Postu katlay\u0131p bir po\u015fete koydum.Sabah her yere bakt\u0131m,tuz yok.Tuz bulamazsam post kokacak ve hi\u00e7bir i\u015fe yaramayacak.\u00d6yle b\u00f6yle derken 2.g\u00fcnde ge\u00e7ti,tuz yok.3.g\u00fcn bakt\u0131m olacak gibi de\u011fil,deri \u00e7\u00fcr\u00fcmeye ba\u015flad\u0131.Art\u0131k bir i\u015fe yaramayaca\u011f\u0131n\u0131 d\u00fc\u015f\u00fcnerek onu g\u00f6mmeye karar verdim.\u00d6\u011fleden sonra bah\u00e7ede \u00e7ukur a\u00e7t\u0131m ve postu g\u00f6md\u00fcm.Bayramdan sonra jandarmalar geldi,beni al\u0131p g\u00f6t\u00fcrd\u00fcler.Kar\u0131ma merak etmemesini,bir iki saat i\u00e7inde d\u00f6nece\u011fimi,nas\u0131lsa benimle ilgili bir durum<br \/>olamayaca\u011f\u0131n\u0131,kesin bir yanl\u0131\u015fl\u0131k oldu\u011funu s\u00f6yledim.Jandarma karakolunda bana <br \/>&#8221;demek kurban postunu bah\u00e7eye g\u00f6md\u00fcn ha&#8221;dedi astsubay.<\/p>\n<p>&#8221;Evet,g\u00f6md\u00fcm&#8221; dedim ve durumu a\u00e7\u0131klamaya ba\u015flam\u0131\u015ft\u0131m ki <\/p>\n<p>&#8221;g\u00f6md\u00fc\u011f\u00fcn\u00fc kabul ediyorsun ha,kim bilir ka\u00e7 ki\u015fiyi de g\u00f6mm\u00fc\u015fs\u00fcnd\u00fcr sen&#8217; diyerek s\u00f6z\u00fcm\u00fc kesti.&#8217;\u015fimdi g\u00f6r\u00fcrs\u00fcn&#8217; dedi&#8217;<\/p>\n<p>birde askermi\u015fsin sen,ne askeri lan sen olsa olsa y\u0131lan olursun&#8217;.Ben &#8216;ne y\u0131lan\u0131 postu g\u00f6mmekle askerli\u011fin,y\u0131lanl\u0131\u011f\u0131n ne ilgisi var&#8217; diyorum,o ise &#8216;sen bilirsin,sen bilirsin&#8217; diyor ba\u015fka bir \u015fey demiyor.Geceyi orada ge\u00e7irdim.Ertesi g\u00fcn e\u015fyalar\u0131m\u0131 geri verdiklerinde bu sa\u00e7mal\u0131\u011f\u0131n bitti\u011fini d\u00fc\u015f\u00fcnd\u00fcm,ama astsubay bana &#8216;seni polis istiyor,il\u00e7eye gidiyorsun &#8216;dedi.<\/p>\n<p>&#8216;Ne il\u00e7esi ne polisi&#8217; dedim<\/p>\n<p>&#8216;ben eve gitmek istiyorum.&#8217;Ulan<br \/>vatan haini,dua et seni bana b\u0131rakmad\u0131lar.Meslekta\u015f\u0131m olmanda kurtaramazd\u0131 seni elimden.Ama merak etme il\u00e7ede de g\u00f6sterirler sana Hanyay\u0131-Konyay\u0131.&#8217;dedi.Elimde olmadan korkmu\u015ftum.\u00c7\u00fcnk\u00fc \u015fimdiye kadar kimse benimle b\u00f6yle konu\u015fmam\u0131\u015ft\u0131.\u0130l\u00e7eye g\u00f6t\u00fcr\u00fcl\u00fcrken askerler ikide bir bana d\u00f6n\u00fcp<\/p>\n<p>&#8216;utanm\u0131yor musun bu ya\u015fta b\u00f6yle i\u015flerle u\u011fra\u015fmaya,hi\u00e7 devlete kar\u015f\u0131 gelinir mi?&#8217;diyorlar,bende onlara &#8216;yapmay\u0131n etmeyin \u00e7ocuklar ben daha neyle su\u00e7land\u0131\u011f\u0131m\u0131 bile bilmiyorum hem ben devletime niye kar\u015f\u0131 geleyim ki,yok b\u00f6yle bir \u015fey&#8217; diyordum.Onlarsa &#8216;b\u0131rak bu numaralar\u0131 deyip g\u00fcl\u00fcyorlard\u0131.\u00c7\u0131ld\u0131racak gibiydim.\u0130l\u00e7eye geldik ve beni Emniyet&#8217;e b\u0131rak\u0131p gitti askerler.Poliste i\u015fin asl\u0131n\u0131 \u00f6\u011frendim.Me\u011ferse ben postu g\u00f6merken g\u00f6ren birileri ihbar etmi\u015fler beni.&#8217;Bu adam postu devlete vermemek i\u00e7in g\u00f6md\u00fc&#8217; diye.O s\u0131rada da polis il\u00e7ede ad\u0131n\u0131 bile telaffuz edemedi\u011fim bu islamc\u0131 \u00f6rg\u00fcte y\u00f6nelik operasyon ba\u015flatm\u0131\u015f.G\u00f6zalt\u0131na al\u0131nanlardan biride benim e\u015fkalime benzeyen bir tarif verince beni de operasyona kat\u0131yorlar.Ben bunlar\u0131 duyunca sevindim.\u00c7\u00fcnk\u00fc nas\u0131lsa bunlar\u0131n asl\u0131 astar\u0131 yoktu.Ger\u00e7i postu g\u00f6md\u00fc\u011f\u00fcm do\u011fru ama onu da anlatt\u0131m sana.Onlara da ger\u00e7e\u011fi anlatt\u0131m ama bana \u00e7ok g\u00fcld\u00fcler.Benimle dalga ge\u00e7tiler.<br \/>Ad\u0131m\u0131 Tuzsuz Deli Bekir olarak de\u011fi\u015ftirdiler.\u0130kide bir de o tuz laz\u0131m m\u0131 tuz?&#8217;deyip g\u00fcl\u00fcyorlard\u0131.Hatta bir keresinde <\/p>\n<p>&#8216;bug\u00fcnk\u00fc yemek tuzsuz olmu\u015ftu bende onu g\u00f6md\u00fcm&#8217; diyen polis,\u015fefinden takdir bile ald\u0131;iyi espri yap\u0131yormu\u015f.Ama o benim hakk\u0131m\u0131 yemedi.<\/p>\n<p>&#8216;Olur mu?&#8217;dedi&#8217;<\/p>\n<p>Hangimiz Tuzsuz dan daha iyi espri yapabilir&#8217; En son \u00e7are olarak &#8216;beni y\u00fczle\u015ftirin&#8217; dedim.<\/p>\n<p>Nas\u0131lsa hi\u00e7bir ili\u015fkim olmad\u0131\u011f\u0131 i\u00e7in beni kimse te\u015fhis edemeyecek ve kurtulaca\u011f\u0131m\u0131 sanm\u0131\u015ft\u0131m.Ama d\u00fc\u015f\u00fcnd\u00fc\u011f\u00fcm gibi olmad\u0131.Y\u00fczle\u015ftirdikleri adam,beni uzun s\u00fcredir tan\u0131d\u0131\u011f\u0131n\u0131,sorumlu d\u00fczeyde oldu\u011fumu ve \u00f6rg\u00fctte imam kademesinde g\u00f6rev yapt\u0131\u011f\u0131m\u0131 s\u00f6yleyince \u015fa\u015fk\u0131nl\u0131ktan k\u00fc\u00e7\u00fck dilimi yutacakt\u0131m.<\/p>\n<p>&#8216;Yalan&#8217; diye ba\u011f\u0131rd\u0131m ama dinlemediler.<\/p>\n<p>Mahkemede \u00f6rg\u00fct\u00fcn \u00fcst d\u00fczey y\u00f6neticilerinden oldu\u011fuma inan\u0131nca beni tutuklay\u0131p cezaevine att\u0131lar.8 ayd\u0131r i\u00e7erdeyim.Cezaevine girince o mendeburlardan ayr\u0131larak buraya,adlilerin aras\u0131na geldim kendi iste\u011fimle.Ama onlarda bana inanm\u0131yorlar ve dalga ge\u00e7iyorlar &#8216;imam&#8217; diye.Daha ilginci \u00f6rg\u00fct benim i\u00e7in &#8216;O itiraf\u00e7\u0131 oldu,devlete s\u0131\u011f\u0131nd\u0131,onu cezaland\u0131raca\u011f\u0131z&#8217; diyormu\u015f.Ulan ne itiraf\u0131,ne ihaneti be.D\u00fc\u015f\u00fcnebiliyor musun onlar bile beni kendi adamlar\u0131 zannediyor.&#8221;<br \/>&#8220;i\u015fte b\u00f6yle evlat&#8221;dedi benim hikayemde bu,ister inan ister inanma&#8221; Sonra g\u00fcld\u00fc.G\u00fclmesi ge\u00e7ince&#8221;Hayrola baba&#8221;dedim&#8221;ni\u00e7in b\u00f6yle i\u015ftahl\u0131 i\u015ftahl\u0131 g\u00fcld\u00fcn&#8221;&#8221;bak evlat&#8221;dedi&#8221;ben kurban kestim postunu devlete vermek istedim,veremedim.Ama kendi postumu devlete kapt\u0131rd\u0131m,kurbanl\u0131k koyundan beter oldum.\u0130\u015fte buna g\u00fcl\u00fcyorum.&#8221;<\/p>\n","protected":false},"excerpt":{"rendered":"<p>31 Mart-01 Nisan 2000 POST KAVGASI Tekkede\u00a0post\u00a0kavgas\u0131 var.Onunda bir ucundan Dervi\u015f Mehmet,birucundan ben \u00e7ekip duruyoruz.- Cezaevinin 52 no&#8217; lu\u00a0ko\u011fu\u015funa geleli bir hafta olmu\u015ftu.Ko\u011fu\u015fa ve sakinlerine al\u0131\u015fmaya \u00e7al\u0131\u015f\u0131yordum.A\u015fa\u011f\u0131 yukar\u0131 hepsiyle tan\u0131\u015fm\u0131\u015f,hikayelerini dinlemi\u015ftim.Hi\u00e7biri 30 ya\u015f\u0131n\u0131 ge\u00e7memi\u015fti ve yaralama veya h\u0131rs\u0131zl\u0131ktan yat\u0131yorlard\u0131.Yaln\u0131z bir tanesi vard\u0131 ki hi\u00e7bir y\u00f6nden di\u011ferlerine benzemiyordu.Bu 55-60 ya\u015flar\u0131nda,temiz y\u00fczl\u00fc,temiz giyimli bir adamd\u0131.yaln\u0131zd\u0131.Kimseyle sohbet ederken [&hellip;]<\/p>\n","protected":false},"author":1,"featured_media":0,"comment_status":"open","ping_status":"open","sticky":false,"template":"","format":"standard","meta":{"footnotes":""},"categories":[114],"tags":[],"class_list":{"0":"post-302","1":"post","2":"type-post","3":"status-publish","4":"format-standard","6":"category-turkiye-den-oykuler"},"yoast_head":"<!-- This site is optimized with the Yoast SEO Premium plugin v24.9 (Yoast SEO v24.9) - https:\/\/yoast.com\/wordpress\/plugins\/seo\/ -->\n<title>Post Kavgas\u0131 - narteks.net<\/title>\n<meta name=\"robots\" content=\"index, follow, max-snippet:-1, max-image-preview:large, max-video-preview:-1\" \/>\n<link rel=\"canonical\" href=\"https:\/\/narteks.net\/index.php\/2009\/03\/01\/postkavgas\/\" \/>\n<meta property=\"og:locale\" content=\"tr_TR\" \/>\n<meta property=\"og:type\" content=\"article\" \/>\n<meta property=\"og:title\" content=\"Post Kavgas\u0131\" \/>\n<meta property=\"og:description\" content=\"31 Mart-01 Nisan 2000 POST KAVGASI Tekkede\u00a0post\u00a0kavgas\u0131 var.Onunda bir ucundan Dervi\u015f Mehmet,birucundan ben \u00e7ekip duruyoruz.- Cezaevinin 52 no&#8217; lu\u00a0ko\u011fu\u015funa geleli bir hafta olmu\u015ftu.Ko\u011fu\u015fa ve sakinlerine al\u0131\u015fmaya \u00e7al\u0131\u015f\u0131yordum.A\u015fa\u011f\u0131 yukar\u0131 hepsiyle tan\u0131\u015fm\u0131\u015f,hikayelerini dinlemi\u015ftim.Hi\u00e7biri 30 ya\u015f\u0131n\u0131 ge\u00e7memi\u015fti ve yaralama veya h\u0131rs\u0131zl\u0131ktan yat\u0131yorlard\u0131.Yaln\u0131z bir tanesi vard\u0131 ki hi\u00e7bir y\u00f6nden di\u011ferlerine benzemiyordu.Bu 55-60 ya\u015flar\u0131nda,temiz y\u00fczl\u00fc,temiz giyimli bir adamd\u0131.yaln\u0131zd\u0131.Kimseyle sohbet ederken [&hellip;]\" \/>\n<meta property=\"og:url\" content=\"https:\/\/narteks.net\/index.php\/2009\/03\/01\/postkavgas\/\" \/>\n<meta property=\"og:site_name\" content=\"narteks.net\" \/>\n<meta property=\"article:published_time\" content=\"2009-03-01T15:33:30+00:00\" \/>\n<meta property=\"og:image\" content=\"https:\/\/narteks.net\/wp-content\/uploads\/narteks.png\" \/>\n\t<meta property=\"og:image:width\" content=\"300\" \/>\n\t<meta property=\"og:image:height\" content=\"90\" \/>\n\t<meta property=\"og:image:type\" content=\"image\/png\" \/>\n<meta name=\"author\" content=\"Tar\u0131k\" \/>\n<meta name=\"twitter:card\" content=\"summary_large_image\" \/>\n<meta name=\"twitter:creator\" content=\"@narteks\" \/>\n<meta name=\"twitter:site\" content=\"@narteks\" \/>\n<meta name=\"twitter:label1\" content=\"Yazan:\" \/>\n\t<meta name=\"twitter:data1\" content=\"Tar\u0131k\" \/>\n\t<meta name=\"twitter:label2\" content=\"Tahmini okuma s\u00fcresi\" \/>\n\t<meta name=\"twitter:data2\" content=\"7 dakika\" \/>\n<script type=\"application\/ld+json\" class=\"yoast-schema-graph\">{\"@context\":\"https:\/\/schema.org\",\"@graph\":[{\"@type\":\"Article\",\"@id\":\"https:\/\/narteks.net\/index.php\/2009\/03\/01\/postkavgas\/#article\",\"isPartOf\":{\"@id\":\"https:\/\/narteks.net\/index.php\/2009\/03\/01\/postkavgas\/\"},\"author\":{\"name\":\"Tar\u0131k\",\"@id\":\"https:\/\/narteks.net\/#\/schema\/person\/61f37d9834294b72d31d274e7ed79bca\"},\"headline\":\"Post Kavgas\u0131\",\"datePublished\":\"2009-03-01T15:33:30+00:00\",\"mainEntityOfPage\":{\"@id\":\"https:\/\/narteks.net\/index.php\/2009\/03\/01\/postkavgas\/\"},\"wordCount\":1415,\"commentCount\":0,\"publisher\":{\"@id\":\"https:\/\/narteks.net\/#organization\"},\"articleSection\":[\"T\u00fcrkiye'den \u00d6yk\u00fcler\"],\"inLanguage\":\"tr\",\"potentialAction\":[{\"@type\":\"CommentAction\",\"name\":\"Comment\",\"target\":[\"https:\/\/narteks.net\/index.php\/2009\/03\/01\/postkavgas\/#respond\"]}]},{\"@type\":\"WebPage\",\"@id\":\"https:\/\/narteks.net\/index.php\/2009\/03\/01\/postkavgas\/\",\"url\":\"https:\/\/narteks.net\/index.php\/2009\/03\/01\/postkavgas\/\",\"name\":\"Post Kavgas\u0131 - narteks.net\",\"isPartOf\":{\"@id\":\"https:\/\/narteks.net\/#website\"},\"datePublished\":\"2009-03-01T15:33:30+00:00\",\"breadcrumb\":{\"@id\":\"https:\/\/narteks.net\/index.php\/2009\/03\/01\/postkavgas\/#breadcrumb\"},\"inLanguage\":\"tr\",\"potentialAction\":[{\"@type\":\"ReadAction\",\"target\":[\"https:\/\/narteks.net\/index.php\/2009\/03\/01\/postkavgas\/\"]}]},{\"@type\":\"BreadcrumbList\",\"@id\":\"https:\/\/narteks.net\/index.php\/2009\/03\/01\/postkavgas\/#breadcrumb\",\"itemListElement\":[{\"@type\":\"ListItem\",\"position\":1,\"name\":\"Anasayfa\",\"item\":\"https:\/\/narteks.net\/\"},{\"@type\":\"ListItem\",\"position\":2,\"name\":\"Post Kavgas\u0131\"}]},{\"@type\":\"WebSite\",\"@id\":\"https:\/\/narteks.net\/#website\",\"url\":\"https:\/\/narteks.net\/\",\"name\":\"narteks.net\",\"description\":\"K\u00fclt\u00fcr Sanat Edebiyat Felsefe\",\"publisher\":{\"@id\":\"https:\/\/narteks.net\/#organization\"},\"alternateName\":\"K\u00fclt\u00fcr Sanat Edebiyat Felsefe\",\"potentialAction\":[{\"@type\":\"SearchAction\",\"target\":{\"@type\":\"EntryPoint\",\"urlTemplate\":\"https:\/\/narteks.net\/?s={search_term_string}\"},\"query-input\":{\"@type\":\"PropertyValueSpecification\",\"valueRequired\":true,\"valueName\":\"search_term_string\"}}],\"inLanguage\":\"tr\"},{\"@type\":\"Organization\",\"@id\":\"https:\/\/narteks.net\/#organization\",\"name\":\"narteks.net\",\"url\":\"https:\/\/narteks.net\/\",\"logo\":{\"@type\":\"ImageObject\",\"inLanguage\":\"tr\",\"@id\":\"https:\/\/narteks.net\/#\/schema\/logo\/image\/\",\"url\":\"https:\/\/narteks.net\/wp-content\/uploads\/narteks.png\",\"contentUrl\":\"https:\/\/narteks.net\/wp-content\/uploads\/narteks.png\",\"width\":300,\"height\":90,\"caption\":\"narteks.net\"},\"image\":{\"@id\":\"https:\/\/narteks.net\/#\/schema\/logo\/image\/\"},\"sameAs\":[\"https:\/\/x.com\/narteks\",\"https:\/\/instagram.com\/narteksnet\"]},{\"@type\":\"Person\",\"@id\":\"https:\/\/narteks.net\/#\/schema\/person\/61f37d9834294b72d31d274e7ed79bca\",\"name\":\"Tar\u0131k\",\"image\":{\"@type\":\"ImageObject\",\"inLanguage\":\"tr\",\"@id\":\"https:\/\/narteks.net\/#\/schema\/person\/image\/\",\"url\":\"https:\/\/secure.gravatar.com\/avatar\/50865afb55632c4ae467e0af0930f6510aa2297d8014be502a55b14f3b7550cf?s=96&d=mm&r=g\",\"contentUrl\":\"https:\/\/secure.gravatar.com\/avatar\/50865afb55632c4ae467e0af0930f6510aa2297d8014be502a55b14f3b7550cf?s=96&d=mm&r=g\",\"caption\":\"Tar\u0131k\"},\"sameAs\":[\"http:\/\/narteks.net\"],\"url\":\"https:\/\/narteks.net\/index.php\/author\/narbak\/\"}]}<\/script>\n<!-- \/ Yoast SEO Premium plugin. -->","yoast_head_json":{"title":"Post Kavgas\u0131 - narteks.net","robots":{"index":"index","follow":"follow","max-snippet":"max-snippet:-1","max-image-preview":"max-image-preview:large","max-video-preview":"max-video-preview:-1"},"canonical":"https:\/\/narteks.net\/index.php\/2009\/03\/01\/postkavgas\/","og_locale":"tr_TR","og_type":"article","og_title":"Post Kavgas\u0131","og_description":"31 Mart-01 Nisan 2000 POST KAVGASI Tekkede\u00a0post\u00a0kavgas\u0131 var.Onunda bir ucundan Dervi\u015f Mehmet,birucundan ben \u00e7ekip duruyoruz.- Cezaevinin 52 no&#8217; lu\u00a0ko\u011fu\u015funa geleli bir hafta olmu\u015ftu.Ko\u011fu\u015fa ve sakinlerine al\u0131\u015fmaya \u00e7al\u0131\u015f\u0131yordum.A\u015fa\u011f\u0131 yukar\u0131 hepsiyle tan\u0131\u015fm\u0131\u015f,hikayelerini dinlemi\u015ftim.Hi\u00e7biri 30 ya\u015f\u0131n\u0131 ge\u00e7memi\u015fti ve yaralama veya h\u0131rs\u0131zl\u0131ktan yat\u0131yorlard\u0131.Yaln\u0131z bir tanesi vard\u0131 ki hi\u00e7bir y\u00f6nden di\u011ferlerine benzemiyordu.Bu 55-60 ya\u015flar\u0131nda,temiz y\u00fczl\u00fc,temiz giyimli bir adamd\u0131.yaln\u0131zd\u0131.Kimseyle sohbet ederken [&hellip;]","og_url":"https:\/\/narteks.net\/index.php\/2009\/03\/01\/postkavgas\/","og_site_name":"narteks.net","article_published_time":"2009-03-01T15:33:30+00:00","og_image":[{"width":300,"height":90,"url":"https:\/\/narteks.net\/wp-content\/uploads\/narteks.png","type":"image\/png"}],"author":"Tar\u0131k","twitter_card":"summary_large_image","twitter_creator":"@narteks","twitter_site":"@narteks","twitter_misc":{"Yazan:":"Tar\u0131k","Tahmini okuma s\u00fcresi":"7 dakika"},"schema":{"@context":"https:\/\/schema.org","@graph":[{"@type":"Article","@id":"https:\/\/narteks.net\/index.php\/2009\/03\/01\/postkavgas\/#article","isPartOf":{"@id":"https:\/\/narteks.net\/index.php\/2009\/03\/01\/postkavgas\/"},"author":{"name":"Tar\u0131k","@id":"https:\/\/narteks.net\/#\/schema\/person\/61f37d9834294b72d31d274e7ed79bca"},"headline":"Post Kavgas\u0131","datePublished":"2009-03-01T15:33:30+00:00","mainEntityOfPage":{"@id":"https:\/\/narteks.net\/index.php\/2009\/03\/01\/postkavgas\/"},"wordCount":1415,"commentCount":0,"publisher":{"@id":"https:\/\/narteks.net\/#organization"},"articleSection":["T\u00fcrkiye'den \u00d6yk\u00fcler"],"inLanguage":"tr","potentialAction":[{"@type":"CommentAction","name":"Comment","target":["https:\/\/narteks.net\/index.php\/2009\/03\/01\/postkavgas\/#respond"]}]},{"@type":"WebPage","@id":"https:\/\/narteks.net\/index.php\/2009\/03\/01\/postkavgas\/","url":"https:\/\/narteks.net\/index.php\/2009\/03\/01\/postkavgas\/","name":"Post Kavgas\u0131 - narteks.net","isPartOf":{"@id":"https:\/\/narteks.net\/#website"},"datePublished":"2009-03-01T15:33:30+00:00","breadcrumb":{"@id":"https:\/\/narteks.net\/index.php\/2009\/03\/01\/postkavgas\/#breadcrumb"},"inLanguage":"tr","potentialAction":[{"@type":"ReadAction","target":["https:\/\/narteks.net\/index.php\/2009\/03\/01\/postkavgas\/"]}]},{"@type":"BreadcrumbList","@id":"https:\/\/narteks.net\/index.php\/2009\/03\/01\/postkavgas\/#breadcrumb","itemListElement":[{"@type":"ListItem","position":1,"name":"Anasayfa","item":"https:\/\/narteks.net\/"},{"@type":"ListItem","position":2,"name":"Post Kavgas\u0131"}]},{"@type":"WebSite","@id":"https:\/\/narteks.net\/#website","url":"https:\/\/narteks.net\/","name":"narteks.net","description":"K\u00fclt\u00fcr Sanat Edebiyat Felsefe","publisher":{"@id":"https:\/\/narteks.net\/#organization"},"alternateName":"K\u00fclt\u00fcr Sanat Edebiyat Felsefe","potentialAction":[{"@type":"SearchAction","target":{"@type":"EntryPoint","urlTemplate":"https:\/\/narteks.net\/?s={search_term_string}"},"query-input":{"@type":"PropertyValueSpecification","valueRequired":true,"valueName":"search_term_string"}}],"inLanguage":"tr"},{"@type":"Organization","@id":"https:\/\/narteks.net\/#organization","name":"narteks.net","url":"https:\/\/narteks.net\/","logo":{"@type":"ImageObject","inLanguage":"tr","@id":"https:\/\/narteks.net\/#\/schema\/logo\/image\/","url":"https:\/\/narteks.net\/wp-content\/uploads\/narteks.png","contentUrl":"https:\/\/narteks.net\/wp-content\/uploads\/narteks.png","width":300,"height":90,"caption":"narteks.net"},"image":{"@id":"https:\/\/narteks.net\/#\/schema\/logo\/image\/"},"sameAs":["https:\/\/x.com\/narteks","https:\/\/instagram.com\/narteksnet"]},{"@type":"Person","@id":"https:\/\/narteks.net\/#\/schema\/person\/61f37d9834294b72d31d274e7ed79bca","name":"Tar\u0131k","image":{"@type":"ImageObject","inLanguage":"tr","@id":"https:\/\/narteks.net\/#\/schema\/person\/image\/","url":"https:\/\/secure.gravatar.com\/avatar\/50865afb55632c4ae467e0af0930f6510aa2297d8014be502a55b14f3b7550cf?s=96&d=mm&r=g","contentUrl":"https:\/\/secure.gravatar.com\/avatar\/50865afb55632c4ae467e0af0930f6510aa2297d8014be502a55b14f3b7550cf?s=96&d=mm&r=g","caption":"Tar\u0131k"},"sameAs":["http:\/\/narteks.net"],"url":"https:\/\/narteks.net\/index.php\/author\/narbak\/"}]}},"_links":{"self":[{"href":"https:\/\/narteks.net\/index.php\/wp-json\/wp\/v2\/posts\/302","targetHints":{"allow":["GET"]}}],"collection":[{"href":"https:\/\/narteks.net\/index.php\/wp-json\/wp\/v2\/posts"}],"about":[{"href":"https:\/\/narteks.net\/index.php\/wp-json\/wp\/v2\/types\/post"}],"author":[{"embeddable":true,"href":"https:\/\/narteks.net\/index.php\/wp-json\/wp\/v2\/users\/1"}],"replies":[{"embeddable":true,"href":"https:\/\/narteks.net\/index.php\/wp-json\/wp\/v2\/comments?post=302"}],"version-history":[{"count":0,"href":"https:\/\/narteks.net\/index.php\/wp-json\/wp\/v2\/posts\/302\/revisions"}],"wp:attachment":[{"href":"https:\/\/narteks.net\/index.php\/wp-json\/wp\/v2\/media?parent=302"}],"wp:term":[{"taxonomy":"category","embeddable":true,"href":"https:\/\/narteks.net\/index.php\/wp-json\/wp\/v2\/categories?post=302"},{"taxonomy":"post_tag","embeddable":true,"href":"https:\/\/narteks.net\/index.php\/wp-json\/wp\/v2\/tags?post=302"}],"curies":[{"name":"wp","href":"https:\/\/api.w.org\/{rel}","templated":true}]}}