{"id":3045,"date":"2009-12-25T16:10:43","date_gmt":"2009-12-25T13:10:43","guid":{"rendered":"http:\/\/localhost\/wordpress\/2009\/12\/25\/simdi-degil-sonra\/"},"modified":"2009-12-25T16:10:43","modified_gmt":"2009-12-25T13:10:43","slug":"simdi-degil-sonra","status":"publish","type":"post","link":"https:\/\/narteks.net\/index.php\/2009\/12\/25\/simdi-degil-sonra\/","title":{"rendered":"\u015e\u0130MD\u0130 DE\u011e\u0130L SONRA"},"content":{"rendered":"<p>\u00a0<\/p>\n<p>\u00dcrperen sokaklar\u0131 s\u00fcp\u00fcren tipide<br \/>Y\u00fcr\u00fcrken h\u0131zl\u0131<br \/>\u015eimdi de\u011fil sonra<br \/>Vurur y\u00fcz\u00fcn\u00fcze aral\u0131k kap\u0131mdan<br \/>Bir garip yaz s\u0131cakl\u0131\u011f\u0131.<\/p>\n<p>Bir an durursunuz beklemiyor gibi bunu<br \/>\u0130\u00e7eriye girseniz<br \/>\u015eimdi de\u011fil sonra<br \/>Ya\u015famak tel\u00e2\u015f\u0131 \u00e7ekip g\u00f6t\u00fcr\u00fcr sizi<br \/>Esen so\u011fuk r\u00fczg\u00e2rda.<\/p>\n<p>\u015eimdi de\u011fil sonra<br \/>Bakars\u0131n\u0131z ya\u015famak bir g\u00fcn b\u0131rak\u0131verir<br \/>Sizi benim yollara.<br \/>Bir zamanlar kay\u0131ts\u0131z \u00f6n\u00fcnden ge\u00e7ti\u011finiz<br \/>Eski kap\u0131<br \/>\u00c7\u0131kar sisler i\u00e7inden kar\u015f\u0131n\u0131za a\u00e7\u0131k.<br \/>Sahi<br \/>\u0130\u00e7erde<br \/>Sizin de<br \/>Hayat\u0131n\u0131z vard\u0131.<\/p>\n<p>Ve ancak o zaman anlars\u0131n\u0131z<br \/>Y\u0131llar \u00f6nce g\u00f6sterdi\u011fimi k\u0131\u015f\u0131.<\/p>\n<p>Yazd\u0131<br \/>\u015eimdi de\u011fil sonra.<\/p>\n<p><strong>Kaynak:<\/strong> Eski Toprak, 1956<\/p>\n","protected":false},"excerpt":{"rendered":"<p>\u00a0 \u00dcrperen sokaklar\u0131 s\u00fcp\u00fcren tipideY\u00fcr\u00fcrken h\u0131zl\u0131\u015eimdi de\u011fil sonraVurur y\u00fcz\u00fcn\u00fcze aral\u0131k kap\u0131mdanBir garip yaz s\u0131cakl\u0131\u011f\u0131. Bir an durursunuz beklemiyor gibi bunu\u0130\u00e7eriye girseniz\u015eimdi de\u011fil sonraYa\u015famak tel\u00e2\u015f\u0131 \u00e7ekip g\u00f6t\u00fcr\u00fcr siziEsen so\u011fuk r\u00fczg\u00e2rda. \u015eimdi de\u011fil sonraBakars\u0131n\u0131z ya\u015famak bir g\u00fcn b\u0131rak\u0131verirSizi benim yollara.Bir zamanlar kay\u0131ts\u0131z \u00f6n\u00fcnden ge\u00e7ti\u011finizEski kap\u0131\u00c7\u0131kar sisler i\u00e7inden kar\u015f\u0131n\u0131za a\u00e7\u0131k.Sahi\u0130\u00e7erdeSizin deHayat\u0131n\u0131z vard\u0131. Ve ancak o zaman anlars\u0131n\u0131zY\u0131llar \u00f6nce [&hellip;]<\/p>\n","protected":false},"author":1,"featured_media":0,"comment_status":"open","ping_status":"open","sticky":false,"template":"","format":"standard","meta":{"footnotes":""},"categories":[105],"tags":[],"class_list":{"0":"post-3045","1":"post","2":"type-post","3":"status-publish","4":"format-standard","6":"category-behcet-necatigil"},"yoast_head":"<!-- This site is optimized with the Yoast SEO Premium plugin v24.9 (Yoast SEO v24.9) - https:\/\/yoast.com\/wordpress\/plugins\/seo\/ -->\n<title>\u015e\u0130MD\u0130 DE\u011e\u0130L SONRA - narteks.net<\/title>\n<meta name=\"robots\" content=\"index, follow, max-snippet:-1, max-image-preview:large, max-video-preview:-1\" \/>\n<link rel=\"canonical\" href=\"https:\/\/narteks.net\/index.php\/2009\/12\/25\/simdi-degil-sonra\/\" \/>\n<meta property=\"og:locale\" content=\"tr_TR\" \/>\n<meta property=\"og:type\" content=\"article\" \/>\n<meta property=\"og:title\" content=\"\u015e\u0130MD\u0130 DE\u011e\u0130L SONRA\" \/>\n<meta property=\"og:description\" content=\"\u00a0 \u00dcrperen sokaklar\u0131 s\u00fcp\u00fcren tipideY\u00fcr\u00fcrken h\u0131zl\u0131\u015eimdi de\u011fil sonraVurur y\u00fcz\u00fcn\u00fcze aral\u0131k kap\u0131mdanBir garip yaz s\u0131cakl\u0131\u011f\u0131. Bir an durursunuz beklemiyor gibi bunu\u0130\u00e7eriye girseniz\u015eimdi de\u011fil sonraYa\u015famak tel\u00e2\u015f\u0131 \u00e7ekip g\u00f6t\u00fcr\u00fcr siziEsen so\u011fuk r\u00fczg\u00e2rda. \u015eimdi de\u011fil sonraBakars\u0131n\u0131z ya\u015famak bir g\u00fcn b\u0131rak\u0131verirSizi benim yollara.Bir zamanlar kay\u0131ts\u0131z \u00f6n\u00fcnden ge\u00e7ti\u011finizEski kap\u0131\u00c7\u0131kar sisler i\u00e7inden kar\u015f\u0131n\u0131za a\u00e7\u0131k.Sahi\u0130\u00e7erdeSizin deHayat\u0131n\u0131z vard\u0131. Ve ancak o zaman anlars\u0131n\u0131zY\u0131llar \u00f6nce [&hellip;]\" \/>\n<meta property=\"og:url\" content=\"https:\/\/narteks.net\/index.php\/2009\/12\/25\/simdi-degil-sonra\/\" \/>\n<meta property=\"og:site_name\" content=\"narteks.net\" \/>\n<meta property=\"article:published_time\" content=\"2009-12-25T13:10:43+00:00\" \/>\n<meta property=\"og:image\" content=\"https:\/\/narteks.net\/wp-content\/uploads\/narteks.png\" \/>\n\t<meta property=\"og:image:width\" content=\"300\" \/>\n\t<meta property=\"og:image:height\" content=\"90\" \/>\n\t<meta property=\"og:image:type\" content=\"image\/png\" \/>\n<meta name=\"author\" content=\"Tar\u0131k\" \/>\n<meta name=\"twitter:card\" content=\"summary_large_image\" \/>\n<meta name=\"twitter:creator\" content=\"@narteks\" \/>\n<meta name=\"twitter:site\" content=\"@narteks\" \/>\n<meta name=\"twitter:label1\" content=\"Yazan:\" \/>\n\t<meta name=\"twitter:data1\" content=\"Tar\u0131k\" \/>\n\t<meta name=\"twitter:label2\" content=\"Tahmini okuma s\u00fcresi\" \/>\n\t<meta name=\"twitter:data2\" content=\"1 dakika\" \/>\n<script type=\"application\/ld+json\" class=\"yoast-schema-graph\">{\"@context\":\"https:\/\/schema.org\",\"@graph\":[{\"@type\":\"Article\",\"@id\":\"https:\/\/narteks.net\/index.php\/2009\/12\/25\/simdi-degil-sonra\/#article\",\"isPartOf\":{\"@id\":\"https:\/\/narteks.net\/index.php\/2009\/12\/25\/simdi-degil-sonra\/\"},\"author\":{\"name\":\"Tar\u0131k\",\"@id\":\"https:\/\/narteks.net\/#\/schema\/person\/61f37d9834294b72d31d274e7ed79bca\"},\"headline\":\"\u015e\u0130MD\u0130 DE\u011e\u0130L SONRA\",\"datePublished\":\"2009-12-25T13:10:43+00:00\",\"mainEntityOfPage\":{\"@id\":\"https:\/\/narteks.net\/index.php\/2009\/12\/25\/simdi-degil-sonra\/\"},\"wordCount\":118,\"commentCount\":0,\"publisher\":{\"@id\":\"https:\/\/narteks.net\/#organization\"},\"articleSection\":[\"Beh\u00e7et NECAT\u0130G\u0130L\"],\"inLanguage\":\"tr\",\"potentialAction\":[{\"@type\":\"CommentAction\",\"name\":\"Comment\",\"target\":[\"https:\/\/narteks.net\/index.php\/2009\/12\/25\/simdi-degil-sonra\/#respond\"]}]},{\"@type\":\"WebPage\",\"@id\":\"https:\/\/narteks.net\/index.php\/2009\/12\/25\/simdi-degil-sonra\/\",\"url\":\"https:\/\/narteks.net\/index.php\/2009\/12\/25\/simdi-degil-sonra\/\",\"name\":\"\u015e\u0130MD\u0130 DE\u011e\u0130L SONRA - narteks.net\",\"isPartOf\":{\"@id\":\"https:\/\/narteks.net\/#website\"},\"datePublished\":\"2009-12-25T13:10:43+00:00\",\"breadcrumb\":{\"@id\":\"https:\/\/narteks.net\/index.php\/2009\/12\/25\/simdi-degil-sonra\/#breadcrumb\"},\"inLanguage\":\"tr\",\"potentialAction\":[{\"@type\":\"ReadAction\",\"target\":[\"https:\/\/narteks.net\/index.php\/2009\/12\/25\/simdi-degil-sonra\/\"]}]},{\"@type\":\"BreadcrumbList\",\"@id\":\"https:\/\/narteks.net\/index.php\/2009\/12\/25\/simdi-degil-sonra\/#breadcrumb\",\"itemListElement\":[{\"@type\":\"ListItem\",\"position\":1,\"name\":\"Anasayfa\",\"item\":\"https:\/\/narteks.net\/\"},{\"@type\":\"ListItem\",\"position\":2,\"name\":\"\u015e\u0130MD\u0130 DE\u011e\u0130L SONRA\"}]},{\"@type\":\"WebSite\",\"@id\":\"https:\/\/narteks.net\/#website\",\"url\":\"https:\/\/narteks.net\/\",\"name\":\"narteks.net\",\"description\":\"K\u00fclt\u00fcr Sanat Edebiyat Felsefe\",\"publisher\":{\"@id\":\"https:\/\/narteks.net\/#organization\"},\"alternateName\":\"K\u00fclt\u00fcr Sanat Edebiyat Felsefe\",\"potentialAction\":[{\"@type\":\"SearchAction\",\"target\":{\"@type\":\"EntryPoint\",\"urlTemplate\":\"https:\/\/narteks.net\/?s={search_term_string}\"},\"query-input\":{\"@type\":\"PropertyValueSpecification\",\"valueRequired\":true,\"valueName\":\"search_term_string\"}}],\"inLanguage\":\"tr\"},{\"@type\":\"Organization\",\"@id\":\"https:\/\/narteks.net\/#organization\",\"name\":\"narteks.net\",\"url\":\"https:\/\/narteks.net\/\",\"logo\":{\"@type\":\"ImageObject\",\"inLanguage\":\"tr\",\"@id\":\"https:\/\/narteks.net\/#\/schema\/logo\/image\/\",\"url\":\"https:\/\/narteks.net\/wp-content\/uploads\/narteks.png\",\"contentUrl\":\"https:\/\/narteks.net\/wp-content\/uploads\/narteks.png\",\"width\":300,\"height\":90,\"caption\":\"narteks.net\"},\"image\":{\"@id\":\"https:\/\/narteks.net\/#\/schema\/logo\/image\/\"},\"sameAs\":[\"https:\/\/x.com\/narteks\",\"https:\/\/instagram.com\/narteksnet\"]},{\"@type\":\"Person\",\"@id\":\"https:\/\/narteks.net\/#\/schema\/person\/61f37d9834294b72d31d274e7ed79bca\",\"name\":\"Tar\u0131k\",\"image\":{\"@type\":\"ImageObject\",\"inLanguage\":\"tr\",\"@id\":\"https:\/\/narteks.net\/#\/schema\/person\/image\/\",\"url\":\"https:\/\/secure.gravatar.com\/avatar\/50865afb55632c4ae467e0af0930f6510aa2297d8014be502a55b14f3b7550cf?s=96&d=mm&r=g\",\"contentUrl\":\"https:\/\/secure.gravatar.com\/avatar\/50865afb55632c4ae467e0af0930f6510aa2297d8014be502a55b14f3b7550cf?s=96&d=mm&r=g\",\"caption\":\"Tar\u0131k\"},\"sameAs\":[\"http:\/\/narteks.net\"],\"url\":\"https:\/\/narteks.net\/index.php\/author\/narbak\/\"}]}<\/script>\n<!-- \/ Yoast SEO Premium plugin. -->","yoast_head_json":{"title":"\u015e\u0130MD\u0130 DE\u011e\u0130L SONRA - narteks.net","robots":{"index":"index","follow":"follow","max-snippet":"max-snippet:-1","max-image-preview":"max-image-preview:large","max-video-preview":"max-video-preview:-1"},"canonical":"https:\/\/narteks.net\/index.php\/2009\/12\/25\/simdi-degil-sonra\/","og_locale":"tr_TR","og_type":"article","og_title":"\u015e\u0130MD\u0130 DE\u011e\u0130L SONRA","og_description":"\u00a0 \u00dcrperen sokaklar\u0131 s\u00fcp\u00fcren tipideY\u00fcr\u00fcrken h\u0131zl\u0131\u015eimdi de\u011fil sonraVurur y\u00fcz\u00fcn\u00fcze aral\u0131k kap\u0131mdanBir garip yaz s\u0131cakl\u0131\u011f\u0131. Bir an durursunuz beklemiyor gibi bunu\u0130\u00e7eriye girseniz\u015eimdi de\u011fil sonraYa\u015famak tel\u00e2\u015f\u0131 \u00e7ekip g\u00f6t\u00fcr\u00fcr siziEsen so\u011fuk r\u00fczg\u00e2rda. \u015eimdi de\u011fil sonraBakars\u0131n\u0131z ya\u015famak bir g\u00fcn b\u0131rak\u0131verirSizi benim yollara.Bir zamanlar kay\u0131ts\u0131z \u00f6n\u00fcnden ge\u00e7ti\u011finizEski kap\u0131\u00c7\u0131kar sisler i\u00e7inden kar\u015f\u0131n\u0131za a\u00e7\u0131k.Sahi\u0130\u00e7erdeSizin deHayat\u0131n\u0131z vard\u0131. Ve ancak o zaman anlars\u0131n\u0131zY\u0131llar \u00f6nce [&hellip;]","og_url":"https:\/\/narteks.net\/index.php\/2009\/12\/25\/simdi-degil-sonra\/","og_site_name":"narteks.net","article_published_time":"2009-12-25T13:10:43+00:00","og_image":[{"width":300,"height":90,"url":"https:\/\/narteks.net\/wp-content\/uploads\/narteks.png","type":"image\/png"}],"author":"Tar\u0131k","twitter_card":"summary_large_image","twitter_creator":"@narteks","twitter_site":"@narteks","twitter_misc":{"Yazan:":"Tar\u0131k","Tahmini okuma s\u00fcresi":"1 dakika"},"schema":{"@context":"https:\/\/schema.org","@graph":[{"@type":"Article","@id":"https:\/\/narteks.net\/index.php\/2009\/12\/25\/simdi-degil-sonra\/#article","isPartOf":{"@id":"https:\/\/narteks.net\/index.php\/2009\/12\/25\/simdi-degil-sonra\/"},"author":{"name":"Tar\u0131k","@id":"https:\/\/narteks.net\/#\/schema\/person\/61f37d9834294b72d31d274e7ed79bca"},"headline":"\u015e\u0130MD\u0130 DE\u011e\u0130L SONRA","datePublished":"2009-12-25T13:10:43+00:00","mainEntityOfPage":{"@id":"https:\/\/narteks.net\/index.php\/2009\/12\/25\/simdi-degil-sonra\/"},"wordCount":118,"commentCount":0,"publisher":{"@id":"https:\/\/narteks.net\/#organization"},"articleSection":["Beh\u00e7et NECAT\u0130G\u0130L"],"inLanguage":"tr","potentialAction":[{"@type":"CommentAction","name":"Comment","target":["https:\/\/narteks.net\/index.php\/2009\/12\/25\/simdi-degil-sonra\/#respond"]}]},{"@type":"WebPage","@id":"https:\/\/narteks.net\/index.php\/2009\/12\/25\/simdi-degil-sonra\/","url":"https:\/\/narteks.net\/index.php\/2009\/12\/25\/simdi-degil-sonra\/","name":"\u015e\u0130MD\u0130 DE\u011e\u0130L SONRA - narteks.net","isPartOf":{"@id":"https:\/\/narteks.net\/#website"},"datePublished":"2009-12-25T13:10:43+00:00","breadcrumb":{"@id":"https:\/\/narteks.net\/index.php\/2009\/12\/25\/simdi-degil-sonra\/#breadcrumb"},"inLanguage":"tr","potentialAction":[{"@type":"ReadAction","target":["https:\/\/narteks.net\/index.php\/2009\/12\/25\/simdi-degil-sonra\/"]}]},{"@type":"BreadcrumbList","@id":"https:\/\/narteks.net\/index.php\/2009\/12\/25\/simdi-degil-sonra\/#breadcrumb","itemListElement":[{"@type":"ListItem","position":1,"name":"Anasayfa","item":"https:\/\/narteks.net\/"},{"@type":"ListItem","position":2,"name":"\u015e\u0130MD\u0130 DE\u011e\u0130L SONRA"}]},{"@type":"WebSite","@id":"https:\/\/narteks.net\/#website","url":"https:\/\/narteks.net\/","name":"narteks.net","description":"K\u00fclt\u00fcr Sanat Edebiyat Felsefe","publisher":{"@id":"https:\/\/narteks.net\/#organization"},"alternateName":"K\u00fclt\u00fcr Sanat Edebiyat Felsefe","potentialAction":[{"@type":"SearchAction","target":{"@type":"EntryPoint","urlTemplate":"https:\/\/narteks.net\/?s={search_term_string}"},"query-input":{"@type":"PropertyValueSpecification","valueRequired":true,"valueName":"search_term_string"}}],"inLanguage":"tr"},{"@type":"Organization","@id":"https:\/\/narteks.net\/#organization","name":"narteks.net","url":"https:\/\/narteks.net\/","logo":{"@type":"ImageObject","inLanguage":"tr","@id":"https:\/\/narteks.net\/#\/schema\/logo\/image\/","url":"https:\/\/narteks.net\/wp-content\/uploads\/narteks.png","contentUrl":"https:\/\/narteks.net\/wp-content\/uploads\/narteks.png","width":300,"height":90,"caption":"narteks.net"},"image":{"@id":"https:\/\/narteks.net\/#\/schema\/logo\/image\/"},"sameAs":["https:\/\/x.com\/narteks","https:\/\/instagram.com\/narteksnet"]},{"@type":"Person","@id":"https:\/\/narteks.net\/#\/schema\/person\/61f37d9834294b72d31d274e7ed79bca","name":"Tar\u0131k","image":{"@type":"ImageObject","inLanguage":"tr","@id":"https:\/\/narteks.net\/#\/schema\/person\/image\/","url":"https:\/\/secure.gravatar.com\/avatar\/50865afb55632c4ae467e0af0930f6510aa2297d8014be502a55b14f3b7550cf?s=96&d=mm&r=g","contentUrl":"https:\/\/secure.gravatar.com\/avatar\/50865afb55632c4ae467e0af0930f6510aa2297d8014be502a55b14f3b7550cf?s=96&d=mm&r=g","caption":"Tar\u0131k"},"sameAs":["http:\/\/narteks.net"],"url":"https:\/\/narteks.net\/index.php\/author\/narbak\/"}]}},"_links":{"self":[{"href":"https:\/\/narteks.net\/index.php\/wp-json\/wp\/v2\/posts\/3045","targetHints":{"allow":["GET"]}}],"collection":[{"href":"https:\/\/narteks.net\/index.php\/wp-json\/wp\/v2\/posts"}],"about":[{"href":"https:\/\/narteks.net\/index.php\/wp-json\/wp\/v2\/types\/post"}],"author":[{"embeddable":true,"href":"https:\/\/narteks.net\/index.php\/wp-json\/wp\/v2\/users\/1"}],"replies":[{"embeddable":true,"href":"https:\/\/narteks.net\/index.php\/wp-json\/wp\/v2\/comments?post=3045"}],"version-history":[{"count":0,"href":"https:\/\/narteks.net\/index.php\/wp-json\/wp\/v2\/posts\/3045\/revisions"}],"wp:attachment":[{"href":"https:\/\/narteks.net\/index.php\/wp-json\/wp\/v2\/media?parent=3045"}],"wp:term":[{"taxonomy":"category","embeddable":true,"href":"https:\/\/narteks.net\/index.php\/wp-json\/wp\/v2\/categories?post=3045"},{"taxonomy":"post_tag","embeddable":true,"href":"https:\/\/narteks.net\/index.php\/wp-json\/wp\/v2\/tags?post=3045"}],"curies":[{"name":"wp","href":"https:\/\/api.w.org\/{rel}","templated":true}]}}