{"id":3060,"date":"2009-12-25T16:47:34","date_gmt":"2009-12-25T13:47:34","guid":{"rendered":"http:\/\/localhost\/wordpress\/2009\/12\/25\/yahya-kemal-beyatli-biyografisi\/"},"modified":"2009-12-25T16:47:34","modified_gmt":"2009-12-25T13:47:34","slug":"yahya-kemal-beyatli-biyografisi","status":"publish","type":"post","link":"https:\/\/narteks.net\/index.php\/2009\/12\/25\/yahya-kemal-beyatli-biyografisi\/","title":{"rendered":"Yahya Kemal BEYATLI Biyografisi"},"content":{"rendered":"<p><img loading=\"lazy\" decoding=\"async\" src=\"http:\/\/upload.wikimedia.org\/wikipedia\/tr\/3\/32\/YahyaKemalBeyatl%C4%B1.jpg\" border=\"0\" width=\"155\" height=\"205\" \/><\/p>\n<p style=\"text-align: justify;\">Yahya Kemal Beyatl\u0131 (2 Aral\u0131k 1884 &#8211; 1 Kas\u0131m 1958), T\u00fcrk \u015fair ve yazard\u0131r.<\/p>\n<p>1884 y\u0131l\u0131nda Yenimahalle \u00dcsk\u00fcp&#8217;te d\u00fcnyaya gelmi\u015ftir. Annesinin ismi Zeynep babas\u0131n\u0131n ise Salih Alp&#8217;d\u0131r. As\u0131l ad\u0131 Ahmed Ag\u00e2h&#8217;t\u0131r. \u0130lk\u00f6\u011frenimini \u00dcsk\u00fcp&#8217;te g\u00f6rd\u00fc. \u0130stanbul Vefa Lisesi mezunudur. Ba\u015flang\u0131\u00e7ta Sultan II. Abd\u00fclhamit y\u00f6netimine kar\u015f\u0131 muhaliflerin saf\u0131nda yer alarak Paris&#8217;e gitti. Fransa&#8217;da siyasal bilgiler okurken hocas\u0131 Albert Sorrel&#8217;in etkisinde kald\u0131 ve d\u00fc\u015f\u00fcncelerinde de\u011fi\u015fmeler oldu.<\/p>\n<p>Fransa&#8217;da 9 y\u0131l kald\u0131. Frans\u0131z Edebiyat\u0131&#8217;n\u0131 ve edebiyat\u00e7\u0131lar\u0131n\u0131 yak\u0131ndan tan\u0131ma imk\u00e2n\u0131 buldu. Onlardan etkilendi. Do\u011fu Dilleri Okulu&#8217;na devam ederek Arap\u00e7a ve Fars\u00e7a&#8217;s\u0131n\u0131 geli\u015ftirdi. Divan \u015fiiri \u00fczerinde yo\u011funla\u015ft\u0131.<\/p>\n<p>1913 y\u0131l\u0131nda \u0130stanbul&#8217;a d\u00f6nd\u00fc. Dar\u00fclf\u00fcn\u00fbn&#8217;da tarih ve edebiyat dersleri okuttu. Gazete ve dergilerde yaz\u0131lar yazd\u0131. Lozan Konferans\u0131&#8217;na kat\u0131ld\u0131. 1923&#8217;te Urfa Milletvekili se\u00e7ildi. \u00c7e\u015fitli \u00fclkelerde diplomatik g\u00f6revler alarak T\u00fcrkiye&#8217;yi temsil etti. Yozgat, Tekirda\u011f ve \u0130stanbul Milletvekilli\u011fi yapt\u0131. Pakistan B\u00fcy\u00fckel\u00e7ili\u011fi g\u00f6revindeyken 1949 &#8216;da emekli oldu ve yurda d\u00f6nd\u00fc.<\/p>\n<p>Tedavi i\u00e7in Paris&#8217;e gitti. Bir y\u0131l sonra 1958&#8217;de \u00f6ld\u00fc. Cumhuriyet d\u00f6nemi T\u00fcrk \u015fiirinin en b\u00fcy\u00fck temsilcilerinden birisidir. Edebiyata ilk at\u0131ld\u0131\u011f\u0131 vakitler Bak\u00ee&#8217;nin bir taklit\u00e7isi olarak lanse edilmi\u015ftir ama onun sanat dehas\u0131 daha sonra bu \u00e7evrede kendisinin \u00e7a\u011f\u0131nda kendine \u00f6zg\u00fc bir \u015fair oldu\u011funu kan\u0131tlam\u0131\u015ft\u0131r.<\/p>\n<p>Edebiyat tarihi ve edebiyat tarih\u00e7ileri &#8220;D\u00f6rt Aruzcular&#8221; olarak adland\u0131r\u0131lanlar i\u00e7inde Tevfik Fikret, Mehmet Akif Ersoy ve Ahmet Ha\u015fim&#8217;in bulundu\u011fu kavram ayr\u0131m\u0131 i\u00e7ine koymu\u015ftur. \u015eiirlerinde aruz \u00f6l\u00e7\u00fcs\u00fcn\u00fc kullanm\u0131\u015f olmas\u0131na ra\u011fmen tek bir \u015fiiri bu konu da istisna olmu\u015ftur: O da, 11&#8217;lik hece vezniyle yazd\u0131\u011f\u0131 Ok \u015fiiridir. Klasik \u015fiirimizin temel \u00f6zelliklerine ba\u011fl\u0131 kalarak, kendine \u00f6zg\u00fc bir \u015fair olmu\u015ftur.<br \/>A\u015fiyan Mezarl\u0131\u011f\u0131&#8217;ndaki mezar\u0131<\/p>\n<p>\u015eiirleri<\/p>\n<p> * A\u00e7\u0131k Deniz<br \/> * Ak\u0131nc\u0131<br \/> * Ak\u015fam M\u00fbs\u0131k\u00eesi<br \/> * Atik-Valde&#8217;den \u0130nen Sokakta<br \/> * Aziz \u0130stanbul<br \/> * Bir Ba\u015fka Tepeden<br \/> * B\u00fcy\u00fc \u015eiir<br \/> * Deniz T\u00fcrk\u00fcs\u00fc<br \/> * Duyu\u015f ve D\u00fc\u015f\u00fcn\u00fc\u015f<br \/> * D\u00fc\u015f\u00fcnce<br \/> * End\u00fcl\u00fcs&#8217;te Raks<br \/> * Erenk\u00f6y\u2019\u00fcnde Bahar<br \/> * Eyl\u00fcl Sonu<br \/> * Gece Bestesi<br \/> * Ge\u00e7mi\u015f Yaz<br \/> * G\u00fcftesiz Beste<br \/> * Hay\u00e2l Beste<br \/> * Hayal \u015eehir<br \/> * Itr\u00ee<br \/> * \u0130stanbul&#8217;u Fetheden Yeni\u00e7eriye Gazel<br \/> * \u0130stanbul&#8217;un Fethini G\u00f6ren \u00dcsk\u00fcdar<br \/> * Kar M\u00fbsik\u00eeleri<br \/> * Kaybolan \u015eehir<br \/> * Koca Must\u00e2pa\u015fa<br \/> * Mehlika Sultan<br \/> * Moha\u00e7 T\u00fcrk\u00fcs\u00fc<br \/> * Nazar<br \/> * O R\u00fczg\u00e2r<br \/> * Ok<br \/> * \u00d6zleyen<br \/> * Rindlerin Ak\u015fam\u0131<br \/> * Rindlerin Hayat\u0131<br \/> * Rindlerin \u00d6l\u00fcm\u00fc<br \/> * Rubai<br \/> * Ses<br \/> * Sessiz Gemi<br \/> * Siste S\u00f6yleni\u015f<br \/> * Sonbahar<br \/> * S\u00fcleymaniye&#8217;de Bayram Sabah\u0131<br \/> * \u015eark\u0131<br \/> * Tel\u00e2kki<br \/> * Tolto<br \/> * U\u00e7u\u015f<br \/> * Ufuklar<br \/> * \u00dcsk\u00fcdar&#8217;\u0131n Dost I\u015f\u0131klar\u0131<br \/> * Vuslat<br \/> * Yol D\u00fc\u015f\u00fcncesi<\/p>\n<p>Kitaplar\u0131<\/p>\n<p> * Kendi G\u00f6k Kubbemiz (1961)<br \/> * Eski \u015eiirin R\u00fczg\u00e2r\u0131yla (1962)<br \/> * Rubailer ve Hayyam\u2019\u0131n Rubailerini T\u00fcrk\u00e7e S\u00f6yleyi\u015f (1963)<br \/> * Aziz \u0130stanbul (1964)<br \/> * E\u011fil Da\u011flar (1966)<br \/> * Siyas\u00ee Hik\u00e2yeler (1968)<br \/> * Siyas\u00ee ve Edeb\u00ee Portreler (1968)<br \/> * Edebiyata Dair (1971)<br \/> * \u00c7ocuklu\u011fum, Gen\u00e7li\u011fim, Siyas\u00ee ve Edeb\u00ee Hat\u0131ralar\u0131m (1973)<br \/> * Tarih Musahabeleri (1975)<br \/> * Bitmemi\u015f \u015eiirler (1976)<br \/> * Mektuplar-Makaleler (1977)<\/p>\n","protected":false},"excerpt":{"rendered":"<p>Yahya Kemal Beyatl\u0131 (2 Aral\u0131k 1884 &#8211; 1 Kas\u0131m 1958), T\u00fcrk \u015fair ve yazard\u0131r. 1884 y\u0131l\u0131nda Yenimahalle \u00dcsk\u00fcp&#8217;te d\u00fcnyaya gelmi\u015ftir. Annesinin ismi Zeynep babas\u0131n\u0131n ise Salih Alp&#8217;d\u0131r. As\u0131l ad\u0131 Ahmed Ag\u00e2h&#8217;t\u0131r. \u0130lk\u00f6\u011frenimini \u00dcsk\u00fcp&#8217;te g\u00f6rd\u00fc. \u0130stanbul Vefa Lisesi mezunudur. Ba\u015flang\u0131\u00e7ta Sultan II. Abd\u00fclhamit y\u00f6netimine kar\u015f\u0131 muhaliflerin saf\u0131nda yer alarak Paris&#8217;e gitti. Fransa&#8217;da siyasal bilgiler okurken hocas\u0131 [&hellip;]<\/p>\n","protected":false},"author":1,"featured_media":0,"comment_status":"open","ping_status":"open","sticky":false,"template":"","format":"standard","meta":{"footnotes":""},"categories":[106],"tags":[],"class_list":{"0":"post-3060","1":"post","2":"type-post","3":"status-publish","4":"format-standard","6":"category-yahya-kemal-beyatli"},"yoast_head":"<!-- This site is optimized with the Yoast SEO Premium plugin v24.9 (Yoast SEO v24.9) - https:\/\/yoast.com\/wordpress\/plugins\/seo\/ -->\n<title>Yahya Kemal BEYATLI Biyografisi - narteks.net<\/title>\n<meta name=\"robots\" content=\"index, follow, max-snippet:-1, max-image-preview:large, max-video-preview:-1\" \/>\n<link rel=\"canonical\" href=\"https:\/\/narteks.net\/index.php\/2009\/12\/25\/yahya-kemal-beyatli-biyografisi\/\" \/>\n<meta property=\"og:locale\" content=\"tr_TR\" \/>\n<meta property=\"og:type\" content=\"article\" \/>\n<meta property=\"og:title\" content=\"Yahya Kemal BEYATLI Biyografisi\" \/>\n<meta property=\"og:description\" content=\"Yahya Kemal Beyatl\u0131 (2 Aral\u0131k 1884 &#8211; 1 Kas\u0131m 1958), T\u00fcrk \u015fair ve yazard\u0131r. 1884 y\u0131l\u0131nda Yenimahalle \u00dcsk\u00fcp&#8217;te d\u00fcnyaya gelmi\u015ftir. Annesinin ismi Zeynep babas\u0131n\u0131n ise Salih Alp&#8217;d\u0131r. As\u0131l ad\u0131 Ahmed Ag\u00e2h&#8217;t\u0131r. \u0130lk\u00f6\u011frenimini \u00dcsk\u00fcp&#8217;te g\u00f6rd\u00fc. \u0130stanbul Vefa Lisesi mezunudur. Ba\u015flang\u0131\u00e7ta Sultan II. Abd\u00fclhamit y\u00f6netimine kar\u015f\u0131 muhaliflerin saf\u0131nda yer alarak Paris&#8217;e gitti. Fransa&#8217;da siyasal bilgiler okurken hocas\u0131 [&hellip;]\" \/>\n<meta property=\"og:url\" content=\"https:\/\/narteks.net\/index.php\/2009\/12\/25\/yahya-kemal-beyatli-biyografisi\/\" \/>\n<meta property=\"og:site_name\" content=\"narteks.net\" \/>\n<meta property=\"article:published_time\" content=\"2009-12-25T13:47:34+00:00\" \/>\n<meta property=\"og:image\" content=\"http:\/\/upload.wikimedia.org\/wikipedia\/tr\/3\/32\/YahyaKemalBeyatl%C4%B1.jpg\" \/>\n<meta name=\"author\" content=\"Tar\u0131k\" \/>\n<meta name=\"twitter:card\" content=\"summary_large_image\" \/>\n<meta name=\"twitter:creator\" content=\"@narteks\" \/>\n<meta name=\"twitter:site\" content=\"@narteks\" \/>\n<meta name=\"twitter:label1\" content=\"Yazan:\" \/>\n\t<meta name=\"twitter:data1\" content=\"Tar\u0131k\" \/>\n\t<meta name=\"twitter:label2\" content=\"Tahmini okuma s\u00fcresi\" \/>\n\t<meta name=\"twitter:data2\" content=\"3 dakika\" \/>\n<script type=\"application\/ld+json\" class=\"yoast-schema-graph\">{\"@context\":\"https:\/\/schema.org\",\"@graph\":[{\"@type\":\"Article\",\"@id\":\"https:\/\/narteks.net\/index.php\/2009\/12\/25\/yahya-kemal-beyatli-biyografisi\/#article\",\"isPartOf\":{\"@id\":\"https:\/\/narteks.net\/index.php\/2009\/12\/25\/yahya-kemal-beyatli-biyografisi\/\"},\"author\":{\"name\":\"Tar\u0131k\",\"@id\":\"https:\/\/narteks.net\/#\/schema\/person\/61f37d9834294b72d31d274e7ed79bca\"},\"headline\":\"Yahya Kemal BEYATLI Biyografisi\",\"datePublished\":\"2009-12-25T13:47:34+00:00\",\"mainEntityOfPage\":{\"@id\":\"https:\/\/narteks.net\/index.php\/2009\/12\/25\/yahya-kemal-beyatli-biyografisi\/\"},\"wordCount\":511,\"commentCount\":0,\"publisher\":{\"@id\":\"https:\/\/narteks.net\/#organization\"},\"image\":{\"@id\":\"https:\/\/narteks.net\/index.php\/2009\/12\/25\/yahya-kemal-beyatli-biyografisi\/#primaryimage\"},\"thumbnailUrl\":\"http:\/\/upload.wikimedia.org\/wikipedia\/tr\/3\/32\/YahyaKemalBeyatl%C4%B1.jpg\",\"articleSection\":[\"Yahya Kemal BEYATLI\"],\"inLanguage\":\"tr\",\"potentialAction\":[{\"@type\":\"CommentAction\",\"name\":\"Comment\",\"target\":[\"https:\/\/narteks.net\/index.php\/2009\/12\/25\/yahya-kemal-beyatli-biyografisi\/#respond\"]}]},{\"@type\":\"WebPage\",\"@id\":\"https:\/\/narteks.net\/index.php\/2009\/12\/25\/yahya-kemal-beyatli-biyografisi\/\",\"url\":\"https:\/\/narteks.net\/index.php\/2009\/12\/25\/yahya-kemal-beyatli-biyografisi\/\",\"name\":\"Yahya Kemal BEYATLI Biyografisi - narteks.net\",\"isPartOf\":{\"@id\":\"https:\/\/narteks.net\/#website\"},\"primaryImageOfPage\":{\"@id\":\"https:\/\/narteks.net\/index.php\/2009\/12\/25\/yahya-kemal-beyatli-biyografisi\/#primaryimage\"},\"image\":{\"@id\":\"https:\/\/narteks.net\/index.php\/2009\/12\/25\/yahya-kemal-beyatli-biyografisi\/#primaryimage\"},\"thumbnailUrl\":\"http:\/\/upload.wikimedia.org\/wikipedia\/tr\/3\/32\/YahyaKemalBeyatl%C4%B1.jpg\",\"datePublished\":\"2009-12-25T13:47:34+00:00\",\"breadcrumb\":{\"@id\":\"https:\/\/narteks.net\/index.php\/2009\/12\/25\/yahya-kemal-beyatli-biyografisi\/#breadcrumb\"},\"inLanguage\":\"tr\",\"potentialAction\":[{\"@type\":\"ReadAction\",\"target\":[\"https:\/\/narteks.net\/index.php\/2009\/12\/25\/yahya-kemal-beyatli-biyografisi\/\"]}]},{\"@type\":\"ImageObject\",\"inLanguage\":\"tr\",\"@id\":\"https:\/\/narteks.net\/index.php\/2009\/12\/25\/yahya-kemal-beyatli-biyografisi\/#primaryimage\",\"url\":\"http:\/\/upload.wikimedia.org\/wikipedia\/tr\/3\/32\/YahyaKemalBeyatl%C4%B1.jpg\",\"contentUrl\":\"http:\/\/upload.wikimedia.org\/wikipedia\/tr\/3\/32\/YahyaKemalBeyatl%C4%B1.jpg\"},{\"@type\":\"BreadcrumbList\",\"@id\":\"https:\/\/narteks.net\/index.php\/2009\/12\/25\/yahya-kemal-beyatli-biyografisi\/#breadcrumb\",\"itemListElement\":[{\"@type\":\"ListItem\",\"position\":1,\"name\":\"Anasayfa\",\"item\":\"https:\/\/narteks.net\/\"},{\"@type\":\"ListItem\",\"position\":2,\"name\":\"Yahya Kemal BEYATLI Biyografisi\"}]},{\"@type\":\"WebSite\",\"@id\":\"https:\/\/narteks.net\/#website\",\"url\":\"https:\/\/narteks.net\/\",\"name\":\"narteks.net\",\"description\":\"K\u00fclt\u00fcr Sanat Edebiyat Felsefe\",\"publisher\":{\"@id\":\"https:\/\/narteks.net\/#organization\"},\"alternateName\":\"K\u00fclt\u00fcr Sanat Edebiyat Felsefe\",\"potentialAction\":[{\"@type\":\"SearchAction\",\"target\":{\"@type\":\"EntryPoint\",\"urlTemplate\":\"https:\/\/narteks.net\/?s={search_term_string}\"},\"query-input\":{\"@type\":\"PropertyValueSpecification\",\"valueRequired\":true,\"valueName\":\"search_term_string\"}}],\"inLanguage\":\"tr\"},{\"@type\":\"Organization\",\"@id\":\"https:\/\/narteks.net\/#organization\",\"name\":\"narteks.net\",\"url\":\"https:\/\/narteks.net\/\",\"logo\":{\"@type\":\"ImageObject\",\"inLanguage\":\"tr\",\"@id\":\"https:\/\/narteks.net\/#\/schema\/logo\/image\/\",\"url\":\"https:\/\/narteks.net\/wp-content\/uploads\/narteks.png\",\"contentUrl\":\"https:\/\/narteks.net\/wp-content\/uploads\/narteks.png\",\"width\":300,\"height\":90,\"caption\":\"narteks.net\"},\"image\":{\"@id\":\"https:\/\/narteks.net\/#\/schema\/logo\/image\/\"},\"sameAs\":[\"https:\/\/x.com\/narteks\",\"https:\/\/instagram.com\/narteksnet\"]},{\"@type\":\"Person\",\"@id\":\"https:\/\/narteks.net\/#\/schema\/person\/61f37d9834294b72d31d274e7ed79bca\",\"name\":\"Tar\u0131k\",\"image\":{\"@type\":\"ImageObject\",\"inLanguage\":\"tr\",\"@id\":\"https:\/\/narteks.net\/#\/schema\/person\/image\/\",\"url\":\"https:\/\/secure.gravatar.com\/avatar\/50865afb55632c4ae467e0af0930f6510aa2297d8014be502a55b14f3b7550cf?s=96&d=mm&r=g\",\"contentUrl\":\"https:\/\/secure.gravatar.com\/avatar\/50865afb55632c4ae467e0af0930f6510aa2297d8014be502a55b14f3b7550cf?s=96&d=mm&r=g\",\"caption\":\"Tar\u0131k\"},\"sameAs\":[\"http:\/\/narteks.net\"],\"url\":\"https:\/\/narteks.net\/index.php\/author\/narbak\/\"}]}<\/script>\n<!-- \/ Yoast SEO Premium plugin. -->","yoast_head_json":{"title":"Yahya Kemal BEYATLI Biyografisi - narteks.net","robots":{"index":"index","follow":"follow","max-snippet":"max-snippet:-1","max-image-preview":"max-image-preview:large","max-video-preview":"max-video-preview:-1"},"canonical":"https:\/\/narteks.net\/index.php\/2009\/12\/25\/yahya-kemal-beyatli-biyografisi\/","og_locale":"tr_TR","og_type":"article","og_title":"Yahya Kemal BEYATLI Biyografisi","og_description":"Yahya Kemal Beyatl\u0131 (2 Aral\u0131k 1884 &#8211; 1 Kas\u0131m 1958), T\u00fcrk \u015fair ve yazard\u0131r. 1884 y\u0131l\u0131nda Yenimahalle \u00dcsk\u00fcp&#8217;te d\u00fcnyaya gelmi\u015ftir. Annesinin ismi Zeynep babas\u0131n\u0131n ise Salih Alp&#8217;d\u0131r. As\u0131l ad\u0131 Ahmed Ag\u00e2h&#8217;t\u0131r. \u0130lk\u00f6\u011frenimini \u00dcsk\u00fcp&#8217;te g\u00f6rd\u00fc. \u0130stanbul Vefa Lisesi mezunudur. Ba\u015flang\u0131\u00e7ta Sultan II. Abd\u00fclhamit y\u00f6netimine kar\u015f\u0131 muhaliflerin saf\u0131nda yer alarak Paris&#8217;e gitti. Fransa&#8217;da siyasal bilgiler okurken hocas\u0131 [&hellip;]","og_url":"https:\/\/narteks.net\/index.php\/2009\/12\/25\/yahya-kemal-beyatli-biyografisi\/","og_site_name":"narteks.net","article_published_time":"2009-12-25T13:47:34+00:00","og_image":[{"url":"http:\/\/upload.wikimedia.org\/wikipedia\/tr\/3\/32\/YahyaKemalBeyatl%C4%B1.jpg","type":"","width":"","height":""}],"author":"Tar\u0131k","twitter_card":"summary_large_image","twitter_creator":"@narteks","twitter_site":"@narteks","twitter_misc":{"Yazan:":"Tar\u0131k","Tahmini okuma s\u00fcresi":"3 dakika"},"schema":{"@context":"https:\/\/schema.org","@graph":[{"@type":"Article","@id":"https:\/\/narteks.net\/index.php\/2009\/12\/25\/yahya-kemal-beyatli-biyografisi\/#article","isPartOf":{"@id":"https:\/\/narteks.net\/index.php\/2009\/12\/25\/yahya-kemal-beyatli-biyografisi\/"},"author":{"name":"Tar\u0131k","@id":"https:\/\/narteks.net\/#\/schema\/person\/61f37d9834294b72d31d274e7ed79bca"},"headline":"Yahya Kemal BEYATLI Biyografisi","datePublished":"2009-12-25T13:47:34+00:00","mainEntityOfPage":{"@id":"https:\/\/narteks.net\/index.php\/2009\/12\/25\/yahya-kemal-beyatli-biyografisi\/"},"wordCount":511,"commentCount":0,"publisher":{"@id":"https:\/\/narteks.net\/#organization"},"image":{"@id":"https:\/\/narteks.net\/index.php\/2009\/12\/25\/yahya-kemal-beyatli-biyografisi\/#primaryimage"},"thumbnailUrl":"http:\/\/upload.wikimedia.org\/wikipedia\/tr\/3\/32\/YahyaKemalBeyatl%C4%B1.jpg","articleSection":["Yahya Kemal BEYATLI"],"inLanguage":"tr","potentialAction":[{"@type":"CommentAction","name":"Comment","target":["https:\/\/narteks.net\/index.php\/2009\/12\/25\/yahya-kemal-beyatli-biyografisi\/#respond"]}]},{"@type":"WebPage","@id":"https:\/\/narteks.net\/index.php\/2009\/12\/25\/yahya-kemal-beyatli-biyografisi\/","url":"https:\/\/narteks.net\/index.php\/2009\/12\/25\/yahya-kemal-beyatli-biyografisi\/","name":"Yahya Kemal BEYATLI Biyografisi - narteks.net","isPartOf":{"@id":"https:\/\/narteks.net\/#website"},"primaryImageOfPage":{"@id":"https:\/\/narteks.net\/index.php\/2009\/12\/25\/yahya-kemal-beyatli-biyografisi\/#primaryimage"},"image":{"@id":"https:\/\/narteks.net\/index.php\/2009\/12\/25\/yahya-kemal-beyatli-biyografisi\/#primaryimage"},"thumbnailUrl":"http:\/\/upload.wikimedia.org\/wikipedia\/tr\/3\/32\/YahyaKemalBeyatl%C4%B1.jpg","datePublished":"2009-12-25T13:47:34+00:00","breadcrumb":{"@id":"https:\/\/narteks.net\/index.php\/2009\/12\/25\/yahya-kemal-beyatli-biyografisi\/#breadcrumb"},"inLanguage":"tr","potentialAction":[{"@type":"ReadAction","target":["https:\/\/narteks.net\/index.php\/2009\/12\/25\/yahya-kemal-beyatli-biyografisi\/"]}]},{"@type":"ImageObject","inLanguage":"tr","@id":"https:\/\/narteks.net\/index.php\/2009\/12\/25\/yahya-kemal-beyatli-biyografisi\/#primaryimage","url":"http:\/\/upload.wikimedia.org\/wikipedia\/tr\/3\/32\/YahyaKemalBeyatl%C4%B1.jpg","contentUrl":"http:\/\/upload.wikimedia.org\/wikipedia\/tr\/3\/32\/YahyaKemalBeyatl%C4%B1.jpg"},{"@type":"BreadcrumbList","@id":"https:\/\/narteks.net\/index.php\/2009\/12\/25\/yahya-kemal-beyatli-biyografisi\/#breadcrumb","itemListElement":[{"@type":"ListItem","position":1,"name":"Anasayfa","item":"https:\/\/narteks.net\/"},{"@type":"ListItem","position":2,"name":"Yahya Kemal BEYATLI Biyografisi"}]},{"@type":"WebSite","@id":"https:\/\/narteks.net\/#website","url":"https:\/\/narteks.net\/","name":"narteks.net","description":"K\u00fclt\u00fcr Sanat Edebiyat Felsefe","publisher":{"@id":"https:\/\/narteks.net\/#organization"},"alternateName":"K\u00fclt\u00fcr Sanat Edebiyat Felsefe","potentialAction":[{"@type":"SearchAction","target":{"@type":"EntryPoint","urlTemplate":"https:\/\/narteks.net\/?s={search_term_string}"},"query-input":{"@type":"PropertyValueSpecification","valueRequired":true,"valueName":"search_term_string"}}],"inLanguage":"tr"},{"@type":"Organization","@id":"https:\/\/narteks.net\/#organization","name":"narteks.net","url":"https:\/\/narteks.net\/","logo":{"@type":"ImageObject","inLanguage":"tr","@id":"https:\/\/narteks.net\/#\/schema\/logo\/image\/","url":"https:\/\/narteks.net\/wp-content\/uploads\/narteks.png","contentUrl":"https:\/\/narteks.net\/wp-content\/uploads\/narteks.png","width":300,"height":90,"caption":"narteks.net"},"image":{"@id":"https:\/\/narteks.net\/#\/schema\/logo\/image\/"},"sameAs":["https:\/\/x.com\/narteks","https:\/\/instagram.com\/narteksnet"]},{"@type":"Person","@id":"https:\/\/narteks.net\/#\/schema\/person\/61f37d9834294b72d31d274e7ed79bca","name":"Tar\u0131k","image":{"@type":"ImageObject","inLanguage":"tr","@id":"https:\/\/narteks.net\/#\/schema\/person\/image\/","url":"https:\/\/secure.gravatar.com\/avatar\/50865afb55632c4ae467e0af0930f6510aa2297d8014be502a55b14f3b7550cf?s=96&d=mm&r=g","contentUrl":"https:\/\/secure.gravatar.com\/avatar\/50865afb55632c4ae467e0af0930f6510aa2297d8014be502a55b14f3b7550cf?s=96&d=mm&r=g","caption":"Tar\u0131k"},"sameAs":["http:\/\/narteks.net"],"url":"https:\/\/narteks.net\/index.php\/author\/narbak\/"}]}},"_links":{"self":[{"href":"https:\/\/narteks.net\/index.php\/wp-json\/wp\/v2\/posts\/3060","targetHints":{"allow":["GET"]}}],"collection":[{"href":"https:\/\/narteks.net\/index.php\/wp-json\/wp\/v2\/posts"}],"about":[{"href":"https:\/\/narteks.net\/index.php\/wp-json\/wp\/v2\/types\/post"}],"author":[{"embeddable":true,"href":"https:\/\/narteks.net\/index.php\/wp-json\/wp\/v2\/users\/1"}],"replies":[{"embeddable":true,"href":"https:\/\/narteks.net\/index.php\/wp-json\/wp\/v2\/comments?post=3060"}],"version-history":[{"count":0,"href":"https:\/\/narteks.net\/index.php\/wp-json\/wp\/v2\/posts\/3060\/revisions"}],"wp:attachment":[{"href":"https:\/\/narteks.net\/index.php\/wp-json\/wp\/v2\/media?parent=3060"}],"wp:term":[{"taxonomy":"category","embeddable":true,"href":"https:\/\/narteks.net\/index.php\/wp-json\/wp\/v2\/categories?post=3060"},{"taxonomy":"post_tag","embeddable":true,"href":"https:\/\/narteks.net\/index.php\/wp-json\/wp\/v2\/tags?post=3060"}],"curies":[{"name":"wp","href":"https:\/\/api.w.org\/{rel}","templated":true}]}}