{"id":3077,"date":"2009-12-25T17:01:31","date_gmt":"2009-12-25T14:01:31","guid":{"rendered":"http:\/\/localhost\/wordpress\/2009\/12\/25\/suleymaniyede-bayram-sabahi\/"},"modified":"2009-12-25T17:01:31","modified_gmt":"2009-12-25T14:01:31","slug":"suleymaniyede-bayram-sabahi","status":"publish","type":"post","link":"https:\/\/narteks.net\/index.php\/2009\/12\/25\/suleymaniyede-bayram-sabahi\/","title":{"rendered":"S\u00dcLEYMAN\u0130YEDE BAYRAM SABAHI"},"content":{"rendered":"<p>\u00a0<\/p>\n<p>Artarak g\u00f6nl\u00fcm\u00fcn ayd\u0131nl\u0131\u011f\u0131 her saniyede<br \/> Bir mehabetli sabah oldu S\u00fcleymaniye&#8217;de<br \/> Kendi g\u00f6k kubbemiz alt\u0131nda bu bayram saati,<br \/> Dokuz asr\u0131nda b\u00fct\u00fcn halk\u0131, b\u00fct\u00fcn memleketi<br \/> Yer yer aksettiriyor mavile\u015fen manzaradan,<br \/> Kalk\u0131yor tozlu zaman perdesi her an aradan.<br \/> Gecenin bitme\u011fe y\u00fcz tuttu\u011fu andan beridir,<br \/> Duyulan g\u00f6kte kanad, yerde ayak sesleridir.<br \/> Bir geli\u015f var!.. Ne m\u00fcbarek, ne garib alem bu!..<br \/> Hava boydan boya binlerce hayaletle dolu&#8230;<br \/> Her ufuktan bu geli\u015f eski seferlerdendir;<br \/> O seferlerle a\u00e7\u0131lm\u0131\u015f nice yerlerdendir.<br \/> Bu suk\u00fcnette kar\u0131\u015ft\u0131kca karanl\u0131kla \u0131\u015f\u0131k<br \/> Y\u00fcr\u00fcyor, durmadan, insan ve hayalet kar\u0131\u015f\u0131k;<br \/> Kimi g\u00f6kten, kimi yerden \u00fc\u015f\u00fc\u015f\u00fcp her kap\u0131ya,<br \/> Giriyor, birbiri ard\u0131nca, ilahi yap\u0131ya.<br \/> Tanr\u0131n\u0131n mabedi her bir taraf\u0131ndan doluyor,<br \/> Bu saatlerde S\u00fcleymaniye tarih oluyor. <br \/> Ordu-milletlerin en \u00e7ok d\u00f6\u011f\u00fc\u015fen, en sarp\u0131<br \/> Adam\u0131\u015f sevdi\u011fi Allah&#8217;\u0131na bir b\u00f6yle yap\u0131.<br \/> En g\u00fczel mabedi olsun diye en son dinin<br \/> Budur \u00f6z \u015fekli hayal etti\u011fi mimar\u0131n\u0131n.<br \/> G\u00f6rebilsin diye sonsuzlu\u011fu her yerden iyi,<br \/> Se\u00e7mi\u015f \u0130stanbul&#8217;un ufkunda bu kudsi tepeyi;<br \/> Ta\u015f\u0131m\u0131\u015f harc\u0131n\u0131 gazileri, serdar\u0131yle,<br \/> Ta\u015f\u0131 yenmi\u015f nice bin i\u015fcisi, mimar\u0131yle.<br \/> H\u00fcr ve engin vatan\u0131n hem gece, hem g\u00fcnd\u00fcz\u00fcne,<br \/> Uhrevi bir kap\u0131 a\u00e7mi\u015f buradan g\u00f6ky\u00fcz\u00fcne,<br \/> Taa ki ge\u00e7sin ezeli rahmete ruh ordular\u0131.. <br \/> Bir neferdir bu zafer mabedinin mimari.<br \/> Ulu mabed! Seni ancak bu sabah anl\u0131yorum;<br \/> Ben de bir varisin olmakla b\u00fcg\u00fcn ma\u011frurum;<br \/> Bir zaman hendeseden abide zannettimdi;<br \/> Kubben alt\u0131nda bu cumhura bakarken \u015fimdi,<br \/> Senelerden beri ru&#8217;yada g\u00f6r\u00fcp \u00f6zledi\u011fim<br \/> Cedlerin ma\u011ffiret iklimine girmi\u015f gibiyim.<br \/> Dili bir, g\u00f6nl\u00fc bir, iman\u0131 bir insan y\u0131\u011f\u0131n\u0131<br \/> G\u00f6r\u00fcyor varli\u011f\u0131n\u0131n bir yere topland\u0131\u011f\u0131n\u0131;<br \/> B\u00fcy\u00fck Allah&#8217;\u0131 anarken bir a\u011f\u0131zdan herkes<br \/> Nice bin dalgal\u0131 Tekbir oluyor tek bir ses;<br \/> Y\u00fckselen bir nakarat\u0131n b\u00fcy\u00fcyen velvelesi,<br \/> Nice tu\u011flarla kar\u0131\u015fm\u0131\u015f nice bin at yelesi! <br \/> G\u00f6rd\u00fcm \u00f6n safta oturmu\u015f nefer esvapl\u0131 biri<br \/> Dinliyor vecd ile tekrar al\u0131nan Tekbir&#8217;i<br \/> Ne kadar saf idi simas\u0131 bu mu&#8217;min neferin!<br \/> Kimdi? Banisi mi, mimar\u0131 m\u0131 ulvi eserin?<br \/> Taa Malazgirt ovas\u0131ndan y\u00fcr\u00fcyen T\u00fcrko\u011flu<br \/> Bu nefer miydi? Derin g\u00f6zleri ya\u015flarla dolu,<br \/> Y\u00fcz\u00fc d\u00fcnyada yi\u011fit y\u00fczlerinin en g\u00fczeli,<br \/> \u00c7ok b\u00fcy\u00fck bir i\u015f g\u00f6rmekle yorulmu\u015f belli;<br \/> Hem b\u00fcy\u00fck yurdu kuran hem koruyan kudretimiz<br \/> Her zaman varl\u0131\u011f\u0131m\u0131z, hem kan\u0131m\u0131z hem etimiz;<br \/> Vatan\u0131n hem ya\u015f\u0131yan varisi hem sahibi o,<br \/> G\u00f6r\u00fcn\u00fcr halka bu g\u00fcnlerde teselli gibi o,<br \/> Hem bu toprakta bug\u00fcn, bizde kalan her yerde,<br \/> Hem de \u00e7oktan beri kaybetti\u011fimiz yerlerde. <br \/> Kar\u015f\u0131 da\u011flarda tutu\u015fmus gibi g\u00fcl bah\u00e7eleri,<br \/> Koyu bir k\u0131rm\u0131z\u0131l\u0131k g\u00f6kten ay\u0131rmakta yeri.<br \/> G\u00f6kte top sesleri var, belli, derinden derine;<br \/> Belki y\u00fczlerce \u015fehir sesleniyor birbirine.<br \/> \u00c7ok yak\u0131ndan m\u0131 bu sesler, cok uzaklardan m\u0131?<br \/> \u00dcsk\u00fcdar&#8217;dan m\u0131? Hisar&#8217;dan m\u0131? Kavaklar&#8217;dan m\u0131?<br \/> Bursa&#8217;dan, Konya&#8217;dan, \u0130zmir&#8217;den, uzaktan uza\u011fa,<br \/> \u00c7arp\u0131yor birbiri ard\u0131nca o da\u011fdan bu da\u011fa;<br \/> \u015eimdi her merhaleden, taa Beyaz\u0131d&#8217;dan, Van&#8217;dan,<br \/> Ayn\u0131 top sesleri birbir geliyor her yandan.<br \/> Ne kadar duygulu, engin ve m\u00fcbarek bu seher!<br \/> Kad\u0131n erkek ve \u00e7ocuk, g\u00f6nl\u00fc dolanlar, yer yer,<br \/> Dinliyor hepsi b\u00fcy\u00fck hat\u0131ralar r\u00fczgar\u0131n\u0131,<br \/> \u00c7ald\u0131ran toplar\u0131 ard\u0131nca Moha\u00e7 toplar\u0131n\u0131. <br \/> G\u00f6kte top sesleri, bir bir, nerelerden geliyor?<br \/> Mutlaka her biri bir ba\u015fka zaferden geliyor:<br \/> Kosva&#8217;dan, Ni\u011fbolu&#8217;dan, Varna&#8217;dan, \u0130stanbul&#8217;dan..<br \/> An\u0131yor her biri bir vak&#8217;ay\u0131 heybetle bu an;<br \/> Belgrad&#8217;dan m\u0131? Budin, E\u011fri ve Uyvar&#8217;dan m\u0131?<br \/> Son hudutlarda y\u00fccelmi\u015f s\u0131ra-da\u011flardan m\u0131? <br \/> Deniz ufkunda bu top sesleri nerden geliyor?<br \/> Barbaros, belki, donanmayla seferden geliyor!..<br \/> Adalar&#8217;dan m\u0131? Tunus&#8217;dan m\u0131, Cezayir&#8217;den mi?<br \/> H\u00fcr ufuklarda donanm\u0131\u015f iki y\u00fcz pare gemi<br \/> Yeni do\u011fmu\u015f aya bakt\u0131klar\u0131 yerden geliyor;<br \/> O m\u00fcbarek gemiler hangi seherden geliyor? <br \/> Ulu mabedde kar\u0131\u015ft\u0131m vatan\u0131n birli\u011fine.<br \/> \u00c7ok s\u00fck\u00fcr Tanr\u0131ya, g\u00f6rd\u00fcm, bu saatlerde yine<br \/> Ya\u015f\u0131yanlarla beraber bulunan ervah\u0131. <br \/> Doludur g\u00f6nl\u00fcm \u0131\u015f\u0131klarla bu bayram sabah\u0131.<\/p>\n","protected":false},"excerpt":{"rendered":"<p>\u00a0 Artarak g\u00f6nl\u00fcm\u00fcn ayd\u0131nl\u0131\u011f\u0131 her saniyede Bir mehabetli sabah oldu S\u00fcleymaniye&#8217;de Kendi g\u00f6k kubbemiz alt\u0131nda bu bayram saati, Dokuz asr\u0131nda b\u00fct\u00fcn halk\u0131, b\u00fct\u00fcn memleketi Yer yer aksettiriyor mavile\u015fen manzaradan, Kalk\u0131yor tozlu zaman perdesi her an aradan. Gecenin bitme\u011fe y\u00fcz tuttu\u011fu andan beridir, Duyulan g\u00f6kte kanad, yerde ayak sesleridir. Bir geli\u015f var!.. Ne m\u00fcbarek, ne garib [&hellip;]<\/p>\n","protected":false},"author":1,"featured_media":0,"comment_status":"open","ping_status":"open","sticky":false,"template":"","format":"standard","meta":{"footnotes":""},"categories":[106],"tags":[],"class_list":{"0":"post-3077","1":"post","2":"type-post","3":"status-publish","4":"format-standard","6":"category-yahya-kemal-beyatli"},"yoast_head":"<!-- This site is optimized with the Yoast SEO Premium plugin v24.9 (Yoast SEO v24.9) - https:\/\/yoast.com\/wordpress\/plugins\/seo\/ -->\n<title>S\u00dcLEYMAN\u0130YEDE BAYRAM SABAHI - narteks.net<\/title>\n<meta name=\"robots\" content=\"index, follow, max-snippet:-1, max-image-preview:large, max-video-preview:-1\" \/>\n<link rel=\"canonical\" href=\"https:\/\/narteks.net\/index.php\/2009\/12\/25\/suleymaniyede-bayram-sabahi\/\" \/>\n<meta property=\"og:locale\" content=\"tr_TR\" \/>\n<meta property=\"og:type\" content=\"article\" \/>\n<meta property=\"og:title\" content=\"S\u00dcLEYMAN\u0130YEDE BAYRAM SABAHI\" \/>\n<meta property=\"og:description\" content=\"\u00a0 Artarak g\u00f6nl\u00fcm\u00fcn ayd\u0131nl\u0131\u011f\u0131 her saniyede Bir mehabetli sabah oldu S\u00fcleymaniye&#8217;de Kendi g\u00f6k kubbemiz alt\u0131nda bu bayram saati, Dokuz asr\u0131nda b\u00fct\u00fcn halk\u0131, b\u00fct\u00fcn memleketi Yer yer aksettiriyor mavile\u015fen manzaradan, Kalk\u0131yor tozlu zaman perdesi her an aradan. Gecenin bitme\u011fe y\u00fcz tuttu\u011fu andan beridir, Duyulan g\u00f6kte kanad, yerde ayak sesleridir. Bir geli\u015f var!.. Ne m\u00fcbarek, ne garib [&hellip;]\" \/>\n<meta property=\"og:url\" content=\"https:\/\/narteks.net\/index.php\/2009\/12\/25\/suleymaniyede-bayram-sabahi\/\" \/>\n<meta property=\"og:site_name\" content=\"narteks.net\" \/>\n<meta property=\"article:published_time\" content=\"2009-12-25T14:01:31+00:00\" \/>\n<meta property=\"og:image\" content=\"https:\/\/narteks.net\/wp-content\/uploads\/narteks.png\" \/>\n\t<meta property=\"og:image:width\" content=\"300\" \/>\n\t<meta property=\"og:image:height\" content=\"90\" \/>\n\t<meta property=\"og:image:type\" content=\"image\/png\" \/>\n<meta name=\"author\" content=\"Tar\u0131k\" \/>\n<meta name=\"twitter:card\" content=\"summary_large_image\" \/>\n<meta name=\"twitter:creator\" content=\"@narteks\" \/>\n<meta name=\"twitter:site\" content=\"@narteks\" \/>\n<meta name=\"twitter:label1\" content=\"Yazan:\" \/>\n\t<meta name=\"twitter:data1\" content=\"Tar\u0131k\" \/>\n\t<meta name=\"twitter:label2\" content=\"Tahmini okuma s\u00fcresi\" \/>\n\t<meta name=\"twitter:data2\" content=\"4 dakika\" \/>\n<script type=\"application\/ld+json\" class=\"yoast-schema-graph\">{\"@context\":\"https:\/\/schema.org\",\"@graph\":[{\"@type\":\"Article\",\"@id\":\"https:\/\/narteks.net\/index.php\/2009\/12\/25\/suleymaniyede-bayram-sabahi\/#article\",\"isPartOf\":{\"@id\":\"https:\/\/narteks.net\/index.php\/2009\/12\/25\/suleymaniyede-bayram-sabahi\/\"},\"author\":{\"name\":\"Tar\u0131k\",\"@id\":\"https:\/\/narteks.net\/#\/schema\/person\/61f37d9834294b72d31d274e7ed79bca\"},\"headline\":\"S\u00dcLEYMAN\u0130YEDE BAYRAM SABAHI\",\"datePublished\":\"2009-12-25T14:01:31+00:00\",\"mainEntityOfPage\":{\"@id\":\"https:\/\/narteks.net\/index.php\/2009\/12\/25\/suleymaniyede-bayram-sabahi\/\"},\"wordCount\":716,\"commentCount\":0,\"publisher\":{\"@id\":\"https:\/\/narteks.net\/#organization\"},\"articleSection\":[\"Yahya Kemal BEYATLI\"],\"inLanguage\":\"tr\",\"potentialAction\":[{\"@type\":\"CommentAction\",\"name\":\"Comment\",\"target\":[\"https:\/\/narteks.net\/index.php\/2009\/12\/25\/suleymaniyede-bayram-sabahi\/#respond\"]}]},{\"@type\":\"WebPage\",\"@id\":\"https:\/\/narteks.net\/index.php\/2009\/12\/25\/suleymaniyede-bayram-sabahi\/\",\"url\":\"https:\/\/narteks.net\/index.php\/2009\/12\/25\/suleymaniyede-bayram-sabahi\/\",\"name\":\"S\u00dcLEYMAN\u0130YEDE BAYRAM SABAHI - narteks.net\",\"isPartOf\":{\"@id\":\"https:\/\/narteks.net\/#website\"},\"datePublished\":\"2009-12-25T14:01:31+00:00\",\"breadcrumb\":{\"@id\":\"https:\/\/narteks.net\/index.php\/2009\/12\/25\/suleymaniyede-bayram-sabahi\/#breadcrumb\"},\"inLanguage\":\"tr\",\"potentialAction\":[{\"@type\":\"ReadAction\",\"target\":[\"https:\/\/narteks.net\/index.php\/2009\/12\/25\/suleymaniyede-bayram-sabahi\/\"]}]},{\"@type\":\"BreadcrumbList\",\"@id\":\"https:\/\/narteks.net\/index.php\/2009\/12\/25\/suleymaniyede-bayram-sabahi\/#breadcrumb\",\"itemListElement\":[{\"@type\":\"ListItem\",\"position\":1,\"name\":\"Anasayfa\",\"item\":\"https:\/\/narteks.net\/\"},{\"@type\":\"ListItem\",\"position\":2,\"name\":\"S\u00dcLEYMAN\u0130YEDE BAYRAM SABAHI\"}]},{\"@type\":\"WebSite\",\"@id\":\"https:\/\/narteks.net\/#website\",\"url\":\"https:\/\/narteks.net\/\",\"name\":\"narteks.net\",\"description\":\"K\u00fclt\u00fcr Sanat Edebiyat Felsefe\",\"publisher\":{\"@id\":\"https:\/\/narteks.net\/#organization\"},\"alternateName\":\"K\u00fclt\u00fcr Sanat Edebiyat Felsefe\",\"potentialAction\":[{\"@type\":\"SearchAction\",\"target\":{\"@type\":\"EntryPoint\",\"urlTemplate\":\"https:\/\/narteks.net\/?s={search_term_string}\"},\"query-input\":{\"@type\":\"PropertyValueSpecification\",\"valueRequired\":true,\"valueName\":\"search_term_string\"}}],\"inLanguage\":\"tr\"},{\"@type\":\"Organization\",\"@id\":\"https:\/\/narteks.net\/#organization\",\"name\":\"narteks.net\",\"url\":\"https:\/\/narteks.net\/\",\"logo\":{\"@type\":\"ImageObject\",\"inLanguage\":\"tr\",\"@id\":\"https:\/\/narteks.net\/#\/schema\/logo\/image\/\",\"url\":\"https:\/\/narteks.net\/wp-content\/uploads\/narteks.png\",\"contentUrl\":\"https:\/\/narteks.net\/wp-content\/uploads\/narteks.png\",\"width\":300,\"height\":90,\"caption\":\"narteks.net\"},\"image\":{\"@id\":\"https:\/\/narteks.net\/#\/schema\/logo\/image\/\"},\"sameAs\":[\"https:\/\/x.com\/narteks\",\"https:\/\/instagram.com\/narteksnet\"]},{\"@type\":\"Person\",\"@id\":\"https:\/\/narteks.net\/#\/schema\/person\/61f37d9834294b72d31d274e7ed79bca\",\"name\":\"Tar\u0131k\",\"image\":{\"@type\":\"ImageObject\",\"inLanguage\":\"tr\",\"@id\":\"https:\/\/narteks.net\/#\/schema\/person\/image\/\",\"url\":\"https:\/\/secure.gravatar.com\/avatar\/50865afb55632c4ae467e0af0930f6510aa2297d8014be502a55b14f3b7550cf?s=96&d=mm&r=g\",\"contentUrl\":\"https:\/\/secure.gravatar.com\/avatar\/50865afb55632c4ae467e0af0930f6510aa2297d8014be502a55b14f3b7550cf?s=96&d=mm&r=g\",\"caption\":\"Tar\u0131k\"},\"sameAs\":[\"http:\/\/narteks.net\"],\"url\":\"https:\/\/narteks.net\/index.php\/author\/narbak\/\"}]}<\/script>\n<!-- \/ Yoast SEO Premium plugin. -->","yoast_head_json":{"title":"S\u00dcLEYMAN\u0130YEDE BAYRAM SABAHI - narteks.net","robots":{"index":"index","follow":"follow","max-snippet":"max-snippet:-1","max-image-preview":"max-image-preview:large","max-video-preview":"max-video-preview:-1"},"canonical":"https:\/\/narteks.net\/index.php\/2009\/12\/25\/suleymaniyede-bayram-sabahi\/","og_locale":"tr_TR","og_type":"article","og_title":"S\u00dcLEYMAN\u0130YEDE BAYRAM SABAHI","og_description":"\u00a0 Artarak g\u00f6nl\u00fcm\u00fcn ayd\u0131nl\u0131\u011f\u0131 her saniyede Bir mehabetli sabah oldu S\u00fcleymaniye&#8217;de Kendi g\u00f6k kubbemiz alt\u0131nda bu bayram saati, Dokuz asr\u0131nda b\u00fct\u00fcn halk\u0131, b\u00fct\u00fcn memleketi Yer yer aksettiriyor mavile\u015fen manzaradan, Kalk\u0131yor tozlu zaman perdesi her an aradan. Gecenin bitme\u011fe y\u00fcz tuttu\u011fu andan beridir, Duyulan g\u00f6kte kanad, yerde ayak sesleridir. Bir geli\u015f var!.. Ne m\u00fcbarek, ne garib [&hellip;]","og_url":"https:\/\/narteks.net\/index.php\/2009\/12\/25\/suleymaniyede-bayram-sabahi\/","og_site_name":"narteks.net","article_published_time":"2009-12-25T14:01:31+00:00","og_image":[{"width":300,"height":90,"url":"https:\/\/narteks.net\/wp-content\/uploads\/narteks.png","type":"image\/png"}],"author":"Tar\u0131k","twitter_card":"summary_large_image","twitter_creator":"@narteks","twitter_site":"@narteks","twitter_misc":{"Yazan:":"Tar\u0131k","Tahmini okuma s\u00fcresi":"4 dakika"},"schema":{"@context":"https:\/\/schema.org","@graph":[{"@type":"Article","@id":"https:\/\/narteks.net\/index.php\/2009\/12\/25\/suleymaniyede-bayram-sabahi\/#article","isPartOf":{"@id":"https:\/\/narteks.net\/index.php\/2009\/12\/25\/suleymaniyede-bayram-sabahi\/"},"author":{"name":"Tar\u0131k","@id":"https:\/\/narteks.net\/#\/schema\/person\/61f37d9834294b72d31d274e7ed79bca"},"headline":"S\u00dcLEYMAN\u0130YEDE BAYRAM SABAHI","datePublished":"2009-12-25T14:01:31+00:00","mainEntityOfPage":{"@id":"https:\/\/narteks.net\/index.php\/2009\/12\/25\/suleymaniyede-bayram-sabahi\/"},"wordCount":716,"commentCount":0,"publisher":{"@id":"https:\/\/narteks.net\/#organization"},"articleSection":["Yahya Kemal BEYATLI"],"inLanguage":"tr","potentialAction":[{"@type":"CommentAction","name":"Comment","target":["https:\/\/narteks.net\/index.php\/2009\/12\/25\/suleymaniyede-bayram-sabahi\/#respond"]}]},{"@type":"WebPage","@id":"https:\/\/narteks.net\/index.php\/2009\/12\/25\/suleymaniyede-bayram-sabahi\/","url":"https:\/\/narteks.net\/index.php\/2009\/12\/25\/suleymaniyede-bayram-sabahi\/","name":"S\u00dcLEYMAN\u0130YEDE BAYRAM SABAHI - narteks.net","isPartOf":{"@id":"https:\/\/narteks.net\/#website"},"datePublished":"2009-12-25T14:01:31+00:00","breadcrumb":{"@id":"https:\/\/narteks.net\/index.php\/2009\/12\/25\/suleymaniyede-bayram-sabahi\/#breadcrumb"},"inLanguage":"tr","potentialAction":[{"@type":"ReadAction","target":["https:\/\/narteks.net\/index.php\/2009\/12\/25\/suleymaniyede-bayram-sabahi\/"]}]},{"@type":"BreadcrumbList","@id":"https:\/\/narteks.net\/index.php\/2009\/12\/25\/suleymaniyede-bayram-sabahi\/#breadcrumb","itemListElement":[{"@type":"ListItem","position":1,"name":"Anasayfa","item":"https:\/\/narteks.net\/"},{"@type":"ListItem","position":2,"name":"S\u00dcLEYMAN\u0130YEDE BAYRAM SABAHI"}]},{"@type":"WebSite","@id":"https:\/\/narteks.net\/#website","url":"https:\/\/narteks.net\/","name":"narteks.net","description":"K\u00fclt\u00fcr Sanat Edebiyat Felsefe","publisher":{"@id":"https:\/\/narteks.net\/#organization"},"alternateName":"K\u00fclt\u00fcr Sanat Edebiyat Felsefe","potentialAction":[{"@type":"SearchAction","target":{"@type":"EntryPoint","urlTemplate":"https:\/\/narteks.net\/?s={search_term_string}"},"query-input":{"@type":"PropertyValueSpecification","valueRequired":true,"valueName":"search_term_string"}}],"inLanguage":"tr"},{"@type":"Organization","@id":"https:\/\/narteks.net\/#organization","name":"narteks.net","url":"https:\/\/narteks.net\/","logo":{"@type":"ImageObject","inLanguage":"tr","@id":"https:\/\/narteks.net\/#\/schema\/logo\/image\/","url":"https:\/\/narteks.net\/wp-content\/uploads\/narteks.png","contentUrl":"https:\/\/narteks.net\/wp-content\/uploads\/narteks.png","width":300,"height":90,"caption":"narteks.net"},"image":{"@id":"https:\/\/narteks.net\/#\/schema\/logo\/image\/"},"sameAs":["https:\/\/x.com\/narteks","https:\/\/instagram.com\/narteksnet"]},{"@type":"Person","@id":"https:\/\/narteks.net\/#\/schema\/person\/61f37d9834294b72d31d274e7ed79bca","name":"Tar\u0131k","image":{"@type":"ImageObject","inLanguage":"tr","@id":"https:\/\/narteks.net\/#\/schema\/person\/image\/","url":"https:\/\/secure.gravatar.com\/avatar\/50865afb55632c4ae467e0af0930f6510aa2297d8014be502a55b14f3b7550cf?s=96&d=mm&r=g","contentUrl":"https:\/\/secure.gravatar.com\/avatar\/50865afb55632c4ae467e0af0930f6510aa2297d8014be502a55b14f3b7550cf?s=96&d=mm&r=g","caption":"Tar\u0131k"},"sameAs":["http:\/\/narteks.net"],"url":"https:\/\/narteks.net\/index.php\/author\/narbak\/"}]}},"_links":{"self":[{"href":"https:\/\/narteks.net\/index.php\/wp-json\/wp\/v2\/posts\/3077","targetHints":{"allow":["GET"]}}],"collection":[{"href":"https:\/\/narteks.net\/index.php\/wp-json\/wp\/v2\/posts"}],"about":[{"href":"https:\/\/narteks.net\/index.php\/wp-json\/wp\/v2\/types\/post"}],"author":[{"embeddable":true,"href":"https:\/\/narteks.net\/index.php\/wp-json\/wp\/v2\/users\/1"}],"replies":[{"embeddable":true,"href":"https:\/\/narteks.net\/index.php\/wp-json\/wp\/v2\/comments?post=3077"}],"version-history":[{"count":0,"href":"https:\/\/narteks.net\/index.php\/wp-json\/wp\/v2\/posts\/3077\/revisions"}],"wp:attachment":[{"href":"https:\/\/narteks.net\/index.php\/wp-json\/wp\/v2\/media?parent=3077"}],"wp:term":[{"taxonomy":"category","embeddable":true,"href":"https:\/\/narteks.net\/index.php\/wp-json\/wp\/v2\/categories?post=3077"},{"taxonomy":"post_tag","embeddable":true,"href":"https:\/\/narteks.net\/index.php\/wp-json\/wp\/v2\/tags?post=3077"}],"curies":[{"name":"wp","href":"https:\/\/api.w.org\/{rel}","templated":true}]}}