{"id":308,"date":"2009-03-02T13:26:37","date_gmt":"2009-03-02T10:26:37","guid":{"rendered":"http:\/\/localhost\/wordpress\/2009\/03\/02\/ataol-behramoglu-biyografisi\/"},"modified":"2009-03-02T13:26:37","modified_gmt":"2009-03-02T10:26:37","slug":"ataol-behramoglu-biyografisi","status":"publish","type":"post","link":"https:\/\/narteks.net\/index.php\/2009\/03\/02\/ataol-behramoglu-biyografisi\/","title":{"rendered":"Ataol BEHRAMO\u011eLU Biyografisi"},"content":{"rendered":"<p align=\"justify\"><span style=\"color: #000000;\"><img loading=\"lazy\" decoding=\"async\" src=\"http:\/\/www.okumasitesi.com\/photos\/2\/8\/28_20089_26_10_47_10_619987.jpg\" border=\"0\" width=\"155\" height=\"205\" \/><\/span><\/p>\n<p align=\"justify\"><span style=\"color: #000000;\">13 Nisan 1942\u2019de \u0130stanbul \u00c7atalca\u2019da do\u011fdu. \u0130lk\u00f6\u011frenimini Kars ve \u00c7ank\u0131r\u0131&#8217;da yapt\u0131. 1966&#8217;de Ankara \u00dcniversitesi Dil ve Tarih Co\u011frafya Fak\u00fcltesi Rus Dili ve Edebiyat\u0131 b\u00f6l\u00fcm\u00fcn\u00fc bitirdi. 1962&#8217;de T\u00fcrkiye \u0130\u015f\u00e7i Partisi&#8217;ne girerek ilk \u00f6rg\u00fctlenme \u00e7al\u0131\u015fmalar\u0131na kat\u0131ld\u0131. &#8220;Fikir Kul\u00fcpleri Federasyonu&#8221;nun (FKF) kurucular\u0131 aras\u0131nda yer ald\u0131. &#8220;D\u00f6n\u00fc\u015f\u00fcm&#8221; dergisininin kurulu\u015f \u00e7al\u0131\u015fmalar\u0131na kat\u0131ld\u0131, sahipli\u011fini \u00fcstlendi.<\/span><br \/><span style=\"color: #000000;\">1970&#8217;te \u0130smet \u00d6zel\u2019le birlikte &#8220;Halk\u0131n Dostlar\u0131&#8221; dergisini \u00e7\u0131kard\u0131. Ayn\u0131 y\u0131l \u0130ngiltere&#8217;ye, daha sonra Fransa&#8217;ya gitti. Paris&#8217;te otel katipli\u011fi, \u00f6\u011fretmenlik yapt\u0131. 1972&#8217;de Moskova \u00dcniversitesi Edebiyat Fak\u00fcltesi&#8217;nde Sovyet edebiyat\u0131 \u00fczerine inceleme yapt\u0131. 1974&#8217;te T\u00fcrkiye&#8217;ye d\u00f6nd\u00fc. \u0130stanbul \u015eehir Tiyatrolar\u0131&#8217;nda dramaturg olarak \u00e7al\u0131\u015ft\u0131. 1975&#8217;te karde\u015fi Nihat Behramo\u011flu&#8217;yla birlikte &#8220;Militan&#8221; dergisini kurdu. &#8220;Sanat Eme\u011fi&#8221; dergisinin kurucular\u0131 aras\u0131nda yer ald\u0131.<\/span><br \/><span style=\"color: #000000;\">1979&#8217;da T\u00fcrkiye Yazarlar Sendikas\u0131&#8217;n\u0131n genel sekreteri oldu. Yay\u0131nevlerinde \u00e7al\u0131\u015ft\u0131. 12 Eyl\u00fcl harekat\u0131ndan sonra 1982\u2019de Bar\u0131\u015f Derne\u011fi Davas\u0131 nedeniyle 10 ay tutuklu kald\u0131. 1984\u2019te Fransa\u2019da Sorbonne \u00dcniversitesi\u2019ne ba\u011fl\u0131 Centre de Poetique Comparee b\u00f6l\u00fcm\u00fcnde T\u00fcrk ve D\u00fcnya \u015eiiri \u00fcst\u00fcne seminerler izledi, \u00e7al\u0131\u015fmalar yapt\u0131. \u0130lk \u015fiirleri &#8220;Ataol G\u00fcrus&#8221; takma ad\u0131yla Yeni \u00c7ank\u0131r\u0131, Ye\u015fil Ilgaz, \u00c7a\u011fr\u0131 gibi yerel gazete ve dergilerde yay\u0131nland\u0131.<\/span><br \/><span style=\"color: #000000;\">Y\u00fcksek\u00f6\u011frenimi s\u0131ras\u0131nda Yapraklar, Dost, Evrim, Ata\u00e7 gibi dergilerde \u00e7\u0131kan \u015fiirleriyle dikkat \u00e7ekti. Bu d\u00f6nemin \u015fiirlerini biraraya getiren ilk \u015fiir kitab\u0131 &#8220;Bir Ermeni General&#8221; 1965&#8217;te bas\u0131ld\u0131. Gen\u00e7lik d\u00f6nemi \u015fiirlerinde Orhan Veli, Attil\u00e2 \u0130lhan ve \u0130kinci Yeni \u015fiirinin ortak \u00f6zellikleri etkin. Ger\u00e7ek \u015fiir kimli\u011fi 1965-1971 aras\u0131nda Papir\u00fcs, \u015eiir Sanat\u0131, Yeni Ger\u00e7ek, Yeni Dergi ve Halk\u0131n Dostlar\u0131&#8217;nda \u00e7\u0131kan \u015fiirleriyle olu\u015ftu. Bu \u015fiirlerde toplumcu, etkin bir edebiyat anlay\u0131\u015f\u0131n\u0131n \u00f6rnekleri yer ald\u0131.<\/span><br \/><span style=\"color: #000000;\">Toplumcu ger\u00e7ek\u00e7i \u015fiir ilkelelerine y\u00f6neldi, \u015fiirini yeni bi\u00e7im ve tema aray\u0131\u015flar\u0131yla besledi. \u00c7evirileriyle de dikkat \u00e7ekti. Edebiyat ve k\u00fclt\u00fcr \u00fczerine yazd\u0131klar\u0131, antoloji ve di\u011fer \u00e7al\u0131\u015fmalar\u0131yla ku\u015fa\u011f\u0131n\u0131n \u00f6nde gelen yazarlar\u0131 aras\u0131na girdi.Kendisi halen \u0130stanbul \u00dcniversitesi Rus Dili ve Edebiyat\u0131 b\u00f6l\u00fcm\u00fcnde do\u00e7ent s\u0131fat\u0131yla anabilim dal\u0131 ba\u015fkanl\u0131\u011f\u0131 g\u00f6revini y\u00fcr\u00fctmektedir.<\/span><\/p>\n<p align=\"justify\"><strong>Ataol BEHRAMO\u011eLU \u015fiirlerini sitemizde bulabilirsiniz<\/strong><\/p>\n","protected":false},"excerpt":{"rendered":"<p>13 Nisan 1942\u2019de \u0130stanbul \u00c7atalca\u2019da do\u011fdu. \u0130lk\u00f6\u011frenimini Kars ve \u00c7ank\u0131r\u0131&#8217;da yapt\u0131. 1966&#8217;de Ankara \u00dcniversitesi Dil ve Tarih Co\u011frafya Fak\u00fcltesi Rus Dili ve Edebiyat\u0131 b\u00f6l\u00fcm\u00fcn\u00fc bitirdi. 1962&#8217;de T\u00fcrkiye \u0130\u015f\u00e7i Partisi&#8217;ne girerek ilk \u00f6rg\u00fctlenme \u00e7al\u0131\u015fmalar\u0131na kat\u0131ld\u0131. &#8220;Fikir Kul\u00fcpleri Federasyonu&#8221;nun (FKF) kurucular\u0131 aras\u0131nda yer ald\u0131. &#8220;D\u00f6n\u00fc\u015f\u00fcm&#8221; dergisininin kurulu\u015f \u00e7al\u0131\u015fmalar\u0131na kat\u0131ld\u0131, sahipli\u011fini \u00fcstlendi.1970&#8217;te \u0130smet \u00d6zel\u2019le birlikte &#8220;Halk\u0131n Dostlar\u0131&#8221; dergisini [&hellip;]<\/p>\n","protected":false},"author":1,"featured_media":0,"comment_status":"open","ping_status":"open","sticky":false,"template":"","format":"standard","meta":{"footnotes":""},"categories":[10],"tags":[],"class_list":{"0":"post-308","1":"post","2":"type-post","3":"status-publish","4":"format-standard","6":"category-ataol-behramoglu"},"yoast_head":"<!-- This site is optimized with the Yoast SEO Premium plugin v24.9 (Yoast SEO v24.9) - https:\/\/yoast.com\/wordpress\/plugins\/seo\/ -->\n<title>Ataol BEHRAMO\u011eLU Biyografisi - narteks.net<\/title>\n<meta name=\"robots\" content=\"index, follow, max-snippet:-1, max-image-preview:large, max-video-preview:-1\" \/>\n<link rel=\"canonical\" href=\"https:\/\/narteks.net\/index.php\/2009\/03\/02\/ataol-behramoglu-biyografisi\/\" \/>\n<meta property=\"og:locale\" content=\"tr_TR\" \/>\n<meta property=\"og:type\" content=\"article\" \/>\n<meta property=\"og:title\" content=\"Ataol BEHRAMO\u011eLU Biyografisi\" \/>\n<meta property=\"og:description\" content=\"13 Nisan 1942\u2019de \u0130stanbul \u00c7atalca\u2019da do\u011fdu. \u0130lk\u00f6\u011frenimini Kars ve \u00c7ank\u0131r\u0131&#8217;da yapt\u0131. 1966&#8217;de Ankara \u00dcniversitesi Dil ve Tarih Co\u011frafya Fak\u00fcltesi Rus Dili ve Edebiyat\u0131 b\u00f6l\u00fcm\u00fcn\u00fc bitirdi. 1962&#8217;de T\u00fcrkiye \u0130\u015f\u00e7i Partisi&#8217;ne girerek ilk \u00f6rg\u00fctlenme \u00e7al\u0131\u015fmalar\u0131na kat\u0131ld\u0131. &#8220;Fikir Kul\u00fcpleri Federasyonu&#8221;nun (FKF) kurucular\u0131 aras\u0131nda yer ald\u0131. &#8220;D\u00f6n\u00fc\u015f\u00fcm&#8221; dergisininin kurulu\u015f \u00e7al\u0131\u015fmalar\u0131na kat\u0131ld\u0131, sahipli\u011fini \u00fcstlendi.1970&#8217;te \u0130smet \u00d6zel\u2019le birlikte &#8220;Halk\u0131n Dostlar\u0131&#8221; dergisini [&hellip;]\" \/>\n<meta property=\"og:url\" content=\"https:\/\/narteks.net\/index.php\/2009\/03\/02\/ataol-behramoglu-biyografisi\/\" \/>\n<meta property=\"og:site_name\" content=\"narteks.net\" \/>\n<meta property=\"article:published_time\" content=\"2009-03-02T10:26:37+00:00\" \/>\n<meta property=\"og:image\" content=\"http:\/\/www.okumasitesi.com\/photos\/2\/8\/28_20089_26_10_47_10_619987.jpg\" \/>\n<meta name=\"author\" content=\"Tar\u0131k\" \/>\n<meta name=\"twitter:card\" content=\"summary_large_image\" \/>\n<meta name=\"twitter:creator\" content=\"@narteks\" \/>\n<meta name=\"twitter:site\" content=\"@narteks\" \/>\n<meta name=\"twitter:label1\" content=\"Yazan:\" \/>\n\t<meta name=\"twitter:data1\" content=\"Tar\u0131k\" \/>\n\t<meta name=\"twitter:label2\" content=\"Tahmini okuma s\u00fcresi\" \/>\n\t<meta name=\"twitter:data2\" content=\"2 dakika\" \/>\n<script type=\"application\/ld+json\" class=\"yoast-schema-graph\">{\"@context\":\"https:\/\/schema.org\",\"@graph\":[{\"@type\":\"Article\",\"@id\":\"https:\/\/narteks.net\/index.php\/2009\/03\/02\/ataol-behramoglu-biyografisi\/#article\",\"isPartOf\":{\"@id\":\"https:\/\/narteks.net\/index.php\/2009\/03\/02\/ataol-behramoglu-biyografisi\/\"},\"author\":{\"name\":\"Tar\u0131k\",\"@id\":\"https:\/\/narteks.net\/#\/schema\/person\/61f37d9834294b72d31d274e7ed79bca\"},\"headline\":\"Ataol BEHRAMO\u011eLU Biyografisi\",\"datePublished\":\"2009-03-02T10:26:37+00:00\",\"mainEntityOfPage\":{\"@id\":\"https:\/\/narteks.net\/index.php\/2009\/03\/02\/ataol-behramoglu-biyografisi\/\"},\"wordCount\":387,\"commentCount\":0,\"publisher\":{\"@id\":\"https:\/\/narteks.net\/#organization\"},\"image\":{\"@id\":\"https:\/\/narteks.net\/index.php\/2009\/03\/02\/ataol-behramoglu-biyografisi\/#primaryimage\"},\"thumbnailUrl\":\"http:\/\/www.okumasitesi.com\/photos\/2\/8\/28_20089_26_10_47_10_619987.jpg\",\"articleSection\":[\"Ataol BEHRAMOGLU\"],\"inLanguage\":\"tr\",\"potentialAction\":[{\"@type\":\"CommentAction\",\"name\":\"Comment\",\"target\":[\"https:\/\/narteks.net\/index.php\/2009\/03\/02\/ataol-behramoglu-biyografisi\/#respond\"]}]},{\"@type\":\"WebPage\",\"@id\":\"https:\/\/narteks.net\/index.php\/2009\/03\/02\/ataol-behramoglu-biyografisi\/\",\"url\":\"https:\/\/narteks.net\/index.php\/2009\/03\/02\/ataol-behramoglu-biyografisi\/\",\"name\":\"Ataol BEHRAMO\u011eLU Biyografisi - narteks.net\",\"isPartOf\":{\"@id\":\"https:\/\/narteks.net\/#website\"},\"primaryImageOfPage\":{\"@id\":\"https:\/\/narteks.net\/index.php\/2009\/03\/02\/ataol-behramoglu-biyografisi\/#primaryimage\"},\"image\":{\"@id\":\"https:\/\/narteks.net\/index.php\/2009\/03\/02\/ataol-behramoglu-biyografisi\/#primaryimage\"},\"thumbnailUrl\":\"http:\/\/www.okumasitesi.com\/photos\/2\/8\/28_20089_26_10_47_10_619987.jpg\",\"datePublished\":\"2009-03-02T10:26:37+00:00\",\"breadcrumb\":{\"@id\":\"https:\/\/narteks.net\/index.php\/2009\/03\/02\/ataol-behramoglu-biyografisi\/#breadcrumb\"},\"inLanguage\":\"tr\",\"potentialAction\":[{\"@type\":\"ReadAction\",\"target\":[\"https:\/\/narteks.net\/index.php\/2009\/03\/02\/ataol-behramoglu-biyografisi\/\"]}]},{\"@type\":\"ImageObject\",\"inLanguage\":\"tr\",\"@id\":\"https:\/\/narteks.net\/index.php\/2009\/03\/02\/ataol-behramoglu-biyografisi\/#primaryimage\",\"url\":\"http:\/\/www.okumasitesi.com\/photos\/2\/8\/28_20089_26_10_47_10_619987.jpg\",\"contentUrl\":\"http:\/\/www.okumasitesi.com\/photos\/2\/8\/28_20089_26_10_47_10_619987.jpg\"},{\"@type\":\"BreadcrumbList\",\"@id\":\"https:\/\/narteks.net\/index.php\/2009\/03\/02\/ataol-behramoglu-biyografisi\/#breadcrumb\",\"itemListElement\":[{\"@type\":\"ListItem\",\"position\":1,\"name\":\"Anasayfa\",\"item\":\"https:\/\/narteks.net\/\"},{\"@type\":\"ListItem\",\"position\":2,\"name\":\"Ataol BEHRAMO\u011eLU Biyografisi\"}]},{\"@type\":\"WebSite\",\"@id\":\"https:\/\/narteks.net\/#website\",\"url\":\"https:\/\/narteks.net\/\",\"name\":\"narteks.net\",\"description\":\"K\u00fclt\u00fcr Sanat Edebiyat Felsefe\",\"publisher\":{\"@id\":\"https:\/\/narteks.net\/#organization\"},\"alternateName\":\"K\u00fclt\u00fcr Sanat Edebiyat Felsefe\",\"potentialAction\":[{\"@type\":\"SearchAction\",\"target\":{\"@type\":\"EntryPoint\",\"urlTemplate\":\"https:\/\/narteks.net\/?s={search_term_string}\"},\"query-input\":{\"@type\":\"PropertyValueSpecification\",\"valueRequired\":true,\"valueName\":\"search_term_string\"}}],\"inLanguage\":\"tr\"},{\"@type\":\"Organization\",\"@id\":\"https:\/\/narteks.net\/#organization\",\"name\":\"narteks.net\",\"url\":\"https:\/\/narteks.net\/\",\"logo\":{\"@type\":\"ImageObject\",\"inLanguage\":\"tr\",\"@id\":\"https:\/\/narteks.net\/#\/schema\/logo\/image\/\",\"url\":\"https:\/\/narteks.net\/wp-content\/uploads\/narteks.png\",\"contentUrl\":\"https:\/\/narteks.net\/wp-content\/uploads\/narteks.png\",\"width\":300,\"height\":90,\"caption\":\"narteks.net\"},\"image\":{\"@id\":\"https:\/\/narteks.net\/#\/schema\/logo\/image\/\"},\"sameAs\":[\"https:\/\/x.com\/narteks\",\"https:\/\/instagram.com\/narteksnet\"]},{\"@type\":\"Person\",\"@id\":\"https:\/\/narteks.net\/#\/schema\/person\/61f37d9834294b72d31d274e7ed79bca\",\"name\":\"Tar\u0131k\",\"image\":{\"@type\":\"ImageObject\",\"inLanguage\":\"tr\",\"@id\":\"https:\/\/narteks.net\/#\/schema\/person\/image\/\",\"url\":\"https:\/\/secure.gravatar.com\/avatar\/50865afb55632c4ae467e0af0930f6510aa2297d8014be502a55b14f3b7550cf?s=96&d=mm&r=g\",\"contentUrl\":\"https:\/\/secure.gravatar.com\/avatar\/50865afb55632c4ae467e0af0930f6510aa2297d8014be502a55b14f3b7550cf?s=96&d=mm&r=g\",\"caption\":\"Tar\u0131k\"},\"sameAs\":[\"http:\/\/narteks.net\"],\"url\":\"https:\/\/narteks.net\/index.php\/author\/narbak\/\"}]}<\/script>\n<!-- \/ Yoast SEO Premium plugin. -->","yoast_head_json":{"title":"Ataol BEHRAMO\u011eLU Biyografisi - narteks.net","robots":{"index":"index","follow":"follow","max-snippet":"max-snippet:-1","max-image-preview":"max-image-preview:large","max-video-preview":"max-video-preview:-1"},"canonical":"https:\/\/narteks.net\/index.php\/2009\/03\/02\/ataol-behramoglu-biyografisi\/","og_locale":"tr_TR","og_type":"article","og_title":"Ataol BEHRAMO\u011eLU Biyografisi","og_description":"13 Nisan 1942\u2019de \u0130stanbul \u00c7atalca\u2019da do\u011fdu. \u0130lk\u00f6\u011frenimini Kars ve \u00c7ank\u0131r\u0131&#8217;da yapt\u0131. 1966&#8217;de Ankara \u00dcniversitesi Dil ve Tarih Co\u011frafya Fak\u00fcltesi Rus Dili ve Edebiyat\u0131 b\u00f6l\u00fcm\u00fcn\u00fc bitirdi. 1962&#8217;de T\u00fcrkiye \u0130\u015f\u00e7i Partisi&#8217;ne girerek ilk \u00f6rg\u00fctlenme \u00e7al\u0131\u015fmalar\u0131na kat\u0131ld\u0131. &#8220;Fikir Kul\u00fcpleri Federasyonu&#8221;nun (FKF) kurucular\u0131 aras\u0131nda yer ald\u0131. &#8220;D\u00f6n\u00fc\u015f\u00fcm&#8221; dergisininin kurulu\u015f \u00e7al\u0131\u015fmalar\u0131na kat\u0131ld\u0131, sahipli\u011fini \u00fcstlendi.1970&#8217;te \u0130smet \u00d6zel\u2019le birlikte &#8220;Halk\u0131n Dostlar\u0131&#8221; dergisini [&hellip;]","og_url":"https:\/\/narteks.net\/index.php\/2009\/03\/02\/ataol-behramoglu-biyografisi\/","og_site_name":"narteks.net","article_published_time":"2009-03-02T10:26:37+00:00","og_image":[{"url":"http:\/\/www.okumasitesi.com\/photos\/2\/8\/28_20089_26_10_47_10_619987.jpg","type":"","width":"","height":""}],"author":"Tar\u0131k","twitter_card":"summary_large_image","twitter_creator":"@narteks","twitter_site":"@narteks","twitter_misc":{"Yazan:":"Tar\u0131k","Tahmini okuma s\u00fcresi":"2 dakika"},"schema":{"@context":"https:\/\/schema.org","@graph":[{"@type":"Article","@id":"https:\/\/narteks.net\/index.php\/2009\/03\/02\/ataol-behramoglu-biyografisi\/#article","isPartOf":{"@id":"https:\/\/narteks.net\/index.php\/2009\/03\/02\/ataol-behramoglu-biyografisi\/"},"author":{"name":"Tar\u0131k","@id":"https:\/\/narteks.net\/#\/schema\/person\/61f37d9834294b72d31d274e7ed79bca"},"headline":"Ataol BEHRAMO\u011eLU Biyografisi","datePublished":"2009-03-02T10:26:37+00:00","mainEntityOfPage":{"@id":"https:\/\/narteks.net\/index.php\/2009\/03\/02\/ataol-behramoglu-biyografisi\/"},"wordCount":387,"commentCount":0,"publisher":{"@id":"https:\/\/narteks.net\/#organization"},"image":{"@id":"https:\/\/narteks.net\/index.php\/2009\/03\/02\/ataol-behramoglu-biyografisi\/#primaryimage"},"thumbnailUrl":"http:\/\/www.okumasitesi.com\/photos\/2\/8\/28_20089_26_10_47_10_619987.jpg","articleSection":["Ataol BEHRAMOGLU"],"inLanguage":"tr","potentialAction":[{"@type":"CommentAction","name":"Comment","target":["https:\/\/narteks.net\/index.php\/2009\/03\/02\/ataol-behramoglu-biyografisi\/#respond"]}]},{"@type":"WebPage","@id":"https:\/\/narteks.net\/index.php\/2009\/03\/02\/ataol-behramoglu-biyografisi\/","url":"https:\/\/narteks.net\/index.php\/2009\/03\/02\/ataol-behramoglu-biyografisi\/","name":"Ataol BEHRAMO\u011eLU Biyografisi - narteks.net","isPartOf":{"@id":"https:\/\/narteks.net\/#website"},"primaryImageOfPage":{"@id":"https:\/\/narteks.net\/index.php\/2009\/03\/02\/ataol-behramoglu-biyografisi\/#primaryimage"},"image":{"@id":"https:\/\/narteks.net\/index.php\/2009\/03\/02\/ataol-behramoglu-biyografisi\/#primaryimage"},"thumbnailUrl":"http:\/\/www.okumasitesi.com\/photos\/2\/8\/28_20089_26_10_47_10_619987.jpg","datePublished":"2009-03-02T10:26:37+00:00","breadcrumb":{"@id":"https:\/\/narteks.net\/index.php\/2009\/03\/02\/ataol-behramoglu-biyografisi\/#breadcrumb"},"inLanguage":"tr","potentialAction":[{"@type":"ReadAction","target":["https:\/\/narteks.net\/index.php\/2009\/03\/02\/ataol-behramoglu-biyografisi\/"]}]},{"@type":"ImageObject","inLanguage":"tr","@id":"https:\/\/narteks.net\/index.php\/2009\/03\/02\/ataol-behramoglu-biyografisi\/#primaryimage","url":"http:\/\/www.okumasitesi.com\/photos\/2\/8\/28_20089_26_10_47_10_619987.jpg","contentUrl":"http:\/\/www.okumasitesi.com\/photos\/2\/8\/28_20089_26_10_47_10_619987.jpg"},{"@type":"BreadcrumbList","@id":"https:\/\/narteks.net\/index.php\/2009\/03\/02\/ataol-behramoglu-biyografisi\/#breadcrumb","itemListElement":[{"@type":"ListItem","position":1,"name":"Anasayfa","item":"https:\/\/narteks.net\/"},{"@type":"ListItem","position":2,"name":"Ataol BEHRAMO\u011eLU Biyografisi"}]},{"@type":"WebSite","@id":"https:\/\/narteks.net\/#website","url":"https:\/\/narteks.net\/","name":"narteks.net","description":"K\u00fclt\u00fcr Sanat Edebiyat Felsefe","publisher":{"@id":"https:\/\/narteks.net\/#organization"},"alternateName":"K\u00fclt\u00fcr Sanat Edebiyat Felsefe","potentialAction":[{"@type":"SearchAction","target":{"@type":"EntryPoint","urlTemplate":"https:\/\/narteks.net\/?s={search_term_string}"},"query-input":{"@type":"PropertyValueSpecification","valueRequired":true,"valueName":"search_term_string"}}],"inLanguage":"tr"},{"@type":"Organization","@id":"https:\/\/narteks.net\/#organization","name":"narteks.net","url":"https:\/\/narteks.net\/","logo":{"@type":"ImageObject","inLanguage":"tr","@id":"https:\/\/narteks.net\/#\/schema\/logo\/image\/","url":"https:\/\/narteks.net\/wp-content\/uploads\/narteks.png","contentUrl":"https:\/\/narteks.net\/wp-content\/uploads\/narteks.png","width":300,"height":90,"caption":"narteks.net"},"image":{"@id":"https:\/\/narteks.net\/#\/schema\/logo\/image\/"},"sameAs":["https:\/\/x.com\/narteks","https:\/\/instagram.com\/narteksnet"]},{"@type":"Person","@id":"https:\/\/narteks.net\/#\/schema\/person\/61f37d9834294b72d31d274e7ed79bca","name":"Tar\u0131k","image":{"@type":"ImageObject","inLanguage":"tr","@id":"https:\/\/narteks.net\/#\/schema\/person\/image\/","url":"https:\/\/secure.gravatar.com\/avatar\/50865afb55632c4ae467e0af0930f6510aa2297d8014be502a55b14f3b7550cf?s=96&d=mm&r=g","contentUrl":"https:\/\/secure.gravatar.com\/avatar\/50865afb55632c4ae467e0af0930f6510aa2297d8014be502a55b14f3b7550cf?s=96&d=mm&r=g","caption":"Tar\u0131k"},"sameAs":["http:\/\/narteks.net"],"url":"https:\/\/narteks.net\/index.php\/author\/narbak\/"}]}},"_links":{"self":[{"href":"https:\/\/narteks.net\/index.php\/wp-json\/wp\/v2\/posts\/308","targetHints":{"allow":["GET"]}}],"collection":[{"href":"https:\/\/narteks.net\/index.php\/wp-json\/wp\/v2\/posts"}],"about":[{"href":"https:\/\/narteks.net\/index.php\/wp-json\/wp\/v2\/types\/post"}],"author":[{"embeddable":true,"href":"https:\/\/narteks.net\/index.php\/wp-json\/wp\/v2\/users\/1"}],"replies":[{"embeddable":true,"href":"https:\/\/narteks.net\/index.php\/wp-json\/wp\/v2\/comments?post=308"}],"version-history":[{"count":0,"href":"https:\/\/narteks.net\/index.php\/wp-json\/wp\/v2\/posts\/308\/revisions"}],"wp:attachment":[{"href":"https:\/\/narteks.net\/index.php\/wp-json\/wp\/v2\/media?parent=308"}],"wp:term":[{"taxonomy":"category","embeddable":true,"href":"https:\/\/narteks.net\/index.php\/wp-json\/wp\/v2\/categories?post=308"},{"taxonomy":"post_tag","embeddable":true,"href":"https:\/\/narteks.net\/index.php\/wp-json\/wp\/v2\/tags?post=308"}],"curies":[{"name":"wp","href":"https:\/\/api.w.org\/{rel}","templated":true}]}}