{"id":3083,"date":"2009-12-25T17:08:54","date_gmt":"2009-12-25T14:08:54","guid":{"rendered":"http:\/\/localhost\/wordpress\/2009\/12\/25\/acik-deniz\/"},"modified":"2009-12-25T17:08:54","modified_gmt":"2009-12-25T14:08:54","slug":"acik-deniz","status":"publish","type":"post","link":"https:\/\/narteks.net\/index.php\/2009\/12\/25\/acik-deniz\/","title":{"rendered":"A\u00c7IK DENiZ"},"content":{"rendered":"<p>\u00a0<\/p>\n<p style=\"margin-left: 25px; margin-top: 5px; margin-bottom: 5px;\">Balkan \u015fehirlerinde ge\u00e7erken \u00e7ocuklu\u011fum;<\/p>\n<p style=\"margin-left: 25px; margin-top: 5px; margin-bottom: 5px;\">Her l\u00e2hza bir alev gibi hasretti duydu\u011fum.<\/p>\n<p style=\"margin-left: 25px; margin-top: 5px; margin-bottom: 5px;\">Kalbimde vard\u0131 &#8220;Byron&#8221;u bedbaht eden mel\u00e2l!<\/p>\n<p style=\"margin-left: 25px; margin-top: 5px; margin-bottom: 5px;\">Gezdim o ya\u015fta da\u011flar\u0131, huly\u00e2m i\u00e7inde l\u00e2l,<\/p>\n<p style=\"margin-left: 25px; margin-top: 5px; margin-bottom: 5px;\">Ald\u0131m Rakof\u00e7a k\u0131rlar\u0131n\u0131n h\u00fcr hav\u00e2s\u0131n\u0131,<\/p>\n<p style=\"margin-left: 25px; margin-top: 5px; margin-bottom: 5px;\">Duydum ak\u0131nc\u0131 cedlerimin ihtir\u00e2s\u0131n\u0131,<\/p>\n<p style=\"margin-left: 25px; margin-top: 5px; margin-bottom: 5px;\">Her yaz, \u015fim\u00e2le do\u011fru as\u0131rlarca bir ko\u015fu&#8230;<\/p>\n<p style=\"margin-left: 25px; margin-top: 5px; margin-bottom: 5px;\">Ba\u011fr\u0131mda bir akis gibi kalm\u0131\u015f u\u011fultulu&#8230;<\/p>\n<p style=\"margin-left: 25px; margin-top: 5px; margin-bottom: 5px;\">Ma\u011fl\u00fbpken ordu, yasl\u0131 dururken b\u00fct\u00fcn vatan,<\/p>\n<p style=\"margin-left: 25px; margin-top: 5px; margin-bottom: 5px;\">\u00a0<\/p>\n<p style=\"margin-left: 25px; margin-top: 5px; margin-bottom: 5px;\">R\u00fc\u2019y\u00e2ma girdi her gece bir f\u00e2tih\u00e2ne zan.<\/p>\n<p style=\"margin-left: 25px; margin-top: 5px; margin-bottom: 5px;\">Hicretlerin bak\u0131yyesi hicranl\u0131 duygular,<\/p>\n<p style=\"margin-left: 25px; margin-top: 5px; margin-bottom: 5px;\">Mahzun hudutlar\u0131n \u00f6tesinden akan sular,<\/p>\n<p style=\"margin-left: 25px; margin-top: 5px; margin-bottom: 5px;\">G\u00f6nl\u00fcmde hep o zanla ber\u00e2ber \u00e7a\u011f\u0131ldad\u0131,<\/p>\n<p style=\"margin-left: 25px; margin-top: 5px; margin-bottom: 5px;\">Bildim nedir ufuktaki sonsuzlu\u011fun tad\u0131!<\/p>\n<p style=\"margin-left: 25px; margin-top: 5px; margin-bottom: 5px;\">Bir g\u00fcn dedim ki istemem art\u0131k ne yer ne y\u00e2r!<\/p>\n<p style=\"margin-left: 25px; margin-top: 5px; margin-bottom: 5px;\">\u00c7\u0131kt\u0131m s\u00fcrekli gurbete, gezdim diyar diyar;<\/p>\n<p style=\"margin-left: 25px; margin-top: 5px; margin-bottom: 5px;\">Gittim o son diy\u00e2ra ki serhaddidir yerin,<\/p>\n<p style=\"margin-left: 25px; margin-top: 5px; margin-bottom: 5px;\">H\u00e2l\u00e2 dilimdedir tuzu engin denizlerin!<\/p>\n<p style=\"margin-left: 25px; margin-top: 5px; margin-bottom: 5px;\">\u00a0<\/p>\n<p style=\"margin-left: 25px; margin-top: 5px; margin-bottom: 5px;\">Garbin ucunda, son k\u0131y\u0131dan en g\u00fcr\u00fclt\u00fcl\u00fc<\/p>\n<p style=\"margin-left: 25px; margin-top: 5px; margin-bottom: 5px;\">Bir med zam\u00e2n\u0131, g\u00f6ky\u00fcz\u00fc kur\u015funla \u00f6rt\u00fcl\u00fc,<\/p>\n<p style=\"margin-left: 25px; margin-top: 5px; margin-bottom: 5px;\">G\u00f6rd\u00fcm deniz dedikleri bin ba\u015fl\u0131 ejderi;<\/p>\n<p style=\"margin-left: 25px; margin-top: 5px; margin-bottom: 5px;\">G\u00f6rd\u00fcm g\u00fczel v\u00fcc\u00fbdunu z\u00fcmr\u00fctliyen deri<\/p>\n<p style=\"margin-left: 25px; margin-top: 5px; margin-bottom: 5px;\">Keskin bir \u00fcrperi\u015fle k\u0131m\u0131ldand\u0131 anbean;<\/p>\n<p style=\"margin-left: 25px; margin-top: 5px; margin-bottom: 5px;\">Bakt\u0131m ve anlad\u0131m ki o ejderdi canlanan.<\/p>\n<p style=\"margin-left: 25px; margin-top: 5px; margin-bottom: 5px;\">Sonsuz ufuktan \u00e2h o ne co\u015fkun geli\u015fti o!<\/p>\n<p style=\"margin-left: 25px; margin-top: 5px; margin-bottom: 5px;\">Birden nas\u0131l toparlanarak k\u00fckremi\u015fti o!<\/p>\n<p style=\"margin-left: 25px; margin-top: 5px; margin-bottom: 5px;\">Yelken, vapur, ne varsa ka\u00e7\u0131\u015fm\u0131\u015f limanlara,<\/p>\n<p style=\"margin-left: 25px; margin-top: 5px; margin-bottom: 5px;\">Yaln\u0131z onundu koskoca meydan ve manzara!<\/p>\n<p style=\"margin-left: 25px; margin-top: 5px; margin-bottom: 5px;\">Yaln\u0131z o kalm\u0131\u015f ortada, \u00e2si ve ba\u011fr\u0131 h\u00fbn,<\/p>\n<p style=\"margin-left: 25px; margin-top: 5px; margin-bottom: 5px;\">Bin ma\u011fra a\u011fz\u0131 a\u00e7m\u0131\u015f, ulurken uzun uzun,<\/p>\n<p style=\"margin-left: 25px; margin-top: 5px; margin-bottom: 5px;\">Sezdim bir \u00e2\u015fin\u00e2 gibi, heybetli h\u00fczn\u00fcn\u00fc!<\/p>\n<p style=\"margin-left: 25px; margin-top: 5px; margin-bottom: 5px;\">\u00a0<\/p>\n<p style=\"margin-left: 25px; margin-top: 5px; margin-bottom: 5px;\">R\u00fbhunla kar\u015f\u0131 kar\u015f\u0131ya kald\u0131m o med g\u00fcn\u00fc,<\/p>\n<p style=\"margin-left: 25px; margin-top: 5px; margin-bottom: 5px;\">\u015eekv\u00e2n\u0131 dinledim, ezel\u00ee muztarip deniz!<\/p>\n<p style=\"margin-left: 25px; margin-top: 5px; margin-bottom: 5px;\">Duydum ki r\u00fbhumuzla bu gurbette sendeniz,<\/p>\n<p style=\"margin-left: 25px; margin-top: 5px; margin-bottom: 5px;\">Dindirmez anlad\u0131m bunu hi\u00e7bir g\u00fczel k\u0131y\u0131;<\/p>\n<p style=\"margin-left: 25px; margin-top: 5px; margin-bottom: 5px;\">Bir bitmeyen susuzlu\u011fa benzer bu a\u011fr\u0131y\u0131.<\/p>\n","protected":false},"excerpt":{"rendered":"<p>\u00a0 Balkan \u015fehirlerinde ge\u00e7erken \u00e7ocuklu\u011fum; Her l\u00e2hza bir alev gibi hasretti duydu\u011fum. Kalbimde vard\u0131 &#8220;Byron&#8221;u bedbaht eden mel\u00e2l! Gezdim o ya\u015fta da\u011flar\u0131, huly\u00e2m i\u00e7inde l\u00e2l, Ald\u0131m Rakof\u00e7a k\u0131rlar\u0131n\u0131n h\u00fcr hav\u00e2s\u0131n\u0131, Duydum ak\u0131nc\u0131 cedlerimin ihtir\u00e2s\u0131n\u0131, Her yaz, \u015fim\u00e2le do\u011fru as\u0131rlarca bir ko\u015fu&#8230; Ba\u011fr\u0131mda bir akis gibi kalm\u0131\u015f u\u011fultulu&#8230; Ma\u011fl\u00fbpken ordu, yasl\u0131 dururken b\u00fct\u00fcn vatan, \u00a0 R\u00fc\u2019y\u00e2ma [&hellip;]<\/p>\n","protected":false},"author":1,"featured_media":0,"comment_status":"open","ping_status":"open","sticky":false,"template":"","format":"standard","meta":{"footnotes":""},"categories":[106],"tags":[],"class_list":{"0":"post-3083","1":"post","2":"type-post","3":"status-publish","4":"format-standard","6":"category-yahya-kemal-beyatli"},"yoast_head":"<!-- This site is optimized with the Yoast SEO Premium plugin v24.9 (Yoast SEO v24.9) - https:\/\/yoast.com\/wordpress\/plugins\/seo\/ -->\n<title>A\u00c7IK DENiZ - narteks.net<\/title>\n<meta name=\"robots\" content=\"index, follow, max-snippet:-1, max-image-preview:large, max-video-preview:-1\" \/>\n<link rel=\"canonical\" href=\"https:\/\/narteks.net\/index.php\/2009\/12\/25\/acik-deniz\/\" \/>\n<meta property=\"og:locale\" content=\"tr_TR\" \/>\n<meta property=\"og:type\" content=\"article\" \/>\n<meta property=\"og:title\" content=\"A\u00c7IK DENiZ\" \/>\n<meta property=\"og:description\" content=\"\u00a0 Balkan \u015fehirlerinde ge\u00e7erken \u00e7ocuklu\u011fum; Her l\u00e2hza bir alev gibi hasretti duydu\u011fum. Kalbimde vard\u0131 &#8220;Byron&#8221;u bedbaht eden mel\u00e2l! Gezdim o ya\u015fta da\u011flar\u0131, huly\u00e2m i\u00e7inde l\u00e2l, Ald\u0131m Rakof\u00e7a k\u0131rlar\u0131n\u0131n h\u00fcr hav\u00e2s\u0131n\u0131, Duydum ak\u0131nc\u0131 cedlerimin ihtir\u00e2s\u0131n\u0131, Her yaz, \u015fim\u00e2le do\u011fru as\u0131rlarca bir ko\u015fu&#8230; Ba\u011fr\u0131mda bir akis gibi kalm\u0131\u015f u\u011fultulu&#8230; Ma\u011fl\u00fbpken ordu, yasl\u0131 dururken b\u00fct\u00fcn vatan, \u00a0 R\u00fc\u2019y\u00e2ma [&hellip;]\" \/>\n<meta property=\"og:url\" content=\"https:\/\/narteks.net\/index.php\/2009\/12\/25\/acik-deniz\/\" \/>\n<meta property=\"og:site_name\" content=\"narteks.net\" \/>\n<meta property=\"article:published_time\" content=\"2009-12-25T14:08:54+00:00\" \/>\n<meta property=\"og:image\" content=\"https:\/\/narteks.net\/wp-content\/uploads\/narteks.png\" \/>\n\t<meta property=\"og:image:width\" content=\"300\" \/>\n\t<meta property=\"og:image:height\" content=\"90\" \/>\n\t<meta property=\"og:image:type\" content=\"image\/png\" \/>\n<meta name=\"author\" content=\"Tar\u0131k\" \/>\n<meta name=\"twitter:card\" content=\"summary_large_image\" \/>\n<meta name=\"twitter:creator\" content=\"@narteks\" \/>\n<meta name=\"twitter:site\" content=\"@narteks\" \/>\n<meta name=\"twitter:label1\" content=\"Yazan:\" \/>\n\t<meta name=\"twitter:data1\" content=\"Tar\u0131k\" \/>\n\t<meta name=\"twitter:label2\" content=\"Tahmini okuma s\u00fcresi\" \/>\n\t<meta name=\"twitter:data2\" content=\"2 dakika\" \/>\n<script type=\"application\/ld+json\" class=\"yoast-schema-graph\">{\"@context\":\"https:\/\/schema.org\",\"@graph\":[{\"@type\":\"Article\",\"@id\":\"https:\/\/narteks.net\/index.php\/2009\/12\/25\/acik-deniz\/#article\",\"isPartOf\":{\"@id\":\"https:\/\/narteks.net\/index.php\/2009\/12\/25\/acik-deniz\/\"},\"author\":{\"name\":\"Tar\u0131k\",\"@id\":\"https:\/\/narteks.net\/#\/schema\/person\/61f37d9834294b72d31d274e7ed79bca\"},\"headline\":\"A\u00c7IK DENiZ\",\"datePublished\":\"2009-12-25T14:08:54+00:00\",\"mainEntityOfPage\":{\"@id\":\"https:\/\/narteks.net\/index.php\/2009\/12\/25\/acik-deniz\/\"},\"wordCount\":325,\"commentCount\":0,\"publisher\":{\"@id\":\"https:\/\/narteks.net\/#organization\"},\"articleSection\":[\"Yahya Kemal BEYATLI\"],\"inLanguage\":\"tr\",\"potentialAction\":[{\"@type\":\"CommentAction\",\"name\":\"Comment\",\"target\":[\"https:\/\/narteks.net\/index.php\/2009\/12\/25\/acik-deniz\/#respond\"]}]},{\"@type\":\"WebPage\",\"@id\":\"https:\/\/narteks.net\/index.php\/2009\/12\/25\/acik-deniz\/\",\"url\":\"https:\/\/narteks.net\/index.php\/2009\/12\/25\/acik-deniz\/\",\"name\":\"A\u00c7IK DENiZ - narteks.net\",\"isPartOf\":{\"@id\":\"https:\/\/narteks.net\/#website\"},\"datePublished\":\"2009-12-25T14:08:54+00:00\",\"breadcrumb\":{\"@id\":\"https:\/\/narteks.net\/index.php\/2009\/12\/25\/acik-deniz\/#breadcrumb\"},\"inLanguage\":\"tr\",\"potentialAction\":[{\"@type\":\"ReadAction\",\"target\":[\"https:\/\/narteks.net\/index.php\/2009\/12\/25\/acik-deniz\/\"]}]},{\"@type\":\"BreadcrumbList\",\"@id\":\"https:\/\/narteks.net\/index.php\/2009\/12\/25\/acik-deniz\/#breadcrumb\",\"itemListElement\":[{\"@type\":\"ListItem\",\"position\":1,\"name\":\"Anasayfa\",\"item\":\"https:\/\/narteks.net\/\"},{\"@type\":\"ListItem\",\"position\":2,\"name\":\"A\u00c7IK DENiZ\"}]},{\"@type\":\"WebSite\",\"@id\":\"https:\/\/narteks.net\/#website\",\"url\":\"https:\/\/narteks.net\/\",\"name\":\"narteks.net\",\"description\":\"K\u00fclt\u00fcr Sanat Edebiyat Felsefe\",\"publisher\":{\"@id\":\"https:\/\/narteks.net\/#organization\"},\"alternateName\":\"K\u00fclt\u00fcr Sanat Edebiyat Felsefe\",\"potentialAction\":[{\"@type\":\"SearchAction\",\"target\":{\"@type\":\"EntryPoint\",\"urlTemplate\":\"https:\/\/narteks.net\/?s={search_term_string}\"},\"query-input\":{\"@type\":\"PropertyValueSpecification\",\"valueRequired\":true,\"valueName\":\"search_term_string\"}}],\"inLanguage\":\"tr\"},{\"@type\":\"Organization\",\"@id\":\"https:\/\/narteks.net\/#organization\",\"name\":\"narteks.net\",\"url\":\"https:\/\/narteks.net\/\",\"logo\":{\"@type\":\"ImageObject\",\"inLanguage\":\"tr\",\"@id\":\"https:\/\/narteks.net\/#\/schema\/logo\/image\/\",\"url\":\"https:\/\/narteks.net\/wp-content\/uploads\/narteks.png\",\"contentUrl\":\"https:\/\/narteks.net\/wp-content\/uploads\/narteks.png\",\"width\":300,\"height\":90,\"caption\":\"narteks.net\"},\"image\":{\"@id\":\"https:\/\/narteks.net\/#\/schema\/logo\/image\/\"},\"sameAs\":[\"https:\/\/x.com\/narteks\",\"https:\/\/instagram.com\/narteksnet\"]},{\"@type\":\"Person\",\"@id\":\"https:\/\/narteks.net\/#\/schema\/person\/61f37d9834294b72d31d274e7ed79bca\",\"name\":\"Tar\u0131k\",\"image\":{\"@type\":\"ImageObject\",\"inLanguage\":\"tr\",\"@id\":\"https:\/\/narteks.net\/#\/schema\/person\/image\/\",\"url\":\"https:\/\/secure.gravatar.com\/avatar\/50865afb55632c4ae467e0af0930f6510aa2297d8014be502a55b14f3b7550cf?s=96&d=mm&r=g\",\"contentUrl\":\"https:\/\/secure.gravatar.com\/avatar\/50865afb55632c4ae467e0af0930f6510aa2297d8014be502a55b14f3b7550cf?s=96&d=mm&r=g\",\"caption\":\"Tar\u0131k\"},\"sameAs\":[\"http:\/\/narteks.net\"],\"url\":\"https:\/\/narteks.net\/index.php\/author\/narbak\/\"}]}<\/script>\n<!-- \/ Yoast SEO Premium plugin. -->","yoast_head_json":{"title":"A\u00c7IK DENiZ - narteks.net","robots":{"index":"index","follow":"follow","max-snippet":"max-snippet:-1","max-image-preview":"max-image-preview:large","max-video-preview":"max-video-preview:-1"},"canonical":"https:\/\/narteks.net\/index.php\/2009\/12\/25\/acik-deniz\/","og_locale":"tr_TR","og_type":"article","og_title":"A\u00c7IK DENiZ","og_description":"\u00a0 Balkan \u015fehirlerinde ge\u00e7erken \u00e7ocuklu\u011fum; Her l\u00e2hza bir alev gibi hasretti duydu\u011fum. Kalbimde vard\u0131 &#8220;Byron&#8221;u bedbaht eden mel\u00e2l! Gezdim o ya\u015fta da\u011flar\u0131, huly\u00e2m i\u00e7inde l\u00e2l, Ald\u0131m Rakof\u00e7a k\u0131rlar\u0131n\u0131n h\u00fcr hav\u00e2s\u0131n\u0131, Duydum ak\u0131nc\u0131 cedlerimin ihtir\u00e2s\u0131n\u0131, Her yaz, \u015fim\u00e2le do\u011fru as\u0131rlarca bir ko\u015fu&#8230; Ba\u011fr\u0131mda bir akis gibi kalm\u0131\u015f u\u011fultulu&#8230; Ma\u011fl\u00fbpken ordu, yasl\u0131 dururken b\u00fct\u00fcn vatan, \u00a0 R\u00fc\u2019y\u00e2ma [&hellip;]","og_url":"https:\/\/narteks.net\/index.php\/2009\/12\/25\/acik-deniz\/","og_site_name":"narteks.net","article_published_time":"2009-12-25T14:08:54+00:00","og_image":[{"width":300,"height":90,"url":"https:\/\/narteks.net\/wp-content\/uploads\/narteks.png","type":"image\/png"}],"author":"Tar\u0131k","twitter_card":"summary_large_image","twitter_creator":"@narteks","twitter_site":"@narteks","twitter_misc":{"Yazan:":"Tar\u0131k","Tahmini okuma s\u00fcresi":"2 dakika"},"schema":{"@context":"https:\/\/schema.org","@graph":[{"@type":"Article","@id":"https:\/\/narteks.net\/index.php\/2009\/12\/25\/acik-deniz\/#article","isPartOf":{"@id":"https:\/\/narteks.net\/index.php\/2009\/12\/25\/acik-deniz\/"},"author":{"name":"Tar\u0131k","@id":"https:\/\/narteks.net\/#\/schema\/person\/61f37d9834294b72d31d274e7ed79bca"},"headline":"A\u00c7IK DENiZ","datePublished":"2009-12-25T14:08:54+00:00","mainEntityOfPage":{"@id":"https:\/\/narteks.net\/index.php\/2009\/12\/25\/acik-deniz\/"},"wordCount":325,"commentCount":0,"publisher":{"@id":"https:\/\/narteks.net\/#organization"},"articleSection":["Yahya Kemal BEYATLI"],"inLanguage":"tr","potentialAction":[{"@type":"CommentAction","name":"Comment","target":["https:\/\/narteks.net\/index.php\/2009\/12\/25\/acik-deniz\/#respond"]}]},{"@type":"WebPage","@id":"https:\/\/narteks.net\/index.php\/2009\/12\/25\/acik-deniz\/","url":"https:\/\/narteks.net\/index.php\/2009\/12\/25\/acik-deniz\/","name":"A\u00c7IK DENiZ - narteks.net","isPartOf":{"@id":"https:\/\/narteks.net\/#website"},"datePublished":"2009-12-25T14:08:54+00:00","breadcrumb":{"@id":"https:\/\/narteks.net\/index.php\/2009\/12\/25\/acik-deniz\/#breadcrumb"},"inLanguage":"tr","potentialAction":[{"@type":"ReadAction","target":["https:\/\/narteks.net\/index.php\/2009\/12\/25\/acik-deniz\/"]}]},{"@type":"BreadcrumbList","@id":"https:\/\/narteks.net\/index.php\/2009\/12\/25\/acik-deniz\/#breadcrumb","itemListElement":[{"@type":"ListItem","position":1,"name":"Anasayfa","item":"https:\/\/narteks.net\/"},{"@type":"ListItem","position":2,"name":"A\u00c7IK DENiZ"}]},{"@type":"WebSite","@id":"https:\/\/narteks.net\/#website","url":"https:\/\/narteks.net\/","name":"narteks.net","description":"K\u00fclt\u00fcr Sanat Edebiyat Felsefe","publisher":{"@id":"https:\/\/narteks.net\/#organization"},"alternateName":"K\u00fclt\u00fcr Sanat Edebiyat Felsefe","potentialAction":[{"@type":"SearchAction","target":{"@type":"EntryPoint","urlTemplate":"https:\/\/narteks.net\/?s={search_term_string}"},"query-input":{"@type":"PropertyValueSpecification","valueRequired":true,"valueName":"search_term_string"}}],"inLanguage":"tr"},{"@type":"Organization","@id":"https:\/\/narteks.net\/#organization","name":"narteks.net","url":"https:\/\/narteks.net\/","logo":{"@type":"ImageObject","inLanguage":"tr","@id":"https:\/\/narteks.net\/#\/schema\/logo\/image\/","url":"https:\/\/narteks.net\/wp-content\/uploads\/narteks.png","contentUrl":"https:\/\/narteks.net\/wp-content\/uploads\/narteks.png","width":300,"height":90,"caption":"narteks.net"},"image":{"@id":"https:\/\/narteks.net\/#\/schema\/logo\/image\/"},"sameAs":["https:\/\/x.com\/narteks","https:\/\/instagram.com\/narteksnet"]},{"@type":"Person","@id":"https:\/\/narteks.net\/#\/schema\/person\/61f37d9834294b72d31d274e7ed79bca","name":"Tar\u0131k","image":{"@type":"ImageObject","inLanguage":"tr","@id":"https:\/\/narteks.net\/#\/schema\/person\/image\/","url":"https:\/\/secure.gravatar.com\/avatar\/50865afb55632c4ae467e0af0930f6510aa2297d8014be502a55b14f3b7550cf?s=96&d=mm&r=g","contentUrl":"https:\/\/secure.gravatar.com\/avatar\/50865afb55632c4ae467e0af0930f6510aa2297d8014be502a55b14f3b7550cf?s=96&d=mm&r=g","caption":"Tar\u0131k"},"sameAs":["http:\/\/narteks.net"],"url":"https:\/\/narteks.net\/index.php\/author\/narbak\/"}]}},"_links":{"self":[{"href":"https:\/\/narteks.net\/index.php\/wp-json\/wp\/v2\/posts\/3083","targetHints":{"allow":["GET"]}}],"collection":[{"href":"https:\/\/narteks.net\/index.php\/wp-json\/wp\/v2\/posts"}],"about":[{"href":"https:\/\/narteks.net\/index.php\/wp-json\/wp\/v2\/types\/post"}],"author":[{"embeddable":true,"href":"https:\/\/narteks.net\/index.php\/wp-json\/wp\/v2\/users\/1"}],"replies":[{"embeddable":true,"href":"https:\/\/narteks.net\/index.php\/wp-json\/wp\/v2\/comments?post=3083"}],"version-history":[{"count":0,"href":"https:\/\/narteks.net\/index.php\/wp-json\/wp\/v2\/posts\/3083\/revisions"}],"wp:attachment":[{"href":"https:\/\/narteks.net\/index.php\/wp-json\/wp\/v2\/media?parent=3083"}],"wp:term":[{"taxonomy":"category","embeddable":true,"href":"https:\/\/narteks.net\/index.php\/wp-json\/wp\/v2\/categories?post=3083"},{"taxonomy":"post_tag","embeddable":true,"href":"https:\/\/narteks.net\/index.php\/wp-json\/wp\/v2\/tags?post=3083"}],"curies":[{"name":"wp","href":"https:\/\/api.w.org\/{rel}","templated":true}]}}