{"id":3090,"date":"2009-12-25T17:15:03","date_gmt":"2009-12-25T14:15:03","guid":{"rendered":"http:\/\/localhost\/wordpress\/2009\/12\/25\/bergama-heykeltraslari\/"},"modified":"2009-12-25T17:15:03","modified_gmt":"2009-12-25T14:15:03","slug":"bergama-heykeltraslari","status":"publish","type":"post","link":"https:\/\/narteks.net\/index.php\/2009\/12\/25\/bergama-heykeltraslari\/","title":{"rendered":"BERGAMA HEYKELTRA\u015eLARI"},"content":{"rendered":"<p>\u00a0<\/p>\n<p style=\"margin-left: 25px; margin-top: 5px; margin-bottom: 5px; text-align: center;\"><em>&#8211; Muhtar Tevfiko\u011flu\u2019na &#8211;<\/em><\/p>\n<p style=\"margin-left: 25px; margin-top: 5px; margin-bottom: 5px;\">Pek t\u00e2ze penbe tenlere benzer bu ta\u015flar\u0131<\/p>\n<p style=\"margin-left: 25px; margin-top: 5px; margin-bottom: 5px;\">Yontarken eski Bergama heykeltra\u015flar\u0131<\/p>\n<p style=\"margin-left: 25px; margin-top: 5px; margin-bottom: 5px;\">\u00a0<\/p>\n<p style=\"margin-left: 25px; margin-top: 5px; margin-bottom: 5px;\">\u0130lham eden vuc\u00fbdun ed\u00e2s\u0131yle mest imi\u015f;<\/p>\n<p style=\"margin-left: 25px; margin-top: 5px; margin-bottom: 5px;\">Heykeltra\u015f demek o zaman putperest imi\u015f.<\/p>\n<p style=\"margin-left: 25px; margin-top: 5px; margin-bottom: 5px;\">\u00a0<\/p>\n<p style=\"margin-left: 25px; margin-top: 5px; margin-bottom: 5px;\">\u0130nsan v\u00fcc\u00fbdu bazan a\u00e7\u0131k, bazan \u00f6rt\u00fcl\u00fc,<\/p>\n<p style=\"margin-left: 25px; margin-top: 5px; margin-bottom: 5px;\">Her \u00e7izgisiyle san\u2019at\u0131 canland\u0131ran b\u00fcy\u00fc.<\/p>\n<p style=\"margin-left: 25px; margin-top: 5px; margin-bottom: 5px;\">\u00a0<\/p>\n<p style=\"margin-left: 25px; margin-top: 5px; margin-bottom: 5px;\">Art\u0131k deh\u00e2ya eski g\u00fczellikte sinmiyor.<\/p>\n<p style=\"margin-left: 25px; margin-top: 5px; margin-bottom: 5px;\">G\u00f6rd\u00fck ki yer y\u00fcz\u00fcnde il\u00e2hlar gezinmiyor.<\/p>\n","protected":false},"excerpt":{"rendered":"<p>\u00a0 &#8211; Muhtar Tevfiko\u011flu\u2019na &#8211; Pek t\u00e2ze penbe tenlere benzer bu ta\u015flar\u0131 Yontarken eski Bergama heykeltra\u015flar\u0131 \u00a0 \u0130lham eden vuc\u00fbdun ed\u00e2s\u0131yle mest imi\u015f; Heykeltra\u015f demek o zaman putperest imi\u015f. \u00a0 \u0130nsan v\u00fcc\u00fbdu bazan a\u00e7\u0131k, bazan \u00f6rt\u00fcl\u00fc, Her \u00e7izgisiyle san\u2019at\u0131 canland\u0131ran b\u00fcy\u00fc. \u00a0 Art\u0131k deh\u00e2ya eski g\u00fczellikte sinmiyor. G\u00f6rd\u00fck ki yer y\u00fcz\u00fcnde il\u00e2hlar gezinmiyor.<\/p>\n","protected":false},"author":1,"featured_media":0,"comment_status":"open","ping_status":"open","sticky":false,"template":"","format":"standard","meta":{"footnotes":""},"categories":[106],"tags":[],"class_list":{"0":"post-3090","1":"post","2":"type-post","3":"status-publish","4":"format-standard","6":"category-yahya-kemal-beyatli"},"yoast_head":"<!-- This site is optimized with the Yoast SEO Premium plugin v24.9 (Yoast SEO v24.9) - https:\/\/yoast.com\/wordpress\/plugins\/seo\/ -->\n<title>BERGAMA HEYKELTRA\u015eLARI - narteks.net<\/title>\n<meta name=\"robots\" content=\"index, follow, max-snippet:-1, max-image-preview:large, max-video-preview:-1\" \/>\n<link rel=\"canonical\" href=\"https:\/\/narteks.net\/index.php\/2009\/12\/25\/bergama-heykeltraslari\/\" \/>\n<meta property=\"og:locale\" content=\"tr_TR\" \/>\n<meta property=\"og:type\" content=\"article\" \/>\n<meta property=\"og:title\" content=\"BERGAMA HEYKELTRA\u015eLARI\" \/>\n<meta property=\"og:description\" content=\"\u00a0 &#8211; Muhtar Tevfiko\u011flu\u2019na &#8211; Pek t\u00e2ze penbe tenlere benzer bu ta\u015flar\u0131 Yontarken eski Bergama heykeltra\u015flar\u0131 \u00a0 \u0130lham eden vuc\u00fbdun ed\u00e2s\u0131yle mest imi\u015f; Heykeltra\u015f demek o zaman putperest imi\u015f. \u00a0 \u0130nsan v\u00fcc\u00fbdu bazan a\u00e7\u0131k, bazan \u00f6rt\u00fcl\u00fc, Her \u00e7izgisiyle san\u2019at\u0131 canland\u0131ran b\u00fcy\u00fc. \u00a0 Art\u0131k deh\u00e2ya eski g\u00fczellikte sinmiyor. G\u00f6rd\u00fck ki yer y\u00fcz\u00fcnde il\u00e2hlar gezinmiyor.\" \/>\n<meta property=\"og:url\" content=\"https:\/\/narteks.net\/index.php\/2009\/12\/25\/bergama-heykeltraslari\/\" \/>\n<meta property=\"og:site_name\" content=\"narteks.net\" \/>\n<meta property=\"article:published_time\" content=\"2009-12-25T14:15:03+00:00\" \/>\n<meta property=\"og:image\" content=\"https:\/\/narteks.net\/wp-content\/uploads\/narteks.png\" \/>\n\t<meta property=\"og:image:width\" content=\"300\" \/>\n\t<meta property=\"og:image:height\" content=\"90\" \/>\n\t<meta property=\"og:image:type\" content=\"image\/png\" \/>\n<meta name=\"author\" content=\"Tar\u0131k\" \/>\n<meta name=\"twitter:card\" content=\"summary_large_image\" \/>\n<meta name=\"twitter:creator\" content=\"@narteks\" \/>\n<meta name=\"twitter:site\" content=\"@narteks\" \/>\n<meta name=\"twitter:label1\" content=\"Yazan:\" \/>\n\t<meta name=\"twitter:data1\" content=\"Tar\u0131k\" \/>\n<script type=\"application\/ld+json\" class=\"yoast-schema-graph\">{\"@context\":\"https:\/\/schema.org\",\"@graph\":[{\"@type\":\"Article\",\"@id\":\"https:\/\/narteks.net\/index.php\/2009\/12\/25\/bergama-heykeltraslari\/#article\",\"isPartOf\":{\"@id\":\"https:\/\/narteks.net\/index.php\/2009\/12\/25\/bergama-heykeltraslari\/\"},\"author\":{\"name\":\"Tar\u0131k\",\"@id\":\"https:\/\/narteks.net\/#\/schema\/person\/61f37d9834294b72d31d274e7ed79bca\"},\"headline\":\"BERGAMA HEYKELTRA\u015eLARI\",\"datePublished\":\"2009-12-25T14:15:03+00:00\",\"mainEntityOfPage\":{\"@id\":\"https:\/\/narteks.net\/index.php\/2009\/12\/25\/bergama-heykeltraslari\/\"},\"wordCount\":75,\"commentCount\":0,\"publisher\":{\"@id\":\"https:\/\/narteks.net\/#organization\"},\"articleSection\":[\"Yahya Kemal BEYATLI\"],\"inLanguage\":\"tr\",\"potentialAction\":[{\"@type\":\"CommentAction\",\"name\":\"Comment\",\"target\":[\"https:\/\/narteks.net\/index.php\/2009\/12\/25\/bergama-heykeltraslari\/#respond\"]}]},{\"@type\":\"WebPage\",\"@id\":\"https:\/\/narteks.net\/index.php\/2009\/12\/25\/bergama-heykeltraslari\/\",\"url\":\"https:\/\/narteks.net\/index.php\/2009\/12\/25\/bergama-heykeltraslari\/\",\"name\":\"BERGAMA HEYKELTRA\u015eLARI - narteks.net\",\"isPartOf\":{\"@id\":\"https:\/\/narteks.net\/#website\"},\"datePublished\":\"2009-12-25T14:15:03+00:00\",\"breadcrumb\":{\"@id\":\"https:\/\/narteks.net\/index.php\/2009\/12\/25\/bergama-heykeltraslari\/#breadcrumb\"},\"inLanguage\":\"tr\",\"potentialAction\":[{\"@type\":\"ReadAction\",\"target\":[\"https:\/\/narteks.net\/index.php\/2009\/12\/25\/bergama-heykeltraslari\/\"]}]},{\"@type\":\"BreadcrumbList\",\"@id\":\"https:\/\/narteks.net\/index.php\/2009\/12\/25\/bergama-heykeltraslari\/#breadcrumb\",\"itemListElement\":[{\"@type\":\"ListItem\",\"position\":1,\"name\":\"Anasayfa\",\"item\":\"https:\/\/narteks.net\/\"},{\"@type\":\"ListItem\",\"position\":2,\"name\":\"BERGAMA HEYKELTRA\u015eLARI\"}]},{\"@type\":\"WebSite\",\"@id\":\"https:\/\/narteks.net\/#website\",\"url\":\"https:\/\/narteks.net\/\",\"name\":\"narteks.net\",\"description\":\"K\u00fclt\u00fcr Sanat Edebiyat Felsefe\",\"publisher\":{\"@id\":\"https:\/\/narteks.net\/#organization\"},\"alternateName\":\"K\u00fclt\u00fcr Sanat Edebiyat Felsefe\",\"potentialAction\":[{\"@type\":\"SearchAction\",\"target\":{\"@type\":\"EntryPoint\",\"urlTemplate\":\"https:\/\/narteks.net\/?s={search_term_string}\"},\"query-input\":{\"@type\":\"PropertyValueSpecification\",\"valueRequired\":true,\"valueName\":\"search_term_string\"}}],\"inLanguage\":\"tr\"},{\"@type\":\"Organization\",\"@id\":\"https:\/\/narteks.net\/#organization\",\"name\":\"narteks.net\",\"url\":\"https:\/\/narteks.net\/\",\"logo\":{\"@type\":\"ImageObject\",\"inLanguage\":\"tr\",\"@id\":\"https:\/\/narteks.net\/#\/schema\/logo\/image\/\",\"url\":\"https:\/\/narteks.net\/wp-content\/uploads\/narteks.png\",\"contentUrl\":\"https:\/\/narteks.net\/wp-content\/uploads\/narteks.png\",\"width\":300,\"height\":90,\"caption\":\"narteks.net\"},\"image\":{\"@id\":\"https:\/\/narteks.net\/#\/schema\/logo\/image\/\"},\"sameAs\":[\"https:\/\/x.com\/narteks\",\"https:\/\/instagram.com\/narteksnet\"]},{\"@type\":\"Person\",\"@id\":\"https:\/\/narteks.net\/#\/schema\/person\/61f37d9834294b72d31d274e7ed79bca\",\"name\":\"Tar\u0131k\",\"image\":{\"@type\":\"ImageObject\",\"inLanguage\":\"tr\",\"@id\":\"https:\/\/narteks.net\/#\/schema\/person\/image\/\",\"url\":\"https:\/\/secure.gravatar.com\/avatar\/50865afb55632c4ae467e0af0930f6510aa2297d8014be502a55b14f3b7550cf?s=96&d=mm&r=g\",\"contentUrl\":\"https:\/\/secure.gravatar.com\/avatar\/50865afb55632c4ae467e0af0930f6510aa2297d8014be502a55b14f3b7550cf?s=96&d=mm&r=g\",\"caption\":\"Tar\u0131k\"},\"sameAs\":[\"http:\/\/narteks.net\"],\"url\":\"https:\/\/narteks.net\/index.php\/author\/narbak\/\"}]}<\/script>\n<!-- \/ Yoast SEO Premium plugin. -->","yoast_head_json":{"title":"BERGAMA HEYKELTRA\u015eLARI - narteks.net","robots":{"index":"index","follow":"follow","max-snippet":"max-snippet:-1","max-image-preview":"max-image-preview:large","max-video-preview":"max-video-preview:-1"},"canonical":"https:\/\/narteks.net\/index.php\/2009\/12\/25\/bergama-heykeltraslari\/","og_locale":"tr_TR","og_type":"article","og_title":"BERGAMA HEYKELTRA\u015eLARI","og_description":"\u00a0 &#8211; Muhtar Tevfiko\u011flu\u2019na &#8211; Pek t\u00e2ze penbe tenlere benzer bu ta\u015flar\u0131 Yontarken eski Bergama heykeltra\u015flar\u0131 \u00a0 \u0130lham eden vuc\u00fbdun ed\u00e2s\u0131yle mest imi\u015f; Heykeltra\u015f demek o zaman putperest imi\u015f. \u00a0 \u0130nsan v\u00fcc\u00fbdu bazan a\u00e7\u0131k, bazan \u00f6rt\u00fcl\u00fc, Her \u00e7izgisiyle san\u2019at\u0131 canland\u0131ran b\u00fcy\u00fc. \u00a0 Art\u0131k deh\u00e2ya eski g\u00fczellikte sinmiyor. G\u00f6rd\u00fck ki yer y\u00fcz\u00fcnde il\u00e2hlar gezinmiyor.","og_url":"https:\/\/narteks.net\/index.php\/2009\/12\/25\/bergama-heykeltraslari\/","og_site_name":"narteks.net","article_published_time":"2009-12-25T14:15:03+00:00","og_image":[{"width":300,"height":90,"url":"https:\/\/narteks.net\/wp-content\/uploads\/narteks.png","type":"image\/png"}],"author":"Tar\u0131k","twitter_card":"summary_large_image","twitter_creator":"@narteks","twitter_site":"@narteks","twitter_misc":{"Yazan:":"Tar\u0131k"},"schema":{"@context":"https:\/\/schema.org","@graph":[{"@type":"Article","@id":"https:\/\/narteks.net\/index.php\/2009\/12\/25\/bergama-heykeltraslari\/#article","isPartOf":{"@id":"https:\/\/narteks.net\/index.php\/2009\/12\/25\/bergama-heykeltraslari\/"},"author":{"name":"Tar\u0131k","@id":"https:\/\/narteks.net\/#\/schema\/person\/61f37d9834294b72d31d274e7ed79bca"},"headline":"BERGAMA HEYKELTRA\u015eLARI","datePublished":"2009-12-25T14:15:03+00:00","mainEntityOfPage":{"@id":"https:\/\/narteks.net\/index.php\/2009\/12\/25\/bergama-heykeltraslari\/"},"wordCount":75,"commentCount":0,"publisher":{"@id":"https:\/\/narteks.net\/#organization"},"articleSection":["Yahya Kemal BEYATLI"],"inLanguage":"tr","potentialAction":[{"@type":"CommentAction","name":"Comment","target":["https:\/\/narteks.net\/index.php\/2009\/12\/25\/bergama-heykeltraslari\/#respond"]}]},{"@type":"WebPage","@id":"https:\/\/narteks.net\/index.php\/2009\/12\/25\/bergama-heykeltraslari\/","url":"https:\/\/narteks.net\/index.php\/2009\/12\/25\/bergama-heykeltraslari\/","name":"BERGAMA HEYKELTRA\u015eLARI - narteks.net","isPartOf":{"@id":"https:\/\/narteks.net\/#website"},"datePublished":"2009-12-25T14:15:03+00:00","breadcrumb":{"@id":"https:\/\/narteks.net\/index.php\/2009\/12\/25\/bergama-heykeltraslari\/#breadcrumb"},"inLanguage":"tr","potentialAction":[{"@type":"ReadAction","target":["https:\/\/narteks.net\/index.php\/2009\/12\/25\/bergama-heykeltraslari\/"]}]},{"@type":"BreadcrumbList","@id":"https:\/\/narteks.net\/index.php\/2009\/12\/25\/bergama-heykeltraslari\/#breadcrumb","itemListElement":[{"@type":"ListItem","position":1,"name":"Anasayfa","item":"https:\/\/narteks.net\/"},{"@type":"ListItem","position":2,"name":"BERGAMA HEYKELTRA\u015eLARI"}]},{"@type":"WebSite","@id":"https:\/\/narteks.net\/#website","url":"https:\/\/narteks.net\/","name":"narteks.net","description":"K\u00fclt\u00fcr Sanat Edebiyat Felsefe","publisher":{"@id":"https:\/\/narteks.net\/#organization"},"alternateName":"K\u00fclt\u00fcr Sanat Edebiyat Felsefe","potentialAction":[{"@type":"SearchAction","target":{"@type":"EntryPoint","urlTemplate":"https:\/\/narteks.net\/?s={search_term_string}"},"query-input":{"@type":"PropertyValueSpecification","valueRequired":true,"valueName":"search_term_string"}}],"inLanguage":"tr"},{"@type":"Organization","@id":"https:\/\/narteks.net\/#organization","name":"narteks.net","url":"https:\/\/narteks.net\/","logo":{"@type":"ImageObject","inLanguage":"tr","@id":"https:\/\/narteks.net\/#\/schema\/logo\/image\/","url":"https:\/\/narteks.net\/wp-content\/uploads\/narteks.png","contentUrl":"https:\/\/narteks.net\/wp-content\/uploads\/narteks.png","width":300,"height":90,"caption":"narteks.net"},"image":{"@id":"https:\/\/narteks.net\/#\/schema\/logo\/image\/"},"sameAs":["https:\/\/x.com\/narteks","https:\/\/instagram.com\/narteksnet"]},{"@type":"Person","@id":"https:\/\/narteks.net\/#\/schema\/person\/61f37d9834294b72d31d274e7ed79bca","name":"Tar\u0131k","image":{"@type":"ImageObject","inLanguage":"tr","@id":"https:\/\/narteks.net\/#\/schema\/person\/image\/","url":"https:\/\/secure.gravatar.com\/avatar\/50865afb55632c4ae467e0af0930f6510aa2297d8014be502a55b14f3b7550cf?s=96&d=mm&r=g","contentUrl":"https:\/\/secure.gravatar.com\/avatar\/50865afb55632c4ae467e0af0930f6510aa2297d8014be502a55b14f3b7550cf?s=96&d=mm&r=g","caption":"Tar\u0131k"},"sameAs":["http:\/\/narteks.net"],"url":"https:\/\/narteks.net\/index.php\/author\/narbak\/"}]}},"_links":{"self":[{"href":"https:\/\/narteks.net\/index.php\/wp-json\/wp\/v2\/posts\/3090","targetHints":{"allow":["GET"]}}],"collection":[{"href":"https:\/\/narteks.net\/index.php\/wp-json\/wp\/v2\/posts"}],"about":[{"href":"https:\/\/narteks.net\/index.php\/wp-json\/wp\/v2\/types\/post"}],"author":[{"embeddable":true,"href":"https:\/\/narteks.net\/index.php\/wp-json\/wp\/v2\/users\/1"}],"replies":[{"embeddable":true,"href":"https:\/\/narteks.net\/index.php\/wp-json\/wp\/v2\/comments?post=3090"}],"version-history":[{"count":0,"href":"https:\/\/narteks.net\/index.php\/wp-json\/wp\/v2\/posts\/3090\/revisions"}],"wp:attachment":[{"href":"https:\/\/narteks.net\/index.php\/wp-json\/wp\/v2\/media?parent=3090"}],"wp:term":[{"taxonomy":"category","embeddable":true,"href":"https:\/\/narteks.net\/index.php\/wp-json\/wp\/v2\/categories?post=3090"},{"taxonomy":"post_tag","embeddable":true,"href":"https:\/\/narteks.net\/index.php\/wp-json\/wp\/v2\/tags?post=3090"}],"curies":[{"name":"wp","href":"https:\/\/api.w.org\/{rel}","templated":true}]}}