{"id":3096,"date":"2009-12-25T17:18:22","date_gmt":"2009-12-25T14:18:22","guid":{"rendered":"http:\/\/localhost\/wordpress\/2009\/12\/25\/deniz-2\/"},"modified":"2009-12-25T17:18:22","modified_gmt":"2009-12-25T14:18:22","slug":"deniz-2","status":"publish","type":"post","link":"https:\/\/narteks.net\/index.php\/2009\/12\/25\/deniz-2\/","title":{"rendered":"DEN\u0130Z"},"content":{"rendered":"<p>\u00a0<\/p>\n<p style=\"margin-left: 25px; margin-top: 5px; margin-bottom: 5px;\">Bir g\u00fcn deniz \u00f6lg\u00fcnd\u00fc. Bir oltayla bal\u0131kta,<\/p>\n<p style=\"margin-left: 25px; margin-top: 5px; margin-bottom: 5px;\">Ku\u015flar gibi yaln\u0131z, yapayaln\u0131zd\u0131m a\u00e7\u0131kta.<\/p>\n<p style=\"margin-left: 25px; margin-top: 5px; margin-bottom: 5px;\">\u015eehrin eleminden bir uzak merhaledeydim,<\/p>\n<p style=\"margin-left: 25px; margin-top: 5px; margin-bottom: 5px;\">F\u00e2n\u00eeleri g\u00f6kten ay\u0131ran perdeye de\u011fdim.<\/p>\n<p style=\"margin-left: 25px; margin-top: 5px; margin-bottom: 5px;\">R\u00fczg\u00e2rlara benzer bir u\u011fultuyla sulardan,<\/p>\n<p style=\"margin-left: 25px; margin-top: 5px; margin-bottom: 5px;\">Sesler geliyor sand\u0131m il\u00e2h\u00ee ku\u011fulardan.<\/p>\n<p style=\"margin-left: 25px; margin-top: 5px; margin-bottom: 5px;\">Her an daha co\u015fkun, daha y\u00fcksek, daha gergin,<\/p>\n<p style=\"margin-left: 25px; margin-top: 5px; margin-bottom: 5px;\">Binlerce a\u011f\u0131zdan bir il\u00e2h\u00ee gibi engin<\/p>\n<p style=\"margin-left: 25px; margin-top: 5px; margin-bottom: 5px;\">Sesler denizin ufkunu u\u00e7tan uca sard\u0131,<\/p>\n<p style=\"margin-left: 25px; margin-top: 5px; margin-bottom: 5px;\">\u00a0<\/p>\n<p style=\"margin-left: 25px; margin-top: 5px; margin-bottom: 5px;\">Benzim, \u00f6l\u00fcm\u00fcn \u015fi&#8217;ri yay\u0131ld\u0131k\u00e7a, sarard\u0131.<\/p>\n<p style=\"margin-left: 25px; margin-top: 5px; margin-bottom: 5px;\">Kalbimse bu heng\u00e2mede ku\u015flar gibi \u00fcrkek,<\/p>\n<p style=\"margin-left: 25px; margin-top: 5px; margin-bottom: 5px;\">Kalbim heyecandan dedi: &#8220;Art\u0131k d\u00f6nelim, \u00e7ek!<\/p>\n<p style=\"margin-left: 25px; margin-top: 5px; margin-bottom: 5px;\">K\u00e2f\u00ee!.. \u00d6l\u00fclerden gelen \u00e2henge kap\u0131lma!&#8221;<\/p>\n<p style=\"margin-left: 25px; margin-top: 5px; margin-bottom: 5px;\">Birdenbire hissettim ufuktan bir at\u0131lma.<\/p>\n<p style=\"margin-left: 25px; margin-top: 5px; margin-bottom: 5px;\">Bakt\u0131m ki deniz insan\u0131 durgun suyu yard\u0131,<\/p>\n<p style=\"margin-left: 25px; margin-top: 5px; margin-bottom: 5px;\">Bir dev gibi m\u00fbnis ve yosun sa\u00e7lar\u0131 vard\u0131.<\/p>\n<p style=\"margin-left: 25px; margin-top: 5px; margin-bottom: 5px;\">Durdum, dedi:<\/p>\n<p style=\"margin-left: 25px; margin-top: 5px; margin-bottom: 5px;\">\u00a0<\/p>\n<p style=\"margin-left: 25px; margin-top: 5px; margin-bottom: 5px;\">&#8220;M\u00e2dam ki deniz r\u00fbhuna s\u0131r verdi sesinden.<\/p>\n<p style=\"margin-left: 25px; margin-top: 5px; margin-bottom: 5px;\">Gel kurtul o dar varl\u0131\u011f\u0131n\u0131n hendesesinden!<\/p>\n<p style=\"margin-left: 25px; margin-top: 5px; margin-bottom: 5px;\">Son zevkin e\u011fer a\u015fk ise umm\u00e2na kar\u0131\u015f, tat!<\/p>\n<p style=\"margin-left: 25px; margin-top: 5px; margin-bottom: 5px;\">Boynundan o c\u00e2nan dedi\u011fin l\u00e2\u015feyi silk, at!<\/p>\n<p style=\"margin-left: 25px; margin-top: 5px; margin-bottom: 5px;\">Kirpikleri s\u00fczg\u00fcn o ih\u00e2net dolu g\u00f6zler,<\/p>\n<p style=\"margin-left: 25px; margin-top: 5px; margin-bottom: 5px;\">Rikkatle bakarken bile bir f\u0131rsat\u0131 \u00f6zler.<\/p>\n<p style=\"margin-left: 25px; margin-top: 5px; margin-bottom: 5px;\">\u00a0<\/p>\n<p style=\"margin-left: 25px; margin-top: 5px; margin-bottom: 5px;\">Aldanma ki sen bir susam\u0131\u015f r\u00fbh, o bir a\u00e7;<\/p>\n<p style=\"margin-left: 25px; margin-top: 5px; margin-bottom: 5px;\">Sen bir susam\u0131\u015f r\u00fbh, o b\u00fct\u00fcn ten ve biraz sa\u00e7.<\/p>\n<p style=\"margin-left: 25px; margin-top: 5px; margin-bottom: 5px;\">Umm\u00e2na \u00e7\u0131kar burda bug\u00fcn bekledi\u011fin yol,<\/p>\n<p style=\"margin-left: 25px; margin-top: 5px; margin-bottom: 5px;\">At kalbini gird\u00e2ba, a\u00e7\u0131l engine, r\u00fbh ol!&#8221;<\/p>\n","protected":false},"excerpt":{"rendered":"<p>\u00a0 Bir g\u00fcn deniz \u00f6lg\u00fcnd\u00fc. Bir oltayla bal\u0131kta, Ku\u015flar gibi yaln\u0131z, yapayaln\u0131zd\u0131m a\u00e7\u0131kta. \u015eehrin eleminden bir uzak merhaledeydim, F\u00e2n\u00eeleri g\u00f6kten ay\u0131ran perdeye de\u011fdim. R\u00fczg\u00e2rlara benzer bir u\u011fultuyla sulardan, Sesler geliyor sand\u0131m il\u00e2h\u00ee ku\u011fulardan. Her an daha co\u015fkun, daha y\u00fcksek, daha gergin, Binlerce a\u011f\u0131zdan bir il\u00e2h\u00ee gibi engin Sesler denizin ufkunu u\u00e7tan uca sard\u0131, \u00a0 Benzim, [&hellip;]<\/p>\n","protected":false},"author":1,"featured_media":0,"comment_status":"open","ping_status":"open","sticky":false,"template":"","format":"standard","meta":{"footnotes":""},"categories":[106],"tags":[],"class_list":{"0":"post-3096","1":"post","2":"type-post","3":"status-publish","4":"format-standard","6":"category-yahya-kemal-beyatli"},"yoast_head":"<!-- This site is optimized with the Yoast SEO Premium plugin v24.9 (Yoast SEO v24.9) - https:\/\/yoast.com\/wordpress\/plugins\/seo\/ -->\n<title>DEN\u0130Z - narteks.net<\/title>\n<meta name=\"robots\" content=\"index, follow, max-snippet:-1, max-image-preview:large, max-video-preview:-1\" \/>\n<link rel=\"canonical\" href=\"https:\/\/narteks.net\/index.php\/2009\/12\/25\/deniz-2\/\" \/>\n<meta property=\"og:locale\" content=\"tr_TR\" \/>\n<meta property=\"og:type\" content=\"article\" \/>\n<meta property=\"og:title\" content=\"DEN\u0130Z\" \/>\n<meta property=\"og:description\" content=\"\u00a0 Bir g\u00fcn deniz \u00f6lg\u00fcnd\u00fc. Bir oltayla bal\u0131kta, Ku\u015flar gibi yaln\u0131z, yapayaln\u0131zd\u0131m a\u00e7\u0131kta. \u015eehrin eleminden bir uzak merhaledeydim, F\u00e2n\u00eeleri g\u00f6kten ay\u0131ran perdeye de\u011fdim. R\u00fczg\u00e2rlara benzer bir u\u011fultuyla sulardan, Sesler geliyor sand\u0131m il\u00e2h\u00ee ku\u011fulardan. Her an daha co\u015fkun, daha y\u00fcksek, daha gergin, Binlerce a\u011f\u0131zdan bir il\u00e2h\u00ee gibi engin Sesler denizin ufkunu u\u00e7tan uca sard\u0131, \u00a0 Benzim, [&hellip;]\" \/>\n<meta property=\"og:url\" content=\"https:\/\/narteks.net\/index.php\/2009\/12\/25\/deniz-2\/\" \/>\n<meta property=\"og:site_name\" content=\"narteks.net\" \/>\n<meta property=\"article:published_time\" content=\"2009-12-25T14:18:22+00:00\" \/>\n<meta property=\"og:image\" content=\"https:\/\/narteks.net\/wp-content\/uploads\/narteks.png\" \/>\n\t<meta property=\"og:image:width\" content=\"300\" \/>\n\t<meta property=\"og:image:height\" content=\"90\" \/>\n\t<meta property=\"og:image:type\" content=\"image\/png\" \/>\n<meta name=\"author\" content=\"Tar\u0131k\" \/>\n<meta name=\"twitter:card\" content=\"summary_large_image\" \/>\n<meta name=\"twitter:creator\" content=\"@narteks\" \/>\n<meta name=\"twitter:site\" content=\"@narteks\" \/>\n<meta name=\"twitter:label1\" content=\"Yazan:\" \/>\n\t<meta name=\"twitter:data1\" content=\"Tar\u0131k\" \/>\n\t<meta name=\"twitter:label2\" content=\"Tahmini okuma s\u00fcresi\" \/>\n\t<meta name=\"twitter:data2\" content=\"1 dakika\" \/>\n<script type=\"application\/ld+json\" class=\"yoast-schema-graph\">{\"@context\":\"https:\/\/schema.org\",\"@graph\":[{\"@type\":\"Article\",\"@id\":\"https:\/\/narteks.net\/index.php\/2009\/12\/25\/deniz-2\/#article\",\"isPartOf\":{\"@id\":\"https:\/\/narteks.net\/index.php\/2009\/12\/25\/deniz-2\/\"},\"author\":{\"name\":\"Tar\u0131k\",\"@id\":\"https:\/\/narteks.net\/#\/schema\/person\/61f37d9834294b72d31d274e7ed79bca\"},\"headline\":\"DEN\u0130Z\",\"datePublished\":\"2009-12-25T14:18:22+00:00\",\"mainEntityOfPage\":{\"@id\":\"https:\/\/narteks.net\/index.php\/2009\/12\/25\/deniz-2\/\"},\"wordCount\":236,\"commentCount\":0,\"publisher\":{\"@id\":\"https:\/\/narteks.net\/#organization\"},\"articleSection\":[\"Yahya Kemal BEYATLI\"],\"inLanguage\":\"tr\",\"potentialAction\":[{\"@type\":\"CommentAction\",\"name\":\"Comment\",\"target\":[\"https:\/\/narteks.net\/index.php\/2009\/12\/25\/deniz-2\/#respond\"]}]},{\"@type\":\"WebPage\",\"@id\":\"https:\/\/narteks.net\/index.php\/2009\/12\/25\/deniz-2\/\",\"url\":\"https:\/\/narteks.net\/index.php\/2009\/12\/25\/deniz-2\/\",\"name\":\"DEN\u0130Z - narteks.net\",\"isPartOf\":{\"@id\":\"https:\/\/narteks.net\/#website\"},\"datePublished\":\"2009-12-25T14:18:22+00:00\",\"breadcrumb\":{\"@id\":\"https:\/\/narteks.net\/index.php\/2009\/12\/25\/deniz-2\/#breadcrumb\"},\"inLanguage\":\"tr\",\"potentialAction\":[{\"@type\":\"ReadAction\",\"target\":[\"https:\/\/narteks.net\/index.php\/2009\/12\/25\/deniz-2\/\"]}]},{\"@type\":\"BreadcrumbList\",\"@id\":\"https:\/\/narteks.net\/index.php\/2009\/12\/25\/deniz-2\/#breadcrumb\",\"itemListElement\":[{\"@type\":\"ListItem\",\"position\":1,\"name\":\"Anasayfa\",\"item\":\"https:\/\/narteks.net\/\"},{\"@type\":\"ListItem\",\"position\":2,\"name\":\"DEN\u0130Z\"}]},{\"@type\":\"WebSite\",\"@id\":\"https:\/\/narteks.net\/#website\",\"url\":\"https:\/\/narteks.net\/\",\"name\":\"narteks.net\",\"description\":\"K\u00fclt\u00fcr Sanat Edebiyat Felsefe\",\"publisher\":{\"@id\":\"https:\/\/narteks.net\/#organization\"},\"alternateName\":\"K\u00fclt\u00fcr Sanat Edebiyat Felsefe\",\"potentialAction\":[{\"@type\":\"SearchAction\",\"target\":{\"@type\":\"EntryPoint\",\"urlTemplate\":\"https:\/\/narteks.net\/?s={search_term_string}\"},\"query-input\":{\"@type\":\"PropertyValueSpecification\",\"valueRequired\":true,\"valueName\":\"search_term_string\"}}],\"inLanguage\":\"tr\"},{\"@type\":\"Organization\",\"@id\":\"https:\/\/narteks.net\/#organization\",\"name\":\"narteks.net\",\"url\":\"https:\/\/narteks.net\/\",\"logo\":{\"@type\":\"ImageObject\",\"inLanguage\":\"tr\",\"@id\":\"https:\/\/narteks.net\/#\/schema\/logo\/image\/\",\"url\":\"https:\/\/narteks.net\/wp-content\/uploads\/narteks.png\",\"contentUrl\":\"https:\/\/narteks.net\/wp-content\/uploads\/narteks.png\",\"width\":300,\"height\":90,\"caption\":\"narteks.net\"},\"image\":{\"@id\":\"https:\/\/narteks.net\/#\/schema\/logo\/image\/\"},\"sameAs\":[\"https:\/\/x.com\/narteks\",\"https:\/\/instagram.com\/narteksnet\"]},{\"@type\":\"Person\",\"@id\":\"https:\/\/narteks.net\/#\/schema\/person\/61f37d9834294b72d31d274e7ed79bca\",\"name\":\"Tar\u0131k\",\"image\":{\"@type\":\"ImageObject\",\"inLanguage\":\"tr\",\"@id\":\"https:\/\/narteks.net\/#\/schema\/person\/image\/\",\"url\":\"https:\/\/secure.gravatar.com\/avatar\/50865afb55632c4ae467e0af0930f6510aa2297d8014be502a55b14f3b7550cf?s=96&d=mm&r=g\",\"contentUrl\":\"https:\/\/secure.gravatar.com\/avatar\/50865afb55632c4ae467e0af0930f6510aa2297d8014be502a55b14f3b7550cf?s=96&d=mm&r=g\",\"caption\":\"Tar\u0131k\"},\"sameAs\":[\"http:\/\/narteks.net\"],\"url\":\"https:\/\/narteks.net\/index.php\/author\/narbak\/\"}]}<\/script>\n<!-- \/ Yoast SEO Premium plugin. -->","yoast_head_json":{"title":"DEN\u0130Z - narteks.net","robots":{"index":"index","follow":"follow","max-snippet":"max-snippet:-1","max-image-preview":"max-image-preview:large","max-video-preview":"max-video-preview:-1"},"canonical":"https:\/\/narteks.net\/index.php\/2009\/12\/25\/deniz-2\/","og_locale":"tr_TR","og_type":"article","og_title":"DEN\u0130Z","og_description":"\u00a0 Bir g\u00fcn deniz \u00f6lg\u00fcnd\u00fc. Bir oltayla bal\u0131kta, Ku\u015flar gibi yaln\u0131z, yapayaln\u0131zd\u0131m a\u00e7\u0131kta. \u015eehrin eleminden bir uzak merhaledeydim, F\u00e2n\u00eeleri g\u00f6kten ay\u0131ran perdeye de\u011fdim. R\u00fczg\u00e2rlara benzer bir u\u011fultuyla sulardan, Sesler geliyor sand\u0131m il\u00e2h\u00ee ku\u011fulardan. Her an daha co\u015fkun, daha y\u00fcksek, daha gergin, Binlerce a\u011f\u0131zdan bir il\u00e2h\u00ee gibi engin Sesler denizin ufkunu u\u00e7tan uca sard\u0131, \u00a0 Benzim, [&hellip;]","og_url":"https:\/\/narteks.net\/index.php\/2009\/12\/25\/deniz-2\/","og_site_name":"narteks.net","article_published_time":"2009-12-25T14:18:22+00:00","og_image":[{"width":300,"height":90,"url":"https:\/\/narteks.net\/wp-content\/uploads\/narteks.png","type":"image\/png"}],"author":"Tar\u0131k","twitter_card":"summary_large_image","twitter_creator":"@narteks","twitter_site":"@narteks","twitter_misc":{"Yazan:":"Tar\u0131k","Tahmini okuma s\u00fcresi":"1 dakika"},"schema":{"@context":"https:\/\/schema.org","@graph":[{"@type":"Article","@id":"https:\/\/narteks.net\/index.php\/2009\/12\/25\/deniz-2\/#article","isPartOf":{"@id":"https:\/\/narteks.net\/index.php\/2009\/12\/25\/deniz-2\/"},"author":{"name":"Tar\u0131k","@id":"https:\/\/narteks.net\/#\/schema\/person\/61f37d9834294b72d31d274e7ed79bca"},"headline":"DEN\u0130Z","datePublished":"2009-12-25T14:18:22+00:00","mainEntityOfPage":{"@id":"https:\/\/narteks.net\/index.php\/2009\/12\/25\/deniz-2\/"},"wordCount":236,"commentCount":0,"publisher":{"@id":"https:\/\/narteks.net\/#organization"},"articleSection":["Yahya Kemal BEYATLI"],"inLanguage":"tr","potentialAction":[{"@type":"CommentAction","name":"Comment","target":["https:\/\/narteks.net\/index.php\/2009\/12\/25\/deniz-2\/#respond"]}]},{"@type":"WebPage","@id":"https:\/\/narteks.net\/index.php\/2009\/12\/25\/deniz-2\/","url":"https:\/\/narteks.net\/index.php\/2009\/12\/25\/deniz-2\/","name":"DEN\u0130Z - narteks.net","isPartOf":{"@id":"https:\/\/narteks.net\/#website"},"datePublished":"2009-12-25T14:18:22+00:00","breadcrumb":{"@id":"https:\/\/narteks.net\/index.php\/2009\/12\/25\/deniz-2\/#breadcrumb"},"inLanguage":"tr","potentialAction":[{"@type":"ReadAction","target":["https:\/\/narteks.net\/index.php\/2009\/12\/25\/deniz-2\/"]}]},{"@type":"BreadcrumbList","@id":"https:\/\/narteks.net\/index.php\/2009\/12\/25\/deniz-2\/#breadcrumb","itemListElement":[{"@type":"ListItem","position":1,"name":"Anasayfa","item":"https:\/\/narteks.net\/"},{"@type":"ListItem","position":2,"name":"DEN\u0130Z"}]},{"@type":"WebSite","@id":"https:\/\/narteks.net\/#website","url":"https:\/\/narteks.net\/","name":"narteks.net","description":"K\u00fclt\u00fcr Sanat Edebiyat Felsefe","publisher":{"@id":"https:\/\/narteks.net\/#organization"},"alternateName":"K\u00fclt\u00fcr Sanat Edebiyat Felsefe","potentialAction":[{"@type":"SearchAction","target":{"@type":"EntryPoint","urlTemplate":"https:\/\/narteks.net\/?s={search_term_string}"},"query-input":{"@type":"PropertyValueSpecification","valueRequired":true,"valueName":"search_term_string"}}],"inLanguage":"tr"},{"@type":"Organization","@id":"https:\/\/narteks.net\/#organization","name":"narteks.net","url":"https:\/\/narteks.net\/","logo":{"@type":"ImageObject","inLanguage":"tr","@id":"https:\/\/narteks.net\/#\/schema\/logo\/image\/","url":"https:\/\/narteks.net\/wp-content\/uploads\/narteks.png","contentUrl":"https:\/\/narteks.net\/wp-content\/uploads\/narteks.png","width":300,"height":90,"caption":"narteks.net"},"image":{"@id":"https:\/\/narteks.net\/#\/schema\/logo\/image\/"},"sameAs":["https:\/\/x.com\/narteks","https:\/\/instagram.com\/narteksnet"]},{"@type":"Person","@id":"https:\/\/narteks.net\/#\/schema\/person\/61f37d9834294b72d31d274e7ed79bca","name":"Tar\u0131k","image":{"@type":"ImageObject","inLanguage":"tr","@id":"https:\/\/narteks.net\/#\/schema\/person\/image\/","url":"https:\/\/secure.gravatar.com\/avatar\/50865afb55632c4ae467e0af0930f6510aa2297d8014be502a55b14f3b7550cf?s=96&d=mm&r=g","contentUrl":"https:\/\/secure.gravatar.com\/avatar\/50865afb55632c4ae467e0af0930f6510aa2297d8014be502a55b14f3b7550cf?s=96&d=mm&r=g","caption":"Tar\u0131k"},"sameAs":["http:\/\/narteks.net"],"url":"https:\/\/narteks.net\/index.php\/author\/narbak\/"}]}},"_links":{"self":[{"href":"https:\/\/narteks.net\/index.php\/wp-json\/wp\/v2\/posts\/3096","targetHints":{"allow":["GET"]}}],"collection":[{"href":"https:\/\/narteks.net\/index.php\/wp-json\/wp\/v2\/posts"}],"about":[{"href":"https:\/\/narteks.net\/index.php\/wp-json\/wp\/v2\/types\/post"}],"author":[{"embeddable":true,"href":"https:\/\/narteks.net\/index.php\/wp-json\/wp\/v2\/users\/1"}],"replies":[{"embeddable":true,"href":"https:\/\/narteks.net\/index.php\/wp-json\/wp\/v2\/comments?post=3096"}],"version-history":[{"count":0,"href":"https:\/\/narteks.net\/index.php\/wp-json\/wp\/v2\/posts\/3096\/revisions"}],"wp:attachment":[{"href":"https:\/\/narteks.net\/index.php\/wp-json\/wp\/v2\/media?parent=3096"}],"wp:term":[{"taxonomy":"category","embeddable":true,"href":"https:\/\/narteks.net\/index.php\/wp-json\/wp\/v2\/categories?post=3096"},{"taxonomy":"post_tag","embeddable":true,"href":"https:\/\/narteks.net\/index.php\/wp-json\/wp\/v2\/tags?post=3096"}],"curies":[{"name":"wp","href":"https:\/\/api.w.org\/{rel}","templated":true}]}}