{"id":3097,"date":"2009-12-25T17:18:56","date_gmt":"2009-12-25T14:18:56","guid":{"rendered":"http:\/\/localhost\/wordpress\/2009\/12\/25\/deniz-turkusu-2\/"},"modified":"2009-12-25T17:18:56","modified_gmt":"2009-12-25T14:18:56","slug":"deniz-turkusu-2","status":"publish","type":"post","link":"https:\/\/narteks.net\/index.php\/2009\/12\/25\/deniz-turkusu-2\/","title":{"rendered":"DEN\u0130Z T\u00dcRK\u00dcS\u00dc"},"content":{"rendered":"<p>\u00a0<\/p>\n<p style=\"margin-left: 25px; margin-top: 5px; margin-bottom: 5px;\">Dolu r\u00fczg\u00e2rla \u00e7\u0131k\u0131p ufka giden yelkenli!<\/p>\n<p style=\"margin-left: 25px; margin-top: 5px; margin-bottom: 5px;\">Gidi\u015fin se\u00e7ti\u011fin ak\u015fam saatinden belli.<\/p>\n<p style=\"margin-left: 25px; margin-top: 5px; margin-bottom: 5px;\">\u00d6mr\u00fcn\u00fcn ge\u00e7ti\u011fi s\u00e2hilden uzakla\u015ft\u0131k\u00e7a<\/p>\n<p style=\"margin-left: 25px; margin-top: 5px; margin-bottom: 5px;\">Ve hay\u00e2linde do\u011fan \u00e2leme yakla\u015ft\u0131k\u00e7a,<\/p>\n<p style=\"margin-left: 25px; margin-top: 5px; margin-bottom: 5px;\">Dalga k\u0131vr\u0131mlar\u0131 ard\u0131nda b\u00fcy\u00fcr tenh\u00e2l\u0131k<\/p>\n<p style=\"margin-left: 25px; margin-top: 5px; margin-bottom: 5px;\">Ba\u015fka bir \u00e7er\u00e7evedir, git gide, d\u00fcny\u00e2 art\u0131k.<\/p>\n<p style=\"margin-left: 25px; margin-top: 5px; margin-bottom: 5px;\">Dald\u0131\u011f\u0131n mihveri, gittik\u00e7e, sarar ba\u015fka ziy\u00e2;<\/p>\n<p style=\"margin-left: 25px; margin-top: 5px; margin-bottom: 5px;\">M\u00e2vidir her taraf, \u00fcst\u00fcn gece, alt\u0131n dery\u00e2&#8230;<\/p>\n<p style=\"margin-left: 25px; margin-top: 5px; margin-bottom: 5px;\">\u00a0<\/p>\n<p style=\"margin-left: 25px; margin-top: 5px; margin-bottom: 5px;\">Yol da benzer hem uzun, hem de g\u00fczel bir masala<\/p>\n<p style=\"margin-left: 25px; margin-top: 5px; margin-bottom: 5px;\">O saatler ki ge\u00e7er ba\u015fba\u015fa y\u0131ld\u0131zlarla.<\/p>\n<p style=\"margin-left: 25px; margin-top: 5px; margin-bottom: 5px;\">L\u00e2kin az sonra lez\u00eez uyku bir enc\u00e2ma var\u0131r;<\/p>\n<p style=\"margin-left: 25px; margin-top: 5px; margin-bottom: 5px;\">Hilkatin g\u00f6rd\u00fc\u011f\u00fc r\u00fc&#8217;y\u00e2 biter, etr\u00e2f a\u011far\u0131r.<\/p>\n<p style=\"margin-left: 25px; margin-top: 5px; margin-bottom: 5px;\">Som g\u00fcm\u00fc\u015ften sular \u00fcst\u00fcnde, giderken ileri,<\/p>\n<p style=\"margin-left: 25px; margin-top: 5px; margin-bottom: 5px;\">T\u00e2 uzaklarda \u015fafak bir bir a\u00e7ar perdeleri&#8230;<\/p>\n<p style=\"margin-left: 25px; margin-top: 5px; margin-bottom: 5px;\">M\u00fbs\u0131k\u00eesiyle bir \u00e2lem kesilir \u00e7alkant\u0131;<\/p>\n<p style=\"margin-left: 25px; margin-top: 5px; margin-bottom: 5px;\">Ve nih\u00e2yet g\u00f6r\u00fcn\u00fcr g\u00f6k ve deniz saltanat\u0131.<\/p>\n<p style=\"margin-left: 25px; margin-top: 5px; margin-bottom: 5px;\">\u00a0<\/p>\n<p style=\"margin-left: 25px; margin-top: 5px; margin-bottom: 5px;\">Girdi\u011fin aynada, ge\u00e7mi\u015f gibi d\u00ee\u011fer k\u00fcreye,<\/p>\n<p style=\"margin-left: 25px; margin-top: 5px; margin-bottom: 5px;\">Sorma bir s\u00e2niye, \u015f\u00fcpheyle, sak\u0131n: &#8220;Yol nereye?&#8221;<\/p>\n<p style=\"margin-left: 25px; margin-top: 5px; margin-bottom: 5px;\">Ay\u0131l\u0131p ne\u015f&#8217;eni y\u00fckseltici sarho\u015fluktan,<\/p>\n<p style=\"margin-left: 25px; margin-top: 5px; margin-bottom: 5px;\">Y\u0131lma korkun\u00e7 u\u00e7urum zannedilen bo\u015fluktan!<\/p>\n<p style=\"margin-left: 25px; margin-top: 5px; margin-bottom: 5px;\">Duy tab\u00eeatte biraz sen de il\u00e2h oldu\u011funu,<\/p>\n<p style=\"margin-left: 25px; margin-top: 5px; margin-bottom: 5px;\">R\u00fbh erer varl\u0131\u011f\u0131n\u0131n zevkine duymakla bunu.<\/p>\n<p style=\"margin-left: 25px; margin-top: 5px; margin-bottom: 5px;\">\u00a0<\/p>\n<p style=\"margin-left: 25px; margin-top: 5px; margin-bottom: 5px;\">\u00c7\u0131kt\u0131\u011f\u0131n yolda, bug\u00fcn, yelken a\u00e7\u0131k, yapyaln\u0131z,<\/p>\n<p style=\"margin-left: 25px; margin-top: 5px; margin-bottom: 5px;\">G\u00f6zlerin arkaya \u00e7evrilmeyerek, perv\u00e2s\u0131z,<\/p>\n<p style=\"margin-left: 25px; margin-top: 5px; margin-bottom: 5px;\">Y\u00fcr\u00fc! H\u00fcr m\u00e2vili\u011fin bitti\u011fi son hadde kadar!&#8230;<\/p>\n<p style=\"margin-left: 25px; margin-top: 5px; margin-bottom: 5px;\">\u00a0<\/p>\n<p style=\"margin-left: 25px; margin-top: 5px; margin-bottom: 5px;\">\u0130nsan, \u00e2lemde hay\u00e2l etti\u011fi m\u00fcddet\u00e7e ya\u015far.<\/p>\n","protected":false},"excerpt":{"rendered":"<p>\u00a0 Dolu r\u00fczg\u00e2rla \u00e7\u0131k\u0131p ufka giden yelkenli! Gidi\u015fin se\u00e7ti\u011fin ak\u015fam saatinden belli. \u00d6mr\u00fcn\u00fcn ge\u00e7ti\u011fi s\u00e2hilden uzakla\u015ft\u0131k\u00e7a Ve hay\u00e2linde do\u011fan \u00e2leme yakla\u015ft\u0131k\u00e7a, Dalga k\u0131vr\u0131mlar\u0131 ard\u0131nda b\u00fcy\u00fcr tenh\u00e2l\u0131k Ba\u015fka bir \u00e7er\u00e7evedir, git gide, d\u00fcny\u00e2 art\u0131k. Dald\u0131\u011f\u0131n mihveri, gittik\u00e7e, sarar ba\u015fka ziy\u00e2; M\u00e2vidir her taraf, \u00fcst\u00fcn gece, alt\u0131n dery\u00e2&#8230; \u00a0 Yol da benzer hem uzun, hem de g\u00fczel [&hellip;]<\/p>\n","protected":false},"author":1,"featured_media":0,"comment_status":"open","ping_status":"open","sticky":false,"template":"","format":"standard","meta":{"footnotes":""},"categories":[106],"tags":[],"class_list":{"0":"post-3097","1":"post","2":"type-post","3":"status-publish","4":"format-standard","6":"category-yahya-kemal-beyatli"},"yoast_head":"<!-- This site is optimized with the Yoast SEO Premium plugin v24.9 (Yoast SEO v24.9) - https:\/\/yoast.com\/wordpress\/plugins\/seo\/ -->\n<title>DEN\u0130Z T\u00dcRK\u00dcS\u00dc - narteks.net<\/title>\n<meta name=\"robots\" content=\"index, follow, max-snippet:-1, max-image-preview:large, max-video-preview:-1\" \/>\n<link rel=\"canonical\" href=\"https:\/\/narteks.net\/index.php\/2009\/12\/25\/deniz-turkusu-2\/\" \/>\n<meta property=\"og:locale\" content=\"tr_TR\" \/>\n<meta property=\"og:type\" content=\"article\" \/>\n<meta property=\"og:title\" content=\"DEN\u0130Z T\u00dcRK\u00dcS\u00dc\" \/>\n<meta property=\"og:description\" content=\"\u00a0 Dolu r\u00fczg\u00e2rla \u00e7\u0131k\u0131p ufka giden yelkenli! Gidi\u015fin se\u00e7ti\u011fin ak\u015fam saatinden belli. \u00d6mr\u00fcn\u00fcn ge\u00e7ti\u011fi s\u00e2hilden uzakla\u015ft\u0131k\u00e7a Ve hay\u00e2linde do\u011fan \u00e2leme yakla\u015ft\u0131k\u00e7a, Dalga k\u0131vr\u0131mlar\u0131 ard\u0131nda b\u00fcy\u00fcr tenh\u00e2l\u0131k Ba\u015fka bir \u00e7er\u00e7evedir, git gide, d\u00fcny\u00e2 art\u0131k. Dald\u0131\u011f\u0131n mihveri, gittik\u00e7e, sarar ba\u015fka ziy\u00e2; M\u00e2vidir her taraf, \u00fcst\u00fcn gece, alt\u0131n dery\u00e2&#8230; \u00a0 Yol da benzer hem uzun, hem de g\u00fczel [&hellip;]\" \/>\n<meta property=\"og:url\" content=\"https:\/\/narteks.net\/index.php\/2009\/12\/25\/deniz-turkusu-2\/\" \/>\n<meta property=\"og:site_name\" content=\"narteks.net\" \/>\n<meta property=\"article:published_time\" content=\"2009-12-25T14:18:56+00:00\" \/>\n<meta property=\"og:image\" content=\"https:\/\/narteks.net\/wp-content\/uploads\/narteks.png\" \/>\n\t<meta property=\"og:image:width\" content=\"300\" \/>\n\t<meta property=\"og:image:height\" content=\"90\" \/>\n\t<meta property=\"og:image:type\" content=\"image\/png\" \/>\n<meta name=\"author\" content=\"Tar\u0131k\" \/>\n<meta name=\"twitter:card\" content=\"summary_large_image\" \/>\n<meta name=\"twitter:creator\" content=\"@narteks\" \/>\n<meta name=\"twitter:site\" content=\"@narteks\" \/>\n<meta name=\"twitter:label1\" content=\"Yazan:\" \/>\n\t<meta name=\"twitter:data1\" content=\"Tar\u0131k\" \/>\n\t<meta name=\"twitter:label2\" content=\"Tahmini okuma s\u00fcresi\" \/>\n\t<meta name=\"twitter:data2\" content=\"1 dakika\" \/>\n<script type=\"application\/ld+json\" class=\"yoast-schema-graph\">{\"@context\":\"https:\/\/schema.org\",\"@graph\":[{\"@type\":\"Article\",\"@id\":\"https:\/\/narteks.net\/index.php\/2009\/12\/25\/deniz-turkusu-2\/#article\",\"isPartOf\":{\"@id\":\"https:\/\/narteks.net\/index.php\/2009\/12\/25\/deniz-turkusu-2\/\"},\"author\":{\"name\":\"Tar\u0131k\",\"@id\":\"https:\/\/narteks.net\/#\/schema\/person\/61f37d9834294b72d31d274e7ed79bca\"},\"headline\":\"DEN\u0130Z T\u00dcRK\u00dcS\u00dc\",\"datePublished\":\"2009-12-25T14:18:56+00:00\",\"mainEntityOfPage\":{\"@id\":\"https:\/\/narteks.net\/index.php\/2009\/12\/25\/deniz-turkusu-2\/\"},\"wordCount\":264,\"commentCount\":0,\"publisher\":{\"@id\":\"https:\/\/narteks.net\/#organization\"},\"articleSection\":[\"Yahya Kemal BEYATLI\"],\"inLanguage\":\"tr\",\"potentialAction\":[{\"@type\":\"CommentAction\",\"name\":\"Comment\",\"target\":[\"https:\/\/narteks.net\/index.php\/2009\/12\/25\/deniz-turkusu-2\/#respond\"]}]},{\"@type\":\"WebPage\",\"@id\":\"https:\/\/narteks.net\/index.php\/2009\/12\/25\/deniz-turkusu-2\/\",\"url\":\"https:\/\/narteks.net\/index.php\/2009\/12\/25\/deniz-turkusu-2\/\",\"name\":\"DEN\u0130Z T\u00dcRK\u00dcS\u00dc - narteks.net\",\"isPartOf\":{\"@id\":\"https:\/\/narteks.net\/#website\"},\"datePublished\":\"2009-12-25T14:18:56+00:00\",\"breadcrumb\":{\"@id\":\"https:\/\/narteks.net\/index.php\/2009\/12\/25\/deniz-turkusu-2\/#breadcrumb\"},\"inLanguage\":\"tr\",\"potentialAction\":[{\"@type\":\"ReadAction\",\"target\":[\"https:\/\/narteks.net\/index.php\/2009\/12\/25\/deniz-turkusu-2\/\"]}]},{\"@type\":\"BreadcrumbList\",\"@id\":\"https:\/\/narteks.net\/index.php\/2009\/12\/25\/deniz-turkusu-2\/#breadcrumb\",\"itemListElement\":[{\"@type\":\"ListItem\",\"position\":1,\"name\":\"Anasayfa\",\"item\":\"https:\/\/narteks.net\/\"},{\"@type\":\"ListItem\",\"position\":2,\"name\":\"DEN\u0130Z T\u00dcRK\u00dcS\u00dc\"}]},{\"@type\":\"WebSite\",\"@id\":\"https:\/\/narteks.net\/#website\",\"url\":\"https:\/\/narteks.net\/\",\"name\":\"narteks.net\",\"description\":\"K\u00fclt\u00fcr Sanat Edebiyat Felsefe\",\"publisher\":{\"@id\":\"https:\/\/narteks.net\/#organization\"},\"alternateName\":\"K\u00fclt\u00fcr Sanat Edebiyat Felsefe\",\"potentialAction\":[{\"@type\":\"SearchAction\",\"target\":{\"@type\":\"EntryPoint\",\"urlTemplate\":\"https:\/\/narteks.net\/?s={search_term_string}\"},\"query-input\":{\"@type\":\"PropertyValueSpecification\",\"valueRequired\":true,\"valueName\":\"search_term_string\"}}],\"inLanguage\":\"tr\"},{\"@type\":\"Organization\",\"@id\":\"https:\/\/narteks.net\/#organization\",\"name\":\"narteks.net\",\"url\":\"https:\/\/narteks.net\/\",\"logo\":{\"@type\":\"ImageObject\",\"inLanguage\":\"tr\",\"@id\":\"https:\/\/narteks.net\/#\/schema\/logo\/image\/\",\"url\":\"https:\/\/narteks.net\/wp-content\/uploads\/narteks.png\",\"contentUrl\":\"https:\/\/narteks.net\/wp-content\/uploads\/narteks.png\",\"width\":300,\"height\":90,\"caption\":\"narteks.net\"},\"image\":{\"@id\":\"https:\/\/narteks.net\/#\/schema\/logo\/image\/\"},\"sameAs\":[\"https:\/\/x.com\/narteks\",\"https:\/\/instagram.com\/narteksnet\"]},{\"@type\":\"Person\",\"@id\":\"https:\/\/narteks.net\/#\/schema\/person\/61f37d9834294b72d31d274e7ed79bca\",\"name\":\"Tar\u0131k\",\"image\":{\"@type\":\"ImageObject\",\"inLanguage\":\"tr\",\"@id\":\"https:\/\/narteks.net\/#\/schema\/person\/image\/\",\"url\":\"https:\/\/secure.gravatar.com\/avatar\/50865afb55632c4ae467e0af0930f6510aa2297d8014be502a55b14f3b7550cf?s=96&d=mm&r=g\",\"contentUrl\":\"https:\/\/secure.gravatar.com\/avatar\/50865afb55632c4ae467e0af0930f6510aa2297d8014be502a55b14f3b7550cf?s=96&d=mm&r=g\",\"caption\":\"Tar\u0131k\"},\"sameAs\":[\"http:\/\/narteks.net\"],\"url\":\"https:\/\/narteks.net\/index.php\/author\/narbak\/\"}]}<\/script>\n<!-- \/ Yoast SEO Premium plugin. -->","yoast_head_json":{"title":"DEN\u0130Z T\u00dcRK\u00dcS\u00dc - narteks.net","robots":{"index":"index","follow":"follow","max-snippet":"max-snippet:-1","max-image-preview":"max-image-preview:large","max-video-preview":"max-video-preview:-1"},"canonical":"https:\/\/narteks.net\/index.php\/2009\/12\/25\/deniz-turkusu-2\/","og_locale":"tr_TR","og_type":"article","og_title":"DEN\u0130Z T\u00dcRK\u00dcS\u00dc","og_description":"\u00a0 Dolu r\u00fczg\u00e2rla \u00e7\u0131k\u0131p ufka giden yelkenli! Gidi\u015fin se\u00e7ti\u011fin ak\u015fam saatinden belli. \u00d6mr\u00fcn\u00fcn ge\u00e7ti\u011fi s\u00e2hilden uzakla\u015ft\u0131k\u00e7a Ve hay\u00e2linde do\u011fan \u00e2leme yakla\u015ft\u0131k\u00e7a, Dalga k\u0131vr\u0131mlar\u0131 ard\u0131nda b\u00fcy\u00fcr tenh\u00e2l\u0131k Ba\u015fka bir \u00e7er\u00e7evedir, git gide, d\u00fcny\u00e2 art\u0131k. Dald\u0131\u011f\u0131n mihveri, gittik\u00e7e, sarar ba\u015fka ziy\u00e2; M\u00e2vidir her taraf, \u00fcst\u00fcn gece, alt\u0131n dery\u00e2&#8230; \u00a0 Yol da benzer hem uzun, hem de g\u00fczel [&hellip;]","og_url":"https:\/\/narteks.net\/index.php\/2009\/12\/25\/deniz-turkusu-2\/","og_site_name":"narteks.net","article_published_time":"2009-12-25T14:18:56+00:00","og_image":[{"width":300,"height":90,"url":"https:\/\/narteks.net\/wp-content\/uploads\/narteks.png","type":"image\/png"}],"author":"Tar\u0131k","twitter_card":"summary_large_image","twitter_creator":"@narteks","twitter_site":"@narteks","twitter_misc":{"Yazan:":"Tar\u0131k","Tahmini okuma s\u00fcresi":"1 dakika"},"schema":{"@context":"https:\/\/schema.org","@graph":[{"@type":"Article","@id":"https:\/\/narteks.net\/index.php\/2009\/12\/25\/deniz-turkusu-2\/#article","isPartOf":{"@id":"https:\/\/narteks.net\/index.php\/2009\/12\/25\/deniz-turkusu-2\/"},"author":{"name":"Tar\u0131k","@id":"https:\/\/narteks.net\/#\/schema\/person\/61f37d9834294b72d31d274e7ed79bca"},"headline":"DEN\u0130Z T\u00dcRK\u00dcS\u00dc","datePublished":"2009-12-25T14:18:56+00:00","mainEntityOfPage":{"@id":"https:\/\/narteks.net\/index.php\/2009\/12\/25\/deniz-turkusu-2\/"},"wordCount":264,"commentCount":0,"publisher":{"@id":"https:\/\/narteks.net\/#organization"},"articleSection":["Yahya Kemal BEYATLI"],"inLanguage":"tr","potentialAction":[{"@type":"CommentAction","name":"Comment","target":["https:\/\/narteks.net\/index.php\/2009\/12\/25\/deniz-turkusu-2\/#respond"]}]},{"@type":"WebPage","@id":"https:\/\/narteks.net\/index.php\/2009\/12\/25\/deniz-turkusu-2\/","url":"https:\/\/narteks.net\/index.php\/2009\/12\/25\/deniz-turkusu-2\/","name":"DEN\u0130Z T\u00dcRK\u00dcS\u00dc - narteks.net","isPartOf":{"@id":"https:\/\/narteks.net\/#website"},"datePublished":"2009-12-25T14:18:56+00:00","breadcrumb":{"@id":"https:\/\/narteks.net\/index.php\/2009\/12\/25\/deniz-turkusu-2\/#breadcrumb"},"inLanguage":"tr","potentialAction":[{"@type":"ReadAction","target":["https:\/\/narteks.net\/index.php\/2009\/12\/25\/deniz-turkusu-2\/"]}]},{"@type":"BreadcrumbList","@id":"https:\/\/narteks.net\/index.php\/2009\/12\/25\/deniz-turkusu-2\/#breadcrumb","itemListElement":[{"@type":"ListItem","position":1,"name":"Anasayfa","item":"https:\/\/narteks.net\/"},{"@type":"ListItem","position":2,"name":"DEN\u0130Z T\u00dcRK\u00dcS\u00dc"}]},{"@type":"WebSite","@id":"https:\/\/narteks.net\/#website","url":"https:\/\/narteks.net\/","name":"narteks.net","description":"K\u00fclt\u00fcr Sanat Edebiyat Felsefe","publisher":{"@id":"https:\/\/narteks.net\/#organization"},"alternateName":"K\u00fclt\u00fcr Sanat Edebiyat Felsefe","potentialAction":[{"@type":"SearchAction","target":{"@type":"EntryPoint","urlTemplate":"https:\/\/narteks.net\/?s={search_term_string}"},"query-input":{"@type":"PropertyValueSpecification","valueRequired":true,"valueName":"search_term_string"}}],"inLanguage":"tr"},{"@type":"Organization","@id":"https:\/\/narteks.net\/#organization","name":"narteks.net","url":"https:\/\/narteks.net\/","logo":{"@type":"ImageObject","inLanguage":"tr","@id":"https:\/\/narteks.net\/#\/schema\/logo\/image\/","url":"https:\/\/narteks.net\/wp-content\/uploads\/narteks.png","contentUrl":"https:\/\/narteks.net\/wp-content\/uploads\/narteks.png","width":300,"height":90,"caption":"narteks.net"},"image":{"@id":"https:\/\/narteks.net\/#\/schema\/logo\/image\/"},"sameAs":["https:\/\/x.com\/narteks","https:\/\/instagram.com\/narteksnet"]},{"@type":"Person","@id":"https:\/\/narteks.net\/#\/schema\/person\/61f37d9834294b72d31d274e7ed79bca","name":"Tar\u0131k","image":{"@type":"ImageObject","inLanguage":"tr","@id":"https:\/\/narteks.net\/#\/schema\/person\/image\/","url":"https:\/\/secure.gravatar.com\/avatar\/50865afb55632c4ae467e0af0930f6510aa2297d8014be502a55b14f3b7550cf?s=96&d=mm&r=g","contentUrl":"https:\/\/secure.gravatar.com\/avatar\/50865afb55632c4ae467e0af0930f6510aa2297d8014be502a55b14f3b7550cf?s=96&d=mm&r=g","caption":"Tar\u0131k"},"sameAs":["http:\/\/narteks.net"],"url":"https:\/\/narteks.net\/index.php\/author\/narbak\/"}]}},"_links":{"self":[{"href":"https:\/\/narteks.net\/index.php\/wp-json\/wp\/v2\/posts\/3097","targetHints":{"allow":["GET"]}}],"collection":[{"href":"https:\/\/narteks.net\/index.php\/wp-json\/wp\/v2\/posts"}],"about":[{"href":"https:\/\/narteks.net\/index.php\/wp-json\/wp\/v2\/types\/post"}],"author":[{"embeddable":true,"href":"https:\/\/narteks.net\/index.php\/wp-json\/wp\/v2\/users\/1"}],"replies":[{"embeddable":true,"href":"https:\/\/narteks.net\/index.php\/wp-json\/wp\/v2\/comments?post=3097"}],"version-history":[{"count":0,"href":"https:\/\/narteks.net\/index.php\/wp-json\/wp\/v2\/posts\/3097\/revisions"}],"wp:attachment":[{"href":"https:\/\/narteks.net\/index.php\/wp-json\/wp\/v2\/media?parent=3097"}],"wp:term":[{"taxonomy":"category","embeddable":true,"href":"https:\/\/narteks.net\/index.php\/wp-json\/wp\/v2\/categories?post=3097"},{"taxonomy":"post_tag","embeddable":true,"href":"https:\/\/narteks.net\/index.php\/wp-json\/wp\/v2\/tags?post=3097"}],"curies":[{"name":"wp","href":"https:\/\/api.w.org\/{rel}","templated":true}]}}