{"id":31,"date":"2009-02-27T13:28:00","date_gmt":"2009-02-27T10:28:00","guid":{"rendered":"http:\/\/localhost\/wordpress\/2009\/02\/27\/tel-orgulere-takilmadan\/"},"modified":"2009-02-27T13:28:00","modified_gmt":"2009-02-27T10:28:00","slug":"tel-orgulere-takilmadan","status":"publish","type":"post","link":"https:\/\/narteks.net\/index.php\/2009\/02\/27\/tel-orgulere-takilmadan\/","title":{"rendered":"TEL \u00d6RG\u00dcLERE TAKILMADAN"},"content":{"rendered":"<p>\u00a0<\/p>\n<p>Daha tak\u0131lmadan bu tel\u00f6rg\u00fclere <br \/> Biz ki <br \/> \u00c7ocu\u011fumuz dedik al\u0131nterine <br \/> Ok\u015fad\u0131k al\u0131nterinin yanaklar\u0131n\u0131 <\/p>\n<p> Nas\u0131l sevdik karay\u0131 bembeyaz <br \/> Sar\u0131y\u0131 k\u0131pk\u0131z\u0131l <br \/> Pembe-beyaz dallarcas\u0131na <br \/> Tohum tohum patlarcas\u0131na <br \/> \u00dcst\u00fcne \u00fcst\u00fcne y\u00fcr\u00fcd\u00fck \u00f6l\u00fcmlerin <br \/> A\u015fk\u0131n sular\u0131na girercesine <br \/> Ve tarihin en g\u00fczel yapra\u011f\u0131n\u0131 <br \/> G\u00fcne\u015fin parma\u011f\u0131yla \u00e7evirircesine <\/p>\n<p> Bir \u015fark\u0131yla geldik bug\u00fcnlere <br \/> Sevdik\u00e7e s\u00f6yledik <br \/> \u00d6zledik\u00e7e yeniden besteledik <br \/> Kelep\u00e7eler \u00e7\u00fcr\u00fcd\u00fc sesimizde <br \/> Velhas\u0131l <br \/> Daha \u00e7ocukken t\u00fcrk\u00fcledik <\/p>\n<p> Bu tel\u00f6rg\u00fclere tak\u0131lmadan \u00f6nce <br \/> Biz ki vatan\u0131m\u0131z dedik al\u0131nterine <br \/> \u00d6pt\u00fck al\u0131nterinin topraklar\u0131n\u0131 <br \/> Ba\u015flar koyduk u\u011fruna <br \/> Her damlas\u0131na can verdik <br \/> Kurtulu\u015fumuz dedik al\u0131nterine <br \/> A\u00e7t\u0131k al\u0131nterinin bayraklar\u0131n\u0131<\/p>\n<p>ADNAN Y\u00dcCEL<\/p>\n","protected":false},"excerpt":{"rendered":"<p>\u00a0 Daha tak\u0131lmadan bu tel\u00f6rg\u00fclere Biz ki \u00c7ocu\u011fumuz dedik al\u0131nterine Ok\u015fad\u0131k al\u0131nterinin yanaklar\u0131n\u0131 Nas\u0131l sevdik karay\u0131 bembeyaz Sar\u0131y\u0131 k\u0131pk\u0131z\u0131l Pembe-beyaz dallarcas\u0131na Tohum tohum patlarcas\u0131na \u00dcst\u00fcne \u00fcst\u00fcne y\u00fcr\u00fcd\u00fck \u00f6l\u00fcmlerin A\u015fk\u0131n sular\u0131na girercesine Ve tarihin en g\u00fczel yapra\u011f\u0131n\u0131 G\u00fcne\u015fin parma\u011f\u0131yla \u00e7evirircesine Bir \u015fark\u0131yla geldik bug\u00fcnlere Sevdik\u00e7e s\u00f6yledik \u00d6zledik\u00e7e yeniden besteledik Kelep\u00e7eler \u00e7\u00fcr\u00fcd\u00fc sesimizde Velhas\u0131l Daha \u00e7ocukken t\u00fcrk\u00fcledik [&hellip;]<\/p>\n","protected":false},"author":1,"featured_media":0,"comment_status":"open","ping_status":"open","sticky":false,"template":"","format":"standard","meta":{"footnotes":""},"categories":[3],"tags":[],"class_list":{"0":"post-31","1":"post","2":"type-post","3":"status-publish","4":"format-standard","6":"category-adnan-yucel"},"yoast_head":"<!-- This site is optimized with the Yoast SEO Premium plugin v24.9 (Yoast SEO v24.9) - https:\/\/yoast.com\/wordpress\/plugins\/seo\/ -->\n<title>TEL \u00d6RG\u00dcLERE TAKILMADAN - narteks.net<\/title>\n<meta name=\"robots\" content=\"index, follow, max-snippet:-1, max-image-preview:large, max-video-preview:-1\" \/>\n<link rel=\"canonical\" href=\"https:\/\/narteks.net\/index.php\/2009\/02\/27\/tel-orgulere-takilmadan\/\" \/>\n<meta property=\"og:locale\" content=\"tr_TR\" \/>\n<meta property=\"og:type\" content=\"article\" \/>\n<meta property=\"og:title\" content=\"TEL \u00d6RG\u00dcLERE TAKILMADAN\" \/>\n<meta property=\"og:description\" content=\"\u00a0 Daha tak\u0131lmadan bu tel\u00f6rg\u00fclere Biz ki \u00c7ocu\u011fumuz dedik al\u0131nterine Ok\u015fad\u0131k al\u0131nterinin yanaklar\u0131n\u0131 Nas\u0131l sevdik karay\u0131 bembeyaz Sar\u0131y\u0131 k\u0131pk\u0131z\u0131l Pembe-beyaz dallarcas\u0131na Tohum tohum patlarcas\u0131na \u00dcst\u00fcne \u00fcst\u00fcne y\u00fcr\u00fcd\u00fck \u00f6l\u00fcmlerin A\u015fk\u0131n sular\u0131na girercesine Ve tarihin en g\u00fczel yapra\u011f\u0131n\u0131 G\u00fcne\u015fin parma\u011f\u0131yla \u00e7evirircesine Bir \u015fark\u0131yla geldik bug\u00fcnlere Sevdik\u00e7e s\u00f6yledik \u00d6zledik\u00e7e yeniden besteledik Kelep\u00e7eler \u00e7\u00fcr\u00fcd\u00fc sesimizde Velhas\u0131l Daha \u00e7ocukken t\u00fcrk\u00fcledik [&hellip;]\" \/>\n<meta property=\"og:url\" content=\"https:\/\/narteks.net\/index.php\/2009\/02\/27\/tel-orgulere-takilmadan\/\" \/>\n<meta property=\"og:site_name\" content=\"narteks.net\" \/>\n<meta property=\"article:published_time\" content=\"2009-02-27T10:28:00+00:00\" \/>\n<meta property=\"og:image\" content=\"https:\/\/narteks.net\/wp-content\/uploads\/narteks.png\" \/>\n\t<meta property=\"og:image:width\" content=\"300\" \/>\n\t<meta property=\"og:image:height\" content=\"90\" \/>\n\t<meta property=\"og:image:type\" content=\"image\/png\" \/>\n<meta name=\"author\" content=\"Tar\u0131k\" \/>\n<meta name=\"twitter:card\" content=\"summary_large_image\" \/>\n<meta name=\"twitter:creator\" content=\"@narteks\" \/>\n<meta name=\"twitter:site\" content=\"@narteks\" \/>\n<meta name=\"twitter:label1\" content=\"Yazan:\" \/>\n\t<meta name=\"twitter:data1\" content=\"Tar\u0131k\" \/>\n\t<meta name=\"twitter:label2\" content=\"Tahmini okuma s\u00fcresi\" \/>\n\t<meta name=\"twitter:data2\" content=\"1 dakika\" \/>\n<script type=\"application\/ld+json\" class=\"yoast-schema-graph\">{\"@context\":\"https:\/\/schema.org\",\"@graph\":[{\"@type\":\"Article\",\"@id\":\"https:\/\/narteks.net\/index.php\/2009\/02\/27\/tel-orgulere-takilmadan\/#article\",\"isPartOf\":{\"@id\":\"https:\/\/narteks.net\/index.php\/2009\/02\/27\/tel-orgulere-takilmadan\/\"},\"author\":{\"name\":\"Tar\u0131k\",\"@id\":\"https:\/\/narteks.net\/#\/schema\/person\/61f37d9834294b72d31d274e7ed79bca\"},\"headline\":\"TEL \u00d6RG\u00dcLERE TAKILMADAN\",\"datePublished\":\"2009-02-27T10:28:00+00:00\",\"mainEntityOfPage\":{\"@id\":\"https:\/\/narteks.net\/index.php\/2009\/02\/27\/tel-orgulere-takilmadan\/\"},\"wordCount\":144,\"commentCount\":0,\"publisher\":{\"@id\":\"https:\/\/narteks.net\/#organization\"},\"articleSection\":[\"Adnan Y\u00dcCEL\"],\"inLanguage\":\"tr\",\"potentialAction\":[{\"@type\":\"CommentAction\",\"name\":\"Comment\",\"target\":[\"https:\/\/narteks.net\/index.php\/2009\/02\/27\/tel-orgulere-takilmadan\/#respond\"]}]},{\"@type\":\"WebPage\",\"@id\":\"https:\/\/narteks.net\/index.php\/2009\/02\/27\/tel-orgulere-takilmadan\/\",\"url\":\"https:\/\/narteks.net\/index.php\/2009\/02\/27\/tel-orgulere-takilmadan\/\",\"name\":\"TEL \u00d6RG\u00dcLERE TAKILMADAN - narteks.net\",\"isPartOf\":{\"@id\":\"https:\/\/narteks.net\/#website\"},\"datePublished\":\"2009-02-27T10:28:00+00:00\",\"breadcrumb\":{\"@id\":\"https:\/\/narteks.net\/index.php\/2009\/02\/27\/tel-orgulere-takilmadan\/#breadcrumb\"},\"inLanguage\":\"tr\",\"potentialAction\":[{\"@type\":\"ReadAction\",\"target\":[\"https:\/\/narteks.net\/index.php\/2009\/02\/27\/tel-orgulere-takilmadan\/\"]}]},{\"@type\":\"BreadcrumbList\",\"@id\":\"https:\/\/narteks.net\/index.php\/2009\/02\/27\/tel-orgulere-takilmadan\/#breadcrumb\",\"itemListElement\":[{\"@type\":\"ListItem\",\"position\":1,\"name\":\"Anasayfa\",\"item\":\"https:\/\/narteks.net\/\"},{\"@type\":\"ListItem\",\"position\":2,\"name\":\"TEL \u00d6RG\u00dcLERE TAKILMADAN\"}]},{\"@type\":\"WebSite\",\"@id\":\"https:\/\/narteks.net\/#website\",\"url\":\"https:\/\/narteks.net\/\",\"name\":\"narteks.net\",\"description\":\"K\u00fclt\u00fcr Sanat Edebiyat Felsefe\",\"publisher\":{\"@id\":\"https:\/\/narteks.net\/#organization\"},\"alternateName\":\"K\u00fclt\u00fcr Sanat Edebiyat Felsefe\",\"potentialAction\":[{\"@type\":\"SearchAction\",\"target\":{\"@type\":\"EntryPoint\",\"urlTemplate\":\"https:\/\/narteks.net\/?s={search_term_string}\"},\"query-input\":{\"@type\":\"PropertyValueSpecification\",\"valueRequired\":true,\"valueName\":\"search_term_string\"}}],\"inLanguage\":\"tr\"},{\"@type\":\"Organization\",\"@id\":\"https:\/\/narteks.net\/#organization\",\"name\":\"narteks.net\",\"url\":\"https:\/\/narteks.net\/\",\"logo\":{\"@type\":\"ImageObject\",\"inLanguage\":\"tr\",\"@id\":\"https:\/\/narteks.net\/#\/schema\/logo\/image\/\",\"url\":\"https:\/\/narteks.net\/wp-content\/uploads\/narteks.png\",\"contentUrl\":\"https:\/\/narteks.net\/wp-content\/uploads\/narteks.png\",\"width\":300,\"height\":90,\"caption\":\"narteks.net\"},\"image\":{\"@id\":\"https:\/\/narteks.net\/#\/schema\/logo\/image\/\"},\"sameAs\":[\"https:\/\/x.com\/narteks\",\"https:\/\/instagram.com\/narteksnet\"]},{\"@type\":\"Person\",\"@id\":\"https:\/\/narteks.net\/#\/schema\/person\/61f37d9834294b72d31d274e7ed79bca\",\"name\":\"Tar\u0131k\",\"image\":{\"@type\":\"ImageObject\",\"inLanguage\":\"tr\",\"@id\":\"https:\/\/narteks.net\/#\/schema\/person\/image\/\",\"url\":\"https:\/\/secure.gravatar.com\/avatar\/50865afb55632c4ae467e0af0930f6510aa2297d8014be502a55b14f3b7550cf?s=96&d=mm&r=g\",\"contentUrl\":\"https:\/\/secure.gravatar.com\/avatar\/50865afb55632c4ae467e0af0930f6510aa2297d8014be502a55b14f3b7550cf?s=96&d=mm&r=g\",\"caption\":\"Tar\u0131k\"},\"sameAs\":[\"http:\/\/narteks.net\"],\"url\":\"https:\/\/narteks.net\/index.php\/author\/narbak\/\"}]}<\/script>\n<!-- \/ Yoast SEO Premium plugin. -->","yoast_head_json":{"title":"TEL \u00d6RG\u00dcLERE TAKILMADAN - narteks.net","robots":{"index":"index","follow":"follow","max-snippet":"max-snippet:-1","max-image-preview":"max-image-preview:large","max-video-preview":"max-video-preview:-1"},"canonical":"https:\/\/narteks.net\/index.php\/2009\/02\/27\/tel-orgulere-takilmadan\/","og_locale":"tr_TR","og_type":"article","og_title":"TEL \u00d6RG\u00dcLERE TAKILMADAN","og_description":"\u00a0 Daha tak\u0131lmadan bu tel\u00f6rg\u00fclere Biz ki \u00c7ocu\u011fumuz dedik al\u0131nterine Ok\u015fad\u0131k al\u0131nterinin yanaklar\u0131n\u0131 Nas\u0131l sevdik karay\u0131 bembeyaz Sar\u0131y\u0131 k\u0131pk\u0131z\u0131l Pembe-beyaz dallarcas\u0131na Tohum tohum patlarcas\u0131na \u00dcst\u00fcne \u00fcst\u00fcne y\u00fcr\u00fcd\u00fck \u00f6l\u00fcmlerin A\u015fk\u0131n sular\u0131na girercesine Ve tarihin en g\u00fczel yapra\u011f\u0131n\u0131 G\u00fcne\u015fin parma\u011f\u0131yla \u00e7evirircesine Bir \u015fark\u0131yla geldik bug\u00fcnlere Sevdik\u00e7e s\u00f6yledik \u00d6zledik\u00e7e yeniden besteledik Kelep\u00e7eler \u00e7\u00fcr\u00fcd\u00fc sesimizde Velhas\u0131l Daha \u00e7ocukken t\u00fcrk\u00fcledik [&hellip;]","og_url":"https:\/\/narteks.net\/index.php\/2009\/02\/27\/tel-orgulere-takilmadan\/","og_site_name":"narteks.net","article_published_time":"2009-02-27T10:28:00+00:00","og_image":[{"width":300,"height":90,"url":"https:\/\/narteks.net\/wp-content\/uploads\/narteks.png","type":"image\/png"}],"author":"Tar\u0131k","twitter_card":"summary_large_image","twitter_creator":"@narteks","twitter_site":"@narteks","twitter_misc":{"Yazan:":"Tar\u0131k","Tahmini okuma s\u00fcresi":"1 dakika"},"schema":{"@context":"https:\/\/schema.org","@graph":[{"@type":"Article","@id":"https:\/\/narteks.net\/index.php\/2009\/02\/27\/tel-orgulere-takilmadan\/#article","isPartOf":{"@id":"https:\/\/narteks.net\/index.php\/2009\/02\/27\/tel-orgulere-takilmadan\/"},"author":{"name":"Tar\u0131k","@id":"https:\/\/narteks.net\/#\/schema\/person\/61f37d9834294b72d31d274e7ed79bca"},"headline":"TEL \u00d6RG\u00dcLERE TAKILMADAN","datePublished":"2009-02-27T10:28:00+00:00","mainEntityOfPage":{"@id":"https:\/\/narteks.net\/index.php\/2009\/02\/27\/tel-orgulere-takilmadan\/"},"wordCount":144,"commentCount":0,"publisher":{"@id":"https:\/\/narteks.net\/#organization"},"articleSection":["Adnan Y\u00dcCEL"],"inLanguage":"tr","potentialAction":[{"@type":"CommentAction","name":"Comment","target":["https:\/\/narteks.net\/index.php\/2009\/02\/27\/tel-orgulere-takilmadan\/#respond"]}]},{"@type":"WebPage","@id":"https:\/\/narteks.net\/index.php\/2009\/02\/27\/tel-orgulere-takilmadan\/","url":"https:\/\/narteks.net\/index.php\/2009\/02\/27\/tel-orgulere-takilmadan\/","name":"TEL \u00d6RG\u00dcLERE TAKILMADAN - narteks.net","isPartOf":{"@id":"https:\/\/narteks.net\/#website"},"datePublished":"2009-02-27T10:28:00+00:00","breadcrumb":{"@id":"https:\/\/narteks.net\/index.php\/2009\/02\/27\/tel-orgulere-takilmadan\/#breadcrumb"},"inLanguage":"tr","potentialAction":[{"@type":"ReadAction","target":["https:\/\/narteks.net\/index.php\/2009\/02\/27\/tel-orgulere-takilmadan\/"]}]},{"@type":"BreadcrumbList","@id":"https:\/\/narteks.net\/index.php\/2009\/02\/27\/tel-orgulere-takilmadan\/#breadcrumb","itemListElement":[{"@type":"ListItem","position":1,"name":"Anasayfa","item":"https:\/\/narteks.net\/"},{"@type":"ListItem","position":2,"name":"TEL \u00d6RG\u00dcLERE TAKILMADAN"}]},{"@type":"WebSite","@id":"https:\/\/narteks.net\/#website","url":"https:\/\/narteks.net\/","name":"narteks.net","description":"K\u00fclt\u00fcr Sanat Edebiyat Felsefe","publisher":{"@id":"https:\/\/narteks.net\/#organization"},"alternateName":"K\u00fclt\u00fcr Sanat Edebiyat Felsefe","potentialAction":[{"@type":"SearchAction","target":{"@type":"EntryPoint","urlTemplate":"https:\/\/narteks.net\/?s={search_term_string}"},"query-input":{"@type":"PropertyValueSpecification","valueRequired":true,"valueName":"search_term_string"}}],"inLanguage":"tr"},{"@type":"Organization","@id":"https:\/\/narteks.net\/#organization","name":"narteks.net","url":"https:\/\/narteks.net\/","logo":{"@type":"ImageObject","inLanguage":"tr","@id":"https:\/\/narteks.net\/#\/schema\/logo\/image\/","url":"https:\/\/narteks.net\/wp-content\/uploads\/narteks.png","contentUrl":"https:\/\/narteks.net\/wp-content\/uploads\/narteks.png","width":300,"height":90,"caption":"narteks.net"},"image":{"@id":"https:\/\/narteks.net\/#\/schema\/logo\/image\/"},"sameAs":["https:\/\/x.com\/narteks","https:\/\/instagram.com\/narteksnet"]},{"@type":"Person","@id":"https:\/\/narteks.net\/#\/schema\/person\/61f37d9834294b72d31d274e7ed79bca","name":"Tar\u0131k","image":{"@type":"ImageObject","inLanguage":"tr","@id":"https:\/\/narteks.net\/#\/schema\/person\/image\/","url":"https:\/\/secure.gravatar.com\/avatar\/50865afb55632c4ae467e0af0930f6510aa2297d8014be502a55b14f3b7550cf?s=96&d=mm&r=g","contentUrl":"https:\/\/secure.gravatar.com\/avatar\/50865afb55632c4ae467e0af0930f6510aa2297d8014be502a55b14f3b7550cf?s=96&d=mm&r=g","caption":"Tar\u0131k"},"sameAs":["http:\/\/narteks.net"],"url":"https:\/\/narteks.net\/index.php\/author\/narbak\/"}]}},"_links":{"self":[{"href":"https:\/\/narteks.net\/index.php\/wp-json\/wp\/v2\/posts\/31","targetHints":{"allow":["GET"]}}],"collection":[{"href":"https:\/\/narteks.net\/index.php\/wp-json\/wp\/v2\/posts"}],"about":[{"href":"https:\/\/narteks.net\/index.php\/wp-json\/wp\/v2\/types\/post"}],"author":[{"embeddable":true,"href":"https:\/\/narteks.net\/index.php\/wp-json\/wp\/v2\/users\/1"}],"replies":[{"embeddable":true,"href":"https:\/\/narteks.net\/index.php\/wp-json\/wp\/v2\/comments?post=31"}],"version-history":[{"count":0,"href":"https:\/\/narteks.net\/index.php\/wp-json\/wp\/v2\/posts\/31\/revisions"}],"wp:attachment":[{"href":"https:\/\/narteks.net\/index.php\/wp-json\/wp\/v2\/media?parent=31"}],"wp:term":[{"taxonomy":"category","embeddable":true,"href":"https:\/\/narteks.net\/index.php\/wp-json\/wp\/v2\/categories?post=31"},{"taxonomy":"post_tag","embeddable":true,"href":"https:\/\/narteks.net\/index.php\/wp-json\/wp\/v2\/tags?post=31"}],"curies":[{"name":"wp","href":"https:\/\/api.w.org\/{rel}","templated":true}]}}